{"id":212751,"date":"2025-02-22T17:52:47","date_gmt":"2025-02-22T20:52:47","guid":{"rendered":"https:\/\/informelitoral.com.ar\/?p=212751"},"modified":"2025-02-22T17:52:47","modified_gmt":"2025-02-22T20:52:47","slug":"frigerio-recibio-a-la-intendenta-y-el-vice-de-general-ramirez","status":"publish","type":"post","link":"https:\/\/informelitoral.com.ar\/frigerio-recibio-a-la-intendenta-y-el-vice-de-general-ramirez\/","title":{"rendered":"Frigerio recibi\u00f3 a la intendenta y el vice de General Ram\u00edrez"},"content":{"rendered":"<p>La reuni\u00f3n fue este viernes en Casa de Gobierno, y al finalizar Pamberger dijo que trabajaron sobre \u00abalgunas prioridades\u00bb que tiene Ram\u00edrez. Mencion\u00f3 los accesos a la ciudad, la dotaci\u00f3n de energ\u00eda el\u00e9ctrica para una ampliaci\u00f3n del parque industrial y \u00abun trabajo importante en los desag\u00fces naturales del parque que se concret\u00f3 tambi\u00e9n con ayuda de la provincia\u00bb. Se suma las \u00abviviendas que se est\u00e1n construyendo y ampliaci\u00f3n del hospital local\u00bb.<\/p>\n<p>La presidenta municipal asegur\u00f3 que \u00abla gente de Ram\u00edrez tiene muchas demandas porque es una ciudad que crece much\u00edsimo de la mano del sector privado\u00bb. En ese sentido, habl\u00f3 de dos proyectos que hay sobre los accesos a la ciudad: uno que tiene que ver con \u00abla intervenci\u00f3n en el acceso principal sobre la ruta 12 para poder tener un acceso seguro\u00bb, y otro \u00a0relacionado al \u00abacceso norte de la ciudad, desde donde sale principalmente la producci\u00f3n de Ram\u00edrez y hay muchas empresas que est\u00e1n apostadas en la zona. Son 1.800 metros y necesitamos que est\u00e9 pavimentado. As\u00ed que estuvimos charlando con el gobernador sobre distintas posibilidades para llegar con una soluci\u00f3n a nuestra gente\u00bb, remarc\u00f3.<\/p>\n<h2><strong>Ram\u00edrez Festeja\u00a0<\/strong><\/h2>\n<p>Adem\u00e1s, el gobernador recibi\u00f3 la invitaci\u00f3n a participar de Ram\u00edrez Festeja que se har\u00e1 el pr\u00f3ximo 8 y 9 de marzo en el marco del aniversario de esta localidad. Habr\u00e1 artistas locales y de renombre nacional y una feria productiva que a\u00f1o a a\u00f1o va creciendo y que tiene un gran inter\u00e9s en todas las zonas. \u00abSe trabaja realmente a nivel comunitario porque las instituciones educativas, deportivas y dem\u00e1s ponen su puesto de comida, adem\u00e1s de un programa emprendedores que trabajamos en la municipalidad de Ram\u00edrez hace varios a\u00f1os\u00bb, precis\u00f3 finalmente.<\/p>\n<h6><em><strong>Del archivo:\u00a0<a href=\"https:\/\/informelitoral.com.ar\/ramirez-festeja-2025-las-15-bandas-que-competiran-por-un-lugar-en-el-escenario\/\" target=\"_blank\" rel=\"noopener\">Ram\u00edrez Festeja 2025: las 15 bandas que competir\u00e1n por un lugar en el escenario<\/a><\/strong><\/em><\/h6>\n","protected":false},"excerpt":{"rendered":"<p>El gobernador Rogelio Frigerio mantuvo una reuni\u00f3n de trabajo con la intendente de Ram\u00edrez, Flavia Pamberger y el vice, Carlos Troncoso, con quienes analiz\u00f3 los avances de diversas obras y gestiones en materia vial, el\u00e9ctrica, habitacional y sanitaria.<\/p>\n","protected":false},"author":2,"featured_media":212752,"comment_status":"open","ping_status":"open","sticky":false,"template":"","format":"standard","meta":{"fifu_image_url":"","fifu_image_alt":"","footnotes":""},"categories":[5,4586],"tags":[4057,1534,556,27,949],"class_list":{"0":"post-212751","1":"post","2":"type-post","3":"status-publish","4":"format-standard","5":"has-post-thumbnail","7":"category-zonales","8":"category-general-ramirez","9":"tag-carlos-troncoso","10":"tag-flavia-pamberger","11":"tag-general-ramirez","12":"tag-ramirez","13":"tag-rogelio-frigerio"},"yoast_head":"<title>Frigerio recibi\u00f3 a la intendenta y el vice de General Ram\u00edrez - Informe Litoral<\/title>\n<meta name=\"robots\" content=\"index, follow, max-snippet:-1, max-image-preview:large, max-video-preview:-1\" \/>\n<link rel=\"canonical\" href=\"https:\/\/informelitoral.com.ar\/frigerio-recibio-a-la-intendenta-y-el-vice-de-general-ramirez\/\" \/>\n<meta property=\"og:locale\" content=\"es_ES\" \/>\n<meta property=\"og:type\" content=\"article\" \/>\n<meta property=\"og:title\" content=\"Frigerio recibi\u00f3 a la intendenta y el vice de General Ram\u00edrez - Informe Litoral\" \/>\n<meta property=\"og:description\" content=\"El gobernador Rogelio Frigerio mantuvo una reuni\u00f3n de trabajo con la intendente de Ram\u00edrez, Flavia Pamberger y el vice, Carlos Troncoso, con quienes analiz\u00f3 los avances de diversas obras y gestiones en materia vial, el\u00e9ctrica, habitacional y sanitaria.\" \/>\n<meta property=\"og:url\" content=\"https:\/\/informelitoral.com.ar\/frigerio-recibio-a-la-intendenta-y-el-vice-de-general-ramirez\/\" \/>\n<meta property=\"og:site_name\" content=\"Informe Litoral\" \/>\n<meta property=\"article:publisher\" content=\"https:\/\/www.facebook.com\/informelitoral\/\" \/>\n<meta property=\"article:published_time\" content=\"2025-02-22T20:52:47+00:00\" \/>\n<meta property=\"og:image\" content=\"https:\/\/informelitoral.com.ar\/%77%70%2d%63%6f%6e%74%65%6e%74\/uploads\/2025\/02\/frigerio-pamberger-troncoso-ramirez.jpg\" \/>\n\t<meta property=\"og:image:width\" content=\"1920\" \/>\n\t<meta property=\"og:image:height\" content=\"1280\" \/>\n\t<meta property=\"og:image:type\" content=\"image\/jpeg\" \/>\n<meta name=\"author\" content=\"Gonzalo Schmidt\" \/>\n<meta name=\"twitter:card\" content=\"summary_large_image\" \/>\n<meta name=\"twitter:creator\" content=\"@InformeLitoral\" \/>\n<meta name=\"twitter:site\" content=\"@InformeLitoral\" \/>\n<meta name=\"twitter:label1\" content=\"Escrito por\" \/>\n\t<meta name=\"twitter:data1\" content=\"Gonzalo Schmidt\" \/>\n\t<meta name=\"twitter:label2\" content=\"Tiempo de lectura\" \/>\n\t<meta name=\"twitter:data2\" content=\"2 minutos\" \/>\n<script type=\"application\/ld+json\" class=\"yoast-schema-graph\">{\"@context\":\"https:\\\/\\\/schema.org\",\"@graph\":[{\"@type\":\"Article\",\"@id\":\"https:\\\/\\\/informelitoral.com.ar\\\/frigerio-recibio-a-la-intendenta-y-el-vice-de-general-ramirez\\\/#article\",\"isPartOf\":{\"@id\":\"https:\\\/\\\/informelitoral.com.ar\\\/frigerio-recibio-a-la-intendenta-y-el-vice-de-general-ramirez\\\/\"},\"author\":{\"name\":\"Gonzalo Schmidt\",\"@id\":\"https:\\\/\\\/informelitoral.com.ar\\\/#\\\/schema\\\/person\\\/b9d00407c836482871ef1d57bf8e3180\"},\"headline\":\"Frigerio recibi\u00f3 a la intendenta y el vice de General Ram\u00edrez\",\"datePublished\":\"2025-02-22T20:52:47+00:00\",\"mainEntityOfPage\":{\"@id\":\"https:\\\/\\\/informelitoral.com.ar\\\/frigerio-recibio-a-la-intendenta-y-el-vice-de-general-ramirez\\\/\"},\"wordCount\":333,\"commentCount\":0,\"publisher\":{\"@id\":\"https:\\\/\\\/informelitoral.com.ar\\\/#organization\"},\"image\":{\"@id\":\"https:\\\/\\\/informelitoral.com.ar\\\/frigerio-recibio-a-la-intendenta-y-el-vice-de-general-ramirez\\\/#primaryimage\"},\"thumbnailUrl\":\"https:\\\/\\\/informelitoral.com.ar\\\/%77%70%2d%63%6f%6e%74%65%6e%74\\\/uploads\\\/2025\\\/02\\\/frigerio-pamberger-troncoso-ramirez.jpg\",\"keywords\":[\"Carlos Troncoso\",\"Flavia Pamberger\",\"General Ram\u00edrez\",\"Ram\u00edrez\",\"Rogelio Frigerio\"],\"articleSection\":[\"Departamento Diamante\",\"General Ram\u00edrez\"],\"inLanguage\":\"es\",\"potentialAction\":[{\"@type\":\"CommentAction\",\"name\":\"Comment\",\"target\":[\"https:\\\/\\\/informelitoral.com.ar\\\/frigerio-recibio-a-la-intendenta-y-el-vice-de-general-ramirez\\\/#respond\"]}]},{\"@type\":\"WebPage\",\"@id\":\"https:\\\/\\\/informelitoral.com.ar\\\/frigerio-recibio-a-la-intendenta-y-el-vice-de-general-ramirez\\\/\",\"url\":\"https:\\\/\\\/informelitoral.com.ar\\\/frigerio-recibio-a-la-intendenta-y-el-vice-de-general-ramirez\\\/\",\"name\":\"Frigerio recibi\u00f3 a la intendenta y el vice de General Ram\u00edrez - Informe Litoral\",\"isPartOf\":{\"@id\":\"https:\\\/\\\/informelitoral.com.ar\\\/#website\"},\"primaryImageOfPage\":{\"@id\":\"https:\\\/\\\/informelitoral.com.ar\\\/frigerio-recibio-a-la-intendenta-y-el-vice-de-general-ramirez\\\/#primaryimage\"},\"image\":{\"@id\":\"https:\\\/\\\/informelitoral.com.ar\\\/frigerio-recibio-a-la-intendenta-y-el-vice-de-general-ramirez\\\/#primaryimage\"},\"thumbnailUrl\":\"https:\\\/\\\/informelitoral.com.ar\\\/%77%70%2d%63%6f%6e%74%65%6e%74\\\/uploads\\\/2025\\\/02\\\/frigerio-pamberger-troncoso-ramirez.jpg\",\"datePublished\":\"2025-02-22T20:52:47+00:00\",\"breadcrumb\":{\"@id\":\"https:\\\/\\\/informelitoral.com.ar\\\/frigerio-recibio-a-la-intendenta-y-el-vice-de-general-ramirez\\\/#breadcrumb\"},\"inLanguage\":\"es\",\"potentialAction\":[{\"@type\":\"ReadAction\",\"target\":[\"https:\\\/\\\/informelitoral.com.ar\\\/frigerio-recibio-a-la-intendenta-y-el-vice-de-general-ramirez\\\/\"]}]},{\"@type\":\"ImageObject\",\"inLanguage\":\"es\",\"@id\":\"https:\\\/\\\/informelitoral.com.ar\\\/frigerio-recibio-a-la-intendenta-y-el-vice-de-general-ramirez\\\/#primaryimage\",\"url\":\"https:\\\/\\\/informelitoral.com.ar\\\/%77%70%2d%63%6f%6e%74%65%6e%74\\\/uploads\\\/2025\\\/02\\\/frigerio-pamberger-troncoso-ramirez.jpg\",\"contentUrl\":\"https:\\\/\\\/informelitoral.com.ar\\\/%77%70%2d%63%6f%6e%74%65%6e%74\\\/uploads\\\/2025\\\/02\\\/frigerio-pamberger-troncoso-ramirez.jpg\",\"width\":1920,\"height\":1280},{\"@type\":\"BreadcrumbList\",\"@id\":\"https:\\\/\\\/informelitoral.com.ar\\\/frigerio-recibio-a-la-intendenta-y-el-vice-de-general-ramirez\\\/#breadcrumb\",\"itemListElement\":[{\"@type\":\"ListItem\",\"position\":1,\"name\":\"Portada\",\"item\":\"https:\\\/\\\/informelitoral.com.ar\\\/\"},{\"@type\":\"ListItem\",\"position\":2,\"name\":\"Frigerio recibi\u00f3 a la intendenta y el vice de General Ram\u00edrez\"}]},{\"@type\":\"WebSite\",\"@id\":\"https:\\\/\\\/informelitoral.com.ar\\\/#website\",\"url\":\"https:\\\/\\\/informelitoral.com.ar\\\/\",\"name\":\"Informe Litoral\",\"description\":\"&quot;Nos informamos&quot; \",\"publisher\":{\"@id\":\"https:\\\/\\\/informelitoral.com.ar\\\/#organization\"},\"potentialAction\":[{\"@type\":\"SearchAction\",\"target\":{\"@type\":\"EntryPoint\",\"urlTemplate\":\"https:\\\/\\\/informelitoral.com.ar\\\/?s={search_term_string}\"},\"query-input\":{\"@type\":\"PropertyValueSpecification\",\"valueRequired\":true,\"valueName\":\"search_term_string\"}}],\"inLanguage\":\"es\"},{\"@type\":\"Organization\",\"@id\":\"https:\\\/\\\/informelitoral.com.ar\\\/#organization\",\"name\":\"Informe Litoral\",\"url\":\"https:\\\/\\\/informelitoral.com.ar\\\/\",\"logo\":{\"@type\":\"ImageObject\",\"inLanguage\":\"es\",\"@id\":\"https:\\\/\\\/informelitoral.com.ar\\\/#\\\/schema\\\/logo\\\/image\\\/\",\"url\":\"https:\\\/\\\/informelitoral.com.ar\\\/%77%70%2d%63%6f%6e%74%65%6e%74\\\/uploads\\\/2021\\\/01\\\/circulo.png\",\"contentUrl\":\"https:\\\/\\\/informelitoral.com.ar\\\/%77%70%2d%63%6f%6e%74%65%6e%74\\\/uploads\\\/2021\\\/01\\\/circulo.png\",\"width\":723,\"height\":731,\"caption\":\"Informe Litoral\"},\"image\":{\"@id\":\"https:\\\/\\\/informelitoral.com.ar\\\/#\\\/schema\\\/logo\\\/image\\\/\"},\"sameAs\":[\"https:\\\/\\\/www.facebook.com\\\/informelitoral\\\/\",\"https:\\\/\\\/x.com\\\/InformeLitoral\",\"https:\\\/\\\/www.instagram.com\\\/informelitoral\\\/\",\"https:\\\/\\\/www.youtube.com\\\/channel\\\/UCua4Qvz8Icb6MYqhoq9xLXw\"]},{\"@type\":\"Person\",\"@id\":\"https:\\\/\\\/informelitoral.com.ar\\\/#\\\/schema\\\/person\\\/b9d00407c836482871ef1d57bf8e3180\",\"name\":\"Gonzalo Schmidt\",\"image\":{\"@type\":\"ImageObject\",\"inLanguage\":\"es\",\"@id\":\"https:\\\/\\\/secure.gravatar.com\\\/avatar\\\/31a1a7b66ff2de83bd0e9fd79d026630d2d99e55e8bfe501287647b4fd9743de?s=96&d=mm&r=g\",\"url\":\"https:\\\/\\\/secure.gravatar.com\\\/avatar\\\/31a1a7b66ff2de83bd0e9fd79d026630d2d99e55e8bfe501287647b4fd9743de?s=96&d=mm&r=g\",\"contentUrl\":\"https:\\\/\\\/secure.gravatar.com\\\/avatar\\\/31a1a7b66ff2de83bd0e9fd79d026630d2d99e55e8bfe501287647b4fd9743de?s=96&d=mm&r=g\",\"caption\":\"Gonzalo Schmidt\"},\"description\":\"Sitio web de noticias de la provincia de Entre R\u00edos, Argentina. Informaci\u00f3n y entretenimiento. Informe Litoral, nos informamos.\",\"sameAs\":[\"http:\\\/\\\/www.isletasnoticias.com.ar\"],\"url\":\"https:\\\/\\\/informelitoral.com.ar\\\/author\\\/gonzalo\\\/\"}]}<\/script>","yoast_head_json":{"title":"Frigerio recibi\u00f3 a la intendenta y el vice de General Ram\u00edrez - Informe Litoral","robots":{"index":"index","follow":"follow","max-snippet":"max-snippet:-1","max-image-preview":"max-image-preview:large","max-video-preview":"max-video-preview:-1"},"canonical":"https:\/\/informelitoral.com.ar\/frigerio-recibio-a-la-intendenta-y-el-vice-de-general-ramirez\/","og_locale":"es_ES","og_type":"article","og_title":"Frigerio recibi\u00f3 a la intendenta y el vice de General Ram\u00edrez - Informe Litoral","og_description":"El gobernador Rogelio Frigerio mantuvo una reuni\u00f3n de trabajo con la intendente de Ram\u00edrez, Flavia Pamberger y el vice, Carlos Troncoso, con quienes analiz\u00f3 los avances de diversas obras y gestiones en materia vial, el\u00e9ctrica, habitacional y sanitaria.","og_url":"https:\/\/informelitoral.com.ar\/frigerio-recibio-a-la-intendenta-y-el-vice-de-general-ramirez\/","og_site_name":"Informe Litoral","article_publisher":"https:\/\/www.facebook.com\/informelitoral\/","article_published_time":"2025-02-22T20:52:47+00:00","og_image":[{"width":1920,"height":1280,"url":"https:\/\/informelitoral.com.ar\/%77%70%2d%63%6f%6e%74%65%6e%74\/uploads\/2025\/02\/frigerio-pamberger-troncoso-ramirez.jpg","type":"image\/jpeg"}],"author":"Gonzalo Schmidt","twitter_card":"summary_large_image","twitter_creator":"@InformeLitoral","twitter_site":"@InformeLitoral","twitter_misc":{"Escrito por":"Gonzalo Schmidt","Tiempo de lectura":"2 minutos"},"schema":{"@context":"https:\/\/schema.org","@graph":[{"@type":"Article","@id":"https:\/\/informelitoral.com.ar\/frigerio-recibio-a-la-intendenta-y-el-vice-de-general-ramirez\/#article","isPartOf":{"@id":"https:\/\/informelitoral.com.ar\/frigerio-recibio-a-la-intendenta-y-el-vice-de-general-ramirez\/"},"author":{"name":"Gonzalo Schmidt","@id":"https:\/\/informelitoral.com.ar\/#\/schema\/person\/b9d00407c836482871ef1d57bf8e3180"},"headline":"Frigerio recibi\u00f3 a la intendenta y el vice de General Ram\u00edrez","datePublished":"2025-02-22T20:52:47+00:00","mainEntityOfPage":{"@id":"https:\/\/informelitoral.com.ar\/frigerio-recibio-a-la-intendenta-y-el-vice-de-general-ramirez\/"},"wordCount":333,"commentCount":0,"publisher":{"@id":"https:\/\/informelitoral.com.ar\/#organization"},"image":{"@id":"https:\/\/informelitoral.com.ar\/frigerio-recibio-a-la-intendenta-y-el-vice-de-general-ramirez\/#primaryimage"},"thumbnailUrl":"https:\/\/informelitoral.com.ar\/%77%70%2d%63%6f%6e%74%65%6e%74\/uploads\/2025\/02\/frigerio-pamberger-troncoso-ramirez.jpg","keywords":["Carlos Troncoso","Flavia Pamberger","General Ram\u00edrez","Ram\u00edrez","Rogelio Frigerio"],"articleSection":["Departamento Diamante","General Ram\u00edrez"],"inLanguage":"es","potentialAction":[{"@type":"CommentAction","name":"Comment","target":["https:\/\/informelitoral.com.ar\/frigerio-recibio-a-la-intendenta-y-el-vice-de-general-ramirez\/#respond"]}]},{"@type":"WebPage","@id":"https:\/\/informelitoral.com.ar\/frigerio-recibio-a-la-intendenta-y-el-vice-de-general-ramirez\/","url":"https:\/\/informelitoral.com.ar\/frigerio-recibio-a-la-intendenta-y-el-vice-de-general-ramirez\/","name":"Frigerio recibi\u00f3 a la intendenta y el vice de General Ram\u00edrez - Informe Litoral","isPartOf":{"@id":"https:\/\/informelitoral.com.ar\/#website"},"primaryImageOfPage":{"@id":"https:\/\/informelitoral.com.ar\/frigerio-recibio-a-la-intendenta-y-el-vice-de-general-ramirez\/#primaryimage"},"image":{"@id":"https:\/\/informelitoral.com.ar\/frigerio-recibio-a-la-intendenta-y-el-vice-de-general-ramirez\/#primaryimage"},"thumbnailUrl":"https:\/\/informelitoral.com.ar\/%77%70%2d%63%6f%6e%74%65%6e%74\/uploads\/2025\/02\/frigerio-pamberger-troncoso-ramirez.jpg","datePublished":"2025-02-22T20:52:47+00:00","breadcrumb":{"@id":"https:\/\/informelitoral.com.ar\/frigerio-recibio-a-la-intendenta-y-el-vice-de-general-ramirez\/#breadcrumb"},"inLanguage":"es","potentialAction":[{"@type":"ReadAction","target":["https:\/\/informelitoral.com.ar\/frigerio-recibio-a-la-intendenta-y-el-vice-de-general-ramirez\/"]}]},{"@type":"ImageObject","inLanguage":"es","@id":"https:\/\/informelitoral.com.ar\/frigerio-recibio-a-la-intendenta-y-el-vice-de-general-ramirez\/#primaryimage","url":"https:\/\/informelitoral.com.ar\/%77%70%2d%63%6f%6e%74%65%6e%74\/uploads\/2025\/02\/frigerio-pamberger-troncoso-ramirez.jpg","contentUrl":"https:\/\/informelitoral.com.ar\/%77%70%2d%63%6f%6e%74%65%6e%74\/uploads\/2025\/02\/frigerio-pamberger-troncoso-ramirez.jpg","width":1920,"height":1280},{"@type":"BreadcrumbList","@id":"https:\/\/informelitoral.com.ar\/frigerio-recibio-a-la-intendenta-y-el-vice-de-general-ramirez\/#breadcrumb","itemListElement":[{"@type":"ListItem","position":1,"name":"Portada","item":"https:\/\/informelitoral.com.ar\/"},{"@type":"ListItem","position":2,"name":"Frigerio recibi\u00f3 a la intendenta y el vice de General Ram\u00edrez"}]},{"@type":"WebSite","@id":"https:\/\/informelitoral.com.ar\/#website","url":"https:\/\/informelitoral.com.ar\/","name":"Informe Litoral","description":"&quot;Nos informamos&quot; ","publisher":{"@id":"https:\/\/informelitoral.com.ar\/#organization"},"potentialAction":[{"@type":"SearchAction","target":{"@type":"EntryPoint","urlTemplate":"https:\/\/informelitoral.com.ar\/?s={search_term_string}"},"query-input":{"@type":"PropertyValueSpecification","valueRequired":true,"valueName":"search_term_string"}}],"inLanguage":"es"},{"@type":"Organization","@id":"https:\/\/informelitoral.com.ar\/#organization","name":"Informe Litoral","url":"https:\/\/informelitoral.com.ar\/","logo":{"@type":"ImageObject","inLanguage":"es","@id":"https:\/\/informelitoral.com.ar\/#\/schema\/logo\/image\/","url":"https:\/\/informelitoral.com.ar\/%77%70%2d%63%6f%6e%74%65%6e%74\/uploads\/2021\/01\/circulo.png","contentUrl":"https:\/\/informelitoral.com.ar\/%77%70%2d%63%6f%6e%74%65%6e%74\/uploads\/2021\/01\/circulo.png","width":723,"height":731,"caption":"Informe Litoral"},"image":{"@id":"https:\/\/informelitoral.com.ar\/#\/schema\/logo\/image\/"},"sameAs":["https:\/\/www.facebook.com\/informelitoral\/","https:\/\/x.com\/InformeLitoral","https:\/\/www.instagram.com\/informelitoral\/","https:\/\/www.youtube.com\/channel\/UCua4Qvz8Icb6MYqhoq9xLXw"]},{"@type":"Person","@id":"https:\/\/informelitoral.com.ar\/#\/schema\/person\/b9d00407c836482871ef1d57bf8e3180","name":"Gonzalo Schmidt","image":{"@type":"ImageObject","inLanguage":"es","@id":"https:\/\/secure.gravatar.com\/avatar\/31a1a7b66ff2de83bd0e9fd79d026630d2d99e55e8bfe501287647b4fd9743de?s=96&d=mm&r=g","url":"https:\/\/secure.gravatar.com\/avatar\/31a1a7b66ff2de83bd0e9fd79d026630d2d99e55e8bfe501287647b4fd9743de?s=96&d=mm&r=g","contentUrl":"https:\/\/secure.gravatar.com\/avatar\/31a1a7b66ff2de83bd0e9fd79d026630d2d99e55e8bfe501287647b4fd9743de?s=96&d=mm&r=g","caption":"Gonzalo Schmidt"},"description":"Sitio web de noticias de la provincia de Entre R\u00edos, Argentina. Informaci\u00f3n y entretenimiento. Informe Litoral, nos informamos.","sameAs":["http:\/\/www.isletasnoticias.com.ar"],"url":"https:\/\/informelitoral.com.ar\/author\/gonzalo\/"}]}},"_links":{"self":[{"href":"https:\/\/informelitoral.com.ar\/%77%70%2d%6a%73%6f%6e\/wp\/v2\/posts\/212751","targetHints":{"allow":["GET"]}}],"collection":[{"href":"https:\/\/informelitoral.com.ar\/%77%70%2d%6a%73%6f%6e\/wp\/v2\/posts"}],"about":[{"href":"https:\/\/informelitoral.com.ar\/%77%70%2d%6a%73%6f%6e\/wp\/v2\/types\/post"}],"author":[{"embeddable":true,"href":"https:\/\/informelitoral.com.ar\/%77%70%2d%6a%73%6f%6e\/wp\/v2\/users\/2"}],"replies":[{"embeddable":true,"href":"https:\/\/informelitoral.com.ar\/%77%70%2d%6a%73%6f%6e\/wp\/v2\/comments?post=212751"}],"version-history":[{"count":0,"href":"https:\/\/informelitoral.com.ar\/%77%70%2d%6a%73%6f%6e\/wp\/v2\/posts\/212751\/revisions"}],"wp:featuredmedia":[{"embeddable":true,"href":"https:\/\/informelitoral.com.ar\/%77%70%2d%6a%73%6f%6e\/wp\/v2\/media\/212752"}],"wp:attachment":[{"href":"https:\/\/informelitoral.com.ar\/%77%70%2d%6a%73%6f%6e\/wp\/v2\/media?parent=212751"}],"wp:term":[{"taxonomy":"category","embeddable":true,"href":"https:\/\/informelitoral.com.ar\/%77%70%2d%6a%73%6f%6e\/wp\/v2\/categories?post=212751"},{"taxonomy":"post_tag","embeddable":true,"href":"https:\/\/informelitoral.com.ar\/%77%70%2d%6a%73%6f%6e\/wp\/v2\/tags?post=212751"}],"curies":[{"name":"wp","href":"https:\/\/api.w.org\/{rel}","templated":true}]}}