{"id":212580,"date":"2025-02-20T12:48:06","date_gmt":"2025-02-20T15:48:06","guid":{"rendered":"https:\/\/informelitoral.com.ar\/?p=212580"},"modified":"2025-02-20T14:41:09","modified_gmt":"2025-02-20T17:41:09","slug":"paro-docente-en-puerta-12-provincias-podrian-no-iniciar-el-ciclo-lectivo-2025","status":"publish","type":"post","link":"https:\/\/informelitoral.com.ar\/paro-docente-en-puerta-12-provincias-podrian-no-iniciar-el-ciclo-lectivo-2025\/","title":{"rendered":"Paro docente: 12 provincias podr\u00edan no iniciar el ciclo lectivo 2025"},"content":{"rendered":"<p>El comienzo de las clases podr\u00eda complicarse el lunes pr\u00f3ximo y el que viene en 12 provincias, debido al anuncio de un paro general que realizaron los gremios docentes de la CGT. Adem\u00e1s, la otra central sindical de los maestros se encaminan a lanzar tambi\u00e9n protestas, ante la demora del Gobierno en convocar a la paritaria nacional.<\/p>\n<p>El anuncio se realiz\u00f3 esta ma\u00f1ana. Se trata de un paro de 24 horas para el lunes 24 de febrero y otra medida de fuerza similar para el mi\u00e9rcoles 5 de marzo. En ambas fechas est\u00e1 convocado el inicio de clases en el ciclo inicial, primario y secundario.<\/p>\n<p>Los que anunciaron las protestas fueron los gremios cegetistas Uni\u00f3n Docentes Argentinos (UDA), la Asociaci\u00f3n Del Magisterio de Ense\u00f1anza T\u00e9cnica (AMET) y la Confederaci\u00f3n de Educadores Argentinos (CEA). La Confederaci\u00f3n de Trabajadores de la Educaci\u00f3n de la Rep\u00fablica Argentina (CTERA) debatir\u00e1 sus pasos en un plenario de secretarios generales que fue convocado para luego del mediod\u00eda.<\/p>\n<p>La protesta, de concretarse, afectar\u00eda a la Ciudad de Buenos Aires, C\u00f3rdoba, Santa Fe, Corrientes, Entre R\u00edos, Formosa, Jujuy, Mendoza, Salta, San Juan, San Luis y Santa Cruz.<\/p>\n<p>El anuncio estuvo a cargo de Sergio Romero, de UDA; Sara Garc\u00eda (AMET); Fabi\u00e1n Felman (CEA). Tambi\u00e9n estuvieron presentes Octavio Arguello, Julio Piumato y otros dirigentes gremiales.<\/p>\n<p>La semana pasada, los gremios docentes que integran la CGT analizaron la situaci\u00f3n salarial del sector y advirtieron que podr\u00eda desatarse un conflicto: \u201cEstamos a horas del inicio de clases y todav\u00eda no hubo una convocatoria a la negociaci\u00f3n salarial a nivel nacional\u201d, afirm\u00f3 a este medio el secretario de Pol\u00edticas Educativas cegetista, Sergio Romero (UDA).<\/p>\n<p>\u201cNo nos vamos a a hacer responsables si vamos a un conflicto porque hay un solo responsable, que es el gobierno nacional -enfatiz\u00f3 el l\u00edder gremial-, pero seguiremos trabajando con los sindicatos docentes que integran la CGT para buscar una salida a las grandes necesidades que tiene el sistema educativo y a las profundas carencias que tiene el salario de los educadores en nuestro pa\u00eds\u201d.<\/p>\n<p>La CGT habla de una crisis salarial del sector, donde el sueldo m\u00ednimo de los docentes se mantiene en $420 mil desde el 22 de agosto pasado, una cifra que, destac\u00f3 el titular de UDA, \u201cse encuentra por debajo de la l\u00ednea de indigencia\u201d.<\/p>\n<p>Seg\u00fan un relevamiento efectuado por UDA, el ranking de los salarios m\u00ednimos docentes en el mes de enero pasado en todo el pa\u00eds es el siguiente: Catamarca, $420.000; Santiago del Estero, $450.000; La Rioja, $450.000; Misiones, $521.904; Formosa, $540.000; Salta, $540.672; Chubut, $544.808; provincia de Buenos Aires, $553.075; Entre R\u00edos, $563.000; Mendoza, $570.000; Chaco, $592.000; San Luis, $623.546; Jujuy, $625.000; Corrientes, $635.000; Santa Fe, $633.137; CABA, $673.000; C\u00f3rdoba, $755.000; Tierra del Fuego, $804.338; Santa Cruz, $840.000, y R\u00edo Negro $931.186.(<em>Infobae<\/em>)<\/p>\n","protected":false},"excerpt":{"rendered":"<p>Ser\u00e1 este 24 de febrero y 3 de marzo. En ambas fechas est\u00e1 convocado el inicio de clases en el ciclo inicial, primario y secundario.<\/p>\n","protected":false},"author":8,"featured_media":212581,"comment_status":"open","ping_status":"open","sticky":false,"template":"","format":"standard","meta":{"fifu_image_url":"","fifu_image_alt":"","footnotes":""},"categories":[7],"tags":[536,2329,1014],"class_list":{"0":"post-212580","1":"post","2":"type-post","3":"status-publish","4":"format-standard","5":"has-post-thumbnail","7":"category-nacionales","8":"tag-cgt","9":"tag-ciclo-lectivo","10":"tag-paro-docente"},"yoast_head":"<title>Paro docente: 12 provincias podr\u00edan no iniciar el ciclo lectivo 2025 - Informe Litoral<\/title>\n<meta name=\"robots\" content=\"index, follow, max-snippet:-1, max-image-preview:large, max-video-preview:-1\" \/>\n<link rel=\"canonical\" href=\"https:\/\/informelitoral.com.ar\/paro-docente-en-puerta-12-provincias-podrian-no-iniciar-el-ciclo-lectivo-2025\/\" \/>\n<meta property=\"og:locale\" content=\"es_ES\" \/>\n<meta property=\"og:type\" content=\"article\" \/>\n<meta property=\"og:title\" content=\"Paro docente: 12 provincias podr\u00edan no iniciar el ciclo lectivo 2025 - Informe Litoral\" \/>\n<meta property=\"og:description\" content=\"Ser\u00e1 este 24 de febrero y 3 de marzo. En ambas fechas est\u00e1 convocado el inicio de clases en el ciclo inicial, primario y secundario.\" \/>\n<meta property=\"og:url\" content=\"https:\/\/informelitoral.com.ar\/paro-docente-en-puerta-12-provincias-podrian-no-iniciar-el-ciclo-lectivo-2025\/\" \/>\n<meta property=\"og:site_name\" content=\"Informe Litoral\" \/>\n<meta property=\"article:publisher\" content=\"https:\/\/www.facebook.com\/informelitoral\/\" \/>\n<meta property=\"article:published_time\" content=\"2025-02-20T15:48:06+00:00\" \/>\n<meta property=\"article:modified_time\" content=\"2025-02-20T17:41:09+00:00\" \/>\n<meta property=\"og:image\" content=\"https:\/\/informelitoral.com.ar\/%77%70%2d%63%6f%6e%74%65%6e%74\/uploads\/2025\/02\/e_1735253357_9353.webp\" \/>\n\t<meta property=\"og:image:width\" content=\"900\" \/>\n\t<meta property=\"og:image:height\" content=\"600\" \/>\n\t<meta property=\"og:image:type\" content=\"image\/webp\" \/>\n<meta name=\"author\" content=\"Sebastian\" \/>\n<meta name=\"twitter:card\" content=\"summary_large_image\" \/>\n<meta name=\"twitter:creator\" content=\"@InformeLitoral\" \/>\n<meta name=\"twitter:site\" content=\"@InformeLitoral\" \/>\n<meta name=\"twitter:label1\" content=\"Escrito por\" \/>\n\t<meta name=\"twitter:data1\" content=\"Sebastian\" \/>\n\t<meta name=\"twitter:label2\" content=\"Tiempo de lectura\" \/>\n\t<meta name=\"twitter:data2\" content=\"2 minutos\" \/>\n<script type=\"application\/ld+json\" class=\"yoast-schema-graph\">{\"@context\":\"https:\\\/\\\/schema.org\",\"@graph\":[{\"@type\":\"Article\",\"@id\":\"https:\\\/\\\/informelitoral.com.ar\\\/paro-docente-en-puerta-12-provincias-podrian-no-iniciar-el-ciclo-lectivo-2025\\\/#article\",\"isPartOf\":{\"@id\":\"https:\\\/\\\/informelitoral.com.ar\\\/paro-docente-en-puerta-12-provincias-podrian-no-iniciar-el-ciclo-lectivo-2025\\\/\"},\"author\":{\"name\":\"Sebastian\",\"@id\":\"https:\\\/\\\/informelitoral.com.ar\\\/#\\\/schema\\\/person\\\/f05f9f461677119578717524b127d6d5\"},\"headline\":\"Paro docente: 12 provincias podr\u00edan no iniciar el ciclo lectivo 2025\",\"datePublished\":\"2025-02-20T15:48:06+00:00\",\"dateModified\":\"2025-02-20T17:41:09+00:00\",\"mainEntityOfPage\":{\"@id\":\"https:\\\/\\\/informelitoral.com.ar\\\/paro-docente-en-puerta-12-provincias-podrian-no-iniciar-el-ciclo-lectivo-2025\\\/\"},\"wordCount\":482,\"commentCount\":0,\"publisher\":{\"@id\":\"https:\\\/\\\/informelitoral.com.ar\\\/#organization\"},\"image\":{\"@id\":\"https:\\\/\\\/informelitoral.com.ar\\\/paro-docente-en-puerta-12-provincias-podrian-no-iniciar-el-ciclo-lectivo-2025\\\/#primaryimage\"},\"thumbnailUrl\":\"https:\\\/\\\/informelitoral.com.ar\\\/%77%70%2d%63%6f%6e%74%65%6e%74\\\/uploads\\\/2025\\\/02\\\/e_1735253357_9353.webp\",\"keywords\":[\"CGT\",\"Ciclo lectivo\",\"Paro docente\"],\"articleSection\":[\"Nacionales\"],\"inLanguage\":\"es\",\"potentialAction\":[{\"@type\":\"CommentAction\",\"name\":\"Comment\",\"target\":[\"https:\\\/\\\/informelitoral.com.ar\\\/paro-docente-en-puerta-12-provincias-podrian-no-iniciar-el-ciclo-lectivo-2025\\\/#respond\"]}]},{\"@type\":\"WebPage\",\"@id\":\"https:\\\/\\\/informelitoral.com.ar\\\/paro-docente-en-puerta-12-provincias-podrian-no-iniciar-el-ciclo-lectivo-2025\\\/\",\"url\":\"https:\\\/\\\/informelitoral.com.ar\\\/paro-docente-en-puerta-12-provincias-podrian-no-iniciar-el-ciclo-lectivo-2025\\\/\",\"name\":\"Paro docente: 12 provincias podr\u00edan no iniciar el ciclo lectivo 2025 - Informe Litoral\",\"isPartOf\":{\"@id\":\"https:\\\/\\\/informelitoral.com.ar\\\/#website\"},\"primaryImageOfPage\":{\"@id\":\"https:\\\/\\\/informelitoral.com.ar\\\/paro-docente-en-puerta-12-provincias-podrian-no-iniciar-el-ciclo-lectivo-2025\\\/#primaryimage\"},\"image\":{\"@id\":\"https:\\\/\\\/informelitoral.com.ar\\\/paro-docente-en-puerta-12-provincias-podrian-no-iniciar-el-ciclo-lectivo-2025\\\/#primaryimage\"},\"thumbnailUrl\":\"https:\\\/\\\/informelitoral.com.ar\\\/%77%70%2d%63%6f%6e%74%65%6e%74\\\/uploads\\\/2025\\\/02\\\/e_1735253357_9353.webp\",\"datePublished\":\"2025-02-20T15:48:06+00:00\",\"dateModified\":\"2025-02-20T17:41:09+00:00\",\"breadcrumb\":{\"@id\":\"https:\\\/\\\/informelitoral.com.ar\\\/paro-docente-en-puerta-12-provincias-podrian-no-iniciar-el-ciclo-lectivo-2025\\\/#breadcrumb\"},\"inLanguage\":\"es\",\"potentialAction\":[{\"@type\":\"ReadAction\",\"target\":[\"https:\\\/\\\/informelitoral.com.ar\\\/paro-docente-en-puerta-12-provincias-podrian-no-iniciar-el-ciclo-lectivo-2025\\\/\"]}]},{\"@type\":\"ImageObject\",\"inLanguage\":\"es\",\"@id\":\"https:\\\/\\\/informelitoral.com.ar\\\/paro-docente-en-puerta-12-provincias-podrian-no-iniciar-el-ciclo-lectivo-2025\\\/#primaryimage\",\"url\":\"https:\\\/\\\/informelitoral.com.ar\\\/%77%70%2d%63%6f%6e%74%65%6e%74\\\/uploads\\\/2025\\\/02\\\/e_1735253357_9353.webp\",\"contentUrl\":\"https:\\\/\\\/informelitoral.com.ar\\\/%77%70%2d%63%6f%6e%74%65%6e%74\\\/uploads\\\/2025\\\/02\\\/e_1735253357_9353.webp\",\"width\":900,\"height\":600},{\"@type\":\"BreadcrumbList\",\"@id\":\"https:\\\/\\\/informelitoral.com.ar\\\/paro-docente-en-puerta-12-provincias-podrian-no-iniciar-el-ciclo-lectivo-2025\\\/#breadcrumb\",\"itemListElement\":[{\"@type\":\"ListItem\",\"position\":1,\"name\":\"Portada\",\"item\":\"https:\\\/\\\/informelitoral.com.ar\\\/\"},{\"@type\":\"ListItem\",\"position\":2,\"name\":\"Paro docente: 12 provincias podr\u00edan no iniciar el ciclo lectivo 2025\"}]},{\"@type\":\"WebSite\",\"@id\":\"https:\\\/\\\/informelitoral.com.ar\\\/#website\",\"url\":\"https:\\\/\\\/informelitoral.com.ar\\\/\",\"name\":\"Informe Litoral\",\"description\":\"&quot;Nos informamos&quot; \",\"publisher\":{\"@id\":\"https:\\\/\\\/informelitoral.com.ar\\\/#organization\"},\"potentialAction\":[{\"@type\":\"SearchAction\",\"target\":{\"@type\":\"EntryPoint\",\"urlTemplate\":\"https:\\\/\\\/informelitoral.com.ar\\\/?s={search_term_string}\"},\"query-input\":{\"@type\":\"PropertyValueSpecification\",\"valueRequired\":true,\"valueName\":\"search_term_string\"}}],\"inLanguage\":\"es\"},{\"@type\":\"Organization\",\"@id\":\"https:\\\/\\\/informelitoral.com.ar\\\/#organization\",\"name\":\"Informe Litoral\",\"url\":\"https:\\\/\\\/informelitoral.com.ar\\\/\",\"logo\":{\"@type\":\"ImageObject\",\"inLanguage\":\"es\",\"@id\":\"https:\\\/\\\/informelitoral.com.ar\\\/#\\\/schema\\\/logo\\\/image\\\/\",\"url\":\"https:\\\/\\\/informelitoral.com.ar\\\/%77%70%2d%63%6f%6e%74%65%6e%74\\\/uploads\\\/2021\\\/01\\\/circulo.png\",\"contentUrl\":\"https:\\\/\\\/informelitoral.com.ar\\\/%77%70%2d%63%6f%6e%74%65%6e%74\\\/uploads\\\/2021\\\/01\\\/circulo.png\",\"width\":723,\"height\":731,\"caption\":\"Informe Litoral\"},\"image\":{\"@id\":\"https:\\\/\\\/informelitoral.com.ar\\\/#\\\/schema\\\/logo\\\/image\\\/\"},\"sameAs\":[\"https:\\\/\\\/www.facebook.com\\\/informelitoral\\\/\",\"https:\\\/\\\/x.com\\\/InformeLitoral\",\"https:\\\/\\\/www.instagram.com\\\/informelitoral\\\/\",\"https:\\\/\\\/www.youtube.com\\\/channel\\\/UCua4Qvz8Icb6MYqhoq9xLXw\"]},{\"@type\":\"Person\",\"@id\":\"https:\\\/\\\/informelitoral.com.ar\\\/#\\\/schema\\\/person\\\/f05f9f461677119578717524b127d6d5\",\"name\":\"Sebastian\",\"image\":{\"@type\":\"ImageObject\",\"inLanguage\":\"es\",\"@id\":\"https:\\\/\\\/secure.gravatar.com\\\/avatar\\\/b71bf7481d447dfb9583c7f2798e7cc64de6efb9067b74633ed8c31059a3bd82?s=96&d=mm&r=g\",\"url\":\"https:\\\/\\\/secure.gravatar.com\\\/avatar\\\/b71bf7481d447dfb9583c7f2798e7cc64de6efb9067b74633ed8c31059a3bd82?s=96&d=mm&r=g\",\"contentUrl\":\"https:\\\/\\\/secure.gravatar.com\\\/avatar\\\/b71bf7481d447dfb9583c7f2798e7cc64de6efb9067b74633ed8c31059a3bd82?s=96&d=mm&r=g\",\"caption\":\"Sebastian\"},\"url\":\"https:\\\/\\\/informelitoral.com.ar\\\/author\\\/sebastian\\\/\"}]}<\/script>","yoast_head_json":{"title":"Paro docente: 12 provincias podr\u00edan no iniciar el ciclo lectivo 2025 - Informe Litoral","robots":{"index":"index","follow":"follow","max-snippet":"max-snippet:-1","max-image-preview":"max-image-preview:large","max-video-preview":"max-video-preview:-1"},"canonical":"https:\/\/informelitoral.com.ar\/paro-docente-en-puerta-12-provincias-podrian-no-iniciar-el-ciclo-lectivo-2025\/","og_locale":"es_ES","og_type":"article","og_title":"Paro docente: 12 provincias podr\u00edan no iniciar el ciclo lectivo 2025 - Informe Litoral","og_description":"Ser\u00e1 este 24 de febrero y 3 de marzo. En ambas fechas est\u00e1 convocado el inicio de clases en el ciclo inicial, primario y secundario.","og_url":"https:\/\/informelitoral.com.ar\/paro-docente-en-puerta-12-provincias-podrian-no-iniciar-el-ciclo-lectivo-2025\/","og_site_name":"Informe Litoral","article_publisher":"https:\/\/www.facebook.com\/informelitoral\/","article_published_time":"2025-02-20T15:48:06+00:00","article_modified_time":"2025-02-20T17:41:09+00:00","og_image":[{"width":900,"height":600,"url":"https:\/\/informelitoral.com.ar\/%77%70%2d%63%6f%6e%74%65%6e%74\/uploads\/2025\/02\/e_1735253357_9353.webp","type":"image\/webp"}],"author":"Sebastian","twitter_card":"summary_large_image","twitter_creator":"@InformeLitoral","twitter_site":"@InformeLitoral","twitter_misc":{"Escrito por":"Sebastian","Tiempo de lectura":"2 minutos"},"schema":{"@context":"https:\/\/schema.org","@graph":[{"@type":"Article","@id":"https:\/\/informelitoral.com.ar\/paro-docente-en-puerta-12-provincias-podrian-no-iniciar-el-ciclo-lectivo-2025\/#article","isPartOf":{"@id":"https:\/\/informelitoral.com.ar\/paro-docente-en-puerta-12-provincias-podrian-no-iniciar-el-ciclo-lectivo-2025\/"},"author":{"name":"Sebastian","@id":"https:\/\/informelitoral.com.ar\/#\/schema\/person\/f05f9f461677119578717524b127d6d5"},"headline":"Paro docente: 12 provincias podr\u00edan no iniciar el ciclo lectivo 2025","datePublished":"2025-02-20T15:48:06+00:00","dateModified":"2025-02-20T17:41:09+00:00","mainEntityOfPage":{"@id":"https:\/\/informelitoral.com.ar\/paro-docente-en-puerta-12-provincias-podrian-no-iniciar-el-ciclo-lectivo-2025\/"},"wordCount":482,"commentCount":0,"publisher":{"@id":"https:\/\/informelitoral.com.ar\/#organization"},"image":{"@id":"https:\/\/informelitoral.com.ar\/paro-docente-en-puerta-12-provincias-podrian-no-iniciar-el-ciclo-lectivo-2025\/#primaryimage"},"thumbnailUrl":"https:\/\/informelitoral.com.ar\/%77%70%2d%63%6f%6e%74%65%6e%74\/uploads\/2025\/02\/e_1735253357_9353.webp","keywords":["CGT","Ciclo lectivo","Paro docente"],"articleSection":["Nacionales"],"inLanguage":"es","potentialAction":[{"@type":"CommentAction","name":"Comment","target":["https:\/\/informelitoral.com.ar\/paro-docente-en-puerta-12-provincias-podrian-no-iniciar-el-ciclo-lectivo-2025\/#respond"]}]},{"@type":"WebPage","@id":"https:\/\/informelitoral.com.ar\/paro-docente-en-puerta-12-provincias-podrian-no-iniciar-el-ciclo-lectivo-2025\/","url":"https:\/\/informelitoral.com.ar\/paro-docente-en-puerta-12-provincias-podrian-no-iniciar-el-ciclo-lectivo-2025\/","name":"Paro docente: 12 provincias podr\u00edan no iniciar el ciclo lectivo 2025 - Informe Litoral","isPartOf":{"@id":"https:\/\/informelitoral.com.ar\/#website"},"primaryImageOfPage":{"@id":"https:\/\/informelitoral.com.ar\/paro-docente-en-puerta-12-provincias-podrian-no-iniciar-el-ciclo-lectivo-2025\/#primaryimage"},"image":{"@id":"https:\/\/informelitoral.com.ar\/paro-docente-en-puerta-12-provincias-podrian-no-iniciar-el-ciclo-lectivo-2025\/#primaryimage"},"thumbnailUrl":"https:\/\/informelitoral.com.ar\/%77%70%2d%63%6f%6e%74%65%6e%74\/uploads\/2025\/02\/e_1735253357_9353.webp","datePublished":"2025-02-20T15:48:06+00:00","dateModified":"2025-02-20T17:41:09+00:00","breadcrumb":{"@id":"https:\/\/informelitoral.com.ar\/paro-docente-en-puerta-12-provincias-podrian-no-iniciar-el-ciclo-lectivo-2025\/#breadcrumb"},"inLanguage":"es","potentialAction":[{"@type":"ReadAction","target":["https:\/\/informelitoral.com.ar\/paro-docente-en-puerta-12-provincias-podrian-no-iniciar-el-ciclo-lectivo-2025\/"]}]},{"@type":"ImageObject","inLanguage":"es","@id":"https:\/\/informelitoral.com.ar\/paro-docente-en-puerta-12-provincias-podrian-no-iniciar-el-ciclo-lectivo-2025\/#primaryimage","url":"https:\/\/informelitoral.com.ar\/%77%70%2d%63%6f%6e%74%65%6e%74\/uploads\/2025\/02\/e_1735253357_9353.webp","contentUrl":"https:\/\/informelitoral.com.ar\/%77%70%2d%63%6f%6e%74%65%6e%74\/uploads\/2025\/02\/e_1735253357_9353.webp","width":900,"height":600},{"@type":"BreadcrumbList","@id":"https:\/\/informelitoral.com.ar\/paro-docente-en-puerta-12-provincias-podrian-no-iniciar-el-ciclo-lectivo-2025\/#breadcrumb","itemListElement":[{"@type":"ListItem","position":1,"name":"Portada","item":"https:\/\/informelitoral.com.ar\/"},{"@type":"ListItem","position":2,"name":"Paro docente: 12 provincias podr\u00edan no iniciar el ciclo lectivo 2025"}]},{"@type":"WebSite","@id":"https:\/\/informelitoral.com.ar\/#website","url":"https:\/\/informelitoral.com.ar\/","name":"Informe Litoral","description":"&quot;Nos informamos&quot; ","publisher":{"@id":"https:\/\/informelitoral.com.ar\/#organization"},"potentialAction":[{"@type":"SearchAction","target":{"@type":"EntryPoint","urlTemplate":"https:\/\/informelitoral.com.ar\/?s={search_term_string}"},"query-input":{"@type":"PropertyValueSpecification","valueRequired":true,"valueName":"search_term_string"}}],"inLanguage":"es"},{"@type":"Organization","@id":"https:\/\/informelitoral.com.ar\/#organization","name":"Informe Litoral","url":"https:\/\/informelitoral.com.ar\/","logo":{"@type":"ImageObject","inLanguage":"es","@id":"https:\/\/informelitoral.com.ar\/#\/schema\/logo\/image\/","url":"https:\/\/informelitoral.com.ar\/%77%70%2d%63%6f%6e%74%65%6e%74\/uploads\/2021\/01\/circulo.png","contentUrl":"https:\/\/informelitoral.com.ar\/%77%70%2d%63%6f%6e%74%65%6e%74\/uploads\/2021\/01\/circulo.png","width":723,"height":731,"caption":"Informe Litoral"},"image":{"@id":"https:\/\/informelitoral.com.ar\/#\/schema\/logo\/image\/"},"sameAs":["https:\/\/www.facebook.com\/informelitoral\/","https:\/\/x.com\/InformeLitoral","https:\/\/www.instagram.com\/informelitoral\/","https:\/\/www.youtube.com\/channel\/UCua4Qvz8Icb6MYqhoq9xLXw"]},{"@type":"Person","@id":"https:\/\/informelitoral.com.ar\/#\/schema\/person\/f05f9f461677119578717524b127d6d5","name":"Sebastian","image":{"@type":"ImageObject","inLanguage":"es","@id":"https:\/\/secure.gravatar.com\/avatar\/b71bf7481d447dfb9583c7f2798e7cc64de6efb9067b74633ed8c31059a3bd82?s=96&d=mm&r=g","url":"https:\/\/secure.gravatar.com\/avatar\/b71bf7481d447dfb9583c7f2798e7cc64de6efb9067b74633ed8c31059a3bd82?s=96&d=mm&r=g","contentUrl":"https:\/\/secure.gravatar.com\/avatar\/b71bf7481d447dfb9583c7f2798e7cc64de6efb9067b74633ed8c31059a3bd82?s=96&d=mm&r=g","caption":"Sebastian"},"url":"https:\/\/informelitoral.com.ar\/author\/sebastian\/"}]}},"_links":{"self":[{"href":"https:\/\/informelitoral.com.ar\/%77%70%2d%6a%73%6f%6e\/wp\/v2\/posts\/212580","targetHints":{"allow":["GET"]}}],"collection":[{"href":"https:\/\/informelitoral.com.ar\/%77%70%2d%6a%73%6f%6e\/wp\/v2\/posts"}],"about":[{"href":"https:\/\/informelitoral.com.ar\/%77%70%2d%6a%73%6f%6e\/wp\/v2\/types\/post"}],"author":[{"embeddable":true,"href":"https:\/\/informelitoral.com.ar\/%77%70%2d%6a%73%6f%6e\/wp\/v2\/users\/8"}],"replies":[{"embeddable":true,"href":"https:\/\/informelitoral.com.ar\/%77%70%2d%6a%73%6f%6e\/wp\/v2\/comments?post=212580"}],"version-history":[{"count":0,"href":"https:\/\/informelitoral.com.ar\/%77%70%2d%6a%73%6f%6e\/wp\/v2\/posts\/212580\/revisions"}],"wp:featuredmedia":[{"embeddable":true,"href":"https:\/\/informelitoral.com.ar\/%77%70%2d%6a%73%6f%6e\/wp\/v2\/media\/212581"}],"wp:attachment":[{"href":"https:\/\/informelitoral.com.ar\/%77%70%2d%6a%73%6f%6e\/wp\/v2\/media?parent=212580"}],"wp:term":[{"taxonomy":"category","embeddable":true,"href":"https:\/\/informelitoral.com.ar\/%77%70%2d%6a%73%6f%6e\/wp\/v2\/categories?post=212580"},{"taxonomy":"post_tag","embeddable":true,"href":"https:\/\/informelitoral.com.ar\/%77%70%2d%6a%73%6f%6e\/wp\/v2\/tags?post=212580"}],"curies":[{"name":"wp","href":"https:\/\/api.w.org\/{rel}","templated":true}]}}