{"id":212498,"date":"2025-02-20T08:52:44","date_gmt":"2025-02-20T11:52:44","guid":{"rendered":"https:\/\/informelitoral.com.ar\/?p=212498"},"modified":"2025-02-20T08:52:44","modified_gmt":"2025-02-20T11:52:44","slug":"que-dijo-el-chino-maidana-tras-su-terrible-accidente","status":"publish","type":"post","link":"https:\/\/informelitoral.com.ar\/que-dijo-el-chino-maidana-tras-su-terrible-accidente\/","title":{"rendered":"Qu\u00e9 dijo el Chino Maidana tras su terrible accidente"},"content":{"rendered":"<p class=\"paragraph\"><a href=\"https:\/\/tn.com.ar\/deportes\/boxeo\/2025\/02\/19\/se-conocio-como-esta-el-chino-maidana-tras-sufrir-un-accidente-con-su-moto-y-quedar-internado\/\" target=\"_blank\" rel=\"noopener\"><b>Marcos \u201cChino\u201d Maidana<\/b><\/a>\u00a0habl\u00f3 por primera vez luego de\u00a0<b>su terrible accidente en moto en una ruta de Santa Fe<\/b>. El exboxeador grab\u00f3 un video desde el hospital y cont\u00f3 c\u00f3mo fue el choque contra el auto.<\/p>\n<div class=\"AV6543bedcd858799fe90b5c47\">\n<div id=\"aniBox\">\n<div id=\"aniplayer_AV6543bedcd858799fe90b5c47-1740052279824\">\n<div id=\"aniplayer_AV6543bedcd858799fe90b5c47-1740052279824gui\">\n<div id=\"av-caption\">\n<div id=\"av-close-btn-overlay\" class=\"av-pos-top-left\"><\/div>\n<\/div>\n<\/div>\n<\/div>\n<\/div>\n<\/div>\n<p class=\"paragraph\">\u201cGracias a todos, estoy bien.\u00a0<b>Me duele un poco el \u2018lomo\u2019 porque pegu\u00e9 en el piso, el pie, un poco, creo que cuando ca\u00ed apoy\u00e9<\/b>. Pero re bien loco, gracias por el aguante a todos, gracias por preguntar\u201d, afirm\u00f3 desde la camilla. Y agreg\u00f3: \u201c<b>Estoy bien, vivo. Iba a 200 (km\/h) y agarr\u00e9 el auto, imag\u00ednate. Gracias a Dios. Fue un milagro<\/b>\u201d.<\/p>\n<p class=\"paragraph\">El pasado martes por la tarde,\u00a0<b>el exboxeador iba en una moto y fue atropellado por un Renault Clio<\/b>. El excampe\u00f3n del mundo iba por la ruta cuando el otro involucrado quiso entrar y lo choc\u00f3.<\/p>\n<p class=\"paragraph\">El impacto fue tan grande que la trompa completa del autom\u00f3vil fue arrancada de lugar, inclusive el motor.<\/p>\n<h2 class=\"font--primary font__display\"><strong>As\u00ed fue el brutal accidente del Chino Maidana en la ruta<\/strong><\/h2>\n<div class=\"genoa_video raw relative\">\n<div class=\"video_placeholder\">\n<div class=\"aspect_ratio__container\"><picture class=\"responsive-image\"><source srcset=\"https:\/\/tn.com.ar\/resizer\/v2\/https%3A%2F%2Fthumbs.vodgc.net%2F1-14-f8jJny1739905918148-1739906328.jpg?auth=1f036aa75451a6236d40a236a9ab61fdef220eea0b41838d21e9c8c9b90e46cd&amp;width=767\" type=\"image\/jpg\" media=\"(max-width: 728px)\" \/><source srcset=\"https:\/\/tn.com.ar\/resizer\/v2\/https%3A%2F%2Fthumbs.vodgc.net%2F1-14-f8jJny1739905918148-1739906328.jpg?auth=1f036aa75451a6236d40a236a9ab61fdef220eea0b41838d21e9c8c9b90e46cd&amp;width=1023\" type=\"image\/jpg\" media=\"(max-width: 1023px)\" \/><source srcset=\"https:\/\/tn.com.ar\/resizer\/v2\/https%3A%2F%2Fthumbs.vodgc.net%2F1-14-f8jJny1739905918148-1739906328.jpg?auth=1f036aa75451a6236d40a236a9ab61fdef220eea0b41838d21e9c8c9b90e46cd&amp;width=1440\" type=\"image\/jpg\" \/><img decoding=\"async\" class=\"image image_placeholder\" draggable=\"true\" src=\"https:\/\/tn.com.ar\/resizer\/v2\/https%3A%2F%2Fthumbs.vodgc.net%2F1-14-f8jJny1739905918148-1739906328.jpg?auth=1f036aa75451a6236d40a236a9ab61fdef220eea0b41838d21e9c8c9b90e46cd&amp;width=767\" alt=\"Video Placeholder\" \/><\/picture><\/div>\n<p><button type=\"button\" data-testid=\"video-placeholder-button\"><\/button><\/div>\n<\/div>\n<div class=\"genoa_description font__body-regular\">Conmoci\u00f3n en el mundo del deporte: el Chino Maidana sufri\u00f3 un terrible accidente en la ruta y qued\u00f3 internado. (Foto y video: MediosVirtuales.com.ar)<\/div>\n<h2 class=\"font--primary font__display\">El comunicado de la productora del Chino Maidana sobre su salud<\/h2>\n<p class=\"paragraph\">En medio de la incertidumbre y la preocupaci\u00f3n, desde la cuenta oficial de la productora de peleas dieron detalles sobre la salud del excampe\u00f3n. \u201csu equipo oficial emiti\u00f3 un comunicado, detall\u00f3 el estado de salud del boxeador y llev\u00f3 tranquilidad a sus seguidores. \u201c<b>Marcos \u2018Chino\u2019 Maidana result\u00f3 ileso del fuerte accidente que sufri\u00f3 en el d\u00eda de hoy. Agradecemos a todos los fan\u00e1ticos y a todas las personalidades del mundo que mandaron sus fuerzas en este momento. \u00a1Gracias a todos!<\/b>\u201d, escribieron.<\/p>\n","protected":false},"excerpt":{"rendered":"<p>El exboxeador iba en moto y choc\u00f3 en la ruta 11 de Santa Fe contra un auto. El episodio gener\u00f3 enorme preocupaci\u00f3n en el mundo del deporte.<\/p>\n","protected":false},"author":8,"featured_media":212499,"comment_status":"open","ping_status":"open","sticky":false,"template":"","format":"standard","meta":{"fifu_image_url":"","fifu_image_alt":"","footnotes":""},"categories":[12],"tags":[],"class_list":{"0":"post-212498","1":"post","2":"type-post","3":"status-publish","4":"format-standard","5":"has-post-thumbnail","7":"category-espectaculos"},"yoast_head":"<title>Qu\u00e9 dijo el Chino Maidana tras su terrible accidente - Informe Litoral<\/title>\n<meta name=\"robots\" content=\"index, follow, max-snippet:-1, max-image-preview:large, max-video-preview:-1\" \/>\n<link rel=\"canonical\" href=\"https:\/\/informelitoral.com.ar\/que-dijo-el-chino-maidana-tras-su-terrible-accidente\/\" \/>\n<meta property=\"og:locale\" content=\"es_ES\" \/>\n<meta property=\"og:type\" content=\"article\" \/>\n<meta property=\"og:title\" content=\"Qu\u00e9 dijo el Chino Maidana tras su terrible accidente - Informe Litoral\" \/>\n<meta property=\"og:description\" content=\"El exboxeador iba en moto y choc\u00f3 en la ruta 11 de Santa Fe contra un auto. El episodio gener\u00f3 enorme preocupaci\u00f3n en el mundo del deporte.\" \/>\n<meta property=\"og:url\" content=\"https:\/\/informelitoral.com.ar\/que-dijo-el-chino-maidana-tras-su-terrible-accidente\/\" \/>\n<meta property=\"og:site_name\" content=\"Informe Litoral\" \/>\n<meta property=\"article:publisher\" content=\"https:\/\/www.facebook.com\/informelitoral\/\" \/>\n<meta property=\"article:published_time\" content=\"2025-02-20T11:52:44+00:00\" \/>\n<meta property=\"og:image\" content=\"https:\/\/informelitoral.com.ar\/%77%70%2d%63%6f%6e%74%65%6e%74\/uploads\/2025\/02\/fotojet_-_2025-02-19t210315_841.jpg_1669265539.webp\" \/>\n\t<meta property=\"og:image:width\" content=\"720\" \/>\n\t<meta property=\"og:image:height\" content=\"406\" \/>\n\t<meta property=\"og:image:type\" content=\"image\/webp\" \/>\n<meta name=\"author\" content=\"Sebastian\" \/>\n<meta name=\"twitter:card\" content=\"summary_large_image\" \/>\n<meta name=\"twitter:creator\" content=\"@InformeLitoral\" \/>\n<meta name=\"twitter:site\" content=\"@InformeLitoral\" \/>\n<meta name=\"twitter:label1\" content=\"Escrito por\" \/>\n\t<meta name=\"twitter:data1\" content=\"Sebastian\" \/>\n\t<meta name=\"twitter:label2\" content=\"Tiempo de lectura\" \/>\n\t<meta name=\"twitter:data2\" content=\"1 minuto\" \/>\n<script type=\"application\/ld+json\" class=\"yoast-schema-graph\">{\"@context\":\"https:\\\/\\\/schema.org\",\"@graph\":[{\"@type\":\"Article\",\"@id\":\"https:\\\/\\\/informelitoral.com.ar\\\/que-dijo-el-chino-maidana-tras-su-terrible-accidente\\\/#article\",\"isPartOf\":{\"@id\":\"https:\\\/\\\/informelitoral.com.ar\\\/que-dijo-el-chino-maidana-tras-su-terrible-accidente\\\/\"},\"author\":{\"name\":\"Sebastian\",\"@id\":\"https:\\\/\\\/informelitoral.com.ar\\\/#\\\/schema\\\/person\\\/f05f9f461677119578717524b127d6d5\"},\"headline\":\"Qu\u00e9 dijo el Chino Maidana tras su terrible accidente\",\"datePublished\":\"2025-02-20T11:52:44+00:00\",\"mainEntityOfPage\":{\"@id\":\"https:\\\/\\\/informelitoral.com.ar\\\/que-dijo-el-chino-maidana-tras-su-terrible-accidente\\\/\"},\"wordCount\":299,\"commentCount\":0,\"publisher\":{\"@id\":\"https:\\\/\\\/informelitoral.com.ar\\\/#organization\"},\"image\":{\"@id\":\"https:\\\/\\\/informelitoral.com.ar\\\/que-dijo-el-chino-maidana-tras-su-terrible-accidente\\\/#primaryimage\"},\"thumbnailUrl\":\"https:\\\/\\\/informelitoral.com.ar\\\/%77%70%2d%63%6f%6e%74%65%6e%74\\\/uploads\\\/2025\\\/02\\\/fotojet_-_2025-02-19t210315_841.jpg_1669265539.webp\",\"articleSection\":[\"Espect\u00e1culos\"],\"inLanguage\":\"es\",\"potentialAction\":[{\"@type\":\"CommentAction\",\"name\":\"Comment\",\"target\":[\"https:\\\/\\\/informelitoral.com.ar\\\/que-dijo-el-chino-maidana-tras-su-terrible-accidente\\\/#respond\"]}]},{\"@type\":\"WebPage\",\"@id\":\"https:\\\/\\\/informelitoral.com.ar\\\/que-dijo-el-chino-maidana-tras-su-terrible-accidente\\\/\",\"url\":\"https:\\\/\\\/informelitoral.com.ar\\\/que-dijo-el-chino-maidana-tras-su-terrible-accidente\\\/\",\"name\":\"Qu\u00e9 dijo el Chino Maidana tras su terrible accidente - Informe Litoral\",\"isPartOf\":{\"@id\":\"https:\\\/\\\/informelitoral.com.ar\\\/#website\"},\"primaryImageOfPage\":{\"@id\":\"https:\\\/\\\/informelitoral.com.ar\\\/que-dijo-el-chino-maidana-tras-su-terrible-accidente\\\/#primaryimage\"},\"image\":{\"@id\":\"https:\\\/\\\/informelitoral.com.ar\\\/que-dijo-el-chino-maidana-tras-su-terrible-accidente\\\/#primaryimage\"},\"thumbnailUrl\":\"https:\\\/\\\/informelitoral.com.ar\\\/%77%70%2d%63%6f%6e%74%65%6e%74\\\/uploads\\\/2025\\\/02\\\/fotojet_-_2025-02-19t210315_841.jpg_1669265539.webp\",\"datePublished\":\"2025-02-20T11:52:44+00:00\",\"breadcrumb\":{\"@id\":\"https:\\\/\\\/informelitoral.com.ar\\\/que-dijo-el-chino-maidana-tras-su-terrible-accidente\\\/#breadcrumb\"},\"inLanguage\":\"es\",\"potentialAction\":[{\"@type\":\"ReadAction\",\"target\":[\"https:\\\/\\\/informelitoral.com.ar\\\/que-dijo-el-chino-maidana-tras-su-terrible-accidente\\\/\"]}]},{\"@type\":\"ImageObject\",\"inLanguage\":\"es\",\"@id\":\"https:\\\/\\\/informelitoral.com.ar\\\/que-dijo-el-chino-maidana-tras-su-terrible-accidente\\\/#primaryimage\",\"url\":\"https:\\\/\\\/informelitoral.com.ar\\\/%77%70%2d%63%6f%6e%74%65%6e%74\\\/uploads\\\/2025\\\/02\\\/fotojet_-_2025-02-19t210315_841.jpg_1669265539.webp\",\"contentUrl\":\"https:\\\/\\\/informelitoral.com.ar\\\/%77%70%2d%63%6f%6e%74%65%6e%74\\\/uploads\\\/2025\\\/02\\\/fotojet_-_2025-02-19t210315_841.jpg_1669265539.webp\",\"width\":720,\"height\":406},{\"@type\":\"BreadcrumbList\",\"@id\":\"https:\\\/\\\/informelitoral.com.ar\\\/que-dijo-el-chino-maidana-tras-su-terrible-accidente\\\/#breadcrumb\",\"itemListElement\":[{\"@type\":\"ListItem\",\"position\":1,\"name\":\"Portada\",\"item\":\"https:\\\/\\\/informelitoral.com.ar\\\/\"},{\"@type\":\"ListItem\",\"position\":2,\"name\":\"Qu\u00e9 dijo el Chino Maidana tras su terrible accidente\"}]},{\"@type\":\"WebSite\",\"@id\":\"https:\\\/\\\/informelitoral.com.ar\\\/#website\",\"url\":\"https:\\\/\\\/informelitoral.com.ar\\\/\",\"name\":\"Informe Litoral\",\"description\":\"&quot;Nos informamos&quot; \",\"publisher\":{\"@id\":\"https:\\\/\\\/informelitoral.com.ar\\\/#organization\"},\"potentialAction\":[{\"@type\":\"SearchAction\",\"target\":{\"@type\":\"EntryPoint\",\"urlTemplate\":\"https:\\\/\\\/informelitoral.com.ar\\\/?s={search_term_string}\"},\"query-input\":{\"@type\":\"PropertyValueSpecification\",\"valueRequired\":true,\"valueName\":\"search_term_string\"}}],\"inLanguage\":\"es\"},{\"@type\":\"Organization\",\"@id\":\"https:\\\/\\\/informelitoral.com.ar\\\/#organization\",\"name\":\"Informe Litoral\",\"url\":\"https:\\\/\\\/informelitoral.com.ar\\\/\",\"logo\":{\"@type\":\"ImageObject\",\"inLanguage\":\"es\",\"@id\":\"https:\\\/\\\/informelitoral.com.ar\\\/#\\\/schema\\\/logo\\\/image\\\/\",\"url\":\"https:\\\/\\\/informelitoral.com.ar\\\/%77%70%2d%63%6f%6e%74%65%6e%74\\\/uploads\\\/2021\\\/01\\\/circulo.png\",\"contentUrl\":\"https:\\\/\\\/informelitoral.com.ar\\\/%77%70%2d%63%6f%6e%74%65%6e%74\\\/uploads\\\/2021\\\/01\\\/circulo.png\",\"width\":723,\"height\":731,\"caption\":\"Informe Litoral\"},\"image\":{\"@id\":\"https:\\\/\\\/informelitoral.com.ar\\\/#\\\/schema\\\/logo\\\/image\\\/\"},\"sameAs\":[\"https:\\\/\\\/www.facebook.com\\\/informelitoral\\\/\",\"https:\\\/\\\/x.com\\\/InformeLitoral\",\"https:\\\/\\\/www.instagram.com\\\/informelitoral\\\/\",\"https:\\\/\\\/www.youtube.com\\\/channel\\\/UCua4Qvz8Icb6MYqhoq9xLXw\"]},{\"@type\":\"Person\",\"@id\":\"https:\\\/\\\/informelitoral.com.ar\\\/#\\\/schema\\\/person\\\/f05f9f461677119578717524b127d6d5\",\"name\":\"Sebastian\",\"image\":{\"@type\":\"ImageObject\",\"inLanguage\":\"es\",\"@id\":\"https:\\\/\\\/secure.gravatar.com\\\/avatar\\\/b71bf7481d447dfb9583c7f2798e7cc64de6efb9067b74633ed8c31059a3bd82?s=96&d=mm&r=g\",\"url\":\"https:\\\/\\\/secure.gravatar.com\\\/avatar\\\/b71bf7481d447dfb9583c7f2798e7cc64de6efb9067b74633ed8c31059a3bd82?s=96&d=mm&r=g\",\"contentUrl\":\"https:\\\/\\\/secure.gravatar.com\\\/avatar\\\/b71bf7481d447dfb9583c7f2798e7cc64de6efb9067b74633ed8c31059a3bd82?s=96&d=mm&r=g\",\"caption\":\"Sebastian\"},\"url\":\"https:\\\/\\\/informelitoral.com.ar\\\/author\\\/sebastian\\\/\"}]}<\/script>","yoast_head_json":{"title":"Qu\u00e9 dijo el Chino Maidana tras su terrible accidente - Informe Litoral","robots":{"index":"index","follow":"follow","max-snippet":"max-snippet:-1","max-image-preview":"max-image-preview:large","max-video-preview":"max-video-preview:-1"},"canonical":"https:\/\/informelitoral.com.ar\/que-dijo-el-chino-maidana-tras-su-terrible-accidente\/","og_locale":"es_ES","og_type":"article","og_title":"Qu\u00e9 dijo el Chino Maidana tras su terrible accidente - Informe Litoral","og_description":"El exboxeador iba en moto y choc\u00f3 en la ruta 11 de Santa Fe contra un auto. El episodio gener\u00f3 enorme preocupaci\u00f3n en el mundo del deporte.","og_url":"https:\/\/informelitoral.com.ar\/que-dijo-el-chino-maidana-tras-su-terrible-accidente\/","og_site_name":"Informe Litoral","article_publisher":"https:\/\/www.facebook.com\/informelitoral\/","article_published_time":"2025-02-20T11:52:44+00:00","og_image":[{"width":720,"height":406,"url":"https:\/\/informelitoral.com.ar\/%77%70%2d%63%6f%6e%74%65%6e%74\/uploads\/2025\/02\/fotojet_-_2025-02-19t210315_841.jpg_1669265539.webp","type":"image\/webp"}],"author":"Sebastian","twitter_card":"summary_large_image","twitter_creator":"@InformeLitoral","twitter_site":"@InformeLitoral","twitter_misc":{"Escrito por":"Sebastian","Tiempo de lectura":"1 minuto"},"schema":{"@context":"https:\/\/schema.org","@graph":[{"@type":"Article","@id":"https:\/\/informelitoral.com.ar\/que-dijo-el-chino-maidana-tras-su-terrible-accidente\/#article","isPartOf":{"@id":"https:\/\/informelitoral.com.ar\/que-dijo-el-chino-maidana-tras-su-terrible-accidente\/"},"author":{"name":"Sebastian","@id":"https:\/\/informelitoral.com.ar\/#\/schema\/person\/f05f9f461677119578717524b127d6d5"},"headline":"Qu\u00e9 dijo el Chino Maidana tras su terrible accidente","datePublished":"2025-02-20T11:52:44+00:00","mainEntityOfPage":{"@id":"https:\/\/informelitoral.com.ar\/que-dijo-el-chino-maidana-tras-su-terrible-accidente\/"},"wordCount":299,"commentCount":0,"publisher":{"@id":"https:\/\/informelitoral.com.ar\/#organization"},"image":{"@id":"https:\/\/informelitoral.com.ar\/que-dijo-el-chino-maidana-tras-su-terrible-accidente\/#primaryimage"},"thumbnailUrl":"https:\/\/informelitoral.com.ar\/%77%70%2d%63%6f%6e%74%65%6e%74\/uploads\/2025\/02\/fotojet_-_2025-02-19t210315_841.jpg_1669265539.webp","articleSection":["Espect\u00e1culos"],"inLanguage":"es","potentialAction":[{"@type":"CommentAction","name":"Comment","target":["https:\/\/informelitoral.com.ar\/que-dijo-el-chino-maidana-tras-su-terrible-accidente\/#respond"]}]},{"@type":"WebPage","@id":"https:\/\/informelitoral.com.ar\/que-dijo-el-chino-maidana-tras-su-terrible-accidente\/","url":"https:\/\/informelitoral.com.ar\/que-dijo-el-chino-maidana-tras-su-terrible-accidente\/","name":"Qu\u00e9 dijo el Chino Maidana tras su terrible accidente - Informe Litoral","isPartOf":{"@id":"https:\/\/informelitoral.com.ar\/#website"},"primaryImageOfPage":{"@id":"https:\/\/informelitoral.com.ar\/que-dijo-el-chino-maidana-tras-su-terrible-accidente\/#primaryimage"},"image":{"@id":"https:\/\/informelitoral.com.ar\/que-dijo-el-chino-maidana-tras-su-terrible-accidente\/#primaryimage"},"thumbnailUrl":"https:\/\/informelitoral.com.ar\/%77%70%2d%63%6f%6e%74%65%6e%74\/uploads\/2025\/02\/fotojet_-_2025-02-19t210315_841.jpg_1669265539.webp","datePublished":"2025-02-20T11:52:44+00:00","breadcrumb":{"@id":"https:\/\/informelitoral.com.ar\/que-dijo-el-chino-maidana-tras-su-terrible-accidente\/#breadcrumb"},"inLanguage":"es","potentialAction":[{"@type":"ReadAction","target":["https:\/\/informelitoral.com.ar\/que-dijo-el-chino-maidana-tras-su-terrible-accidente\/"]}]},{"@type":"ImageObject","inLanguage":"es","@id":"https:\/\/informelitoral.com.ar\/que-dijo-el-chino-maidana-tras-su-terrible-accidente\/#primaryimage","url":"https:\/\/informelitoral.com.ar\/%77%70%2d%63%6f%6e%74%65%6e%74\/uploads\/2025\/02\/fotojet_-_2025-02-19t210315_841.jpg_1669265539.webp","contentUrl":"https:\/\/informelitoral.com.ar\/%77%70%2d%63%6f%6e%74%65%6e%74\/uploads\/2025\/02\/fotojet_-_2025-02-19t210315_841.jpg_1669265539.webp","width":720,"height":406},{"@type":"BreadcrumbList","@id":"https:\/\/informelitoral.com.ar\/que-dijo-el-chino-maidana-tras-su-terrible-accidente\/#breadcrumb","itemListElement":[{"@type":"ListItem","position":1,"name":"Portada","item":"https:\/\/informelitoral.com.ar\/"},{"@type":"ListItem","position":2,"name":"Qu\u00e9 dijo el Chino Maidana tras su terrible accidente"}]},{"@type":"WebSite","@id":"https:\/\/informelitoral.com.ar\/#website","url":"https:\/\/informelitoral.com.ar\/","name":"Informe Litoral","description":"&quot;Nos informamos&quot; ","publisher":{"@id":"https:\/\/informelitoral.com.ar\/#organization"},"potentialAction":[{"@type":"SearchAction","target":{"@type":"EntryPoint","urlTemplate":"https:\/\/informelitoral.com.ar\/?s={search_term_string}"},"query-input":{"@type":"PropertyValueSpecification","valueRequired":true,"valueName":"search_term_string"}}],"inLanguage":"es"},{"@type":"Organization","@id":"https:\/\/informelitoral.com.ar\/#organization","name":"Informe Litoral","url":"https:\/\/informelitoral.com.ar\/","logo":{"@type":"ImageObject","inLanguage":"es","@id":"https:\/\/informelitoral.com.ar\/#\/schema\/logo\/image\/","url":"https:\/\/informelitoral.com.ar\/%77%70%2d%63%6f%6e%74%65%6e%74\/uploads\/2021\/01\/circulo.png","contentUrl":"https:\/\/informelitoral.com.ar\/%77%70%2d%63%6f%6e%74%65%6e%74\/uploads\/2021\/01\/circulo.png","width":723,"height":731,"caption":"Informe Litoral"},"image":{"@id":"https:\/\/informelitoral.com.ar\/#\/schema\/logo\/image\/"},"sameAs":["https:\/\/www.facebook.com\/informelitoral\/","https:\/\/x.com\/InformeLitoral","https:\/\/www.instagram.com\/informelitoral\/","https:\/\/www.youtube.com\/channel\/UCua4Qvz8Icb6MYqhoq9xLXw"]},{"@type":"Person","@id":"https:\/\/informelitoral.com.ar\/#\/schema\/person\/f05f9f461677119578717524b127d6d5","name":"Sebastian","image":{"@type":"ImageObject","inLanguage":"es","@id":"https:\/\/secure.gravatar.com\/avatar\/b71bf7481d447dfb9583c7f2798e7cc64de6efb9067b74633ed8c31059a3bd82?s=96&d=mm&r=g","url":"https:\/\/secure.gravatar.com\/avatar\/b71bf7481d447dfb9583c7f2798e7cc64de6efb9067b74633ed8c31059a3bd82?s=96&d=mm&r=g","contentUrl":"https:\/\/secure.gravatar.com\/avatar\/b71bf7481d447dfb9583c7f2798e7cc64de6efb9067b74633ed8c31059a3bd82?s=96&d=mm&r=g","caption":"Sebastian"},"url":"https:\/\/informelitoral.com.ar\/author\/sebastian\/"}]}},"_links":{"self":[{"href":"https:\/\/informelitoral.com.ar\/%77%70%2d%6a%73%6f%6e\/wp\/v2\/posts\/212498","targetHints":{"allow":["GET"]}}],"collection":[{"href":"https:\/\/informelitoral.com.ar\/%77%70%2d%6a%73%6f%6e\/wp\/v2\/posts"}],"about":[{"href":"https:\/\/informelitoral.com.ar\/%77%70%2d%6a%73%6f%6e\/wp\/v2\/types\/post"}],"author":[{"embeddable":true,"href":"https:\/\/informelitoral.com.ar\/%77%70%2d%6a%73%6f%6e\/wp\/v2\/users\/8"}],"replies":[{"embeddable":true,"href":"https:\/\/informelitoral.com.ar\/%77%70%2d%6a%73%6f%6e\/wp\/v2\/comments?post=212498"}],"version-history":[{"count":0,"href":"https:\/\/informelitoral.com.ar\/%77%70%2d%6a%73%6f%6e\/wp\/v2\/posts\/212498\/revisions"}],"wp:featuredmedia":[{"embeddable":true,"href":"https:\/\/informelitoral.com.ar\/%77%70%2d%6a%73%6f%6e\/wp\/v2\/media\/212499"}],"wp:attachment":[{"href":"https:\/\/informelitoral.com.ar\/%77%70%2d%6a%73%6f%6e\/wp\/v2\/media?parent=212498"}],"wp:term":[{"taxonomy":"category","embeddable":true,"href":"https:\/\/informelitoral.com.ar\/%77%70%2d%6a%73%6f%6e\/wp\/v2\/categories?post=212498"},{"taxonomy":"post_tag","embeddable":true,"href":"https:\/\/informelitoral.com.ar\/%77%70%2d%6a%73%6f%6e\/wp\/v2\/tags?post=212498"}],"curies":[{"name":"wp","href":"https:\/\/api.w.org\/{rel}","templated":true}]}}