{"id":212488,"date":"2025-02-20T08:25:47","date_gmt":"2025-02-20T11:25:47","guid":{"rendered":"https:\/\/informelitoral.com.ar\/?p=212488"},"modified":"2025-02-20T08:33:57","modified_gmt":"2025-02-20T11:33:57","slug":"dos-mujeres-jovenes-fueron-hospitalizadas-tras-un-accidente-de-transito-en-valle-maria","status":"publish","type":"post","link":"https:\/\/informelitoral.com.ar\/dos-mujeres-jovenes-fueron-hospitalizadas-tras-un-accidente-de-transito-en-valle-maria\/","title":{"rendered":"Dos j\u00f3venes fueron hospitalizadas tras un accidente de tr\u00e1nsito en Valle Mar\u00eda"},"content":{"rendered":"<p>En la tarde de este <strong>mi\u00e9rcoles<\/strong>, personal policial de <strong>Comisar\u00eda Valle Mar\u00eda<\/strong> asisti\u00f3 a personas involucradas en un siniestro vial, ocurrido en la intersecci\u00f3n de las calles <strong>Urquiza<\/strong> y <strong>Belgrano<\/strong>.<\/p>\n<p>En el lugar, un veh\u00edculo <strong>Renault Oroch<\/strong>, conducido por un hombre mayor de edad, colision\u00f3 con una <strong>motocicleta<\/strong> <strong>Motomel de 110 cc<\/strong>. donde se desplazaban dos mujeres j\u00f3venes. Producto del incidente, ellas debieron recibir atenci\u00f3n m\u00e9dica en el<strong> hospital de Diamante<\/strong>, por presentar lesiones leves que no revisten gravedad.<\/p>\n<p>La Polic\u00eda realiz\u00f3 las pericias accidentol\u00f3gicas para determinar la secuencia del siniestro. Desde la instituci\u00f3n policial se recuerda las medidas de precauci\u00f3n que se deben mantener al conducir para evitar la siniestralidad vial y proteger as\u00ed la vida.(<em>Informe Litoral<\/em>)<\/p>\n","protected":false},"excerpt":{"rendered":"<p>La polic\u00eda realiz\u00f3 las pericias accidentol\u00f3gicas para determinar la secuencia del siniestro.<\/p>\n","protected":false},"author":8,"featured_media":212489,"comment_status":"open","ping_status":"open","sticky":false,"template":"","format":"standard","meta":{"fifu_image_url":"","fifu_image_alt":"","footnotes":""},"categories":[14],"tags":[],"class_list":{"0":"post-212488","1":"post","2":"type-post","3":"status-publish","4":"format-standard","5":"has-post-thumbnail","7":"category-policiales"},"yoast_head":"<title>Dos j\u00f3venes fueron hospitalizadas tras un accidente de tr\u00e1nsito en Valle Mar\u00eda - Informe Litoral<\/title>\n<meta name=\"robots\" content=\"index, follow, max-snippet:-1, max-image-preview:large, max-video-preview:-1\" \/>\n<link rel=\"canonical\" href=\"https:\/\/informelitoral.com.ar\/dos-mujeres-jovenes-fueron-hospitalizadas-tras-un-accidente-de-transito-en-valle-maria\/\" \/>\n<meta property=\"og:locale\" content=\"es_ES\" \/>\n<meta property=\"og:type\" content=\"article\" \/>\n<meta property=\"og:title\" content=\"Dos j\u00f3venes fueron hospitalizadas tras un accidente de tr\u00e1nsito en Valle Mar\u00eda - Informe Litoral\" \/>\n<meta property=\"og:description\" content=\"La polic\u00eda realiz\u00f3 las pericias accidentol\u00f3gicas para determinar la secuencia del siniestro.\" \/>\n<meta property=\"og:url\" content=\"https:\/\/informelitoral.com.ar\/dos-mujeres-jovenes-fueron-hospitalizadas-tras-un-accidente-de-transito-en-valle-maria\/\" \/>\n<meta property=\"og:site_name\" content=\"Informe Litoral\" \/>\n<meta property=\"article:publisher\" content=\"https:\/\/www.facebook.com\/informelitoral\/\" \/>\n<meta property=\"article:published_time\" content=\"2025-02-20T11:25:47+00:00\" \/>\n<meta property=\"article:modified_time\" content=\"2025-02-20T11:33:57+00:00\" \/>\n<meta property=\"og:image\" content=\"https:\/\/informelitoral.com.ar\/%77%70%2d%63%6f%6e%74%65%6e%74\/uploads\/2025\/02\/506c63ac-1b84-4452-aa90-aa9de6cc52b4-e1740050685292.jpg\" \/>\n\t<meta property=\"og:image:width\" content=\"1218\" \/>\n\t<meta property=\"og:image:height\" content=\"1070\" \/>\n\t<meta property=\"og:image:type\" content=\"image\/jpeg\" \/>\n<meta name=\"author\" content=\"Sebastian\" \/>\n<meta name=\"twitter:card\" content=\"summary_large_image\" \/>\n<meta name=\"twitter:creator\" content=\"@InformeLitoral\" \/>\n<meta name=\"twitter:site\" content=\"@InformeLitoral\" \/>\n<meta name=\"twitter:label1\" content=\"Escrito por\" \/>\n\t<meta name=\"twitter:data1\" content=\"Sebastian\" \/>\n\t<meta name=\"twitter:label2\" content=\"Tiempo de lectura\" \/>\n\t<meta name=\"twitter:data2\" content=\"1 minuto\" \/>\n<script type=\"application\/ld+json\" class=\"yoast-schema-graph\">{\"@context\":\"https:\\\/\\\/schema.org\",\"@graph\":[{\"@type\":\"Article\",\"@id\":\"https:\\\/\\\/informelitoral.com.ar\\\/dos-mujeres-jovenes-fueron-hospitalizadas-tras-un-accidente-de-transito-en-valle-maria\\\/#article\",\"isPartOf\":{\"@id\":\"https:\\\/\\\/informelitoral.com.ar\\\/dos-mujeres-jovenes-fueron-hospitalizadas-tras-un-accidente-de-transito-en-valle-maria\\\/\"},\"author\":{\"name\":\"Sebastian\",\"@id\":\"https:\\\/\\\/informelitoral.com.ar\\\/#\\\/schema\\\/person\\\/f05f9f461677119578717524b127d6d5\"},\"headline\":\"Dos j\u00f3venes fueron hospitalizadas tras un accidente de tr\u00e1nsito en Valle Mar\u00eda\",\"datePublished\":\"2025-02-20T11:25:47+00:00\",\"dateModified\":\"2025-02-20T11:33:57+00:00\",\"mainEntityOfPage\":{\"@id\":\"https:\\\/\\\/informelitoral.com.ar\\\/dos-mujeres-jovenes-fueron-hospitalizadas-tras-un-accidente-de-transito-en-valle-maria\\\/\"},\"wordCount\":145,\"commentCount\":0,\"publisher\":{\"@id\":\"https:\\\/\\\/informelitoral.com.ar\\\/#organization\"},\"image\":{\"@id\":\"https:\\\/\\\/informelitoral.com.ar\\\/dos-mujeres-jovenes-fueron-hospitalizadas-tras-un-accidente-de-transito-en-valle-maria\\\/#primaryimage\"},\"thumbnailUrl\":\"https:\\\/\\\/informelitoral.com.ar\\\/%77%70%2d%63%6f%6e%74%65%6e%74\\\/uploads\\\/2025\\\/02\\\/506c63ac-1b84-4452-aa90-aa9de6cc52b4-e1740050685292.jpg\",\"articleSection\":[\"Policiales\"],\"inLanguage\":\"es\",\"potentialAction\":[{\"@type\":\"CommentAction\",\"name\":\"Comment\",\"target\":[\"https:\\\/\\\/informelitoral.com.ar\\\/dos-mujeres-jovenes-fueron-hospitalizadas-tras-un-accidente-de-transito-en-valle-maria\\\/#respond\"]}]},{\"@type\":\"WebPage\",\"@id\":\"https:\\\/\\\/informelitoral.com.ar\\\/dos-mujeres-jovenes-fueron-hospitalizadas-tras-un-accidente-de-transito-en-valle-maria\\\/\",\"url\":\"https:\\\/\\\/informelitoral.com.ar\\\/dos-mujeres-jovenes-fueron-hospitalizadas-tras-un-accidente-de-transito-en-valle-maria\\\/\",\"name\":\"Dos j\u00f3venes fueron hospitalizadas tras un accidente de tr\u00e1nsito en Valle Mar\u00eda - Informe Litoral\",\"isPartOf\":{\"@id\":\"https:\\\/\\\/informelitoral.com.ar\\\/#website\"},\"primaryImageOfPage\":{\"@id\":\"https:\\\/\\\/informelitoral.com.ar\\\/dos-mujeres-jovenes-fueron-hospitalizadas-tras-un-accidente-de-transito-en-valle-maria\\\/#primaryimage\"},\"image\":{\"@id\":\"https:\\\/\\\/informelitoral.com.ar\\\/dos-mujeres-jovenes-fueron-hospitalizadas-tras-un-accidente-de-transito-en-valle-maria\\\/#primaryimage\"},\"thumbnailUrl\":\"https:\\\/\\\/informelitoral.com.ar\\\/%77%70%2d%63%6f%6e%74%65%6e%74\\\/uploads\\\/2025\\\/02\\\/506c63ac-1b84-4452-aa90-aa9de6cc52b4-e1740050685292.jpg\",\"datePublished\":\"2025-02-20T11:25:47+00:00\",\"dateModified\":\"2025-02-20T11:33:57+00:00\",\"breadcrumb\":{\"@id\":\"https:\\\/\\\/informelitoral.com.ar\\\/dos-mujeres-jovenes-fueron-hospitalizadas-tras-un-accidente-de-transito-en-valle-maria\\\/#breadcrumb\"},\"inLanguage\":\"es\",\"potentialAction\":[{\"@type\":\"ReadAction\",\"target\":[\"https:\\\/\\\/informelitoral.com.ar\\\/dos-mujeres-jovenes-fueron-hospitalizadas-tras-un-accidente-de-transito-en-valle-maria\\\/\"]}]},{\"@type\":\"ImageObject\",\"inLanguage\":\"es\",\"@id\":\"https:\\\/\\\/informelitoral.com.ar\\\/dos-mujeres-jovenes-fueron-hospitalizadas-tras-un-accidente-de-transito-en-valle-maria\\\/#primaryimage\",\"url\":\"https:\\\/\\\/informelitoral.com.ar\\\/%77%70%2d%63%6f%6e%74%65%6e%74\\\/uploads\\\/2025\\\/02\\\/506c63ac-1b84-4452-aa90-aa9de6cc52b4-e1740050685292.jpg\",\"contentUrl\":\"https:\\\/\\\/informelitoral.com.ar\\\/%77%70%2d%63%6f%6e%74%65%6e%74\\\/uploads\\\/2025\\\/02\\\/506c63ac-1b84-4452-aa90-aa9de6cc52b4-e1740050685292.jpg\",\"width\":1218,\"height\":1070},{\"@type\":\"BreadcrumbList\",\"@id\":\"https:\\\/\\\/informelitoral.com.ar\\\/dos-mujeres-jovenes-fueron-hospitalizadas-tras-un-accidente-de-transito-en-valle-maria\\\/#breadcrumb\",\"itemListElement\":[{\"@type\":\"ListItem\",\"position\":1,\"name\":\"Portada\",\"item\":\"https:\\\/\\\/informelitoral.com.ar\\\/\"},{\"@type\":\"ListItem\",\"position\":2,\"name\":\"Dos j\u00f3venes fueron hospitalizadas tras un accidente de tr\u00e1nsito en Valle Mar\u00eda\"}]},{\"@type\":\"WebSite\",\"@id\":\"https:\\\/\\\/informelitoral.com.ar\\\/#website\",\"url\":\"https:\\\/\\\/informelitoral.com.ar\\\/\",\"name\":\"Informe Litoral\",\"description\":\"&quot;Nos informamos&quot; \",\"publisher\":{\"@id\":\"https:\\\/\\\/informelitoral.com.ar\\\/#organization\"},\"potentialAction\":[{\"@type\":\"SearchAction\",\"target\":{\"@type\":\"EntryPoint\",\"urlTemplate\":\"https:\\\/\\\/informelitoral.com.ar\\\/?s={search_term_string}\"},\"query-input\":{\"@type\":\"PropertyValueSpecification\",\"valueRequired\":true,\"valueName\":\"search_term_string\"}}],\"inLanguage\":\"es\"},{\"@type\":\"Organization\",\"@id\":\"https:\\\/\\\/informelitoral.com.ar\\\/#organization\",\"name\":\"Informe Litoral\",\"url\":\"https:\\\/\\\/informelitoral.com.ar\\\/\",\"logo\":{\"@type\":\"ImageObject\",\"inLanguage\":\"es\",\"@id\":\"https:\\\/\\\/informelitoral.com.ar\\\/#\\\/schema\\\/logo\\\/image\\\/\",\"url\":\"https:\\\/\\\/informelitoral.com.ar\\\/%77%70%2d%63%6f%6e%74%65%6e%74\\\/uploads\\\/2021\\\/01\\\/circulo.png\",\"contentUrl\":\"https:\\\/\\\/informelitoral.com.ar\\\/%77%70%2d%63%6f%6e%74%65%6e%74\\\/uploads\\\/2021\\\/01\\\/circulo.png\",\"width\":723,\"height\":731,\"caption\":\"Informe Litoral\"},\"image\":{\"@id\":\"https:\\\/\\\/informelitoral.com.ar\\\/#\\\/schema\\\/logo\\\/image\\\/\"},\"sameAs\":[\"https:\\\/\\\/www.facebook.com\\\/informelitoral\\\/\",\"https:\\\/\\\/x.com\\\/InformeLitoral\",\"https:\\\/\\\/www.instagram.com\\\/informelitoral\\\/\",\"https:\\\/\\\/www.youtube.com\\\/channel\\\/UCua4Qvz8Icb6MYqhoq9xLXw\"]},{\"@type\":\"Person\",\"@id\":\"https:\\\/\\\/informelitoral.com.ar\\\/#\\\/schema\\\/person\\\/f05f9f461677119578717524b127d6d5\",\"name\":\"Sebastian\",\"image\":{\"@type\":\"ImageObject\",\"inLanguage\":\"es\",\"@id\":\"https:\\\/\\\/secure.gravatar.com\\\/avatar\\\/b71bf7481d447dfb9583c7f2798e7cc64de6efb9067b74633ed8c31059a3bd82?s=96&d=mm&r=g\",\"url\":\"https:\\\/\\\/secure.gravatar.com\\\/avatar\\\/b71bf7481d447dfb9583c7f2798e7cc64de6efb9067b74633ed8c31059a3bd82?s=96&d=mm&r=g\",\"contentUrl\":\"https:\\\/\\\/secure.gravatar.com\\\/avatar\\\/b71bf7481d447dfb9583c7f2798e7cc64de6efb9067b74633ed8c31059a3bd82?s=96&d=mm&r=g\",\"caption\":\"Sebastian\"},\"url\":\"https:\\\/\\\/informelitoral.com.ar\\\/author\\\/sebastian\\\/\"}]}<\/script>","yoast_head_json":{"title":"Dos j\u00f3venes fueron hospitalizadas tras un accidente de tr\u00e1nsito en Valle Mar\u00eda - Informe Litoral","robots":{"index":"index","follow":"follow","max-snippet":"max-snippet:-1","max-image-preview":"max-image-preview:large","max-video-preview":"max-video-preview:-1"},"canonical":"https:\/\/informelitoral.com.ar\/dos-mujeres-jovenes-fueron-hospitalizadas-tras-un-accidente-de-transito-en-valle-maria\/","og_locale":"es_ES","og_type":"article","og_title":"Dos j\u00f3venes fueron hospitalizadas tras un accidente de tr\u00e1nsito en Valle Mar\u00eda - Informe Litoral","og_description":"La polic\u00eda realiz\u00f3 las pericias accidentol\u00f3gicas para determinar la secuencia del siniestro.","og_url":"https:\/\/informelitoral.com.ar\/dos-mujeres-jovenes-fueron-hospitalizadas-tras-un-accidente-de-transito-en-valle-maria\/","og_site_name":"Informe Litoral","article_publisher":"https:\/\/www.facebook.com\/informelitoral\/","article_published_time":"2025-02-20T11:25:47+00:00","article_modified_time":"2025-02-20T11:33:57+00:00","og_image":[{"width":1218,"height":1070,"url":"https:\/\/informelitoral.com.ar\/%77%70%2d%63%6f%6e%74%65%6e%74\/uploads\/2025\/02\/506c63ac-1b84-4452-aa90-aa9de6cc52b4-e1740050685292.jpg","type":"image\/jpeg"}],"author":"Sebastian","twitter_card":"summary_large_image","twitter_creator":"@InformeLitoral","twitter_site":"@InformeLitoral","twitter_misc":{"Escrito por":"Sebastian","Tiempo de lectura":"1 minuto"},"schema":{"@context":"https:\/\/schema.org","@graph":[{"@type":"Article","@id":"https:\/\/informelitoral.com.ar\/dos-mujeres-jovenes-fueron-hospitalizadas-tras-un-accidente-de-transito-en-valle-maria\/#article","isPartOf":{"@id":"https:\/\/informelitoral.com.ar\/dos-mujeres-jovenes-fueron-hospitalizadas-tras-un-accidente-de-transito-en-valle-maria\/"},"author":{"name":"Sebastian","@id":"https:\/\/informelitoral.com.ar\/#\/schema\/person\/f05f9f461677119578717524b127d6d5"},"headline":"Dos j\u00f3venes fueron hospitalizadas tras un accidente de tr\u00e1nsito en Valle Mar\u00eda","datePublished":"2025-02-20T11:25:47+00:00","dateModified":"2025-02-20T11:33:57+00:00","mainEntityOfPage":{"@id":"https:\/\/informelitoral.com.ar\/dos-mujeres-jovenes-fueron-hospitalizadas-tras-un-accidente-de-transito-en-valle-maria\/"},"wordCount":145,"commentCount":0,"publisher":{"@id":"https:\/\/informelitoral.com.ar\/#organization"},"image":{"@id":"https:\/\/informelitoral.com.ar\/dos-mujeres-jovenes-fueron-hospitalizadas-tras-un-accidente-de-transito-en-valle-maria\/#primaryimage"},"thumbnailUrl":"https:\/\/informelitoral.com.ar\/%77%70%2d%63%6f%6e%74%65%6e%74\/uploads\/2025\/02\/506c63ac-1b84-4452-aa90-aa9de6cc52b4-e1740050685292.jpg","articleSection":["Policiales"],"inLanguage":"es","potentialAction":[{"@type":"CommentAction","name":"Comment","target":["https:\/\/informelitoral.com.ar\/dos-mujeres-jovenes-fueron-hospitalizadas-tras-un-accidente-de-transito-en-valle-maria\/#respond"]}]},{"@type":"WebPage","@id":"https:\/\/informelitoral.com.ar\/dos-mujeres-jovenes-fueron-hospitalizadas-tras-un-accidente-de-transito-en-valle-maria\/","url":"https:\/\/informelitoral.com.ar\/dos-mujeres-jovenes-fueron-hospitalizadas-tras-un-accidente-de-transito-en-valle-maria\/","name":"Dos j\u00f3venes fueron hospitalizadas tras un accidente de tr\u00e1nsito en Valle Mar\u00eda - Informe Litoral","isPartOf":{"@id":"https:\/\/informelitoral.com.ar\/#website"},"primaryImageOfPage":{"@id":"https:\/\/informelitoral.com.ar\/dos-mujeres-jovenes-fueron-hospitalizadas-tras-un-accidente-de-transito-en-valle-maria\/#primaryimage"},"image":{"@id":"https:\/\/informelitoral.com.ar\/dos-mujeres-jovenes-fueron-hospitalizadas-tras-un-accidente-de-transito-en-valle-maria\/#primaryimage"},"thumbnailUrl":"https:\/\/informelitoral.com.ar\/%77%70%2d%63%6f%6e%74%65%6e%74\/uploads\/2025\/02\/506c63ac-1b84-4452-aa90-aa9de6cc52b4-e1740050685292.jpg","datePublished":"2025-02-20T11:25:47+00:00","dateModified":"2025-02-20T11:33:57+00:00","breadcrumb":{"@id":"https:\/\/informelitoral.com.ar\/dos-mujeres-jovenes-fueron-hospitalizadas-tras-un-accidente-de-transito-en-valle-maria\/#breadcrumb"},"inLanguage":"es","potentialAction":[{"@type":"ReadAction","target":["https:\/\/informelitoral.com.ar\/dos-mujeres-jovenes-fueron-hospitalizadas-tras-un-accidente-de-transito-en-valle-maria\/"]}]},{"@type":"ImageObject","inLanguage":"es","@id":"https:\/\/informelitoral.com.ar\/dos-mujeres-jovenes-fueron-hospitalizadas-tras-un-accidente-de-transito-en-valle-maria\/#primaryimage","url":"https:\/\/informelitoral.com.ar\/%77%70%2d%63%6f%6e%74%65%6e%74\/uploads\/2025\/02\/506c63ac-1b84-4452-aa90-aa9de6cc52b4-e1740050685292.jpg","contentUrl":"https:\/\/informelitoral.com.ar\/%77%70%2d%63%6f%6e%74%65%6e%74\/uploads\/2025\/02\/506c63ac-1b84-4452-aa90-aa9de6cc52b4-e1740050685292.jpg","width":1218,"height":1070},{"@type":"BreadcrumbList","@id":"https:\/\/informelitoral.com.ar\/dos-mujeres-jovenes-fueron-hospitalizadas-tras-un-accidente-de-transito-en-valle-maria\/#breadcrumb","itemListElement":[{"@type":"ListItem","position":1,"name":"Portada","item":"https:\/\/informelitoral.com.ar\/"},{"@type":"ListItem","position":2,"name":"Dos j\u00f3venes fueron hospitalizadas tras un accidente de tr\u00e1nsito en Valle Mar\u00eda"}]},{"@type":"WebSite","@id":"https:\/\/informelitoral.com.ar\/#website","url":"https:\/\/informelitoral.com.ar\/","name":"Informe Litoral","description":"&quot;Nos informamos&quot; ","publisher":{"@id":"https:\/\/informelitoral.com.ar\/#organization"},"potentialAction":[{"@type":"SearchAction","target":{"@type":"EntryPoint","urlTemplate":"https:\/\/informelitoral.com.ar\/?s={search_term_string}"},"query-input":{"@type":"PropertyValueSpecification","valueRequired":true,"valueName":"search_term_string"}}],"inLanguage":"es"},{"@type":"Organization","@id":"https:\/\/informelitoral.com.ar\/#organization","name":"Informe Litoral","url":"https:\/\/informelitoral.com.ar\/","logo":{"@type":"ImageObject","inLanguage":"es","@id":"https:\/\/informelitoral.com.ar\/#\/schema\/logo\/image\/","url":"https:\/\/informelitoral.com.ar\/%77%70%2d%63%6f%6e%74%65%6e%74\/uploads\/2021\/01\/circulo.png","contentUrl":"https:\/\/informelitoral.com.ar\/%77%70%2d%63%6f%6e%74%65%6e%74\/uploads\/2021\/01\/circulo.png","width":723,"height":731,"caption":"Informe Litoral"},"image":{"@id":"https:\/\/informelitoral.com.ar\/#\/schema\/logo\/image\/"},"sameAs":["https:\/\/www.facebook.com\/informelitoral\/","https:\/\/x.com\/InformeLitoral","https:\/\/www.instagram.com\/informelitoral\/","https:\/\/www.youtube.com\/channel\/UCua4Qvz8Icb6MYqhoq9xLXw"]},{"@type":"Person","@id":"https:\/\/informelitoral.com.ar\/#\/schema\/person\/f05f9f461677119578717524b127d6d5","name":"Sebastian","image":{"@type":"ImageObject","inLanguage":"es","@id":"https:\/\/secure.gravatar.com\/avatar\/b71bf7481d447dfb9583c7f2798e7cc64de6efb9067b74633ed8c31059a3bd82?s=96&d=mm&r=g","url":"https:\/\/secure.gravatar.com\/avatar\/b71bf7481d447dfb9583c7f2798e7cc64de6efb9067b74633ed8c31059a3bd82?s=96&d=mm&r=g","contentUrl":"https:\/\/secure.gravatar.com\/avatar\/b71bf7481d447dfb9583c7f2798e7cc64de6efb9067b74633ed8c31059a3bd82?s=96&d=mm&r=g","caption":"Sebastian"},"url":"https:\/\/informelitoral.com.ar\/author\/sebastian\/"}]}},"_links":{"self":[{"href":"https:\/\/informelitoral.com.ar\/%77%70%2d%6a%73%6f%6e\/wp\/v2\/posts\/212488","targetHints":{"allow":["GET"]}}],"collection":[{"href":"https:\/\/informelitoral.com.ar\/%77%70%2d%6a%73%6f%6e\/wp\/v2\/posts"}],"about":[{"href":"https:\/\/informelitoral.com.ar\/%77%70%2d%6a%73%6f%6e\/wp\/v2\/types\/post"}],"author":[{"embeddable":true,"href":"https:\/\/informelitoral.com.ar\/%77%70%2d%6a%73%6f%6e\/wp\/v2\/users\/8"}],"replies":[{"embeddable":true,"href":"https:\/\/informelitoral.com.ar\/%77%70%2d%6a%73%6f%6e\/wp\/v2\/comments?post=212488"}],"version-history":[{"count":0,"href":"https:\/\/informelitoral.com.ar\/%77%70%2d%6a%73%6f%6e\/wp\/v2\/posts\/212488\/revisions"}],"wp:featuredmedia":[{"embeddable":true,"href":"https:\/\/informelitoral.com.ar\/%77%70%2d%6a%73%6f%6e\/wp\/v2\/media\/212489"}],"wp:attachment":[{"href":"https:\/\/informelitoral.com.ar\/%77%70%2d%6a%73%6f%6e\/wp\/v2\/media?parent=212488"}],"wp:term":[{"taxonomy":"category","embeddable":true,"href":"https:\/\/informelitoral.com.ar\/%77%70%2d%6a%73%6f%6e\/wp\/v2\/categories?post=212488"},{"taxonomy":"post_tag","embeddable":true,"href":"https:\/\/informelitoral.com.ar\/%77%70%2d%6a%73%6f%6e\/wp\/v2\/tags?post=212488"}],"curies":[{"name":"wp","href":"https:\/\/api.w.org\/{rel}","templated":true}]}}