{"id":212470,"date":"2025-02-19T22:25:42","date_gmt":"2025-02-20T01:25:42","guid":{"rendered":"https:\/\/informelitoral.com.ar\/?p=212470"},"modified":"2025-02-19T22:29:34","modified_gmt":"2025-02-20T01:29:34","slug":"luis-siebenlist-destaco-la-cartelera-artistica-de-la-fiesta-del-artesano","status":"publish","type":"post","link":"https:\/\/informelitoral.com.ar\/luis-siebenlist-destaco-la-cartelera-artistica-de-la-fiesta-del-artesano\/","title":{"rendered":"Luis Siebenlist destac\u00f3 la cartelera art\u00edstica de la Fiesta del Artesano"},"content":{"rendered":"<p>El intendente de Aranguren, <strong>Luis Siebenlist<\/strong>, habl\u00f3 de la Fiesta Regional del Artesano, la cual tendr\u00e1 una importante cartelera art\u00edstica para esta edici\u00f3n.<\/p>\n<p><strong>El s\u00e1bado 15 de marzo, desde las 17:00, en el Circuito del Reloj, se realizar\u00e1 la XIV Fiesta Regional del Artesano Aranguren 2025. La misma contar\u00e1 con patio gastron\u00f3mico, barra de bebidas y tragos, feria de artesanos y emprendedores y n\u00fameros art\u00edsticos destacados como Cantores Entrerrianos y Los Pr\u00edncipes. Adem\u00e1s, Tr\u00edo Mis Dos Amigos, Tiana y Sus Chamameceros, Academia de Danzas. La entrada ser\u00e1 libre y gratuita. <\/strong><\/p>\n<p>\u201cLuego de reunirnos con Yamila Cornejo, Coordinadora de Cultura y Educaci\u00f3n, analizamos las distintas opciones de posibles actuaciones y nuevamente contamos con conjuntos locales junto a una importante cartelera art\u00edstica con el objetivo de sostener y mejorar en el tiempo este evento dando un salto de calidad ya que nuclea mucha gente.<\/p>\n<p>Este a\u00f1o est\u00e1 previsto hacerlo al aire libre en el circuito del reloj esperando que el tiempo nos acompa\u00f1e. Estamos trabajando para que todos los artesanos y el p\u00fablico est\u00e9n muy bien atendidos y puedan disfrutar del espect\u00e1culo. Sabemos que viene mucho p\u00fablico de toda la zona, de nuestra provincia en general y de otras provincias.<\/p>\n<p>En lo que respecta al a\u00f1o pasado llovi\u00f3 mucho ese d\u00eda y lo hicimos en el Gimnasio Cubierto, de igual manera el polideportivo estuvo colmado, la verdad es que nos sorprendi\u00f3 la cantidad de gente a pesar del clima y de la situaci\u00f3n econ\u00f3mica, si hubi\u00e9semos tenido buen clima super\u00e1bamos las expectativas\u201d, manifest\u00f3 Siebenlist.<\/p>\n<p><strong>Por otra parte, la localidad de Aranguren estar\u00e1 representada por artesanos locales en la Fiesta Nacional de la Apicultura, durante los d\u00edas 21, 22 y 23 de marzo del corriente a\u00f1o:\u00a0 <\/strong><\/p>\n<p>\u201cTres artesanos de Aranguren estar\u00e1n presentes en la Fiesta Nacional de la Apicultura en Macia. La idea es que puedan mostrar sus trabajos en una fiesta tan importante donde se dan cita miles de personas durante tres noches, por lo tanto, ellos pueden resaltar la creatividad a trav\u00e9s de sus trabajos y a su vez comercializar y exhibir sus productos. Para nosotros como arangurenses es una enorme satisfacci\u00f3n poder estar representados por ellos y como gesti\u00f3n poder acompa\u00f1arlos nuevamente este a\u00f1o.<\/p>\n<p>Desde el municipio hemos reservado el espacio para los stands, ya hicimos el pago correspondiente de los mismos. En lo que respecta al traslado cada uno lo realizar\u00e1 por sus propios medios\u201d, concluy\u00f3 el intendente.<\/p>\n<h6><em><strong>Del archivo de Informe Litoral:\u00a0<a href=\"https:\/\/informelitoral.com.ar\/la-xiv-fiesta-del-artesano-de-aranguren-tiene-fecha-y-artistas-confirmados\/\" target=\"_blank\" rel=\"noopener\">La XIV Fiesta del Artesano de Aranguren tiene fecha y artistas confirmados<\/a><\/strong><\/em><\/h6>\n","protected":false},"excerpt":{"rendered":"<p>Adem\u00e1s, el Presidente Municipal de Aranguren se refiri\u00f3 a la participaci\u00f3n de tres artesanos locales en la Fiesta Nacional de la Apicultura de Maci\u00e1. \u00a0<\/p>\n","protected":false},"author":2,"featured_media":212471,"comment_status":"open","ping_status":"open","sticky":false,"template":"","format":"standard","meta":{"fifu_image_url":"","fifu_image_alt":"","footnotes":""},"categories":[4592,9],"tags":[143,3229,1789,111,201],"class_list":{"0":"post-212470","1":"post","2":"type-post","3":"status-publish","4":"format-standard","5":"has-post-thumbnail","7":"category-departamento-nogoya","8":"category-sociedad","9":"tag-aranguren","10":"tag-fiesta-del-artesano","11":"tag-luis-siebenlist","12":"tag-municipales","13":"tag-municipios"},"yoast_head":"<title>Luis Siebenlist destac\u00f3 la cartelera art\u00edstica de la Fiesta del Artesano - Informe Litoral<\/title>\n<meta name=\"robots\" content=\"index, follow, max-snippet:-1, max-image-preview:large, max-video-preview:-1\" \/>\n<link rel=\"canonical\" href=\"https:\/\/informelitoral.com.ar\/luis-siebenlist-destaco-la-cartelera-artistica-de-la-fiesta-del-artesano\/\" \/>\n<meta property=\"og:locale\" content=\"es_ES\" \/>\n<meta property=\"og:type\" content=\"article\" \/>\n<meta property=\"og:title\" content=\"Luis Siebenlist destac\u00f3 la cartelera art\u00edstica de la Fiesta del Artesano - Informe Litoral\" \/>\n<meta property=\"og:description\" content=\"Adem\u00e1s, el Presidente Municipal de Aranguren se refiri\u00f3 a la participaci\u00f3n de tres artesanos locales en la Fiesta Nacional de la Apicultura de Maci\u00e1. \u00a0\" \/>\n<meta property=\"og:url\" content=\"https:\/\/informelitoral.com.ar\/luis-siebenlist-destaco-la-cartelera-artistica-de-la-fiesta-del-artesano\/\" \/>\n<meta property=\"og:site_name\" content=\"Informe Litoral\" \/>\n<meta property=\"article:publisher\" content=\"https:\/\/www.facebook.com\/informelitoral\/\" \/>\n<meta property=\"article:published_time\" content=\"2025-02-20T01:25:42+00:00\" \/>\n<meta property=\"article:modified_time\" content=\"2025-02-20T01:29:34+00:00\" \/>\n<meta property=\"og:image\" content=\"https:\/\/informelitoral.com.ar\/%77%70%2d%63%6f%6e%74%65%6e%74\/uploads\/2025\/02\/Fiesta-Del-Artesano-2024--1024x683.jpg\" \/>\n\t<meta property=\"og:image:width\" content=\"1024\" \/>\n\t<meta property=\"og:image:height\" content=\"683\" \/>\n\t<meta property=\"og:image:type\" content=\"image\/jpeg\" \/>\n<meta name=\"author\" content=\"Gonzalo Schmidt\" \/>\n<meta name=\"twitter:card\" content=\"summary_large_image\" \/>\n<meta name=\"twitter:creator\" content=\"@InformeLitoral\" \/>\n<meta name=\"twitter:site\" content=\"@InformeLitoral\" \/>\n<meta name=\"twitter:label1\" content=\"Escrito por\" \/>\n\t<meta name=\"twitter:data1\" content=\"Gonzalo Schmidt\" \/>\n\t<meta name=\"twitter:label2\" content=\"Tiempo de lectura\" \/>\n\t<meta name=\"twitter:data2\" content=\"2 minutos\" \/>\n<script type=\"application\/ld+json\" class=\"yoast-schema-graph\">{\"@context\":\"https:\\\/\\\/schema.org\",\"@graph\":[{\"@type\":\"Article\",\"@id\":\"https:\\\/\\\/informelitoral.com.ar\\\/luis-siebenlist-destaco-la-cartelera-artistica-de-la-fiesta-del-artesano\\\/#article\",\"isPartOf\":{\"@id\":\"https:\\\/\\\/informelitoral.com.ar\\\/luis-siebenlist-destaco-la-cartelera-artistica-de-la-fiesta-del-artesano\\\/\"},\"author\":{\"name\":\"Gonzalo Schmidt\",\"@id\":\"https:\\\/\\\/informelitoral.com.ar\\\/#\\\/schema\\\/person\\\/b9d00407c836482871ef1d57bf8e3180\"},\"headline\":\"Luis Siebenlist destac\u00f3 la cartelera art\u00edstica de la Fiesta del Artesano\",\"datePublished\":\"2025-02-20T01:25:42+00:00\",\"dateModified\":\"2025-02-20T01:29:34+00:00\",\"mainEntityOfPage\":{\"@id\":\"https:\\\/\\\/informelitoral.com.ar\\\/luis-siebenlist-destaco-la-cartelera-artistica-de-la-fiesta-del-artesano\\\/\"},\"wordCount\":453,\"commentCount\":0,\"publisher\":{\"@id\":\"https:\\\/\\\/informelitoral.com.ar\\\/#organization\"},\"image\":{\"@id\":\"https:\\\/\\\/informelitoral.com.ar\\\/luis-siebenlist-destaco-la-cartelera-artistica-de-la-fiesta-del-artesano\\\/#primaryimage\"},\"thumbnailUrl\":\"https:\\\/\\\/informelitoral.com.ar\\\/%77%70%2d%63%6f%6e%74%65%6e%74\\\/uploads\\\/2025\\\/02\\\/Fiesta-Del-Artesano-2024-.jpg\",\"keywords\":[\"Aranguren\",\"Fiesta del artesano\",\"Luis Siebenlist\",\"Municipales\",\"Municipios\"],\"articleSection\":[\"Departamento Nogoy\u00e1\",\"Sociedad\"],\"inLanguage\":\"es\",\"potentialAction\":[{\"@type\":\"CommentAction\",\"name\":\"Comment\",\"target\":[\"https:\\\/\\\/informelitoral.com.ar\\\/luis-siebenlist-destaco-la-cartelera-artistica-de-la-fiesta-del-artesano\\\/#respond\"]}]},{\"@type\":\"WebPage\",\"@id\":\"https:\\\/\\\/informelitoral.com.ar\\\/luis-siebenlist-destaco-la-cartelera-artistica-de-la-fiesta-del-artesano\\\/\",\"url\":\"https:\\\/\\\/informelitoral.com.ar\\\/luis-siebenlist-destaco-la-cartelera-artistica-de-la-fiesta-del-artesano\\\/\",\"name\":\"Luis Siebenlist destac\u00f3 la cartelera art\u00edstica de la Fiesta del Artesano - Informe Litoral\",\"isPartOf\":{\"@id\":\"https:\\\/\\\/informelitoral.com.ar\\\/#website\"},\"primaryImageOfPage\":{\"@id\":\"https:\\\/\\\/informelitoral.com.ar\\\/luis-siebenlist-destaco-la-cartelera-artistica-de-la-fiesta-del-artesano\\\/#primaryimage\"},\"image\":{\"@id\":\"https:\\\/\\\/informelitoral.com.ar\\\/luis-siebenlist-destaco-la-cartelera-artistica-de-la-fiesta-del-artesano\\\/#primaryimage\"},\"thumbnailUrl\":\"https:\\\/\\\/informelitoral.com.ar\\\/%77%70%2d%63%6f%6e%74%65%6e%74\\\/uploads\\\/2025\\\/02\\\/Fiesta-Del-Artesano-2024-.jpg\",\"datePublished\":\"2025-02-20T01:25:42+00:00\",\"dateModified\":\"2025-02-20T01:29:34+00:00\",\"breadcrumb\":{\"@id\":\"https:\\\/\\\/informelitoral.com.ar\\\/luis-siebenlist-destaco-la-cartelera-artistica-de-la-fiesta-del-artesano\\\/#breadcrumb\"},\"inLanguage\":\"es\",\"potentialAction\":[{\"@type\":\"ReadAction\",\"target\":[\"https:\\\/\\\/informelitoral.com.ar\\\/luis-siebenlist-destaco-la-cartelera-artistica-de-la-fiesta-del-artesano\\\/\"]}]},{\"@type\":\"ImageObject\",\"inLanguage\":\"es\",\"@id\":\"https:\\\/\\\/informelitoral.com.ar\\\/luis-siebenlist-destaco-la-cartelera-artistica-de-la-fiesta-del-artesano\\\/#primaryimage\",\"url\":\"https:\\\/\\\/informelitoral.com.ar\\\/%77%70%2d%63%6f%6e%74%65%6e%74\\\/uploads\\\/2025\\\/02\\\/Fiesta-Del-Artesano-2024-.jpg\",\"contentUrl\":\"https:\\\/\\\/informelitoral.com.ar\\\/%77%70%2d%63%6f%6e%74%65%6e%74\\\/uploads\\\/2025\\\/02\\\/Fiesta-Del-Artesano-2024-.jpg\",\"width\":2048,\"height\":1365},{\"@type\":\"BreadcrumbList\",\"@id\":\"https:\\\/\\\/informelitoral.com.ar\\\/luis-siebenlist-destaco-la-cartelera-artistica-de-la-fiesta-del-artesano\\\/#breadcrumb\",\"itemListElement\":[{\"@type\":\"ListItem\",\"position\":1,\"name\":\"Portada\",\"item\":\"https:\\\/\\\/informelitoral.com.ar\\\/\"},{\"@type\":\"ListItem\",\"position\":2,\"name\":\"Luis Siebenlist destac\u00f3 la cartelera art\u00edstica de la Fiesta del Artesano\"}]},{\"@type\":\"WebSite\",\"@id\":\"https:\\\/\\\/informelitoral.com.ar\\\/#website\",\"url\":\"https:\\\/\\\/informelitoral.com.ar\\\/\",\"name\":\"Informe Litoral\",\"description\":\"&quot;Nos informamos&quot; \",\"publisher\":{\"@id\":\"https:\\\/\\\/informelitoral.com.ar\\\/#organization\"},\"potentialAction\":[{\"@type\":\"SearchAction\",\"target\":{\"@type\":\"EntryPoint\",\"urlTemplate\":\"https:\\\/\\\/informelitoral.com.ar\\\/?s={search_term_string}\"},\"query-input\":{\"@type\":\"PropertyValueSpecification\",\"valueRequired\":true,\"valueName\":\"search_term_string\"}}],\"inLanguage\":\"es\"},{\"@type\":\"Organization\",\"@id\":\"https:\\\/\\\/informelitoral.com.ar\\\/#organization\",\"name\":\"Informe Litoral\",\"url\":\"https:\\\/\\\/informelitoral.com.ar\\\/\",\"logo\":{\"@type\":\"ImageObject\",\"inLanguage\":\"es\",\"@id\":\"https:\\\/\\\/informelitoral.com.ar\\\/#\\\/schema\\\/logo\\\/image\\\/\",\"url\":\"https:\\\/\\\/informelitoral.com.ar\\\/%77%70%2d%63%6f%6e%74%65%6e%74\\\/uploads\\\/2021\\\/01\\\/circulo.png\",\"contentUrl\":\"https:\\\/\\\/informelitoral.com.ar\\\/%77%70%2d%63%6f%6e%74%65%6e%74\\\/uploads\\\/2021\\\/01\\\/circulo.png\",\"width\":723,\"height\":731,\"caption\":\"Informe Litoral\"},\"image\":{\"@id\":\"https:\\\/\\\/informelitoral.com.ar\\\/#\\\/schema\\\/logo\\\/image\\\/\"},\"sameAs\":[\"https:\\\/\\\/www.facebook.com\\\/informelitoral\\\/\",\"https:\\\/\\\/x.com\\\/InformeLitoral\",\"https:\\\/\\\/www.instagram.com\\\/informelitoral\\\/\",\"https:\\\/\\\/www.youtube.com\\\/channel\\\/UCua4Qvz8Icb6MYqhoq9xLXw\"]},{\"@type\":\"Person\",\"@id\":\"https:\\\/\\\/informelitoral.com.ar\\\/#\\\/schema\\\/person\\\/b9d00407c836482871ef1d57bf8e3180\",\"name\":\"Gonzalo Schmidt\",\"image\":{\"@type\":\"ImageObject\",\"inLanguage\":\"es\",\"@id\":\"https:\\\/\\\/secure.gravatar.com\\\/avatar\\\/31a1a7b66ff2de83bd0e9fd79d026630d2d99e55e8bfe501287647b4fd9743de?s=96&d=mm&r=g\",\"url\":\"https:\\\/\\\/secure.gravatar.com\\\/avatar\\\/31a1a7b66ff2de83bd0e9fd79d026630d2d99e55e8bfe501287647b4fd9743de?s=96&d=mm&r=g\",\"contentUrl\":\"https:\\\/\\\/secure.gravatar.com\\\/avatar\\\/31a1a7b66ff2de83bd0e9fd79d026630d2d99e55e8bfe501287647b4fd9743de?s=96&d=mm&r=g\",\"caption\":\"Gonzalo Schmidt\"},\"description\":\"Sitio web de noticias de la provincia de Entre R\u00edos, Argentina. Informaci\u00f3n y entretenimiento. Informe Litoral, nos informamos.\",\"sameAs\":[\"http:\\\/\\\/www.isletasnoticias.com.ar\"],\"url\":\"https:\\\/\\\/informelitoral.com.ar\\\/author\\\/gonzalo\\\/\"}]}<\/script>","yoast_head_json":{"title":"Luis Siebenlist destac\u00f3 la cartelera art\u00edstica de la Fiesta del Artesano - Informe Litoral","robots":{"index":"index","follow":"follow","max-snippet":"max-snippet:-1","max-image-preview":"max-image-preview:large","max-video-preview":"max-video-preview:-1"},"canonical":"https:\/\/informelitoral.com.ar\/luis-siebenlist-destaco-la-cartelera-artistica-de-la-fiesta-del-artesano\/","og_locale":"es_ES","og_type":"article","og_title":"Luis Siebenlist destac\u00f3 la cartelera art\u00edstica de la Fiesta del Artesano - Informe Litoral","og_description":"Adem\u00e1s, el Presidente Municipal de Aranguren se refiri\u00f3 a la participaci\u00f3n de tres artesanos locales en la Fiesta Nacional de la Apicultura de Maci\u00e1. \u00a0","og_url":"https:\/\/informelitoral.com.ar\/luis-siebenlist-destaco-la-cartelera-artistica-de-la-fiesta-del-artesano\/","og_site_name":"Informe Litoral","article_publisher":"https:\/\/www.facebook.com\/informelitoral\/","article_published_time":"2025-02-20T01:25:42+00:00","article_modified_time":"2025-02-20T01:29:34+00:00","og_image":[{"width":1024,"height":683,"url":"https:\/\/informelitoral.com.ar\/%77%70%2d%63%6f%6e%74%65%6e%74\/uploads\/2025\/02\/Fiesta-Del-Artesano-2024--1024x683.jpg","type":"image\/jpeg"}],"author":"Gonzalo Schmidt","twitter_card":"summary_large_image","twitter_creator":"@InformeLitoral","twitter_site":"@InformeLitoral","twitter_misc":{"Escrito por":"Gonzalo Schmidt","Tiempo de lectura":"2 minutos"},"schema":{"@context":"https:\/\/schema.org","@graph":[{"@type":"Article","@id":"https:\/\/informelitoral.com.ar\/luis-siebenlist-destaco-la-cartelera-artistica-de-la-fiesta-del-artesano\/#article","isPartOf":{"@id":"https:\/\/informelitoral.com.ar\/luis-siebenlist-destaco-la-cartelera-artistica-de-la-fiesta-del-artesano\/"},"author":{"name":"Gonzalo Schmidt","@id":"https:\/\/informelitoral.com.ar\/#\/schema\/person\/b9d00407c836482871ef1d57bf8e3180"},"headline":"Luis Siebenlist destac\u00f3 la cartelera art\u00edstica de la Fiesta del Artesano","datePublished":"2025-02-20T01:25:42+00:00","dateModified":"2025-02-20T01:29:34+00:00","mainEntityOfPage":{"@id":"https:\/\/informelitoral.com.ar\/luis-siebenlist-destaco-la-cartelera-artistica-de-la-fiesta-del-artesano\/"},"wordCount":453,"commentCount":0,"publisher":{"@id":"https:\/\/informelitoral.com.ar\/#organization"},"image":{"@id":"https:\/\/informelitoral.com.ar\/luis-siebenlist-destaco-la-cartelera-artistica-de-la-fiesta-del-artesano\/#primaryimage"},"thumbnailUrl":"https:\/\/informelitoral.com.ar\/%77%70%2d%63%6f%6e%74%65%6e%74\/uploads\/2025\/02\/Fiesta-Del-Artesano-2024-.jpg","keywords":["Aranguren","Fiesta del artesano","Luis Siebenlist","Municipales","Municipios"],"articleSection":["Departamento Nogoy\u00e1","Sociedad"],"inLanguage":"es","potentialAction":[{"@type":"CommentAction","name":"Comment","target":["https:\/\/informelitoral.com.ar\/luis-siebenlist-destaco-la-cartelera-artistica-de-la-fiesta-del-artesano\/#respond"]}]},{"@type":"WebPage","@id":"https:\/\/informelitoral.com.ar\/luis-siebenlist-destaco-la-cartelera-artistica-de-la-fiesta-del-artesano\/","url":"https:\/\/informelitoral.com.ar\/luis-siebenlist-destaco-la-cartelera-artistica-de-la-fiesta-del-artesano\/","name":"Luis Siebenlist destac\u00f3 la cartelera art\u00edstica de la Fiesta del Artesano - Informe Litoral","isPartOf":{"@id":"https:\/\/informelitoral.com.ar\/#website"},"primaryImageOfPage":{"@id":"https:\/\/informelitoral.com.ar\/luis-siebenlist-destaco-la-cartelera-artistica-de-la-fiesta-del-artesano\/#primaryimage"},"image":{"@id":"https:\/\/informelitoral.com.ar\/luis-siebenlist-destaco-la-cartelera-artistica-de-la-fiesta-del-artesano\/#primaryimage"},"thumbnailUrl":"https:\/\/informelitoral.com.ar\/%77%70%2d%63%6f%6e%74%65%6e%74\/uploads\/2025\/02\/Fiesta-Del-Artesano-2024-.jpg","datePublished":"2025-02-20T01:25:42+00:00","dateModified":"2025-02-20T01:29:34+00:00","breadcrumb":{"@id":"https:\/\/informelitoral.com.ar\/luis-siebenlist-destaco-la-cartelera-artistica-de-la-fiesta-del-artesano\/#breadcrumb"},"inLanguage":"es","potentialAction":[{"@type":"ReadAction","target":["https:\/\/informelitoral.com.ar\/luis-siebenlist-destaco-la-cartelera-artistica-de-la-fiesta-del-artesano\/"]}]},{"@type":"ImageObject","inLanguage":"es","@id":"https:\/\/informelitoral.com.ar\/luis-siebenlist-destaco-la-cartelera-artistica-de-la-fiesta-del-artesano\/#primaryimage","url":"https:\/\/informelitoral.com.ar\/%77%70%2d%63%6f%6e%74%65%6e%74\/uploads\/2025\/02\/Fiesta-Del-Artesano-2024-.jpg","contentUrl":"https:\/\/informelitoral.com.ar\/%77%70%2d%63%6f%6e%74%65%6e%74\/uploads\/2025\/02\/Fiesta-Del-Artesano-2024-.jpg","width":2048,"height":1365},{"@type":"BreadcrumbList","@id":"https:\/\/informelitoral.com.ar\/luis-siebenlist-destaco-la-cartelera-artistica-de-la-fiesta-del-artesano\/#breadcrumb","itemListElement":[{"@type":"ListItem","position":1,"name":"Portada","item":"https:\/\/informelitoral.com.ar\/"},{"@type":"ListItem","position":2,"name":"Luis Siebenlist destac\u00f3 la cartelera art\u00edstica de la Fiesta del Artesano"}]},{"@type":"WebSite","@id":"https:\/\/informelitoral.com.ar\/#website","url":"https:\/\/informelitoral.com.ar\/","name":"Informe Litoral","description":"&quot;Nos informamos&quot; ","publisher":{"@id":"https:\/\/informelitoral.com.ar\/#organization"},"potentialAction":[{"@type":"SearchAction","target":{"@type":"EntryPoint","urlTemplate":"https:\/\/informelitoral.com.ar\/?s={search_term_string}"},"query-input":{"@type":"PropertyValueSpecification","valueRequired":true,"valueName":"search_term_string"}}],"inLanguage":"es"},{"@type":"Organization","@id":"https:\/\/informelitoral.com.ar\/#organization","name":"Informe Litoral","url":"https:\/\/informelitoral.com.ar\/","logo":{"@type":"ImageObject","inLanguage":"es","@id":"https:\/\/informelitoral.com.ar\/#\/schema\/logo\/image\/","url":"https:\/\/informelitoral.com.ar\/%77%70%2d%63%6f%6e%74%65%6e%74\/uploads\/2021\/01\/circulo.png","contentUrl":"https:\/\/informelitoral.com.ar\/%77%70%2d%63%6f%6e%74%65%6e%74\/uploads\/2021\/01\/circulo.png","width":723,"height":731,"caption":"Informe Litoral"},"image":{"@id":"https:\/\/informelitoral.com.ar\/#\/schema\/logo\/image\/"},"sameAs":["https:\/\/www.facebook.com\/informelitoral\/","https:\/\/x.com\/InformeLitoral","https:\/\/www.instagram.com\/informelitoral\/","https:\/\/www.youtube.com\/channel\/UCua4Qvz8Icb6MYqhoq9xLXw"]},{"@type":"Person","@id":"https:\/\/informelitoral.com.ar\/#\/schema\/person\/b9d00407c836482871ef1d57bf8e3180","name":"Gonzalo Schmidt","image":{"@type":"ImageObject","inLanguage":"es","@id":"https:\/\/secure.gravatar.com\/avatar\/31a1a7b66ff2de83bd0e9fd79d026630d2d99e55e8bfe501287647b4fd9743de?s=96&d=mm&r=g","url":"https:\/\/secure.gravatar.com\/avatar\/31a1a7b66ff2de83bd0e9fd79d026630d2d99e55e8bfe501287647b4fd9743de?s=96&d=mm&r=g","contentUrl":"https:\/\/secure.gravatar.com\/avatar\/31a1a7b66ff2de83bd0e9fd79d026630d2d99e55e8bfe501287647b4fd9743de?s=96&d=mm&r=g","caption":"Gonzalo Schmidt"},"description":"Sitio web de noticias de la provincia de Entre R\u00edos, Argentina. Informaci\u00f3n y entretenimiento. Informe Litoral, nos informamos.","sameAs":["http:\/\/www.isletasnoticias.com.ar"],"url":"https:\/\/informelitoral.com.ar\/author\/gonzalo\/"}]}},"_links":{"self":[{"href":"https:\/\/informelitoral.com.ar\/%77%70%2d%6a%73%6f%6e\/wp\/v2\/posts\/212470","targetHints":{"allow":["GET"]}}],"collection":[{"href":"https:\/\/informelitoral.com.ar\/%77%70%2d%6a%73%6f%6e\/wp\/v2\/posts"}],"about":[{"href":"https:\/\/informelitoral.com.ar\/%77%70%2d%6a%73%6f%6e\/wp\/v2\/types\/post"}],"author":[{"embeddable":true,"href":"https:\/\/informelitoral.com.ar\/%77%70%2d%6a%73%6f%6e\/wp\/v2\/users\/2"}],"replies":[{"embeddable":true,"href":"https:\/\/informelitoral.com.ar\/%77%70%2d%6a%73%6f%6e\/wp\/v2\/comments?post=212470"}],"version-history":[{"count":0,"href":"https:\/\/informelitoral.com.ar\/%77%70%2d%6a%73%6f%6e\/wp\/v2\/posts\/212470\/revisions"}],"wp:featuredmedia":[{"embeddable":true,"href":"https:\/\/informelitoral.com.ar\/%77%70%2d%6a%73%6f%6e\/wp\/v2\/media\/212471"}],"wp:attachment":[{"href":"https:\/\/informelitoral.com.ar\/%77%70%2d%6a%73%6f%6e\/wp\/v2\/media?parent=212470"}],"wp:term":[{"taxonomy":"category","embeddable":true,"href":"https:\/\/informelitoral.com.ar\/%77%70%2d%6a%73%6f%6e\/wp\/v2\/categories?post=212470"},{"taxonomy":"post_tag","embeddable":true,"href":"https:\/\/informelitoral.com.ar\/%77%70%2d%6a%73%6f%6e\/wp\/v2\/tags?post=212470"}],"curies":[{"name":"wp","href":"https:\/\/api.w.org\/{rel}","templated":true}]}}