{"id":212454,"date":"2025-02-19T21:31:49","date_gmt":"2025-02-20T00:31:49","guid":{"rendered":"https:\/\/informelitoral.com.ar\/?p=212454"},"modified":"2025-02-19T21:31:49","modified_gmt":"2025-02-20T00:31:49","slug":"diamante-mas-de-130-jovenes-participaron-de-la-jornada-recreativa-y-deportiva","status":"publish","type":"post","link":"https:\/\/informelitoral.com.ar\/diamante-mas-de-130-jovenes-participaron-de-la-jornada-recreativa-y-deportiva\/","title":{"rendered":"Diamante: m\u00e1s de 130 j\u00f3venes participaron de la jornada recreativa y deportiva"},"content":{"rendered":"<p>\u00abEstamos muy contentos de brindar este espacio de encuentro para los participantes de nuestra provincia. Es una oportunidad para fortalecer la integraci\u00f3n y el disfrute en contacto con la naturaleza\u00bb, destac\u00f3 la subdirectora de Cuidados Alternativos para las Adolescencias del Consejo Provincial del Ni\u00f1o, el Adolescente y la Familia (Copnaf), <strong>Janet Miraglio.<\/strong><\/p>\n<p>El d\u00eda deportivo se realiz\u00f3 en el complejo de piletas de la reserva natural Tierra Chan\u00e1 y cont\u00f3 con delegaciones de distintas localidades entrerrianas. Durante la jornada, los asistentes participaron en charlas ambientales, caminatas por el monte nativo, juegos de mesa, v\u00f3leibol, campeonatos de penales y f\u00fatbol-tenis. Tambi\u00e9n disfrutaron de zumba acu\u00e1tica, pileta libre y peloteros inflables.<\/p>\n<p>La coordinadora del \u00e1rea de Adultos Mayores de la Secretar\u00eda de Deportes, <strong>Silvina Wiliezko,<\/strong> resalt\u00f3: \u00abEsta es una gran oportunidad para compartir a trav\u00e9s del deporte y la recreaci\u00f3n, generando lazos de amistad y reforzando v\u00ednculos\u00bb. Por su parte, la directora de Desarrollo Social de la Municipalidad de Diamante, Maia Fuchs, agradeci\u00f3 que la ciudad fuera sede del encuentro y destac\u00f3 la importancia de conocer a los participantes y sus historias de vida.<\/p>\n<p>Asistieron, adem\u00e1s, el intendente <strong>Ezio Gieco<\/strong>, el senador provincial <strong>Gustavo Vergara<\/strong>, la presidente del Copnaf, <strong>Clarisa Sack<\/strong>; el secretario de Gesti\u00f3n Social del Ministerio de Desarrollo Humano, <strong>Pablo Omarini;<\/strong> y la directora de Protecci\u00f3n Integral de las Infancias del Copnaf, <strong>Ruth Pennachini,<\/strong> entre otros.<\/p>\n<p>Desde la organizaci\u00f3n remarcaron el valor de estas actividades que promueven la inclusi\u00f3n, el entretenimiento y el derecho de los j\u00f3venes a disfrutar de espacios de recreaci\u00f3n y deporte.<\/p>\n","protected":false},"excerpt":{"rendered":"<p>Integrantes de residencias socioeducativas de Entre R\u00edos participaron en el segundo Encuentro Deportivo Recreativo Encontr\u00e1ndonos. La actividad, organizada por la Secretar\u00eda de Deportes junto al Copnaf y la Municipalidad de Diamante, foment\u00f3 la integraci\u00f3n, el disfrute y el esparcimiento en un entorno natural.<\/p>\n","protected":false},"author":2,"featured_media":212455,"comment_status":"open","ping_status":"open","sticky":false,"template":"","format":"standard","meta":{"fifu_image_url":"","fifu_image_alt":"","footnotes":""},"categories":[5,4588],"tags":[34],"class_list":{"0":"post-212454","1":"post","2":"type-post","3":"status-publish","4":"format-standard","5":"has-post-thumbnail","7":"category-zonales","8":"category-diamante","9":"tag-diamante"},"yoast_head":"<title>Diamante: m\u00e1s de 130 j\u00f3venes participaron de la jornada recreativa y deportiva - Informe Litoral<\/title>\n<meta name=\"robots\" content=\"index, follow, max-snippet:-1, max-image-preview:large, max-video-preview:-1\" \/>\n<link rel=\"canonical\" href=\"https:\/\/informelitoral.com.ar\/diamante-mas-de-130-jovenes-participaron-de-la-jornada-recreativa-y-deportiva\/\" \/>\n<meta property=\"og:locale\" content=\"es_ES\" \/>\n<meta property=\"og:type\" content=\"article\" \/>\n<meta property=\"og:title\" content=\"Diamante: m\u00e1s de 130 j\u00f3venes participaron de la jornada recreativa y deportiva - Informe Litoral\" \/>\n<meta property=\"og:description\" content=\"Integrantes de residencias socioeducativas de Entre R\u00edos participaron en el segundo Encuentro Deportivo Recreativo Encontr\u00e1ndonos. La actividad, organizada por la Secretar\u00eda de Deportes junto al Copnaf y la Municipalidad de Diamante, foment\u00f3 la integraci\u00f3n, el disfrute y el esparcimiento en un entorno natural.\" \/>\n<meta property=\"og:url\" content=\"https:\/\/informelitoral.com.ar\/diamante-mas-de-130-jovenes-participaron-de-la-jornada-recreativa-y-deportiva\/\" \/>\n<meta property=\"og:site_name\" content=\"Informe Litoral\" \/>\n<meta property=\"article:publisher\" content=\"https:\/\/www.facebook.com\/informelitoral\/\" \/>\n<meta property=\"article:published_time\" content=\"2025-02-20T00:31:49+00:00\" \/>\n<meta property=\"og:image\" content=\"https:\/\/informelitoral.com.ar\/%77%70%2d%63%6f%6e%74%65%6e%74\/uploads\/2025\/02\/descarga-2.jpg\" \/>\n\t<meta property=\"og:image:width\" content=\"1920\" \/>\n\t<meta property=\"og:image:height\" content=\"1280\" \/>\n\t<meta property=\"og:image:type\" content=\"image\/jpeg\" \/>\n<meta name=\"author\" content=\"Gonzalo Schmidt\" \/>\n<meta name=\"twitter:card\" content=\"summary_large_image\" \/>\n<meta name=\"twitter:creator\" content=\"@InformeLitoral\" \/>\n<meta name=\"twitter:site\" content=\"@InformeLitoral\" \/>\n<meta name=\"twitter:label1\" content=\"Escrito por\" \/>\n\t<meta name=\"twitter:data1\" content=\"Gonzalo Schmidt\" \/>\n\t<meta name=\"twitter:label2\" content=\"Tiempo de lectura\" \/>\n\t<meta name=\"twitter:data2\" content=\"1 minuto\" \/>\n<script type=\"application\/ld+json\" class=\"yoast-schema-graph\">{\"@context\":\"https:\\\/\\\/schema.org\",\"@graph\":[{\"@type\":\"Article\",\"@id\":\"https:\\\/\\\/informelitoral.com.ar\\\/diamante-mas-de-130-jovenes-participaron-de-la-jornada-recreativa-y-deportiva\\\/#article\",\"isPartOf\":{\"@id\":\"https:\\\/\\\/informelitoral.com.ar\\\/diamante-mas-de-130-jovenes-participaron-de-la-jornada-recreativa-y-deportiva\\\/\"},\"author\":{\"name\":\"Gonzalo Schmidt\",\"@id\":\"https:\\\/\\\/informelitoral.com.ar\\\/#\\\/schema\\\/person\\\/b9d00407c836482871ef1d57bf8e3180\"},\"headline\":\"Diamante: m\u00e1s de 130 j\u00f3venes participaron de la jornada recreativa y deportiva\",\"datePublished\":\"2025-02-20T00:31:49+00:00\",\"mainEntityOfPage\":{\"@id\":\"https:\\\/\\\/informelitoral.com.ar\\\/diamante-mas-de-130-jovenes-participaron-de-la-jornada-recreativa-y-deportiva\\\/\"},\"wordCount\":286,\"commentCount\":0,\"publisher\":{\"@id\":\"https:\\\/\\\/informelitoral.com.ar\\\/#organization\"},\"image\":{\"@id\":\"https:\\\/\\\/informelitoral.com.ar\\\/diamante-mas-de-130-jovenes-participaron-de-la-jornada-recreativa-y-deportiva\\\/#primaryimage\"},\"thumbnailUrl\":\"https:\\\/\\\/informelitoral.com.ar\\\/%77%70%2d%63%6f%6e%74%65%6e%74\\\/uploads\\\/2025\\\/02\\\/descarga-2.jpg\",\"keywords\":[\"Diamante\"],\"articleSection\":[\"Departamento Diamante\",\"Diamante\"],\"inLanguage\":\"es\",\"potentialAction\":[{\"@type\":\"CommentAction\",\"name\":\"Comment\",\"target\":[\"https:\\\/\\\/informelitoral.com.ar\\\/diamante-mas-de-130-jovenes-participaron-de-la-jornada-recreativa-y-deportiva\\\/#respond\"]}]},{\"@type\":\"WebPage\",\"@id\":\"https:\\\/\\\/informelitoral.com.ar\\\/diamante-mas-de-130-jovenes-participaron-de-la-jornada-recreativa-y-deportiva\\\/\",\"url\":\"https:\\\/\\\/informelitoral.com.ar\\\/diamante-mas-de-130-jovenes-participaron-de-la-jornada-recreativa-y-deportiva\\\/\",\"name\":\"Diamante: m\u00e1s de 130 j\u00f3venes participaron de la jornada recreativa y deportiva - Informe Litoral\",\"isPartOf\":{\"@id\":\"https:\\\/\\\/informelitoral.com.ar\\\/#website\"},\"primaryImageOfPage\":{\"@id\":\"https:\\\/\\\/informelitoral.com.ar\\\/diamante-mas-de-130-jovenes-participaron-de-la-jornada-recreativa-y-deportiva\\\/#primaryimage\"},\"image\":{\"@id\":\"https:\\\/\\\/informelitoral.com.ar\\\/diamante-mas-de-130-jovenes-participaron-de-la-jornada-recreativa-y-deportiva\\\/#primaryimage\"},\"thumbnailUrl\":\"https:\\\/\\\/informelitoral.com.ar\\\/%77%70%2d%63%6f%6e%74%65%6e%74\\\/uploads\\\/2025\\\/02\\\/descarga-2.jpg\",\"datePublished\":\"2025-02-20T00:31:49+00:00\",\"breadcrumb\":{\"@id\":\"https:\\\/\\\/informelitoral.com.ar\\\/diamante-mas-de-130-jovenes-participaron-de-la-jornada-recreativa-y-deportiva\\\/#breadcrumb\"},\"inLanguage\":\"es\",\"potentialAction\":[{\"@type\":\"ReadAction\",\"target\":[\"https:\\\/\\\/informelitoral.com.ar\\\/diamante-mas-de-130-jovenes-participaron-de-la-jornada-recreativa-y-deportiva\\\/\"]}]},{\"@type\":\"ImageObject\",\"inLanguage\":\"es\",\"@id\":\"https:\\\/\\\/informelitoral.com.ar\\\/diamante-mas-de-130-jovenes-participaron-de-la-jornada-recreativa-y-deportiva\\\/#primaryimage\",\"url\":\"https:\\\/\\\/informelitoral.com.ar\\\/%77%70%2d%63%6f%6e%74%65%6e%74\\\/uploads\\\/2025\\\/02\\\/descarga-2.jpg\",\"contentUrl\":\"https:\\\/\\\/informelitoral.com.ar\\\/%77%70%2d%63%6f%6e%74%65%6e%74\\\/uploads\\\/2025\\\/02\\\/descarga-2.jpg\",\"width\":1920,\"height\":1280},{\"@type\":\"BreadcrumbList\",\"@id\":\"https:\\\/\\\/informelitoral.com.ar\\\/diamante-mas-de-130-jovenes-participaron-de-la-jornada-recreativa-y-deportiva\\\/#breadcrumb\",\"itemListElement\":[{\"@type\":\"ListItem\",\"position\":1,\"name\":\"Portada\",\"item\":\"https:\\\/\\\/informelitoral.com.ar\\\/\"},{\"@type\":\"ListItem\",\"position\":2,\"name\":\"Diamante: m\u00e1s de 130 j\u00f3venes participaron de la jornada recreativa y deportiva\"}]},{\"@type\":\"WebSite\",\"@id\":\"https:\\\/\\\/informelitoral.com.ar\\\/#website\",\"url\":\"https:\\\/\\\/informelitoral.com.ar\\\/\",\"name\":\"Informe Litoral\",\"description\":\"&quot;Nos informamos&quot; \",\"publisher\":{\"@id\":\"https:\\\/\\\/informelitoral.com.ar\\\/#organization\"},\"potentialAction\":[{\"@type\":\"SearchAction\",\"target\":{\"@type\":\"EntryPoint\",\"urlTemplate\":\"https:\\\/\\\/informelitoral.com.ar\\\/?s={search_term_string}\"},\"query-input\":{\"@type\":\"PropertyValueSpecification\",\"valueRequired\":true,\"valueName\":\"search_term_string\"}}],\"inLanguage\":\"es\"},{\"@type\":\"Organization\",\"@id\":\"https:\\\/\\\/informelitoral.com.ar\\\/#organization\",\"name\":\"Informe Litoral\",\"url\":\"https:\\\/\\\/informelitoral.com.ar\\\/\",\"logo\":{\"@type\":\"ImageObject\",\"inLanguage\":\"es\",\"@id\":\"https:\\\/\\\/informelitoral.com.ar\\\/#\\\/schema\\\/logo\\\/image\\\/\",\"url\":\"https:\\\/\\\/informelitoral.com.ar\\\/%77%70%2d%63%6f%6e%74%65%6e%74\\\/uploads\\\/2021\\\/01\\\/circulo.png\",\"contentUrl\":\"https:\\\/\\\/informelitoral.com.ar\\\/%77%70%2d%63%6f%6e%74%65%6e%74\\\/uploads\\\/2021\\\/01\\\/circulo.png\",\"width\":723,\"height\":731,\"caption\":\"Informe Litoral\"},\"image\":{\"@id\":\"https:\\\/\\\/informelitoral.com.ar\\\/#\\\/schema\\\/logo\\\/image\\\/\"},\"sameAs\":[\"https:\\\/\\\/www.facebook.com\\\/informelitoral\\\/\",\"https:\\\/\\\/x.com\\\/InformeLitoral\",\"https:\\\/\\\/www.instagram.com\\\/informelitoral\\\/\",\"https:\\\/\\\/www.youtube.com\\\/channel\\\/UCua4Qvz8Icb6MYqhoq9xLXw\"]},{\"@type\":\"Person\",\"@id\":\"https:\\\/\\\/informelitoral.com.ar\\\/#\\\/schema\\\/person\\\/b9d00407c836482871ef1d57bf8e3180\",\"name\":\"Gonzalo Schmidt\",\"image\":{\"@type\":\"ImageObject\",\"inLanguage\":\"es\",\"@id\":\"https:\\\/\\\/secure.gravatar.com\\\/avatar\\\/31a1a7b66ff2de83bd0e9fd79d026630d2d99e55e8bfe501287647b4fd9743de?s=96&d=mm&r=g\",\"url\":\"https:\\\/\\\/secure.gravatar.com\\\/avatar\\\/31a1a7b66ff2de83bd0e9fd79d026630d2d99e55e8bfe501287647b4fd9743de?s=96&d=mm&r=g\",\"contentUrl\":\"https:\\\/\\\/secure.gravatar.com\\\/avatar\\\/31a1a7b66ff2de83bd0e9fd79d026630d2d99e55e8bfe501287647b4fd9743de?s=96&d=mm&r=g\",\"caption\":\"Gonzalo Schmidt\"},\"description\":\"Sitio web de noticias de la provincia de Entre R\u00edos, Argentina. Informaci\u00f3n y entretenimiento. Informe Litoral, nos informamos.\",\"sameAs\":[\"http:\\\/\\\/www.isletasnoticias.com.ar\"],\"url\":\"https:\\\/\\\/informelitoral.com.ar\\\/author\\\/gonzalo\\\/\"}]}<\/script>","yoast_head_json":{"title":"Diamante: m\u00e1s de 130 j\u00f3venes participaron de la jornada recreativa y deportiva - Informe Litoral","robots":{"index":"index","follow":"follow","max-snippet":"max-snippet:-1","max-image-preview":"max-image-preview:large","max-video-preview":"max-video-preview:-1"},"canonical":"https:\/\/informelitoral.com.ar\/diamante-mas-de-130-jovenes-participaron-de-la-jornada-recreativa-y-deportiva\/","og_locale":"es_ES","og_type":"article","og_title":"Diamante: m\u00e1s de 130 j\u00f3venes participaron de la jornada recreativa y deportiva - Informe Litoral","og_description":"Integrantes de residencias socioeducativas de Entre R\u00edos participaron en el segundo Encuentro Deportivo Recreativo Encontr\u00e1ndonos. La actividad, organizada por la Secretar\u00eda de Deportes junto al Copnaf y la Municipalidad de Diamante, foment\u00f3 la integraci\u00f3n, el disfrute y el esparcimiento en un entorno natural.","og_url":"https:\/\/informelitoral.com.ar\/diamante-mas-de-130-jovenes-participaron-de-la-jornada-recreativa-y-deportiva\/","og_site_name":"Informe Litoral","article_publisher":"https:\/\/www.facebook.com\/informelitoral\/","article_published_time":"2025-02-20T00:31:49+00:00","og_image":[{"width":1920,"height":1280,"url":"https:\/\/informelitoral.com.ar\/%77%70%2d%63%6f%6e%74%65%6e%74\/uploads\/2025\/02\/descarga-2.jpg","type":"image\/jpeg"}],"author":"Gonzalo Schmidt","twitter_card":"summary_large_image","twitter_creator":"@InformeLitoral","twitter_site":"@InformeLitoral","twitter_misc":{"Escrito por":"Gonzalo Schmidt","Tiempo de lectura":"1 minuto"},"schema":{"@context":"https:\/\/schema.org","@graph":[{"@type":"Article","@id":"https:\/\/informelitoral.com.ar\/diamante-mas-de-130-jovenes-participaron-de-la-jornada-recreativa-y-deportiva\/#article","isPartOf":{"@id":"https:\/\/informelitoral.com.ar\/diamante-mas-de-130-jovenes-participaron-de-la-jornada-recreativa-y-deportiva\/"},"author":{"name":"Gonzalo Schmidt","@id":"https:\/\/informelitoral.com.ar\/#\/schema\/person\/b9d00407c836482871ef1d57bf8e3180"},"headline":"Diamante: m\u00e1s de 130 j\u00f3venes participaron de la jornada recreativa y deportiva","datePublished":"2025-02-20T00:31:49+00:00","mainEntityOfPage":{"@id":"https:\/\/informelitoral.com.ar\/diamante-mas-de-130-jovenes-participaron-de-la-jornada-recreativa-y-deportiva\/"},"wordCount":286,"commentCount":0,"publisher":{"@id":"https:\/\/informelitoral.com.ar\/#organization"},"image":{"@id":"https:\/\/informelitoral.com.ar\/diamante-mas-de-130-jovenes-participaron-de-la-jornada-recreativa-y-deportiva\/#primaryimage"},"thumbnailUrl":"https:\/\/informelitoral.com.ar\/%77%70%2d%63%6f%6e%74%65%6e%74\/uploads\/2025\/02\/descarga-2.jpg","keywords":["Diamante"],"articleSection":["Departamento Diamante","Diamante"],"inLanguage":"es","potentialAction":[{"@type":"CommentAction","name":"Comment","target":["https:\/\/informelitoral.com.ar\/diamante-mas-de-130-jovenes-participaron-de-la-jornada-recreativa-y-deportiva\/#respond"]}]},{"@type":"WebPage","@id":"https:\/\/informelitoral.com.ar\/diamante-mas-de-130-jovenes-participaron-de-la-jornada-recreativa-y-deportiva\/","url":"https:\/\/informelitoral.com.ar\/diamante-mas-de-130-jovenes-participaron-de-la-jornada-recreativa-y-deportiva\/","name":"Diamante: m\u00e1s de 130 j\u00f3venes participaron de la jornada recreativa y deportiva - Informe Litoral","isPartOf":{"@id":"https:\/\/informelitoral.com.ar\/#website"},"primaryImageOfPage":{"@id":"https:\/\/informelitoral.com.ar\/diamante-mas-de-130-jovenes-participaron-de-la-jornada-recreativa-y-deportiva\/#primaryimage"},"image":{"@id":"https:\/\/informelitoral.com.ar\/diamante-mas-de-130-jovenes-participaron-de-la-jornada-recreativa-y-deportiva\/#primaryimage"},"thumbnailUrl":"https:\/\/informelitoral.com.ar\/%77%70%2d%63%6f%6e%74%65%6e%74\/uploads\/2025\/02\/descarga-2.jpg","datePublished":"2025-02-20T00:31:49+00:00","breadcrumb":{"@id":"https:\/\/informelitoral.com.ar\/diamante-mas-de-130-jovenes-participaron-de-la-jornada-recreativa-y-deportiva\/#breadcrumb"},"inLanguage":"es","potentialAction":[{"@type":"ReadAction","target":["https:\/\/informelitoral.com.ar\/diamante-mas-de-130-jovenes-participaron-de-la-jornada-recreativa-y-deportiva\/"]}]},{"@type":"ImageObject","inLanguage":"es","@id":"https:\/\/informelitoral.com.ar\/diamante-mas-de-130-jovenes-participaron-de-la-jornada-recreativa-y-deportiva\/#primaryimage","url":"https:\/\/informelitoral.com.ar\/%77%70%2d%63%6f%6e%74%65%6e%74\/uploads\/2025\/02\/descarga-2.jpg","contentUrl":"https:\/\/informelitoral.com.ar\/%77%70%2d%63%6f%6e%74%65%6e%74\/uploads\/2025\/02\/descarga-2.jpg","width":1920,"height":1280},{"@type":"BreadcrumbList","@id":"https:\/\/informelitoral.com.ar\/diamante-mas-de-130-jovenes-participaron-de-la-jornada-recreativa-y-deportiva\/#breadcrumb","itemListElement":[{"@type":"ListItem","position":1,"name":"Portada","item":"https:\/\/informelitoral.com.ar\/"},{"@type":"ListItem","position":2,"name":"Diamante: m\u00e1s de 130 j\u00f3venes participaron de la jornada recreativa y deportiva"}]},{"@type":"WebSite","@id":"https:\/\/informelitoral.com.ar\/#website","url":"https:\/\/informelitoral.com.ar\/","name":"Informe Litoral","description":"&quot;Nos informamos&quot; ","publisher":{"@id":"https:\/\/informelitoral.com.ar\/#organization"},"potentialAction":[{"@type":"SearchAction","target":{"@type":"EntryPoint","urlTemplate":"https:\/\/informelitoral.com.ar\/?s={search_term_string}"},"query-input":{"@type":"PropertyValueSpecification","valueRequired":true,"valueName":"search_term_string"}}],"inLanguage":"es"},{"@type":"Organization","@id":"https:\/\/informelitoral.com.ar\/#organization","name":"Informe Litoral","url":"https:\/\/informelitoral.com.ar\/","logo":{"@type":"ImageObject","inLanguage":"es","@id":"https:\/\/informelitoral.com.ar\/#\/schema\/logo\/image\/","url":"https:\/\/informelitoral.com.ar\/%77%70%2d%63%6f%6e%74%65%6e%74\/uploads\/2021\/01\/circulo.png","contentUrl":"https:\/\/informelitoral.com.ar\/%77%70%2d%63%6f%6e%74%65%6e%74\/uploads\/2021\/01\/circulo.png","width":723,"height":731,"caption":"Informe Litoral"},"image":{"@id":"https:\/\/informelitoral.com.ar\/#\/schema\/logo\/image\/"},"sameAs":["https:\/\/www.facebook.com\/informelitoral\/","https:\/\/x.com\/InformeLitoral","https:\/\/www.instagram.com\/informelitoral\/","https:\/\/www.youtube.com\/channel\/UCua4Qvz8Icb6MYqhoq9xLXw"]},{"@type":"Person","@id":"https:\/\/informelitoral.com.ar\/#\/schema\/person\/b9d00407c836482871ef1d57bf8e3180","name":"Gonzalo Schmidt","image":{"@type":"ImageObject","inLanguage":"es","@id":"https:\/\/secure.gravatar.com\/avatar\/31a1a7b66ff2de83bd0e9fd79d026630d2d99e55e8bfe501287647b4fd9743de?s=96&d=mm&r=g","url":"https:\/\/secure.gravatar.com\/avatar\/31a1a7b66ff2de83bd0e9fd79d026630d2d99e55e8bfe501287647b4fd9743de?s=96&d=mm&r=g","contentUrl":"https:\/\/secure.gravatar.com\/avatar\/31a1a7b66ff2de83bd0e9fd79d026630d2d99e55e8bfe501287647b4fd9743de?s=96&d=mm&r=g","caption":"Gonzalo Schmidt"},"description":"Sitio web de noticias de la provincia de Entre R\u00edos, Argentina. Informaci\u00f3n y entretenimiento. Informe Litoral, nos informamos.","sameAs":["http:\/\/www.isletasnoticias.com.ar"],"url":"https:\/\/informelitoral.com.ar\/author\/gonzalo\/"}]}},"_links":{"self":[{"href":"https:\/\/informelitoral.com.ar\/%77%70%2d%6a%73%6f%6e\/wp\/v2\/posts\/212454","targetHints":{"allow":["GET"]}}],"collection":[{"href":"https:\/\/informelitoral.com.ar\/%77%70%2d%6a%73%6f%6e\/wp\/v2\/posts"}],"about":[{"href":"https:\/\/informelitoral.com.ar\/%77%70%2d%6a%73%6f%6e\/wp\/v2\/types\/post"}],"author":[{"embeddable":true,"href":"https:\/\/informelitoral.com.ar\/%77%70%2d%6a%73%6f%6e\/wp\/v2\/users\/2"}],"replies":[{"embeddable":true,"href":"https:\/\/informelitoral.com.ar\/%77%70%2d%6a%73%6f%6e\/wp\/v2\/comments?post=212454"}],"version-history":[{"count":0,"href":"https:\/\/informelitoral.com.ar\/%77%70%2d%6a%73%6f%6e\/wp\/v2\/posts\/212454\/revisions"}],"wp:featuredmedia":[{"embeddable":true,"href":"https:\/\/informelitoral.com.ar\/%77%70%2d%6a%73%6f%6e\/wp\/v2\/media\/212455"}],"wp:attachment":[{"href":"https:\/\/informelitoral.com.ar\/%77%70%2d%6a%73%6f%6e\/wp\/v2\/media?parent=212454"}],"wp:term":[{"taxonomy":"category","embeddable":true,"href":"https:\/\/informelitoral.com.ar\/%77%70%2d%6a%73%6f%6e\/wp\/v2\/categories?post=212454"},{"taxonomy":"post_tag","embeddable":true,"href":"https:\/\/informelitoral.com.ar\/%77%70%2d%6a%73%6f%6e\/wp\/v2\/tags?post=212454"}],"curies":[{"name":"wp","href":"https:\/\/api.w.org\/{rel}","templated":true}]}}