{"id":212377,"date":"2025-02-19T07:49:07","date_gmt":"2025-02-19T10:49:07","guid":{"rendered":"https:\/\/informelitoral.com.ar\/?p=212377"},"modified":"2025-02-19T07:51:25","modified_gmt":"2025-02-19T10:51:25","slug":"seleccion-una-jugador-se-lesiono-a-un-mes-de-los-clasicos-con-uruguay-y-brasil","status":"publish","type":"post","link":"https:\/\/informelitoral.com.ar\/seleccion-una-jugador-se-lesiono-a-un-mes-de-los-clasicos-con-uruguay-y-brasil\/","title":{"rendered":"Selecci\u00f3n: se lesion\u00f3 un jugador a un mes de los cl\u00e1sicos con Uruguay y Brasil"},"content":{"rendered":"<p class=\"paragraph\">La\u00a0Selecci\u00f3n Argentina, l\u00edder de las Eliminatorias Sudamericanas, retomar\u00e1 en marzo su competencia en la clasificaci\u00f3n para el Mundial 2026 con una exigente doble fecha ante<b> Uruguay, de visitante, y Brasil, de local.<\/b><\/p>\n<p class=\"paragraph\">El mediocampista\u00a0<b>Giovani Lo Celso<\/b>, uno de los jugadores de mayor presencia en el ciclo de\u00a0<b>Lionel Scaloni<\/b>, comprometi\u00f3 su presencia en ambos cl\u00e1sicos, despu\u00e9s de confirmarse la lesi\u00f3n sufrida el pasado domingo.<\/p>\n<figure class=\"\" data-testid=\"figure-testid\">\n<div class=\"aspect_ratio__container\"><picture class=\"responsive-image\"><source srcset=\"https:\/\/tn.com.ar\/resizer\/v2\/lo-celso-junto-a-leandro-paredes-en-un-entrenamiento-de-la-seleccion-argentina-foto-reutersagustin-marcarian-PLF5O4HIOBLEI65SEBKDNPLIZA.jpg?auth=ebe5b6ebce850302c138d98fdac13f8910205286aa06040f416314121afb4811&amp;width=767\" type=\"image\/jpg\" media=\"(max-width: 728px)\" \/><source srcset=\"https:\/\/tn.com.ar\/resizer\/v2\/lo-celso-junto-a-leandro-paredes-en-un-entrenamiento-de-la-seleccion-argentina-foto-reutersagustin-marcarian-PLF5O4HIOBLEI65SEBKDNPLIZA.jpg?auth=ebe5b6ebce850302c138d98fdac13f8910205286aa06040f416314121afb4811&amp;width=1023\" type=\"image\/jpg\" media=\"(max-width: 1023px)\" \/><source srcset=\"https:\/\/tn.com.ar\/resizer\/v2\/lo-celso-junto-a-leandro-paredes-en-un-entrenamiento-de-la-seleccion-argentina-foto-reutersagustin-marcarian-PLF5O4HIOBLEI65SEBKDNPLIZA.jpg?auth=ebe5b6ebce850302c138d98fdac13f8910205286aa06040f416314121afb4811&amp;width=1440\" type=\"image\/jpg\" \/><img loading=\"lazy\" decoding=\"async\" class=\"image content-image image_placeholder\" src=\"https:\/\/tn.com.ar\/resizer\/v2\/lo-celso-junto-a-leandro-paredes-en-un-entrenamiento-de-la-seleccion-argentina-foto-reutersagustin-marcarian-PLF5O4HIOBLEI65SEBKDNPLIZA.jpg?auth=ebe5b6ebce850302c138d98fdac13f8910205286aa06040f416314121afb4811&amp;width=767\" alt=\"Lo Celso junto a Leandro Paredes en un entrenamiento de la Selecci\u00f3n Argentina (Foto: REUTERS\/Agustin Marcarian)\" width=\"767\" height=\"572\" data-testid=\"loading-testid\" \/><\/picture><\/div>\n<\/figure>\n<p class=\"paragraph\">El Betis confirm\u00f3 este martes mediante un parte m\u00e9dico que el rosarino sufri\u00f3\u00a0<b>\u201cuna lesi\u00f3n de grado medio en el tercio medio del s\u00f3leo de su pierna derecha\u201d<\/b>.<\/p>\n<h6><strong><em>Te puede interesar:\u00a0<a href=\"https:\/\/informelitoral.com.ar\/inter-miami-2025-el-motivo-por-el-que-se-postergo-el-primer-partido-oficial-de-lionel-messi\/\" target=\"_blank\" rel=\"noopener\">Inter Miami 2025: el motivo por el que se posterg\u00f3 el primer partido oficial de Lionel Messi<\/a><\/em><\/strong><\/h6>\n<p class=\"paragraph\">El club sevillano indic\u00f3 que la disponibilidad del argentino\u00a0<b>\u201cdepender\u00e1 de su evoluci\u00f3n\u201d<\/b>, aunque los plazos estipulados para lesiones de esa caracter\u00edsticas rondan las tres semanas, lo que deja al l\u00edmite la posibilidad de recibir una convocatoria.<\/p>\n<p class=\"paragraph\">Lo Celso, de 28 a\u00f1os,\u00a0<b>bicampe\u00f3n de Am\u00e9rica con la Selecci\u00f3n (2021 y 2023) y tambi\u00e9n ganador de la Finalissima 2022<\/b>, se lesion\u00f3 el domingo pasado durante el primer tiempo de la goleada ante Real Sociedad, por la 24ta. fecha de LaLiga.<\/p>\n<h2 class=\"font--primary font__display\"><strong>Cu\u00e1ndo juega Argentina ante Uruguay y Brasil por las Eliminatorias Sudamericanas<\/strong><\/h2>\n<p class=\"paragraph\"><b>Argentina<\/b>\u00a0afrontar\u00e1 el marzo la ventana m\u00e1s exigente de la competencia, que\u00a0<b>puede asegurar su clasificaci\u00f3n a la Copa del Mundo de Estados Unidos, Canad\u00e1 y M\u00e9xico<\/b>.<\/p>\n<p class=\"paragraph\">La Scaloneta visitar\u00e1 a\u00a0<b>Uruguay<\/b>\u00a0<b>en el Centenario de Montevideo, el viernes 21 a las 20:30 con arbitraje del paraguayo Juan Ben\u00edtez<\/b>. Cuatro d\u00edas despu\u00e9s, recibir\u00e1 a\u00a0<b>Brasil en el Monumental, desde las 21:00, bajo direcci\u00f3n del colombiano Andr\u00e9s Rojas<\/b>.<\/p>\n<p class=\"paragraph\">La Selecci\u00f3n lidera la clasificaci\u00f3n mundialista con 25 unidades, cinco de ventaja sobre su escolta Uruguay y siete en relaci\u00f3n a la Verdeamarela, que ocupa la quinta posici\u00f3n.(<em>TN<\/em>)<\/p>\n","protected":false},"excerpt":{"rendered":"<p>El mediocampista sufri\u00f3 una molestia muscular en la pierna derecha.<\/p>\n","protected":false},"author":8,"featured_media":190059,"comment_status":"open","ping_status":"open","sticky":false,"template":"","format":"standard","meta":{"fifu_image_url":"","fifu_image_alt":"","footnotes":""},"categories":[3],"tags":[3713,3160,116],"class_list":{"0":"post-212377","1":"post","2":"type-post","3":"status-publish","4":"format-standard","5":"has-post-thumbnail","7":"category-noticias","8":"tag-lesionado","9":"tag-partido","10":"tag-seleccion-argentina"},"yoast_head":"<title>Selecci\u00f3n: se lesion\u00f3 un jugador a un mes de los cl\u00e1sicos con Uruguay y Brasil - Informe Litoral<\/title>\n<meta name=\"robots\" content=\"index, follow, max-snippet:-1, max-image-preview:large, max-video-preview:-1\" \/>\n<link rel=\"canonical\" href=\"https:\/\/informelitoral.com.ar\/seleccion-una-jugador-se-lesiono-a-un-mes-de-los-clasicos-con-uruguay-y-brasil\/\" \/>\n<meta property=\"og:locale\" content=\"es_ES\" \/>\n<meta property=\"og:type\" content=\"article\" \/>\n<meta property=\"og:title\" content=\"Selecci\u00f3n: se lesion\u00f3 un jugador a un mes de los cl\u00e1sicos con Uruguay y Brasil - Informe Litoral\" \/>\n<meta property=\"og:description\" content=\"El mediocampista sufri\u00f3 una molestia muscular en la pierna derecha.\" \/>\n<meta property=\"og:url\" content=\"https:\/\/informelitoral.com.ar\/seleccion-una-jugador-se-lesiono-a-un-mes-de-los-clasicos-con-uruguay-y-brasil\/\" \/>\n<meta property=\"og:site_name\" content=\"Informe Litoral\" \/>\n<meta property=\"article:publisher\" content=\"https:\/\/www.facebook.com\/informelitoral\/\" \/>\n<meta property=\"article:published_time\" content=\"2025-02-19T10:49:07+00:00\" \/>\n<meta property=\"article:modified_time\" content=\"2025-02-19T10:51:25+00:00\" \/>\n<meta property=\"og:image\" content=\"https:\/\/informelitoral.com.ar\/%77%70%2d%63%6f%6e%74%65%6e%74\/uploads\/2024\/06\/el-entrenamiento-de-la-seleccion_862x485.webp\" \/>\n\t<meta property=\"og:image:width\" content=\"862\" \/>\n\t<meta property=\"og:image:height\" content=\"485\" \/>\n\t<meta property=\"og:image:type\" content=\"image\/webp\" \/>\n<meta name=\"author\" content=\"Sebastian\" \/>\n<meta name=\"twitter:card\" content=\"summary_large_image\" \/>\n<meta name=\"twitter:creator\" content=\"@InformeLitoral\" \/>\n<meta name=\"twitter:site\" content=\"@InformeLitoral\" \/>\n<meta name=\"twitter:label1\" content=\"Escrito por\" \/>\n\t<meta name=\"twitter:data1\" content=\"Sebastian\" \/>\n\t<meta name=\"twitter:label2\" content=\"Tiempo de lectura\" \/>\n\t<meta name=\"twitter:data2\" content=\"2 minutos\" \/>\n<script type=\"application\/ld+json\" class=\"yoast-schema-graph\">{\"@context\":\"https:\\\/\\\/schema.org\",\"@graph\":[{\"@type\":\"Article\",\"@id\":\"https:\\\/\\\/informelitoral.com.ar\\\/seleccion-una-jugador-se-lesiono-a-un-mes-de-los-clasicos-con-uruguay-y-brasil\\\/#article\",\"isPartOf\":{\"@id\":\"https:\\\/\\\/informelitoral.com.ar\\\/seleccion-una-jugador-se-lesiono-a-un-mes-de-los-clasicos-con-uruguay-y-brasil\\\/\"},\"author\":{\"name\":\"Sebastian\",\"@id\":\"https:\\\/\\\/informelitoral.com.ar\\\/#\\\/schema\\\/person\\\/f05f9f461677119578717524b127d6d5\"},\"headline\":\"Selecci\u00f3n: se lesion\u00f3 un jugador a un mes de los cl\u00e1sicos con Uruguay y Brasil\",\"datePublished\":\"2025-02-19T10:49:07+00:00\",\"dateModified\":\"2025-02-19T10:51:25+00:00\",\"mainEntityOfPage\":{\"@id\":\"https:\\\/\\\/informelitoral.com.ar\\\/seleccion-una-jugador-se-lesiono-a-un-mes-de-los-clasicos-con-uruguay-y-brasil\\\/\"},\"wordCount\":337,\"commentCount\":0,\"publisher\":{\"@id\":\"https:\\\/\\\/informelitoral.com.ar\\\/#organization\"},\"image\":{\"@id\":\"https:\\\/\\\/informelitoral.com.ar\\\/seleccion-una-jugador-se-lesiono-a-un-mes-de-los-clasicos-con-uruguay-y-brasil\\\/#primaryimage\"},\"thumbnailUrl\":\"https:\\\/\\\/informelitoral.com.ar\\\/%77%70%2d%63%6f%6e%74%65%6e%74\\\/uploads\\\/2024\\\/06\\\/el-entrenamiento-de-la-seleccion_862x485.webp\",\"keywords\":[\"Lesionado\",\"Partido\",\"Selecci\u00f3n argentina\"],\"articleSection\":[\"Noticias\"],\"inLanguage\":\"es\",\"potentialAction\":[{\"@type\":\"CommentAction\",\"name\":\"Comment\",\"target\":[\"https:\\\/\\\/informelitoral.com.ar\\\/seleccion-una-jugador-se-lesiono-a-un-mes-de-los-clasicos-con-uruguay-y-brasil\\\/#respond\"]}]},{\"@type\":\"WebPage\",\"@id\":\"https:\\\/\\\/informelitoral.com.ar\\\/seleccion-una-jugador-se-lesiono-a-un-mes-de-los-clasicos-con-uruguay-y-brasil\\\/\",\"url\":\"https:\\\/\\\/informelitoral.com.ar\\\/seleccion-una-jugador-se-lesiono-a-un-mes-de-los-clasicos-con-uruguay-y-brasil\\\/\",\"name\":\"Selecci\u00f3n: se lesion\u00f3 un jugador a un mes de los cl\u00e1sicos con Uruguay y Brasil - Informe Litoral\",\"isPartOf\":{\"@id\":\"https:\\\/\\\/informelitoral.com.ar\\\/#website\"},\"primaryImageOfPage\":{\"@id\":\"https:\\\/\\\/informelitoral.com.ar\\\/seleccion-una-jugador-se-lesiono-a-un-mes-de-los-clasicos-con-uruguay-y-brasil\\\/#primaryimage\"},\"image\":{\"@id\":\"https:\\\/\\\/informelitoral.com.ar\\\/seleccion-una-jugador-se-lesiono-a-un-mes-de-los-clasicos-con-uruguay-y-brasil\\\/#primaryimage\"},\"thumbnailUrl\":\"https:\\\/\\\/informelitoral.com.ar\\\/%77%70%2d%63%6f%6e%74%65%6e%74\\\/uploads\\\/2024\\\/06\\\/el-entrenamiento-de-la-seleccion_862x485.webp\",\"datePublished\":\"2025-02-19T10:49:07+00:00\",\"dateModified\":\"2025-02-19T10:51:25+00:00\",\"breadcrumb\":{\"@id\":\"https:\\\/\\\/informelitoral.com.ar\\\/seleccion-una-jugador-se-lesiono-a-un-mes-de-los-clasicos-con-uruguay-y-brasil\\\/#breadcrumb\"},\"inLanguage\":\"es\",\"potentialAction\":[{\"@type\":\"ReadAction\",\"target\":[\"https:\\\/\\\/informelitoral.com.ar\\\/seleccion-una-jugador-se-lesiono-a-un-mes-de-los-clasicos-con-uruguay-y-brasil\\\/\"]}]},{\"@type\":\"ImageObject\",\"inLanguage\":\"es\",\"@id\":\"https:\\\/\\\/informelitoral.com.ar\\\/seleccion-una-jugador-se-lesiono-a-un-mes-de-los-clasicos-con-uruguay-y-brasil\\\/#primaryimage\",\"url\":\"https:\\\/\\\/informelitoral.com.ar\\\/%77%70%2d%63%6f%6e%74%65%6e%74\\\/uploads\\\/2024\\\/06\\\/el-entrenamiento-de-la-seleccion_862x485.webp\",\"contentUrl\":\"https:\\\/\\\/informelitoral.com.ar\\\/%77%70%2d%63%6f%6e%74%65%6e%74\\\/uploads\\\/2024\\\/06\\\/el-entrenamiento-de-la-seleccion_862x485.webp\",\"width\":862,\"height\":485},{\"@type\":\"BreadcrumbList\",\"@id\":\"https:\\\/\\\/informelitoral.com.ar\\\/seleccion-una-jugador-se-lesiono-a-un-mes-de-los-clasicos-con-uruguay-y-brasil\\\/#breadcrumb\",\"itemListElement\":[{\"@type\":\"ListItem\",\"position\":1,\"name\":\"Portada\",\"item\":\"https:\\\/\\\/informelitoral.com.ar\\\/\"},{\"@type\":\"ListItem\",\"position\":2,\"name\":\"Selecci\u00f3n: se lesion\u00f3 un jugador a un mes de los cl\u00e1sicos con Uruguay y Brasil\"}]},{\"@type\":\"WebSite\",\"@id\":\"https:\\\/\\\/informelitoral.com.ar\\\/#website\",\"url\":\"https:\\\/\\\/informelitoral.com.ar\\\/\",\"name\":\"Informe Litoral\",\"description\":\"&quot;Nos informamos&quot; \",\"publisher\":{\"@id\":\"https:\\\/\\\/informelitoral.com.ar\\\/#organization\"},\"potentialAction\":[{\"@type\":\"SearchAction\",\"target\":{\"@type\":\"EntryPoint\",\"urlTemplate\":\"https:\\\/\\\/informelitoral.com.ar\\\/?s={search_term_string}\"},\"query-input\":{\"@type\":\"PropertyValueSpecification\",\"valueRequired\":true,\"valueName\":\"search_term_string\"}}],\"inLanguage\":\"es\"},{\"@type\":\"Organization\",\"@id\":\"https:\\\/\\\/informelitoral.com.ar\\\/#organization\",\"name\":\"Informe Litoral\",\"url\":\"https:\\\/\\\/informelitoral.com.ar\\\/\",\"logo\":{\"@type\":\"ImageObject\",\"inLanguage\":\"es\",\"@id\":\"https:\\\/\\\/informelitoral.com.ar\\\/#\\\/schema\\\/logo\\\/image\\\/\",\"url\":\"https:\\\/\\\/informelitoral.com.ar\\\/%77%70%2d%63%6f%6e%74%65%6e%74\\\/uploads\\\/2021\\\/01\\\/circulo.png\",\"contentUrl\":\"https:\\\/\\\/informelitoral.com.ar\\\/%77%70%2d%63%6f%6e%74%65%6e%74\\\/uploads\\\/2021\\\/01\\\/circulo.png\",\"width\":723,\"height\":731,\"caption\":\"Informe Litoral\"},\"image\":{\"@id\":\"https:\\\/\\\/informelitoral.com.ar\\\/#\\\/schema\\\/logo\\\/image\\\/\"},\"sameAs\":[\"https:\\\/\\\/www.facebook.com\\\/informelitoral\\\/\",\"https:\\\/\\\/x.com\\\/InformeLitoral\",\"https:\\\/\\\/www.instagram.com\\\/informelitoral\\\/\",\"https:\\\/\\\/www.youtube.com\\\/channel\\\/UCua4Qvz8Icb6MYqhoq9xLXw\"]},{\"@type\":\"Person\",\"@id\":\"https:\\\/\\\/informelitoral.com.ar\\\/#\\\/schema\\\/person\\\/f05f9f461677119578717524b127d6d5\",\"name\":\"Sebastian\",\"image\":{\"@type\":\"ImageObject\",\"inLanguage\":\"es\",\"@id\":\"https:\\\/\\\/secure.gravatar.com\\\/avatar\\\/b71bf7481d447dfb9583c7f2798e7cc64de6efb9067b74633ed8c31059a3bd82?s=96&d=mm&r=g\",\"url\":\"https:\\\/\\\/secure.gravatar.com\\\/avatar\\\/b71bf7481d447dfb9583c7f2798e7cc64de6efb9067b74633ed8c31059a3bd82?s=96&d=mm&r=g\",\"contentUrl\":\"https:\\\/\\\/secure.gravatar.com\\\/avatar\\\/b71bf7481d447dfb9583c7f2798e7cc64de6efb9067b74633ed8c31059a3bd82?s=96&d=mm&r=g\",\"caption\":\"Sebastian\"},\"url\":\"https:\\\/\\\/informelitoral.com.ar\\\/author\\\/sebastian\\\/\"}]}<\/script>","yoast_head_json":{"title":"Selecci\u00f3n: se lesion\u00f3 un jugador a un mes de los cl\u00e1sicos con Uruguay y Brasil - Informe Litoral","robots":{"index":"index","follow":"follow","max-snippet":"max-snippet:-1","max-image-preview":"max-image-preview:large","max-video-preview":"max-video-preview:-1"},"canonical":"https:\/\/informelitoral.com.ar\/seleccion-una-jugador-se-lesiono-a-un-mes-de-los-clasicos-con-uruguay-y-brasil\/","og_locale":"es_ES","og_type":"article","og_title":"Selecci\u00f3n: se lesion\u00f3 un jugador a un mes de los cl\u00e1sicos con Uruguay y Brasil - Informe Litoral","og_description":"El mediocampista sufri\u00f3 una molestia muscular en la pierna derecha.","og_url":"https:\/\/informelitoral.com.ar\/seleccion-una-jugador-se-lesiono-a-un-mes-de-los-clasicos-con-uruguay-y-brasil\/","og_site_name":"Informe Litoral","article_publisher":"https:\/\/www.facebook.com\/informelitoral\/","article_published_time":"2025-02-19T10:49:07+00:00","article_modified_time":"2025-02-19T10:51:25+00:00","og_image":[{"width":862,"height":485,"url":"https:\/\/informelitoral.com.ar\/%77%70%2d%63%6f%6e%74%65%6e%74\/uploads\/2024\/06\/el-entrenamiento-de-la-seleccion_862x485.webp","type":"image\/webp"}],"author":"Sebastian","twitter_card":"summary_large_image","twitter_creator":"@InformeLitoral","twitter_site":"@InformeLitoral","twitter_misc":{"Escrito por":"Sebastian","Tiempo de lectura":"2 minutos"},"schema":{"@context":"https:\/\/schema.org","@graph":[{"@type":"Article","@id":"https:\/\/informelitoral.com.ar\/seleccion-una-jugador-se-lesiono-a-un-mes-de-los-clasicos-con-uruguay-y-brasil\/#article","isPartOf":{"@id":"https:\/\/informelitoral.com.ar\/seleccion-una-jugador-se-lesiono-a-un-mes-de-los-clasicos-con-uruguay-y-brasil\/"},"author":{"name":"Sebastian","@id":"https:\/\/informelitoral.com.ar\/#\/schema\/person\/f05f9f461677119578717524b127d6d5"},"headline":"Selecci\u00f3n: se lesion\u00f3 un jugador a un mes de los cl\u00e1sicos con Uruguay y Brasil","datePublished":"2025-02-19T10:49:07+00:00","dateModified":"2025-02-19T10:51:25+00:00","mainEntityOfPage":{"@id":"https:\/\/informelitoral.com.ar\/seleccion-una-jugador-se-lesiono-a-un-mes-de-los-clasicos-con-uruguay-y-brasil\/"},"wordCount":337,"commentCount":0,"publisher":{"@id":"https:\/\/informelitoral.com.ar\/#organization"},"image":{"@id":"https:\/\/informelitoral.com.ar\/seleccion-una-jugador-se-lesiono-a-un-mes-de-los-clasicos-con-uruguay-y-brasil\/#primaryimage"},"thumbnailUrl":"https:\/\/informelitoral.com.ar\/%77%70%2d%63%6f%6e%74%65%6e%74\/uploads\/2024\/06\/el-entrenamiento-de-la-seleccion_862x485.webp","keywords":["Lesionado","Partido","Selecci\u00f3n argentina"],"articleSection":["Noticias"],"inLanguage":"es","potentialAction":[{"@type":"CommentAction","name":"Comment","target":["https:\/\/informelitoral.com.ar\/seleccion-una-jugador-se-lesiono-a-un-mes-de-los-clasicos-con-uruguay-y-brasil\/#respond"]}]},{"@type":"WebPage","@id":"https:\/\/informelitoral.com.ar\/seleccion-una-jugador-se-lesiono-a-un-mes-de-los-clasicos-con-uruguay-y-brasil\/","url":"https:\/\/informelitoral.com.ar\/seleccion-una-jugador-se-lesiono-a-un-mes-de-los-clasicos-con-uruguay-y-brasil\/","name":"Selecci\u00f3n: se lesion\u00f3 un jugador a un mes de los cl\u00e1sicos con Uruguay y Brasil - Informe Litoral","isPartOf":{"@id":"https:\/\/informelitoral.com.ar\/#website"},"primaryImageOfPage":{"@id":"https:\/\/informelitoral.com.ar\/seleccion-una-jugador-se-lesiono-a-un-mes-de-los-clasicos-con-uruguay-y-brasil\/#primaryimage"},"image":{"@id":"https:\/\/informelitoral.com.ar\/seleccion-una-jugador-se-lesiono-a-un-mes-de-los-clasicos-con-uruguay-y-brasil\/#primaryimage"},"thumbnailUrl":"https:\/\/informelitoral.com.ar\/%77%70%2d%63%6f%6e%74%65%6e%74\/uploads\/2024\/06\/el-entrenamiento-de-la-seleccion_862x485.webp","datePublished":"2025-02-19T10:49:07+00:00","dateModified":"2025-02-19T10:51:25+00:00","breadcrumb":{"@id":"https:\/\/informelitoral.com.ar\/seleccion-una-jugador-se-lesiono-a-un-mes-de-los-clasicos-con-uruguay-y-brasil\/#breadcrumb"},"inLanguage":"es","potentialAction":[{"@type":"ReadAction","target":["https:\/\/informelitoral.com.ar\/seleccion-una-jugador-se-lesiono-a-un-mes-de-los-clasicos-con-uruguay-y-brasil\/"]}]},{"@type":"ImageObject","inLanguage":"es","@id":"https:\/\/informelitoral.com.ar\/seleccion-una-jugador-se-lesiono-a-un-mes-de-los-clasicos-con-uruguay-y-brasil\/#primaryimage","url":"https:\/\/informelitoral.com.ar\/%77%70%2d%63%6f%6e%74%65%6e%74\/uploads\/2024\/06\/el-entrenamiento-de-la-seleccion_862x485.webp","contentUrl":"https:\/\/informelitoral.com.ar\/%77%70%2d%63%6f%6e%74%65%6e%74\/uploads\/2024\/06\/el-entrenamiento-de-la-seleccion_862x485.webp","width":862,"height":485},{"@type":"BreadcrumbList","@id":"https:\/\/informelitoral.com.ar\/seleccion-una-jugador-se-lesiono-a-un-mes-de-los-clasicos-con-uruguay-y-brasil\/#breadcrumb","itemListElement":[{"@type":"ListItem","position":1,"name":"Portada","item":"https:\/\/informelitoral.com.ar\/"},{"@type":"ListItem","position":2,"name":"Selecci\u00f3n: se lesion\u00f3 un jugador a un mes de los cl\u00e1sicos con Uruguay y Brasil"}]},{"@type":"WebSite","@id":"https:\/\/informelitoral.com.ar\/#website","url":"https:\/\/informelitoral.com.ar\/","name":"Informe Litoral","description":"&quot;Nos informamos&quot; ","publisher":{"@id":"https:\/\/informelitoral.com.ar\/#organization"},"potentialAction":[{"@type":"SearchAction","target":{"@type":"EntryPoint","urlTemplate":"https:\/\/informelitoral.com.ar\/?s={search_term_string}"},"query-input":{"@type":"PropertyValueSpecification","valueRequired":true,"valueName":"search_term_string"}}],"inLanguage":"es"},{"@type":"Organization","@id":"https:\/\/informelitoral.com.ar\/#organization","name":"Informe Litoral","url":"https:\/\/informelitoral.com.ar\/","logo":{"@type":"ImageObject","inLanguage":"es","@id":"https:\/\/informelitoral.com.ar\/#\/schema\/logo\/image\/","url":"https:\/\/informelitoral.com.ar\/%77%70%2d%63%6f%6e%74%65%6e%74\/uploads\/2021\/01\/circulo.png","contentUrl":"https:\/\/informelitoral.com.ar\/%77%70%2d%63%6f%6e%74%65%6e%74\/uploads\/2021\/01\/circulo.png","width":723,"height":731,"caption":"Informe Litoral"},"image":{"@id":"https:\/\/informelitoral.com.ar\/#\/schema\/logo\/image\/"},"sameAs":["https:\/\/www.facebook.com\/informelitoral\/","https:\/\/x.com\/InformeLitoral","https:\/\/www.instagram.com\/informelitoral\/","https:\/\/www.youtube.com\/channel\/UCua4Qvz8Icb6MYqhoq9xLXw"]},{"@type":"Person","@id":"https:\/\/informelitoral.com.ar\/#\/schema\/person\/f05f9f461677119578717524b127d6d5","name":"Sebastian","image":{"@type":"ImageObject","inLanguage":"es","@id":"https:\/\/secure.gravatar.com\/avatar\/b71bf7481d447dfb9583c7f2798e7cc64de6efb9067b74633ed8c31059a3bd82?s=96&d=mm&r=g","url":"https:\/\/secure.gravatar.com\/avatar\/b71bf7481d447dfb9583c7f2798e7cc64de6efb9067b74633ed8c31059a3bd82?s=96&d=mm&r=g","contentUrl":"https:\/\/secure.gravatar.com\/avatar\/b71bf7481d447dfb9583c7f2798e7cc64de6efb9067b74633ed8c31059a3bd82?s=96&d=mm&r=g","caption":"Sebastian"},"url":"https:\/\/informelitoral.com.ar\/author\/sebastian\/"}]}},"_links":{"self":[{"href":"https:\/\/informelitoral.com.ar\/%77%70%2d%6a%73%6f%6e\/wp\/v2\/posts\/212377","targetHints":{"allow":["GET"]}}],"collection":[{"href":"https:\/\/informelitoral.com.ar\/%77%70%2d%6a%73%6f%6e\/wp\/v2\/posts"}],"about":[{"href":"https:\/\/informelitoral.com.ar\/%77%70%2d%6a%73%6f%6e\/wp\/v2\/types\/post"}],"author":[{"embeddable":true,"href":"https:\/\/informelitoral.com.ar\/%77%70%2d%6a%73%6f%6e\/wp\/v2\/users\/8"}],"replies":[{"embeddable":true,"href":"https:\/\/informelitoral.com.ar\/%77%70%2d%6a%73%6f%6e\/wp\/v2\/comments?post=212377"}],"version-history":[{"count":0,"href":"https:\/\/informelitoral.com.ar\/%77%70%2d%6a%73%6f%6e\/wp\/v2\/posts\/212377\/revisions"}],"wp:featuredmedia":[{"embeddable":true,"href":"https:\/\/informelitoral.com.ar\/%77%70%2d%6a%73%6f%6e\/wp\/v2\/media\/190059"}],"wp:attachment":[{"href":"https:\/\/informelitoral.com.ar\/%77%70%2d%6a%73%6f%6e\/wp\/v2\/media?parent=212377"}],"wp:term":[{"taxonomy":"category","embeddable":true,"href":"https:\/\/informelitoral.com.ar\/%77%70%2d%6a%73%6f%6e\/wp\/v2\/categories?post=212377"},{"taxonomy":"post_tag","embeddable":true,"href":"https:\/\/informelitoral.com.ar\/%77%70%2d%6a%73%6f%6e\/wp\/v2\/tags?post=212377"}],"curies":[{"name":"wp","href":"https:\/\/api.w.org\/{rel}","templated":true}]}}