{"id":212334,"date":"2025-02-18T12:00:27","date_gmt":"2025-02-18T15:00:27","guid":{"rendered":"https:\/\/informelitoral.com.ar\/?p=212334"},"modified":"2025-02-18T12:04:28","modified_gmt":"2025-02-18T15:04:28","slug":"frigerio-impulsa-el-crecimiento-de-la-avicultura-entrerriana","status":"publish","type":"post","link":"https:\/\/informelitoral.com.ar\/frigerio-impulsa-el-crecimiento-de-la-avicultura-entrerriana\/","title":{"rendered":"Frigerio impulsa el crecimiento de la avicultura entrerriana"},"content":{"rendered":"<p>Durante el encuentro con el secretario de Coordinaci\u00f3n de Producci\u00f3n, Pablo Lavigne, se trataron temas claves de la agenda agr\u00edcola que el gobernador busca potenciar en colaboraci\u00f3n con el gobierno nacional.<\/p>\n<p>Tras el encuentro, el ministro de Desarrollo Econ\u00f3mico, Guillermo Bernaudo, precis\u00f3 que estuvieron reunidos con el funcionario nacional junto al sector av\u00edcola de la provincia para tratar temas de la agenda de agricultura que \u00abel gobernador quer\u00eda destacar y trabajar con Naci\u00f3n\u00bb. Asegur\u00f3 que \u00abfue un encuentro productivo para introducir a la agenda nacional temas que nos importan desde la avicultura, una de las principales actividades de la provincia\u00bb.<\/p>\n<p>El ministro destac\u00f3 que el gobernador est\u00e1 permanentemente \u00abescuchando a los distintos sectores, preguntando; y lleva a Naci\u00f3n los temas que requieran su atenci\u00f3n. Es la vocaci\u00f3n que tiene el gobernador de trabajar para encontrar soluciones porque creemos que esto es beneficio para todos\u00bb.<\/p>\n<p>Resalt\u00f3 que \u00abdesde la provincia trabajamos para que se afiance la producci\u00f3n, que crezca el empleo; y el sector av\u00edcola es uno de los m\u00e1s importantes para la provincia, con un potencial de crecimiento enorme, una protecci\u00f3n internacional importante; y no queremos que en estos momentos de transici\u00f3n se pierdan esas oportunidades\u00bb.<\/p>\n<p>Por su parte, el presidente del Centro de Empresas Procesadoras Av\u00edcolas (CEPA), Roberto Domenech, dijo que fue \u00abuna reuni\u00f3n sumamente positiva, surge de un trabajo que venimos haciendo desde hace meses con el ministro Bernaudo. El gobernador se ha ido interiorizando y plante\u00f3 en el \u00e1mbito nacional las necesidades del sector de tener informaci\u00f3n, principalmente sobre la apertura de las exportaciones a China. En ese sentido, nos informaron que se espera la visita de uno de los principales referentes de la aduana de China, que es lo que falta para que se rehabilite la exportaci\u00f3n argentina\u00bb.<\/p>\n<p>Agreg\u00f3 que plantearon otros temas, como \u00abla jubilaci\u00f3n de los trabajadores de los frigor\u00edficos, que tambi\u00e9n nos preocupa y que est\u00e1 sin definici\u00f3n\u00bb. Y dialogaron sobre el trabajo que se desarrolla junto a Senasa \u00aben materia de bioseguridad, del cuidado, sobre todo ahora que se\u00a0 registr\u00f3 el primer caso de\u00a0 influenza aviar en aves dom\u00e9sticas, que no afecta al comercio, pero que es conveniente para esto\u00bb.<\/p>\n<p>Del encuentro tambi\u00e9n participaron los presidentes del Frigor\u00edfico Fepasa de Concepci\u00f3n del Uruguay, Marcos Ligato; y del directorio de la Granja Tres Arroyos, Joaqu\u00edn de Grazia.<\/p>\n","protected":false},"excerpt":{"rendered":"<p>El gobernador Rogelio Frigerio se reuni\u00f3 con representantes del Ministerio de Econom\u00eda de la Naci\u00f3n para abordar tem\u00e1ticas dirigidas a fortalecer el desarrollo de la avicultura, uno de los sectores productivos m\u00e1s importantes de la provincia. <\/p>\n","protected":false},"author":8,"featured_media":212335,"comment_status":"open","ping_status":"open","sticky":false,"template":"","format":"standard","meta":{"fifu_image_url":"","fifu_image_alt":"","footnotes":""},"categories":[6],"tags":[336,642,949],"class_list":{"0":"post-212334","1":"post","2":"type-post","3":"status-publish","4":"format-standard","5":"has-post-thumbnail","7":"category-entre-rios","8":"tag-avicultura","9":"tag-reunion","10":"tag-rogelio-frigerio"},"yoast_head":"<title>Frigerio impulsa el crecimiento de la avicultura entrerriana - Informe Litoral<\/title>\n<meta name=\"robots\" content=\"index, follow, max-snippet:-1, max-image-preview:large, max-video-preview:-1\" \/>\n<link rel=\"canonical\" href=\"https:\/\/informelitoral.com.ar\/frigerio-impulsa-el-crecimiento-de-la-avicultura-entrerriana\/\" \/>\n<meta property=\"og:locale\" content=\"es_ES\" \/>\n<meta property=\"og:type\" content=\"article\" \/>\n<meta property=\"og:title\" content=\"Frigerio impulsa el crecimiento de la avicultura entrerriana - Informe Litoral\" \/>\n<meta property=\"og:description\" content=\"El gobernador Rogelio Frigerio se reuni\u00f3 con representantes del Ministerio de Econom\u00eda de la Naci\u00f3n para abordar tem\u00e1ticas dirigidas a fortalecer el desarrollo de la avicultura, uno de los sectores productivos m\u00e1s importantes de la provincia.\" \/>\n<meta property=\"og:url\" content=\"https:\/\/informelitoral.com.ar\/frigerio-impulsa-el-crecimiento-de-la-avicultura-entrerriana\/\" \/>\n<meta property=\"og:site_name\" content=\"Informe Litoral\" \/>\n<meta property=\"article:publisher\" content=\"https:\/\/www.facebook.com\/informelitoral\/\" \/>\n<meta property=\"article:published_time\" content=\"2025-02-18T15:00:27+00:00\" \/>\n<meta property=\"article:modified_time\" content=\"2025-02-18T15:04:28+00:00\" \/>\n<meta property=\"og:image\" content=\"https:\/\/informelitoral.com.ar\/%77%70%2d%63%6f%6e%74%65%6e%74\/uploads\/2025\/02\/Frigerio_avicultura-scaled.jpg\" \/>\n\t<meta property=\"og:image:width\" content=\"2560\" \/>\n\t<meta property=\"og:image:height\" content=\"1920\" \/>\n\t<meta property=\"og:image:type\" content=\"image\/jpeg\" \/>\n<meta name=\"author\" content=\"Sebastian\" \/>\n<meta name=\"twitter:card\" content=\"summary_large_image\" \/>\n<meta name=\"twitter:creator\" content=\"@InformeLitoral\" \/>\n<meta name=\"twitter:site\" content=\"@InformeLitoral\" \/>\n<meta name=\"twitter:label1\" content=\"Escrito por\" \/>\n\t<meta name=\"twitter:data1\" content=\"Sebastian\" \/>\n\t<meta name=\"twitter:label2\" content=\"Tiempo de lectura\" \/>\n\t<meta name=\"twitter:data2\" content=\"2 minutos\" \/>\n<script type=\"application\/ld+json\" class=\"yoast-schema-graph\">{\"@context\":\"https:\\\/\\\/schema.org\",\"@graph\":[{\"@type\":\"Article\",\"@id\":\"https:\\\/\\\/informelitoral.com.ar\\\/frigerio-impulsa-el-crecimiento-de-la-avicultura-entrerriana\\\/#article\",\"isPartOf\":{\"@id\":\"https:\\\/\\\/informelitoral.com.ar\\\/frigerio-impulsa-el-crecimiento-de-la-avicultura-entrerriana\\\/\"},\"author\":{\"name\":\"Sebastian\",\"@id\":\"https:\\\/\\\/informelitoral.com.ar\\\/#\\\/schema\\\/person\\\/f05f9f461677119578717524b127d6d5\"},\"headline\":\"Frigerio impulsa el crecimiento de la avicultura entrerriana\",\"datePublished\":\"2025-02-18T15:00:27+00:00\",\"dateModified\":\"2025-02-18T15:04:28+00:00\",\"mainEntityOfPage\":{\"@id\":\"https:\\\/\\\/informelitoral.com.ar\\\/frigerio-impulsa-el-crecimiento-de-la-avicultura-entrerriana\\\/\"},\"wordCount\":421,\"commentCount\":0,\"publisher\":{\"@id\":\"https:\\\/\\\/informelitoral.com.ar\\\/#organization\"},\"image\":{\"@id\":\"https:\\\/\\\/informelitoral.com.ar\\\/frigerio-impulsa-el-crecimiento-de-la-avicultura-entrerriana\\\/#primaryimage\"},\"thumbnailUrl\":\"https:\\\/\\\/informelitoral.com.ar\\\/%77%70%2d%63%6f%6e%74%65%6e%74\\\/uploads\\\/2025\\\/02\\\/Frigerio_avicultura-scaled.jpg\",\"keywords\":[\"Avicultura\",\"Reuni\u00f3n\",\"Rogelio Frigerio\"],\"articleSection\":[\"Entre R\u00edos\"],\"inLanguage\":\"es\",\"potentialAction\":[{\"@type\":\"CommentAction\",\"name\":\"Comment\",\"target\":[\"https:\\\/\\\/informelitoral.com.ar\\\/frigerio-impulsa-el-crecimiento-de-la-avicultura-entrerriana\\\/#respond\"]}]},{\"@type\":\"WebPage\",\"@id\":\"https:\\\/\\\/informelitoral.com.ar\\\/frigerio-impulsa-el-crecimiento-de-la-avicultura-entrerriana\\\/\",\"url\":\"https:\\\/\\\/informelitoral.com.ar\\\/frigerio-impulsa-el-crecimiento-de-la-avicultura-entrerriana\\\/\",\"name\":\"Frigerio impulsa el crecimiento de la avicultura entrerriana - Informe Litoral\",\"isPartOf\":{\"@id\":\"https:\\\/\\\/informelitoral.com.ar\\\/#website\"},\"primaryImageOfPage\":{\"@id\":\"https:\\\/\\\/informelitoral.com.ar\\\/frigerio-impulsa-el-crecimiento-de-la-avicultura-entrerriana\\\/#primaryimage\"},\"image\":{\"@id\":\"https:\\\/\\\/informelitoral.com.ar\\\/frigerio-impulsa-el-crecimiento-de-la-avicultura-entrerriana\\\/#primaryimage\"},\"thumbnailUrl\":\"https:\\\/\\\/informelitoral.com.ar\\\/%77%70%2d%63%6f%6e%74%65%6e%74\\\/uploads\\\/2025\\\/02\\\/Frigerio_avicultura-scaled.jpg\",\"datePublished\":\"2025-02-18T15:00:27+00:00\",\"dateModified\":\"2025-02-18T15:04:28+00:00\",\"breadcrumb\":{\"@id\":\"https:\\\/\\\/informelitoral.com.ar\\\/frigerio-impulsa-el-crecimiento-de-la-avicultura-entrerriana\\\/#breadcrumb\"},\"inLanguage\":\"es\",\"potentialAction\":[{\"@type\":\"ReadAction\",\"target\":[\"https:\\\/\\\/informelitoral.com.ar\\\/frigerio-impulsa-el-crecimiento-de-la-avicultura-entrerriana\\\/\"]}]},{\"@type\":\"ImageObject\",\"inLanguage\":\"es\",\"@id\":\"https:\\\/\\\/informelitoral.com.ar\\\/frigerio-impulsa-el-crecimiento-de-la-avicultura-entrerriana\\\/#primaryimage\",\"url\":\"https:\\\/\\\/informelitoral.com.ar\\\/%77%70%2d%63%6f%6e%74%65%6e%74\\\/uploads\\\/2025\\\/02\\\/Frigerio_avicultura-scaled.jpg\",\"contentUrl\":\"https:\\\/\\\/informelitoral.com.ar\\\/%77%70%2d%63%6f%6e%74%65%6e%74\\\/uploads\\\/2025\\\/02\\\/Frigerio_avicultura-scaled.jpg\",\"width\":2560,\"height\":1920},{\"@type\":\"BreadcrumbList\",\"@id\":\"https:\\\/\\\/informelitoral.com.ar\\\/frigerio-impulsa-el-crecimiento-de-la-avicultura-entrerriana\\\/#breadcrumb\",\"itemListElement\":[{\"@type\":\"ListItem\",\"position\":1,\"name\":\"Portada\",\"item\":\"https:\\\/\\\/informelitoral.com.ar\\\/\"},{\"@type\":\"ListItem\",\"position\":2,\"name\":\"Frigerio impulsa el crecimiento de la avicultura entrerriana\"}]},{\"@type\":\"WebSite\",\"@id\":\"https:\\\/\\\/informelitoral.com.ar\\\/#website\",\"url\":\"https:\\\/\\\/informelitoral.com.ar\\\/\",\"name\":\"Informe Litoral\",\"description\":\"&quot;Nos informamos&quot; \",\"publisher\":{\"@id\":\"https:\\\/\\\/informelitoral.com.ar\\\/#organization\"},\"potentialAction\":[{\"@type\":\"SearchAction\",\"target\":{\"@type\":\"EntryPoint\",\"urlTemplate\":\"https:\\\/\\\/informelitoral.com.ar\\\/?s={search_term_string}\"},\"query-input\":{\"@type\":\"PropertyValueSpecification\",\"valueRequired\":true,\"valueName\":\"search_term_string\"}}],\"inLanguage\":\"es\"},{\"@type\":\"Organization\",\"@id\":\"https:\\\/\\\/informelitoral.com.ar\\\/#organization\",\"name\":\"Informe Litoral\",\"url\":\"https:\\\/\\\/informelitoral.com.ar\\\/\",\"logo\":{\"@type\":\"ImageObject\",\"inLanguage\":\"es\",\"@id\":\"https:\\\/\\\/informelitoral.com.ar\\\/#\\\/schema\\\/logo\\\/image\\\/\",\"url\":\"https:\\\/\\\/informelitoral.com.ar\\\/%77%70%2d%63%6f%6e%74%65%6e%74\\\/uploads\\\/2021\\\/01\\\/circulo.png\",\"contentUrl\":\"https:\\\/\\\/informelitoral.com.ar\\\/%77%70%2d%63%6f%6e%74%65%6e%74\\\/uploads\\\/2021\\\/01\\\/circulo.png\",\"width\":723,\"height\":731,\"caption\":\"Informe Litoral\"},\"image\":{\"@id\":\"https:\\\/\\\/informelitoral.com.ar\\\/#\\\/schema\\\/logo\\\/image\\\/\"},\"sameAs\":[\"https:\\\/\\\/www.facebook.com\\\/informelitoral\\\/\",\"https:\\\/\\\/x.com\\\/InformeLitoral\",\"https:\\\/\\\/www.instagram.com\\\/informelitoral\\\/\",\"https:\\\/\\\/www.youtube.com\\\/channel\\\/UCua4Qvz8Icb6MYqhoq9xLXw\"]},{\"@type\":\"Person\",\"@id\":\"https:\\\/\\\/informelitoral.com.ar\\\/#\\\/schema\\\/person\\\/f05f9f461677119578717524b127d6d5\",\"name\":\"Sebastian\",\"image\":{\"@type\":\"ImageObject\",\"inLanguage\":\"es\",\"@id\":\"https:\\\/\\\/secure.gravatar.com\\\/avatar\\\/b71bf7481d447dfb9583c7f2798e7cc64de6efb9067b74633ed8c31059a3bd82?s=96&d=mm&r=g\",\"url\":\"https:\\\/\\\/secure.gravatar.com\\\/avatar\\\/b71bf7481d447dfb9583c7f2798e7cc64de6efb9067b74633ed8c31059a3bd82?s=96&d=mm&r=g\",\"contentUrl\":\"https:\\\/\\\/secure.gravatar.com\\\/avatar\\\/b71bf7481d447dfb9583c7f2798e7cc64de6efb9067b74633ed8c31059a3bd82?s=96&d=mm&r=g\",\"caption\":\"Sebastian\"},\"url\":\"https:\\\/\\\/informelitoral.com.ar\\\/author\\\/sebastian\\\/\"}]}<\/script>","yoast_head_json":{"title":"Frigerio impulsa el crecimiento de la avicultura entrerriana - Informe Litoral","robots":{"index":"index","follow":"follow","max-snippet":"max-snippet:-1","max-image-preview":"max-image-preview:large","max-video-preview":"max-video-preview:-1"},"canonical":"https:\/\/informelitoral.com.ar\/frigerio-impulsa-el-crecimiento-de-la-avicultura-entrerriana\/","og_locale":"es_ES","og_type":"article","og_title":"Frigerio impulsa el crecimiento de la avicultura entrerriana - Informe Litoral","og_description":"El gobernador Rogelio Frigerio se reuni\u00f3 con representantes del Ministerio de Econom\u00eda de la Naci\u00f3n para abordar tem\u00e1ticas dirigidas a fortalecer el desarrollo de la avicultura, uno de los sectores productivos m\u00e1s importantes de la provincia.","og_url":"https:\/\/informelitoral.com.ar\/frigerio-impulsa-el-crecimiento-de-la-avicultura-entrerriana\/","og_site_name":"Informe Litoral","article_publisher":"https:\/\/www.facebook.com\/informelitoral\/","article_published_time":"2025-02-18T15:00:27+00:00","article_modified_time":"2025-02-18T15:04:28+00:00","og_image":[{"width":2560,"height":1920,"url":"https:\/\/informelitoral.com.ar\/%77%70%2d%63%6f%6e%74%65%6e%74\/uploads\/2025\/02\/Frigerio_avicultura-scaled.jpg","type":"image\/jpeg"}],"author":"Sebastian","twitter_card":"summary_large_image","twitter_creator":"@InformeLitoral","twitter_site":"@InformeLitoral","twitter_misc":{"Escrito por":"Sebastian","Tiempo de lectura":"2 minutos"},"schema":{"@context":"https:\/\/schema.org","@graph":[{"@type":"Article","@id":"https:\/\/informelitoral.com.ar\/frigerio-impulsa-el-crecimiento-de-la-avicultura-entrerriana\/#article","isPartOf":{"@id":"https:\/\/informelitoral.com.ar\/frigerio-impulsa-el-crecimiento-de-la-avicultura-entrerriana\/"},"author":{"name":"Sebastian","@id":"https:\/\/informelitoral.com.ar\/#\/schema\/person\/f05f9f461677119578717524b127d6d5"},"headline":"Frigerio impulsa el crecimiento de la avicultura entrerriana","datePublished":"2025-02-18T15:00:27+00:00","dateModified":"2025-02-18T15:04:28+00:00","mainEntityOfPage":{"@id":"https:\/\/informelitoral.com.ar\/frigerio-impulsa-el-crecimiento-de-la-avicultura-entrerriana\/"},"wordCount":421,"commentCount":0,"publisher":{"@id":"https:\/\/informelitoral.com.ar\/#organization"},"image":{"@id":"https:\/\/informelitoral.com.ar\/frigerio-impulsa-el-crecimiento-de-la-avicultura-entrerriana\/#primaryimage"},"thumbnailUrl":"https:\/\/informelitoral.com.ar\/%77%70%2d%63%6f%6e%74%65%6e%74\/uploads\/2025\/02\/Frigerio_avicultura-scaled.jpg","keywords":["Avicultura","Reuni\u00f3n","Rogelio Frigerio"],"articleSection":["Entre R\u00edos"],"inLanguage":"es","potentialAction":[{"@type":"CommentAction","name":"Comment","target":["https:\/\/informelitoral.com.ar\/frigerio-impulsa-el-crecimiento-de-la-avicultura-entrerriana\/#respond"]}]},{"@type":"WebPage","@id":"https:\/\/informelitoral.com.ar\/frigerio-impulsa-el-crecimiento-de-la-avicultura-entrerriana\/","url":"https:\/\/informelitoral.com.ar\/frigerio-impulsa-el-crecimiento-de-la-avicultura-entrerriana\/","name":"Frigerio impulsa el crecimiento de la avicultura entrerriana - Informe Litoral","isPartOf":{"@id":"https:\/\/informelitoral.com.ar\/#website"},"primaryImageOfPage":{"@id":"https:\/\/informelitoral.com.ar\/frigerio-impulsa-el-crecimiento-de-la-avicultura-entrerriana\/#primaryimage"},"image":{"@id":"https:\/\/informelitoral.com.ar\/frigerio-impulsa-el-crecimiento-de-la-avicultura-entrerriana\/#primaryimage"},"thumbnailUrl":"https:\/\/informelitoral.com.ar\/%77%70%2d%63%6f%6e%74%65%6e%74\/uploads\/2025\/02\/Frigerio_avicultura-scaled.jpg","datePublished":"2025-02-18T15:00:27+00:00","dateModified":"2025-02-18T15:04:28+00:00","breadcrumb":{"@id":"https:\/\/informelitoral.com.ar\/frigerio-impulsa-el-crecimiento-de-la-avicultura-entrerriana\/#breadcrumb"},"inLanguage":"es","potentialAction":[{"@type":"ReadAction","target":["https:\/\/informelitoral.com.ar\/frigerio-impulsa-el-crecimiento-de-la-avicultura-entrerriana\/"]}]},{"@type":"ImageObject","inLanguage":"es","@id":"https:\/\/informelitoral.com.ar\/frigerio-impulsa-el-crecimiento-de-la-avicultura-entrerriana\/#primaryimage","url":"https:\/\/informelitoral.com.ar\/%77%70%2d%63%6f%6e%74%65%6e%74\/uploads\/2025\/02\/Frigerio_avicultura-scaled.jpg","contentUrl":"https:\/\/informelitoral.com.ar\/%77%70%2d%63%6f%6e%74%65%6e%74\/uploads\/2025\/02\/Frigerio_avicultura-scaled.jpg","width":2560,"height":1920},{"@type":"BreadcrumbList","@id":"https:\/\/informelitoral.com.ar\/frigerio-impulsa-el-crecimiento-de-la-avicultura-entrerriana\/#breadcrumb","itemListElement":[{"@type":"ListItem","position":1,"name":"Portada","item":"https:\/\/informelitoral.com.ar\/"},{"@type":"ListItem","position":2,"name":"Frigerio impulsa el crecimiento de la avicultura entrerriana"}]},{"@type":"WebSite","@id":"https:\/\/informelitoral.com.ar\/#website","url":"https:\/\/informelitoral.com.ar\/","name":"Informe Litoral","description":"&quot;Nos informamos&quot; ","publisher":{"@id":"https:\/\/informelitoral.com.ar\/#organization"},"potentialAction":[{"@type":"SearchAction","target":{"@type":"EntryPoint","urlTemplate":"https:\/\/informelitoral.com.ar\/?s={search_term_string}"},"query-input":{"@type":"PropertyValueSpecification","valueRequired":true,"valueName":"search_term_string"}}],"inLanguage":"es"},{"@type":"Organization","@id":"https:\/\/informelitoral.com.ar\/#organization","name":"Informe Litoral","url":"https:\/\/informelitoral.com.ar\/","logo":{"@type":"ImageObject","inLanguage":"es","@id":"https:\/\/informelitoral.com.ar\/#\/schema\/logo\/image\/","url":"https:\/\/informelitoral.com.ar\/%77%70%2d%63%6f%6e%74%65%6e%74\/uploads\/2021\/01\/circulo.png","contentUrl":"https:\/\/informelitoral.com.ar\/%77%70%2d%63%6f%6e%74%65%6e%74\/uploads\/2021\/01\/circulo.png","width":723,"height":731,"caption":"Informe Litoral"},"image":{"@id":"https:\/\/informelitoral.com.ar\/#\/schema\/logo\/image\/"},"sameAs":["https:\/\/www.facebook.com\/informelitoral\/","https:\/\/x.com\/InformeLitoral","https:\/\/www.instagram.com\/informelitoral\/","https:\/\/www.youtube.com\/channel\/UCua4Qvz8Icb6MYqhoq9xLXw"]},{"@type":"Person","@id":"https:\/\/informelitoral.com.ar\/#\/schema\/person\/f05f9f461677119578717524b127d6d5","name":"Sebastian","image":{"@type":"ImageObject","inLanguage":"es","@id":"https:\/\/secure.gravatar.com\/avatar\/b71bf7481d447dfb9583c7f2798e7cc64de6efb9067b74633ed8c31059a3bd82?s=96&d=mm&r=g","url":"https:\/\/secure.gravatar.com\/avatar\/b71bf7481d447dfb9583c7f2798e7cc64de6efb9067b74633ed8c31059a3bd82?s=96&d=mm&r=g","contentUrl":"https:\/\/secure.gravatar.com\/avatar\/b71bf7481d447dfb9583c7f2798e7cc64de6efb9067b74633ed8c31059a3bd82?s=96&d=mm&r=g","caption":"Sebastian"},"url":"https:\/\/informelitoral.com.ar\/author\/sebastian\/"}]}},"_links":{"self":[{"href":"https:\/\/informelitoral.com.ar\/%77%70%2d%6a%73%6f%6e\/wp\/v2\/posts\/212334","targetHints":{"allow":["GET"]}}],"collection":[{"href":"https:\/\/informelitoral.com.ar\/%77%70%2d%6a%73%6f%6e\/wp\/v2\/posts"}],"about":[{"href":"https:\/\/informelitoral.com.ar\/%77%70%2d%6a%73%6f%6e\/wp\/v2\/types\/post"}],"author":[{"embeddable":true,"href":"https:\/\/informelitoral.com.ar\/%77%70%2d%6a%73%6f%6e\/wp\/v2\/users\/8"}],"replies":[{"embeddable":true,"href":"https:\/\/informelitoral.com.ar\/%77%70%2d%6a%73%6f%6e\/wp\/v2\/comments?post=212334"}],"version-history":[{"count":0,"href":"https:\/\/informelitoral.com.ar\/%77%70%2d%6a%73%6f%6e\/wp\/v2\/posts\/212334\/revisions"}],"wp:featuredmedia":[{"embeddable":true,"href":"https:\/\/informelitoral.com.ar\/%77%70%2d%6a%73%6f%6e\/wp\/v2\/media\/212335"}],"wp:attachment":[{"href":"https:\/\/informelitoral.com.ar\/%77%70%2d%6a%73%6f%6e\/wp\/v2\/media?parent=212334"}],"wp:term":[{"taxonomy":"category","embeddable":true,"href":"https:\/\/informelitoral.com.ar\/%77%70%2d%6a%73%6f%6e\/wp\/v2\/categories?post=212334"},{"taxonomy":"post_tag","embeddable":true,"href":"https:\/\/informelitoral.com.ar\/%77%70%2d%6a%73%6f%6e\/wp\/v2\/tags?post=212334"}],"curies":[{"name":"wp","href":"https:\/\/api.w.org\/{rel}","templated":true}]}}