{"id":212270,"date":"2025-02-18T07:26:42","date_gmt":"2025-02-18T10:26:42","guid":{"rendered":"https:\/\/informelitoral.com.ar\/?p=212270"},"modified":"2025-02-18T07:29:36","modified_gmt":"2025-02-18T10:29:36","slug":"inter-miami-2025-el-motivo-por-el-que-se-postergo-el-primer-partido-oficial-de-lionel-messi","status":"publish","type":"post","link":"https:\/\/informelitoral.com.ar\/inter-miami-2025-el-motivo-por-el-que-se-postergo-el-primer-partido-oficial-de-lionel-messi\/","title":{"rendered":"Inter Miami 2025: el motivo por el que se posterg\u00f3 el primer partido oficial de Lionel Messi"},"content":{"rendered":"<p class=\"paragraph\">El debut del\u00a0<b>Inter Miami<\/b>\u00a0de\u00a0<b>Lionel Messi<\/b>\u00a0en la Copa de Campeones de la Concacaf contra el\u00a0<b>Sporting Kansas City<\/b>\u00a0se pas\u00f3 del martes al mi\u00e9rcoles\u00a0<b>por las fuertes nevadas y las temperaturas tan bajas.<\/b><\/p>\n<p class=\"paragraph\">\u201cEl partido se reprogram\u00f3 por las\u00a0<b>condiciones clim\u00e1ticas adversas<\/b>\u00a0que se esperan en el \u00e1rea de Kansas City en las pr\u00f3ximas 24 horas, con una\u00a0<b>acumulaci\u00f3n importante de nieve<\/b>\u201d, comunic\u00f3 la Concacaf.<\/p>\n<p class=\"paragraph\">La decisi\u00f3n, seg\u00fan explicaron, se tom\u00f3 priorizando la seguridad de los jugadores y los hinchas, con el aval de los clubes y las autoridades locales.<\/p>\n<p class=\"paragraph\">Horas antes, Javier Mascherano hab\u00eda adelantado que estaban evaluando postergar este primer partido de la serie: \u201cSi cae la nieve que dicen que va a caer, creemos que<b>\u00a0la ciudad va a quedar totalmente paralizada<\/b>\u201d.<\/p>\n<p class=\"paragraph\">\u201cLa gente no va a poder ir a la cancha, los accesos van a estar cerrados. No es solo el partido en s\u00ed, sino todo lo que lo rodea. Eso es lo que pone en duda el encuentro\u201d, hab\u00eda explicado el entrenador argentino del Inter Miami.<\/p>\n<h6><em><strong>Te puede interesar:\u00a0<a href=\"https:\/\/informelitoral.com.ar\/river-vs-lanus-gallardo-analizo-el-partido-y-explico-cual-fue-la-clave-para-lograr-la-victoria\/\" target=\"_blank\" rel=\"noopener\">River vs. Lan\u00fas: Gallardo analiz\u00f3 el partido y explic\u00f3 cu\u00e1l fue la clave para lograr la victoria<\/a><\/strong><\/em><\/h6>\n<p class=\"paragraph\">Independientemente del d\u00eda y las condiciones clim\u00e1ticas, Mascherano confirm\u00f3 que Messi ser\u00e1 titular: \u201cLa disponibilidad es total.<b>\u00a0Puedo asegurar que Leo juega<\/b>\u201d.<\/p>\n<p class=\"paragraph\">El clima en Kansas City es extremo: el martes a las 20 (hora local en la que iba a jugarse el partido) har\u00e1\u00a0<b>16 grados bajo cero<\/b>\u00a0(-16\u00b0) y hay probabilidad de nevada. En cambio, el mi\u00e9rcoles en ese mismo horario habr\u00e1 una temperatura de -14\u00b0, pero sin nevada.<\/p>\n<figure class=\"\" data-testid=\"figure-testid\">\n<div class=\"aspect_ratio__container\"><picture class=\"responsive-image\"><source srcset=\"https:\/\/tn.com.ar\/resizer\/v2\/el-partido-del-inter-miami-se-postergo-para-el-miercoles-foto-xintermiamicf-6A7TGASBBRALVE35PEV2BZLFVY.jpg?auth=1754e00306087b3b13249b586071c9087fa44c873407459d81b5bfb8599e0947&amp;width=767\" type=\"image\/jpg\" media=\"(max-width: 728px)\" \/><source srcset=\"https:\/\/tn.com.ar\/resizer\/v2\/el-partido-del-inter-miami-se-postergo-para-el-miercoles-foto-xintermiamicf-6A7TGASBBRALVE35PEV2BZLFVY.jpg?auth=1754e00306087b3b13249b586071c9087fa44c873407459d81b5bfb8599e0947&amp;width=1023\" type=\"image\/jpg\" media=\"(max-width: 1023px)\" \/><source srcset=\"https:\/\/tn.com.ar\/resizer\/v2\/el-partido-del-inter-miami-se-postergo-para-el-miercoles-foto-xintermiamicf-6A7TGASBBRALVE35PEV2BZLFVY.jpg?auth=1754e00306087b3b13249b586071c9087fa44c873407459d81b5bfb8599e0947&amp;width=1440\" type=\"image\/jpg\" \/><img loading=\"lazy\" decoding=\"async\" class=\"image content-image image_placeholder\" src=\"https:\/\/tn.com.ar\/resizer\/v2\/el-partido-del-inter-miami-se-postergo-para-el-miercoles-foto-xintermiamicf-6A7TGASBBRALVE35PEV2BZLFVY.jpg?auth=1754e00306087b3b13249b586071c9087fa44c873407459d81b5bfb8599e0947&amp;width=767\" alt=\"El partido del Inter Miami se posterg\u00f3 para el mi\u00e9rcoles. (Foto: X\/@InterMiamiCF)\" width=\"767\" height=\"431\" data-testid=\"loading-testid\" \/><\/picture><\/div>\n<\/figure>\n<h2 class=\"font--primary font__display\"><strong>Cu\u00e1ndo juega el Inter Miami ante Sporting KC<\/strong><\/h2>\n<p class=\"paragraph\">El encuentro finalmente se disputar\u00e1 el\u00a0<b>mi\u00e9rcoles a las 22 (hora de la Argentina),\u00a0<\/b>un d\u00eda despu\u00e9s de lo programado.(<em>TN<\/em>)<\/p>\n","protected":false},"excerpt":{"rendered":"<p>El encuentro iba a jugarse el martes y finalmente se disputar\u00e1 el mi\u00e9rcoles a las 22, hora de la Argentina.<\/p>\n","protected":false},"author":8,"featured_media":212272,"comment_status":"open","ping_status":"open","sticky":false,"template":"","format":"standard","meta":{"fifu_image_url":"","fifu_image_alt":"","footnotes":""},"categories":[13],"tags":[4249,1255,3160],"class_list":{"0":"post-212270","1":"post","2":"type-post","3":"status-publish","4":"format-standard","5":"has-post-thumbnail","7":"category-deportes","8":"tag-inter-miami","9":"tag-lionel-messi","10":"tag-partido"},"yoast_head":"<title>Inter Miami 2025: el motivo por el que se posterg\u00f3 el primer partido oficial de Lionel Messi - Informe Litoral<\/title>\n<meta name=\"robots\" content=\"index, follow, max-snippet:-1, max-image-preview:large, max-video-preview:-1\" \/>\n<link rel=\"canonical\" href=\"https:\/\/informelitoral.com.ar\/inter-miami-2025-el-motivo-por-el-que-se-postergo-el-primer-partido-oficial-de-lionel-messi\/\" \/>\n<meta property=\"og:locale\" content=\"es_ES\" \/>\n<meta property=\"og:type\" content=\"article\" \/>\n<meta property=\"og:title\" content=\"Inter Miami 2025: el motivo por el que se posterg\u00f3 el primer partido oficial de Lionel Messi - Informe Litoral\" \/>\n<meta property=\"og:description\" content=\"El encuentro iba a jugarse el martes y finalmente se disputar\u00e1 el mi\u00e9rcoles a las 22, hora de la Argentina.\" \/>\n<meta property=\"og:url\" content=\"https:\/\/informelitoral.com.ar\/inter-miami-2025-el-motivo-por-el-que-se-postergo-el-primer-partido-oficial-de-lionel-messi\/\" \/>\n<meta property=\"og:site_name\" content=\"Informe Litoral\" \/>\n<meta property=\"article:publisher\" content=\"https:\/\/www.facebook.com\/informelitoral\/\" \/>\n<meta property=\"article:published_time\" content=\"2025-02-18T10:26:42+00:00\" \/>\n<meta property=\"article:modified_time\" content=\"2025-02-18T10:29:36+00:00\" \/>\n<meta property=\"og:image\" content=\"https:\/\/informelitoral.com.ar\/%77%70%2d%63%6f%6e%74%65%6e%74\/uploads\/2025\/02\/Lionel-Messi-2025.png\" \/>\n\t<meta property=\"og:image:width\" content=\"1280\" \/>\n\t<meta property=\"og:image:height\" content=\"720\" \/>\n\t<meta property=\"og:image:type\" content=\"image\/png\" \/>\n<meta name=\"author\" content=\"Sebastian\" \/>\n<meta name=\"twitter:card\" content=\"summary_large_image\" \/>\n<meta name=\"twitter:creator\" content=\"@InformeLitoral\" \/>\n<meta name=\"twitter:site\" content=\"@InformeLitoral\" \/>\n<meta name=\"twitter:label1\" content=\"Escrito por\" \/>\n\t<meta name=\"twitter:data1\" content=\"Sebastian\" \/>\n\t<meta name=\"twitter:label2\" content=\"Tiempo de lectura\" \/>\n\t<meta name=\"twitter:data2\" content=\"2 minutos\" \/>\n<script type=\"application\/ld+json\" class=\"yoast-schema-graph\">{\"@context\":\"https:\\\/\\\/schema.org\",\"@graph\":[{\"@type\":\"Article\",\"@id\":\"https:\\\/\\\/informelitoral.com.ar\\\/inter-miami-2025-el-motivo-por-el-que-se-postergo-el-primer-partido-oficial-de-lionel-messi\\\/#article\",\"isPartOf\":{\"@id\":\"https:\\\/\\\/informelitoral.com.ar\\\/inter-miami-2025-el-motivo-por-el-que-se-postergo-el-primer-partido-oficial-de-lionel-messi\\\/\"},\"author\":{\"name\":\"Sebastian\",\"@id\":\"https:\\\/\\\/informelitoral.com.ar\\\/#\\\/schema\\\/person\\\/f05f9f461677119578717524b127d6d5\"},\"headline\":\"Inter Miami 2025: el motivo por el que se posterg\u00f3 el primer partido oficial de Lionel Messi\",\"datePublished\":\"2025-02-18T10:26:42+00:00\",\"dateModified\":\"2025-02-18T10:29:36+00:00\",\"mainEntityOfPage\":{\"@id\":\"https:\\\/\\\/informelitoral.com.ar\\\/inter-miami-2025-el-motivo-por-el-que-se-postergo-el-primer-partido-oficial-de-lionel-messi\\\/\"},\"wordCount\":323,\"commentCount\":0,\"publisher\":{\"@id\":\"https:\\\/\\\/informelitoral.com.ar\\\/#organization\"},\"image\":{\"@id\":\"https:\\\/\\\/informelitoral.com.ar\\\/inter-miami-2025-el-motivo-por-el-que-se-postergo-el-primer-partido-oficial-de-lionel-messi\\\/#primaryimage\"},\"thumbnailUrl\":\"https:\\\/\\\/informelitoral.com.ar\\\/%77%70%2d%63%6f%6e%74%65%6e%74\\\/uploads\\\/2025\\\/02\\\/Lionel-Messi-2025.png\",\"keywords\":[\"Inter Miami\",\"Lionel Messi\",\"Partido\"],\"articleSection\":[\"Deportes\"],\"inLanguage\":\"es\",\"potentialAction\":[{\"@type\":\"CommentAction\",\"name\":\"Comment\",\"target\":[\"https:\\\/\\\/informelitoral.com.ar\\\/inter-miami-2025-el-motivo-por-el-que-se-postergo-el-primer-partido-oficial-de-lionel-messi\\\/#respond\"]}]},{\"@type\":\"WebPage\",\"@id\":\"https:\\\/\\\/informelitoral.com.ar\\\/inter-miami-2025-el-motivo-por-el-que-se-postergo-el-primer-partido-oficial-de-lionel-messi\\\/\",\"url\":\"https:\\\/\\\/informelitoral.com.ar\\\/inter-miami-2025-el-motivo-por-el-que-se-postergo-el-primer-partido-oficial-de-lionel-messi\\\/\",\"name\":\"Inter Miami 2025: el motivo por el que se posterg\u00f3 el primer partido oficial de Lionel Messi - Informe Litoral\",\"isPartOf\":{\"@id\":\"https:\\\/\\\/informelitoral.com.ar\\\/#website\"},\"primaryImageOfPage\":{\"@id\":\"https:\\\/\\\/informelitoral.com.ar\\\/inter-miami-2025-el-motivo-por-el-que-se-postergo-el-primer-partido-oficial-de-lionel-messi\\\/#primaryimage\"},\"image\":{\"@id\":\"https:\\\/\\\/informelitoral.com.ar\\\/inter-miami-2025-el-motivo-por-el-que-se-postergo-el-primer-partido-oficial-de-lionel-messi\\\/#primaryimage\"},\"thumbnailUrl\":\"https:\\\/\\\/informelitoral.com.ar\\\/%77%70%2d%63%6f%6e%74%65%6e%74\\\/uploads\\\/2025\\\/02\\\/Lionel-Messi-2025.png\",\"datePublished\":\"2025-02-18T10:26:42+00:00\",\"dateModified\":\"2025-02-18T10:29:36+00:00\",\"breadcrumb\":{\"@id\":\"https:\\\/\\\/informelitoral.com.ar\\\/inter-miami-2025-el-motivo-por-el-que-se-postergo-el-primer-partido-oficial-de-lionel-messi\\\/#breadcrumb\"},\"inLanguage\":\"es\",\"potentialAction\":[{\"@type\":\"ReadAction\",\"target\":[\"https:\\\/\\\/informelitoral.com.ar\\\/inter-miami-2025-el-motivo-por-el-que-se-postergo-el-primer-partido-oficial-de-lionel-messi\\\/\"]}]},{\"@type\":\"ImageObject\",\"inLanguage\":\"es\",\"@id\":\"https:\\\/\\\/informelitoral.com.ar\\\/inter-miami-2025-el-motivo-por-el-que-se-postergo-el-primer-partido-oficial-de-lionel-messi\\\/#primaryimage\",\"url\":\"https:\\\/\\\/informelitoral.com.ar\\\/%77%70%2d%63%6f%6e%74%65%6e%74\\\/uploads\\\/2025\\\/02\\\/Lionel-Messi-2025.png\",\"contentUrl\":\"https:\\\/\\\/informelitoral.com.ar\\\/%77%70%2d%63%6f%6e%74%65%6e%74\\\/uploads\\\/2025\\\/02\\\/Lionel-Messi-2025.png\",\"width\":1280,\"height\":720},{\"@type\":\"BreadcrumbList\",\"@id\":\"https:\\\/\\\/informelitoral.com.ar\\\/inter-miami-2025-el-motivo-por-el-que-se-postergo-el-primer-partido-oficial-de-lionel-messi\\\/#breadcrumb\",\"itemListElement\":[{\"@type\":\"ListItem\",\"position\":1,\"name\":\"Portada\",\"item\":\"https:\\\/\\\/informelitoral.com.ar\\\/\"},{\"@type\":\"ListItem\",\"position\":2,\"name\":\"Inter Miami 2025: el motivo por el que se posterg\u00f3 el primer partido oficial de Lionel Messi\"}]},{\"@type\":\"WebSite\",\"@id\":\"https:\\\/\\\/informelitoral.com.ar\\\/#website\",\"url\":\"https:\\\/\\\/informelitoral.com.ar\\\/\",\"name\":\"Informe Litoral\",\"description\":\"&quot;Nos informamos&quot; \",\"publisher\":{\"@id\":\"https:\\\/\\\/informelitoral.com.ar\\\/#organization\"},\"potentialAction\":[{\"@type\":\"SearchAction\",\"target\":{\"@type\":\"EntryPoint\",\"urlTemplate\":\"https:\\\/\\\/informelitoral.com.ar\\\/?s={search_term_string}\"},\"query-input\":{\"@type\":\"PropertyValueSpecification\",\"valueRequired\":true,\"valueName\":\"search_term_string\"}}],\"inLanguage\":\"es\"},{\"@type\":\"Organization\",\"@id\":\"https:\\\/\\\/informelitoral.com.ar\\\/#organization\",\"name\":\"Informe Litoral\",\"url\":\"https:\\\/\\\/informelitoral.com.ar\\\/\",\"logo\":{\"@type\":\"ImageObject\",\"inLanguage\":\"es\",\"@id\":\"https:\\\/\\\/informelitoral.com.ar\\\/#\\\/schema\\\/logo\\\/image\\\/\",\"url\":\"https:\\\/\\\/informelitoral.com.ar\\\/%77%70%2d%63%6f%6e%74%65%6e%74\\\/uploads\\\/2021\\\/01\\\/circulo.png\",\"contentUrl\":\"https:\\\/\\\/informelitoral.com.ar\\\/%77%70%2d%63%6f%6e%74%65%6e%74\\\/uploads\\\/2021\\\/01\\\/circulo.png\",\"width\":723,\"height\":731,\"caption\":\"Informe Litoral\"},\"image\":{\"@id\":\"https:\\\/\\\/informelitoral.com.ar\\\/#\\\/schema\\\/logo\\\/image\\\/\"},\"sameAs\":[\"https:\\\/\\\/www.facebook.com\\\/informelitoral\\\/\",\"https:\\\/\\\/x.com\\\/InformeLitoral\",\"https:\\\/\\\/www.instagram.com\\\/informelitoral\\\/\",\"https:\\\/\\\/www.youtube.com\\\/channel\\\/UCua4Qvz8Icb6MYqhoq9xLXw\"]},{\"@type\":\"Person\",\"@id\":\"https:\\\/\\\/informelitoral.com.ar\\\/#\\\/schema\\\/person\\\/f05f9f461677119578717524b127d6d5\",\"name\":\"Sebastian\",\"image\":{\"@type\":\"ImageObject\",\"inLanguage\":\"es\",\"@id\":\"https:\\\/\\\/secure.gravatar.com\\\/avatar\\\/b71bf7481d447dfb9583c7f2798e7cc64de6efb9067b74633ed8c31059a3bd82?s=96&d=mm&r=g\",\"url\":\"https:\\\/\\\/secure.gravatar.com\\\/avatar\\\/b71bf7481d447dfb9583c7f2798e7cc64de6efb9067b74633ed8c31059a3bd82?s=96&d=mm&r=g\",\"contentUrl\":\"https:\\\/\\\/secure.gravatar.com\\\/avatar\\\/b71bf7481d447dfb9583c7f2798e7cc64de6efb9067b74633ed8c31059a3bd82?s=96&d=mm&r=g\",\"caption\":\"Sebastian\"},\"url\":\"https:\\\/\\\/informelitoral.com.ar\\\/author\\\/sebastian\\\/\"}]}<\/script>","yoast_head_json":{"title":"Inter Miami 2025: el motivo por el que se posterg\u00f3 el primer partido oficial de Lionel Messi - Informe Litoral","robots":{"index":"index","follow":"follow","max-snippet":"max-snippet:-1","max-image-preview":"max-image-preview:large","max-video-preview":"max-video-preview:-1"},"canonical":"https:\/\/informelitoral.com.ar\/inter-miami-2025-el-motivo-por-el-que-se-postergo-el-primer-partido-oficial-de-lionel-messi\/","og_locale":"es_ES","og_type":"article","og_title":"Inter Miami 2025: el motivo por el que se posterg\u00f3 el primer partido oficial de Lionel Messi - Informe Litoral","og_description":"El encuentro iba a jugarse el martes y finalmente se disputar\u00e1 el mi\u00e9rcoles a las 22, hora de la Argentina.","og_url":"https:\/\/informelitoral.com.ar\/inter-miami-2025-el-motivo-por-el-que-se-postergo-el-primer-partido-oficial-de-lionel-messi\/","og_site_name":"Informe Litoral","article_publisher":"https:\/\/www.facebook.com\/informelitoral\/","article_published_time":"2025-02-18T10:26:42+00:00","article_modified_time":"2025-02-18T10:29:36+00:00","og_image":[{"width":1280,"height":720,"url":"https:\/\/informelitoral.com.ar\/%77%70%2d%63%6f%6e%74%65%6e%74\/uploads\/2025\/02\/Lionel-Messi-2025.png","type":"image\/png"}],"author":"Sebastian","twitter_card":"summary_large_image","twitter_creator":"@InformeLitoral","twitter_site":"@InformeLitoral","twitter_misc":{"Escrito por":"Sebastian","Tiempo de lectura":"2 minutos"},"schema":{"@context":"https:\/\/schema.org","@graph":[{"@type":"Article","@id":"https:\/\/informelitoral.com.ar\/inter-miami-2025-el-motivo-por-el-que-se-postergo-el-primer-partido-oficial-de-lionel-messi\/#article","isPartOf":{"@id":"https:\/\/informelitoral.com.ar\/inter-miami-2025-el-motivo-por-el-que-se-postergo-el-primer-partido-oficial-de-lionel-messi\/"},"author":{"name":"Sebastian","@id":"https:\/\/informelitoral.com.ar\/#\/schema\/person\/f05f9f461677119578717524b127d6d5"},"headline":"Inter Miami 2025: el motivo por el que se posterg\u00f3 el primer partido oficial de Lionel Messi","datePublished":"2025-02-18T10:26:42+00:00","dateModified":"2025-02-18T10:29:36+00:00","mainEntityOfPage":{"@id":"https:\/\/informelitoral.com.ar\/inter-miami-2025-el-motivo-por-el-que-se-postergo-el-primer-partido-oficial-de-lionel-messi\/"},"wordCount":323,"commentCount":0,"publisher":{"@id":"https:\/\/informelitoral.com.ar\/#organization"},"image":{"@id":"https:\/\/informelitoral.com.ar\/inter-miami-2025-el-motivo-por-el-que-se-postergo-el-primer-partido-oficial-de-lionel-messi\/#primaryimage"},"thumbnailUrl":"https:\/\/informelitoral.com.ar\/%77%70%2d%63%6f%6e%74%65%6e%74\/uploads\/2025\/02\/Lionel-Messi-2025.png","keywords":["Inter Miami","Lionel Messi","Partido"],"articleSection":["Deportes"],"inLanguage":"es","potentialAction":[{"@type":"CommentAction","name":"Comment","target":["https:\/\/informelitoral.com.ar\/inter-miami-2025-el-motivo-por-el-que-se-postergo-el-primer-partido-oficial-de-lionel-messi\/#respond"]}]},{"@type":"WebPage","@id":"https:\/\/informelitoral.com.ar\/inter-miami-2025-el-motivo-por-el-que-se-postergo-el-primer-partido-oficial-de-lionel-messi\/","url":"https:\/\/informelitoral.com.ar\/inter-miami-2025-el-motivo-por-el-que-se-postergo-el-primer-partido-oficial-de-lionel-messi\/","name":"Inter Miami 2025: el motivo por el que se posterg\u00f3 el primer partido oficial de Lionel Messi - Informe Litoral","isPartOf":{"@id":"https:\/\/informelitoral.com.ar\/#website"},"primaryImageOfPage":{"@id":"https:\/\/informelitoral.com.ar\/inter-miami-2025-el-motivo-por-el-que-se-postergo-el-primer-partido-oficial-de-lionel-messi\/#primaryimage"},"image":{"@id":"https:\/\/informelitoral.com.ar\/inter-miami-2025-el-motivo-por-el-que-se-postergo-el-primer-partido-oficial-de-lionel-messi\/#primaryimage"},"thumbnailUrl":"https:\/\/informelitoral.com.ar\/%77%70%2d%63%6f%6e%74%65%6e%74\/uploads\/2025\/02\/Lionel-Messi-2025.png","datePublished":"2025-02-18T10:26:42+00:00","dateModified":"2025-02-18T10:29:36+00:00","breadcrumb":{"@id":"https:\/\/informelitoral.com.ar\/inter-miami-2025-el-motivo-por-el-que-se-postergo-el-primer-partido-oficial-de-lionel-messi\/#breadcrumb"},"inLanguage":"es","potentialAction":[{"@type":"ReadAction","target":["https:\/\/informelitoral.com.ar\/inter-miami-2025-el-motivo-por-el-que-se-postergo-el-primer-partido-oficial-de-lionel-messi\/"]}]},{"@type":"ImageObject","inLanguage":"es","@id":"https:\/\/informelitoral.com.ar\/inter-miami-2025-el-motivo-por-el-que-se-postergo-el-primer-partido-oficial-de-lionel-messi\/#primaryimage","url":"https:\/\/informelitoral.com.ar\/%77%70%2d%63%6f%6e%74%65%6e%74\/uploads\/2025\/02\/Lionel-Messi-2025.png","contentUrl":"https:\/\/informelitoral.com.ar\/%77%70%2d%63%6f%6e%74%65%6e%74\/uploads\/2025\/02\/Lionel-Messi-2025.png","width":1280,"height":720},{"@type":"BreadcrumbList","@id":"https:\/\/informelitoral.com.ar\/inter-miami-2025-el-motivo-por-el-que-se-postergo-el-primer-partido-oficial-de-lionel-messi\/#breadcrumb","itemListElement":[{"@type":"ListItem","position":1,"name":"Portada","item":"https:\/\/informelitoral.com.ar\/"},{"@type":"ListItem","position":2,"name":"Inter Miami 2025: el motivo por el que se posterg\u00f3 el primer partido oficial de Lionel Messi"}]},{"@type":"WebSite","@id":"https:\/\/informelitoral.com.ar\/#website","url":"https:\/\/informelitoral.com.ar\/","name":"Informe Litoral","description":"&quot;Nos informamos&quot; ","publisher":{"@id":"https:\/\/informelitoral.com.ar\/#organization"},"potentialAction":[{"@type":"SearchAction","target":{"@type":"EntryPoint","urlTemplate":"https:\/\/informelitoral.com.ar\/?s={search_term_string}"},"query-input":{"@type":"PropertyValueSpecification","valueRequired":true,"valueName":"search_term_string"}}],"inLanguage":"es"},{"@type":"Organization","@id":"https:\/\/informelitoral.com.ar\/#organization","name":"Informe Litoral","url":"https:\/\/informelitoral.com.ar\/","logo":{"@type":"ImageObject","inLanguage":"es","@id":"https:\/\/informelitoral.com.ar\/#\/schema\/logo\/image\/","url":"https:\/\/informelitoral.com.ar\/%77%70%2d%63%6f%6e%74%65%6e%74\/uploads\/2021\/01\/circulo.png","contentUrl":"https:\/\/informelitoral.com.ar\/%77%70%2d%63%6f%6e%74%65%6e%74\/uploads\/2021\/01\/circulo.png","width":723,"height":731,"caption":"Informe Litoral"},"image":{"@id":"https:\/\/informelitoral.com.ar\/#\/schema\/logo\/image\/"},"sameAs":["https:\/\/www.facebook.com\/informelitoral\/","https:\/\/x.com\/InformeLitoral","https:\/\/www.instagram.com\/informelitoral\/","https:\/\/www.youtube.com\/channel\/UCua4Qvz8Icb6MYqhoq9xLXw"]},{"@type":"Person","@id":"https:\/\/informelitoral.com.ar\/#\/schema\/person\/f05f9f461677119578717524b127d6d5","name":"Sebastian","image":{"@type":"ImageObject","inLanguage":"es","@id":"https:\/\/secure.gravatar.com\/avatar\/b71bf7481d447dfb9583c7f2798e7cc64de6efb9067b74633ed8c31059a3bd82?s=96&d=mm&r=g","url":"https:\/\/secure.gravatar.com\/avatar\/b71bf7481d447dfb9583c7f2798e7cc64de6efb9067b74633ed8c31059a3bd82?s=96&d=mm&r=g","contentUrl":"https:\/\/secure.gravatar.com\/avatar\/b71bf7481d447dfb9583c7f2798e7cc64de6efb9067b74633ed8c31059a3bd82?s=96&d=mm&r=g","caption":"Sebastian"},"url":"https:\/\/informelitoral.com.ar\/author\/sebastian\/"}]}},"_links":{"self":[{"href":"https:\/\/informelitoral.com.ar\/%77%70%2d%6a%73%6f%6e\/wp\/v2\/posts\/212270","targetHints":{"allow":["GET"]}}],"collection":[{"href":"https:\/\/informelitoral.com.ar\/%77%70%2d%6a%73%6f%6e\/wp\/v2\/posts"}],"about":[{"href":"https:\/\/informelitoral.com.ar\/%77%70%2d%6a%73%6f%6e\/wp\/v2\/types\/post"}],"author":[{"embeddable":true,"href":"https:\/\/informelitoral.com.ar\/%77%70%2d%6a%73%6f%6e\/wp\/v2\/users\/8"}],"replies":[{"embeddable":true,"href":"https:\/\/informelitoral.com.ar\/%77%70%2d%6a%73%6f%6e\/wp\/v2\/comments?post=212270"}],"version-history":[{"count":0,"href":"https:\/\/informelitoral.com.ar\/%77%70%2d%6a%73%6f%6e\/wp\/v2\/posts\/212270\/revisions"}],"wp:featuredmedia":[{"embeddable":true,"href":"https:\/\/informelitoral.com.ar\/%77%70%2d%6a%73%6f%6e\/wp\/v2\/media\/212272"}],"wp:attachment":[{"href":"https:\/\/informelitoral.com.ar\/%77%70%2d%6a%73%6f%6e\/wp\/v2\/media?parent=212270"}],"wp:term":[{"taxonomy":"category","embeddable":true,"href":"https:\/\/informelitoral.com.ar\/%77%70%2d%6a%73%6f%6e\/wp\/v2\/categories?post=212270"},{"taxonomy":"post_tag","embeddable":true,"href":"https:\/\/informelitoral.com.ar\/%77%70%2d%6a%73%6f%6e\/wp\/v2\/tags?post=212270"}],"curies":[{"name":"wp","href":"https:\/\/api.w.org\/{rel}","templated":true}]}}