{"id":21224,"date":"2017-04-21T08:37:46","date_gmt":"2017-04-21T11:37:46","guid":{"rendered":"http:\/\/www.isletasnoticias.com.ar\/?p=21224"},"modified":"2017-04-21T08:37:46","modified_gmt":"2017-04-21T11:37:46","slug":"la-43-feria-del-libro-apostara-a-los-jovenes-lectores","status":"publish","type":"post","link":"https:\/\/informelitoral.com.ar\/la-43-feria-del-libro-apostara-a-los-jovenes-lectores\/","title":{"rendered":"La 43\u00b0 Feria del Libro apostar\u00e1 a los j\u00f3venes lectores"},"content":{"rendered":"<div class=\"post-right\">\n<p class=\"post-excerpt\"><strong>El encuentro se desarrollar\u00e1 del 27 de abril al 5 de mayo en la Rural de Palermo. Habr\u00e1 charlas enfocadas en temas como los nuevos formatos, los retellings, el bullying y la diversidad sexual.<a href=\"http:\/\/www.isletasnoticias.com.ar\/%77%70%2d%63%6f%6e%74%65%6e%74\/uploads\/2017\/04\/feria-del-libro.jpg\"><img loading=\"lazy\" decoding=\"async\" class=\"aligncenter wp-image-21225 size-full\" src=\"http:\/\/www.isletasnoticias.com.ar\/%77%70%2d%63%6f%6e%74%65%6e%74\/uploads\/2017\/04\/feria-del-libro.jpg\" alt=\"\" width=\"640\" height=\"384\" srcset=\"https:\/\/informelitoral.com.ar\/%77%70%2d%63%6f%6e%74%65%6e%74\/uploads\/2017\/04\/feria-del-libro.jpg 640w, https:\/\/informelitoral.com.ar\/%77%70%2d%63%6f%6e%74%65%6e%74\/uploads\/2017\/04\/feria-del-libro-300x180.jpg 300w\" sizes=\"auto, (max-width: 640px) 100vw, 640px\" \/><\/a><\/strong><\/p>\n<\/div>\n<div class=\"post-body-inner\">\n<p>La 43\u00b0 <strong>Feria Internacional del Libro de Buenos Aires<\/strong>, que <strong>se desarrollar\u00e1 del 27 de abril al 15 de mayo en la Rural de Palermo<\/strong> <strong>concentrar\u00e1 su atenci\u00f3n en los lectores de 12 a 30 a\u00f1os<\/strong>, con festivales, concursos y charlas enfocadas en temas como los nuevos formatos, los retellings, el bullying y la diversidad sexual.<\/p>\n<p>La funci\u00f3n social de la literatura, la cultura pop, la lectura comunitaria con m\u00e1s y nuevos lectores, y la necesidad de desterrar el mito de que \u201clos j\u00f3venes no leen\u201d son algunos de los temas que tuvo presente la nueva Comisi\u00f3n de Actividades Juveniles que lidera la editora Cristina Alemany al delinear la programaci\u00f3n.<\/p>\n<p>\u201cEl segmento young-adults (YA) abarcaba de los 14 a los 24 a\u00f1os y ahora se extendi\u00f3 de los 12 a los 30, un fen\u00f3meno que se refuerza con el uso de redes sociales y que es muy fuerte, especialmente, en Latinoam\u00e9rica\u201d, explic\u00f3 la directora del sello #numeral.<\/p>\n<p>Otro dato que movi\u00f3 a la Fundaci\u00f3n El Libro a e<strong>nfocarse en los lectores activos que se comunican por plataformas digitales<\/strong> es que \u201cen esa franja se est\u00e1 leyendo m\u00e1s, posiblemente por esa gran comunidad y porque a esa literatura est\u00e1n ingresando variadas propuestas de autores autopublicados\u201d, agrega la editora.<\/p>\n<p>Porque al parecer ese segmento crece en ventas, t\u00edtulos, formatos y tem\u00e1ticas -en 2014, A\u00f1o Cort\u00e1zar, la trilog\u00eda de \u201cLos juegos del hambre\u201d encabez\u00f3 las ventas de la Feria superando a \u201cRayuela\u201d-, el predio porte\u00f1o ubicado en las avenidas Sarmiento y Santa Fe ser\u00e1 sede de tres multitudinarios encuentros especiales, \u201cdonde los chicos salen de lo virtual y ponen en pr\u00e1ctica la funci\u00f3n social de la literatura\u201d, seg\u00fan Alemany.<\/p>\n<p>Es as\u00ed que en la Feria se llevar\u00e1 a cabo la <strong>2\u00b0 Convenci\u00f3n de bloggers<\/strong>, que se har\u00e1 el s\u00e1bado 29 de abril de 18 a 21.30 en la sala Jos\u00e9 Hern\u00e1ndez del Pabell\u00f3n Rojo; del <strong>2\u00b0 Encuentro de bookstagrammers<\/strong>, el domingo 7 de mayo de 20 a 21.30 en la sala Leopoldo Lugones, del Pabell\u00f3n Amarillo; y el 3<strong>\u00b0 Encuentro Internacional de Booktubers<\/strong>, el s\u00e1bado 13 de mayo de 14 a 17.30 en la sala Hern\u00e1ndez.<\/p>\n<p><strong>Distintos lenguajes.<\/strong> \u201cLos bloggers tienen su fuerte en la palabra escrita, los booktubers en el histrionismo y los bookstagrammers en el lenguaje visual simb\u00f3lico\u201d, resume Alemany la singularidad de cada uno de estos promotores \u201cespont\u00e1neos\u201d de una lectoescritura \u201cl\u00fadica y desprejuiciada\u201d.<\/p>\n<p>Estos j\u00f3venes podr\u00e1n competir en los concursos para el blogger, booktuber y bookstagrammer de la Feria 2017, que cuenta con \u201cun premio de 20 libros que seleccionar\u00e1n entre los expositores para ellos, otros 20 para una instituci\u00f3n que elijan y un lector digital Boris\u201d, repasa la editora.<\/p>\n<p>\u201cSon lectores comunitarios que no tienen prejuicios -contin\u00faa-, si bien leen en la soledad de su casa, cuando debaten en las redes es como si su cuarto se ampliara al mundo y tocan todos los temas. Este es un momento de protagonismo joven en muchos sentidos. Si votan a los 16 a\u00f1os, c\u00f3mo no van a elegir lo que leen\u201d.<\/p>\n<p>Entre los invitados m\u00e1s populares de esta edici\u00f3n figuran invitados a la Feria como la brasile\u00f1a <strong>Paula Pimenta<\/strong>, quien presentar\u00e1 la cuarta entrega de la serie \u201cViviendo mi pel\u00edcula\u201d (V&amp;R) y firmar\u00e1 ejemplares, martes y mi\u00e9rcoles 2 y 3 de mayo de 16 a 17, en el stand de la Embajada de Brasil.<\/p>\n<p><b>Cultura pop. <\/b>\u201cAlgo de la cultura pop se refleja en estos eventos: se mueven en masa, saben qu\u00e9 leen sus \u00eddolos, disfrutan el contacto directo con sus autores preferidos, acopian material que reutilizan en esas plataformas. Y los buenos escritores saben valorarlo, manteniendo un ida y vuelta con sus lectores\u201d, describe Alemany.<\/p>\n<p>En esa l\u00ednea se inscriben el ilustrador y escritor brit\u00e1nico Chris Priestley, que abrir\u00e1 la convenci\u00f3n blogger; el estadounidense Jim C. Hines, que con \u201cMagic ex Libris\u201d lider\u00f3 la lista 2016 de los m\u00e1s vendidos de la librer\u00eda El Ateneo, y se suma al evento; o la irlandesa Cecelia Ahern, autora de bestsellers como \u201cPosdata: te amo\u201d, que en la Feria presentar\u00e1 su primera saga juvenil, \u201cImperfectos\u201d (Ediciones B).<\/p>\n<p>Las actividades para \u201cyoung adults\u201d comenzar\u00e1n la misma noche de la apertura de la Feria: el jueves 27 de abril a las 20.30 en la sala Lugones la escritora Victoria Bayona coordinar\u00e1 una mesa redonda sobre \u201cretellings\u201d (volver a contar situaciones originales de libros cl\u00e1sicos), en este caso de novelas y cuentos como \u201cOrgullo y prejuicio\u201d y \u201cCenicienta\u201d.<\/p>\n<p>El viernes 5 de mayo a las 18.30 se realizar\u00e1 \u201cOutsiders\u201d en la misma sala, reuni\u00f3n dedicada a quienes ingresan al libro a trav\u00e9s de plataformas externas como wattpad, que permite compartir obras autopublicadas con todo el mundo. Ejemplo de esto \u00faltimo es el booktuber Mariano Bondar, autor de \u201cUno igual al resto\u201d (Altea).<\/p>\n<p>Siempre en la sala Lugones, la \u00faltima mesa, \u201cLiteratura al rescate\u201d, dar\u00e1 cuenta el viernes 12 de mayo a las 20.30 de \u201clas formas de violencia que m\u00e1s atienden los lectores j\u00f3venes hoy (sexual y de g\u00e9nero); y de lo que llamamos \u2018literatura de la diversidad\u2019\u201d, repasa Alemany.<\/p>\n<p><b>Mitos.<\/b> \u201cHay una especie de mito que desterrar, estos chicos progresan en sus lecturas. El a\u00f1o pasado esperaban a Mario Vargas Llosa y ahora esperan a Carlos Ruiz Zaf\u00f3n y a John Katzenbach porque los leen. Hay que sacarse los prejuicios y validar a estos lectores\u201d, advierte la especialista. Alemany subraya que \u201ccuando algo es muy bueno o tiene muchas visitas va directo al papel, el boca a boca de ahora son las redes, las recomendaciones que hacen los chicos permanentemente\u201d.<\/p>\n<p>Es el caso de Magdalena Trimarchi, la argentina de 21 a\u00f1os que se convirti\u00f3 en fen\u00f3meno de Wattpad con \u201cM\u00e1s all\u00e1 de la realidad\u201d, novela que edit\u00f3 Penguin Random House en papel, quien participar\u00e1 de \u201cOutsiders\u201d y luego firmar\u00e1 ejemplares en el stand editorial.<\/p>\n<p>O de la espa\u00f1ola Esther Sanz, que lanzar\u00e1 \u201cSi el amor es un canto de sirena\u201d el s\u00e1bado 29 de abril a las 15.30 en la sala Javier Villafa\u00f1e del Pabell\u00f3n Amarillo; y de Madeleine Roux, autora de la saga de horror \u201cAsylum\u201d, que presentar\u00e1 una nueva aventura, \u201cLa casa de las furias\u201d, el s\u00e1bado 13 de mayo a las 18 en la sala Hern\u00e1ndez y luego firmar\u00e1 en el stand de V&amp;R.<\/p>\n<p>El programa de la Comisi\u00f3n de Actividades Juveniles que incluye #BBB (bloggers, booktubers y bookstagramers) de M\u00e9xico, Venezuela, Per\u00fa, Chile, autores locales y una decena de escritores extranjeros como Jojo Moyes (Planeta), Maggie Stiefvater (SM) y Allen Zadoff (#numeral), se completa con \u201cLa cocina del libro juvenil, una jornada sobre el trabajo para editar un libro\u201d, que se har\u00e1 el 6 de mayo de 16 a 19.30 en la sala Lugones.<\/p>\n<\/div>\n","protected":false},"excerpt":{"rendered":"<p>El encuentro se desarrollar&aacute; del 27 de abril al 5 de mayo en la Rural de Palermo. Habr&aacute; charlas enfocadas en temas como los nuevos formatos, los retellings, el bullying y la diversidad sexual. La 43&deg; Feria Internacional del Libro de Buenos Aires, que se desarrollar&aacute; del 27 de abril al 15 de mayo en [&hellip;]<\/p>\n","protected":false},"author":2,"featured_media":21225,"comment_status":"open","ping_status":"open","sticky":false,"template":"","format":"standard","meta":{"fifu_image_url":"","fifu_image_alt":"","footnotes":""},"categories":[7,9],"tags":[],"class_list":{"0":"post-21224","1":"post","2":"type-post","3":"status-publish","4":"format-standard","5":"has-post-thumbnail","7":"category-nacionales","8":"category-sociedad"},"yoast_head":"<title>La 43\u00b0 Feria del Libro apostar\u00e1 a los j\u00f3venes lectores - Informe Litoral<\/title>\n<meta name=\"robots\" content=\"index, follow, max-snippet:-1, max-image-preview:large, max-video-preview:-1\" \/>\n<link rel=\"canonical\" href=\"https:\/\/informelitoral.com.ar\/la-43-feria-del-libro-apostara-a-los-jovenes-lectores\/\" \/>\n<meta property=\"og:locale\" content=\"es_ES\" \/>\n<meta property=\"og:type\" content=\"article\" \/>\n<meta property=\"og:title\" content=\"La 43\u00b0 Feria del Libro apostar\u00e1 a los j\u00f3venes lectores - Informe Litoral\" \/>\n<meta property=\"og:description\" content=\"El encuentro se desarrollar&aacute; del 27 de abril al 5 de mayo en la Rural de Palermo. Habr&aacute; charlas enfocadas en temas como los nuevos formatos, los retellings, el bullying y la diversidad sexual. La 43&deg; Feria Internacional del Libro de Buenos Aires, que se desarrollar&aacute; del 27 de abril al 15 de mayo en [&hellip;]\" \/>\n<meta property=\"og:url\" content=\"https:\/\/informelitoral.com.ar\/la-43-feria-del-libro-apostara-a-los-jovenes-lectores\/\" \/>\n<meta property=\"og:site_name\" content=\"Informe Litoral\" \/>\n<meta property=\"article:publisher\" content=\"https:\/\/www.facebook.com\/informelitoral\/\" \/>\n<meta property=\"article:published_time\" content=\"2017-04-21T11:37:46+00:00\" \/>\n<meta property=\"og:image\" content=\"https:\/\/informelitoral.com.ar\/%77%70%2d%63%6f%6e%74%65%6e%74\/uploads\/2017\/04\/feria-del-libro.jpg\" \/>\n\t<meta property=\"og:image:width\" content=\"640\" \/>\n\t<meta property=\"og:image:height\" content=\"384\" \/>\n\t<meta property=\"og:image:type\" content=\"image\/jpeg\" \/>\n<meta name=\"author\" content=\"Gonzalo Schmidt\" \/>\n<meta name=\"twitter:card\" content=\"summary_large_image\" \/>\n<meta name=\"twitter:creator\" content=\"@InformeLitoral\" \/>\n<meta name=\"twitter:site\" content=\"@InformeLitoral\" \/>\n<meta name=\"twitter:label1\" content=\"Escrito por\" \/>\n\t<meta name=\"twitter:data1\" content=\"Gonzalo Schmidt\" \/>\n\t<meta name=\"twitter:label2\" content=\"Tiempo de lectura\" \/>\n\t<meta name=\"twitter:data2\" content=\"6 minutos\" \/>\n<script type=\"application\/ld+json\" class=\"yoast-schema-graph\">{\"@context\":\"https:\\\/\\\/schema.org\",\"@graph\":[{\"@type\":\"Article\",\"@id\":\"https:\\\/\\\/informelitoral.com.ar\\\/la-43-feria-del-libro-apostara-a-los-jovenes-lectores\\\/#article\",\"isPartOf\":{\"@id\":\"https:\\\/\\\/informelitoral.com.ar\\\/la-43-feria-del-libro-apostara-a-los-jovenes-lectores\\\/\"},\"author\":{\"name\":\"Gonzalo Schmidt\",\"@id\":\"https:\\\/\\\/informelitoral.com.ar\\\/#\\\/schema\\\/person\\\/b9d00407c836482871ef1d57bf8e3180\"},\"headline\":\"La 43\u00b0 Feria del Libro apostar\u00e1 a los j\u00f3venes lectores\",\"datePublished\":\"2017-04-21T11:37:46+00:00\",\"mainEntityOfPage\":{\"@id\":\"https:\\\/\\\/informelitoral.com.ar\\\/la-43-feria-del-libro-apostara-a-los-jovenes-lectores\\\/\"},\"wordCount\":1175,\"commentCount\":0,\"publisher\":{\"@id\":\"https:\\\/\\\/informelitoral.com.ar\\\/#organization\"},\"image\":{\"@id\":\"https:\\\/\\\/informelitoral.com.ar\\\/la-43-feria-del-libro-apostara-a-los-jovenes-lectores\\\/#primaryimage\"},\"thumbnailUrl\":\"https:\\\/\\\/informelitoral.com.ar\\\/%77%70%2d%63%6f%6e%74%65%6e%74\\\/uploads\\\/2017\\\/04\\\/feria-del-libro.jpg\",\"articleSection\":[\"Nacionales\",\"Sociedad\"],\"inLanguage\":\"es\",\"potentialAction\":[{\"@type\":\"CommentAction\",\"name\":\"Comment\",\"target\":[\"https:\\\/\\\/informelitoral.com.ar\\\/la-43-feria-del-libro-apostara-a-los-jovenes-lectores\\\/#respond\"]}]},{\"@type\":\"WebPage\",\"@id\":\"https:\\\/\\\/informelitoral.com.ar\\\/la-43-feria-del-libro-apostara-a-los-jovenes-lectores\\\/\",\"url\":\"https:\\\/\\\/informelitoral.com.ar\\\/la-43-feria-del-libro-apostara-a-los-jovenes-lectores\\\/\",\"name\":\"La 43\u00b0 Feria del Libro apostar\u00e1 a los j\u00f3venes lectores - Informe Litoral\",\"isPartOf\":{\"@id\":\"https:\\\/\\\/informelitoral.com.ar\\\/#website\"},\"primaryImageOfPage\":{\"@id\":\"https:\\\/\\\/informelitoral.com.ar\\\/la-43-feria-del-libro-apostara-a-los-jovenes-lectores\\\/#primaryimage\"},\"image\":{\"@id\":\"https:\\\/\\\/informelitoral.com.ar\\\/la-43-feria-del-libro-apostara-a-los-jovenes-lectores\\\/#primaryimage\"},\"thumbnailUrl\":\"https:\\\/\\\/informelitoral.com.ar\\\/%77%70%2d%63%6f%6e%74%65%6e%74\\\/uploads\\\/2017\\\/04\\\/feria-del-libro.jpg\",\"datePublished\":\"2017-04-21T11:37:46+00:00\",\"breadcrumb\":{\"@id\":\"https:\\\/\\\/informelitoral.com.ar\\\/la-43-feria-del-libro-apostara-a-los-jovenes-lectores\\\/#breadcrumb\"},\"inLanguage\":\"es\",\"potentialAction\":[{\"@type\":\"ReadAction\",\"target\":[\"https:\\\/\\\/informelitoral.com.ar\\\/la-43-feria-del-libro-apostara-a-los-jovenes-lectores\\\/\"]}]},{\"@type\":\"ImageObject\",\"inLanguage\":\"es\",\"@id\":\"https:\\\/\\\/informelitoral.com.ar\\\/la-43-feria-del-libro-apostara-a-los-jovenes-lectores\\\/#primaryimage\",\"url\":\"https:\\\/\\\/informelitoral.com.ar\\\/%77%70%2d%63%6f%6e%74%65%6e%74\\\/uploads\\\/2017\\\/04\\\/feria-del-libro.jpg\",\"contentUrl\":\"https:\\\/\\\/informelitoral.com.ar\\\/%77%70%2d%63%6f%6e%74%65%6e%74\\\/uploads\\\/2017\\\/04\\\/feria-del-libro.jpg\",\"width\":640,\"height\":384},{\"@type\":\"BreadcrumbList\",\"@id\":\"https:\\\/\\\/informelitoral.com.ar\\\/la-43-feria-del-libro-apostara-a-los-jovenes-lectores\\\/#breadcrumb\",\"itemListElement\":[{\"@type\":\"ListItem\",\"position\":1,\"name\":\"Portada\",\"item\":\"https:\\\/\\\/informelitoral.com.ar\\\/\"},{\"@type\":\"ListItem\",\"position\":2,\"name\":\"La 43\u00b0 Feria del Libro apostar\u00e1 a los j\u00f3venes lectores\"}]},{\"@type\":\"WebSite\",\"@id\":\"https:\\\/\\\/informelitoral.com.ar\\\/#website\",\"url\":\"https:\\\/\\\/informelitoral.com.ar\\\/\",\"name\":\"Informe Litoral\",\"description\":\"&quot;Nos informamos&quot; \",\"publisher\":{\"@id\":\"https:\\\/\\\/informelitoral.com.ar\\\/#organization\"},\"potentialAction\":[{\"@type\":\"SearchAction\",\"target\":{\"@type\":\"EntryPoint\",\"urlTemplate\":\"https:\\\/\\\/informelitoral.com.ar\\\/?s={search_term_string}\"},\"query-input\":{\"@type\":\"PropertyValueSpecification\",\"valueRequired\":true,\"valueName\":\"search_term_string\"}}],\"inLanguage\":\"es\"},{\"@type\":\"Organization\",\"@id\":\"https:\\\/\\\/informelitoral.com.ar\\\/#organization\",\"name\":\"Informe Litoral\",\"url\":\"https:\\\/\\\/informelitoral.com.ar\\\/\",\"logo\":{\"@type\":\"ImageObject\",\"inLanguage\":\"es\",\"@id\":\"https:\\\/\\\/informelitoral.com.ar\\\/#\\\/schema\\\/logo\\\/image\\\/\",\"url\":\"https:\\\/\\\/informelitoral.com.ar\\\/%77%70%2d%63%6f%6e%74%65%6e%74\\\/uploads\\\/2021\\\/01\\\/circulo.png\",\"contentUrl\":\"https:\\\/\\\/informelitoral.com.ar\\\/%77%70%2d%63%6f%6e%74%65%6e%74\\\/uploads\\\/2021\\\/01\\\/circulo.png\",\"width\":723,\"height\":731,\"caption\":\"Informe Litoral\"},\"image\":{\"@id\":\"https:\\\/\\\/informelitoral.com.ar\\\/#\\\/schema\\\/logo\\\/image\\\/\"},\"sameAs\":[\"https:\\\/\\\/www.facebook.com\\\/informelitoral\\\/\",\"https:\\\/\\\/x.com\\\/InformeLitoral\",\"https:\\\/\\\/www.instagram.com\\\/informelitoral\\\/\",\"https:\\\/\\\/www.youtube.com\\\/channel\\\/UCua4Qvz8Icb6MYqhoq9xLXw\"]},{\"@type\":\"Person\",\"@id\":\"https:\\\/\\\/informelitoral.com.ar\\\/#\\\/schema\\\/person\\\/b9d00407c836482871ef1d57bf8e3180\",\"name\":\"Gonzalo Schmidt\",\"image\":{\"@type\":\"ImageObject\",\"inLanguage\":\"es\",\"@id\":\"https:\\\/\\\/secure.gravatar.com\\\/avatar\\\/31a1a7b66ff2de83bd0e9fd79d026630d2d99e55e8bfe501287647b4fd9743de?s=96&d=mm&r=g\",\"url\":\"https:\\\/\\\/secure.gravatar.com\\\/avatar\\\/31a1a7b66ff2de83bd0e9fd79d026630d2d99e55e8bfe501287647b4fd9743de?s=96&d=mm&r=g\",\"contentUrl\":\"https:\\\/\\\/secure.gravatar.com\\\/avatar\\\/31a1a7b66ff2de83bd0e9fd79d026630d2d99e55e8bfe501287647b4fd9743de?s=96&d=mm&r=g\",\"caption\":\"Gonzalo Schmidt\"},\"description\":\"Sitio web de noticias de la provincia de Entre R\u00edos, Argentina. Informaci\u00f3n y entretenimiento. Informe Litoral, nos informamos.\",\"sameAs\":[\"http:\\\/\\\/www.isletasnoticias.com.ar\"],\"url\":\"https:\\\/\\\/informelitoral.com.ar\\\/author\\\/gonzalo\\\/\"}]}<\/script>","yoast_head_json":{"title":"La 43\u00b0 Feria del Libro apostar\u00e1 a los j\u00f3venes lectores - Informe Litoral","robots":{"index":"index","follow":"follow","max-snippet":"max-snippet:-1","max-image-preview":"max-image-preview:large","max-video-preview":"max-video-preview:-1"},"canonical":"https:\/\/informelitoral.com.ar\/la-43-feria-del-libro-apostara-a-los-jovenes-lectores\/","og_locale":"es_ES","og_type":"article","og_title":"La 43\u00b0 Feria del Libro apostar\u00e1 a los j\u00f3venes lectores - Informe Litoral","og_description":"El encuentro se desarrollar&aacute; del 27 de abril al 5 de mayo en la Rural de Palermo. Habr&aacute; charlas enfocadas en temas como los nuevos formatos, los retellings, el bullying y la diversidad sexual. La 43&deg; Feria Internacional del Libro de Buenos Aires, que se desarrollar&aacute; del 27 de abril al 15 de mayo en [&hellip;]","og_url":"https:\/\/informelitoral.com.ar\/la-43-feria-del-libro-apostara-a-los-jovenes-lectores\/","og_site_name":"Informe Litoral","article_publisher":"https:\/\/www.facebook.com\/informelitoral\/","article_published_time":"2017-04-21T11:37:46+00:00","og_image":[{"width":640,"height":384,"url":"https:\/\/informelitoral.com.ar\/%77%70%2d%63%6f%6e%74%65%6e%74\/uploads\/2017\/04\/feria-del-libro.jpg","type":"image\/jpeg"}],"author":"Gonzalo Schmidt","twitter_card":"summary_large_image","twitter_creator":"@InformeLitoral","twitter_site":"@InformeLitoral","twitter_misc":{"Escrito por":"Gonzalo Schmidt","Tiempo de lectura":"6 minutos"},"schema":{"@context":"https:\/\/schema.org","@graph":[{"@type":"Article","@id":"https:\/\/informelitoral.com.ar\/la-43-feria-del-libro-apostara-a-los-jovenes-lectores\/#article","isPartOf":{"@id":"https:\/\/informelitoral.com.ar\/la-43-feria-del-libro-apostara-a-los-jovenes-lectores\/"},"author":{"name":"Gonzalo Schmidt","@id":"https:\/\/informelitoral.com.ar\/#\/schema\/person\/b9d00407c836482871ef1d57bf8e3180"},"headline":"La 43\u00b0 Feria del Libro apostar\u00e1 a los j\u00f3venes lectores","datePublished":"2017-04-21T11:37:46+00:00","mainEntityOfPage":{"@id":"https:\/\/informelitoral.com.ar\/la-43-feria-del-libro-apostara-a-los-jovenes-lectores\/"},"wordCount":1175,"commentCount":0,"publisher":{"@id":"https:\/\/informelitoral.com.ar\/#organization"},"image":{"@id":"https:\/\/informelitoral.com.ar\/la-43-feria-del-libro-apostara-a-los-jovenes-lectores\/#primaryimage"},"thumbnailUrl":"https:\/\/informelitoral.com.ar\/%77%70%2d%63%6f%6e%74%65%6e%74\/uploads\/2017\/04\/feria-del-libro.jpg","articleSection":["Nacionales","Sociedad"],"inLanguage":"es","potentialAction":[{"@type":"CommentAction","name":"Comment","target":["https:\/\/informelitoral.com.ar\/la-43-feria-del-libro-apostara-a-los-jovenes-lectores\/#respond"]}]},{"@type":"WebPage","@id":"https:\/\/informelitoral.com.ar\/la-43-feria-del-libro-apostara-a-los-jovenes-lectores\/","url":"https:\/\/informelitoral.com.ar\/la-43-feria-del-libro-apostara-a-los-jovenes-lectores\/","name":"La 43\u00b0 Feria del Libro apostar\u00e1 a los j\u00f3venes lectores - Informe Litoral","isPartOf":{"@id":"https:\/\/informelitoral.com.ar\/#website"},"primaryImageOfPage":{"@id":"https:\/\/informelitoral.com.ar\/la-43-feria-del-libro-apostara-a-los-jovenes-lectores\/#primaryimage"},"image":{"@id":"https:\/\/informelitoral.com.ar\/la-43-feria-del-libro-apostara-a-los-jovenes-lectores\/#primaryimage"},"thumbnailUrl":"https:\/\/informelitoral.com.ar\/%77%70%2d%63%6f%6e%74%65%6e%74\/uploads\/2017\/04\/feria-del-libro.jpg","datePublished":"2017-04-21T11:37:46+00:00","breadcrumb":{"@id":"https:\/\/informelitoral.com.ar\/la-43-feria-del-libro-apostara-a-los-jovenes-lectores\/#breadcrumb"},"inLanguage":"es","potentialAction":[{"@type":"ReadAction","target":["https:\/\/informelitoral.com.ar\/la-43-feria-del-libro-apostara-a-los-jovenes-lectores\/"]}]},{"@type":"ImageObject","inLanguage":"es","@id":"https:\/\/informelitoral.com.ar\/la-43-feria-del-libro-apostara-a-los-jovenes-lectores\/#primaryimage","url":"https:\/\/informelitoral.com.ar\/%77%70%2d%63%6f%6e%74%65%6e%74\/uploads\/2017\/04\/feria-del-libro.jpg","contentUrl":"https:\/\/informelitoral.com.ar\/%77%70%2d%63%6f%6e%74%65%6e%74\/uploads\/2017\/04\/feria-del-libro.jpg","width":640,"height":384},{"@type":"BreadcrumbList","@id":"https:\/\/informelitoral.com.ar\/la-43-feria-del-libro-apostara-a-los-jovenes-lectores\/#breadcrumb","itemListElement":[{"@type":"ListItem","position":1,"name":"Portada","item":"https:\/\/informelitoral.com.ar\/"},{"@type":"ListItem","position":2,"name":"La 43\u00b0 Feria del Libro apostar\u00e1 a los j\u00f3venes lectores"}]},{"@type":"WebSite","@id":"https:\/\/informelitoral.com.ar\/#website","url":"https:\/\/informelitoral.com.ar\/","name":"Informe Litoral","description":"&quot;Nos informamos&quot; ","publisher":{"@id":"https:\/\/informelitoral.com.ar\/#organization"},"potentialAction":[{"@type":"SearchAction","target":{"@type":"EntryPoint","urlTemplate":"https:\/\/informelitoral.com.ar\/?s={search_term_string}"},"query-input":{"@type":"PropertyValueSpecification","valueRequired":true,"valueName":"search_term_string"}}],"inLanguage":"es"},{"@type":"Organization","@id":"https:\/\/informelitoral.com.ar\/#organization","name":"Informe Litoral","url":"https:\/\/informelitoral.com.ar\/","logo":{"@type":"ImageObject","inLanguage":"es","@id":"https:\/\/informelitoral.com.ar\/#\/schema\/logo\/image\/","url":"https:\/\/informelitoral.com.ar\/%77%70%2d%63%6f%6e%74%65%6e%74\/uploads\/2021\/01\/circulo.png","contentUrl":"https:\/\/informelitoral.com.ar\/%77%70%2d%63%6f%6e%74%65%6e%74\/uploads\/2021\/01\/circulo.png","width":723,"height":731,"caption":"Informe Litoral"},"image":{"@id":"https:\/\/informelitoral.com.ar\/#\/schema\/logo\/image\/"},"sameAs":["https:\/\/www.facebook.com\/informelitoral\/","https:\/\/x.com\/InformeLitoral","https:\/\/www.instagram.com\/informelitoral\/","https:\/\/www.youtube.com\/channel\/UCua4Qvz8Icb6MYqhoq9xLXw"]},{"@type":"Person","@id":"https:\/\/informelitoral.com.ar\/#\/schema\/person\/b9d00407c836482871ef1d57bf8e3180","name":"Gonzalo Schmidt","image":{"@type":"ImageObject","inLanguage":"es","@id":"https:\/\/secure.gravatar.com\/avatar\/31a1a7b66ff2de83bd0e9fd79d026630d2d99e55e8bfe501287647b4fd9743de?s=96&d=mm&r=g","url":"https:\/\/secure.gravatar.com\/avatar\/31a1a7b66ff2de83bd0e9fd79d026630d2d99e55e8bfe501287647b4fd9743de?s=96&d=mm&r=g","contentUrl":"https:\/\/secure.gravatar.com\/avatar\/31a1a7b66ff2de83bd0e9fd79d026630d2d99e55e8bfe501287647b4fd9743de?s=96&d=mm&r=g","caption":"Gonzalo Schmidt"},"description":"Sitio web de noticias de la provincia de Entre R\u00edos, Argentina. Informaci\u00f3n y entretenimiento. Informe Litoral, nos informamos.","sameAs":["http:\/\/www.isletasnoticias.com.ar"],"url":"https:\/\/informelitoral.com.ar\/author\/gonzalo\/"}]}},"_links":{"self":[{"href":"https:\/\/informelitoral.com.ar\/%77%70%2d%6a%73%6f%6e\/wp\/v2\/posts\/21224","targetHints":{"allow":["GET"]}}],"collection":[{"href":"https:\/\/informelitoral.com.ar\/%77%70%2d%6a%73%6f%6e\/wp\/v2\/posts"}],"about":[{"href":"https:\/\/informelitoral.com.ar\/%77%70%2d%6a%73%6f%6e\/wp\/v2\/types\/post"}],"author":[{"embeddable":true,"href":"https:\/\/informelitoral.com.ar\/%77%70%2d%6a%73%6f%6e\/wp\/v2\/users\/2"}],"replies":[{"embeddable":true,"href":"https:\/\/informelitoral.com.ar\/%77%70%2d%6a%73%6f%6e\/wp\/v2\/comments?post=21224"}],"version-history":[{"count":0,"href":"https:\/\/informelitoral.com.ar\/%77%70%2d%6a%73%6f%6e\/wp\/v2\/posts\/21224\/revisions"}],"wp:featuredmedia":[{"embeddable":true,"href":"https:\/\/informelitoral.com.ar\/%77%70%2d%6a%73%6f%6e\/wp\/v2\/media\/21225"}],"wp:attachment":[{"href":"https:\/\/informelitoral.com.ar\/%77%70%2d%6a%73%6f%6e\/wp\/v2\/media?parent=21224"}],"wp:term":[{"taxonomy":"category","embeddable":true,"href":"https:\/\/informelitoral.com.ar\/%77%70%2d%6a%73%6f%6e\/wp\/v2\/categories?post=21224"},{"taxonomy":"post_tag","embeddable":true,"href":"https:\/\/informelitoral.com.ar\/%77%70%2d%6a%73%6f%6e\/wp\/v2\/tags?post=21224"}],"curies":[{"name":"wp","href":"https:\/\/api.w.org\/{rel}","templated":true}]}}