{"id":212228,"date":"2025-02-17T20:46:57","date_gmt":"2025-02-17T23:46:57","guid":{"rendered":"https:\/\/informelitoral.com.ar\/?p=212228"},"modified":"2025-02-17T20:46:57","modified_gmt":"2025-02-17T23:46:57","slug":"agmer-rechazo-la-oferta-salarial-del-gobierno-y-pide-nueva-propuesta-para-esta-semana","status":"publish","type":"post","link":"https:\/\/informelitoral.com.ar\/agmer-rechazo-la-oferta-salarial-del-gobierno-y-pide-nueva-propuesta-para-esta-semana\/","title":{"rendered":"Agmer rechaz\u00f3 la oferta salarial del gobierno y pide nueva propuesta para esta semana"},"content":{"rendered":"<div class=\"noticia-copete text-noticia-index-copete font-noticia-index-copete text-lg md:text-lg pb-2\">La Asociaci\u00f3n Gremial del Magisterio de Entre R\u00edos (Agmer) resolvi\u00f3 en el Congreso que se realiz\u00f3 este lunes 17 en San Salvador, \u201crechazar la propuesta salarial presentada el 13\/02 declar\u00e1ndola insuficiente\u201d. Asimismo, resolvi\u00f3 \u201cinsistir en el marco de la audiencia paritaria prevista para este mi\u00e9rcoles 19 de febrero que la propuesta salarial debe contener: Incrementos salariales que nos permitan estar por encima de la inflaci\u00f3n; Actualizaci\u00f3n de la base de c\u00e1lculo; Mecanismos que recuperen las p\u00e9rdidas salariales del a\u00f1o 2023; y Correcciones en el Nomenclador que permitan resolver las distorsiones que se dan en los salarios de los trabajadores de la educaci\u00f3n\u201d.<\/div>\n<div class=\"noticia-contenido contenido text-lg md:text-lg text-noticia-index-contenido font-noticia-index-contenido text-base \">\n<div class=\"adserver-zonas-noticias bannerLoaded\" data-index=\"0\"><\/div>\n<h2><strong>Esfuerzo<\/strong><\/h2>\n<p>Desde el mayor sindicato docente de la provincia se indic\u00f3 a APFDigital que aquellos puntos \u201cson las expectativas, entendemos que el gobierno debe hacer un esfuerzo para proponer una pauta salarial que responda a las demandas y exigencia de nuestra organizaci\u00f3n\u201d.<\/p>\n<p>Desde Agmer se se\u00f1al\u00f3 que el mi\u00e9rcoles esperan \u201ctener una nueva propuesta salarial que contemplen las demandas de Agmer, que son las del Congreso. Esperamos tener esa oferta para ser analizada por los trabajadores de la Educaci\u00f3n el mi\u00e9rcoles a la noche, el jueves en el turno ma\u00f1ana y tarde, y las resolutivas a la noche en cada una de las 17 seccionales de nuestro sindicato, y el viernes resolver colectivamente como hacemos siempre, en un congreso que va a sesionar en Paran\u00e1\u201d<\/p>\n<p>Tambi\u00e9n se a\u00f1adi\u00f3 que \u201cesta tarde noche vamos a comunicar por escrito, junto con AMET, \u00a0la resoluci\u00f3n de nuestras organizaciones, es decir rechazar la oferta e insistir en la demanda porque esperamos, insisto porque es muy importante, tener en el \u00e1mbito de la paritaria\u00a0 respuesta mediante una nueva oferta que responda a los puntos que estamos planteando, una respuesta que responda a esta demanda que venimos planteando para poder tomar una decisi\u00f3n, porque en Agmer las decisiones se toman colectivamente.<\/p>\n<p>Adem\u00e1s, el Congreso de Agmer resolvi\u00f3, a nivel nacional, \u201cexigir convocatoria a la paritaria nacional y restituci\u00f3n del FONID y Conectividad con montos debidamente actualizados\u201d.<\/p>\n<\/div>\n<h6><em><strong>Del archivo de Informe Litoral:\u00a0<a href=\"https:\/\/informelitoral.com.ar\/paritaria-el-gobierno-provincial-presento-una-oferta-salarial-anual-para-los-docentes\/\" target=\"_blank\" rel=\"noopener\">Paritarias: el gobierno provincial present\u00f3 una oferta salarial anual para los docentes<\/a><\/strong><\/em><\/h6>\n<h6><em><strong><a href=\"https:\/\/informelitoral.com.ar\/docentes-la-compensacion-de-gastos-por-traslado-no-tendra-tope-de-kilometros-recorridos\/\" target=\"_blank\" rel=\"noopener\">Docentes: la compensaci\u00f3n de gastos por traslado no tendr\u00e1 tope de kil\u00f3metros recorridos<\/a><\/strong><\/em><\/h6>\n","protected":false},"excerpt":{"rendered":"<p>Desde el mayor sindicato docente de la provincia se resalt\u00f3 que en el encuentro del mi\u00e9rcoles 19 esperan recibir una oferta superadora y que contemple importantes puntos demandados por el sindicato. El sindicato tendr\u00e1 una posici\u00f3n final en el Congreso que se har\u00e1 el viernes en Paran\u00e1.<\/p>\n","protected":false},"author":2,"featured_media":74130,"comment_status":"open","ping_status":"open","sticky":false,"template":"","format":"standard","meta":{"fifu_image_url":"","fifu_image_alt":"","footnotes":""},"categories":[6],"tags":[64,2329,49,81,1199,48],"class_list":{"0":"post-212228","1":"post","2":"type-post","3":"status-publish","4":"format-standard","5":"has-post-thumbnail","7":"category-entre-rios","8":"tag-agmer","9":"tag-ciclo-lectivo","10":"tag-docentes","11":"tag-entre-rios","12":"tag-gremios-docentes","13":"tag-salarios"},"yoast_head":"<title>Agmer rechaz\u00f3 la oferta salarial del gobierno y pide nueva propuesta para esta semana - Informe Litoral<\/title>\n<meta name=\"robots\" content=\"index, follow, max-snippet:-1, max-image-preview:large, max-video-preview:-1\" \/>\n<link rel=\"canonical\" href=\"https:\/\/informelitoral.com.ar\/agmer-rechazo-la-oferta-salarial-del-gobierno-y-pide-nueva-propuesta-para-esta-semana\/\" \/>\n<meta property=\"og:locale\" content=\"es_ES\" \/>\n<meta property=\"og:type\" content=\"article\" \/>\n<meta property=\"og:title\" content=\"Agmer rechaz\u00f3 la oferta salarial del gobierno y pide nueva propuesta para esta semana - Informe Litoral\" \/>\n<meta property=\"og:description\" content=\"Desde el mayor sindicato docente de la provincia se resalt\u00f3 que en el encuentro del mi\u00e9rcoles 19 esperan recibir una oferta superadora y que contemple importantes puntos demandados por el sindicato. El sindicato tendr\u00e1 una posici\u00f3n final en el Congreso que se har\u00e1 el viernes en Paran\u00e1.\" \/>\n<meta property=\"og:url\" content=\"https:\/\/informelitoral.com.ar\/agmer-rechazo-la-oferta-salarial-del-gobierno-y-pide-nueva-propuesta-para-esta-semana\/\" \/>\n<meta property=\"og:site_name\" content=\"Informe Litoral\" \/>\n<meta property=\"article:publisher\" content=\"https:\/\/www.facebook.com\/informelitoral\/\" \/>\n<meta property=\"article:published_time\" content=\"2025-02-17T23:46:57+00:00\" \/>\n<meta property=\"og:image\" content=\"https:\/\/informelitoral.com.ar\/%77%70%2d%63%6f%6e%74%65%6e%74\/uploads\/2022\/03\/agmer-banderitas.jpg\" \/>\n\t<meta property=\"og:image:width\" content=\"616\" \/>\n\t<meta property=\"og:image:height\" content=\"463\" \/>\n\t<meta property=\"og:image:type\" content=\"image\/jpeg\" \/>\n<meta name=\"author\" content=\"Gonzalo Schmidt\" \/>\n<meta name=\"twitter:card\" content=\"summary_large_image\" \/>\n<meta name=\"twitter:creator\" content=\"@InformeLitoral\" \/>\n<meta name=\"twitter:site\" content=\"@InformeLitoral\" \/>\n<meta name=\"twitter:label1\" content=\"Escrito por\" \/>\n\t<meta name=\"twitter:data1\" content=\"Gonzalo Schmidt\" \/>\n\t<meta name=\"twitter:label2\" content=\"Tiempo de lectura\" \/>\n\t<meta name=\"twitter:data2\" content=\"2 minutos\" \/>\n<script type=\"application\/ld+json\" class=\"yoast-schema-graph\">{\"@context\":\"https:\\\/\\\/schema.org\",\"@graph\":[{\"@type\":\"Article\",\"@id\":\"https:\\\/\\\/informelitoral.com.ar\\\/agmer-rechazo-la-oferta-salarial-del-gobierno-y-pide-nueva-propuesta-para-esta-semana\\\/#article\",\"isPartOf\":{\"@id\":\"https:\\\/\\\/informelitoral.com.ar\\\/agmer-rechazo-la-oferta-salarial-del-gobierno-y-pide-nueva-propuesta-para-esta-semana\\\/\"},\"author\":{\"name\":\"Gonzalo Schmidt\",\"@id\":\"https:\\\/\\\/informelitoral.com.ar\\\/#\\\/schema\\\/person\\\/b9d00407c836482871ef1d57bf8e3180\"},\"headline\":\"Agmer rechaz\u00f3 la oferta salarial del gobierno y pide nueva propuesta para esta semana\",\"datePublished\":\"2025-02-17T23:46:57+00:00\",\"mainEntityOfPage\":{\"@id\":\"https:\\\/\\\/informelitoral.com.ar\\\/agmer-rechazo-la-oferta-salarial-del-gobierno-y-pide-nueva-propuesta-para-esta-semana\\\/\"},\"wordCount\":395,\"commentCount\":0,\"publisher\":{\"@id\":\"https:\\\/\\\/informelitoral.com.ar\\\/#organization\"},\"image\":{\"@id\":\"https:\\\/\\\/informelitoral.com.ar\\\/agmer-rechazo-la-oferta-salarial-del-gobierno-y-pide-nueva-propuesta-para-esta-semana\\\/#primaryimage\"},\"thumbnailUrl\":\"https:\\\/\\\/informelitoral.com.ar\\\/%77%70%2d%63%6f%6e%74%65%6e%74\\\/uploads\\\/2022\\\/03\\\/agmer-banderitas.jpg\",\"keywords\":[\"Agmer\",\"Ciclo lectivo\",\"Docentes\",\"Entre R\u00edos\",\"Gremios docentes\",\"Salarios\"],\"articleSection\":[\"Entre R\u00edos\"],\"inLanguage\":\"es\",\"potentialAction\":[{\"@type\":\"CommentAction\",\"name\":\"Comment\",\"target\":[\"https:\\\/\\\/informelitoral.com.ar\\\/agmer-rechazo-la-oferta-salarial-del-gobierno-y-pide-nueva-propuesta-para-esta-semana\\\/#respond\"]}]},{\"@type\":\"WebPage\",\"@id\":\"https:\\\/\\\/informelitoral.com.ar\\\/agmer-rechazo-la-oferta-salarial-del-gobierno-y-pide-nueva-propuesta-para-esta-semana\\\/\",\"url\":\"https:\\\/\\\/informelitoral.com.ar\\\/agmer-rechazo-la-oferta-salarial-del-gobierno-y-pide-nueva-propuesta-para-esta-semana\\\/\",\"name\":\"Agmer rechaz\u00f3 la oferta salarial del gobierno y pide nueva propuesta para esta semana - Informe Litoral\",\"isPartOf\":{\"@id\":\"https:\\\/\\\/informelitoral.com.ar\\\/#website\"},\"primaryImageOfPage\":{\"@id\":\"https:\\\/\\\/informelitoral.com.ar\\\/agmer-rechazo-la-oferta-salarial-del-gobierno-y-pide-nueva-propuesta-para-esta-semana\\\/#primaryimage\"},\"image\":{\"@id\":\"https:\\\/\\\/informelitoral.com.ar\\\/agmer-rechazo-la-oferta-salarial-del-gobierno-y-pide-nueva-propuesta-para-esta-semana\\\/#primaryimage\"},\"thumbnailUrl\":\"https:\\\/\\\/informelitoral.com.ar\\\/%77%70%2d%63%6f%6e%74%65%6e%74\\\/uploads\\\/2022\\\/03\\\/agmer-banderitas.jpg\",\"datePublished\":\"2025-02-17T23:46:57+00:00\",\"breadcrumb\":{\"@id\":\"https:\\\/\\\/informelitoral.com.ar\\\/agmer-rechazo-la-oferta-salarial-del-gobierno-y-pide-nueva-propuesta-para-esta-semana\\\/#breadcrumb\"},\"inLanguage\":\"es\",\"potentialAction\":[{\"@type\":\"ReadAction\",\"target\":[\"https:\\\/\\\/informelitoral.com.ar\\\/agmer-rechazo-la-oferta-salarial-del-gobierno-y-pide-nueva-propuesta-para-esta-semana\\\/\"]}]},{\"@type\":\"ImageObject\",\"inLanguage\":\"es\",\"@id\":\"https:\\\/\\\/informelitoral.com.ar\\\/agmer-rechazo-la-oferta-salarial-del-gobierno-y-pide-nueva-propuesta-para-esta-semana\\\/#primaryimage\",\"url\":\"https:\\\/\\\/informelitoral.com.ar\\\/%77%70%2d%63%6f%6e%74%65%6e%74\\\/uploads\\\/2022\\\/03\\\/agmer-banderitas.jpg\",\"contentUrl\":\"https:\\\/\\\/informelitoral.com.ar\\\/%77%70%2d%63%6f%6e%74%65%6e%74\\\/uploads\\\/2022\\\/03\\\/agmer-banderitas.jpg\",\"width\":616,\"height\":463},{\"@type\":\"BreadcrumbList\",\"@id\":\"https:\\\/\\\/informelitoral.com.ar\\\/agmer-rechazo-la-oferta-salarial-del-gobierno-y-pide-nueva-propuesta-para-esta-semana\\\/#breadcrumb\",\"itemListElement\":[{\"@type\":\"ListItem\",\"position\":1,\"name\":\"Portada\",\"item\":\"https:\\\/\\\/informelitoral.com.ar\\\/\"},{\"@type\":\"ListItem\",\"position\":2,\"name\":\"Agmer rechaz\u00f3 la oferta salarial del gobierno y pide nueva propuesta para esta semana\"}]},{\"@type\":\"WebSite\",\"@id\":\"https:\\\/\\\/informelitoral.com.ar\\\/#website\",\"url\":\"https:\\\/\\\/informelitoral.com.ar\\\/\",\"name\":\"Informe Litoral\",\"description\":\"&quot;Nos informamos&quot; \",\"publisher\":{\"@id\":\"https:\\\/\\\/informelitoral.com.ar\\\/#organization\"},\"potentialAction\":[{\"@type\":\"SearchAction\",\"target\":{\"@type\":\"EntryPoint\",\"urlTemplate\":\"https:\\\/\\\/informelitoral.com.ar\\\/?s={search_term_string}\"},\"query-input\":{\"@type\":\"PropertyValueSpecification\",\"valueRequired\":true,\"valueName\":\"search_term_string\"}}],\"inLanguage\":\"es\"},{\"@type\":\"Organization\",\"@id\":\"https:\\\/\\\/informelitoral.com.ar\\\/#organization\",\"name\":\"Informe Litoral\",\"url\":\"https:\\\/\\\/informelitoral.com.ar\\\/\",\"logo\":{\"@type\":\"ImageObject\",\"inLanguage\":\"es\",\"@id\":\"https:\\\/\\\/informelitoral.com.ar\\\/#\\\/schema\\\/logo\\\/image\\\/\",\"url\":\"https:\\\/\\\/informelitoral.com.ar\\\/%77%70%2d%63%6f%6e%74%65%6e%74\\\/uploads\\\/2021\\\/01\\\/circulo.png\",\"contentUrl\":\"https:\\\/\\\/informelitoral.com.ar\\\/%77%70%2d%63%6f%6e%74%65%6e%74\\\/uploads\\\/2021\\\/01\\\/circulo.png\",\"width\":723,\"height\":731,\"caption\":\"Informe Litoral\"},\"image\":{\"@id\":\"https:\\\/\\\/informelitoral.com.ar\\\/#\\\/schema\\\/logo\\\/image\\\/\"},\"sameAs\":[\"https:\\\/\\\/www.facebook.com\\\/informelitoral\\\/\",\"https:\\\/\\\/x.com\\\/InformeLitoral\",\"https:\\\/\\\/www.instagram.com\\\/informelitoral\\\/\",\"https:\\\/\\\/www.youtube.com\\\/channel\\\/UCua4Qvz8Icb6MYqhoq9xLXw\"]},{\"@type\":\"Person\",\"@id\":\"https:\\\/\\\/informelitoral.com.ar\\\/#\\\/schema\\\/person\\\/b9d00407c836482871ef1d57bf8e3180\",\"name\":\"Gonzalo Schmidt\",\"image\":{\"@type\":\"ImageObject\",\"inLanguage\":\"es\",\"@id\":\"https:\\\/\\\/secure.gravatar.com\\\/avatar\\\/31a1a7b66ff2de83bd0e9fd79d026630d2d99e55e8bfe501287647b4fd9743de?s=96&d=mm&r=g\",\"url\":\"https:\\\/\\\/secure.gravatar.com\\\/avatar\\\/31a1a7b66ff2de83bd0e9fd79d026630d2d99e55e8bfe501287647b4fd9743de?s=96&d=mm&r=g\",\"contentUrl\":\"https:\\\/\\\/secure.gravatar.com\\\/avatar\\\/31a1a7b66ff2de83bd0e9fd79d026630d2d99e55e8bfe501287647b4fd9743de?s=96&d=mm&r=g\",\"caption\":\"Gonzalo Schmidt\"},\"description\":\"Sitio web de noticias de la provincia de Entre R\u00edos, Argentina. Informaci\u00f3n y entretenimiento. Informe Litoral, nos informamos.\",\"sameAs\":[\"http:\\\/\\\/www.isletasnoticias.com.ar\"],\"url\":\"https:\\\/\\\/informelitoral.com.ar\\\/author\\\/gonzalo\\\/\"}]}<\/script>","yoast_head_json":{"title":"Agmer rechaz\u00f3 la oferta salarial del gobierno y pide nueva propuesta para esta semana - Informe Litoral","robots":{"index":"index","follow":"follow","max-snippet":"max-snippet:-1","max-image-preview":"max-image-preview:large","max-video-preview":"max-video-preview:-1"},"canonical":"https:\/\/informelitoral.com.ar\/agmer-rechazo-la-oferta-salarial-del-gobierno-y-pide-nueva-propuesta-para-esta-semana\/","og_locale":"es_ES","og_type":"article","og_title":"Agmer rechaz\u00f3 la oferta salarial del gobierno y pide nueva propuesta para esta semana - Informe Litoral","og_description":"Desde el mayor sindicato docente de la provincia se resalt\u00f3 que en el encuentro del mi\u00e9rcoles 19 esperan recibir una oferta superadora y que contemple importantes puntos demandados por el sindicato. El sindicato tendr\u00e1 una posici\u00f3n final en el Congreso que se har\u00e1 el viernes en Paran\u00e1.","og_url":"https:\/\/informelitoral.com.ar\/agmer-rechazo-la-oferta-salarial-del-gobierno-y-pide-nueva-propuesta-para-esta-semana\/","og_site_name":"Informe Litoral","article_publisher":"https:\/\/www.facebook.com\/informelitoral\/","article_published_time":"2025-02-17T23:46:57+00:00","og_image":[{"width":616,"height":463,"url":"https:\/\/informelitoral.com.ar\/%77%70%2d%63%6f%6e%74%65%6e%74\/uploads\/2022\/03\/agmer-banderitas.jpg","type":"image\/jpeg"}],"author":"Gonzalo Schmidt","twitter_card":"summary_large_image","twitter_creator":"@InformeLitoral","twitter_site":"@InformeLitoral","twitter_misc":{"Escrito por":"Gonzalo Schmidt","Tiempo de lectura":"2 minutos"},"schema":{"@context":"https:\/\/schema.org","@graph":[{"@type":"Article","@id":"https:\/\/informelitoral.com.ar\/agmer-rechazo-la-oferta-salarial-del-gobierno-y-pide-nueva-propuesta-para-esta-semana\/#article","isPartOf":{"@id":"https:\/\/informelitoral.com.ar\/agmer-rechazo-la-oferta-salarial-del-gobierno-y-pide-nueva-propuesta-para-esta-semana\/"},"author":{"name":"Gonzalo Schmidt","@id":"https:\/\/informelitoral.com.ar\/#\/schema\/person\/b9d00407c836482871ef1d57bf8e3180"},"headline":"Agmer rechaz\u00f3 la oferta salarial del gobierno y pide nueva propuesta para esta semana","datePublished":"2025-02-17T23:46:57+00:00","mainEntityOfPage":{"@id":"https:\/\/informelitoral.com.ar\/agmer-rechazo-la-oferta-salarial-del-gobierno-y-pide-nueva-propuesta-para-esta-semana\/"},"wordCount":395,"commentCount":0,"publisher":{"@id":"https:\/\/informelitoral.com.ar\/#organization"},"image":{"@id":"https:\/\/informelitoral.com.ar\/agmer-rechazo-la-oferta-salarial-del-gobierno-y-pide-nueva-propuesta-para-esta-semana\/#primaryimage"},"thumbnailUrl":"https:\/\/informelitoral.com.ar\/%77%70%2d%63%6f%6e%74%65%6e%74\/uploads\/2022\/03\/agmer-banderitas.jpg","keywords":["Agmer","Ciclo lectivo","Docentes","Entre R\u00edos","Gremios docentes","Salarios"],"articleSection":["Entre R\u00edos"],"inLanguage":"es","potentialAction":[{"@type":"CommentAction","name":"Comment","target":["https:\/\/informelitoral.com.ar\/agmer-rechazo-la-oferta-salarial-del-gobierno-y-pide-nueva-propuesta-para-esta-semana\/#respond"]}]},{"@type":"WebPage","@id":"https:\/\/informelitoral.com.ar\/agmer-rechazo-la-oferta-salarial-del-gobierno-y-pide-nueva-propuesta-para-esta-semana\/","url":"https:\/\/informelitoral.com.ar\/agmer-rechazo-la-oferta-salarial-del-gobierno-y-pide-nueva-propuesta-para-esta-semana\/","name":"Agmer rechaz\u00f3 la oferta salarial del gobierno y pide nueva propuesta para esta semana - Informe Litoral","isPartOf":{"@id":"https:\/\/informelitoral.com.ar\/#website"},"primaryImageOfPage":{"@id":"https:\/\/informelitoral.com.ar\/agmer-rechazo-la-oferta-salarial-del-gobierno-y-pide-nueva-propuesta-para-esta-semana\/#primaryimage"},"image":{"@id":"https:\/\/informelitoral.com.ar\/agmer-rechazo-la-oferta-salarial-del-gobierno-y-pide-nueva-propuesta-para-esta-semana\/#primaryimage"},"thumbnailUrl":"https:\/\/informelitoral.com.ar\/%77%70%2d%63%6f%6e%74%65%6e%74\/uploads\/2022\/03\/agmer-banderitas.jpg","datePublished":"2025-02-17T23:46:57+00:00","breadcrumb":{"@id":"https:\/\/informelitoral.com.ar\/agmer-rechazo-la-oferta-salarial-del-gobierno-y-pide-nueva-propuesta-para-esta-semana\/#breadcrumb"},"inLanguage":"es","potentialAction":[{"@type":"ReadAction","target":["https:\/\/informelitoral.com.ar\/agmer-rechazo-la-oferta-salarial-del-gobierno-y-pide-nueva-propuesta-para-esta-semana\/"]}]},{"@type":"ImageObject","inLanguage":"es","@id":"https:\/\/informelitoral.com.ar\/agmer-rechazo-la-oferta-salarial-del-gobierno-y-pide-nueva-propuesta-para-esta-semana\/#primaryimage","url":"https:\/\/informelitoral.com.ar\/%77%70%2d%63%6f%6e%74%65%6e%74\/uploads\/2022\/03\/agmer-banderitas.jpg","contentUrl":"https:\/\/informelitoral.com.ar\/%77%70%2d%63%6f%6e%74%65%6e%74\/uploads\/2022\/03\/agmer-banderitas.jpg","width":616,"height":463},{"@type":"BreadcrumbList","@id":"https:\/\/informelitoral.com.ar\/agmer-rechazo-la-oferta-salarial-del-gobierno-y-pide-nueva-propuesta-para-esta-semana\/#breadcrumb","itemListElement":[{"@type":"ListItem","position":1,"name":"Portada","item":"https:\/\/informelitoral.com.ar\/"},{"@type":"ListItem","position":2,"name":"Agmer rechaz\u00f3 la oferta salarial del gobierno y pide nueva propuesta para esta semana"}]},{"@type":"WebSite","@id":"https:\/\/informelitoral.com.ar\/#website","url":"https:\/\/informelitoral.com.ar\/","name":"Informe Litoral","description":"&quot;Nos informamos&quot; ","publisher":{"@id":"https:\/\/informelitoral.com.ar\/#organization"},"potentialAction":[{"@type":"SearchAction","target":{"@type":"EntryPoint","urlTemplate":"https:\/\/informelitoral.com.ar\/?s={search_term_string}"},"query-input":{"@type":"PropertyValueSpecification","valueRequired":true,"valueName":"search_term_string"}}],"inLanguage":"es"},{"@type":"Organization","@id":"https:\/\/informelitoral.com.ar\/#organization","name":"Informe Litoral","url":"https:\/\/informelitoral.com.ar\/","logo":{"@type":"ImageObject","inLanguage":"es","@id":"https:\/\/informelitoral.com.ar\/#\/schema\/logo\/image\/","url":"https:\/\/informelitoral.com.ar\/%77%70%2d%63%6f%6e%74%65%6e%74\/uploads\/2021\/01\/circulo.png","contentUrl":"https:\/\/informelitoral.com.ar\/%77%70%2d%63%6f%6e%74%65%6e%74\/uploads\/2021\/01\/circulo.png","width":723,"height":731,"caption":"Informe Litoral"},"image":{"@id":"https:\/\/informelitoral.com.ar\/#\/schema\/logo\/image\/"},"sameAs":["https:\/\/www.facebook.com\/informelitoral\/","https:\/\/x.com\/InformeLitoral","https:\/\/www.instagram.com\/informelitoral\/","https:\/\/www.youtube.com\/channel\/UCua4Qvz8Icb6MYqhoq9xLXw"]},{"@type":"Person","@id":"https:\/\/informelitoral.com.ar\/#\/schema\/person\/b9d00407c836482871ef1d57bf8e3180","name":"Gonzalo Schmidt","image":{"@type":"ImageObject","inLanguage":"es","@id":"https:\/\/secure.gravatar.com\/avatar\/31a1a7b66ff2de83bd0e9fd79d026630d2d99e55e8bfe501287647b4fd9743de?s=96&d=mm&r=g","url":"https:\/\/secure.gravatar.com\/avatar\/31a1a7b66ff2de83bd0e9fd79d026630d2d99e55e8bfe501287647b4fd9743de?s=96&d=mm&r=g","contentUrl":"https:\/\/secure.gravatar.com\/avatar\/31a1a7b66ff2de83bd0e9fd79d026630d2d99e55e8bfe501287647b4fd9743de?s=96&d=mm&r=g","caption":"Gonzalo Schmidt"},"description":"Sitio web de noticias de la provincia de Entre R\u00edos, Argentina. Informaci\u00f3n y entretenimiento. Informe Litoral, nos informamos.","sameAs":["http:\/\/www.isletasnoticias.com.ar"],"url":"https:\/\/informelitoral.com.ar\/author\/gonzalo\/"}]}},"_links":{"self":[{"href":"https:\/\/informelitoral.com.ar\/%77%70%2d%6a%73%6f%6e\/wp\/v2\/posts\/212228","targetHints":{"allow":["GET"]}}],"collection":[{"href":"https:\/\/informelitoral.com.ar\/%77%70%2d%6a%73%6f%6e\/wp\/v2\/posts"}],"about":[{"href":"https:\/\/informelitoral.com.ar\/%77%70%2d%6a%73%6f%6e\/wp\/v2\/types\/post"}],"author":[{"embeddable":true,"href":"https:\/\/informelitoral.com.ar\/%77%70%2d%6a%73%6f%6e\/wp\/v2\/users\/2"}],"replies":[{"embeddable":true,"href":"https:\/\/informelitoral.com.ar\/%77%70%2d%6a%73%6f%6e\/wp\/v2\/comments?post=212228"}],"version-history":[{"count":0,"href":"https:\/\/informelitoral.com.ar\/%77%70%2d%6a%73%6f%6e\/wp\/v2\/posts\/212228\/revisions"}],"wp:featuredmedia":[{"embeddable":true,"href":"https:\/\/informelitoral.com.ar\/%77%70%2d%6a%73%6f%6e\/wp\/v2\/media\/74130"}],"wp:attachment":[{"href":"https:\/\/informelitoral.com.ar\/%77%70%2d%6a%73%6f%6e\/wp\/v2\/media?parent=212228"}],"wp:term":[{"taxonomy":"category","embeddable":true,"href":"https:\/\/informelitoral.com.ar\/%77%70%2d%6a%73%6f%6e\/wp\/v2\/categories?post=212228"},{"taxonomy":"post_tag","embeddable":true,"href":"https:\/\/informelitoral.com.ar\/%77%70%2d%6a%73%6f%6e\/wp\/v2\/tags?post=212228"}],"curies":[{"name":"wp","href":"https:\/\/api.w.org\/{rel}","templated":true}]}}