{"id":21218,"date":"2017-04-21T07:35:59","date_gmt":"2017-04-21T10:35:59","guid":{"rendered":"http:\/\/www.isletasnoticias.com.ar\/?p=21218"},"modified":"2017-04-21T07:35:59","modified_gmt":"2017-04-21T10:35:59","slug":"en-entre-rios-se-sembro-11-por-ciento-menos-de-soja","status":"publish","type":"post","link":"https:\/\/informelitoral.com.ar\/en-entre-rios-se-sembro-11-por-ciento-menos-de-soja\/","title":{"rendered":"En Entre R\u00edos se sembr\u00f3 11 por ciento menos de soja"},"content":{"rendered":"<div class=\"post-right\">\n<p class=\"post-excerpt\"><strong>La oleaginosa fue reemplazada por el ma\u00edz y sorgo. Desde la Bolsa de Cereales destacan que se debe a la quita de retenciones y de esa manera se favorece la rotaci\u00f3n. La cosecha de soja tiene un avance del 25%, seg\u00fan el Sistema de Informaci\u00f3n (Siber) de la entidad entrerriana.<a href=\"http:\/\/www.isletasnoticias.com.ar\/%77%70%2d%63%6f%6e%74%65%6e%74\/uploads\/2017\/04\/Soja-siembra-entre-r\u00edos.jpg\"><img loading=\"lazy\" decoding=\"async\" class=\"aligncenter wp-image-21219 size-full\" src=\"http:\/\/www.isletasnoticias.com.ar\/%77%70%2d%63%6f%6e%74%65%6e%74\/uploads\/2017\/04\/Soja-siembra-entre-r\u00edos.jpg\" alt=\"\" width=\"620\" height=\"340\" srcset=\"https:\/\/informelitoral.com.ar\/%77%70%2d%63%6f%6e%74%65%6e%74\/uploads\/2017\/04\/Soja-siembra-entre-r\u00edos.jpg 620w, https:\/\/informelitoral.com.ar\/%77%70%2d%63%6f%6e%74%65%6e%74\/uploads\/2017\/04\/Soja-siembra-entre-r\u00edos-300x165.jpg 300w\" sizes=\"auto, (max-width: 620px) 100vw, 620px\" \/><\/a><\/strong><\/p>\n<\/div>\n<div class=\"post-body-inner\">\n<p>En Entre R\u00edos, l<strong>a superficie sembrada con soja en la campa\u00f1a 2016\/17 es de 1.198.400 hect\u00e1reas (ha)<\/strong>, un 11 por ciento menos (147.000 ha) en relaci\u00f3n al ciclo precedente, as\u00ed dio a conocer el Sistema de Informaci\u00f3n de Bolsa de Cereales de Entre R\u00edos (Siber).<\/p>\n<p><strong>La soja reporta un descenso de 147.000 ha, las cuales fueron reemplazadas por la producci\u00f3n de ma\u00edz y sorgo.<\/strong> Actualmente ambos cereales totalizan 423.000 ha versus 281.700 ha que abarcaban en el ciclo 2015\/16 (una expansi\u00f3n de 141.300 ha). \u201cEs importante destacar la relaci\u00f3n que existe entre el \u00e1rea dedicada a la oleaginosa versus ma\u00edz y sorgo, ya que reflejan el grado de rotaci\u00f3n de los cultivos y, en este caso en particular, el aporte de materia org\u00e1nica al recurso suelo\u201d indica el reporte.<\/p>\n<p>En este sentido, el Siber indica que \u201cactualmente esta relaci\u00f3n se ubicada en 2,8 (la segunda m\u00e1s baja en los \u00faltimos 17 a\u00f1os), es decir que por cada hect\u00e1rea sembrada con ma\u00edz o sorgo existen 2,8 hect\u00e1reas de soja. De mantenerse este cociente indicar\u00eda que cada tres a\u00f1os como m\u00e1ximo se producir\u00eda el cambio de soja por ma\u00edz o sorgo.<\/p>\n<p>Este hecho es muy positivo para el sector agr\u00edcola, generado por la quita de las retenciones, lo cual le devolvi\u00f3 competitividad a los cereales estivales\u201d, sostienen desde la Bolsa de Cereales.<\/p>\n<p>La superficie con <strong>soja de primera abarca 966.000 ha<\/strong> lo cual equivale al 81 por ciento, mientras que el 19 por ciento restante pertenece a soja de segunda con un \u00e1rea de 232.400 ha. Gualeguaych\u00fa es el departamento con mayor \u00e1rea dedicada a la oleaginosa con 158.300 ha, seguido por Paran\u00e1 con 145.800 ha y Uruguay con 136.400 ha.<\/p>\n<p>\u201cA nivel provincial se detect\u00f3 una disminuci\u00f3n del \u00e1rea con soja de primera del 18 por ciento (207.800 ha), mientras que la superficie de soja de segunda se increment\u00f3 el 36 por ciento (61.300 ha). La participaci\u00f3n de la soja de segunda en centro norte del territorio es baja y oscila entre el 7 al 11 por ciento, mientras que en el centro sur dicho valor se posiciona entre el 18 al 29 por ciento\u201d se\u00f1ala el informe.<\/p>\n<p><strong>Para el Siber, la cosecha de soja de primera logr\u00f3 un avance del \u00f3rden del 25 por ciento sobre un total de 966.000 hect\u00e1reas (ha) implantadas en Entre R\u00edos.<\/strong><\/p>\n<p>Si bien, es muy incipiente el avance de las labores para determinar un rendimiento promedio provincial, <strong>a nivel departamental los valores medios obtenidos hasta el momento se ubican dentro del rango de 2.400 a 3.300 kg\/ha.<\/strong><\/p>\n<p>\u201cPrincipalmente por log\u00edstica y en menor parte por el miedo a que las precipitaciones afecten al cultivo (como sucedi\u00f3 en el ciclo 2015\/16), en algunos lotes las labores se iniciaron con un porcentaje de humedad del grano por encima del umbral de recibo en acopio (13,5 por ciento), obligando al secado de la semilla. En la generalidad de los lotes, donde la humedad de trilla es la adecuada, se avanza r\u00e1pidamente y se detectan sitios puntuales donde se ha comenzado con la trilla de la soja de segunda\u201d sostiene el reporte.<\/p>\n<p><strong>La zona que presenta un mayor retraso en la cosecha es el este (16 por ciento)<\/strong>, debido a las lluvias complicaron y\/o frenaron el ingreso a los lotes.<\/p>\n<\/div>\n","protected":false},"excerpt":{"rendered":"<p>La oleaginosa fue reemplazada por el ma&iacute;z y sorgo. Desde la Bolsa de Cereales destacan que se debe a la quita de retenciones y de esa manera se favorece la rotaci&oacute;n. La cosecha de soja tiene un avance del 25%, seg&uacute;n el Sistema de Informaci&oacute;n (Siber) de la entidad entrerriana. En Entre R&iacute;os, la superficie [&hellip;]<\/p>\n","protected":false},"author":2,"featured_media":0,"comment_status":"open","ping_status":"open","sticky":false,"template":"","format":"standard","meta":{"fifu_image_url":"","fifu_image_alt":"","footnotes":""},"categories":[10],"tags":[],"class_list":{"0":"post-21218","1":"post","2":"type-post","3":"status-publish","4":"format-standard","6":"category-campo"},"yoast_head":"<title>En Entre R\u00edos se sembr\u00f3 11 por ciento menos de soja - Informe Litoral<\/title>\n<meta name=\"robots\" content=\"index, follow, max-snippet:-1, max-image-preview:large, max-video-preview:-1\" \/>\n<link rel=\"canonical\" href=\"https:\/\/informelitoral.com.ar\/en-entre-rios-se-sembro-11-por-ciento-menos-de-soja\/\" \/>\n<meta property=\"og:locale\" content=\"es_ES\" \/>\n<meta property=\"og:type\" content=\"article\" \/>\n<meta property=\"og:title\" content=\"En Entre R\u00edos se sembr\u00f3 11 por ciento menos de soja - Informe Litoral\" \/>\n<meta property=\"og:description\" content=\"La oleaginosa fue reemplazada por el ma&iacute;z y sorgo. Desde la Bolsa de Cereales destacan que se debe a la quita de retenciones y de esa manera se favorece la rotaci&oacute;n. La cosecha de soja tiene un avance del 25%, seg&uacute;n el Sistema de Informaci&oacute;n (Siber) de la entidad entrerriana. En Entre R&iacute;os, la superficie [&hellip;]\" \/>\n<meta property=\"og:url\" content=\"https:\/\/informelitoral.com.ar\/en-entre-rios-se-sembro-11-por-ciento-menos-de-soja\/\" \/>\n<meta property=\"og:site_name\" content=\"Informe Litoral\" \/>\n<meta property=\"article:publisher\" content=\"https:\/\/www.facebook.com\/informelitoral\/\" \/>\n<meta property=\"article:published_time\" content=\"2017-04-21T10:35:59+00:00\" \/>\n<meta name=\"author\" content=\"Gonzalo Schmidt\" \/>\n<meta name=\"twitter:card\" content=\"summary_large_image\" \/>\n<meta name=\"twitter:creator\" content=\"@InformeLitoral\" \/>\n<meta name=\"twitter:site\" content=\"@InformeLitoral\" \/>\n<meta name=\"twitter:label1\" content=\"Escrito por\" \/>\n\t<meta name=\"twitter:data1\" content=\"Gonzalo Schmidt\" \/>\n\t<meta name=\"twitter:label2\" content=\"Tiempo de lectura\" \/>\n\t<meta name=\"twitter:data2\" content=\"3 minutos\" \/>\n<script type=\"application\/ld+json\" class=\"yoast-schema-graph\">{\"@context\":\"https:\\\/\\\/schema.org\",\"@graph\":[{\"@type\":\"Article\",\"@id\":\"https:\\\/\\\/informelitoral.com.ar\\\/en-entre-rios-se-sembro-11-por-ciento-menos-de-soja\\\/#article\",\"isPartOf\":{\"@id\":\"https:\\\/\\\/informelitoral.com.ar\\\/en-entre-rios-se-sembro-11-por-ciento-menos-de-soja\\\/\"},\"author\":{\"name\":\"Gonzalo Schmidt\",\"@id\":\"https:\\\/\\\/informelitoral.com.ar\\\/#\\\/schema\\\/person\\\/b9d00407c836482871ef1d57bf8e3180\"},\"headline\":\"En Entre R\u00edos se sembr\u00f3 11 por ciento menos de soja\",\"datePublished\":\"2017-04-21T10:35:59+00:00\",\"mainEntityOfPage\":{\"@id\":\"https:\\\/\\\/informelitoral.com.ar\\\/en-entre-rios-se-sembro-11-por-ciento-menos-de-soja\\\/\"},\"wordCount\":605,\"commentCount\":0,\"publisher\":{\"@id\":\"https:\\\/\\\/informelitoral.com.ar\\\/#organization\"},\"articleSection\":[\"Campo\"],\"inLanguage\":\"es\",\"potentialAction\":[{\"@type\":\"CommentAction\",\"name\":\"Comment\",\"target\":[\"https:\\\/\\\/informelitoral.com.ar\\\/en-entre-rios-se-sembro-11-por-ciento-menos-de-soja\\\/#respond\"]}]},{\"@type\":\"WebPage\",\"@id\":\"https:\\\/\\\/informelitoral.com.ar\\\/en-entre-rios-se-sembro-11-por-ciento-menos-de-soja\\\/\",\"url\":\"https:\\\/\\\/informelitoral.com.ar\\\/en-entre-rios-se-sembro-11-por-ciento-menos-de-soja\\\/\",\"name\":\"En Entre R\u00edos se sembr\u00f3 11 por ciento menos de soja - Informe Litoral\",\"isPartOf\":{\"@id\":\"https:\\\/\\\/informelitoral.com.ar\\\/#website\"},\"datePublished\":\"2017-04-21T10:35:59+00:00\",\"breadcrumb\":{\"@id\":\"https:\\\/\\\/informelitoral.com.ar\\\/en-entre-rios-se-sembro-11-por-ciento-menos-de-soja\\\/#breadcrumb\"},\"inLanguage\":\"es\",\"potentialAction\":[{\"@type\":\"ReadAction\",\"target\":[\"https:\\\/\\\/informelitoral.com.ar\\\/en-entre-rios-se-sembro-11-por-ciento-menos-de-soja\\\/\"]}]},{\"@type\":\"BreadcrumbList\",\"@id\":\"https:\\\/\\\/informelitoral.com.ar\\\/en-entre-rios-se-sembro-11-por-ciento-menos-de-soja\\\/#breadcrumb\",\"itemListElement\":[{\"@type\":\"ListItem\",\"position\":1,\"name\":\"Portada\",\"item\":\"https:\\\/\\\/informelitoral.com.ar\\\/\"},{\"@type\":\"ListItem\",\"position\":2,\"name\":\"En Entre R\u00edos se sembr\u00f3 11 por ciento menos de soja\"}]},{\"@type\":\"WebSite\",\"@id\":\"https:\\\/\\\/informelitoral.com.ar\\\/#website\",\"url\":\"https:\\\/\\\/informelitoral.com.ar\\\/\",\"name\":\"Informe Litoral\",\"description\":\"&quot;Nos informamos&quot; \",\"publisher\":{\"@id\":\"https:\\\/\\\/informelitoral.com.ar\\\/#organization\"},\"potentialAction\":[{\"@type\":\"SearchAction\",\"target\":{\"@type\":\"EntryPoint\",\"urlTemplate\":\"https:\\\/\\\/informelitoral.com.ar\\\/?s={search_term_string}\"},\"query-input\":{\"@type\":\"PropertyValueSpecification\",\"valueRequired\":true,\"valueName\":\"search_term_string\"}}],\"inLanguage\":\"es\"},{\"@type\":\"Organization\",\"@id\":\"https:\\\/\\\/informelitoral.com.ar\\\/#organization\",\"name\":\"Informe Litoral\",\"url\":\"https:\\\/\\\/informelitoral.com.ar\\\/\",\"logo\":{\"@type\":\"ImageObject\",\"inLanguage\":\"es\",\"@id\":\"https:\\\/\\\/informelitoral.com.ar\\\/#\\\/schema\\\/logo\\\/image\\\/\",\"url\":\"https:\\\/\\\/informelitoral.com.ar\\\/%77%70%2d%63%6f%6e%74%65%6e%74\\\/uploads\\\/2021\\\/01\\\/circulo.png\",\"contentUrl\":\"https:\\\/\\\/informelitoral.com.ar\\\/%77%70%2d%63%6f%6e%74%65%6e%74\\\/uploads\\\/2021\\\/01\\\/circulo.png\",\"width\":723,\"height\":731,\"caption\":\"Informe Litoral\"},\"image\":{\"@id\":\"https:\\\/\\\/informelitoral.com.ar\\\/#\\\/schema\\\/logo\\\/image\\\/\"},\"sameAs\":[\"https:\\\/\\\/www.facebook.com\\\/informelitoral\\\/\",\"https:\\\/\\\/x.com\\\/InformeLitoral\",\"https:\\\/\\\/www.instagram.com\\\/informelitoral\\\/\",\"https:\\\/\\\/www.youtube.com\\\/channel\\\/UCua4Qvz8Icb6MYqhoq9xLXw\"]},{\"@type\":\"Person\",\"@id\":\"https:\\\/\\\/informelitoral.com.ar\\\/#\\\/schema\\\/person\\\/b9d00407c836482871ef1d57bf8e3180\",\"name\":\"Gonzalo Schmidt\",\"image\":{\"@type\":\"ImageObject\",\"inLanguage\":\"es\",\"@id\":\"https:\\\/\\\/secure.gravatar.com\\\/avatar\\\/31a1a7b66ff2de83bd0e9fd79d026630d2d99e55e8bfe501287647b4fd9743de?s=96&d=mm&r=g\",\"url\":\"https:\\\/\\\/secure.gravatar.com\\\/avatar\\\/31a1a7b66ff2de83bd0e9fd79d026630d2d99e55e8bfe501287647b4fd9743de?s=96&d=mm&r=g\",\"contentUrl\":\"https:\\\/\\\/secure.gravatar.com\\\/avatar\\\/31a1a7b66ff2de83bd0e9fd79d026630d2d99e55e8bfe501287647b4fd9743de?s=96&d=mm&r=g\",\"caption\":\"Gonzalo Schmidt\"},\"description\":\"Sitio web de noticias de la provincia de Entre R\u00edos, Argentina. Informaci\u00f3n y entretenimiento. Informe Litoral, nos informamos.\",\"sameAs\":[\"http:\\\/\\\/www.isletasnoticias.com.ar\"],\"url\":\"https:\\\/\\\/informelitoral.com.ar\\\/author\\\/gonzalo\\\/\"}]}<\/script>","yoast_head_json":{"title":"En Entre R\u00edos se sembr\u00f3 11 por ciento menos de soja - Informe Litoral","robots":{"index":"index","follow":"follow","max-snippet":"max-snippet:-1","max-image-preview":"max-image-preview:large","max-video-preview":"max-video-preview:-1"},"canonical":"https:\/\/informelitoral.com.ar\/en-entre-rios-se-sembro-11-por-ciento-menos-de-soja\/","og_locale":"es_ES","og_type":"article","og_title":"En Entre R\u00edos se sembr\u00f3 11 por ciento menos de soja - Informe Litoral","og_description":"La oleaginosa fue reemplazada por el ma&iacute;z y sorgo. Desde la Bolsa de Cereales destacan que se debe a la quita de retenciones y de esa manera se favorece la rotaci&oacute;n. La cosecha de soja tiene un avance del 25%, seg&uacute;n el Sistema de Informaci&oacute;n (Siber) de la entidad entrerriana. En Entre R&iacute;os, la superficie [&hellip;]","og_url":"https:\/\/informelitoral.com.ar\/en-entre-rios-se-sembro-11-por-ciento-menos-de-soja\/","og_site_name":"Informe Litoral","article_publisher":"https:\/\/www.facebook.com\/informelitoral\/","article_published_time":"2017-04-21T10:35:59+00:00","author":"Gonzalo Schmidt","twitter_card":"summary_large_image","twitter_creator":"@InformeLitoral","twitter_site":"@InformeLitoral","twitter_misc":{"Escrito por":"Gonzalo Schmidt","Tiempo de lectura":"3 minutos"},"schema":{"@context":"https:\/\/schema.org","@graph":[{"@type":"Article","@id":"https:\/\/informelitoral.com.ar\/en-entre-rios-se-sembro-11-por-ciento-menos-de-soja\/#article","isPartOf":{"@id":"https:\/\/informelitoral.com.ar\/en-entre-rios-se-sembro-11-por-ciento-menos-de-soja\/"},"author":{"name":"Gonzalo Schmidt","@id":"https:\/\/informelitoral.com.ar\/#\/schema\/person\/b9d00407c836482871ef1d57bf8e3180"},"headline":"En Entre R\u00edos se sembr\u00f3 11 por ciento menos de soja","datePublished":"2017-04-21T10:35:59+00:00","mainEntityOfPage":{"@id":"https:\/\/informelitoral.com.ar\/en-entre-rios-se-sembro-11-por-ciento-menos-de-soja\/"},"wordCount":605,"commentCount":0,"publisher":{"@id":"https:\/\/informelitoral.com.ar\/#organization"},"articleSection":["Campo"],"inLanguage":"es","potentialAction":[{"@type":"CommentAction","name":"Comment","target":["https:\/\/informelitoral.com.ar\/en-entre-rios-se-sembro-11-por-ciento-menos-de-soja\/#respond"]}]},{"@type":"WebPage","@id":"https:\/\/informelitoral.com.ar\/en-entre-rios-se-sembro-11-por-ciento-menos-de-soja\/","url":"https:\/\/informelitoral.com.ar\/en-entre-rios-se-sembro-11-por-ciento-menos-de-soja\/","name":"En Entre R\u00edos se sembr\u00f3 11 por ciento menos de soja - Informe Litoral","isPartOf":{"@id":"https:\/\/informelitoral.com.ar\/#website"},"datePublished":"2017-04-21T10:35:59+00:00","breadcrumb":{"@id":"https:\/\/informelitoral.com.ar\/en-entre-rios-se-sembro-11-por-ciento-menos-de-soja\/#breadcrumb"},"inLanguage":"es","potentialAction":[{"@type":"ReadAction","target":["https:\/\/informelitoral.com.ar\/en-entre-rios-se-sembro-11-por-ciento-menos-de-soja\/"]}]},{"@type":"BreadcrumbList","@id":"https:\/\/informelitoral.com.ar\/en-entre-rios-se-sembro-11-por-ciento-menos-de-soja\/#breadcrumb","itemListElement":[{"@type":"ListItem","position":1,"name":"Portada","item":"https:\/\/informelitoral.com.ar\/"},{"@type":"ListItem","position":2,"name":"En Entre R\u00edos se sembr\u00f3 11 por ciento menos de soja"}]},{"@type":"WebSite","@id":"https:\/\/informelitoral.com.ar\/#website","url":"https:\/\/informelitoral.com.ar\/","name":"Informe Litoral","description":"&quot;Nos informamos&quot; ","publisher":{"@id":"https:\/\/informelitoral.com.ar\/#organization"},"potentialAction":[{"@type":"SearchAction","target":{"@type":"EntryPoint","urlTemplate":"https:\/\/informelitoral.com.ar\/?s={search_term_string}"},"query-input":{"@type":"PropertyValueSpecification","valueRequired":true,"valueName":"search_term_string"}}],"inLanguage":"es"},{"@type":"Organization","@id":"https:\/\/informelitoral.com.ar\/#organization","name":"Informe Litoral","url":"https:\/\/informelitoral.com.ar\/","logo":{"@type":"ImageObject","inLanguage":"es","@id":"https:\/\/informelitoral.com.ar\/#\/schema\/logo\/image\/","url":"https:\/\/informelitoral.com.ar\/%77%70%2d%63%6f%6e%74%65%6e%74\/uploads\/2021\/01\/circulo.png","contentUrl":"https:\/\/informelitoral.com.ar\/%77%70%2d%63%6f%6e%74%65%6e%74\/uploads\/2021\/01\/circulo.png","width":723,"height":731,"caption":"Informe Litoral"},"image":{"@id":"https:\/\/informelitoral.com.ar\/#\/schema\/logo\/image\/"},"sameAs":["https:\/\/www.facebook.com\/informelitoral\/","https:\/\/x.com\/InformeLitoral","https:\/\/www.instagram.com\/informelitoral\/","https:\/\/www.youtube.com\/channel\/UCua4Qvz8Icb6MYqhoq9xLXw"]},{"@type":"Person","@id":"https:\/\/informelitoral.com.ar\/#\/schema\/person\/b9d00407c836482871ef1d57bf8e3180","name":"Gonzalo Schmidt","image":{"@type":"ImageObject","inLanguage":"es","@id":"https:\/\/secure.gravatar.com\/avatar\/31a1a7b66ff2de83bd0e9fd79d026630d2d99e55e8bfe501287647b4fd9743de?s=96&d=mm&r=g","url":"https:\/\/secure.gravatar.com\/avatar\/31a1a7b66ff2de83bd0e9fd79d026630d2d99e55e8bfe501287647b4fd9743de?s=96&d=mm&r=g","contentUrl":"https:\/\/secure.gravatar.com\/avatar\/31a1a7b66ff2de83bd0e9fd79d026630d2d99e55e8bfe501287647b4fd9743de?s=96&d=mm&r=g","caption":"Gonzalo Schmidt"},"description":"Sitio web de noticias de la provincia de Entre R\u00edos, Argentina. Informaci\u00f3n y entretenimiento. Informe Litoral, nos informamos.","sameAs":["http:\/\/www.isletasnoticias.com.ar"],"url":"https:\/\/informelitoral.com.ar\/author\/gonzalo\/"}]}},"_links":{"self":[{"href":"https:\/\/informelitoral.com.ar\/%77%70%2d%6a%73%6f%6e\/wp\/v2\/posts\/21218","targetHints":{"allow":["GET"]}}],"collection":[{"href":"https:\/\/informelitoral.com.ar\/%77%70%2d%6a%73%6f%6e\/wp\/v2\/posts"}],"about":[{"href":"https:\/\/informelitoral.com.ar\/%77%70%2d%6a%73%6f%6e\/wp\/v2\/types\/post"}],"author":[{"embeddable":true,"href":"https:\/\/informelitoral.com.ar\/%77%70%2d%6a%73%6f%6e\/wp\/v2\/users\/2"}],"replies":[{"embeddable":true,"href":"https:\/\/informelitoral.com.ar\/%77%70%2d%6a%73%6f%6e\/wp\/v2\/comments?post=21218"}],"version-history":[{"count":0,"href":"https:\/\/informelitoral.com.ar\/%77%70%2d%6a%73%6f%6e\/wp\/v2\/posts\/21218\/revisions"}],"wp:attachment":[{"href":"https:\/\/informelitoral.com.ar\/%77%70%2d%6a%73%6f%6e\/wp\/v2\/media?parent=21218"}],"wp:term":[{"taxonomy":"category","embeddable":true,"href":"https:\/\/informelitoral.com.ar\/%77%70%2d%6a%73%6f%6e\/wp\/v2\/categories?post=21218"},{"taxonomy":"post_tag","embeddable":true,"href":"https:\/\/informelitoral.com.ar\/%77%70%2d%6a%73%6f%6e\/wp\/v2\/tags?post=21218"}],"curies":[{"name":"wp","href":"https:\/\/api.w.org\/{rel}","templated":true}]}}