{"id":212094,"date":"2025-02-16T21:52:23","date_gmt":"2025-02-17T00:52:23","guid":{"rendered":"https:\/\/informelitoral.com.ar\/?p=212094"},"modified":"2025-02-16T22:01:13","modified_gmt":"2025-02-17T01:01:13","slug":"ramirez-festeja-2025-las-15-bandas-que-competiran-por-un-lugar-en-el-escenario","status":"publish","type":"post","link":"https:\/\/informelitoral.com.ar\/ramirez-festeja-2025-las-15-bandas-que-competiran-por-un-lugar-en-el-escenario\/","title":{"rendered":"Ram\u00edrez Festeja 2025: las 15 bandas que competir\u00e1n por un lugar en el escenario"},"content":{"rendered":"<p>En <strong>General Ram\u00edrez<\/strong> se viene el tradicional <strong>Concurso Pre Bandas<\/strong>, en la previa del <em><strong>Ram\u00edrez Festeja 2025<\/strong><\/em> que se realizar\u00e1 el<strong> 8 y 9 de marzo<\/strong>. Justamente una de las 15 bandas, la ganadora, recibir\u00e1 un <strong>contrato de 300.000 pesos<\/strong> para presentarse en el escenario principal.<\/p>\n<p>El concurso <strong>se realizar\u00e1 el domingo 23 de febrero, desde las 16, en el Parque Evita,<\/strong> frente a la terminal de \u00f3mnibus. Con<strong> entrada libre y gratuita,<\/strong> habr\u00e1 servicio de cantina y feria de emprendedores.<\/p>\n<h2><strong>Las 15 bandas que participar\u00e1n del Concurso Pre Bandas<\/strong><\/h2>\n<p>Los Hermanos Corradini, Elemento, Inmundo, Inmaduro, Maple, Obsession, Pa Ma\u00f1ana es Tarde, Maquinar, Generaci\u00f3n Folklore, Por ac\u00e1 s\u00ed, Ovejas y lobos, Trif\u00e1sica, Sangre Chamamecera, Cande Clavel Heis y Versi\u00f3n Tropical. <em>(Informe Litoral)<\/em><\/p>\n<h6><em><strong>Del archivo:\u00a0<a href=\"https:\/\/informelitoral.com.ar\/vuelve-el-concurso-gastronomico-cocina-al-disco-en-ramirez-festeja-2025\/\" target=\"_blank\" rel=\"noopener\">Vuelve el Concurso Gastron\u00f3mico \u00abCocina al Disco\u00bb en Ram\u00edrez Festeja 2025<\/a><\/strong><\/em><\/h6>\n<h6><em><strong><a href=\"https:\/\/informelitoral.com.ar\/ramirez-festeja-2025-dieron-a-conocer-la-grilla-artistica\/\" target=\"_blank\" rel=\"noopener\">Ram\u00edrez Festeja 2025: dieron a conocer la grilla art\u00edstica<\/a><\/strong><\/em><\/h6>\n","protected":false},"excerpt":{"rendered":"<p>El domingo 23 de febrero, desde las 16, se realizar\u00e1 el concurso Pre Bandas en el Parque Evita. El ganador obtendr\u00e1 un contrato de 300.000 pesos para actuar el domingo 9 de marzo en el festejo del aniversario de la ciudad. <\/p>\n","protected":false},"author":2,"featured_media":212095,"comment_status":"open","ping_status":"open","sticky":false,"template":"","format":"standard","meta":{"fifu_image_url":"","fifu_image_alt":"","footnotes":""},"categories":[5,4586],"tags":[320,3054,556,111,201,27,1286],"class_list":{"0":"post-212094","1":"post","2":"type-post","3":"status-publish","4":"format-standard","5":"has-post-thumbnail","7":"category-zonales","8":"category-general-ramirez","9":"tag-aniversario","10":"tag-festejo-de-aniversario","11":"tag-general-ramirez","12":"tag-municipales","13":"tag-municipios","14":"tag-ramirez","15":"tag-ramirez-festeja"},"yoast_head":"<title>Ram\u00edrez Festeja 2025: las 15 bandas que competir\u00e1n por un lugar en el escenario - Informe Litoral<\/title>\n<meta name=\"robots\" content=\"index, follow, max-snippet:-1, max-image-preview:large, max-video-preview:-1\" \/>\n<link rel=\"canonical\" href=\"https:\/\/informelitoral.com.ar\/ramirez-festeja-2025-las-15-bandas-que-competiran-por-un-lugar-en-el-escenario\/\" \/>\n<meta property=\"og:locale\" content=\"es_ES\" \/>\n<meta property=\"og:type\" content=\"article\" \/>\n<meta property=\"og:title\" content=\"Ram\u00edrez Festeja 2025: las 15 bandas que competir\u00e1n por un lugar en el escenario - Informe Litoral\" \/>\n<meta property=\"og:description\" content=\"El domingo 23 de febrero, desde las 16, se realizar\u00e1 el concurso Pre Bandas en el Parque Evita. El ganador obtendr\u00e1 un contrato de 300.000 pesos para actuar el domingo 9 de marzo en el festejo del aniversario de la ciudad.\" \/>\n<meta property=\"og:url\" content=\"https:\/\/informelitoral.com.ar\/ramirez-festeja-2025-las-15-bandas-que-competiran-por-un-lugar-en-el-escenario\/\" \/>\n<meta property=\"og:site_name\" content=\"Informe Litoral\" \/>\n<meta property=\"article:publisher\" content=\"https:\/\/www.facebook.com\/informelitoral\/\" \/>\n<meta property=\"article:published_time\" content=\"2025-02-17T00:52:23+00:00\" \/>\n<meta property=\"article:modified_time\" content=\"2025-02-17T01:01:13+00:00\" \/>\n<meta property=\"og:image\" content=\"https:\/\/informelitoral.com.ar\/%77%70%2d%63%6f%6e%74%65%6e%74\/uploads\/2025\/02\/pre-bandas-ramirez-festeja-2025.jpg\" \/>\n\t<meta property=\"og:image:width\" content=\"800\" \/>\n\t<meta property=\"og:image:height\" content=\"450\" \/>\n\t<meta property=\"og:image:type\" content=\"image\/jpeg\" \/>\n<meta name=\"author\" content=\"Gonzalo Schmidt\" \/>\n<meta name=\"twitter:card\" content=\"summary_large_image\" \/>\n<meta name=\"twitter:creator\" content=\"@InformeLitoral\" \/>\n<meta name=\"twitter:site\" content=\"@InformeLitoral\" \/>\n<meta name=\"twitter:label1\" content=\"Escrito por\" \/>\n\t<meta name=\"twitter:data1\" content=\"Gonzalo Schmidt\" \/>\n\t<meta name=\"twitter:label2\" content=\"Tiempo de lectura\" \/>\n\t<meta name=\"twitter:data2\" content=\"1 minuto\" \/>\n<script type=\"application\/ld+json\" class=\"yoast-schema-graph\">{\"@context\":\"https:\\\/\\\/schema.org\",\"@graph\":[{\"@type\":\"Article\",\"@id\":\"https:\\\/\\\/informelitoral.com.ar\\\/ramirez-festeja-2025-las-15-bandas-que-competiran-por-un-lugar-en-el-escenario\\\/#article\",\"isPartOf\":{\"@id\":\"https:\\\/\\\/informelitoral.com.ar\\\/ramirez-festeja-2025-las-15-bandas-que-competiran-por-un-lugar-en-el-escenario\\\/\"},\"author\":{\"name\":\"Gonzalo Schmidt\",\"@id\":\"https:\\\/\\\/informelitoral.com.ar\\\/#\\\/schema\\\/person\\\/b9d00407c836482871ef1d57bf8e3180\"},\"headline\":\"Ram\u00edrez Festeja 2025: las 15 bandas que competir\u00e1n por un lugar en el escenario\",\"datePublished\":\"2025-02-17T00:52:23+00:00\",\"dateModified\":\"2025-02-17T01:01:13+00:00\",\"mainEntityOfPage\":{\"@id\":\"https:\\\/\\\/informelitoral.com.ar\\\/ramirez-festeja-2025-las-15-bandas-que-competiran-por-un-lugar-en-el-escenario\\\/\"},\"wordCount\":159,\"commentCount\":0,\"publisher\":{\"@id\":\"https:\\\/\\\/informelitoral.com.ar\\\/#organization\"},\"image\":{\"@id\":\"https:\\\/\\\/informelitoral.com.ar\\\/ramirez-festeja-2025-las-15-bandas-que-competiran-por-un-lugar-en-el-escenario\\\/#primaryimage\"},\"thumbnailUrl\":\"https:\\\/\\\/informelitoral.com.ar\\\/%77%70%2d%63%6f%6e%74%65%6e%74\\\/uploads\\\/2025\\\/02\\\/pre-bandas-ramirez-festeja-2025.jpg\",\"keywords\":[\"Aniversario\",\"Festejo de aniversario\",\"General Ram\u00edrez\",\"Municipales\",\"Municipios\",\"Ram\u00edrez\",\"Ram\u00edrez Festeja\"],\"articleSection\":[\"Departamento Diamante\",\"General Ram\u00edrez\"],\"inLanguage\":\"es\",\"potentialAction\":[{\"@type\":\"CommentAction\",\"name\":\"Comment\",\"target\":[\"https:\\\/\\\/informelitoral.com.ar\\\/ramirez-festeja-2025-las-15-bandas-que-competiran-por-un-lugar-en-el-escenario\\\/#respond\"]}]},{\"@type\":\"WebPage\",\"@id\":\"https:\\\/\\\/informelitoral.com.ar\\\/ramirez-festeja-2025-las-15-bandas-que-competiran-por-un-lugar-en-el-escenario\\\/\",\"url\":\"https:\\\/\\\/informelitoral.com.ar\\\/ramirez-festeja-2025-las-15-bandas-que-competiran-por-un-lugar-en-el-escenario\\\/\",\"name\":\"Ram\u00edrez Festeja 2025: las 15 bandas que competir\u00e1n por un lugar en el escenario - Informe Litoral\",\"isPartOf\":{\"@id\":\"https:\\\/\\\/informelitoral.com.ar\\\/#website\"},\"primaryImageOfPage\":{\"@id\":\"https:\\\/\\\/informelitoral.com.ar\\\/ramirez-festeja-2025-las-15-bandas-que-competiran-por-un-lugar-en-el-escenario\\\/#primaryimage\"},\"image\":{\"@id\":\"https:\\\/\\\/informelitoral.com.ar\\\/ramirez-festeja-2025-las-15-bandas-que-competiran-por-un-lugar-en-el-escenario\\\/#primaryimage\"},\"thumbnailUrl\":\"https:\\\/\\\/informelitoral.com.ar\\\/%77%70%2d%63%6f%6e%74%65%6e%74\\\/uploads\\\/2025\\\/02\\\/pre-bandas-ramirez-festeja-2025.jpg\",\"datePublished\":\"2025-02-17T00:52:23+00:00\",\"dateModified\":\"2025-02-17T01:01:13+00:00\",\"breadcrumb\":{\"@id\":\"https:\\\/\\\/informelitoral.com.ar\\\/ramirez-festeja-2025-las-15-bandas-que-competiran-por-un-lugar-en-el-escenario\\\/#breadcrumb\"},\"inLanguage\":\"es\",\"potentialAction\":[{\"@type\":\"ReadAction\",\"target\":[\"https:\\\/\\\/informelitoral.com.ar\\\/ramirez-festeja-2025-las-15-bandas-que-competiran-por-un-lugar-en-el-escenario\\\/\"]}]},{\"@type\":\"ImageObject\",\"inLanguage\":\"es\",\"@id\":\"https:\\\/\\\/informelitoral.com.ar\\\/ramirez-festeja-2025-las-15-bandas-que-competiran-por-un-lugar-en-el-escenario\\\/#primaryimage\",\"url\":\"https:\\\/\\\/informelitoral.com.ar\\\/%77%70%2d%63%6f%6e%74%65%6e%74\\\/uploads\\\/2025\\\/02\\\/pre-bandas-ramirez-festeja-2025.jpg\",\"contentUrl\":\"https:\\\/\\\/informelitoral.com.ar\\\/%77%70%2d%63%6f%6e%74%65%6e%74\\\/uploads\\\/2025\\\/02\\\/pre-bandas-ramirez-festeja-2025.jpg\",\"width\":800,\"height\":450},{\"@type\":\"BreadcrumbList\",\"@id\":\"https:\\\/\\\/informelitoral.com.ar\\\/ramirez-festeja-2025-las-15-bandas-que-competiran-por-un-lugar-en-el-escenario\\\/#breadcrumb\",\"itemListElement\":[{\"@type\":\"ListItem\",\"position\":1,\"name\":\"Portada\",\"item\":\"https:\\\/\\\/informelitoral.com.ar\\\/\"},{\"@type\":\"ListItem\",\"position\":2,\"name\":\"Ram\u00edrez Festeja 2025: las 15 bandas que competir\u00e1n por un lugar en el escenario\"}]},{\"@type\":\"WebSite\",\"@id\":\"https:\\\/\\\/informelitoral.com.ar\\\/#website\",\"url\":\"https:\\\/\\\/informelitoral.com.ar\\\/\",\"name\":\"Informe Litoral\",\"description\":\"&quot;Nos informamos&quot; \",\"publisher\":{\"@id\":\"https:\\\/\\\/informelitoral.com.ar\\\/#organization\"},\"potentialAction\":[{\"@type\":\"SearchAction\",\"target\":{\"@type\":\"EntryPoint\",\"urlTemplate\":\"https:\\\/\\\/informelitoral.com.ar\\\/?s={search_term_string}\"},\"query-input\":{\"@type\":\"PropertyValueSpecification\",\"valueRequired\":true,\"valueName\":\"search_term_string\"}}],\"inLanguage\":\"es\"},{\"@type\":\"Organization\",\"@id\":\"https:\\\/\\\/informelitoral.com.ar\\\/#organization\",\"name\":\"Informe Litoral\",\"url\":\"https:\\\/\\\/informelitoral.com.ar\\\/\",\"logo\":{\"@type\":\"ImageObject\",\"inLanguage\":\"es\",\"@id\":\"https:\\\/\\\/informelitoral.com.ar\\\/#\\\/schema\\\/logo\\\/image\\\/\",\"url\":\"https:\\\/\\\/informelitoral.com.ar\\\/%77%70%2d%63%6f%6e%74%65%6e%74\\\/uploads\\\/2021\\\/01\\\/circulo.png\",\"contentUrl\":\"https:\\\/\\\/informelitoral.com.ar\\\/%77%70%2d%63%6f%6e%74%65%6e%74\\\/uploads\\\/2021\\\/01\\\/circulo.png\",\"width\":723,\"height\":731,\"caption\":\"Informe Litoral\"},\"image\":{\"@id\":\"https:\\\/\\\/informelitoral.com.ar\\\/#\\\/schema\\\/logo\\\/image\\\/\"},\"sameAs\":[\"https:\\\/\\\/www.facebook.com\\\/informelitoral\\\/\",\"https:\\\/\\\/x.com\\\/InformeLitoral\",\"https:\\\/\\\/www.instagram.com\\\/informelitoral\\\/\",\"https:\\\/\\\/www.youtube.com\\\/channel\\\/UCua4Qvz8Icb6MYqhoq9xLXw\"]},{\"@type\":\"Person\",\"@id\":\"https:\\\/\\\/informelitoral.com.ar\\\/#\\\/schema\\\/person\\\/b9d00407c836482871ef1d57bf8e3180\",\"name\":\"Gonzalo Schmidt\",\"image\":{\"@type\":\"ImageObject\",\"inLanguage\":\"es\",\"@id\":\"https:\\\/\\\/secure.gravatar.com\\\/avatar\\\/31a1a7b66ff2de83bd0e9fd79d026630d2d99e55e8bfe501287647b4fd9743de?s=96&d=mm&r=g\",\"url\":\"https:\\\/\\\/secure.gravatar.com\\\/avatar\\\/31a1a7b66ff2de83bd0e9fd79d026630d2d99e55e8bfe501287647b4fd9743de?s=96&d=mm&r=g\",\"contentUrl\":\"https:\\\/\\\/secure.gravatar.com\\\/avatar\\\/31a1a7b66ff2de83bd0e9fd79d026630d2d99e55e8bfe501287647b4fd9743de?s=96&d=mm&r=g\",\"caption\":\"Gonzalo Schmidt\"},\"description\":\"Sitio web de noticias de la provincia de Entre R\u00edos, Argentina. Informaci\u00f3n y entretenimiento. Informe Litoral, nos informamos.\",\"sameAs\":[\"http:\\\/\\\/www.isletasnoticias.com.ar\"],\"url\":\"https:\\\/\\\/informelitoral.com.ar\\\/author\\\/gonzalo\\\/\"}]}<\/script>","yoast_head_json":{"title":"Ram\u00edrez Festeja 2025: las 15 bandas que competir\u00e1n por un lugar en el escenario - Informe Litoral","robots":{"index":"index","follow":"follow","max-snippet":"max-snippet:-1","max-image-preview":"max-image-preview:large","max-video-preview":"max-video-preview:-1"},"canonical":"https:\/\/informelitoral.com.ar\/ramirez-festeja-2025-las-15-bandas-que-competiran-por-un-lugar-en-el-escenario\/","og_locale":"es_ES","og_type":"article","og_title":"Ram\u00edrez Festeja 2025: las 15 bandas que competir\u00e1n por un lugar en el escenario - Informe Litoral","og_description":"El domingo 23 de febrero, desde las 16, se realizar\u00e1 el concurso Pre Bandas en el Parque Evita. El ganador obtendr\u00e1 un contrato de 300.000 pesos para actuar el domingo 9 de marzo en el festejo del aniversario de la ciudad.","og_url":"https:\/\/informelitoral.com.ar\/ramirez-festeja-2025-las-15-bandas-que-competiran-por-un-lugar-en-el-escenario\/","og_site_name":"Informe Litoral","article_publisher":"https:\/\/www.facebook.com\/informelitoral\/","article_published_time":"2025-02-17T00:52:23+00:00","article_modified_time":"2025-02-17T01:01:13+00:00","og_image":[{"width":800,"height":450,"url":"https:\/\/informelitoral.com.ar\/%77%70%2d%63%6f%6e%74%65%6e%74\/uploads\/2025\/02\/pre-bandas-ramirez-festeja-2025.jpg","type":"image\/jpeg"}],"author":"Gonzalo Schmidt","twitter_card":"summary_large_image","twitter_creator":"@InformeLitoral","twitter_site":"@InformeLitoral","twitter_misc":{"Escrito por":"Gonzalo Schmidt","Tiempo de lectura":"1 minuto"},"schema":{"@context":"https:\/\/schema.org","@graph":[{"@type":"Article","@id":"https:\/\/informelitoral.com.ar\/ramirez-festeja-2025-las-15-bandas-que-competiran-por-un-lugar-en-el-escenario\/#article","isPartOf":{"@id":"https:\/\/informelitoral.com.ar\/ramirez-festeja-2025-las-15-bandas-que-competiran-por-un-lugar-en-el-escenario\/"},"author":{"name":"Gonzalo Schmidt","@id":"https:\/\/informelitoral.com.ar\/#\/schema\/person\/b9d00407c836482871ef1d57bf8e3180"},"headline":"Ram\u00edrez Festeja 2025: las 15 bandas que competir\u00e1n por un lugar en el escenario","datePublished":"2025-02-17T00:52:23+00:00","dateModified":"2025-02-17T01:01:13+00:00","mainEntityOfPage":{"@id":"https:\/\/informelitoral.com.ar\/ramirez-festeja-2025-las-15-bandas-que-competiran-por-un-lugar-en-el-escenario\/"},"wordCount":159,"commentCount":0,"publisher":{"@id":"https:\/\/informelitoral.com.ar\/#organization"},"image":{"@id":"https:\/\/informelitoral.com.ar\/ramirez-festeja-2025-las-15-bandas-que-competiran-por-un-lugar-en-el-escenario\/#primaryimage"},"thumbnailUrl":"https:\/\/informelitoral.com.ar\/%77%70%2d%63%6f%6e%74%65%6e%74\/uploads\/2025\/02\/pre-bandas-ramirez-festeja-2025.jpg","keywords":["Aniversario","Festejo de aniversario","General Ram\u00edrez","Municipales","Municipios","Ram\u00edrez","Ram\u00edrez Festeja"],"articleSection":["Departamento Diamante","General Ram\u00edrez"],"inLanguage":"es","potentialAction":[{"@type":"CommentAction","name":"Comment","target":["https:\/\/informelitoral.com.ar\/ramirez-festeja-2025-las-15-bandas-que-competiran-por-un-lugar-en-el-escenario\/#respond"]}]},{"@type":"WebPage","@id":"https:\/\/informelitoral.com.ar\/ramirez-festeja-2025-las-15-bandas-que-competiran-por-un-lugar-en-el-escenario\/","url":"https:\/\/informelitoral.com.ar\/ramirez-festeja-2025-las-15-bandas-que-competiran-por-un-lugar-en-el-escenario\/","name":"Ram\u00edrez Festeja 2025: las 15 bandas que competir\u00e1n por un lugar en el escenario - Informe Litoral","isPartOf":{"@id":"https:\/\/informelitoral.com.ar\/#website"},"primaryImageOfPage":{"@id":"https:\/\/informelitoral.com.ar\/ramirez-festeja-2025-las-15-bandas-que-competiran-por-un-lugar-en-el-escenario\/#primaryimage"},"image":{"@id":"https:\/\/informelitoral.com.ar\/ramirez-festeja-2025-las-15-bandas-que-competiran-por-un-lugar-en-el-escenario\/#primaryimage"},"thumbnailUrl":"https:\/\/informelitoral.com.ar\/%77%70%2d%63%6f%6e%74%65%6e%74\/uploads\/2025\/02\/pre-bandas-ramirez-festeja-2025.jpg","datePublished":"2025-02-17T00:52:23+00:00","dateModified":"2025-02-17T01:01:13+00:00","breadcrumb":{"@id":"https:\/\/informelitoral.com.ar\/ramirez-festeja-2025-las-15-bandas-que-competiran-por-un-lugar-en-el-escenario\/#breadcrumb"},"inLanguage":"es","potentialAction":[{"@type":"ReadAction","target":["https:\/\/informelitoral.com.ar\/ramirez-festeja-2025-las-15-bandas-que-competiran-por-un-lugar-en-el-escenario\/"]}]},{"@type":"ImageObject","inLanguage":"es","@id":"https:\/\/informelitoral.com.ar\/ramirez-festeja-2025-las-15-bandas-que-competiran-por-un-lugar-en-el-escenario\/#primaryimage","url":"https:\/\/informelitoral.com.ar\/%77%70%2d%63%6f%6e%74%65%6e%74\/uploads\/2025\/02\/pre-bandas-ramirez-festeja-2025.jpg","contentUrl":"https:\/\/informelitoral.com.ar\/%77%70%2d%63%6f%6e%74%65%6e%74\/uploads\/2025\/02\/pre-bandas-ramirez-festeja-2025.jpg","width":800,"height":450},{"@type":"BreadcrumbList","@id":"https:\/\/informelitoral.com.ar\/ramirez-festeja-2025-las-15-bandas-que-competiran-por-un-lugar-en-el-escenario\/#breadcrumb","itemListElement":[{"@type":"ListItem","position":1,"name":"Portada","item":"https:\/\/informelitoral.com.ar\/"},{"@type":"ListItem","position":2,"name":"Ram\u00edrez Festeja 2025: las 15 bandas que competir\u00e1n por un lugar en el escenario"}]},{"@type":"WebSite","@id":"https:\/\/informelitoral.com.ar\/#website","url":"https:\/\/informelitoral.com.ar\/","name":"Informe Litoral","description":"&quot;Nos informamos&quot; ","publisher":{"@id":"https:\/\/informelitoral.com.ar\/#organization"},"potentialAction":[{"@type":"SearchAction","target":{"@type":"EntryPoint","urlTemplate":"https:\/\/informelitoral.com.ar\/?s={search_term_string}"},"query-input":{"@type":"PropertyValueSpecification","valueRequired":true,"valueName":"search_term_string"}}],"inLanguage":"es"},{"@type":"Organization","@id":"https:\/\/informelitoral.com.ar\/#organization","name":"Informe Litoral","url":"https:\/\/informelitoral.com.ar\/","logo":{"@type":"ImageObject","inLanguage":"es","@id":"https:\/\/informelitoral.com.ar\/#\/schema\/logo\/image\/","url":"https:\/\/informelitoral.com.ar\/%77%70%2d%63%6f%6e%74%65%6e%74\/uploads\/2021\/01\/circulo.png","contentUrl":"https:\/\/informelitoral.com.ar\/%77%70%2d%63%6f%6e%74%65%6e%74\/uploads\/2021\/01\/circulo.png","width":723,"height":731,"caption":"Informe Litoral"},"image":{"@id":"https:\/\/informelitoral.com.ar\/#\/schema\/logo\/image\/"},"sameAs":["https:\/\/www.facebook.com\/informelitoral\/","https:\/\/x.com\/InformeLitoral","https:\/\/www.instagram.com\/informelitoral\/","https:\/\/www.youtube.com\/channel\/UCua4Qvz8Icb6MYqhoq9xLXw"]},{"@type":"Person","@id":"https:\/\/informelitoral.com.ar\/#\/schema\/person\/b9d00407c836482871ef1d57bf8e3180","name":"Gonzalo Schmidt","image":{"@type":"ImageObject","inLanguage":"es","@id":"https:\/\/secure.gravatar.com\/avatar\/31a1a7b66ff2de83bd0e9fd79d026630d2d99e55e8bfe501287647b4fd9743de?s=96&d=mm&r=g","url":"https:\/\/secure.gravatar.com\/avatar\/31a1a7b66ff2de83bd0e9fd79d026630d2d99e55e8bfe501287647b4fd9743de?s=96&d=mm&r=g","contentUrl":"https:\/\/secure.gravatar.com\/avatar\/31a1a7b66ff2de83bd0e9fd79d026630d2d99e55e8bfe501287647b4fd9743de?s=96&d=mm&r=g","caption":"Gonzalo Schmidt"},"description":"Sitio web de noticias de la provincia de Entre R\u00edos, Argentina. Informaci\u00f3n y entretenimiento. Informe Litoral, nos informamos.","sameAs":["http:\/\/www.isletasnoticias.com.ar"],"url":"https:\/\/informelitoral.com.ar\/author\/gonzalo\/"}]}},"_links":{"self":[{"href":"https:\/\/informelitoral.com.ar\/%77%70%2d%6a%73%6f%6e\/wp\/v2\/posts\/212094","targetHints":{"allow":["GET"]}}],"collection":[{"href":"https:\/\/informelitoral.com.ar\/%77%70%2d%6a%73%6f%6e\/wp\/v2\/posts"}],"about":[{"href":"https:\/\/informelitoral.com.ar\/%77%70%2d%6a%73%6f%6e\/wp\/v2\/types\/post"}],"author":[{"embeddable":true,"href":"https:\/\/informelitoral.com.ar\/%77%70%2d%6a%73%6f%6e\/wp\/v2\/users\/2"}],"replies":[{"embeddable":true,"href":"https:\/\/informelitoral.com.ar\/%77%70%2d%6a%73%6f%6e\/wp\/v2\/comments?post=212094"}],"version-history":[{"count":0,"href":"https:\/\/informelitoral.com.ar\/%77%70%2d%6a%73%6f%6e\/wp\/v2\/posts\/212094\/revisions"}],"wp:featuredmedia":[{"embeddable":true,"href":"https:\/\/informelitoral.com.ar\/%77%70%2d%6a%73%6f%6e\/wp\/v2\/media\/212095"}],"wp:attachment":[{"href":"https:\/\/informelitoral.com.ar\/%77%70%2d%6a%73%6f%6e\/wp\/v2\/media?parent=212094"}],"wp:term":[{"taxonomy":"category","embeddable":true,"href":"https:\/\/informelitoral.com.ar\/%77%70%2d%6a%73%6f%6e\/wp\/v2\/categories?post=212094"},{"taxonomy":"post_tag","embeddable":true,"href":"https:\/\/informelitoral.com.ar\/%77%70%2d%6a%73%6f%6e\/wp\/v2\/tags?post=212094"}],"curies":[{"name":"wp","href":"https:\/\/api.w.org\/{rel}","templated":true}]}}