{"id":211892,"date":"2025-02-14T07:35:10","date_gmt":"2025-02-14T10:35:10","guid":{"rendered":"https:\/\/informelitoral.com.ar\/?p=211892"},"modified":"2025-02-14T07:37:08","modified_gmt":"2025-02-14T10:37:08","slug":"en-que-consisten-la-sesion-preparatoria-y-la-asamblea-legislativa","status":"publish","type":"post","link":"https:\/\/informelitoral.com.ar\/en-que-consisten-la-sesion-preparatoria-y-la-asamblea-legislativa\/","title":{"rendered":"En qu\u00e9 consisten la sesi\u00f3n preparatoria y la asamblea legislativa"},"content":{"rendered":"<p><strong>Lucas Ull\u00faa, prosecretario de la C\u00e1mara de Diputados, explic\u00f3 c\u00f3mo ser\u00e1 el desarrollo de la sesi\u00f3n preparatoria y de la asamblea legislativa, acontecimientos institucionales que establece la Constituci\u00f3n de Entre R\u00edos y que marcan el inicio del a\u00f1o legislativo.\u00a0<\/strong><\/p>\n<p>Acerca de la sesi\u00f3n preparatoria, que se realizar\u00e1 este viernes 14 a las 12, coment\u00f3: \u201cLa Constituci\u00f3n fija que el per\u00edodo de sesiones ordinarias de las C\u00e1maras va del 15 de febrero al 15 de diciembre. Antes de la apertura de sesiones que hace el gobernador, se debe designar qui\u00e9nes van a ser sus autoridades por el 146\u00b0 per\u00edodo\u201d. Esto suceder\u00e1 durante la sesi\u00f3n.<\/p>\n<p>Actualmente el cargo de presidente lo ejerce Gustavo Hein y las vicepresidencias primera y segunda est\u00e1n a cargo de Gabriela Lena y Juan Jos\u00e9 Bahillo, respectivamente. La duraci\u00f3n de sus mandatos es de un a\u00f1o. \u201cPor sucesi\u00f3n de votos y de manera nominal, los diputados tienen que elegir las autoridades. Primero el presidente, quien tiene que jurar, y luego las vicepresidencias\u201d, indic\u00f3.<\/p>\n<p>\u201cTambi\u00e9n la sesi\u00f3n preparatoria sirve para que se informen las autoridades de los bloques pol\u00edticos y para fijar los d\u00edas y horas en las cuales vamos a sesionar durante este periodo legislativo\u201d, complet\u00f3.<\/p>\n<p>Acerca de la asamblea legislativa que encabezar\u00e1 el gobernador Rogelio Frigerio el s\u00e1bado a las 18 en el Centro Provincial de Convenciones de Paran\u00e1, record\u00f3 que se trata de \u201clas dos c\u00e1maras reunidas en conjunto, algo que sucede en unas pocas ocasiones: para tomar el juramento al gobernador y el vice, para aceptar la renuncia de los mismos en caso de que hubiera, para tratar los vetos del Poder Ejecutivo, para designar a los mandatarios en caso de acefal\u00eda cuando falten menos de dos a\u00f1os para terminar el mandato y para la apertura de sesiones ordinarias que es el caso del s\u00e1bado\u201d.<\/p>\n<p>\u201cEs un momento protocolar, pero que no deja de ser importante para la democracia de la provincia. Todos est\u00e1n muy expectantes de escuchar el mensaje del gobernador, con los objetivos para este a\u00f1o y la rendici\u00f3n de cuentas del estado de la Administraci\u00f3n\u201d, complet\u00f3 Ull\u00faa.<\/p>\n<p>La asamblea ser\u00e1 presidida por la vicegobernadora y titular del Senado, <strong>Alicia Aluani,<\/strong> acompa\u00f1ada de<strong> Gustavo Hein<\/strong>. El secretario ser\u00e1<strong> Sergio Avero,<\/strong> quien cumple esa funci\u00f3n en la C\u00e1mara de Senadores, y la prosecretar\u00eda la ejercer\u00e1 <strong>Julia Garioni<\/strong>, secretaria de la C\u00e1mara de Diputados.<\/p>\n<h2><strong>Escuch\u00e1 la entrevista completa:<\/strong><\/h2>\n<p><iframe title=\"Spotify Embed: En qu\u00e9 consisten la sesi\u00f3n preparatoria y la asamblea legislativa\" style=\"border-radius: 12px\" width=\"100%\" height=\"152\" frameborder=\"0\" allowfullscreen allow=\"autoplay; clipboard-write; encrypted-media; fullscreen; picture-in-picture\" loading=\"lazy\" src=\"https:\/\/open.spotify.com\/embed\/episode\/6yDTL9Xvxb3eBpZ2zR19T2?go=1&#038;sp_cid=848c67985da5a389a6d0a2ed2ef98ffd&#038;utm_source=oembed&#038;utm_medium=desktop\"><\/iframe><\/p>\n<h6><em><strong>Del archivo:\u00a0<a href=\"https:\/\/informelitoral.com.ar\/frigerio-se-prepara-para-su-segundo-mensaje-ante-la-asamblea-legislativa-de-entre-rios\/\" target=\"_blank\" rel=\"noopener\">Frigerio se prepara para su segundo mensaje ante la Asamblea Legislativa de Entre R\u00edos<\/a><\/strong><\/em><\/h6>\n","protected":false},"excerpt":{"rendered":"<p>El prosecretario de la C\u00e1mara baja, Lucas Ull\u00faa, brind\u00f3 precisiones sobre las caracter\u00edsticas que tienen estos dos acontecimientos importantes para el funcionamiento de las instituciones.<\/p>\n","protected":false},"author":2,"featured_media":204647,"comment_status":"open","ping_status":"open","sticky":false,"template":"","format":"standard","meta":{"fifu_image_url":"","fifu_image_alt":"","footnotes":""},"categories":[16],"tags":[3627,196,287],"class_list":{"0":"post-211892","1":"post","2":"type-post","3":"status-publish","4":"format-standard","5":"has-post-thumbnail","7":"category-politi","8":"tag-camara-de-diputados","9":"tag-diputados","10":"tag-legislativas"},"yoast_head":"<title>En qu\u00e9 consisten la sesi\u00f3n preparatoria y la asamblea legislativa - Informe Litoral<\/title>\n<meta name=\"robots\" content=\"index, follow, max-snippet:-1, max-image-preview:large, max-video-preview:-1\" \/>\n<link rel=\"canonical\" href=\"https:\/\/informelitoral.com.ar\/en-que-consisten-la-sesion-preparatoria-y-la-asamblea-legislativa\/\" \/>\n<meta property=\"og:locale\" content=\"es_ES\" \/>\n<meta property=\"og:type\" content=\"article\" \/>\n<meta property=\"og:title\" content=\"En qu\u00e9 consisten la sesi\u00f3n preparatoria y la asamblea legislativa - Informe Litoral\" \/>\n<meta property=\"og:description\" content=\"El prosecretario de la C\u00e1mara baja, Lucas Ull\u00faa, brind\u00f3 precisiones sobre las caracter\u00edsticas que tienen estos dos acontecimientos importantes para el funcionamiento de las instituciones.\" \/>\n<meta property=\"og:url\" content=\"https:\/\/informelitoral.com.ar\/en-que-consisten-la-sesion-preparatoria-y-la-asamblea-legislativa\/\" \/>\n<meta property=\"og:site_name\" content=\"Informe Litoral\" \/>\n<meta property=\"article:publisher\" content=\"https:\/\/www.facebook.com\/informelitoral\/\" \/>\n<meta property=\"article:published_time\" content=\"2025-02-14T10:35:10+00:00\" \/>\n<meta property=\"article:modified_time\" content=\"2025-02-14T10:37:08+00:00\" \/>\n<meta property=\"og:image\" content=\"https:\/\/informelitoral.com.ar\/%77%70%2d%63%6f%6e%74%65%6e%74\/uploads\/2024\/11\/diputados-er.jpg\" \/>\n\t<meta property=\"og:image:width\" content=\"1024\" \/>\n\t<meta property=\"og:image:height\" content=\"682\" \/>\n\t<meta property=\"og:image:type\" content=\"image\/jpeg\" \/>\n<meta name=\"author\" content=\"Gonzalo Schmidt\" \/>\n<meta name=\"twitter:card\" content=\"summary_large_image\" \/>\n<meta name=\"twitter:creator\" content=\"@InformeLitoral\" \/>\n<meta name=\"twitter:site\" content=\"@InformeLitoral\" \/>\n<meta name=\"twitter:label1\" content=\"Escrito por\" \/>\n\t<meta name=\"twitter:data1\" content=\"Gonzalo Schmidt\" \/>\n\t<meta name=\"twitter:label2\" content=\"Tiempo de lectura\" \/>\n\t<meta name=\"twitter:data2\" content=\"2 minutos\" \/>\n<script type=\"application\/ld+json\" class=\"yoast-schema-graph\">{\"@context\":\"https:\\\/\\\/schema.org\",\"@graph\":[{\"@type\":\"Article\",\"@id\":\"https:\\\/\\\/informelitoral.com.ar\\\/en-que-consisten-la-sesion-preparatoria-y-la-asamblea-legislativa\\\/#article\",\"isPartOf\":{\"@id\":\"https:\\\/\\\/informelitoral.com.ar\\\/en-que-consisten-la-sesion-preparatoria-y-la-asamblea-legislativa\\\/\"},\"author\":{\"name\":\"Gonzalo Schmidt\",\"@id\":\"https:\\\/\\\/informelitoral.com.ar\\\/#\\\/schema\\\/person\\\/b9d00407c836482871ef1d57bf8e3180\"},\"headline\":\"En qu\u00e9 consisten la sesi\u00f3n preparatoria y la asamblea legislativa\",\"datePublished\":\"2025-02-14T10:35:10+00:00\",\"dateModified\":\"2025-02-14T10:37:08+00:00\",\"mainEntityOfPage\":{\"@id\":\"https:\\\/\\\/informelitoral.com.ar\\\/en-que-consisten-la-sesion-preparatoria-y-la-asamblea-legislativa\\\/\"},\"wordCount\":485,\"commentCount\":0,\"publisher\":{\"@id\":\"https:\\\/\\\/informelitoral.com.ar\\\/#organization\"},\"image\":{\"@id\":\"https:\\\/\\\/informelitoral.com.ar\\\/en-que-consisten-la-sesion-preparatoria-y-la-asamblea-legislativa\\\/#primaryimage\"},\"thumbnailUrl\":\"https:\\\/\\\/informelitoral.com.ar\\\/%77%70%2d%63%6f%6e%74%65%6e%74\\\/uploads\\\/2024\\\/11\\\/diputados-er.jpg\",\"keywords\":[\"C\u00e1mara de Diputados\",\"Diputados\",\"Legislativas\"],\"articleSection\":[\"Politica\"],\"inLanguage\":\"es\",\"potentialAction\":[{\"@type\":\"CommentAction\",\"name\":\"Comment\",\"target\":[\"https:\\\/\\\/informelitoral.com.ar\\\/en-que-consisten-la-sesion-preparatoria-y-la-asamblea-legislativa\\\/#respond\"]}]},{\"@type\":\"WebPage\",\"@id\":\"https:\\\/\\\/informelitoral.com.ar\\\/en-que-consisten-la-sesion-preparatoria-y-la-asamblea-legislativa\\\/\",\"url\":\"https:\\\/\\\/informelitoral.com.ar\\\/en-que-consisten-la-sesion-preparatoria-y-la-asamblea-legislativa\\\/\",\"name\":\"En qu\u00e9 consisten la sesi\u00f3n preparatoria y la asamblea legislativa - Informe Litoral\",\"isPartOf\":{\"@id\":\"https:\\\/\\\/informelitoral.com.ar\\\/#website\"},\"primaryImageOfPage\":{\"@id\":\"https:\\\/\\\/informelitoral.com.ar\\\/en-que-consisten-la-sesion-preparatoria-y-la-asamblea-legislativa\\\/#primaryimage\"},\"image\":{\"@id\":\"https:\\\/\\\/informelitoral.com.ar\\\/en-que-consisten-la-sesion-preparatoria-y-la-asamblea-legislativa\\\/#primaryimage\"},\"thumbnailUrl\":\"https:\\\/\\\/informelitoral.com.ar\\\/%77%70%2d%63%6f%6e%74%65%6e%74\\\/uploads\\\/2024\\\/11\\\/diputados-er.jpg\",\"datePublished\":\"2025-02-14T10:35:10+00:00\",\"dateModified\":\"2025-02-14T10:37:08+00:00\",\"breadcrumb\":{\"@id\":\"https:\\\/\\\/informelitoral.com.ar\\\/en-que-consisten-la-sesion-preparatoria-y-la-asamblea-legislativa\\\/#breadcrumb\"},\"inLanguage\":\"es\",\"potentialAction\":[{\"@type\":\"ReadAction\",\"target\":[\"https:\\\/\\\/informelitoral.com.ar\\\/en-que-consisten-la-sesion-preparatoria-y-la-asamblea-legislativa\\\/\"]}]},{\"@type\":\"ImageObject\",\"inLanguage\":\"es\",\"@id\":\"https:\\\/\\\/informelitoral.com.ar\\\/en-que-consisten-la-sesion-preparatoria-y-la-asamblea-legislativa\\\/#primaryimage\",\"url\":\"https:\\\/\\\/informelitoral.com.ar\\\/%77%70%2d%63%6f%6e%74%65%6e%74\\\/uploads\\\/2024\\\/11\\\/diputados-er.jpg\",\"contentUrl\":\"https:\\\/\\\/informelitoral.com.ar\\\/%77%70%2d%63%6f%6e%74%65%6e%74\\\/uploads\\\/2024\\\/11\\\/diputados-er.jpg\",\"width\":1024,\"height\":682},{\"@type\":\"BreadcrumbList\",\"@id\":\"https:\\\/\\\/informelitoral.com.ar\\\/en-que-consisten-la-sesion-preparatoria-y-la-asamblea-legislativa\\\/#breadcrumb\",\"itemListElement\":[{\"@type\":\"ListItem\",\"position\":1,\"name\":\"Portada\",\"item\":\"https:\\\/\\\/informelitoral.com.ar\\\/\"},{\"@type\":\"ListItem\",\"position\":2,\"name\":\"En qu\u00e9 consisten la sesi\u00f3n preparatoria y la asamblea legislativa\"}]},{\"@type\":\"WebSite\",\"@id\":\"https:\\\/\\\/informelitoral.com.ar\\\/#website\",\"url\":\"https:\\\/\\\/informelitoral.com.ar\\\/\",\"name\":\"Informe Litoral\",\"description\":\"&quot;Nos informamos&quot; \",\"publisher\":{\"@id\":\"https:\\\/\\\/informelitoral.com.ar\\\/#organization\"},\"potentialAction\":[{\"@type\":\"SearchAction\",\"target\":{\"@type\":\"EntryPoint\",\"urlTemplate\":\"https:\\\/\\\/informelitoral.com.ar\\\/?s={search_term_string}\"},\"query-input\":{\"@type\":\"PropertyValueSpecification\",\"valueRequired\":true,\"valueName\":\"search_term_string\"}}],\"inLanguage\":\"es\"},{\"@type\":\"Organization\",\"@id\":\"https:\\\/\\\/informelitoral.com.ar\\\/#organization\",\"name\":\"Informe Litoral\",\"url\":\"https:\\\/\\\/informelitoral.com.ar\\\/\",\"logo\":{\"@type\":\"ImageObject\",\"inLanguage\":\"es\",\"@id\":\"https:\\\/\\\/informelitoral.com.ar\\\/#\\\/schema\\\/logo\\\/image\\\/\",\"url\":\"https:\\\/\\\/informelitoral.com.ar\\\/%77%70%2d%63%6f%6e%74%65%6e%74\\\/uploads\\\/2021\\\/01\\\/circulo.png\",\"contentUrl\":\"https:\\\/\\\/informelitoral.com.ar\\\/%77%70%2d%63%6f%6e%74%65%6e%74\\\/uploads\\\/2021\\\/01\\\/circulo.png\",\"width\":723,\"height\":731,\"caption\":\"Informe Litoral\"},\"image\":{\"@id\":\"https:\\\/\\\/informelitoral.com.ar\\\/#\\\/schema\\\/logo\\\/image\\\/\"},\"sameAs\":[\"https:\\\/\\\/www.facebook.com\\\/informelitoral\\\/\",\"https:\\\/\\\/x.com\\\/InformeLitoral\",\"https:\\\/\\\/www.instagram.com\\\/informelitoral\\\/\",\"https:\\\/\\\/www.youtube.com\\\/channel\\\/UCua4Qvz8Icb6MYqhoq9xLXw\"]},{\"@type\":\"Person\",\"@id\":\"https:\\\/\\\/informelitoral.com.ar\\\/#\\\/schema\\\/person\\\/b9d00407c836482871ef1d57bf8e3180\",\"name\":\"Gonzalo Schmidt\",\"image\":{\"@type\":\"ImageObject\",\"inLanguage\":\"es\",\"@id\":\"https:\\\/\\\/secure.gravatar.com\\\/avatar\\\/31a1a7b66ff2de83bd0e9fd79d026630d2d99e55e8bfe501287647b4fd9743de?s=96&d=mm&r=g\",\"url\":\"https:\\\/\\\/secure.gravatar.com\\\/avatar\\\/31a1a7b66ff2de83bd0e9fd79d026630d2d99e55e8bfe501287647b4fd9743de?s=96&d=mm&r=g\",\"contentUrl\":\"https:\\\/\\\/secure.gravatar.com\\\/avatar\\\/31a1a7b66ff2de83bd0e9fd79d026630d2d99e55e8bfe501287647b4fd9743de?s=96&d=mm&r=g\",\"caption\":\"Gonzalo Schmidt\"},\"description\":\"Sitio web de noticias de la provincia de Entre R\u00edos, Argentina. Informaci\u00f3n y entretenimiento. Informe Litoral, nos informamos.\",\"sameAs\":[\"http:\\\/\\\/www.isletasnoticias.com.ar\"],\"url\":\"https:\\\/\\\/informelitoral.com.ar\\\/author\\\/gonzalo\\\/\"}]}<\/script>","yoast_head_json":{"title":"En qu\u00e9 consisten la sesi\u00f3n preparatoria y la asamblea legislativa - Informe Litoral","robots":{"index":"index","follow":"follow","max-snippet":"max-snippet:-1","max-image-preview":"max-image-preview:large","max-video-preview":"max-video-preview:-1"},"canonical":"https:\/\/informelitoral.com.ar\/en-que-consisten-la-sesion-preparatoria-y-la-asamblea-legislativa\/","og_locale":"es_ES","og_type":"article","og_title":"En qu\u00e9 consisten la sesi\u00f3n preparatoria y la asamblea legislativa - Informe Litoral","og_description":"El prosecretario de la C\u00e1mara baja, Lucas Ull\u00faa, brind\u00f3 precisiones sobre las caracter\u00edsticas que tienen estos dos acontecimientos importantes para el funcionamiento de las instituciones.","og_url":"https:\/\/informelitoral.com.ar\/en-que-consisten-la-sesion-preparatoria-y-la-asamblea-legislativa\/","og_site_name":"Informe Litoral","article_publisher":"https:\/\/www.facebook.com\/informelitoral\/","article_published_time":"2025-02-14T10:35:10+00:00","article_modified_time":"2025-02-14T10:37:08+00:00","og_image":[{"width":1024,"height":682,"url":"https:\/\/informelitoral.com.ar\/%77%70%2d%63%6f%6e%74%65%6e%74\/uploads\/2024\/11\/diputados-er.jpg","type":"image\/jpeg"}],"author":"Gonzalo Schmidt","twitter_card":"summary_large_image","twitter_creator":"@InformeLitoral","twitter_site":"@InformeLitoral","twitter_misc":{"Escrito por":"Gonzalo Schmidt","Tiempo de lectura":"2 minutos"},"schema":{"@context":"https:\/\/schema.org","@graph":[{"@type":"Article","@id":"https:\/\/informelitoral.com.ar\/en-que-consisten-la-sesion-preparatoria-y-la-asamblea-legislativa\/#article","isPartOf":{"@id":"https:\/\/informelitoral.com.ar\/en-que-consisten-la-sesion-preparatoria-y-la-asamblea-legislativa\/"},"author":{"name":"Gonzalo Schmidt","@id":"https:\/\/informelitoral.com.ar\/#\/schema\/person\/b9d00407c836482871ef1d57bf8e3180"},"headline":"En qu\u00e9 consisten la sesi\u00f3n preparatoria y la asamblea legislativa","datePublished":"2025-02-14T10:35:10+00:00","dateModified":"2025-02-14T10:37:08+00:00","mainEntityOfPage":{"@id":"https:\/\/informelitoral.com.ar\/en-que-consisten-la-sesion-preparatoria-y-la-asamblea-legislativa\/"},"wordCount":485,"commentCount":0,"publisher":{"@id":"https:\/\/informelitoral.com.ar\/#organization"},"image":{"@id":"https:\/\/informelitoral.com.ar\/en-que-consisten-la-sesion-preparatoria-y-la-asamblea-legislativa\/#primaryimage"},"thumbnailUrl":"https:\/\/informelitoral.com.ar\/%77%70%2d%63%6f%6e%74%65%6e%74\/uploads\/2024\/11\/diputados-er.jpg","keywords":["C\u00e1mara de Diputados","Diputados","Legislativas"],"articleSection":["Politica"],"inLanguage":"es","potentialAction":[{"@type":"CommentAction","name":"Comment","target":["https:\/\/informelitoral.com.ar\/en-que-consisten-la-sesion-preparatoria-y-la-asamblea-legislativa\/#respond"]}]},{"@type":"WebPage","@id":"https:\/\/informelitoral.com.ar\/en-que-consisten-la-sesion-preparatoria-y-la-asamblea-legislativa\/","url":"https:\/\/informelitoral.com.ar\/en-que-consisten-la-sesion-preparatoria-y-la-asamblea-legislativa\/","name":"En qu\u00e9 consisten la sesi\u00f3n preparatoria y la asamblea legislativa - Informe Litoral","isPartOf":{"@id":"https:\/\/informelitoral.com.ar\/#website"},"primaryImageOfPage":{"@id":"https:\/\/informelitoral.com.ar\/en-que-consisten-la-sesion-preparatoria-y-la-asamblea-legislativa\/#primaryimage"},"image":{"@id":"https:\/\/informelitoral.com.ar\/en-que-consisten-la-sesion-preparatoria-y-la-asamblea-legislativa\/#primaryimage"},"thumbnailUrl":"https:\/\/informelitoral.com.ar\/%77%70%2d%63%6f%6e%74%65%6e%74\/uploads\/2024\/11\/diputados-er.jpg","datePublished":"2025-02-14T10:35:10+00:00","dateModified":"2025-02-14T10:37:08+00:00","breadcrumb":{"@id":"https:\/\/informelitoral.com.ar\/en-que-consisten-la-sesion-preparatoria-y-la-asamblea-legislativa\/#breadcrumb"},"inLanguage":"es","potentialAction":[{"@type":"ReadAction","target":["https:\/\/informelitoral.com.ar\/en-que-consisten-la-sesion-preparatoria-y-la-asamblea-legislativa\/"]}]},{"@type":"ImageObject","inLanguage":"es","@id":"https:\/\/informelitoral.com.ar\/en-que-consisten-la-sesion-preparatoria-y-la-asamblea-legislativa\/#primaryimage","url":"https:\/\/informelitoral.com.ar\/%77%70%2d%63%6f%6e%74%65%6e%74\/uploads\/2024\/11\/diputados-er.jpg","contentUrl":"https:\/\/informelitoral.com.ar\/%77%70%2d%63%6f%6e%74%65%6e%74\/uploads\/2024\/11\/diputados-er.jpg","width":1024,"height":682},{"@type":"BreadcrumbList","@id":"https:\/\/informelitoral.com.ar\/en-que-consisten-la-sesion-preparatoria-y-la-asamblea-legislativa\/#breadcrumb","itemListElement":[{"@type":"ListItem","position":1,"name":"Portada","item":"https:\/\/informelitoral.com.ar\/"},{"@type":"ListItem","position":2,"name":"En qu\u00e9 consisten la sesi\u00f3n preparatoria y la asamblea legislativa"}]},{"@type":"WebSite","@id":"https:\/\/informelitoral.com.ar\/#website","url":"https:\/\/informelitoral.com.ar\/","name":"Informe Litoral","description":"&quot;Nos informamos&quot; ","publisher":{"@id":"https:\/\/informelitoral.com.ar\/#organization"},"potentialAction":[{"@type":"SearchAction","target":{"@type":"EntryPoint","urlTemplate":"https:\/\/informelitoral.com.ar\/?s={search_term_string}"},"query-input":{"@type":"PropertyValueSpecification","valueRequired":true,"valueName":"search_term_string"}}],"inLanguage":"es"},{"@type":"Organization","@id":"https:\/\/informelitoral.com.ar\/#organization","name":"Informe Litoral","url":"https:\/\/informelitoral.com.ar\/","logo":{"@type":"ImageObject","inLanguage":"es","@id":"https:\/\/informelitoral.com.ar\/#\/schema\/logo\/image\/","url":"https:\/\/informelitoral.com.ar\/%77%70%2d%63%6f%6e%74%65%6e%74\/uploads\/2021\/01\/circulo.png","contentUrl":"https:\/\/informelitoral.com.ar\/%77%70%2d%63%6f%6e%74%65%6e%74\/uploads\/2021\/01\/circulo.png","width":723,"height":731,"caption":"Informe Litoral"},"image":{"@id":"https:\/\/informelitoral.com.ar\/#\/schema\/logo\/image\/"},"sameAs":["https:\/\/www.facebook.com\/informelitoral\/","https:\/\/x.com\/InformeLitoral","https:\/\/www.instagram.com\/informelitoral\/","https:\/\/www.youtube.com\/channel\/UCua4Qvz8Icb6MYqhoq9xLXw"]},{"@type":"Person","@id":"https:\/\/informelitoral.com.ar\/#\/schema\/person\/b9d00407c836482871ef1d57bf8e3180","name":"Gonzalo Schmidt","image":{"@type":"ImageObject","inLanguage":"es","@id":"https:\/\/secure.gravatar.com\/avatar\/31a1a7b66ff2de83bd0e9fd79d026630d2d99e55e8bfe501287647b4fd9743de?s=96&d=mm&r=g","url":"https:\/\/secure.gravatar.com\/avatar\/31a1a7b66ff2de83bd0e9fd79d026630d2d99e55e8bfe501287647b4fd9743de?s=96&d=mm&r=g","contentUrl":"https:\/\/secure.gravatar.com\/avatar\/31a1a7b66ff2de83bd0e9fd79d026630d2d99e55e8bfe501287647b4fd9743de?s=96&d=mm&r=g","caption":"Gonzalo Schmidt"},"description":"Sitio web de noticias de la provincia de Entre R\u00edos, Argentina. Informaci\u00f3n y entretenimiento. Informe Litoral, nos informamos.","sameAs":["http:\/\/www.isletasnoticias.com.ar"],"url":"https:\/\/informelitoral.com.ar\/author\/gonzalo\/"}]}},"_links":{"self":[{"href":"https:\/\/informelitoral.com.ar\/%77%70%2d%6a%73%6f%6e\/wp\/v2\/posts\/211892","targetHints":{"allow":["GET"]}}],"collection":[{"href":"https:\/\/informelitoral.com.ar\/%77%70%2d%6a%73%6f%6e\/wp\/v2\/posts"}],"about":[{"href":"https:\/\/informelitoral.com.ar\/%77%70%2d%6a%73%6f%6e\/wp\/v2\/types\/post"}],"author":[{"embeddable":true,"href":"https:\/\/informelitoral.com.ar\/%77%70%2d%6a%73%6f%6e\/wp\/v2\/users\/2"}],"replies":[{"embeddable":true,"href":"https:\/\/informelitoral.com.ar\/%77%70%2d%6a%73%6f%6e\/wp\/v2\/comments?post=211892"}],"version-history":[{"count":0,"href":"https:\/\/informelitoral.com.ar\/%77%70%2d%6a%73%6f%6e\/wp\/v2\/posts\/211892\/revisions"}],"wp:featuredmedia":[{"embeddable":true,"href":"https:\/\/informelitoral.com.ar\/%77%70%2d%6a%73%6f%6e\/wp\/v2\/media\/204647"}],"wp:attachment":[{"href":"https:\/\/informelitoral.com.ar\/%77%70%2d%6a%73%6f%6e\/wp\/v2\/media?parent=211892"}],"wp:term":[{"taxonomy":"category","embeddable":true,"href":"https:\/\/informelitoral.com.ar\/%77%70%2d%6a%73%6f%6e\/wp\/v2\/categories?post=211892"},{"taxonomy":"post_tag","embeddable":true,"href":"https:\/\/informelitoral.com.ar\/%77%70%2d%6a%73%6f%6e\/wp\/v2\/tags?post=211892"}],"curies":[{"name":"wp","href":"https:\/\/api.w.org\/{rel}","templated":true}]}}