{"id":211886,"date":"2025-02-14T06:09:02","date_gmt":"2025-02-14T09:09:02","guid":{"rendered":"https:\/\/informelitoral.com.ar\/?p=211886"},"modified":"2025-02-14T07:21:29","modified_gmt":"2025-02-14T10:21:29","slug":"anuncian-un-fin-de-semana-inestable","status":"publish","type":"post","link":"https:\/\/informelitoral.com.ar\/anuncian-un-fin-de-semana-inestable\/","title":{"rendered":"Anuncian un fin de semana inestable"},"content":{"rendered":"<p>Un sistema frontal fr\u00edo avanza sobre el centro y este del pa\u00eds, provocando una seguidilla de d\u00edas con lluvias de variada intensidad. Las temperaturas se mantendr\u00e1n moderadas hasta la pr\u00f3xima semana, seg\u00fan inform\u00f3 el Servicio Meteorol\u00f3gico Nacional (SMN).<\/p>\n<p>De acuerdo con el meteor\u00f3logo Leonardo De Benedectis, \u201clas provincias m\u00e1s afectadas ser\u00e1n C\u00f3rdoba, Santa Fe y Entre R\u00edos, donde se esperan los acumulados m\u00e1s significativos de precipitaciones\u201d. Este sistema frontal se desplazar\u00e1 lentamente hacia el norte, favoreciendo el desarrollo de lluvias en su recorrido.<\/p>\n<p>Las precipitaciones ser\u00e1n err\u00e1ticas y aisladas, pero persistentes. En cuanto a las temperaturas, se mantendr\u00e1n estables durante el fin de semana, aunque para la pr\u00f3xima semana se espera un nuevo repunte t\u00e9rmico.<\/p>\n<h2><strong>Pron\u00f3stico para el fin de semana en la regi\u00f3n<\/strong><\/h2>\n<p>El SMN pronostica condiciones de inestabilidad durante todo el fin de semana:<\/p>\n<p><b>S\u00e1bado:<\/b>\u00a0Temperatura m\u00ednima de 22\u00b0C y m\u00e1xima de 31\u00b0C. Se prev\u00e9n lluvias aisladas a lo largo del d\u00eda, con vientos del noroeste.<\/p>\n<p><b>Domingo:<\/b>\u00a0Condiciones similares, con temperaturas que oscilar\u00e1n entre los 22\u00b0C de m\u00ednima y 35\u00b0C de m\u00e1xima. Las lluvias estar\u00e1n presentes principalmente en la ma\u00f1ana.<\/p>\n<p><b>Lunes:<\/b>\u00a0comenzar\u00eda a estabilizarse el clima, con temperaturas entre los 20\u00b0C y 34\u00b0C.<\/p>\n<h2><strong>Alerta por tormentas fuertes en el centro del pa\u00eds<\/strong><\/h2>\n<p>El SMN emiti\u00f3 una alerta por tormentas fuertes debido a la combinaci\u00f3n de una masa de aire h\u00famedo con el avance del sistema frontal. Se esperan precipitaciones intensas que podr\u00edan acumular hasta 50 mm en cortos per\u00edodos, con posibilidad de superar este registro en algunas zonas.<\/p>\n<p>Adem\u00e1s, las tormentas podr\u00edan estar acompa\u00f1adas de vientos con velocidades entre 60 y 90 km\/h y fuerte actividad el\u00e9ctrica.<\/p>\n<p>Las provincias m\u00e1s afectadas ser\u00e1n Entre R\u00edos, Santa Fe y C\u00f3rdoba, mientras que otras zonas en alerta amarilla incluyen el norte de Buenos Aires, norte de La Pampa, San Luis, noreste de Mendoza, sudeste de San Juan y sur de La Rioja.<\/p>\n<h2><strong>Temperaturas moderadas<\/strong><\/h2>\n<p>Tras los registros t\u00e9rmicos elevados de la semana pasada, las temperaturas han descendido en el centro del pa\u00eds, ubic\u00e1ndose dentro de los valores normales para febrero. Aunque habr\u00e1 oscilaciones, no se esperan cambios abruptos en los pr\u00f3ximos d\u00edas.<\/p>\n<p>En la franja norte, el descenso t\u00e9rmico se har\u00e1 sentir durante el fin de semana con la rotaci\u00f3n del viento al sector sur, lo que favorecer\u00e1 la disminuci\u00f3n de las temperaturas hasta inicios de la pr\u00f3xima semana.\u00a0<i>(Meteored)<\/i><\/p>\n","protected":false},"excerpt":{"rendered":"<p>Las lluvias ser\u00e1n de intensidad variable y se producir\u00e1n debido al avance un frente fr\u00edo sobre el centro del pa\u00eds. Las temperaturas ser\u00e1n moderadas.<\/p>\n","protected":false},"author":2,"featured_media":209762,"comment_status":"open","ping_status":"open","sticky":false,"template":"","format":"standard","meta":{"fifu_image_url":"","fifu_image_alt":"","footnotes":""},"categories":[7],"tags":[38,114,2759,113],"class_list":{"0":"post-211886","1":"post","2":"type-post","3":"status-publish","4":"format-standard","5":"has-post-thumbnail","7":"category-nacionales","8":"tag-el-tiempo","9":"tag-pronostico","10":"tag-pronostico-del-tiempo","11":"tag-smn"},"yoast_head":"<title>Anuncian un fin de semana inestable - Informe Litoral<\/title>\n<meta name=\"robots\" content=\"index, follow, max-snippet:-1, max-image-preview:large, max-video-preview:-1\" \/>\n<link rel=\"canonical\" href=\"https:\/\/informelitoral.com.ar\/anuncian-un-fin-de-semana-inestable\/\" \/>\n<meta property=\"og:locale\" content=\"es_ES\" \/>\n<meta property=\"og:type\" content=\"article\" \/>\n<meta property=\"og:title\" content=\"Anuncian un fin de semana inestable - Informe Litoral\" \/>\n<meta property=\"og:description\" content=\"Las lluvias ser\u00e1n de intensidad variable y se producir\u00e1n debido al avance un frente fr\u00edo sobre el centro del pa\u00eds. Las temperaturas ser\u00e1n moderadas.\" \/>\n<meta property=\"og:url\" content=\"https:\/\/informelitoral.com.ar\/anuncian-un-fin-de-semana-inestable\/\" \/>\n<meta property=\"og:site_name\" content=\"Informe Litoral\" \/>\n<meta property=\"article:publisher\" content=\"https:\/\/www.facebook.com\/informelitoral\/\" \/>\n<meta property=\"article:published_time\" content=\"2025-02-14T09:09:02+00:00\" \/>\n<meta property=\"article:modified_time\" content=\"2025-02-14T10:21:29+00:00\" \/>\n<meta property=\"og:image\" content=\"https:\/\/informelitoral.com.ar\/%77%70%2d%63%6f%6e%74%65%6e%74\/uploads\/2025\/01\/chaparrones.png\" \/>\n\t<meta property=\"og:image:width\" content=\"715\" \/>\n\t<meta property=\"og:image:height\" content=\"333\" \/>\n\t<meta property=\"og:image:type\" content=\"image\/png\" \/>\n<meta name=\"author\" content=\"Gonzalo Schmidt\" \/>\n<meta name=\"twitter:card\" content=\"summary_large_image\" \/>\n<meta name=\"twitter:creator\" content=\"@InformeLitoral\" \/>\n<meta name=\"twitter:site\" content=\"@InformeLitoral\" \/>\n<meta name=\"twitter:label1\" content=\"Escrito por\" \/>\n\t<meta name=\"twitter:data1\" content=\"Gonzalo Schmidt\" \/>\n\t<meta name=\"twitter:label2\" content=\"Tiempo de lectura\" \/>\n\t<meta name=\"twitter:data2\" content=\"2 minutos\" \/>\n<script type=\"application\/ld+json\" class=\"yoast-schema-graph\">{\"@context\":\"https:\\\/\\\/schema.org\",\"@graph\":[{\"@type\":\"Article\",\"@id\":\"https:\\\/\\\/informelitoral.com.ar\\\/anuncian-un-fin-de-semana-inestable\\\/#article\",\"isPartOf\":{\"@id\":\"https:\\\/\\\/informelitoral.com.ar\\\/anuncian-un-fin-de-semana-inestable\\\/\"},\"author\":{\"name\":\"Gonzalo Schmidt\",\"@id\":\"https:\\\/\\\/informelitoral.com.ar\\\/#\\\/schema\\\/person\\\/b9d00407c836482871ef1d57bf8e3180\"},\"headline\":\"Anuncian un fin de semana inestable\",\"datePublished\":\"2025-02-14T09:09:02+00:00\",\"dateModified\":\"2025-02-14T10:21:29+00:00\",\"mainEntityOfPage\":{\"@id\":\"https:\\\/\\\/informelitoral.com.ar\\\/anuncian-un-fin-de-semana-inestable\\\/\"},\"wordCount\":446,\"commentCount\":0,\"publisher\":{\"@id\":\"https:\\\/\\\/informelitoral.com.ar\\\/#organization\"},\"image\":{\"@id\":\"https:\\\/\\\/informelitoral.com.ar\\\/anuncian-un-fin-de-semana-inestable\\\/#primaryimage\"},\"thumbnailUrl\":\"https:\\\/\\\/informelitoral.com.ar\\\/%77%70%2d%63%6f%6e%74%65%6e%74\\\/uploads\\\/2025\\\/01\\\/chaparrones.png\",\"keywords\":[\"El tiempo\",\"Pron\u00f3stico\",\"Pron\u00f3stico del tiempo\",\"SMN\"],\"articleSection\":[\"Nacionales\"],\"inLanguage\":\"es\",\"potentialAction\":[{\"@type\":\"CommentAction\",\"name\":\"Comment\",\"target\":[\"https:\\\/\\\/informelitoral.com.ar\\\/anuncian-un-fin-de-semana-inestable\\\/#respond\"]}]},{\"@type\":\"WebPage\",\"@id\":\"https:\\\/\\\/informelitoral.com.ar\\\/anuncian-un-fin-de-semana-inestable\\\/\",\"url\":\"https:\\\/\\\/informelitoral.com.ar\\\/anuncian-un-fin-de-semana-inestable\\\/\",\"name\":\"Anuncian un fin de semana inestable - Informe Litoral\",\"isPartOf\":{\"@id\":\"https:\\\/\\\/informelitoral.com.ar\\\/#website\"},\"primaryImageOfPage\":{\"@id\":\"https:\\\/\\\/informelitoral.com.ar\\\/anuncian-un-fin-de-semana-inestable\\\/#primaryimage\"},\"image\":{\"@id\":\"https:\\\/\\\/informelitoral.com.ar\\\/anuncian-un-fin-de-semana-inestable\\\/#primaryimage\"},\"thumbnailUrl\":\"https:\\\/\\\/informelitoral.com.ar\\\/%77%70%2d%63%6f%6e%74%65%6e%74\\\/uploads\\\/2025\\\/01\\\/chaparrones.png\",\"datePublished\":\"2025-02-14T09:09:02+00:00\",\"dateModified\":\"2025-02-14T10:21:29+00:00\",\"breadcrumb\":{\"@id\":\"https:\\\/\\\/informelitoral.com.ar\\\/anuncian-un-fin-de-semana-inestable\\\/#breadcrumb\"},\"inLanguage\":\"es\",\"potentialAction\":[{\"@type\":\"ReadAction\",\"target\":[\"https:\\\/\\\/informelitoral.com.ar\\\/anuncian-un-fin-de-semana-inestable\\\/\"]}]},{\"@type\":\"ImageObject\",\"inLanguage\":\"es\",\"@id\":\"https:\\\/\\\/informelitoral.com.ar\\\/anuncian-un-fin-de-semana-inestable\\\/#primaryimage\",\"url\":\"https:\\\/\\\/informelitoral.com.ar\\\/%77%70%2d%63%6f%6e%74%65%6e%74\\\/uploads\\\/2025\\\/01\\\/chaparrones.png\",\"contentUrl\":\"https:\\\/\\\/informelitoral.com.ar\\\/%77%70%2d%63%6f%6e%74%65%6e%74\\\/uploads\\\/2025\\\/01\\\/chaparrones.png\",\"width\":715,\"height\":333,\"caption\":\"Imagen ilustrativa.\"},{\"@type\":\"BreadcrumbList\",\"@id\":\"https:\\\/\\\/informelitoral.com.ar\\\/anuncian-un-fin-de-semana-inestable\\\/#breadcrumb\",\"itemListElement\":[{\"@type\":\"ListItem\",\"position\":1,\"name\":\"Portada\",\"item\":\"https:\\\/\\\/informelitoral.com.ar\\\/\"},{\"@type\":\"ListItem\",\"position\":2,\"name\":\"Anuncian un fin de semana inestable\"}]},{\"@type\":\"WebSite\",\"@id\":\"https:\\\/\\\/informelitoral.com.ar\\\/#website\",\"url\":\"https:\\\/\\\/informelitoral.com.ar\\\/\",\"name\":\"Informe Litoral\",\"description\":\"&quot;Nos informamos&quot; \",\"publisher\":{\"@id\":\"https:\\\/\\\/informelitoral.com.ar\\\/#organization\"},\"potentialAction\":[{\"@type\":\"SearchAction\",\"target\":{\"@type\":\"EntryPoint\",\"urlTemplate\":\"https:\\\/\\\/informelitoral.com.ar\\\/?s={search_term_string}\"},\"query-input\":{\"@type\":\"PropertyValueSpecification\",\"valueRequired\":true,\"valueName\":\"search_term_string\"}}],\"inLanguage\":\"es\"},{\"@type\":\"Organization\",\"@id\":\"https:\\\/\\\/informelitoral.com.ar\\\/#organization\",\"name\":\"Informe Litoral\",\"url\":\"https:\\\/\\\/informelitoral.com.ar\\\/\",\"logo\":{\"@type\":\"ImageObject\",\"inLanguage\":\"es\",\"@id\":\"https:\\\/\\\/informelitoral.com.ar\\\/#\\\/schema\\\/logo\\\/image\\\/\",\"url\":\"https:\\\/\\\/informelitoral.com.ar\\\/%77%70%2d%63%6f%6e%74%65%6e%74\\\/uploads\\\/2021\\\/01\\\/circulo.png\",\"contentUrl\":\"https:\\\/\\\/informelitoral.com.ar\\\/%77%70%2d%63%6f%6e%74%65%6e%74\\\/uploads\\\/2021\\\/01\\\/circulo.png\",\"width\":723,\"height\":731,\"caption\":\"Informe Litoral\"},\"image\":{\"@id\":\"https:\\\/\\\/informelitoral.com.ar\\\/#\\\/schema\\\/logo\\\/image\\\/\"},\"sameAs\":[\"https:\\\/\\\/www.facebook.com\\\/informelitoral\\\/\",\"https:\\\/\\\/x.com\\\/InformeLitoral\",\"https:\\\/\\\/www.instagram.com\\\/informelitoral\\\/\",\"https:\\\/\\\/www.youtube.com\\\/channel\\\/UCua4Qvz8Icb6MYqhoq9xLXw\"]},{\"@type\":\"Person\",\"@id\":\"https:\\\/\\\/informelitoral.com.ar\\\/#\\\/schema\\\/person\\\/b9d00407c836482871ef1d57bf8e3180\",\"name\":\"Gonzalo Schmidt\",\"image\":{\"@type\":\"ImageObject\",\"inLanguage\":\"es\",\"@id\":\"https:\\\/\\\/secure.gravatar.com\\\/avatar\\\/31a1a7b66ff2de83bd0e9fd79d026630d2d99e55e8bfe501287647b4fd9743de?s=96&d=mm&r=g\",\"url\":\"https:\\\/\\\/secure.gravatar.com\\\/avatar\\\/31a1a7b66ff2de83bd0e9fd79d026630d2d99e55e8bfe501287647b4fd9743de?s=96&d=mm&r=g\",\"contentUrl\":\"https:\\\/\\\/secure.gravatar.com\\\/avatar\\\/31a1a7b66ff2de83bd0e9fd79d026630d2d99e55e8bfe501287647b4fd9743de?s=96&d=mm&r=g\",\"caption\":\"Gonzalo Schmidt\"},\"description\":\"Sitio web de noticias de la provincia de Entre R\u00edos, Argentina. Informaci\u00f3n y entretenimiento. Informe Litoral, nos informamos.\",\"sameAs\":[\"http:\\\/\\\/www.isletasnoticias.com.ar\"],\"url\":\"https:\\\/\\\/informelitoral.com.ar\\\/author\\\/gonzalo\\\/\"}]}<\/script>","yoast_head_json":{"title":"Anuncian un fin de semana inestable - Informe Litoral","robots":{"index":"index","follow":"follow","max-snippet":"max-snippet:-1","max-image-preview":"max-image-preview:large","max-video-preview":"max-video-preview:-1"},"canonical":"https:\/\/informelitoral.com.ar\/anuncian-un-fin-de-semana-inestable\/","og_locale":"es_ES","og_type":"article","og_title":"Anuncian un fin de semana inestable - Informe Litoral","og_description":"Las lluvias ser\u00e1n de intensidad variable y se producir\u00e1n debido al avance un frente fr\u00edo sobre el centro del pa\u00eds. Las temperaturas ser\u00e1n moderadas.","og_url":"https:\/\/informelitoral.com.ar\/anuncian-un-fin-de-semana-inestable\/","og_site_name":"Informe Litoral","article_publisher":"https:\/\/www.facebook.com\/informelitoral\/","article_published_time":"2025-02-14T09:09:02+00:00","article_modified_time":"2025-02-14T10:21:29+00:00","og_image":[{"width":715,"height":333,"url":"https:\/\/informelitoral.com.ar\/%77%70%2d%63%6f%6e%74%65%6e%74\/uploads\/2025\/01\/chaparrones.png","type":"image\/png"}],"author":"Gonzalo Schmidt","twitter_card":"summary_large_image","twitter_creator":"@InformeLitoral","twitter_site":"@InformeLitoral","twitter_misc":{"Escrito por":"Gonzalo Schmidt","Tiempo de lectura":"2 minutos"},"schema":{"@context":"https:\/\/schema.org","@graph":[{"@type":"Article","@id":"https:\/\/informelitoral.com.ar\/anuncian-un-fin-de-semana-inestable\/#article","isPartOf":{"@id":"https:\/\/informelitoral.com.ar\/anuncian-un-fin-de-semana-inestable\/"},"author":{"name":"Gonzalo Schmidt","@id":"https:\/\/informelitoral.com.ar\/#\/schema\/person\/b9d00407c836482871ef1d57bf8e3180"},"headline":"Anuncian un fin de semana inestable","datePublished":"2025-02-14T09:09:02+00:00","dateModified":"2025-02-14T10:21:29+00:00","mainEntityOfPage":{"@id":"https:\/\/informelitoral.com.ar\/anuncian-un-fin-de-semana-inestable\/"},"wordCount":446,"commentCount":0,"publisher":{"@id":"https:\/\/informelitoral.com.ar\/#organization"},"image":{"@id":"https:\/\/informelitoral.com.ar\/anuncian-un-fin-de-semana-inestable\/#primaryimage"},"thumbnailUrl":"https:\/\/informelitoral.com.ar\/%77%70%2d%63%6f%6e%74%65%6e%74\/uploads\/2025\/01\/chaparrones.png","keywords":["El tiempo","Pron\u00f3stico","Pron\u00f3stico del tiempo","SMN"],"articleSection":["Nacionales"],"inLanguage":"es","potentialAction":[{"@type":"CommentAction","name":"Comment","target":["https:\/\/informelitoral.com.ar\/anuncian-un-fin-de-semana-inestable\/#respond"]}]},{"@type":"WebPage","@id":"https:\/\/informelitoral.com.ar\/anuncian-un-fin-de-semana-inestable\/","url":"https:\/\/informelitoral.com.ar\/anuncian-un-fin-de-semana-inestable\/","name":"Anuncian un fin de semana inestable - Informe Litoral","isPartOf":{"@id":"https:\/\/informelitoral.com.ar\/#website"},"primaryImageOfPage":{"@id":"https:\/\/informelitoral.com.ar\/anuncian-un-fin-de-semana-inestable\/#primaryimage"},"image":{"@id":"https:\/\/informelitoral.com.ar\/anuncian-un-fin-de-semana-inestable\/#primaryimage"},"thumbnailUrl":"https:\/\/informelitoral.com.ar\/%77%70%2d%63%6f%6e%74%65%6e%74\/uploads\/2025\/01\/chaparrones.png","datePublished":"2025-02-14T09:09:02+00:00","dateModified":"2025-02-14T10:21:29+00:00","breadcrumb":{"@id":"https:\/\/informelitoral.com.ar\/anuncian-un-fin-de-semana-inestable\/#breadcrumb"},"inLanguage":"es","potentialAction":[{"@type":"ReadAction","target":["https:\/\/informelitoral.com.ar\/anuncian-un-fin-de-semana-inestable\/"]}]},{"@type":"ImageObject","inLanguage":"es","@id":"https:\/\/informelitoral.com.ar\/anuncian-un-fin-de-semana-inestable\/#primaryimage","url":"https:\/\/informelitoral.com.ar\/%77%70%2d%63%6f%6e%74%65%6e%74\/uploads\/2025\/01\/chaparrones.png","contentUrl":"https:\/\/informelitoral.com.ar\/%77%70%2d%63%6f%6e%74%65%6e%74\/uploads\/2025\/01\/chaparrones.png","width":715,"height":333,"caption":"Imagen ilustrativa."},{"@type":"BreadcrumbList","@id":"https:\/\/informelitoral.com.ar\/anuncian-un-fin-de-semana-inestable\/#breadcrumb","itemListElement":[{"@type":"ListItem","position":1,"name":"Portada","item":"https:\/\/informelitoral.com.ar\/"},{"@type":"ListItem","position":2,"name":"Anuncian un fin de semana inestable"}]},{"@type":"WebSite","@id":"https:\/\/informelitoral.com.ar\/#website","url":"https:\/\/informelitoral.com.ar\/","name":"Informe Litoral","description":"&quot;Nos informamos&quot; ","publisher":{"@id":"https:\/\/informelitoral.com.ar\/#organization"},"potentialAction":[{"@type":"SearchAction","target":{"@type":"EntryPoint","urlTemplate":"https:\/\/informelitoral.com.ar\/?s={search_term_string}"},"query-input":{"@type":"PropertyValueSpecification","valueRequired":true,"valueName":"search_term_string"}}],"inLanguage":"es"},{"@type":"Organization","@id":"https:\/\/informelitoral.com.ar\/#organization","name":"Informe Litoral","url":"https:\/\/informelitoral.com.ar\/","logo":{"@type":"ImageObject","inLanguage":"es","@id":"https:\/\/informelitoral.com.ar\/#\/schema\/logo\/image\/","url":"https:\/\/informelitoral.com.ar\/%77%70%2d%63%6f%6e%74%65%6e%74\/uploads\/2021\/01\/circulo.png","contentUrl":"https:\/\/informelitoral.com.ar\/%77%70%2d%63%6f%6e%74%65%6e%74\/uploads\/2021\/01\/circulo.png","width":723,"height":731,"caption":"Informe Litoral"},"image":{"@id":"https:\/\/informelitoral.com.ar\/#\/schema\/logo\/image\/"},"sameAs":["https:\/\/www.facebook.com\/informelitoral\/","https:\/\/x.com\/InformeLitoral","https:\/\/www.instagram.com\/informelitoral\/","https:\/\/www.youtube.com\/channel\/UCua4Qvz8Icb6MYqhoq9xLXw"]},{"@type":"Person","@id":"https:\/\/informelitoral.com.ar\/#\/schema\/person\/b9d00407c836482871ef1d57bf8e3180","name":"Gonzalo Schmidt","image":{"@type":"ImageObject","inLanguage":"es","@id":"https:\/\/secure.gravatar.com\/avatar\/31a1a7b66ff2de83bd0e9fd79d026630d2d99e55e8bfe501287647b4fd9743de?s=96&d=mm&r=g","url":"https:\/\/secure.gravatar.com\/avatar\/31a1a7b66ff2de83bd0e9fd79d026630d2d99e55e8bfe501287647b4fd9743de?s=96&d=mm&r=g","contentUrl":"https:\/\/secure.gravatar.com\/avatar\/31a1a7b66ff2de83bd0e9fd79d026630d2d99e55e8bfe501287647b4fd9743de?s=96&d=mm&r=g","caption":"Gonzalo Schmidt"},"description":"Sitio web de noticias de la provincia de Entre R\u00edos, Argentina. Informaci\u00f3n y entretenimiento. Informe Litoral, nos informamos.","sameAs":["http:\/\/www.isletasnoticias.com.ar"],"url":"https:\/\/informelitoral.com.ar\/author\/gonzalo\/"}]}},"_links":{"self":[{"href":"https:\/\/informelitoral.com.ar\/%77%70%2d%6a%73%6f%6e\/wp\/v2\/posts\/211886","targetHints":{"allow":["GET"]}}],"collection":[{"href":"https:\/\/informelitoral.com.ar\/%77%70%2d%6a%73%6f%6e\/wp\/v2\/posts"}],"about":[{"href":"https:\/\/informelitoral.com.ar\/%77%70%2d%6a%73%6f%6e\/wp\/v2\/types\/post"}],"author":[{"embeddable":true,"href":"https:\/\/informelitoral.com.ar\/%77%70%2d%6a%73%6f%6e\/wp\/v2\/users\/2"}],"replies":[{"embeddable":true,"href":"https:\/\/informelitoral.com.ar\/%77%70%2d%6a%73%6f%6e\/wp\/v2\/comments?post=211886"}],"version-history":[{"count":0,"href":"https:\/\/informelitoral.com.ar\/%77%70%2d%6a%73%6f%6e\/wp\/v2\/posts\/211886\/revisions"}],"wp:featuredmedia":[{"embeddable":true,"href":"https:\/\/informelitoral.com.ar\/%77%70%2d%6a%73%6f%6e\/wp\/v2\/media\/209762"}],"wp:attachment":[{"href":"https:\/\/informelitoral.com.ar\/%77%70%2d%6a%73%6f%6e\/wp\/v2\/media?parent=211886"}],"wp:term":[{"taxonomy":"category","embeddable":true,"href":"https:\/\/informelitoral.com.ar\/%77%70%2d%6a%73%6f%6e\/wp\/v2\/categories?post=211886"},{"taxonomy":"post_tag","embeddable":true,"href":"https:\/\/informelitoral.com.ar\/%77%70%2d%6a%73%6f%6e\/wp\/v2\/tags?post=211886"}],"curies":[{"name":"wp","href":"https:\/\/api.w.org\/{rel}","templated":true}]}}