{"id":211803,"date":"2025-02-13T08:11:35","date_gmt":"2025-02-13T11:11:35","guid":{"rendered":"https:\/\/informelitoral.com.ar\/?p=211803"},"modified":"2025-02-13T08:11:35","modified_gmt":"2025-02-13T11:11:35","slug":"la-autocritica-de-gallardo-tras-el-empate-de-river-ante-godoy-cruz","status":"publish","type":"post","link":"https:\/\/informelitoral.com.ar\/la-autocritica-de-gallardo-tras-el-empate-de-river-ante-godoy-cruz\/","title":{"rendered":"La autocr\u00edtica de Gallardo tras el empate de River ante Godoy Cruz"},"content":{"rendered":"<p class=\"paragraph\"><b>River no tuvo un buen desempe\u00f1o y empat\u00f3 0-0 en su visita a Godoy Cruz<\/b>\u00a0por la quinta fecha del Torneo Apertura.<b>\u00a0Marcelo Gallardo<\/b>\u00a0habl\u00f3 en conferencia de prensa despu\u00e9s del partido,\u00a0<b>analiz\u00f3 el irregular momento que atraviesa su equipo y no le escap\u00f3 a la autocr\u00edtica.<\/b><\/p>\n<div class=\"AV6543bedcd858799fe90b5c47\">\n<div id=\"aniBox\">\n<div id=\"aniplayer_AV6543bedcd858799fe90b5c47-1739445035356\">\n<div id=\"aniplayer_AV6543bedcd858799fe90b5c47-1739445035356gui\">\n<div id=\"av-caption\">\n<div id=\"av-close-btn-overlay\" class=\"av-pos-top-left\"><\/div>\n<\/div>\n<\/div>\n<\/div>\n<\/div>\n<\/div>\n<p class=\"paragraph\">\u201c<b>Hay que seguir insistiendo, no queda otra. Seguir en la b\u00fasqueda del mejor funcionamiento posible, de la mejor versi\u00f3n individual de los futbolistas para terminar de soltarse<\/b>. Cuando las cosas no salen como deseamos o como hubi\u00e9semos preferido que estuvieran a esta altura&#8230; no est\u00e1 sucediendo. Hay que ser conscientes, realistas con lo que nos est\u00e1 pasando. Tengo buenos jugadores, tiene que aparecer el funcionamiento\u201d, asegur\u00f3.<\/p>\n<figure class=\"\" data-testid=\"figure-testid\">\n<div class=\"aspect_ratio__container\"><picture class=\"responsive-image\"><source srcset=\"https:\/\/tn.com.ar\/resizer\/v2\/marcelo-gallardo-hablo-del-desempeno-de-river-en-el-partido-ante-godoy-cruz-foto-reuters-5FHGY4JUUZBYBJBIHFTTYJUDHM.jpg?auth=9f3602e4926fcf75d4b77b43da602b273454a41249c0f2c7390e83f951425e2f&amp;width=767\" type=\"image\/jpg\" media=\"(max-width: 728px)\" \/><source srcset=\"https:\/\/tn.com.ar\/resizer\/v2\/marcelo-gallardo-hablo-del-desempeno-de-river-en-el-partido-ante-godoy-cruz-foto-reuters-5FHGY4JUUZBYBJBIHFTTYJUDHM.jpg?auth=9f3602e4926fcf75d4b77b43da602b273454a41249c0f2c7390e83f951425e2f&amp;width=1023\" type=\"image\/jpg\" media=\"(max-width: 1023px)\" \/><source srcset=\"https:\/\/tn.com.ar\/resizer\/v2\/marcelo-gallardo-hablo-del-desempeno-de-river-en-el-partido-ante-godoy-cruz-foto-reuters-5FHGY4JUUZBYBJBIHFTTYJUDHM.jpg?auth=9f3602e4926fcf75d4b77b43da602b273454a41249c0f2c7390e83f951425e2f&amp;width=1440\" type=\"image\/jpg\" \/><img loading=\"lazy\" decoding=\"async\" class=\"image content-image image_placeholder\" src=\"https:\/\/tn.com.ar\/resizer\/v2\/marcelo-gallardo-hablo-del-desempeno-de-river-en-el-partido-ante-godoy-cruz-foto-reuters-5FHGY4JUUZBYBJBIHFTTYJUDHM.jpg?auth=9f3602e4926fcf75d4b77b43da602b273454a41249c0f2c7390e83f951425e2f&amp;width=767\" alt=\"Marcelo Gallardo habl\u00f3 del desempe\u00f1o de River en el partido ante Godoy Cruz (Foto: Reuters)\" width=\"767\" height=\"430\" data-testid=\"loading-testid\" \/><\/picture><\/div><figcaption class=\"caption_image\" data-testid=\"figcaption-testid\">\n<div class=\"image_caption \">Marcelo Gallardo habl\u00f3 del desempe\u00f1o de River en el partido ante Godoy Cruz (Foto: Reuters)<\/div>\n<\/figcaption><\/figure>\n<p class=\"paragraph\">Al mismo tiempo, la seguidilla de partidos lo oblig\u00f3 a hacer varios cambios en el equipo titular y explic\u00f3 qu\u00e9 busc\u00f3 con esta rotaci\u00f3n: \u201cA trav\u00e9s de los cambios se tiene en cuenta la carga de partidos para ir gestionando los minutos para que los jugadores no entren en lesiones. En esa b\u00fasqueda de recambio, de encontrar respuesta, es as\u00ed.<b>\u00a0Hoy hubo cambios y lo que uno pretende es que no se resienta la estructura<\/b>\u00a0y que los jugadores que no ven\u00edan jugando aprovechen sus oportunidades,<b>\u00a0para eso tenemos el plantel que tenemos<\/b>\u201d.<\/p>\n<p class=\"paragraph\">Y agreg\u00f3 -casi con frustraci\u00f3n- sobre el desempe\u00f1o del Millonario: \u201cEstamos en la b\u00fasqueda.<b>\u00a0No tengo mucho m\u00e1s para decir m\u00e1s all\u00e1 de lo que se vio.<\/b>\u00a0<b>No hay excusas. No fue bueno lo que hicimos hoy, fuimos muy predecibles, no tuvimos fiereza, agresividad en la zona ofensiva<\/b>\u00a0para quebrar a Godoy Cruz y eso nos falt\u00f3. Lo que se vio es lo que se vio. Hay que hacerse cargo y seguir laburando, porque es la \u00fanica manera\u201d.<\/p>\n<p class=\"paragraph\">Con respecto a los puntos a mejorar fue claro en su enumeraci\u00f3n: \u201c<b>Nos falta funcionar mejor, m\u00e1s creatividad<\/b>. Por momentos la tenemos, pero nos falta darle continuidad a lo bueno que queremos generar.\u00a0<b>Los partidos se abren tambi\u00e9n con situaciones individuales y eso nos est\u00e1 faltando, mayor decisi\u00f3n, insistir m\u00e1s para llegar a concretar<\/b>. Hoy Godoy Cruz casi no tuvo fallas defensivas, tuvimos situaciones aisladas\u201d.<\/p>\n<p class=\"paragraph\">A pesar de la ilusi\u00f3n que gener\u00f3 su llegada a River, Gallardo todav\u00eda no pudo encontrarle la vuelta e imprimirle su sello al equipo y\u00a0<b>asumi\u00f3 su culpa<\/b>. \u201c<b>Siempre la responsabilidad es de uno<\/b>. Todas las cosas que yo crea que faltan y que tenemos que seguir insistiendo para convencernos de que podemos jugar mejor se las comunico a los futbolistas, no te lo voy a comentar a vos.\u00a0<b>Vengo a hacer un an\u00e1lisis del partido, a hacerme cargo, es mi responsabilidad y se termin\u00f3 ah\u00ed<\/b>. Ma\u00f1ana hay que volver a trabajar con el equipo e insistir como ha sido a lo largo de mi gesti\u00f3n\u201d, afirm\u00f3.<\/p>\n<p class=\"paragraph\">Y sentenci\u00f3 con contundencia en un claro mensaje para sus futbolistas: \u201c<b>Estamos en falta todav\u00eda, en deuda con nosotros. Lo sabemos, somos autocr\u00edticos<\/b>. Analizamos y somos conscientes de la exigencia que tenemos, despu\u00e9s hay que seguir insistiendo, no queda otra\u201d.<\/p>\n","protected":false},"excerpt":{"rendered":"<p>El entrenador del Millonario analiz\u00f3 el desempe\u00f1o de su equipo y no ocult\u00f3 su molestia. \u201cNo hay excusas\u201d, afirm\u00f3.<\/p>\n","protected":false},"author":8,"featured_media":85548,"comment_status":"open","ping_status":"open","sticky":false,"template":"","format":"standard","meta":{"fifu_image_url":"","fifu_image_alt":"","footnotes":""},"categories":[13],"tags":[],"class_list":{"0":"post-211803","1":"post","2":"type-post","3":"status-publish","4":"format-standard","5":"has-post-thumbnail","7":"category-deportes"},"yoast_head":"<title>La autocr\u00edtica de Gallardo tras el empate de River ante Godoy Cruz - Informe Litoral<\/title>\n<meta name=\"robots\" content=\"index, follow, max-snippet:-1, max-image-preview:large, max-video-preview:-1\" \/>\n<link rel=\"canonical\" href=\"https:\/\/informelitoral.com.ar\/la-autocritica-de-gallardo-tras-el-empate-de-river-ante-godoy-cruz\/\" \/>\n<meta property=\"og:locale\" content=\"es_ES\" \/>\n<meta property=\"og:type\" content=\"article\" \/>\n<meta property=\"og:title\" content=\"La autocr\u00edtica de Gallardo tras el empate de River ante Godoy Cruz - Informe Litoral\" \/>\n<meta property=\"og:description\" content=\"El entrenador del Millonario analiz\u00f3 el desempe\u00f1o de su equipo y no ocult\u00f3 su molestia. \u201cNo hay excusas\u201d, afirm\u00f3.\" \/>\n<meta property=\"og:url\" content=\"https:\/\/informelitoral.com.ar\/la-autocritica-de-gallardo-tras-el-empate-de-river-ante-godoy-cruz\/\" \/>\n<meta property=\"og:site_name\" content=\"Informe Litoral\" \/>\n<meta property=\"article:publisher\" content=\"https:\/\/www.facebook.com\/informelitoral\/\" \/>\n<meta property=\"article:published_time\" content=\"2025-02-13T11:11:35+00:00\" \/>\n<meta property=\"og:image\" content=\"https:\/\/informelitoral.com.ar\/%77%70%2d%63%6f%6e%74%65%6e%74\/uploads\/2022\/09\/marcelo-gallardo.jpeg\" \/>\n\t<meta property=\"og:image:width\" content=\"1200\" \/>\n\t<meta property=\"og:image:height\" content=\"712\" \/>\n\t<meta property=\"og:image:type\" content=\"image\/jpeg\" \/>\n<meta name=\"author\" content=\"Sebastian\" \/>\n<meta name=\"twitter:card\" content=\"summary_large_image\" \/>\n<meta name=\"twitter:creator\" content=\"@InformeLitoral\" \/>\n<meta name=\"twitter:site\" content=\"@InformeLitoral\" \/>\n<meta name=\"twitter:label1\" content=\"Escrito por\" \/>\n\t<meta name=\"twitter:data1\" content=\"Sebastian\" \/>\n\t<meta name=\"twitter:label2\" content=\"Tiempo de lectura\" \/>\n\t<meta name=\"twitter:data2\" content=\"3 minutos\" \/>\n<script type=\"application\/ld+json\" class=\"yoast-schema-graph\">{\"@context\":\"https:\\\/\\\/schema.org\",\"@graph\":[{\"@type\":\"Article\",\"@id\":\"https:\\\/\\\/informelitoral.com.ar\\\/la-autocritica-de-gallardo-tras-el-empate-de-river-ante-godoy-cruz\\\/#article\",\"isPartOf\":{\"@id\":\"https:\\\/\\\/informelitoral.com.ar\\\/la-autocritica-de-gallardo-tras-el-empate-de-river-ante-godoy-cruz\\\/\"},\"author\":{\"name\":\"Sebastian\",\"@id\":\"https:\\\/\\\/informelitoral.com.ar\\\/#\\\/schema\\\/person\\\/f05f9f461677119578717524b127d6d5\"},\"headline\":\"La autocr\u00edtica de Gallardo tras el empate de River ante Godoy Cruz\",\"datePublished\":\"2025-02-13T11:11:35+00:00\",\"mainEntityOfPage\":{\"@id\":\"https:\\\/\\\/informelitoral.com.ar\\\/la-autocritica-de-gallardo-tras-el-empate-de-river-ante-godoy-cruz\\\/\"},\"wordCount\":553,\"commentCount\":0,\"publisher\":{\"@id\":\"https:\\\/\\\/informelitoral.com.ar\\\/#organization\"},\"image\":{\"@id\":\"https:\\\/\\\/informelitoral.com.ar\\\/la-autocritica-de-gallardo-tras-el-empate-de-river-ante-godoy-cruz\\\/#primaryimage\"},\"thumbnailUrl\":\"https:\\\/\\\/informelitoral.com.ar\\\/%77%70%2d%63%6f%6e%74%65%6e%74\\\/uploads\\\/2022\\\/09\\\/marcelo-gallardo.jpeg\",\"articleSection\":[\"Deportes\"],\"inLanguage\":\"es\",\"potentialAction\":[{\"@type\":\"CommentAction\",\"name\":\"Comment\",\"target\":[\"https:\\\/\\\/informelitoral.com.ar\\\/la-autocritica-de-gallardo-tras-el-empate-de-river-ante-godoy-cruz\\\/#respond\"]}]},{\"@type\":\"WebPage\",\"@id\":\"https:\\\/\\\/informelitoral.com.ar\\\/la-autocritica-de-gallardo-tras-el-empate-de-river-ante-godoy-cruz\\\/\",\"url\":\"https:\\\/\\\/informelitoral.com.ar\\\/la-autocritica-de-gallardo-tras-el-empate-de-river-ante-godoy-cruz\\\/\",\"name\":\"La autocr\u00edtica de Gallardo tras el empate de River ante Godoy Cruz - Informe Litoral\",\"isPartOf\":{\"@id\":\"https:\\\/\\\/informelitoral.com.ar\\\/#website\"},\"primaryImageOfPage\":{\"@id\":\"https:\\\/\\\/informelitoral.com.ar\\\/la-autocritica-de-gallardo-tras-el-empate-de-river-ante-godoy-cruz\\\/#primaryimage\"},\"image\":{\"@id\":\"https:\\\/\\\/informelitoral.com.ar\\\/la-autocritica-de-gallardo-tras-el-empate-de-river-ante-godoy-cruz\\\/#primaryimage\"},\"thumbnailUrl\":\"https:\\\/\\\/informelitoral.com.ar\\\/%77%70%2d%63%6f%6e%74%65%6e%74\\\/uploads\\\/2022\\\/09\\\/marcelo-gallardo.jpeg\",\"datePublished\":\"2025-02-13T11:11:35+00:00\",\"breadcrumb\":{\"@id\":\"https:\\\/\\\/informelitoral.com.ar\\\/la-autocritica-de-gallardo-tras-el-empate-de-river-ante-godoy-cruz\\\/#breadcrumb\"},\"inLanguage\":\"es\",\"potentialAction\":[{\"@type\":\"ReadAction\",\"target\":[\"https:\\\/\\\/informelitoral.com.ar\\\/la-autocritica-de-gallardo-tras-el-empate-de-river-ante-godoy-cruz\\\/\"]}]},{\"@type\":\"ImageObject\",\"inLanguage\":\"es\",\"@id\":\"https:\\\/\\\/informelitoral.com.ar\\\/la-autocritica-de-gallardo-tras-el-empate-de-river-ante-godoy-cruz\\\/#primaryimage\",\"url\":\"https:\\\/\\\/informelitoral.com.ar\\\/%77%70%2d%63%6f%6e%74%65%6e%74\\\/uploads\\\/2022\\\/09\\\/marcelo-gallardo.jpeg\",\"contentUrl\":\"https:\\\/\\\/informelitoral.com.ar\\\/%77%70%2d%63%6f%6e%74%65%6e%74\\\/uploads\\\/2022\\\/09\\\/marcelo-gallardo.jpeg\",\"width\":1200,\"height\":712},{\"@type\":\"BreadcrumbList\",\"@id\":\"https:\\\/\\\/informelitoral.com.ar\\\/la-autocritica-de-gallardo-tras-el-empate-de-river-ante-godoy-cruz\\\/#breadcrumb\",\"itemListElement\":[{\"@type\":\"ListItem\",\"position\":1,\"name\":\"Portada\",\"item\":\"https:\\\/\\\/informelitoral.com.ar\\\/\"},{\"@type\":\"ListItem\",\"position\":2,\"name\":\"La autocr\u00edtica de Gallardo tras el empate de River ante Godoy Cruz\"}]},{\"@type\":\"WebSite\",\"@id\":\"https:\\\/\\\/informelitoral.com.ar\\\/#website\",\"url\":\"https:\\\/\\\/informelitoral.com.ar\\\/\",\"name\":\"Informe Litoral\",\"description\":\"&quot;Nos informamos&quot; \",\"publisher\":{\"@id\":\"https:\\\/\\\/informelitoral.com.ar\\\/#organization\"},\"potentialAction\":[{\"@type\":\"SearchAction\",\"target\":{\"@type\":\"EntryPoint\",\"urlTemplate\":\"https:\\\/\\\/informelitoral.com.ar\\\/?s={search_term_string}\"},\"query-input\":{\"@type\":\"PropertyValueSpecification\",\"valueRequired\":true,\"valueName\":\"search_term_string\"}}],\"inLanguage\":\"es\"},{\"@type\":\"Organization\",\"@id\":\"https:\\\/\\\/informelitoral.com.ar\\\/#organization\",\"name\":\"Informe Litoral\",\"url\":\"https:\\\/\\\/informelitoral.com.ar\\\/\",\"logo\":{\"@type\":\"ImageObject\",\"inLanguage\":\"es\",\"@id\":\"https:\\\/\\\/informelitoral.com.ar\\\/#\\\/schema\\\/logo\\\/image\\\/\",\"url\":\"https:\\\/\\\/informelitoral.com.ar\\\/%77%70%2d%63%6f%6e%74%65%6e%74\\\/uploads\\\/2021\\\/01\\\/circulo.png\",\"contentUrl\":\"https:\\\/\\\/informelitoral.com.ar\\\/%77%70%2d%63%6f%6e%74%65%6e%74\\\/uploads\\\/2021\\\/01\\\/circulo.png\",\"width\":723,\"height\":731,\"caption\":\"Informe Litoral\"},\"image\":{\"@id\":\"https:\\\/\\\/informelitoral.com.ar\\\/#\\\/schema\\\/logo\\\/image\\\/\"},\"sameAs\":[\"https:\\\/\\\/www.facebook.com\\\/informelitoral\\\/\",\"https:\\\/\\\/x.com\\\/InformeLitoral\",\"https:\\\/\\\/www.instagram.com\\\/informelitoral\\\/\",\"https:\\\/\\\/www.youtube.com\\\/channel\\\/UCua4Qvz8Icb6MYqhoq9xLXw\"]},{\"@type\":\"Person\",\"@id\":\"https:\\\/\\\/informelitoral.com.ar\\\/#\\\/schema\\\/person\\\/f05f9f461677119578717524b127d6d5\",\"name\":\"Sebastian\",\"image\":{\"@type\":\"ImageObject\",\"inLanguage\":\"es\",\"@id\":\"https:\\\/\\\/secure.gravatar.com\\\/avatar\\\/b71bf7481d447dfb9583c7f2798e7cc64de6efb9067b74633ed8c31059a3bd82?s=96&d=mm&r=g\",\"url\":\"https:\\\/\\\/secure.gravatar.com\\\/avatar\\\/b71bf7481d447dfb9583c7f2798e7cc64de6efb9067b74633ed8c31059a3bd82?s=96&d=mm&r=g\",\"contentUrl\":\"https:\\\/\\\/secure.gravatar.com\\\/avatar\\\/b71bf7481d447dfb9583c7f2798e7cc64de6efb9067b74633ed8c31059a3bd82?s=96&d=mm&r=g\",\"caption\":\"Sebastian\"},\"url\":\"https:\\\/\\\/informelitoral.com.ar\\\/author\\\/sebastian\\\/\"}]}<\/script>","yoast_head_json":{"title":"La autocr\u00edtica de Gallardo tras el empate de River ante Godoy Cruz - Informe Litoral","robots":{"index":"index","follow":"follow","max-snippet":"max-snippet:-1","max-image-preview":"max-image-preview:large","max-video-preview":"max-video-preview:-1"},"canonical":"https:\/\/informelitoral.com.ar\/la-autocritica-de-gallardo-tras-el-empate-de-river-ante-godoy-cruz\/","og_locale":"es_ES","og_type":"article","og_title":"La autocr\u00edtica de Gallardo tras el empate de River ante Godoy Cruz - Informe Litoral","og_description":"El entrenador del Millonario analiz\u00f3 el desempe\u00f1o de su equipo y no ocult\u00f3 su molestia. \u201cNo hay excusas\u201d, afirm\u00f3.","og_url":"https:\/\/informelitoral.com.ar\/la-autocritica-de-gallardo-tras-el-empate-de-river-ante-godoy-cruz\/","og_site_name":"Informe Litoral","article_publisher":"https:\/\/www.facebook.com\/informelitoral\/","article_published_time":"2025-02-13T11:11:35+00:00","og_image":[{"width":1200,"height":712,"url":"https:\/\/informelitoral.com.ar\/%77%70%2d%63%6f%6e%74%65%6e%74\/uploads\/2022\/09\/marcelo-gallardo.jpeg","type":"image\/jpeg"}],"author":"Sebastian","twitter_card":"summary_large_image","twitter_creator":"@InformeLitoral","twitter_site":"@InformeLitoral","twitter_misc":{"Escrito por":"Sebastian","Tiempo de lectura":"3 minutos"},"schema":{"@context":"https:\/\/schema.org","@graph":[{"@type":"Article","@id":"https:\/\/informelitoral.com.ar\/la-autocritica-de-gallardo-tras-el-empate-de-river-ante-godoy-cruz\/#article","isPartOf":{"@id":"https:\/\/informelitoral.com.ar\/la-autocritica-de-gallardo-tras-el-empate-de-river-ante-godoy-cruz\/"},"author":{"name":"Sebastian","@id":"https:\/\/informelitoral.com.ar\/#\/schema\/person\/f05f9f461677119578717524b127d6d5"},"headline":"La autocr\u00edtica de Gallardo tras el empate de River ante Godoy Cruz","datePublished":"2025-02-13T11:11:35+00:00","mainEntityOfPage":{"@id":"https:\/\/informelitoral.com.ar\/la-autocritica-de-gallardo-tras-el-empate-de-river-ante-godoy-cruz\/"},"wordCount":553,"commentCount":0,"publisher":{"@id":"https:\/\/informelitoral.com.ar\/#organization"},"image":{"@id":"https:\/\/informelitoral.com.ar\/la-autocritica-de-gallardo-tras-el-empate-de-river-ante-godoy-cruz\/#primaryimage"},"thumbnailUrl":"https:\/\/informelitoral.com.ar\/%77%70%2d%63%6f%6e%74%65%6e%74\/uploads\/2022\/09\/marcelo-gallardo.jpeg","articleSection":["Deportes"],"inLanguage":"es","potentialAction":[{"@type":"CommentAction","name":"Comment","target":["https:\/\/informelitoral.com.ar\/la-autocritica-de-gallardo-tras-el-empate-de-river-ante-godoy-cruz\/#respond"]}]},{"@type":"WebPage","@id":"https:\/\/informelitoral.com.ar\/la-autocritica-de-gallardo-tras-el-empate-de-river-ante-godoy-cruz\/","url":"https:\/\/informelitoral.com.ar\/la-autocritica-de-gallardo-tras-el-empate-de-river-ante-godoy-cruz\/","name":"La autocr\u00edtica de Gallardo tras el empate de River ante Godoy Cruz - Informe Litoral","isPartOf":{"@id":"https:\/\/informelitoral.com.ar\/#website"},"primaryImageOfPage":{"@id":"https:\/\/informelitoral.com.ar\/la-autocritica-de-gallardo-tras-el-empate-de-river-ante-godoy-cruz\/#primaryimage"},"image":{"@id":"https:\/\/informelitoral.com.ar\/la-autocritica-de-gallardo-tras-el-empate-de-river-ante-godoy-cruz\/#primaryimage"},"thumbnailUrl":"https:\/\/informelitoral.com.ar\/%77%70%2d%63%6f%6e%74%65%6e%74\/uploads\/2022\/09\/marcelo-gallardo.jpeg","datePublished":"2025-02-13T11:11:35+00:00","breadcrumb":{"@id":"https:\/\/informelitoral.com.ar\/la-autocritica-de-gallardo-tras-el-empate-de-river-ante-godoy-cruz\/#breadcrumb"},"inLanguage":"es","potentialAction":[{"@type":"ReadAction","target":["https:\/\/informelitoral.com.ar\/la-autocritica-de-gallardo-tras-el-empate-de-river-ante-godoy-cruz\/"]}]},{"@type":"ImageObject","inLanguage":"es","@id":"https:\/\/informelitoral.com.ar\/la-autocritica-de-gallardo-tras-el-empate-de-river-ante-godoy-cruz\/#primaryimage","url":"https:\/\/informelitoral.com.ar\/%77%70%2d%63%6f%6e%74%65%6e%74\/uploads\/2022\/09\/marcelo-gallardo.jpeg","contentUrl":"https:\/\/informelitoral.com.ar\/%77%70%2d%63%6f%6e%74%65%6e%74\/uploads\/2022\/09\/marcelo-gallardo.jpeg","width":1200,"height":712},{"@type":"BreadcrumbList","@id":"https:\/\/informelitoral.com.ar\/la-autocritica-de-gallardo-tras-el-empate-de-river-ante-godoy-cruz\/#breadcrumb","itemListElement":[{"@type":"ListItem","position":1,"name":"Portada","item":"https:\/\/informelitoral.com.ar\/"},{"@type":"ListItem","position":2,"name":"La autocr\u00edtica de Gallardo tras el empate de River ante Godoy Cruz"}]},{"@type":"WebSite","@id":"https:\/\/informelitoral.com.ar\/#website","url":"https:\/\/informelitoral.com.ar\/","name":"Informe Litoral","description":"&quot;Nos informamos&quot; ","publisher":{"@id":"https:\/\/informelitoral.com.ar\/#organization"},"potentialAction":[{"@type":"SearchAction","target":{"@type":"EntryPoint","urlTemplate":"https:\/\/informelitoral.com.ar\/?s={search_term_string}"},"query-input":{"@type":"PropertyValueSpecification","valueRequired":true,"valueName":"search_term_string"}}],"inLanguage":"es"},{"@type":"Organization","@id":"https:\/\/informelitoral.com.ar\/#organization","name":"Informe Litoral","url":"https:\/\/informelitoral.com.ar\/","logo":{"@type":"ImageObject","inLanguage":"es","@id":"https:\/\/informelitoral.com.ar\/#\/schema\/logo\/image\/","url":"https:\/\/informelitoral.com.ar\/%77%70%2d%63%6f%6e%74%65%6e%74\/uploads\/2021\/01\/circulo.png","contentUrl":"https:\/\/informelitoral.com.ar\/%77%70%2d%63%6f%6e%74%65%6e%74\/uploads\/2021\/01\/circulo.png","width":723,"height":731,"caption":"Informe Litoral"},"image":{"@id":"https:\/\/informelitoral.com.ar\/#\/schema\/logo\/image\/"},"sameAs":["https:\/\/www.facebook.com\/informelitoral\/","https:\/\/x.com\/InformeLitoral","https:\/\/www.instagram.com\/informelitoral\/","https:\/\/www.youtube.com\/channel\/UCua4Qvz8Icb6MYqhoq9xLXw"]},{"@type":"Person","@id":"https:\/\/informelitoral.com.ar\/#\/schema\/person\/f05f9f461677119578717524b127d6d5","name":"Sebastian","image":{"@type":"ImageObject","inLanguage":"es","@id":"https:\/\/secure.gravatar.com\/avatar\/b71bf7481d447dfb9583c7f2798e7cc64de6efb9067b74633ed8c31059a3bd82?s=96&d=mm&r=g","url":"https:\/\/secure.gravatar.com\/avatar\/b71bf7481d447dfb9583c7f2798e7cc64de6efb9067b74633ed8c31059a3bd82?s=96&d=mm&r=g","contentUrl":"https:\/\/secure.gravatar.com\/avatar\/b71bf7481d447dfb9583c7f2798e7cc64de6efb9067b74633ed8c31059a3bd82?s=96&d=mm&r=g","caption":"Sebastian"},"url":"https:\/\/informelitoral.com.ar\/author\/sebastian\/"}]}},"_links":{"self":[{"href":"https:\/\/informelitoral.com.ar\/%77%70%2d%6a%73%6f%6e\/wp\/v2\/posts\/211803","targetHints":{"allow":["GET"]}}],"collection":[{"href":"https:\/\/informelitoral.com.ar\/%77%70%2d%6a%73%6f%6e\/wp\/v2\/posts"}],"about":[{"href":"https:\/\/informelitoral.com.ar\/%77%70%2d%6a%73%6f%6e\/wp\/v2\/types\/post"}],"author":[{"embeddable":true,"href":"https:\/\/informelitoral.com.ar\/%77%70%2d%6a%73%6f%6e\/wp\/v2\/users\/8"}],"replies":[{"embeddable":true,"href":"https:\/\/informelitoral.com.ar\/%77%70%2d%6a%73%6f%6e\/wp\/v2\/comments?post=211803"}],"version-history":[{"count":0,"href":"https:\/\/informelitoral.com.ar\/%77%70%2d%6a%73%6f%6e\/wp\/v2\/posts\/211803\/revisions"}],"wp:featuredmedia":[{"embeddable":true,"href":"https:\/\/informelitoral.com.ar\/%77%70%2d%6a%73%6f%6e\/wp\/v2\/media\/85548"}],"wp:attachment":[{"href":"https:\/\/informelitoral.com.ar\/%77%70%2d%6a%73%6f%6e\/wp\/v2\/media?parent=211803"}],"wp:term":[{"taxonomy":"category","embeddable":true,"href":"https:\/\/informelitoral.com.ar\/%77%70%2d%6a%73%6f%6e\/wp\/v2\/categories?post=211803"},{"taxonomy":"post_tag","embeddable":true,"href":"https:\/\/informelitoral.com.ar\/%77%70%2d%6a%73%6f%6e\/wp\/v2\/tags?post=211803"}],"curies":[{"name":"wp","href":"https:\/\/api.w.org\/{rel}","templated":true}]}}