{"id":211652,"date":"2025-02-12T09:23:30","date_gmt":"2025-02-12T12:23:30","guid":{"rendered":"https:\/\/informelitoral.com.ar\/?p=211652"},"modified":"2025-02-12T09:27:26","modified_gmt":"2025-02-12T12:27:26","slug":"aranguren-el-instituto-becario-abre-las-inscripciones-para-becas-secundarias","status":"publish","type":"post","link":"https:\/\/informelitoral.com.ar\/aranguren-el-instituto-becario-abre-las-inscripciones-para-becas-secundarias\/","title":{"rendered":"Aranguren: el Instituto Becario abre las inscripciones para becas secundarias"},"content":{"rendered":"<p>A partir del<strong> 17 de febrero<\/strong>, los estudiantes de nivel secundario de <strong>Aranguren<\/strong> podr\u00e1n acceder a las becas del <strong>Instituto Becario para el ciclo lectivo 2025<\/strong>. El tr\u00e1mite se realiza de forma online a trav\u00e9s de la p\u00e1gina web del Instituto: <strong>www.institutobecario.gov.ar<\/strong><\/p>\n<h2><strong>\u00bfQu\u00e9 necesitas para la inscripci\u00f3n?<\/strong><\/h2>\n<p>El Instituto Becario ofrece dos tipos de becas:<\/p>\n<p><strong>Renovaci\u00f3n<\/strong>: Si ya fuiste becado el a\u00f1o pasado, solo necesitas presentar la constancia de alumno regular o inscripci\u00f3n al ciclo lectivo 2025 y el bolet\u00edn de calificaciones 2024 firmado por la autoridad del establecimiento educativo.<\/p>\n<p><strong>Nuevas becas<\/strong>: Si es la primera vez que solicitas la beca, adem\u00e1s de los documentos mencionados para la renovaci\u00f3n, deber\u00e1s presentar:<\/p>\n<ul>\n<li>DNI ambos lados (del solicitante).<\/li>\n<li>Constancia de CUIL (del solicitante).<\/li>\n<li>Comprobantes de ingresos del grupo familiar (seg\u00fan corresponda):<\/li>\n<li>Trabajadores registrados: dos \u00faltimos recibos de sueldos de padres o tutores.<\/li>\n<li>Jubilados: \u00faltimo recibo de jubilaci\u00f3n.<\/li>\n<li>Asignaci\u00f3n Universal por Hijo \/ Otros planes sociales: comprobante actualizado que acredite con datos personales dicho beneficio.<\/li>\n<li>Trabajadores no registrados: declaraci\u00f3n jurada realizada en el juzgado o comisar\u00eda m\u00e1s cercana, informando actividad e ingreso mensual aproximado, y Certificaci\u00f3n Negativa Anses actualizada.<\/li>\n<li>Desocupados: Certificaci\u00f3n Negativa Anses actualizada.<\/li>\n<li>Monotributista: constancia de opci\u00f3n AFIP, donde figura la categor\u00eda.<\/li>\n<li>Titular de cobro: Si sos mayor de 18 a\u00f1os y ten\u00e9s cuenta bancaria en el Banco de Entre R\u00edos, pod\u00e9s ser titular de cobro adjuntando DNI tarjeta de ambos lados y Constancia de CUIL.<\/li>\n<\/ul>\n<h2><strong>Importante:<\/strong><\/h2>\n<p>En caso de divorcio o separaci\u00f3n de los padres, se deber\u00e1 acreditar con la documentaci\u00f3n correspondiente.<\/p>\n<p>Si existen padres o tutores fallecidos, se debe adjuntar acta de defunci\u00f3n.<br \/>\nSe debe completar y actualizar toda la informaci\u00f3n requerida en cada paso de la inscripci\u00f3n.<\/p>\n<h2><strong>\u00bfD\u00f3nde y c\u00f3mo inscribirse?<\/strong><\/h2>\n<p>Las inscripciones se realizan a trav\u00e9s de la p\u00e1gina web del Instituto Becario: www.institutobecario.gov.ar, con tu usuario y contrase\u00f1a.(<em>Informe Litoral<\/em>)<\/p>\n","protected":false},"excerpt":{"rendered":"<p>Si ten\u00e9s alguna duda o necesitas ayuda para realizar el tr\u00e1mite, pod\u00e9s acercarte al NIDO\/PD de Aranguren de lunes a viernes de 8 a 12 hs.<\/p>\n","protected":false},"author":8,"featured_media":98192,"comment_status":"open","ping_status":"open","sticky":false,"template":"","format":"standard","meta":{"fifu_image_url":"","fifu_image_alt":"","footnotes":""},"categories":[4592],"tags":[143,381],"class_list":{"0":"post-211652","1":"post","2":"type-post","3":"status-publish","4":"format-standard","5":"has-post-thumbnail","7":"category-departamento-nogoya","8":"tag-aranguren","9":"tag-becas"},"yoast_head":"<title>Aranguren: el Instituto Becario abre las inscripciones para becas secundarias - Informe Litoral<\/title>\n<meta name=\"robots\" content=\"index, follow, max-snippet:-1, max-image-preview:large, max-video-preview:-1\" \/>\n<link rel=\"canonical\" href=\"https:\/\/informelitoral.com.ar\/aranguren-el-instituto-becario-abre-las-inscripciones-para-becas-secundarias\/\" \/>\n<meta property=\"og:locale\" content=\"es_ES\" \/>\n<meta property=\"og:type\" content=\"article\" \/>\n<meta property=\"og:title\" content=\"Aranguren: el Instituto Becario abre las inscripciones para becas secundarias - Informe Litoral\" \/>\n<meta property=\"og:description\" content=\"Si ten\u00e9s alguna duda o necesitas ayuda para realizar el tr\u00e1mite, pod\u00e9s acercarte al NIDO\/PD de Aranguren de lunes a viernes de 8 a 12 hs.\" \/>\n<meta property=\"og:url\" content=\"https:\/\/informelitoral.com.ar\/aranguren-el-instituto-becario-abre-las-inscripciones-para-becas-secundarias\/\" \/>\n<meta property=\"og:site_name\" content=\"Informe Litoral\" \/>\n<meta property=\"article:publisher\" content=\"https:\/\/www.facebook.com\/informelitoral\/\" \/>\n<meta property=\"article:published_time\" content=\"2025-02-12T12:23:30+00:00\" \/>\n<meta property=\"article:modified_time\" content=\"2025-02-12T12:27:26+00:00\" \/>\n<meta property=\"og:image\" content=\"https:\/\/informelitoral.com.ar\/%77%70%2d%63%6f%6e%74%65%6e%74\/uploads\/2022\/12\/avenida-villa-aranguren.jpg\" \/>\n\t<meta property=\"og:image:width\" content=\"1600\" \/>\n\t<meta property=\"og:image:height\" content=\"1200\" \/>\n\t<meta property=\"og:image:type\" content=\"image\/jpeg\" \/>\n<meta name=\"author\" content=\"Sebastian\" \/>\n<meta name=\"twitter:card\" content=\"summary_large_image\" \/>\n<meta name=\"twitter:creator\" content=\"@InformeLitoral\" \/>\n<meta name=\"twitter:site\" content=\"@InformeLitoral\" \/>\n<meta name=\"twitter:label1\" content=\"Escrito por\" \/>\n\t<meta name=\"twitter:data1\" content=\"Sebastian\" \/>\n\t<meta name=\"twitter:label2\" content=\"Tiempo de lectura\" \/>\n\t<meta name=\"twitter:data2\" content=\"2 minutos\" \/>\n<script type=\"application\/ld+json\" class=\"yoast-schema-graph\">{\"@context\":\"https:\\\/\\\/schema.org\",\"@graph\":[{\"@type\":\"Article\",\"@id\":\"https:\\\/\\\/informelitoral.com.ar\\\/aranguren-el-instituto-becario-abre-las-inscripciones-para-becas-secundarias\\\/#article\",\"isPartOf\":{\"@id\":\"https:\\\/\\\/informelitoral.com.ar\\\/aranguren-el-instituto-becario-abre-las-inscripciones-para-becas-secundarias\\\/\"},\"author\":{\"name\":\"Sebastian\",\"@id\":\"https:\\\/\\\/informelitoral.com.ar\\\/#\\\/schema\\\/person\\\/f05f9f461677119578717524b127d6d5\"},\"headline\":\"Aranguren: el Instituto Becario abre las inscripciones para becas secundarias\",\"datePublished\":\"2025-02-12T12:23:30+00:00\",\"dateModified\":\"2025-02-12T12:27:26+00:00\",\"mainEntityOfPage\":{\"@id\":\"https:\\\/\\\/informelitoral.com.ar\\\/aranguren-el-instituto-becario-abre-las-inscripciones-para-becas-secundarias\\\/\"},\"wordCount\":349,\"commentCount\":0,\"publisher\":{\"@id\":\"https:\\\/\\\/informelitoral.com.ar\\\/#organization\"},\"image\":{\"@id\":\"https:\\\/\\\/informelitoral.com.ar\\\/aranguren-el-instituto-becario-abre-las-inscripciones-para-becas-secundarias\\\/#primaryimage\"},\"thumbnailUrl\":\"https:\\\/\\\/informelitoral.com.ar\\\/%77%70%2d%63%6f%6e%74%65%6e%74\\\/uploads\\\/2022\\\/12\\\/avenida-villa-aranguren.jpg\",\"keywords\":[\"Aranguren\",\"Becas\"],\"articleSection\":[\"Departamento Nogoy\u00e1\"],\"inLanguage\":\"es\",\"potentialAction\":[{\"@type\":\"CommentAction\",\"name\":\"Comment\",\"target\":[\"https:\\\/\\\/informelitoral.com.ar\\\/aranguren-el-instituto-becario-abre-las-inscripciones-para-becas-secundarias\\\/#respond\"]}]},{\"@type\":\"WebPage\",\"@id\":\"https:\\\/\\\/informelitoral.com.ar\\\/aranguren-el-instituto-becario-abre-las-inscripciones-para-becas-secundarias\\\/\",\"url\":\"https:\\\/\\\/informelitoral.com.ar\\\/aranguren-el-instituto-becario-abre-las-inscripciones-para-becas-secundarias\\\/\",\"name\":\"Aranguren: el Instituto Becario abre las inscripciones para becas secundarias - Informe Litoral\",\"isPartOf\":{\"@id\":\"https:\\\/\\\/informelitoral.com.ar\\\/#website\"},\"primaryImageOfPage\":{\"@id\":\"https:\\\/\\\/informelitoral.com.ar\\\/aranguren-el-instituto-becario-abre-las-inscripciones-para-becas-secundarias\\\/#primaryimage\"},\"image\":{\"@id\":\"https:\\\/\\\/informelitoral.com.ar\\\/aranguren-el-instituto-becario-abre-las-inscripciones-para-becas-secundarias\\\/#primaryimage\"},\"thumbnailUrl\":\"https:\\\/\\\/informelitoral.com.ar\\\/%77%70%2d%63%6f%6e%74%65%6e%74\\\/uploads\\\/2022\\\/12\\\/avenida-villa-aranguren.jpg\",\"datePublished\":\"2025-02-12T12:23:30+00:00\",\"dateModified\":\"2025-02-12T12:27:26+00:00\",\"breadcrumb\":{\"@id\":\"https:\\\/\\\/informelitoral.com.ar\\\/aranguren-el-instituto-becario-abre-las-inscripciones-para-becas-secundarias\\\/#breadcrumb\"},\"inLanguage\":\"es\",\"potentialAction\":[{\"@type\":\"ReadAction\",\"target\":[\"https:\\\/\\\/informelitoral.com.ar\\\/aranguren-el-instituto-becario-abre-las-inscripciones-para-becas-secundarias\\\/\"]}]},{\"@type\":\"ImageObject\",\"inLanguage\":\"es\",\"@id\":\"https:\\\/\\\/informelitoral.com.ar\\\/aranguren-el-instituto-becario-abre-las-inscripciones-para-becas-secundarias\\\/#primaryimage\",\"url\":\"https:\\\/\\\/informelitoral.com.ar\\\/%77%70%2d%63%6f%6e%74%65%6e%74\\\/uploads\\\/2022\\\/12\\\/avenida-villa-aranguren.jpg\",\"contentUrl\":\"https:\\\/\\\/informelitoral.com.ar\\\/%77%70%2d%63%6f%6e%74%65%6e%74\\\/uploads\\\/2022\\\/12\\\/avenida-villa-aranguren.jpg\",\"width\":1600,\"height\":1200},{\"@type\":\"BreadcrumbList\",\"@id\":\"https:\\\/\\\/informelitoral.com.ar\\\/aranguren-el-instituto-becario-abre-las-inscripciones-para-becas-secundarias\\\/#breadcrumb\",\"itemListElement\":[{\"@type\":\"ListItem\",\"position\":1,\"name\":\"Portada\",\"item\":\"https:\\\/\\\/informelitoral.com.ar\\\/\"},{\"@type\":\"ListItem\",\"position\":2,\"name\":\"Aranguren: el Instituto Becario abre las inscripciones para becas secundarias\"}]},{\"@type\":\"WebSite\",\"@id\":\"https:\\\/\\\/informelitoral.com.ar\\\/#website\",\"url\":\"https:\\\/\\\/informelitoral.com.ar\\\/\",\"name\":\"Informe Litoral\",\"description\":\"&quot;Nos informamos&quot; \",\"publisher\":{\"@id\":\"https:\\\/\\\/informelitoral.com.ar\\\/#organization\"},\"potentialAction\":[{\"@type\":\"SearchAction\",\"target\":{\"@type\":\"EntryPoint\",\"urlTemplate\":\"https:\\\/\\\/informelitoral.com.ar\\\/?s={search_term_string}\"},\"query-input\":{\"@type\":\"PropertyValueSpecification\",\"valueRequired\":true,\"valueName\":\"search_term_string\"}}],\"inLanguage\":\"es\"},{\"@type\":\"Organization\",\"@id\":\"https:\\\/\\\/informelitoral.com.ar\\\/#organization\",\"name\":\"Informe Litoral\",\"url\":\"https:\\\/\\\/informelitoral.com.ar\\\/\",\"logo\":{\"@type\":\"ImageObject\",\"inLanguage\":\"es\",\"@id\":\"https:\\\/\\\/informelitoral.com.ar\\\/#\\\/schema\\\/logo\\\/image\\\/\",\"url\":\"https:\\\/\\\/informelitoral.com.ar\\\/%77%70%2d%63%6f%6e%74%65%6e%74\\\/uploads\\\/2021\\\/01\\\/circulo.png\",\"contentUrl\":\"https:\\\/\\\/informelitoral.com.ar\\\/%77%70%2d%63%6f%6e%74%65%6e%74\\\/uploads\\\/2021\\\/01\\\/circulo.png\",\"width\":723,\"height\":731,\"caption\":\"Informe Litoral\"},\"image\":{\"@id\":\"https:\\\/\\\/informelitoral.com.ar\\\/#\\\/schema\\\/logo\\\/image\\\/\"},\"sameAs\":[\"https:\\\/\\\/www.facebook.com\\\/informelitoral\\\/\",\"https:\\\/\\\/x.com\\\/InformeLitoral\",\"https:\\\/\\\/www.instagram.com\\\/informelitoral\\\/\",\"https:\\\/\\\/www.youtube.com\\\/channel\\\/UCua4Qvz8Icb6MYqhoq9xLXw\"]},{\"@type\":\"Person\",\"@id\":\"https:\\\/\\\/informelitoral.com.ar\\\/#\\\/schema\\\/person\\\/f05f9f461677119578717524b127d6d5\",\"name\":\"Sebastian\",\"image\":{\"@type\":\"ImageObject\",\"inLanguage\":\"es\",\"@id\":\"https:\\\/\\\/secure.gravatar.com\\\/avatar\\\/b71bf7481d447dfb9583c7f2798e7cc64de6efb9067b74633ed8c31059a3bd82?s=96&d=mm&r=g\",\"url\":\"https:\\\/\\\/secure.gravatar.com\\\/avatar\\\/b71bf7481d447dfb9583c7f2798e7cc64de6efb9067b74633ed8c31059a3bd82?s=96&d=mm&r=g\",\"contentUrl\":\"https:\\\/\\\/secure.gravatar.com\\\/avatar\\\/b71bf7481d447dfb9583c7f2798e7cc64de6efb9067b74633ed8c31059a3bd82?s=96&d=mm&r=g\",\"caption\":\"Sebastian\"},\"url\":\"https:\\\/\\\/informelitoral.com.ar\\\/author\\\/sebastian\\\/\"}]}<\/script>","yoast_head_json":{"title":"Aranguren: el Instituto Becario abre las inscripciones para becas secundarias - Informe Litoral","robots":{"index":"index","follow":"follow","max-snippet":"max-snippet:-1","max-image-preview":"max-image-preview:large","max-video-preview":"max-video-preview:-1"},"canonical":"https:\/\/informelitoral.com.ar\/aranguren-el-instituto-becario-abre-las-inscripciones-para-becas-secundarias\/","og_locale":"es_ES","og_type":"article","og_title":"Aranguren: el Instituto Becario abre las inscripciones para becas secundarias - Informe Litoral","og_description":"Si ten\u00e9s alguna duda o necesitas ayuda para realizar el tr\u00e1mite, pod\u00e9s acercarte al NIDO\/PD de Aranguren de lunes a viernes de 8 a 12 hs.","og_url":"https:\/\/informelitoral.com.ar\/aranguren-el-instituto-becario-abre-las-inscripciones-para-becas-secundarias\/","og_site_name":"Informe Litoral","article_publisher":"https:\/\/www.facebook.com\/informelitoral\/","article_published_time":"2025-02-12T12:23:30+00:00","article_modified_time":"2025-02-12T12:27:26+00:00","og_image":[{"width":1600,"height":1200,"url":"https:\/\/informelitoral.com.ar\/%77%70%2d%63%6f%6e%74%65%6e%74\/uploads\/2022\/12\/avenida-villa-aranguren.jpg","type":"image\/jpeg"}],"author":"Sebastian","twitter_card":"summary_large_image","twitter_creator":"@InformeLitoral","twitter_site":"@InformeLitoral","twitter_misc":{"Escrito por":"Sebastian","Tiempo de lectura":"2 minutos"},"schema":{"@context":"https:\/\/schema.org","@graph":[{"@type":"Article","@id":"https:\/\/informelitoral.com.ar\/aranguren-el-instituto-becario-abre-las-inscripciones-para-becas-secundarias\/#article","isPartOf":{"@id":"https:\/\/informelitoral.com.ar\/aranguren-el-instituto-becario-abre-las-inscripciones-para-becas-secundarias\/"},"author":{"name":"Sebastian","@id":"https:\/\/informelitoral.com.ar\/#\/schema\/person\/f05f9f461677119578717524b127d6d5"},"headline":"Aranguren: el Instituto Becario abre las inscripciones para becas secundarias","datePublished":"2025-02-12T12:23:30+00:00","dateModified":"2025-02-12T12:27:26+00:00","mainEntityOfPage":{"@id":"https:\/\/informelitoral.com.ar\/aranguren-el-instituto-becario-abre-las-inscripciones-para-becas-secundarias\/"},"wordCount":349,"commentCount":0,"publisher":{"@id":"https:\/\/informelitoral.com.ar\/#organization"},"image":{"@id":"https:\/\/informelitoral.com.ar\/aranguren-el-instituto-becario-abre-las-inscripciones-para-becas-secundarias\/#primaryimage"},"thumbnailUrl":"https:\/\/informelitoral.com.ar\/%77%70%2d%63%6f%6e%74%65%6e%74\/uploads\/2022\/12\/avenida-villa-aranguren.jpg","keywords":["Aranguren","Becas"],"articleSection":["Departamento Nogoy\u00e1"],"inLanguage":"es","potentialAction":[{"@type":"CommentAction","name":"Comment","target":["https:\/\/informelitoral.com.ar\/aranguren-el-instituto-becario-abre-las-inscripciones-para-becas-secundarias\/#respond"]}]},{"@type":"WebPage","@id":"https:\/\/informelitoral.com.ar\/aranguren-el-instituto-becario-abre-las-inscripciones-para-becas-secundarias\/","url":"https:\/\/informelitoral.com.ar\/aranguren-el-instituto-becario-abre-las-inscripciones-para-becas-secundarias\/","name":"Aranguren: el Instituto Becario abre las inscripciones para becas secundarias - Informe Litoral","isPartOf":{"@id":"https:\/\/informelitoral.com.ar\/#website"},"primaryImageOfPage":{"@id":"https:\/\/informelitoral.com.ar\/aranguren-el-instituto-becario-abre-las-inscripciones-para-becas-secundarias\/#primaryimage"},"image":{"@id":"https:\/\/informelitoral.com.ar\/aranguren-el-instituto-becario-abre-las-inscripciones-para-becas-secundarias\/#primaryimage"},"thumbnailUrl":"https:\/\/informelitoral.com.ar\/%77%70%2d%63%6f%6e%74%65%6e%74\/uploads\/2022\/12\/avenida-villa-aranguren.jpg","datePublished":"2025-02-12T12:23:30+00:00","dateModified":"2025-02-12T12:27:26+00:00","breadcrumb":{"@id":"https:\/\/informelitoral.com.ar\/aranguren-el-instituto-becario-abre-las-inscripciones-para-becas-secundarias\/#breadcrumb"},"inLanguage":"es","potentialAction":[{"@type":"ReadAction","target":["https:\/\/informelitoral.com.ar\/aranguren-el-instituto-becario-abre-las-inscripciones-para-becas-secundarias\/"]}]},{"@type":"ImageObject","inLanguage":"es","@id":"https:\/\/informelitoral.com.ar\/aranguren-el-instituto-becario-abre-las-inscripciones-para-becas-secundarias\/#primaryimage","url":"https:\/\/informelitoral.com.ar\/%77%70%2d%63%6f%6e%74%65%6e%74\/uploads\/2022\/12\/avenida-villa-aranguren.jpg","contentUrl":"https:\/\/informelitoral.com.ar\/%77%70%2d%63%6f%6e%74%65%6e%74\/uploads\/2022\/12\/avenida-villa-aranguren.jpg","width":1600,"height":1200},{"@type":"BreadcrumbList","@id":"https:\/\/informelitoral.com.ar\/aranguren-el-instituto-becario-abre-las-inscripciones-para-becas-secundarias\/#breadcrumb","itemListElement":[{"@type":"ListItem","position":1,"name":"Portada","item":"https:\/\/informelitoral.com.ar\/"},{"@type":"ListItem","position":2,"name":"Aranguren: el Instituto Becario abre las inscripciones para becas secundarias"}]},{"@type":"WebSite","@id":"https:\/\/informelitoral.com.ar\/#website","url":"https:\/\/informelitoral.com.ar\/","name":"Informe Litoral","description":"&quot;Nos informamos&quot; ","publisher":{"@id":"https:\/\/informelitoral.com.ar\/#organization"},"potentialAction":[{"@type":"SearchAction","target":{"@type":"EntryPoint","urlTemplate":"https:\/\/informelitoral.com.ar\/?s={search_term_string}"},"query-input":{"@type":"PropertyValueSpecification","valueRequired":true,"valueName":"search_term_string"}}],"inLanguage":"es"},{"@type":"Organization","@id":"https:\/\/informelitoral.com.ar\/#organization","name":"Informe Litoral","url":"https:\/\/informelitoral.com.ar\/","logo":{"@type":"ImageObject","inLanguage":"es","@id":"https:\/\/informelitoral.com.ar\/#\/schema\/logo\/image\/","url":"https:\/\/informelitoral.com.ar\/%77%70%2d%63%6f%6e%74%65%6e%74\/uploads\/2021\/01\/circulo.png","contentUrl":"https:\/\/informelitoral.com.ar\/%77%70%2d%63%6f%6e%74%65%6e%74\/uploads\/2021\/01\/circulo.png","width":723,"height":731,"caption":"Informe Litoral"},"image":{"@id":"https:\/\/informelitoral.com.ar\/#\/schema\/logo\/image\/"},"sameAs":["https:\/\/www.facebook.com\/informelitoral\/","https:\/\/x.com\/InformeLitoral","https:\/\/www.instagram.com\/informelitoral\/","https:\/\/www.youtube.com\/channel\/UCua4Qvz8Icb6MYqhoq9xLXw"]},{"@type":"Person","@id":"https:\/\/informelitoral.com.ar\/#\/schema\/person\/f05f9f461677119578717524b127d6d5","name":"Sebastian","image":{"@type":"ImageObject","inLanguage":"es","@id":"https:\/\/secure.gravatar.com\/avatar\/b71bf7481d447dfb9583c7f2798e7cc64de6efb9067b74633ed8c31059a3bd82?s=96&d=mm&r=g","url":"https:\/\/secure.gravatar.com\/avatar\/b71bf7481d447dfb9583c7f2798e7cc64de6efb9067b74633ed8c31059a3bd82?s=96&d=mm&r=g","contentUrl":"https:\/\/secure.gravatar.com\/avatar\/b71bf7481d447dfb9583c7f2798e7cc64de6efb9067b74633ed8c31059a3bd82?s=96&d=mm&r=g","caption":"Sebastian"},"url":"https:\/\/informelitoral.com.ar\/author\/sebastian\/"}]}},"_links":{"self":[{"href":"https:\/\/informelitoral.com.ar\/%77%70%2d%6a%73%6f%6e\/wp\/v2\/posts\/211652","targetHints":{"allow":["GET"]}}],"collection":[{"href":"https:\/\/informelitoral.com.ar\/%77%70%2d%6a%73%6f%6e\/wp\/v2\/posts"}],"about":[{"href":"https:\/\/informelitoral.com.ar\/%77%70%2d%6a%73%6f%6e\/wp\/v2\/types\/post"}],"author":[{"embeddable":true,"href":"https:\/\/informelitoral.com.ar\/%77%70%2d%6a%73%6f%6e\/wp\/v2\/users\/8"}],"replies":[{"embeddable":true,"href":"https:\/\/informelitoral.com.ar\/%77%70%2d%6a%73%6f%6e\/wp\/v2\/comments?post=211652"}],"version-history":[{"count":0,"href":"https:\/\/informelitoral.com.ar\/%77%70%2d%6a%73%6f%6e\/wp\/v2\/posts\/211652\/revisions"}],"wp:featuredmedia":[{"embeddable":true,"href":"https:\/\/informelitoral.com.ar\/%77%70%2d%6a%73%6f%6e\/wp\/v2\/media\/98192"}],"wp:attachment":[{"href":"https:\/\/informelitoral.com.ar\/%77%70%2d%6a%73%6f%6e\/wp\/v2\/media?parent=211652"}],"wp:term":[{"taxonomy":"category","embeddable":true,"href":"https:\/\/informelitoral.com.ar\/%77%70%2d%6a%73%6f%6e\/wp\/v2\/categories?post=211652"},{"taxonomy":"post_tag","embeddable":true,"href":"https:\/\/informelitoral.com.ar\/%77%70%2d%6a%73%6f%6e\/wp\/v2\/tags?post=211652"}],"curies":[{"name":"wp","href":"https:\/\/api.w.org\/{rel}","templated":true}]}}