{"id":211412,"date":"2025-02-10T08:27:15","date_gmt":"2025-02-10T11:27:15","guid":{"rendered":"https:\/\/informelitoral.com.ar\/?p=211412"},"modified":"2025-02-10T08:27:15","modified_gmt":"2025-02-10T11:27:15","slug":"frigerio-buscara-ampliar-el-mercado-de-exportacion-y-cooperacion-internacional-en-dubai","status":"publish","type":"post","link":"https:\/\/informelitoral.com.ar\/frigerio-buscara-ampliar-el-mercado-de-exportacion-y-cooperacion-internacional-en-dubai\/","title":{"rendered":"Frigerio buscar\u00e1 ampliar el mercado de exportaci\u00f3n y cooperaci\u00f3n internacional en Dub\u00e1i"},"content":{"rendered":"<p>La semana entrante el mandatario entrerriano viajar\u00e1 a Dub\u00e1i, all\u00ed se unir\u00e1 a l\u00edderes del mundo en un evento que tiene como prop\u00f3sito fomentar la cooperaci\u00f3n internacional a nivel global para impulsar el desarrollo econ\u00f3mico y abordar los desaf\u00edos globales actuales. Participar\u00e1n 30 jefes de Estado, gobernadores, ministros, responsables de pol\u00edticas p\u00fablicas, empresarios y pensadores de diversas partes del mundo.<\/p>\n<p>La reuni\u00f3n se desarrollar\u00e1 entre el martes 11 y jueves en distintas sedes en Dub\u00e1i, y contar\u00e1 con la participaci\u00f3n de figuras de primer nivel internacional, como la directora del Fondo Monetario Internacional, Cristalina Georgieva, y el CEO (director ejecutivo) de Google, Sundar Pichai. Oradores de renombre internacional proporcionar\u00e1n un marco para el intercambio de mejores pr\u00e1cticas a nivel global.<\/p>\n<p>La agenda incluye mesas redondas de trabajo en las que Frigerio compartir\u00e1 su perspectiva sobre los desaf\u00edos que enfrenta el mundo.<\/p>\n<p>La importancia de este encuentro para la provincia radica en que los Emiratos \u00c1rabes Unidos priorizan la seguridad agroalimentaria, y Entre R\u00edos, con su capacidad para exportar alimentos, puede ofrecer una complementariedad comercial natural que se explorar\u00e1 durante la visita del gobernador.<\/p>\n<p>Esta oportunidad representa un hecho trascendente y de gran valor, no solo por la inserci\u00f3n en la comunidad internacional, sino tambi\u00e9n porque ofrece la posibilidad de ampliar el ecosistema de negocios y un mercado potencial de exportaci\u00f3n a futuro.<\/p>\n","protected":false},"excerpt":{"rendered":"<p>El gobernador Rogelio Frigerio, invitado por el jeque y presidente de Emiratos \u00c1rabes Unidos, Mohamed bin Zayed Al Nahyan, viajar\u00e1 a Dub\u00e1i para participar de la Cumbre Mundial de Gobiernos 2025. Este evento representa una oportunidad clave para Entre R\u00edos en su objetivo de expandir su mercado de exportaci\u00f3n y promover la cooperaci\u00f3n internacional.<\/p>\n","protected":false},"author":8,"featured_media":211413,"comment_status":"open","ping_status":"open","sticky":false,"template":"","format":"standard","meta":{"fifu_image_url":"","fifu_image_alt":"","footnotes":""},"categories":[16],"tags":[],"class_list":{"0":"post-211412","1":"post","2":"type-post","3":"status-publish","4":"format-standard","5":"has-post-thumbnail","7":"category-politi"},"yoast_head":"<title>Frigerio buscar\u00e1 ampliar el mercado de exportaci\u00f3n y cooperaci\u00f3n internacional en Dub\u00e1i - Informe Litoral<\/title>\n<meta name=\"robots\" content=\"index, follow, max-snippet:-1, max-image-preview:large, max-video-preview:-1\" \/>\n<link rel=\"canonical\" href=\"https:\/\/informelitoral.com.ar\/frigerio-buscara-ampliar-el-mercado-de-exportacion-y-cooperacion-internacional-en-dubai\/\" \/>\n<meta property=\"og:locale\" content=\"es_ES\" \/>\n<meta property=\"og:type\" content=\"article\" \/>\n<meta property=\"og:title\" content=\"Frigerio buscar\u00e1 ampliar el mercado de exportaci\u00f3n y cooperaci\u00f3n internacional en Dub\u00e1i - Informe Litoral\" \/>\n<meta property=\"og:description\" content=\"El gobernador Rogelio Frigerio, invitado por el jeque y presidente de Emiratos \u00c1rabes Unidos, Mohamed bin Zayed Al Nahyan, viajar\u00e1 a Dub\u00e1i para participar de la Cumbre Mundial de Gobiernos 2025. Este evento representa una oportunidad clave para Entre R\u00edos en su objetivo de expandir su mercado de exportaci\u00f3n y promover la cooperaci\u00f3n internacional.\" \/>\n<meta property=\"og:url\" content=\"https:\/\/informelitoral.com.ar\/frigerio-buscara-ampliar-el-mercado-de-exportacion-y-cooperacion-internacional-en-dubai\/\" \/>\n<meta property=\"og:site_name\" content=\"Informe Litoral\" \/>\n<meta property=\"article:publisher\" content=\"https:\/\/www.facebook.com\/informelitoral\/\" \/>\n<meta property=\"article:published_time\" content=\"2025-02-10T11:27:15+00:00\" \/>\n<meta property=\"og:image\" content=\"https:\/\/informelitoral.com.ar\/%77%70%2d%63%6f%6e%74%65%6e%74\/uploads\/2025\/02\/vdf5209-frigerio.jpg\" \/>\n\t<meta property=\"og:image:width\" content=\"1920\" \/>\n\t<meta property=\"og:image:height\" content=\"1280\" \/>\n\t<meta property=\"og:image:type\" content=\"image\/jpeg\" \/>\n<meta name=\"author\" content=\"Sebastian\" \/>\n<meta name=\"twitter:card\" content=\"summary_large_image\" \/>\n<meta name=\"twitter:creator\" content=\"@InformeLitoral\" \/>\n<meta name=\"twitter:site\" content=\"@InformeLitoral\" \/>\n<meta name=\"twitter:label1\" content=\"Escrito por\" \/>\n\t<meta name=\"twitter:data1\" content=\"Sebastian\" \/>\n\t<meta name=\"twitter:label2\" content=\"Tiempo de lectura\" \/>\n\t<meta name=\"twitter:data2\" content=\"1 minuto\" \/>\n<script type=\"application\/ld+json\" class=\"yoast-schema-graph\">{\"@context\":\"https:\\\/\\\/schema.org\",\"@graph\":[{\"@type\":\"Article\",\"@id\":\"https:\\\/\\\/informelitoral.com.ar\\\/frigerio-buscara-ampliar-el-mercado-de-exportacion-y-cooperacion-internacional-en-dubai\\\/#article\",\"isPartOf\":{\"@id\":\"https:\\\/\\\/informelitoral.com.ar\\\/frigerio-buscara-ampliar-el-mercado-de-exportacion-y-cooperacion-internacional-en-dubai\\\/\"},\"author\":{\"name\":\"Sebastian\",\"@id\":\"https:\\\/\\\/informelitoral.com.ar\\\/#\\\/schema\\\/person\\\/f05f9f461677119578717524b127d6d5\"},\"headline\":\"Frigerio buscar\u00e1 ampliar el mercado de exportaci\u00f3n y cooperaci\u00f3n internacional en Dub\u00e1i\",\"datePublished\":\"2025-02-10T11:27:15+00:00\",\"mainEntityOfPage\":{\"@id\":\"https:\\\/\\\/informelitoral.com.ar\\\/frigerio-buscara-ampliar-el-mercado-de-exportacion-y-cooperacion-internacional-en-dubai\\\/\"},\"wordCount\":254,\"commentCount\":0,\"publisher\":{\"@id\":\"https:\\\/\\\/informelitoral.com.ar\\\/#organization\"},\"image\":{\"@id\":\"https:\\\/\\\/informelitoral.com.ar\\\/frigerio-buscara-ampliar-el-mercado-de-exportacion-y-cooperacion-internacional-en-dubai\\\/#primaryimage\"},\"thumbnailUrl\":\"https:\\\/\\\/informelitoral.com.ar\\\/%77%70%2d%63%6f%6e%74%65%6e%74\\\/uploads\\\/2025\\\/02\\\/vdf5209-frigerio.jpg\",\"articleSection\":[\"Politica\"],\"inLanguage\":\"es\",\"potentialAction\":[{\"@type\":\"CommentAction\",\"name\":\"Comment\",\"target\":[\"https:\\\/\\\/informelitoral.com.ar\\\/frigerio-buscara-ampliar-el-mercado-de-exportacion-y-cooperacion-internacional-en-dubai\\\/#respond\"]}]},{\"@type\":\"WebPage\",\"@id\":\"https:\\\/\\\/informelitoral.com.ar\\\/frigerio-buscara-ampliar-el-mercado-de-exportacion-y-cooperacion-internacional-en-dubai\\\/\",\"url\":\"https:\\\/\\\/informelitoral.com.ar\\\/frigerio-buscara-ampliar-el-mercado-de-exportacion-y-cooperacion-internacional-en-dubai\\\/\",\"name\":\"Frigerio buscar\u00e1 ampliar el mercado de exportaci\u00f3n y cooperaci\u00f3n internacional en Dub\u00e1i - Informe Litoral\",\"isPartOf\":{\"@id\":\"https:\\\/\\\/informelitoral.com.ar\\\/#website\"},\"primaryImageOfPage\":{\"@id\":\"https:\\\/\\\/informelitoral.com.ar\\\/frigerio-buscara-ampliar-el-mercado-de-exportacion-y-cooperacion-internacional-en-dubai\\\/#primaryimage\"},\"image\":{\"@id\":\"https:\\\/\\\/informelitoral.com.ar\\\/frigerio-buscara-ampliar-el-mercado-de-exportacion-y-cooperacion-internacional-en-dubai\\\/#primaryimage\"},\"thumbnailUrl\":\"https:\\\/\\\/informelitoral.com.ar\\\/%77%70%2d%63%6f%6e%74%65%6e%74\\\/uploads\\\/2025\\\/02\\\/vdf5209-frigerio.jpg\",\"datePublished\":\"2025-02-10T11:27:15+00:00\",\"breadcrumb\":{\"@id\":\"https:\\\/\\\/informelitoral.com.ar\\\/frigerio-buscara-ampliar-el-mercado-de-exportacion-y-cooperacion-internacional-en-dubai\\\/#breadcrumb\"},\"inLanguage\":\"es\",\"potentialAction\":[{\"@type\":\"ReadAction\",\"target\":[\"https:\\\/\\\/informelitoral.com.ar\\\/frigerio-buscara-ampliar-el-mercado-de-exportacion-y-cooperacion-internacional-en-dubai\\\/\"]}]},{\"@type\":\"ImageObject\",\"inLanguage\":\"es\",\"@id\":\"https:\\\/\\\/informelitoral.com.ar\\\/frigerio-buscara-ampliar-el-mercado-de-exportacion-y-cooperacion-internacional-en-dubai\\\/#primaryimage\",\"url\":\"https:\\\/\\\/informelitoral.com.ar\\\/%77%70%2d%63%6f%6e%74%65%6e%74\\\/uploads\\\/2025\\\/02\\\/vdf5209-frigerio.jpg\",\"contentUrl\":\"https:\\\/\\\/informelitoral.com.ar\\\/%77%70%2d%63%6f%6e%74%65%6e%74\\\/uploads\\\/2025\\\/02\\\/vdf5209-frigerio.jpg\",\"width\":1920,\"height\":1280},{\"@type\":\"BreadcrumbList\",\"@id\":\"https:\\\/\\\/informelitoral.com.ar\\\/frigerio-buscara-ampliar-el-mercado-de-exportacion-y-cooperacion-internacional-en-dubai\\\/#breadcrumb\",\"itemListElement\":[{\"@type\":\"ListItem\",\"position\":1,\"name\":\"Portada\",\"item\":\"https:\\\/\\\/informelitoral.com.ar\\\/\"},{\"@type\":\"ListItem\",\"position\":2,\"name\":\"Frigerio buscar\u00e1 ampliar el mercado de exportaci\u00f3n y cooperaci\u00f3n internacional en Dub\u00e1i\"}]},{\"@type\":\"WebSite\",\"@id\":\"https:\\\/\\\/informelitoral.com.ar\\\/#website\",\"url\":\"https:\\\/\\\/informelitoral.com.ar\\\/\",\"name\":\"Informe Litoral\",\"description\":\"&quot;Nos informamos&quot; \",\"publisher\":{\"@id\":\"https:\\\/\\\/informelitoral.com.ar\\\/#organization\"},\"potentialAction\":[{\"@type\":\"SearchAction\",\"target\":{\"@type\":\"EntryPoint\",\"urlTemplate\":\"https:\\\/\\\/informelitoral.com.ar\\\/?s={search_term_string}\"},\"query-input\":{\"@type\":\"PropertyValueSpecification\",\"valueRequired\":true,\"valueName\":\"search_term_string\"}}],\"inLanguage\":\"es\"},{\"@type\":\"Organization\",\"@id\":\"https:\\\/\\\/informelitoral.com.ar\\\/#organization\",\"name\":\"Informe Litoral\",\"url\":\"https:\\\/\\\/informelitoral.com.ar\\\/\",\"logo\":{\"@type\":\"ImageObject\",\"inLanguage\":\"es\",\"@id\":\"https:\\\/\\\/informelitoral.com.ar\\\/#\\\/schema\\\/logo\\\/image\\\/\",\"url\":\"https:\\\/\\\/informelitoral.com.ar\\\/%77%70%2d%63%6f%6e%74%65%6e%74\\\/uploads\\\/2021\\\/01\\\/circulo.png\",\"contentUrl\":\"https:\\\/\\\/informelitoral.com.ar\\\/%77%70%2d%63%6f%6e%74%65%6e%74\\\/uploads\\\/2021\\\/01\\\/circulo.png\",\"width\":723,\"height\":731,\"caption\":\"Informe Litoral\"},\"image\":{\"@id\":\"https:\\\/\\\/informelitoral.com.ar\\\/#\\\/schema\\\/logo\\\/image\\\/\"},\"sameAs\":[\"https:\\\/\\\/www.facebook.com\\\/informelitoral\\\/\",\"https:\\\/\\\/x.com\\\/InformeLitoral\",\"https:\\\/\\\/www.instagram.com\\\/informelitoral\\\/\",\"https:\\\/\\\/www.youtube.com\\\/channel\\\/UCua4Qvz8Icb6MYqhoq9xLXw\"]},{\"@type\":\"Person\",\"@id\":\"https:\\\/\\\/informelitoral.com.ar\\\/#\\\/schema\\\/person\\\/f05f9f461677119578717524b127d6d5\",\"name\":\"Sebastian\",\"image\":{\"@type\":\"ImageObject\",\"inLanguage\":\"es\",\"@id\":\"https:\\\/\\\/secure.gravatar.com\\\/avatar\\\/b71bf7481d447dfb9583c7f2798e7cc64de6efb9067b74633ed8c31059a3bd82?s=96&d=mm&r=g\",\"url\":\"https:\\\/\\\/secure.gravatar.com\\\/avatar\\\/b71bf7481d447dfb9583c7f2798e7cc64de6efb9067b74633ed8c31059a3bd82?s=96&d=mm&r=g\",\"contentUrl\":\"https:\\\/\\\/secure.gravatar.com\\\/avatar\\\/b71bf7481d447dfb9583c7f2798e7cc64de6efb9067b74633ed8c31059a3bd82?s=96&d=mm&r=g\",\"caption\":\"Sebastian\"},\"url\":\"https:\\\/\\\/informelitoral.com.ar\\\/author\\\/sebastian\\\/\"}]}<\/script>","yoast_head_json":{"title":"Frigerio buscar\u00e1 ampliar el mercado de exportaci\u00f3n y cooperaci\u00f3n internacional en Dub\u00e1i - Informe Litoral","robots":{"index":"index","follow":"follow","max-snippet":"max-snippet:-1","max-image-preview":"max-image-preview:large","max-video-preview":"max-video-preview:-1"},"canonical":"https:\/\/informelitoral.com.ar\/frigerio-buscara-ampliar-el-mercado-de-exportacion-y-cooperacion-internacional-en-dubai\/","og_locale":"es_ES","og_type":"article","og_title":"Frigerio buscar\u00e1 ampliar el mercado de exportaci\u00f3n y cooperaci\u00f3n internacional en Dub\u00e1i - Informe Litoral","og_description":"El gobernador Rogelio Frigerio, invitado por el jeque y presidente de Emiratos \u00c1rabes Unidos, Mohamed bin Zayed Al Nahyan, viajar\u00e1 a Dub\u00e1i para participar de la Cumbre Mundial de Gobiernos 2025. Este evento representa una oportunidad clave para Entre R\u00edos en su objetivo de expandir su mercado de exportaci\u00f3n y promover la cooperaci\u00f3n internacional.","og_url":"https:\/\/informelitoral.com.ar\/frigerio-buscara-ampliar-el-mercado-de-exportacion-y-cooperacion-internacional-en-dubai\/","og_site_name":"Informe Litoral","article_publisher":"https:\/\/www.facebook.com\/informelitoral\/","article_published_time":"2025-02-10T11:27:15+00:00","og_image":[{"width":1920,"height":1280,"url":"https:\/\/informelitoral.com.ar\/%77%70%2d%63%6f%6e%74%65%6e%74\/uploads\/2025\/02\/vdf5209-frigerio.jpg","type":"image\/jpeg"}],"author":"Sebastian","twitter_card":"summary_large_image","twitter_creator":"@InformeLitoral","twitter_site":"@InformeLitoral","twitter_misc":{"Escrito por":"Sebastian","Tiempo de lectura":"1 minuto"},"schema":{"@context":"https:\/\/schema.org","@graph":[{"@type":"Article","@id":"https:\/\/informelitoral.com.ar\/frigerio-buscara-ampliar-el-mercado-de-exportacion-y-cooperacion-internacional-en-dubai\/#article","isPartOf":{"@id":"https:\/\/informelitoral.com.ar\/frigerio-buscara-ampliar-el-mercado-de-exportacion-y-cooperacion-internacional-en-dubai\/"},"author":{"name":"Sebastian","@id":"https:\/\/informelitoral.com.ar\/#\/schema\/person\/f05f9f461677119578717524b127d6d5"},"headline":"Frigerio buscar\u00e1 ampliar el mercado de exportaci\u00f3n y cooperaci\u00f3n internacional en Dub\u00e1i","datePublished":"2025-02-10T11:27:15+00:00","mainEntityOfPage":{"@id":"https:\/\/informelitoral.com.ar\/frigerio-buscara-ampliar-el-mercado-de-exportacion-y-cooperacion-internacional-en-dubai\/"},"wordCount":254,"commentCount":0,"publisher":{"@id":"https:\/\/informelitoral.com.ar\/#organization"},"image":{"@id":"https:\/\/informelitoral.com.ar\/frigerio-buscara-ampliar-el-mercado-de-exportacion-y-cooperacion-internacional-en-dubai\/#primaryimage"},"thumbnailUrl":"https:\/\/informelitoral.com.ar\/%77%70%2d%63%6f%6e%74%65%6e%74\/uploads\/2025\/02\/vdf5209-frigerio.jpg","articleSection":["Politica"],"inLanguage":"es","potentialAction":[{"@type":"CommentAction","name":"Comment","target":["https:\/\/informelitoral.com.ar\/frigerio-buscara-ampliar-el-mercado-de-exportacion-y-cooperacion-internacional-en-dubai\/#respond"]}]},{"@type":"WebPage","@id":"https:\/\/informelitoral.com.ar\/frigerio-buscara-ampliar-el-mercado-de-exportacion-y-cooperacion-internacional-en-dubai\/","url":"https:\/\/informelitoral.com.ar\/frigerio-buscara-ampliar-el-mercado-de-exportacion-y-cooperacion-internacional-en-dubai\/","name":"Frigerio buscar\u00e1 ampliar el mercado de exportaci\u00f3n y cooperaci\u00f3n internacional en Dub\u00e1i - Informe Litoral","isPartOf":{"@id":"https:\/\/informelitoral.com.ar\/#website"},"primaryImageOfPage":{"@id":"https:\/\/informelitoral.com.ar\/frigerio-buscara-ampliar-el-mercado-de-exportacion-y-cooperacion-internacional-en-dubai\/#primaryimage"},"image":{"@id":"https:\/\/informelitoral.com.ar\/frigerio-buscara-ampliar-el-mercado-de-exportacion-y-cooperacion-internacional-en-dubai\/#primaryimage"},"thumbnailUrl":"https:\/\/informelitoral.com.ar\/%77%70%2d%63%6f%6e%74%65%6e%74\/uploads\/2025\/02\/vdf5209-frigerio.jpg","datePublished":"2025-02-10T11:27:15+00:00","breadcrumb":{"@id":"https:\/\/informelitoral.com.ar\/frigerio-buscara-ampliar-el-mercado-de-exportacion-y-cooperacion-internacional-en-dubai\/#breadcrumb"},"inLanguage":"es","potentialAction":[{"@type":"ReadAction","target":["https:\/\/informelitoral.com.ar\/frigerio-buscara-ampliar-el-mercado-de-exportacion-y-cooperacion-internacional-en-dubai\/"]}]},{"@type":"ImageObject","inLanguage":"es","@id":"https:\/\/informelitoral.com.ar\/frigerio-buscara-ampliar-el-mercado-de-exportacion-y-cooperacion-internacional-en-dubai\/#primaryimage","url":"https:\/\/informelitoral.com.ar\/%77%70%2d%63%6f%6e%74%65%6e%74\/uploads\/2025\/02\/vdf5209-frigerio.jpg","contentUrl":"https:\/\/informelitoral.com.ar\/%77%70%2d%63%6f%6e%74%65%6e%74\/uploads\/2025\/02\/vdf5209-frigerio.jpg","width":1920,"height":1280},{"@type":"BreadcrumbList","@id":"https:\/\/informelitoral.com.ar\/frigerio-buscara-ampliar-el-mercado-de-exportacion-y-cooperacion-internacional-en-dubai\/#breadcrumb","itemListElement":[{"@type":"ListItem","position":1,"name":"Portada","item":"https:\/\/informelitoral.com.ar\/"},{"@type":"ListItem","position":2,"name":"Frigerio buscar\u00e1 ampliar el mercado de exportaci\u00f3n y cooperaci\u00f3n internacional en Dub\u00e1i"}]},{"@type":"WebSite","@id":"https:\/\/informelitoral.com.ar\/#website","url":"https:\/\/informelitoral.com.ar\/","name":"Informe Litoral","description":"&quot;Nos informamos&quot; ","publisher":{"@id":"https:\/\/informelitoral.com.ar\/#organization"},"potentialAction":[{"@type":"SearchAction","target":{"@type":"EntryPoint","urlTemplate":"https:\/\/informelitoral.com.ar\/?s={search_term_string}"},"query-input":{"@type":"PropertyValueSpecification","valueRequired":true,"valueName":"search_term_string"}}],"inLanguage":"es"},{"@type":"Organization","@id":"https:\/\/informelitoral.com.ar\/#organization","name":"Informe Litoral","url":"https:\/\/informelitoral.com.ar\/","logo":{"@type":"ImageObject","inLanguage":"es","@id":"https:\/\/informelitoral.com.ar\/#\/schema\/logo\/image\/","url":"https:\/\/informelitoral.com.ar\/%77%70%2d%63%6f%6e%74%65%6e%74\/uploads\/2021\/01\/circulo.png","contentUrl":"https:\/\/informelitoral.com.ar\/%77%70%2d%63%6f%6e%74%65%6e%74\/uploads\/2021\/01\/circulo.png","width":723,"height":731,"caption":"Informe Litoral"},"image":{"@id":"https:\/\/informelitoral.com.ar\/#\/schema\/logo\/image\/"},"sameAs":["https:\/\/www.facebook.com\/informelitoral\/","https:\/\/x.com\/InformeLitoral","https:\/\/www.instagram.com\/informelitoral\/","https:\/\/www.youtube.com\/channel\/UCua4Qvz8Icb6MYqhoq9xLXw"]},{"@type":"Person","@id":"https:\/\/informelitoral.com.ar\/#\/schema\/person\/f05f9f461677119578717524b127d6d5","name":"Sebastian","image":{"@type":"ImageObject","inLanguage":"es","@id":"https:\/\/secure.gravatar.com\/avatar\/b71bf7481d447dfb9583c7f2798e7cc64de6efb9067b74633ed8c31059a3bd82?s=96&d=mm&r=g","url":"https:\/\/secure.gravatar.com\/avatar\/b71bf7481d447dfb9583c7f2798e7cc64de6efb9067b74633ed8c31059a3bd82?s=96&d=mm&r=g","contentUrl":"https:\/\/secure.gravatar.com\/avatar\/b71bf7481d447dfb9583c7f2798e7cc64de6efb9067b74633ed8c31059a3bd82?s=96&d=mm&r=g","caption":"Sebastian"},"url":"https:\/\/informelitoral.com.ar\/author\/sebastian\/"}]}},"_links":{"self":[{"href":"https:\/\/informelitoral.com.ar\/%77%70%2d%6a%73%6f%6e\/wp\/v2\/posts\/211412","targetHints":{"allow":["GET"]}}],"collection":[{"href":"https:\/\/informelitoral.com.ar\/%77%70%2d%6a%73%6f%6e\/wp\/v2\/posts"}],"about":[{"href":"https:\/\/informelitoral.com.ar\/%77%70%2d%6a%73%6f%6e\/wp\/v2\/types\/post"}],"author":[{"embeddable":true,"href":"https:\/\/informelitoral.com.ar\/%77%70%2d%6a%73%6f%6e\/wp\/v2\/users\/8"}],"replies":[{"embeddable":true,"href":"https:\/\/informelitoral.com.ar\/%77%70%2d%6a%73%6f%6e\/wp\/v2\/comments?post=211412"}],"version-history":[{"count":0,"href":"https:\/\/informelitoral.com.ar\/%77%70%2d%6a%73%6f%6e\/wp\/v2\/posts\/211412\/revisions"}],"wp:featuredmedia":[{"embeddable":true,"href":"https:\/\/informelitoral.com.ar\/%77%70%2d%6a%73%6f%6e\/wp\/v2\/media\/211413"}],"wp:attachment":[{"href":"https:\/\/informelitoral.com.ar\/%77%70%2d%6a%73%6f%6e\/wp\/v2\/media?parent=211412"}],"wp:term":[{"taxonomy":"category","embeddable":true,"href":"https:\/\/informelitoral.com.ar\/%77%70%2d%6a%73%6f%6e\/wp\/v2\/categories?post=211412"},{"taxonomy":"post_tag","embeddable":true,"href":"https:\/\/informelitoral.com.ar\/%77%70%2d%6a%73%6f%6e\/wp\/v2\/tags?post=211412"}],"curies":[{"name":"wp","href":"https:\/\/api.w.org\/{rel}","templated":true}]}}