{"id":211132,"date":"2025-02-05T20:26:18","date_gmt":"2025-02-05T23:26:18","guid":{"rendered":"https:\/\/informelitoral.com.ar\/?p=211132"},"modified":"2025-02-05T20:35:21","modified_gmt":"2025-02-05T23:35:21","slug":"facultad-de-ciencias-de-la-gestion-de-uader-ya-funciona-en-el-nuevo-edificio","status":"publish","type":"post","link":"https:\/\/informelitoral.com.ar\/facultad-de-ciencias-de-la-gestion-de-uader-ya-funciona-en-el-nuevo-edificio\/","title":{"rendered":"Facultad de Ciencias de la Gesti\u00f3n de UADER ya funciona en el nuevo edificio"},"content":{"rendered":"<p><strong>La Facultad de Ciencias de la Gesti\u00f3n de la Universidad Aut\u00f3noma de Entre R\u00edos -UADER- estrena nuevo edificio en Paran\u00e1 este 2025.\u00a0<\/strong><\/p>\n<p>En <a href=\"https:\/\/informelitoral.com.ar\/la-hora-del-6-por-canal-6-ertv-donde-volver-a-ver-las-entrevistas\/\" target=\"_blank\" rel=\"noopener\"><em><strong>La Hora del 6<\/strong> <\/em><\/a>por <em>Canal 6 ERTV,<\/em> la secretaria Acad\u00e9mica, <strong>Luciana D\u00edaz<\/strong> y su par de extensi\u00f3n, <strong>Luciana D\u00edaz<\/strong>, expresaron su alegr\u00eda por las nuevas instalaciones ubicadas en <strong>calle El Paracao entre Espejo y Tom\u00e1s Guido.<\/strong><\/p>\n<p>\u00ab<strong>Es un hito para la Facultad contar con un espacio propio porque somos una universidad que nace pr\u00e1cticamente n\u00f3made. Adem\u00e1s nosotros tenemos mucha presencia en el interior de la provincia con diversas propuestas presenciales y virtuales<\/strong>\u00ab, destac\u00f3 Luciana D\u00edaz.<\/p>\n<p><strong>Administraci\u00f3n P\u00fablica y de Empresas, Turismo, Marketing, Museolog\u00eda, Archivolog\u00eda, Bibliotecolog\u00eda, Gerenciamiento de Servicios Gastron\u00f3micos, Archivolog\u00eda, Comercio Internacional y Econom\u00eda son las carreras que dicta la Facultad de Ciencias de la Gesti\u00f3n, distribuidas en las sedes Paran\u00e1, Crespo, Concepci\u00f3n del Uruguay y La Paz.<\/strong><\/p>\n<p>Se trata de propuestas de formaci\u00f3n en l\u00ednea con vectores del desarrollo econ\u00f3mico de la regi\u00f3n lo que incide en la demanda de profesionales con estas titulaciones.<\/p>\n<p>En la mayor\u00eda de los casos son licenciaturas con un t\u00edtulo intermedio de T\u00e9cnico al cabo del tercer a\u00f1o del plan de estudios. Bibliotecolog\u00eda y Econom\u00eda ofrecen, adem\u00e1s, el Profesorado.<\/p>\n<blockquote><p><strong>El ingreso es libre y gratuito del mismo modo que el cursado.<\/strong><\/p><\/blockquote>\n<p><span style=\"background-color: #ffff00;\"><strong>Ingresar a la p\u00e1gina institucional de la Facultad de Ciencias de la Gesti\u00f3n <a href=\"https:\/\/fcg.uader.edu.ar\/\" target=\"_blank\" rel=\"noopener\">fcg.uader.edu.ar,<\/a> espec\u00edficamente en el apartado INGRESANTES, permite tener un detalle de las carreras, as\u00ed como del tr\u00e1mite de inscripci\u00f3n y del ingreso.<\/strong><\/span><\/p>\n<p>El 10 de febrero comienza la Iniciaci\u00f3n a las Trayectorias Universitarias, una instancia obligatoria para los ingresantes. <em>(Informe Litoral)<\/em><\/p>\n<h2><strong>Ver la entrevista completa con Luciana D\u00edaz y Camila Gim\u00e9nez:\u00a0<\/strong><\/h2>\n<div class=\"youtube-embed\" data-video_id=\"ylqgzqnqgJw\"><iframe loading=\"lazy\" title=\"Facultad de Ciencias de la Gesti\u00f3n de UADER tiene edificio propio\" width=\"696\" height=\"392\" src=\"https:\/\/www.youtube.com\/embed\/ylqgzqnqgJw?feature=oembed&#038;enablejsapi=1\" frameborder=\"0\" allow=\"accelerometer; autoplay; clipboard-write; encrypted-media; gyroscope; picture-in-picture; web-share\" referrerpolicy=\"strict-origin-when-cross-origin\" allowfullscreen><\/iframe><\/div>\n<h6><em><strong>Te pueden interesar:\u00a0<a href=\"https:\/\/informelitoral.com.ar\/utn-facultad-regional-parana-ultimos-dias-para-inscribirse-a-las-carreras-2025\/\" target=\"_blank\" rel=\"noopener\">UTN \u2013 Facultad Regional Paran\u00e1: \u00faltimos d\u00edas para inscribirse a las carreras 2025<\/a><\/strong><\/em><\/h6>\n<h6><em><strong><a href=\"https:\/\/informelitoral.com.ar\/que-estudiar-en-la-fcedu-uner-en-2025\/\" target=\"_blank\" rel=\"noopener\">Qu\u00e9 estudiar en la FCEdu-UNER en 2025<\/a><\/strong><\/em><\/h6>\n<h6><em><strong><a href=\"https:\/\/informelitoral.com.ar\/siguen-abiertas-las-inscripciones-para-estudiar-trabajo-social-y-ciencia-politica-en-parana\/\" target=\"_blank\" rel=\"noopener\">Siguen abiertas las inscripciones para estudiar Trabajo Social y Ciencia Pol\u00edtica en Paran\u00e1<\/a><\/strong><\/em><\/h6>\n<h6><em><strong><a href=\"https:\/\/informelitoral.com.ar\/todavia-hay-tiempo-para-inscribirse-a-las-carreras-de-la-facultad-de-ciencias-economicas-de-la-uner\/\" target=\"_blank\" rel=\"noopener\">Todav\u00eda hay tiempo para inscribirse a las carreras de la Facultad de Ciencias Econ\u00f3micas de la UNER<\/a><\/strong><\/em><\/h6>\n","protected":false},"excerpt":{"rendered":"<p>Las instalaciones propias se encuentran en Paran\u00e1. En La Hora del 6, la secretaria Acad\u00e9mica y su par de Extensi\u00f3n contaron detalles sobre el flamante espacio, las 11 propuestas acad\u00e9micas y los \u00faltimos d\u00edas para inscribirse. <\/p>\n","protected":false},"author":2,"featured_media":211137,"comment_status":"open","ping_status":"open","sticky":false,"template":"","format":"standard","meta":{"fifu_image_url":"","fifu_image_alt":"","footnotes":""},"categories":[1597],"tags":[3476,98,5126,45,1299,484],"class_list":{"0":"post-211132","1":"post","2":"type-post","3":"status-publish","4":"format-standard","5":"has-post-thumbnail","7":"category-parana","8":"tag-canal-6-ertv","9":"tag-educacion","10":"tag-la-hora-del-6","11":"tag-parana","12":"tag-uader","13":"tag-universidad-publica"},"yoast_head":"<title>Facultad de Ciencias de la Gesti\u00f3n de UADER ya funciona en el nuevo edificio - Informe Litoral<\/title>\n<meta name=\"robots\" content=\"index, follow, max-snippet:-1, max-image-preview:large, max-video-preview:-1\" \/>\n<link rel=\"canonical\" href=\"https:\/\/informelitoral.com.ar\/facultad-de-ciencias-de-la-gestion-de-uader-ya-funciona-en-el-nuevo-edificio\/\" \/>\n<meta property=\"og:locale\" content=\"es_ES\" \/>\n<meta property=\"og:type\" content=\"article\" \/>\n<meta property=\"og:title\" content=\"Facultad de Ciencias de la Gesti\u00f3n de UADER ya funciona en el nuevo edificio - Informe Litoral\" \/>\n<meta property=\"og:description\" content=\"Las instalaciones propias se encuentran en Paran\u00e1. En La Hora del 6, la secretaria Acad\u00e9mica y su par de Extensi\u00f3n contaron detalles sobre el flamante espacio, las 11 propuestas acad\u00e9micas y los \u00faltimos d\u00edas para inscribirse.\" \/>\n<meta property=\"og:url\" content=\"https:\/\/informelitoral.com.ar\/facultad-de-ciencias-de-la-gestion-de-uader-ya-funciona-en-el-nuevo-edificio\/\" \/>\n<meta property=\"og:site_name\" content=\"Informe Litoral\" \/>\n<meta property=\"article:publisher\" content=\"https:\/\/www.facebook.com\/informelitoral\/\" \/>\n<meta property=\"article:published_time\" content=\"2025-02-05T23:26:18+00:00\" \/>\n<meta property=\"article:modified_time\" content=\"2025-02-05T23:35:21+00:00\" \/>\n<meta property=\"og:image\" content=\"https:\/\/informelitoral.com.ar\/%77%70%2d%63%6f%6e%74%65%6e%74\/uploads\/2025\/02\/facultad-ciencias-de-la-gestion-uader-la-hora-del-6-canal-6-ertv.jpg\" \/>\n\t<meta property=\"og:image:width\" content=\"1920\" \/>\n\t<meta property=\"og:image:height\" content=\"1080\" \/>\n\t<meta property=\"og:image:type\" content=\"image\/jpeg\" \/>\n<meta name=\"author\" content=\"Gonzalo Schmidt\" \/>\n<meta name=\"twitter:card\" content=\"summary_large_image\" \/>\n<meta name=\"twitter:creator\" content=\"@InformeLitoral\" \/>\n<meta name=\"twitter:site\" content=\"@InformeLitoral\" \/>\n<meta name=\"twitter:label1\" content=\"Escrito por\" \/>\n\t<meta name=\"twitter:data1\" content=\"Gonzalo Schmidt\" \/>\n\t<meta name=\"twitter:label2\" content=\"Tiempo de lectura\" \/>\n\t<meta name=\"twitter:data2\" content=\"2 minutos\" \/>\n<script type=\"application\/ld+json\" class=\"yoast-schema-graph\">{\"@context\":\"https:\\\/\\\/schema.org\",\"@graph\":[{\"@type\":\"Article\",\"@id\":\"https:\\\/\\\/informelitoral.com.ar\\\/facultad-de-ciencias-de-la-gestion-de-uader-ya-funciona-en-el-nuevo-edificio\\\/#article\",\"isPartOf\":{\"@id\":\"https:\\\/\\\/informelitoral.com.ar\\\/facultad-de-ciencias-de-la-gestion-de-uader-ya-funciona-en-el-nuevo-edificio\\\/\"},\"author\":{\"name\":\"Gonzalo Schmidt\",\"@id\":\"https:\\\/\\\/informelitoral.com.ar\\\/#\\\/schema\\\/person\\\/b9d00407c836482871ef1d57bf8e3180\"},\"headline\":\"Facultad de Ciencias de la Gesti\u00f3n de UADER ya funciona en el nuevo edificio\",\"datePublished\":\"2025-02-05T23:26:18+00:00\",\"dateModified\":\"2025-02-05T23:35:21+00:00\",\"mainEntityOfPage\":{\"@id\":\"https:\\\/\\\/informelitoral.com.ar\\\/facultad-de-ciencias-de-la-gestion-de-uader-ya-funciona-en-el-nuevo-edificio\\\/\"},\"wordCount\":392,\"commentCount\":0,\"publisher\":{\"@id\":\"https:\\\/\\\/informelitoral.com.ar\\\/#organization\"},\"image\":{\"@id\":\"https:\\\/\\\/informelitoral.com.ar\\\/facultad-de-ciencias-de-la-gestion-de-uader-ya-funciona-en-el-nuevo-edificio\\\/#primaryimage\"},\"thumbnailUrl\":\"https:\\\/\\\/informelitoral.com.ar\\\/%77%70%2d%63%6f%6e%74%65%6e%74\\\/uploads\\\/2025\\\/02\\\/facultad-ciencias-de-la-gestion-uader-la-hora-del-6-canal-6-ertv.jpg\",\"keywords\":[\"Canal 6 ERTV\",\"Educaci\u00f3n\",\"La hora del 6\",\"Paran\u00e1\",\"Uader\",\"Universidad p\u00fablica\"],\"articleSection\":[\"Paran\u00e1\"],\"inLanguage\":\"es\",\"potentialAction\":[{\"@type\":\"CommentAction\",\"name\":\"Comment\",\"target\":[\"https:\\\/\\\/informelitoral.com.ar\\\/facultad-de-ciencias-de-la-gestion-de-uader-ya-funciona-en-el-nuevo-edificio\\\/#respond\"]}]},{\"@type\":\"WebPage\",\"@id\":\"https:\\\/\\\/informelitoral.com.ar\\\/facultad-de-ciencias-de-la-gestion-de-uader-ya-funciona-en-el-nuevo-edificio\\\/\",\"url\":\"https:\\\/\\\/informelitoral.com.ar\\\/facultad-de-ciencias-de-la-gestion-de-uader-ya-funciona-en-el-nuevo-edificio\\\/\",\"name\":\"Facultad de Ciencias de la Gesti\u00f3n de UADER ya funciona en el nuevo edificio - Informe Litoral\",\"isPartOf\":{\"@id\":\"https:\\\/\\\/informelitoral.com.ar\\\/#website\"},\"primaryImageOfPage\":{\"@id\":\"https:\\\/\\\/informelitoral.com.ar\\\/facultad-de-ciencias-de-la-gestion-de-uader-ya-funciona-en-el-nuevo-edificio\\\/#primaryimage\"},\"image\":{\"@id\":\"https:\\\/\\\/informelitoral.com.ar\\\/facultad-de-ciencias-de-la-gestion-de-uader-ya-funciona-en-el-nuevo-edificio\\\/#primaryimage\"},\"thumbnailUrl\":\"https:\\\/\\\/informelitoral.com.ar\\\/%77%70%2d%63%6f%6e%74%65%6e%74\\\/uploads\\\/2025\\\/02\\\/facultad-ciencias-de-la-gestion-uader-la-hora-del-6-canal-6-ertv.jpg\",\"datePublished\":\"2025-02-05T23:26:18+00:00\",\"dateModified\":\"2025-02-05T23:35:21+00:00\",\"breadcrumb\":{\"@id\":\"https:\\\/\\\/informelitoral.com.ar\\\/facultad-de-ciencias-de-la-gestion-de-uader-ya-funciona-en-el-nuevo-edificio\\\/#breadcrumb\"},\"inLanguage\":\"es\",\"potentialAction\":[{\"@type\":\"ReadAction\",\"target\":[\"https:\\\/\\\/informelitoral.com.ar\\\/facultad-de-ciencias-de-la-gestion-de-uader-ya-funciona-en-el-nuevo-edificio\\\/\"]}]},{\"@type\":\"ImageObject\",\"inLanguage\":\"es\",\"@id\":\"https:\\\/\\\/informelitoral.com.ar\\\/facultad-de-ciencias-de-la-gestion-de-uader-ya-funciona-en-el-nuevo-edificio\\\/#primaryimage\",\"url\":\"https:\\\/\\\/informelitoral.com.ar\\\/%77%70%2d%63%6f%6e%74%65%6e%74\\\/uploads\\\/2025\\\/02\\\/facultad-ciencias-de-la-gestion-uader-la-hora-del-6-canal-6-ertv.jpg\",\"contentUrl\":\"https:\\\/\\\/informelitoral.com.ar\\\/%77%70%2d%63%6f%6e%74%65%6e%74\\\/uploads\\\/2025\\\/02\\\/facultad-ciencias-de-la-gestion-uader-la-hora-del-6-canal-6-ertv.jpg\",\"width\":1920,\"height\":1080,\"caption\":\"Luciana D\u00edaz, secretaria acad\u00e9mica y Camila Gim\u00e9nez, secretaria de Extensi\u00f3n de la FCG de UADER en La Hora del 6.\"},{\"@type\":\"BreadcrumbList\",\"@id\":\"https:\\\/\\\/informelitoral.com.ar\\\/facultad-de-ciencias-de-la-gestion-de-uader-ya-funciona-en-el-nuevo-edificio\\\/#breadcrumb\",\"itemListElement\":[{\"@type\":\"ListItem\",\"position\":1,\"name\":\"Portada\",\"item\":\"https:\\\/\\\/informelitoral.com.ar\\\/\"},{\"@type\":\"ListItem\",\"position\":2,\"name\":\"Facultad de Ciencias de la Gesti\u00f3n de UADER ya funciona en el nuevo edificio\"}]},{\"@type\":\"WebSite\",\"@id\":\"https:\\\/\\\/informelitoral.com.ar\\\/#website\",\"url\":\"https:\\\/\\\/informelitoral.com.ar\\\/\",\"name\":\"Informe Litoral\",\"description\":\"&quot;Nos informamos&quot; \",\"publisher\":{\"@id\":\"https:\\\/\\\/informelitoral.com.ar\\\/#organization\"},\"potentialAction\":[{\"@type\":\"SearchAction\",\"target\":{\"@type\":\"EntryPoint\",\"urlTemplate\":\"https:\\\/\\\/informelitoral.com.ar\\\/?s={search_term_string}\"},\"query-input\":{\"@type\":\"PropertyValueSpecification\",\"valueRequired\":true,\"valueName\":\"search_term_string\"}}],\"inLanguage\":\"es\"},{\"@type\":\"Organization\",\"@id\":\"https:\\\/\\\/informelitoral.com.ar\\\/#organization\",\"name\":\"Informe Litoral\",\"url\":\"https:\\\/\\\/informelitoral.com.ar\\\/\",\"logo\":{\"@type\":\"ImageObject\",\"inLanguage\":\"es\",\"@id\":\"https:\\\/\\\/informelitoral.com.ar\\\/#\\\/schema\\\/logo\\\/image\\\/\",\"url\":\"https:\\\/\\\/informelitoral.com.ar\\\/%77%70%2d%63%6f%6e%74%65%6e%74\\\/uploads\\\/2021\\\/01\\\/circulo.png\",\"contentUrl\":\"https:\\\/\\\/informelitoral.com.ar\\\/%77%70%2d%63%6f%6e%74%65%6e%74\\\/uploads\\\/2021\\\/01\\\/circulo.png\",\"width\":723,\"height\":731,\"caption\":\"Informe Litoral\"},\"image\":{\"@id\":\"https:\\\/\\\/informelitoral.com.ar\\\/#\\\/schema\\\/logo\\\/image\\\/\"},\"sameAs\":[\"https:\\\/\\\/www.facebook.com\\\/informelitoral\\\/\",\"https:\\\/\\\/x.com\\\/InformeLitoral\",\"https:\\\/\\\/www.instagram.com\\\/informelitoral\\\/\",\"https:\\\/\\\/www.youtube.com\\\/channel\\\/UCua4Qvz8Icb6MYqhoq9xLXw\"]},{\"@type\":\"Person\",\"@id\":\"https:\\\/\\\/informelitoral.com.ar\\\/#\\\/schema\\\/person\\\/b9d00407c836482871ef1d57bf8e3180\",\"name\":\"Gonzalo Schmidt\",\"image\":{\"@type\":\"ImageObject\",\"inLanguage\":\"es\",\"@id\":\"https:\\\/\\\/secure.gravatar.com\\\/avatar\\\/31a1a7b66ff2de83bd0e9fd79d026630d2d99e55e8bfe501287647b4fd9743de?s=96&d=mm&r=g\",\"url\":\"https:\\\/\\\/secure.gravatar.com\\\/avatar\\\/31a1a7b66ff2de83bd0e9fd79d026630d2d99e55e8bfe501287647b4fd9743de?s=96&d=mm&r=g\",\"contentUrl\":\"https:\\\/\\\/secure.gravatar.com\\\/avatar\\\/31a1a7b66ff2de83bd0e9fd79d026630d2d99e55e8bfe501287647b4fd9743de?s=96&d=mm&r=g\",\"caption\":\"Gonzalo Schmidt\"},\"description\":\"Sitio web de noticias de la provincia de Entre R\u00edos, Argentina. Informaci\u00f3n y entretenimiento. Informe Litoral, nos informamos.\",\"sameAs\":[\"http:\\\/\\\/www.isletasnoticias.com.ar\"],\"url\":\"https:\\\/\\\/informelitoral.com.ar\\\/author\\\/gonzalo\\\/\"}]}<\/script>","yoast_head_json":{"title":"Facultad de Ciencias de la Gesti\u00f3n de UADER ya funciona en el nuevo edificio - Informe Litoral","robots":{"index":"index","follow":"follow","max-snippet":"max-snippet:-1","max-image-preview":"max-image-preview:large","max-video-preview":"max-video-preview:-1"},"canonical":"https:\/\/informelitoral.com.ar\/facultad-de-ciencias-de-la-gestion-de-uader-ya-funciona-en-el-nuevo-edificio\/","og_locale":"es_ES","og_type":"article","og_title":"Facultad de Ciencias de la Gesti\u00f3n de UADER ya funciona en el nuevo edificio - Informe Litoral","og_description":"Las instalaciones propias se encuentran en Paran\u00e1. En La Hora del 6, la secretaria Acad\u00e9mica y su par de Extensi\u00f3n contaron detalles sobre el flamante espacio, las 11 propuestas acad\u00e9micas y los \u00faltimos d\u00edas para inscribirse.","og_url":"https:\/\/informelitoral.com.ar\/facultad-de-ciencias-de-la-gestion-de-uader-ya-funciona-en-el-nuevo-edificio\/","og_site_name":"Informe Litoral","article_publisher":"https:\/\/www.facebook.com\/informelitoral\/","article_published_time":"2025-02-05T23:26:18+00:00","article_modified_time":"2025-02-05T23:35:21+00:00","og_image":[{"width":1920,"height":1080,"url":"https:\/\/informelitoral.com.ar\/%77%70%2d%63%6f%6e%74%65%6e%74\/uploads\/2025\/02\/facultad-ciencias-de-la-gestion-uader-la-hora-del-6-canal-6-ertv.jpg","type":"image\/jpeg"}],"author":"Gonzalo Schmidt","twitter_card":"summary_large_image","twitter_creator":"@InformeLitoral","twitter_site":"@InformeLitoral","twitter_misc":{"Escrito por":"Gonzalo Schmidt","Tiempo de lectura":"2 minutos"},"schema":{"@context":"https:\/\/schema.org","@graph":[{"@type":"Article","@id":"https:\/\/informelitoral.com.ar\/facultad-de-ciencias-de-la-gestion-de-uader-ya-funciona-en-el-nuevo-edificio\/#article","isPartOf":{"@id":"https:\/\/informelitoral.com.ar\/facultad-de-ciencias-de-la-gestion-de-uader-ya-funciona-en-el-nuevo-edificio\/"},"author":{"name":"Gonzalo Schmidt","@id":"https:\/\/informelitoral.com.ar\/#\/schema\/person\/b9d00407c836482871ef1d57bf8e3180"},"headline":"Facultad de Ciencias de la Gesti\u00f3n de UADER ya funciona en el nuevo edificio","datePublished":"2025-02-05T23:26:18+00:00","dateModified":"2025-02-05T23:35:21+00:00","mainEntityOfPage":{"@id":"https:\/\/informelitoral.com.ar\/facultad-de-ciencias-de-la-gestion-de-uader-ya-funciona-en-el-nuevo-edificio\/"},"wordCount":392,"commentCount":0,"publisher":{"@id":"https:\/\/informelitoral.com.ar\/#organization"},"image":{"@id":"https:\/\/informelitoral.com.ar\/facultad-de-ciencias-de-la-gestion-de-uader-ya-funciona-en-el-nuevo-edificio\/#primaryimage"},"thumbnailUrl":"https:\/\/informelitoral.com.ar\/%77%70%2d%63%6f%6e%74%65%6e%74\/uploads\/2025\/02\/facultad-ciencias-de-la-gestion-uader-la-hora-del-6-canal-6-ertv.jpg","keywords":["Canal 6 ERTV","Educaci\u00f3n","La hora del 6","Paran\u00e1","Uader","Universidad p\u00fablica"],"articleSection":["Paran\u00e1"],"inLanguage":"es","potentialAction":[{"@type":"CommentAction","name":"Comment","target":["https:\/\/informelitoral.com.ar\/facultad-de-ciencias-de-la-gestion-de-uader-ya-funciona-en-el-nuevo-edificio\/#respond"]}]},{"@type":"WebPage","@id":"https:\/\/informelitoral.com.ar\/facultad-de-ciencias-de-la-gestion-de-uader-ya-funciona-en-el-nuevo-edificio\/","url":"https:\/\/informelitoral.com.ar\/facultad-de-ciencias-de-la-gestion-de-uader-ya-funciona-en-el-nuevo-edificio\/","name":"Facultad de Ciencias de la Gesti\u00f3n de UADER ya funciona en el nuevo edificio - Informe Litoral","isPartOf":{"@id":"https:\/\/informelitoral.com.ar\/#website"},"primaryImageOfPage":{"@id":"https:\/\/informelitoral.com.ar\/facultad-de-ciencias-de-la-gestion-de-uader-ya-funciona-en-el-nuevo-edificio\/#primaryimage"},"image":{"@id":"https:\/\/informelitoral.com.ar\/facultad-de-ciencias-de-la-gestion-de-uader-ya-funciona-en-el-nuevo-edificio\/#primaryimage"},"thumbnailUrl":"https:\/\/informelitoral.com.ar\/%77%70%2d%63%6f%6e%74%65%6e%74\/uploads\/2025\/02\/facultad-ciencias-de-la-gestion-uader-la-hora-del-6-canal-6-ertv.jpg","datePublished":"2025-02-05T23:26:18+00:00","dateModified":"2025-02-05T23:35:21+00:00","breadcrumb":{"@id":"https:\/\/informelitoral.com.ar\/facultad-de-ciencias-de-la-gestion-de-uader-ya-funciona-en-el-nuevo-edificio\/#breadcrumb"},"inLanguage":"es","potentialAction":[{"@type":"ReadAction","target":["https:\/\/informelitoral.com.ar\/facultad-de-ciencias-de-la-gestion-de-uader-ya-funciona-en-el-nuevo-edificio\/"]}]},{"@type":"ImageObject","inLanguage":"es","@id":"https:\/\/informelitoral.com.ar\/facultad-de-ciencias-de-la-gestion-de-uader-ya-funciona-en-el-nuevo-edificio\/#primaryimage","url":"https:\/\/informelitoral.com.ar\/%77%70%2d%63%6f%6e%74%65%6e%74\/uploads\/2025\/02\/facultad-ciencias-de-la-gestion-uader-la-hora-del-6-canal-6-ertv.jpg","contentUrl":"https:\/\/informelitoral.com.ar\/%77%70%2d%63%6f%6e%74%65%6e%74\/uploads\/2025\/02\/facultad-ciencias-de-la-gestion-uader-la-hora-del-6-canal-6-ertv.jpg","width":1920,"height":1080,"caption":"Luciana D\u00edaz, secretaria acad\u00e9mica y Camila Gim\u00e9nez, secretaria de Extensi\u00f3n de la FCG de UADER en La Hora del 6."},{"@type":"BreadcrumbList","@id":"https:\/\/informelitoral.com.ar\/facultad-de-ciencias-de-la-gestion-de-uader-ya-funciona-en-el-nuevo-edificio\/#breadcrumb","itemListElement":[{"@type":"ListItem","position":1,"name":"Portada","item":"https:\/\/informelitoral.com.ar\/"},{"@type":"ListItem","position":2,"name":"Facultad de Ciencias de la Gesti\u00f3n de UADER ya funciona en el nuevo edificio"}]},{"@type":"WebSite","@id":"https:\/\/informelitoral.com.ar\/#website","url":"https:\/\/informelitoral.com.ar\/","name":"Informe Litoral","description":"&quot;Nos informamos&quot; ","publisher":{"@id":"https:\/\/informelitoral.com.ar\/#organization"},"potentialAction":[{"@type":"SearchAction","target":{"@type":"EntryPoint","urlTemplate":"https:\/\/informelitoral.com.ar\/?s={search_term_string}"},"query-input":{"@type":"PropertyValueSpecification","valueRequired":true,"valueName":"search_term_string"}}],"inLanguage":"es"},{"@type":"Organization","@id":"https:\/\/informelitoral.com.ar\/#organization","name":"Informe Litoral","url":"https:\/\/informelitoral.com.ar\/","logo":{"@type":"ImageObject","inLanguage":"es","@id":"https:\/\/informelitoral.com.ar\/#\/schema\/logo\/image\/","url":"https:\/\/informelitoral.com.ar\/%77%70%2d%63%6f%6e%74%65%6e%74\/uploads\/2021\/01\/circulo.png","contentUrl":"https:\/\/informelitoral.com.ar\/%77%70%2d%63%6f%6e%74%65%6e%74\/uploads\/2021\/01\/circulo.png","width":723,"height":731,"caption":"Informe Litoral"},"image":{"@id":"https:\/\/informelitoral.com.ar\/#\/schema\/logo\/image\/"},"sameAs":["https:\/\/www.facebook.com\/informelitoral\/","https:\/\/x.com\/InformeLitoral","https:\/\/www.instagram.com\/informelitoral\/","https:\/\/www.youtube.com\/channel\/UCua4Qvz8Icb6MYqhoq9xLXw"]},{"@type":"Person","@id":"https:\/\/informelitoral.com.ar\/#\/schema\/person\/b9d00407c836482871ef1d57bf8e3180","name":"Gonzalo Schmidt","image":{"@type":"ImageObject","inLanguage":"es","@id":"https:\/\/secure.gravatar.com\/avatar\/31a1a7b66ff2de83bd0e9fd79d026630d2d99e55e8bfe501287647b4fd9743de?s=96&d=mm&r=g","url":"https:\/\/secure.gravatar.com\/avatar\/31a1a7b66ff2de83bd0e9fd79d026630d2d99e55e8bfe501287647b4fd9743de?s=96&d=mm&r=g","contentUrl":"https:\/\/secure.gravatar.com\/avatar\/31a1a7b66ff2de83bd0e9fd79d026630d2d99e55e8bfe501287647b4fd9743de?s=96&d=mm&r=g","caption":"Gonzalo Schmidt"},"description":"Sitio web de noticias de la provincia de Entre R\u00edos, Argentina. Informaci\u00f3n y entretenimiento. Informe Litoral, nos informamos.","sameAs":["http:\/\/www.isletasnoticias.com.ar"],"url":"https:\/\/informelitoral.com.ar\/author\/gonzalo\/"}]}},"_links":{"self":[{"href":"https:\/\/informelitoral.com.ar\/%77%70%2d%6a%73%6f%6e\/wp\/v2\/posts\/211132","targetHints":{"allow":["GET"]}}],"collection":[{"href":"https:\/\/informelitoral.com.ar\/%77%70%2d%6a%73%6f%6e\/wp\/v2\/posts"}],"about":[{"href":"https:\/\/informelitoral.com.ar\/%77%70%2d%6a%73%6f%6e\/wp\/v2\/types\/post"}],"author":[{"embeddable":true,"href":"https:\/\/informelitoral.com.ar\/%77%70%2d%6a%73%6f%6e\/wp\/v2\/users\/2"}],"replies":[{"embeddable":true,"href":"https:\/\/informelitoral.com.ar\/%77%70%2d%6a%73%6f%6e\/wp\/v2\/comments?post=211132"}],"version-history":[{"count":0,"href":"https:\/\/informelitoral.com.ar\/%77%70%2d%6a%73%6f%6e\/wp\/v2\/posts\/211132\/revisions"}],"wp:featuredmedia":[{"embeddable":true,"href":"https:\/\/informelitoral.com.ar\/%77%70%2d%6a%73%6f%6e\/wp\/v2\/media\/211137"}],"wp:attachment":[{"href":"https:\/\/informelitoral.com.ar\/%77%70%2d%6a%73%6f%6e\/wp\/v2\/media?parent=211132"}],"wp:term":[{"taxonomy":"category","embeddable":true,"href":"https:\/\/informelitoral.com.ar\/%77%70%2d%6a%73%6f%6e\/wp\/v2\/categories?post=211132"},{"taxonomy":"post_tag","embeddable":true,"href":"https:\/\/informelitoral.com.ar\/%77%70%2d%6a%73%6f%6e\/wp\/v2\/tags?post=211132"}],"curies":[{"name":"wp","href":"https:\/\/api.w.org\/{rel}","templated":true}]}}