{"id":211129,"date":"2025-02-05T13:26:07","date_gmt":"2025-02-05T16:26:07","guid":{"rendered":"https:\/\/informelitoral.com.ar\/?p=211129"},"modified":"2025-02-05T19:28:59","modified_gmt":"2025-02-05T22:28:59","slug":"se-realiza-la-primera-final-del-premate-en-la-sala-mayo","status":"publish","type":"post","link":"https:\/\/informelitoral.com.ar\/se-realiza-la-primera-final-del-premate-en-la-sala-mayo\/","title":{"rendered":"Se realiza la primera final del Premate en la Sala Mayo"},"content":{"rendered":"<p dir=\"ltr\">Este mi\u00e9rcoles 5 ser\u00e1 el turno de la Danza con el cierre del show de las Gildas Bailanta. El espect\u00e1culo tendr\u00e1 lugar desde las 20 en la Sala Mayo para todo p\u00fablico y con entrada libre y gratuita. Este jueves ser\u00e1 el turno de la M\u00fasica. Organiza la Municipalidad.<\/p>\n<p dir=\"ltr\">La instancia del Premate definir\u00e1 qu\u00e9 artistas de la provincia actuar\u00e1n en el escenario mayor Luis \u00abPacha\u00bb Rodr\u00edguez durante la 34\u00aa Fiesta Nacional del Mate este 7 y 8 de febrero en Plaza de las Colectividades.<\/p>\n<p dir=\"ltr\">Este mi\u00e9rcoles 5 de febrero se disputar\u00e1 la categor\u00eda de Danza, donde se podr\u00e1 disfrutar de la actuaci\u00f3n del elenco estable de la Escuela Municipal de Danza y el grupo Gildas Bailanta. Por otro lado, el jueves ser\u00e1 el turno de la categor\u00eda M\u00fasica, con el cierre a cargo de Juan Manuel Bilat.<\/p>\n<p dir=\"ltr\">El certamen re\u00fane a un total de 63 artistas de distintas localidades de la provincia, quienes fueron seleccionados en los preselectivos realizados en Concepci\u00f3n del Uruguay, Paran\u00e1 y Villaguay. Los participantes, en las disciplinas de M\u00fasica y Danza, representan a ciudades como Federal, Villaguay, Viale, Diamante, Concepci\u00f3n del Uruguay, San Justo y Paran\u00e1.<\/p>\n<h2 dir=\"ltr\"><strong>Participantes por disciplina<\/strong><\/h2>\n<h3><strong>M\u00fasica<\/strong><\/h3>\n<p dir=\"ltr\"><strong>Categor\u00eda Folklore o Tango:\u00a0<\/strong><\/p>\n<p dir=\"ltr\">\u2014T\u00e9 de Hierbas (Villaguay): Charchir Facundo, Nicol\u00e1s Arellano y Martiniano Mi\u00f1o Haag.<\/p>\n<p dir=\"ltr\">\u2014Nahuel Borra \u2013 Ecos del R\u00edo (Viale y Diamante): Nahuel Borra, Denise Lescano, Maximiliano Gioria, Rodolfo Siebenlist y Diego Blas\u00f3n.<\/p>\n<p dir=\"ltr\">\u2014D\u00fao Dening Brossard (Concepci\u00f3n del Uruguay): Diego Emanuel Brossard y Juan Max Dening.<\/p>\n<p dir=\"ltr\">\u2014Los Monchos (San Justo): Lucas Cerrano, Jerem\u00edas Perino, Luis Vel\u00e1zquez y Agust\u00edn Notari.<\/p>\n<p dir=\"ltr\"><strong>Categor\u00eda Cumbia\/Tropical:<\/strong><\/p>\n<p dir=\"ltr\">\u2014Cumbia Picante (Villaguay): Luis Mendoza, Jos\u00e9 Vidal, Mateo Vidal, Mat\u00edas Gamarra, L\u00e1zaro Gamarra, Diego \u00c1lvarez, Antonio Morales y Cesar Ruano.<\/p>\n<p dir=\"ltr\">\u2014Indiscutibles (Paran\u00e1): Sebasti\u00e1n Astudillo, Mauro Riso, Juli\u00e1n Caminos, Ezequiel Almeida, Lisandro Otero, Daiana Mart\u00ednez y Alejandro Mobiliario.<\/p>\n<h3><strong>Danza:<\/strong><\/h3>\n<p dir=\"ltr\"><strong>Categor\u00eda Conjunto de Baile (folkl\u00f3rico o contempor\u00e1neo):<\/strong><\/p>\n<p dir=\"ltr\">\u2014Tamoi Rog\u00e1 (Villaguay): Cristian Retamar, Joaqu\u00edn Segovia, Enrique Sampietro, Tom\u00e1s Obispo, Diego Eduardo, Ger\u00f3nimo Orzuza, Marcos Rodr\u00edguez, Grisel Oro\u00f1o, Malena Villagra, Candela Posenatto, Cinthia Heinse, Gianella Gonz\u00e1lez y Mar\u00eda Eugenia L\u00f3pez.<\/p>\n<p dir=\"ltr\">\u2014El Grito Sagrado (Paran\u00e1): Denise Lescano, Lucas Ibarra Sione, Tiziana Mart\u00ednez, Micaela Bubillo, Iv\u00e1n Franco, Luciana R\u00edos, Alejandro Ledesma, Agustina Santa Mar\u00eda, Casals Cabrera, Mar\u00eda Lucero, Adri\u00e1n Gamarra, Camila Morato, Daian Apelamos y Cristian Lescano.<\/p>\n<p dir=\"ltr\"><strong>Categor\u00eda Pareja de Baile Folkl\u00f3rica Tradicional:<\/strong><\/p>\n<p dir=\"ltr\">\u2014Valentina Schachtel y David Palacios (Federal).<\/p>\n<p dir=\"ltr\">\u2014Luc\u00eda Pereyra y Gonzalo Minino (Federal).<\/p>\n<p dir=\"ltr\">\u2014Camila Ojeda y Bruno Gariboglio (Concepci\u00f3n del Uruguay).<\/p>\n<p dir=\"ltr\">\u2014Eugenia Luque y Carlos Albardi (Concepci\u00f3n del Uruguay).<\/p>\n<p dir=\"ltr\"><strong>Categor\u00eda Pareja de Baile Folkl\u00f3rica Estilizada:<\/strong><\/p>\n<p dir=\"ltr\">-Ana Marina Romero Olivera y Ezequiel V\u00e1zquez (Paran\u00e1).<\/p>\n<h3><strong>Jurado<\/strong><\/h3>\n<p dir=\"ltr\">Estar\u00e1 compuesto por Soledad Ram\u00edrez y Franco Zaragoza para Danza; Francisco Cuestas y Marcia M\u00fcller para M\u00fasica; y Joaqu\u00edn Arij\u00f3n en representaci\u00f3n de la Subsecretar\u00eda de Cultura.<\/p>\n<h3><strong>Premios y visibilidad<\/strong><\/h3>\n<p dir=\"ltr\">Los ganadores recibir\u00e1n un premio en concepto de cach\u00e9 art\u00edstico y un certificado de participaci\u00f3n otorgado por la Municipalidad de Paran\u00e1. Adem\u00e1s, los artistas seleccionados tendr\u00e1n la oportunidad de presentarse en la 34\u00aa Fiesta Nacional del Mate, uno de los eventos culturales m\u00e1s importantes de la regi\u00f3n.<\/p>\n<h6 dir=\"ltr\"><em><strong>Del archivo:\u00a0<a href=\"https:\/\/informelitoral.com.ar\/pelucas-de-esperanza-en-la-fiesta-del-mate-se-podra-donar-pelo\/\" target=\"_blank\" rel=\"noopener\">Pelucas de Esperanza: en la Fiesta del Mate se podr\u00e1 donar pelo<\/a><\/strong><\/em><\/h6>\n","protected":false},"excerpt":{"rendered":"<p>Este mi\u00e9rcoles 5 ser\u00e1 el turno de la Danza con el cierre del show de las Gildas Bailanta. El espect\u00e1culo tendr\u00e1 lugar desde las 20 en la Sala Mayo para todo p\u00fablico y con entrada libre y gratuita. Este jueves ser\u00e1 el turno de la M\u00fasica. Organiza la Municipalidad.<\/p>\n","protected":false},"author":2,"featured_media":211130,"comment_status":"open","ping_status":"open","sticky":false,"template":"","format":"standard","meta":{"fifu_image_url":"","fifu_image_alt":"","footnotes":""},"categories":[1597],"tags":[1285,45],"class_list":{"0":"post-211129","1":"post","2":"type-post","3":"status-publish","4":"format-standard","5":"has-post-thumbnail","7":"category-parana","8":"tag-fiesta-del-mate","9":"tag-parana"},"yoast_head":"<title>Se realiza la primera final del Premate en la Sala Mayo - Informe Litoral<\/title>\n<meta name=\"robots\" content=\"index, follow, max-snippet:-1, max-image-preview:large, max-video-preview:-1\" \/>\n<link rel=\"canonical\" href=\"https:\/\/informelitoral.com.ar\/se-realiza-la-primera-final-del-premate-en-la-sala-mayo\/\" \/>\n<meta property=\"og:locale\" content=\"es_ES\" \/>\n<meta property=\"og:type\" content=\"article\" \/>\n<meta property=\"og:title\" content=\"Se realiza la primera final del Premate en la Sala Mayo - Informe Litoral\" \/>\n<meta property=\"og:description\" content=\"Este mi\u00e9rcoles 5 ser\u00e1 el turno de la Danza con el cierre del show de las Gildas Bailanta. El espect\u00e1culo tendr\u00e1 lugar desde las 20 en la Sala Mayo para todo p\u00fablico y con entrada libre y gratuita. Este jueves ser\u00e1 el turno de la M\u00fasica. Organiza la Municipalidad.\" \/>\n<meta property=\"og:url\" content=\"https:\/\/informelitoral.com.ar\/se-realiza-la-primera-final-del-premate-en-la-sala-mayo\/\" \/>\n<meta property=\"og:site_name\" content=\"Informe Litoral\" \/>\n<meta property=\"article:publisher\" content=\"https:\/\/www.facebook.com\/informelitoral\/\" \/>\n<meta property=\"article:published_time\" content=\"2025-02-05T16:26:07+00:00\" \/>\n<meta property=\"article:modified_time\" content=\"2025-02-05T22:28:59+00:00\" \/>\n<meta property=\"og:image\" content=\"https:\/\/informelitoral.com.ar\/%77%70%2d%63%6f%6e%74%65%6e%74\/uploads\/2025\/02\/470ec09273a9f647c26ec8cfcdac9af1.jpg\" \/>\n\t<meta property=\"og:image:width\" content=\"760\" \/>\n\t<meta property=\"og:image:height\" content=\"427\" \/>\n\t<meta property=\"og:image:type\" content=\"image\/jpeg\" \/>\n<meta name=\"author\" content=\"Gonzalo Schmidt\" \/>\n<meta name=\"twitter:card\" content=\"summary_large_image\" \/>\n<meta name=\"twitter:creator\" content=\"@InformeLitoral\" \/>\n<meta name=\"twitter:site\" content=\"@InformeLitoral\" \/>\n<meta name=\"twitter:label1\" content=\"Escrito por\" \/>\n\t<meta name=\"twitter:data1\" content=\"Gonzalo Schmidt\" \/>\n\t<meta name=\"twitter:label2\" content=\"Tiempo de lectura\" \/>\n\t<meta name=\"twitter:data2\" content=\"3 minutos\" \/>\n<script type=\"application\/ld+json\" class=\"yoast-schema-graph\">{\"@context\":\"https:\\\/\\\/schema.org\",\"@graph\":[{\"@type\":\"Article\",\"@id\":\"https:\\\/\\\/informelitoral.com.ar\\\/se-realiza-la-primera-final-del-premate-en-la-sala-mayo\\\/#article\",\"isPartOf\":{\"@id\":\"https:\\\/\\\/informelitoral.com.ar\\\/se-realiza-la-primera-final-del-premate-en-la-sala-mayo\\\/\"},\"author\":{\"name\":\"Gonzalo Schmidt\",\"@id\":\"https:\\\/\\\/informelitoral.com.ar\\\/#\\\/schema\\\/person\\\/b9d00407c836482871ef1d57bf8e3180\"},\"headline\":\"Se realiza la primera final del Premate en la Sala Mayo\",\"datePublished\":\"2025-02-05T16:26:07+00:00\",\"dateModified\":\"2025-02-05T22:28:59+00:00\",\"mainEntityOfPage\":{\"@id\":\"https:\\\/\\\/informelitoral.com.ar\\\/se-realiza-la-primera-final-del-premate-en-la-sala-mayo\\\/\"},\"wordCount\":584,\"commentCount\":0,\"publisher\":{\"@id\":\"https:\\\/\\\/informelitoral.com.ar\\\/#organization\"},\"image\":{\"@id\":\"https:\\\/\\\/informelitoral.com.ar\\\/se-realiza-la-primera-final-del-premate-en-la-sala-mayo\\\/#primaryimage\"},\"thumbnailUrl\":\"https:\\\/\\\/informelitoral.com.ar\\\/%77%70%2d%63%6f%6e%74%65%6e%74\\\/uploads\\\/2025\\\/02\\\/470ec09273a9f647c26ec8cfcdac9af1.jpg\",\"keywords\":[\"Fiesta del Mate\",\"Paran\u00e1\"],\"articleSection\":[\"Paran\u00e1\"],\"inLanguage\":\"es\",\"potentialAction\":[{\"@type\":\"CommentAction\",\"name\":\"Comment\",\"target\":[\"https:\\\/\\\/informelitoral.com.ar\\\/se-realiza-la-primera-final-del-premate-en-la-sala-mayo\\\/#respond\"]}]},{\"@type\":\"WebPage\",\"@id\":\"https:\\\/\\\/informelitoral.com.ar\\\/se-realiza-la-primera-final-del-premate-en-la-sala-mayo\\\/\",\"url\":\"https:\\\/\\\/informelitoral.com.ar\\\/se-realiza-la-primera-final-del-premate-en-la-sala-mayo\\\/\",\"name\":\"Se realiza la primera final del Premate en la Sala Mayo - Informe Litoral\",\"isPartOf\":{\"@id\":\"https:\\\/\\\/informelitoral.com.ar\\\/#website\"},\"primaryImageOfPage\":{\"@id\":\"https:\\\/\\\/informelitoral.com.ar\\\/se-realiza-la-primera-final-del-premate-en-la-sala-mayo\\\/#primaryimage\"},\"image\":{\"@id\":\"https:\\\/\\\/informelitoral.com.ar\\\/se-realiza-la-primera-final-del-premate-en-la-sala-mayo\\\/#primaryimage\"},\"thumbnailUrl\":\"https:\\\/\\\/informelitoral.com.ar\\\/%77%70%2d%63%6f%6e%74%65%6e%74\\\/uploads\\\/2025\\\/02\\\/470ec09273a9f647c26ec8cfcdac9af1.jpg\",\"datePublished\":\"2025-02-05T16:26:07+00:00\",\"dateModified\":\"2025-02-05T22:28:59+00:00\",\"breadcrumb\":{\"@id\":\"https:\\\/\\\/informelitoral.com.ar\\\/se-realiza-la-primera-final-del-premate-en-la-sala-mayo\\\/#breadcrumb\"},\"inLanguage\":\"es\",\"potentialAction\":[{\"@type\":\"ReadAction\",\"target\":[\"https:\\\/\\\/informelitoral.com.ar\\\/se-realiza-la-primera-final-del-premate-en-la-sala-mayo\\\/\"]}]},{\"@type\":\"ImageObject\",\"inLanguage\":\"es\",\"@id\":\"https:\\\/\\\/informelitoral.com.ar\\\/se-realiza-la-primera-final-del-premate-en-la-sala-mayo\\\/#primaryimage\",\"url\":\"https:\\\/\\\/informelitoral.com.ar\\\/%77%70%2d%63%6f%6e%74%65%6e%74\\\/uploads\\\/2025\\\/02\\\/470ec09273a9f647c26ec8cfcdac9af1.jpg\",\"contentUrl\":\"https:\\\/\\\/informelitoral.com.ar\\\/%77%70%2d%63%6f%6e%74%65%6e%74\\\/uploads\\\/2025\\\/02\\\/470ec09273a9f647c26ec8cfcdac9af1.jpg\",\"width\":760,\"height\":427},{\"@type\":\"BreadcrumbList\",\"@id\":\"https:\\\/\\\/informelitoral.com.ar\\\/se-realiza-la-primera-final-del-premate-en-la-sala-mayo\\\/#breadcrumb\",\"itemListElement\":[{\"@type\":\"ListItem\",\"position\":1,\"name\":\"Portada\",\"item\":\"https:\\\/\\\/informelitoral.com.ar\\\/\"},{\"@type\":\"ListItem\",\"position\":2,\"name\":\"Se realiza la primera final del Premate en la Sala Mayo\"}]},{\"@type\":\"WebSite\",\"@id\":\"https:\\\/\\\/informelitoral.com.ar\\\/#website\",\"url\":\"https:\\\/\\\/informelitoral.com.ar\\\/\",\"name\":\"Informe Litoral\",\"description\":\"&quot;Nos informamos&quot; \",\"publisher\":{\"@id\":\"https:\\\/\\\/informelitoral.com.ar\\\/#organization\"},\"potentialAction\":[{\"@type\":\"SearchAction\",\"target\":{\"@type\":\"EntryPoint\",\"urlTemplate\":\"https:\\\/\\\/informelitoral.com.ar\\\/?s={search_term_string}\"},\"query-input\":{\"@type\":\"PropertyValueSpecification\",\"valueRequired\":true,\"valueName\":\"search_term_string\"}}],\"inLanguage\":\"es\"},{\"@type\":\"Organization\",\"@id\":\"https:\\\/\\\/informelitoral.com.ar\\\/#organization\",\"name\":\"Informe Litoral\",\"url\":\"https:\\\/\\\/informelitoral.com.ar\\\/\",\"logo\":{\"@type\":\"ImageObject\",\"inLanguage\":\"es\",\"@id\":\"https:\\\/\\\/informelitoral.com.ar\\\/#\\\/schema\\\/logo\\\/image\\\/\",\"url\":\"https:\\\/\\\/informelitoral.com.ar\\\/%77%70%2d%63%6f%6e%74%65%6e%74\\\/uploads\\\/2021\\\/01\\\/circulo.png\",\"contentUrl\":\"https:\\\/\\\/informelitoral.com.ar\\\/%77%70%2d%63%6f%6e%74%65%6e%74\\\/uploads\\\/2021\\\/01\\\/circulo.png\",\"width\":723,\"height\":731,\"caption\":\"Informe Litoral\"},\"image\":{\"@id\":\"https:\\\/\\\/informelitoral.com.ar\\\/#\\\/schema\\\/logo\\\/image\\\/\"},\"sameAs\":[\"https:\\\/\\\/www.facebook.com\\\/informelitoral\\\/\",\"https:\\\/\\\/x.com\\\/InformeLitoral\",\"https:\\\/\\\/www.instagram.com\\\/informelitoral\\\/\",\"https:\\\/\\\/www.youtube.com\\\/channel\\\/UCua4Qvz8Icb6MYqhoq9xLXw\"]},{\"@type\":\"Person\",\"@id\":\"https:\\\/\\\/informelitoral.com.ar\\\/#\\\/schema\\\/person\\\/b9d00407c836482871ef1d57bf8e3180\",\"name\":\"Gonzalo Schmidt\",\"image\":{\"@type\":\"ImageObject\",\"inLanguage\":\"es\",\"@id\":\"https:\\\/\\\/secure.gravatar.com\\\/avatar\\\/31a1a7b66ff2de83bd0e9fd79d026630d2d99e55e8bfe501287647b4fd9743de?s=96&d=mm&r=g\",\"url\":\"https:\\\/\\\/secure.gravatar.com\\\/avatar\\\/31a1a7b66ff2de83bd0e9fd79d026630d2d99e55e8bfe501287647b4fd9743de?s=96&d=mm&r=g\",\"contentUrl\":\"https:\\\/\\\/secure.gravatar.com\\\/avatar\\\/31a1a7b66ff2de83bd0e9fd79d026630d2d99e55e8bfe501287647b4fd9743de?s=96&d=mm&r=g\",\"caption\":\"Gonzalo Schmidt\"},\"description\":\"Sitio web de noticias de la provincia de Entre R\u00edos, Argentina. Informaci\u00f3n y entretenimiento. Informe Litoral, nos informamos.\",\"sameAs\":[\"http:\\\/\\\/www.isletasnoticias.com.ar\"],\"url\":\"https:\\\/\\\/informelitoral.com.ar\\\/author\\\/gonzalo\\\/\"}]}<\/script>","yoast_head_json":{"title":"Se realiza la primera final del Premate en la Sala Mayo - Informe Litoral","robots":{"index":"index","follow":"follow","max-snippet":"max-snippet:-1","max-image-preview":"max-image-preview:large","max-video-preview":"max-video-preview:-1"},"canonical":"https:\/\/informelitoral.com.ar\/se-realiza-la-primera-final-del-premate-en-la-sala-mayo\/","og_locale":"es_ES","og_type":"article","og_title":"Se realiza la primera final del Premate en la Sala Mayo - Informe Litoral","og_description":"Este mi\u00e9rcoles 5 ser\u00e1 el turno de la Danza con el cierre del show de las Gildas Bailanta. El espect\u00e1culo tendr\u00e1 lugar desde las 20 en la Sala Mayo para todo p\u00fablico y con entrada libre y gratuita. Este jueves ser\u00e1 el turno de la M\u00fasica. Organiza la Municipalidad.","og_url":"https:\/\/informelitoral.com.ar\/se-realiza-la-primera-final-del-premate-en-la-sala-mayo\/","og_site_name":"Informe Litoral","article_publisher":"https:\/\/www.facebook.com\/informelitoral\/","article_published_time":"2025-02-05T16:26:07+00:00","article_modified_time":"2025-02-05T22:28:59+00:00","og_image":[{"width":760,"height":427,"url":"https:\/\/informelitoral.com.ar\/%77%70%2d%63%6f%6e%74%65%6e%74\/uploads\/2025\/02\/470ec09273a9f647c26ec8cfcdac9af1.jpg","type":"image\/jpeg"}],"author":"Gonzalo Schmidt","twitter_card":"summary_large_image","twitter_creator":"@InformeLitoral","twitter_site":"@InformeLitoral","twitter_misc":{"Escrito por":"Gonzalo Schmidt","Tiempo de lectura":"3 minutos"},"schema":{"@context":"https:\/\/schema.org","@graph":[{"@type":"Article","@id":"https:\/\/informelitoral.com.ar\/se-realiza-la-primera-final-del-premate-en-la-sala-mayo\/#article","isPartOf":{"@id":"https:\/\/informelitoral.com.ar\/se-realiza-la-primera-final-del-premate-en-la-sala-mayo\/"},"author":{"name":"Gonzalo Schmidt","@id":"https:\/\/informelitoral.com.ar\/#\/schema\/person\/b9d00407c836482871ef1d57bf8e3180"},"headline":"Se realiza la primera final del Premate en la Sala Mayo","datePublished":"2025-02-05T16:26:07+00:00","dateModified":"2025-02-05T22:28:59+00:00","mainEntityOfPage":{"@id":"https:\/\/informelitoral.com.ar\/se-realiza-la-primera-final-del-premate-en-la-sala-mayo\/"},"wordCount":584,"commentCount":0,"publisher":{"@id":"https:\/\/informelitoral.com.ar\/#organization"},"image":{"@id":"https:\/\/informelitoral.com.ar\/se-realiza-la-primera-final-del-premate-en-la-sala-mayo\/#primaryimage"},"thumbnailUrl":"https:\/\/informelitoral.com.ar\/%77%70%2d%63%6f%6e%74%65%6e%74\/uploads\/2025\/02\/470ec09273a9f647c26ec8cfcdac9af1.jpg","keywords":["Fiesta del Mate","Paran\u00e1"],"articleSection":["Paran\u00e1"],"inLanguage":"es","potentialAction":[{"@type":"CommentAction","name":"Comment","target":["https:\/\/informelitoral.com.ar\/se-realiza-la-primera-final-del-premate-en-la-sala-mayo\/#respond"]}]},{"@type":"WebPage","@id":"https:\/\/informelitoral.com.ar\/se-realiza-la-primera-final-del-premate-en-la-sala-mayo\/","url":"https:\/\/informelitoral.com.ar\/se-realiza-la-primera-final-del-premate-en-la-sala-mayo\/","name":"Se realiza la primera final del Premate en la Sala Mayo - Informe Litoral","isPartOf":{"@id":"https:\/\/informelitoral.com.ar\/#website"},"primaryImageOfPage":{"@id":"https:\/\/informelitoral.com.ar\/se-realiza-la-primera-final-del-premate-en-la-sala-mayo\/#primaryimage"},"image":{"@id":"https:\/\/informelitoral.com.ar\/se-realiza-la-primera-final-del-premate-en-la-sala-mayo\/#primaryimage"},"thumbnailUrl":"https:\/\/informelitoral.com.ar\/%77%70%2d%63%6f%6e%74%65%6e%74\/uploads\/2025\/02\/470ec09273a9f647c26ec8cfcdac9af1.jpg","datePublished":"2025-02-05T16:26:07+00:00","dateModified":"2025-02-05T22:28:59+00:00","breadcrumb":{"@id":"https:\/\/informelitoral.com.ar\/se-realiza-la-primera-final-del-premate-en-la-sala-mayo\/#breadcrumb"},"inLanguage":"es","potentialAction":[{"@type":"ReadAction","target":["https:\/\/informelitoral.com.ar\/se-realiza-la-primera-final-del-premate-en-la-sala-mayo\/"]}]},{"@type":"ImageObject","inLanguage":"es","@id":"https:\/\/informelitoral.com.ar\/se-realiza-la-primera-final-del-premate-en-la-sala-mayo\/#primaryimage","url":"https:\/\/informelitoral.com.ar\/%77%70%2d%63%6f%6e%74%65%6e%74\/uploads\/2025\/02\/470ec09273a9f647c26ec8cfcdac9af1.jpg","contentUrl":"https:\/\/informelitoral.com.ar\/%77%70%2d%63%6f%6e%74%65%6e%74\/uploads\/2025\/02\/470ec09273a9f647c26ec8cfcdac9af1.jpg","width":760,"height":427},{"@type":"BreadcrumbList","@id":"https:\/\/informelitoral.com.ar\/se-realiza-la-primera-final-del-premate-en-la-sala-mayo\/#breadcrumb","itemListElement":[{"@type":"ListItem","position":1,"name":"Portada","item":"https:\/\/informelitoral.com.ar\/"},{"@type":"ListItem","position":2,"name":"Se realiza la primera final del Premate en la Sala Mayo"}]},{"@type":"WebSite","@id":"https:\/\/informelitoral.com.ar\/#website","url":"https:\/\/informelitoral.com.ar\/","name":"Informe Litoral","description":"&quot;Nos informamos&quot; ","publisher":{"@id":"https:\/\/informelitoral.com.ar\/#organization"},"potentialAction":[{"@type":"SearchAction","target":{"@type":"EntryPoint","urlTemplate":"https:\/\/informelitoral.com.ar\/?s={search_term_string}"},"query-input":{"@type":"PropertyValueSpecification","valueRequired":true,"valueName":"search_term_string"}}],"inLanguage":"es"},{"@type":"Organization","@id":"https:\/\/informelitoral.com.ar\/#organization","name":"Informe Litoral","url":"https:\/\/informelitoral.com.ar\/","logo":{"@type":"ImageObject","inLanguage":"es","@id":"https:\/\/informelitoral.com.ar\/#\/schema\/logo\/image\/","url":"https:\/\/informelitoral.com.ar\/%77%70%2d%63%6f%6e%74%65%6e%74\/uploads\/2021\/01\/circulo.png","contentUrl":"https:\/\/informelitoral.com.ar\/%77%70%2d%63%6f%6e%74%65%6e%74\/uploads\/2021\/01\/circulo.png","width":723,"height":731,"caption":"Informe Litoral"},"image":{"@id":"https:\/\/informelitoral.com.ar\/#\/schema\/logo\/image\/"},"sameAs":["https:\/\/www.facebook.com\/informelitoral\/","https:\/\/x.com\/InformeLitoral","https:\/\/www.instagram.com\/informelitoral\/","https:\/\/www.youtube.com\/channel\/UCua4Qvz8Icb6MYqhoq9xLXw"]},{"@type":"Person","@id":"https:\/\/informelitoral.com.ar\/#\/schema\/person\/b9d00407c836482871ef1d57bf8e3180","name":"Gonzalo Schmidt","image":{"@type":"ImageObject","inLanguage":"es","@id":"https:\/\/secure.gravatar.com\/avatar\/31a1a7b66ff2de83bd0e9fd79d026630d2d99e55e8bfe501287647b4fd9743de?s=96&d=mm&r=g","url":"https:\/\/secure.gravatar.com\/avatar\/31a1a7b66ff2de83bd0e9fd79d026630d2d99e55e8bfe501287647b4fd9743de?s=96&d=mm&r=g","contentUrl":"https:\/\/secure.gravatar.com\/avatar\/31a1a7b66ff2de83bd0e9fd79d026630d2d99e55e8bfe501287647b4fd9743de?s=96&d=mm&r=g","caption":"Gonzalo Schmidt"},"description":"Sitio web de noticias de la provincia de Entre R\u00edos, Argentina. Informaci\u00f3n y entretenimiento. Informe Litoral, nos informamos.","sameAs":["http:\/\/www.isletasnoticias.com.ar"],"url":"https:\/\/informelitoral.com.ar\/author\/gonzalo\/"}]}},"_links":{"self":[{"href":"https:\/\/informelitoral.com.ar\/%77%70%2d%6a%73%6f%6e\/wp\/v2\/posts\/211129","targetHints":{"allow":["GET"]}}],"collection":[{"href":"https:\/\/informelitoral.com.ar\/%77%70%2d%6a%73%6f%6e\/wp\/v2\/posts"}],"about":[{"href":"https:\/\/informelitoral.com.ar\/%77%70%2d%6a%73%6f%6e\/wp\/v2\/types\/post"}],"author":[{"embeddable":true,"href":"https:\/\/informelitoral.com.ar\/%77%70%2d%6a%73%6f%6e\/wp\/v2\/users\/2"}],"replies":[{"embeddable":true,"href":"https:\/\/informelitoral.com.ar\/%77%70%2d%6a%73%6f%6e\/wp\/v2\/comments?post=211129"}],"version-history":[{"count":0,"href":"https:\/\/informelitoral.com.ar\/%77%70%2d%6a%73%6f%6e\/wp\/v2\/posts\/211129\/revisions"}],"wp:featuredmedia":[{"embeddable":true,"href":"https:\/\/informelitoral.com.ar\/%77%70%2d%6a%73%6f%6e\/wp\/v2\/media\/211130"}],"wp:attachment":[{"href":"https:\/\/informelitoral.com.ar\/%77%70%2d%6a%73%6f%6e\/wp\/v2\/media?parent=211129"}],"wp:term":[{"taxonomy":"category","embeddable":true,"href":"https:\/\/informelitoral.com.ar\/%77%70%2d%6a%73%6f%6e\/wp\/v2\/categories?post=211129"},{"taxonomy":"post_tag","embeddable":true,"href":"https:\/\/informelitoral.com.ar\/%77%70%2d%6a%73%6f%6e\/wp\/v2\/tags?post=211129"}],"curies":[{"name":"wp","href":"https:\/\/api.w.org\/{rel}","templated":true}]}}