{"id":211050,"date":"2025-02-05T08:29:32","date_gmt":"2025-02-05T11:29:32","guid":{"rendered":"https:\/\/informelitoral.com.ar\/?p=211050"},"modified":"2025-02-05T14:13:22","modified_gmt":"2025-02-05T17:13:22","slug":"211050-2","status":"publish","type":"post","link":"https:\/\/informelitoral.com.ar\/211050-2\/","title":{"rendered":"Fijaron nuevos\u00a0precios\u00a0para los\u00a0biocombustibles"},"content":{"rendered":"<p class=\"paragraph\">La<b>\u00a0Secretar\u00eda de Energ\u00eda<\/b>\u00a0fij\u00f3 nuevos\u00a0<b>precios<\/b>\u00a0para los\u00a0<b>biocombustibles<\/b>, que se mezclan de manera obligatoria con los combustibles f\u00f3siles, desde febrero. Los nuevos costos impactar\u00e1n en los valores de la nafta y el gasoil en marzo.<\/p>\n<p class=\"paragraph\">La suba para<b>\u00a0bioetanol\u00a0<\/b>de ca\u00f1a de az\u00facar y de ma\u00edz, que se mezclan con las naftas, es del\u00a0<b>2%<\/b>. Para el<b>\u00a0biodiesel<\/b>, utilizado en combinaci\u00f3n con el gasoil, el incremento tambi\u00e9n es del\u00a0<b>2%<\/b>. La medida fue oficializada este mi\u00e9rcoles en las resoluciones 29 y 30 publicadas en el Bolet\u00edn Oficial. La anterior actualizaci\u00f3n en los valores del biodiesel y bioetanol fue el 9 de enero.<\/p>\n<p class=\"paragraph\">Por otra parte, la petrolera YPF aplic\u00f3 este 1\u00b0 de febrero un alza de\u00a0<b>2%<\/b>\u00a0en los precios de las naftas y el gasoil que comercializa en todo el pa\u00eds, a pesar que el Gobierno\u00a0posterg\u00f3 la actualizaci\u00f3n del impuesto al combustible\u00a0l\u00edquido (ICL) y al di\u00f3xido de carbono (IDC) hasta principios de marzo para \u201c<b>mitigar el impacto en los precios del surtidor\u201d<\/b>.<\/p>\n<h2 class=\"font--primary font__display\"><strong>Aumento de biocombustibles: los nuevos precios del bioetanol y biodiesel<\/strong><\/h2>\n<p class=\"paragraph\">Este mi\u00e9rcoles 5 de febrero, el precio del\u00a0<b>bioetanol\u00a0<\/b>de ca\u00f1a de\u00a0<b>az\u00facar\u00a0<\/b>se fij\u00f3 en<b>\u00a0$717,88<\/b>\u00a0por litro, mientras el de\u00a0<b>ma\u00edz<\/b>\u00a0se estableci\u00f3 en\u00a0<b>$657,96<\/b>\u00a0por litro. Estos valores representan un alza del 2%.<\/p>\n<p class=\"paragraph\">En el caso del\u00a0<b>biodiesel<\/b>, destinado a su mezcla obligatoria con el gasoil, pas\u00f3 de $1.085.887 a\u00a0<b>$1.107.605<\/b>\u00a0por tonelada, una suba de\u00a0<b>2%\u00a0<\/b>desde el valor anterior. La \u00faltima actualizaci\u00f3n en los valores de los biocombustibles fue el 9 de enero.<\/p>\n<h2 class=\"font--primary font__display\"><strong>C\u00f3mo afecta el alza de los biocombustibles a los consumidores<\/strong><\/h2>\n<p class=\"paragraph\">Los\u00a0<b>biocombustibles\u00a0<\/b>se utilizan para el\u00a0<b>corte obligatorio\u00a0<\/b>del 12% en la nafta y el gasoil, por lo que\u00a0<b>encarece el costo de producci\u00f3n<\/b>\u00a0de los combustibles e impacta en los valores de los surtidores.<\/p>\n<p class=\"paragraph\">Seg\u00fan la ley 27.640, el\u00a0<b>biodiesel<\/b>\u00a0producido a base de aceite de soja se corta en un\u00a0<b>7,5%<\/b>\u00a0por cada litro de\u00a0<b>gasoil<\/b>\u00a0y el\u00a0<b>bioetanol<\/b>\u00a0la mezcla obligatoria que tienen que hacer las refiner\u00edas es de\u00a0<b>12%<\/b>, que se divide en\u00a0<b>6,5%<\/b>\u00a0para el elaborado a base de\u00a0<b>ca\u00f1a<\/b>\u00a0y\u00a0<b>6,5%<\/b>\u00a0para el producido a base de\u00a0<b>ma\u00edz<\/b>.<\/p>\n<h2 class=\"font--primary font__display\"><strong>Aumentan los biocombustibles: c\u00f3mo impacta en el precio de la nafta y el gasoil en marzo<\/strong><\/h2>\n<p class=\"paragraph\">El incremento en el costo de los biocombustibles puede traducirse en un nuevo aumento en el precio final de la<b>\u00a0nafta<\/b>\u00a0y el\u00a0<b>gasoil\u00a0<\/b>en los surtidores en marzo<\/p>\n<p class=\"paragraph\">Desde el s\u00e1bado 1 de febrero, el litro de\u00a0<b>nafta s\u00faper\u00a0<\/b>se ubica en\u00a0<b>$1151 y $1422\u00a0<\/b>el litro de\u00a0<b>premium<\/b>\u00a0en la Ciudad de Buenos Aires, luego de una suba de hasta el 2% que aplic\u00f3 la petrolera YPF en su red de estaciones de servicio.<\/p>\n","protected":false},"excerpt":{"rendered":"<p>La Secretar\u00eda de Energ\u00eda aplic\u00f3 una suba de 2% en los valores del bioetanol de ca\u00f1a y ma\u00edz que se mezclan con las naftas, y del biodiesel, que se utiliza en combinaci\u00f3n con el gasoil.<\/p>\n","protected":false},"author":8,"featured_media":76382,"comment_status":"open","ping_status":"open","sticky":false,"template":"","format":"standard","meta":{"fifu_image_url":"","fifu_image_alt":"","footnotes":""},"categories":[1594],"tags":[155,455],"class_list":{"0":"post-211050","1":"post","2":"type-post","3":"status-publish","4":"format-standard","5":"has-post-thumbnail","7":"category-economia","8":"tag-aumentos","9":"tag-biocombustibles"},"yoast_head":"<title>Fijaron nuevos\u00a0precios\u00a0para los\u00a0biocombustibles - Informe Litoral<\/title>\n<meta name=\"robots\" content=\"index, follow, max-snippet:-1, max-image-preview:large, max-video-preview:-1\" \/>\n<link rel=\"canonical\" href=\"https:\/\/informelitoral.com.ar\/211050-2\/\" \/>\n<meta property=\"og:locale\" content=\"es_ES\" \/>\n<meta property=\"og:type\" content=\"article\" \/>\n<meta property=\"og:title\" content=\"Fijaron nuevos\u00a0precios\u00a0para los\u00a0biocombustibles - Informe Litoral\" \/>\n<meta property=\"og:description\" content=\"La Secretar\u00eda de Energ\u00eda aplic\u00f3 una suba de 2% en los valores del bioetanol de ca\u00f1a y ma\u00edz que se mezclan con las naftas, y del biodiesel, que se utiliza en combinaci\u00f3n con el gasoil.\" \/>\n<meta property=\"og:url\" content=\"https:\/\/informelitoral.com.ar\/211050-2\/\" \/>\n<meta property=\"og:site_name\" content=\"Informe Litoral\" \/>\n<meta property=\"article:publisher\" content=\"https:\/\/www.facebook.com\/informelitoral\/\" \/>\n<meta property=\"article:published_time\" content=\"2025-02-05T11:29:32+00:00\" \/>\n<meta property=\"article:modified_time\" content=\"2025-02-05T17:13:22+00:00\" \/>\n<meta property=\"og:image\" content=\"https:\/\/informelitoral.com.ar\/%77%70%2d%63%6f%6e%74%65%6e%74\/uploads\/2022\/04\/combustiblesnaftas2333.jpg\" \/>\n\t<meta property=\"og:image:width\" content=\"786\" \/>\n\t<meta property=\"og:image:height\" content=\"506\" \/>\n\t<meta property=\"og:image:type\" content=\"image\/jpeg\" \/>\n<meta name=\"author\" content=\"Sebastian\" \/>\n<meta name=\"twitter:card\" content=\"summary_large_image\" \/>\n<meta name=\"twitter:creator\" content=\"@InformeLitoral\" \/>\n<meta name=\"twitter:site\" content=\"@InformeLitoral\" \/>\n<meta name=\"twitter:label1\" content=\"Escrito por\" \/>\n\t<meta name=\"twitter:data1\" content=\"Sebastian\" \/>\n\t<meta name=\"twitter:label2\" content=\"Tiempo de lectura\" \/>\n\t<meta name=\"twitter:data2\" content=\"2 minutos\" \/>\n<script type=\"application\/ld+json\" class=\"yoast-schema-graph\">{\"@context\":\"https:\\\/\\\/schema.org\",\"@graph\":[{\"@type\":\"Article\",\"@id\":\"https:\\\/\\\/informelitoral.com.ar\\\/211050-2\\\/#article\",\"isPartOf\":{\"@id\":\"https:\\\/\\\/informelitoral.com.ar\\\/211050-2\\\/\"},\"author\":{\"name\":\"Sebastian\",\"@id\":\"https:\\\/\\\/informelitoral.com.ar\\\/#\\\/schema\\\/person\\\/f05f9f461677119578717524b127d6d5\"},\"headline\":\"Fijaron nuevos\u00a0precios\u00a0para los\u00a0biocombustibles\",\"datePublished\":\"2025-02-05T11:29:32+00:00\",\"dateModified\":\"2025-02-05T17:13:22+00:00\",\"mainEntityOfPage\":{\"@id\":\"https:\\\/\\\/informelitoral.com.ar\\\/211050-2\\\/\"},\"wordCount\":462,\"commentCount\":0,\"publisher\":{\"@id\":\"https:\\\/\\\/informelitoral.com.ar\\\/#organization\"},\"image\":{\"@id\":\"https:\\\/\\\/informelitoral.com.ar\\\/211050-2\\\/#primaryimage\"},\"thumbnailUrl\":\"https:\\\/\\\/informelitoral.com.ar\\\/%77%70%2d%63%6f%6e%74%65%6e%74\\\/uploads\\\/2022\\\/04\\\/combustiblesnaftas2333.jpg\",\"keywords\":[\"Aumentos\",\"Biocombustibles\"],\"articleSection\":[\"Econom\u00eda\"],\"inLanguage\":\"es\",\"potentialAction\":[{\"@type\":\"CommentAction\",\"name\":\"Comment\",\"target\":[\"https:\\\/\\\/informelitoral.com.ar\\\/211050-2\\\/#respond\"]}]},{\"@type\":\"WebPage\",\"@id\":\"https:\\\/\\\/informelitoral.com.ar\\\/211050-2\\\/\",\"url\":\"https:\\\/\\\/informelitoral.com.ar\\\/211050-2\\\/\",\"name\":\"Fijaron nuevos\u00a0precios\u00a0para los\u00a0biocombustibles - Informe Litoral\",\"isPartOf\":{\"@id\":\"https:\\\/\\\/informelitoral.com.ar\\\/#website\"},\"primaryImageOfPage\":{\"@id\":\"https:\\\/\\\/informelitoral.com.ar\\\/211050-2\\\/#primaryimage\"},\"image\":{\"@id\":\"https:\\\/\\\/informelitoral.com.ar\\\/211050-2\\\/#primaryimage\"},\"thumbnailUrl\":\"https:\\\/\\\/informelitoral.com.ar\\\/%77%70%2d%63%6f%6e%74%65%6e%74\\\/uploads\\\/2022\\\/04\\\/combustiblesnaftas2333.jpg\",\"datePublished\":\"2025-02-05T11:29:32+00:00\",\"dateModified\":\"2025-02-05T17:13:22+00:00\",\"breadcrumb\":{\"@id\":\"https:\\\/\\\/informelitoral.com.ar\\\/211050-2\\\/#breadcrumb\"},\"inLanguage\":\"es\",\"potentialAction\":[{\"@type\":\"ReadAction\",\"target\":[\"https:\\\/\\\/informelitoral.com.ar\\\/211050-2\\\/\"]}]},{\"@type\":\"ImageObject\",\"inLanguage\":\"es\",\"@id\":\"https:\\\/\\\/informelitoral.com.ar\\\/211050-2\\\/#primaryimage\",\"url\":\"https:\\\/\\\/informelitoral.com.ar\\\/%77%70%2d%63%6f%6e%74%65%6e%74\\\/uploads\\\/2022\\\/04\\\/combustiblesnaftas2333.jpg\",\"contentUrl\":\"https:\\\/\\\/informelitoral.com.ar\\\/%77%70%2d%63%6f%6e%74%65%6e%74\\\/uploads\\\/2022\\\/04\\\/combustiblesnaftas2333.jpg\",\"width\":786,\"height\":506},{\"@type\":\"BreadcrumbList\",\"@id\":\"https:\\\/\\\/informelitoral.com.ar\\\/211050-2\\\/#breadcrumb\",\"itemListElement\":[{\"@type\":\"ListItem\",\"position\":1,\"name\":\"Portada\",\"item\":\"https:\\\/\\\/informelitoral.com.ar\\\/\"},{\"@type\":\"ListItem\",\"position\":2,\"name\":\"Fijaron nuevos\u00a0precios\u00a0para los\u00a0biocombustibles\"}]},{\"@type\":\"WebSite\",\"@id\":\"https:\\\/\\\/informelitoral.com.ar\\\/#website\",\"url\":\"https:\\\/\\\/informelitoral.com.ar\\\/\",\"name\":\"Informe Litoral\",\"description\":\"&quot;Nos informamos&quot; \",\"publisher\":{\"@id\":\"https:\\\/\\\/informelitoral.com.ar\\\/#organization\"},\"potentialAction\":[{\"@type\":\"SearchAction\",\"target\":{\"@type\":\"EntryPoint\",\"urlTemplate\":\"https:\\\/\\\/informelitoral.com.ar\\\/?s={search_term_string}\"},\"query-input\":{\"@type\":\"PropertyValueSpecification\",\"valueRequired\":true,\"valueName\":\"search_term_string\"}}],\"inLanguage\":\"es\"},{\"@type\":\"Organization\",\"@id\":\"https:\\\/\\\/informelitoral.com.ar\\\/#organization\",\"name\":\"Informe Litoral\",\"url\":\"https:\\\/\\\/informelitoral.com.ar\\\/\",\"logo\":{\"@type\":\"ImageObject\",\"inLanguage\":\"es\",\"@id\":\"https:\\\/\\\/informelitoral.com.ar\\\/#\\\/schema\\\/logo\\\/image\\\/\",\"url\":\"https:\\\/\\\/informelitoral.com.ar\\\/%77%70%2d%63%6f%6e%74%65%6e%74\\\/uploads\\\/2021\\\/01\\\/circulo.png\",\"contentUrl\":\"https:\\\/\\\/informelitoral.com.ar\\\/%77%70%2d%63%6f%6e%74%65%6e%74\\\/uploads\\\/2021\\\/01\\\/circulo.png\",\"width\":723,\"height\":731,\"caption\":\"Informe Litoral\"},\"image\":{\"@id\":\"https:\\\/\\\/informelitoral.com.ar\\\/#\\\/schema\\\/logo\\\/image\\\/\"},\"sameAs\":[\"https:\\\/\\\/www.facebook.com\\\/informelitoral\\\/\",\"https:\\\/\\\/x.com\\\/InformeLitoral\",\"https:\\\/\\\/www.instagram.com\\\/informelitoral\\\/\",\"https:\\\/\\\/www.youtube.com\\\/channel\\\/UCua4Qvz8Icb6MYqhoq9xLXw\"]},{\"@type\":\"Person\",\"@id\":\"https:\\\/\\\/informelitoral.com.ar\\\/#\\\/schema\\\/person\\\/f05f9f461677119578717524b127d6d5\",\"name\":\"Sebastian\",\"image\":{\"@type\":\"ImageObject\",\"inLanguage\":\"es\",\"@id\":\"https:\\\/\\\/secure.gravatar.com\\\/avatar\\\/b71bf7481d447dfb9583c7f2798e7cc64de6efb9067b74633ed8c31059a3bd82?s=96&d=mm&r=g\",\"url\":\"https:\\\/\\\/secure.gravatar.com\\\/avatar\\\/b71bf7481d447dfb9583c7f2798e7cc64de6efb9067b74633ed8c31059a3bd82?s=96&d=mm&r=g\",\"contentUrl\":\"https:\\\/\\\/secure.gravatar.com\\\/avatar\\\/b71bf7481d447dfb9583c7f2798e7cc64de6efb9067b74633ed8c31059a3bd82?s=96&d=mm&r=g\",\"caption\":\"Sebastian\"},\"url\":\"https:\\\/\\\/informelitoral.com.ar\\\/author\\\/sebastian\\\/\"}]}<\/script>","yoast_head_json":{"title":"Fijaron nuevos\u00a0precios\u00a0para los\u00a0biocombustibles - Informe Litoral","robots":{"index":"index","follow":"follow","max-snippet":"max-snippet:-1","max-image-preview":"max-image-preview:large","max-video-preview":"max-video-preview:-1"},"canonical":"https:\/\/informelitoral.com.ar\/211050-2\/","og_locale":"es_ES","og_type":"article","og_title":"Fijaron nuevos\u00a0precios\u00a0para los\u00a0biocombustibles - Informe Litoral","og_description":"La Secretar\u00eda de Energ\u00eda aplic\u00f3 una suba de 2% en los valores del bioetanol de ca\u00f1a y ma\u00edz que se mezclan con las naftas, y del biodiesel, que se utiliza en combinaci\u00f3n con el gasoil.","og_url":"https:\/\/informelitoral.com.ar\/211050-2\/","og_site_name":"Informe Litoral","article_publisher":"https:\/\/www.facebook.com\/informelitoral\/","article_published_time":"2025-02-05T11:29:32+00:00","article_modified_time":"2025-02-05T17:13:22+00:00","og_image":[{"width":786,"height":506,"url":"https:\/\/informelitoral.com.ar\/%77%70%2d%63%6f%6e%74%65%6e%74\/uploads\/2022\/04\/combustiblesnaftas2333.jpg","type":"image\/jpeg"}],"author":"Sebastian","twitter_card":"summary_large_image","twitter_creator":"@InformeLitoral","twitter_site":"@InformeLitoral","twitter_misc":{"Escrito por":"Sebastian","Tiempo de lectura":"2 minutos"},"schema":{"@context":"https:\/\/schema.org","@graph":[{"@type":"Article","@id":"https:\/\/informelitoral.com.ar\/211050-2\/#article","isPartOf":{"@id":"https:\/\/informelitoral.com.ar\/211050-2\/"},"author":{"name":"Sebastian","@id":"https:\/\/informelitoral.com.ar\/#\/schema\/person\/f05f9f461677119578717524b127d6d5"},"headline":"Fijaron nuevos\u00a0precios\u00a0para los\u00a0biocombustibles","datePublished":"2025-02-05T11:29:32+00:00","dateModified":"2025-02-05T17:13:22+00:00","mainEntityOfPage":{"@id":"https:\/\/informelitoral.com.ar\/211050-2\/"},"wordCount":462,"commentCount":0,"publisher":{"@id":"https:\/\/informelitoral.com.ar\/#organization"},"image":{"@id":"https:\/\/informelitoral.com.ar\/211050-2\/#primaryimage"},"thumbnailUrl":"https:\/\/informelitoral.com.ar\/%77%70%2d%63%6f%6e%74%65%6e%74\/uploads\/2022\/04\/combustiblesnaftas2333.jpg","keywords":["Aumentos","Biocombustibles"],"articleSection":["Econom\u00eda"],"inLanguage":"es","potentialAction":[{"@type":"CommentAction","name":"Comment","target":["https:\/\/informelitoral.com.ar\/211050-2\/#respond"]}]},{"@type":"WebPage","@id":"https:\/\/informelitoral.com.ar\/211050-2\/","url":"https:\/\/informelitoral.com.ar\/211050-2\/","name":"Fijaron nuevos\u00a0precios\u00a0para los\u00a0biocombustibles - Informe Litoral","isPartOf":{"@id":"https:\/\/informelitoral.com.ar\/#website"},"primaryImageOfPage":{"@id":"https:\/\/informelitoral.com.ar\/211050-2\/#primaryimage"},"image":{"@id":"https:\/\/informelitoral.com.ar\/211050-2\/#primaryimage"},"thumbnailUrl":"https:\/\/informelitoral.com.ar\/%77%70%2d%63%6f%6e%74%65%6e%74\/uploads\/2022\/04\/combustiblesnaftas2333.jpg","datePublished":"2025-02-05T11:29:32+00:00","dateModified":"2025-02-05T17:13:22+00:00","breadcrumb":{"@id":"https:\/\/informelitoral.com.ar\/211050-2\/#breadcrumb"},"inLanguage":"es","potentialAction":[{"@type":"ReadAction","target":["https:\/\/informelitoral.com.ar\/211050-2\/"]}]},{"@type":"ImageObject","inLanguage":"es","@id":"https:\/\/informelitoral.com.ar\/211050-2\/#primaryimage","url":"https:\/\/informelitoral.com.ar\/%77%70%2d%63%6f%6e%74%65%6e%74\/uploads\/2022\/04\/combustiblesnaftas2333.jpg","contentUrl":"https:\/\/informelitoral.com.ar\/%77%70%2d%63%6f%6e%74%65%6e%74\/uploads\/2022\/04\/combustiblesnaftas2333.jpg","width":786,"height":506},{"@type":"BreadcrumbList","@id":"https:\/\/informelitoral.com.ar\/211050-2\/#breadcrumb","itemListElement":[{"@type":"ListItem","position":1,"name":"Portada","item":"https:\/\/informelitoral.com.ar\/"},{"@type":"ListItem","position":2,"name":"Fijaron nuevos\u00a0precios\u00a0para los\u00a0biocombustibles"}]},{"@type":"WebSite","@id":"https:\/\/informelitoral.com.ar\/#website","url":"https:\/\/informelitoral.com.ar\/","name":"Informe Litoral","description":"&quot;Nos informamos&quot; ","publisher":{"@id":"https:\/\/informelitoral.com.ar\/#organization"},"potentialAction":[{"@type":"SearchAction","target":{"@type":"EntryPoint","urlTemplate":"https:\/\/informelitoral.com.ar\/?s={search_term_string}"},"query-input":{"@type":"PropertyValueSpecification","valueRequired":true,"valueName":"search_term_string"}}],"inLanguage":"es"},{"@type":"Organization","@id":"https:\/\/informelitoral.com.ar\/#organization","name":"Informe Litoral","url":"https:\/\/informelitoral.com.ar\/","logo":{"@type":"ImageObject","inLanguage":"es","@id":"https:\/\/informelitoral.com.ar\/#\/schema\/logo\/image\/","url":"https:\/\/informelitoral.com.ar\/%77%70%2d%63%6f%6e%74%65%6e%74\/uploads\/2021\/01\/circulo.png","contentUrl":"https:\/\/informelitoral.com.ar\/%77%70%2d%63%6f%6e%74%65%6e%74\/uploads\/2021\/01\/circulo.png","width":723,"height":731,"caption":"Informe Litoral"},"image":{"@id":"https:\/\/informelitoral.com.ar\/#\/schema\/logo\/image\/"},"sameAs":["https:\/\/www.facebook.com\/informelitoral\/","https:\/\/x.com\/InformeLitoral","https:\/\/www.instagram.com\/informelitoral\/","https:\/\/www.youtube.com\/channel\/UCua4Qvz8Icb6MYqhoq9xLXw"]},{"@type":"Person","@id":"https:\/\/informelitoral.com.ar\/#\/schema\/person\/f05f9f461677119578717524b127d6d5","name":"Sebastian","image":{"@type":"ImageObject","inLanguage":"es","@id":"https:\/\/secure.gravatar.com\/avatar\/b71bf7481d447dfb9583c7f2798e7cc64de6efb9067b74633ed8c31059a3bd82?s=96&d=mm&r=g","url":"https:\/\/secure.gravatar.com\/avatar\/b71bf7481d447dfb9583c7f2798e7cc64de6efb9067b74633ed8c31059a3bd82?s=96&d=mm&r=g","contentUrl":"https:\/\/secure.gravatar.com\/avatar\/b71bf7481d447dfb9583c7f2798e7cc64de6efb9067b74633ed8c31059a3bd82?s=96&d=mm&r=g","caption":"Sebastian"},"url":"https:\/\/informelitoral.com.ar\/author\/sebastian\/"}]}},"_links":{"self":[{"href":"https:\/\/informelitoral.com.ar\/%77%70%2d%6a%73%6f%6e\/wp\/v2\/posts\/211050","targetHints":{"allow":["GET"]}}],"collection":[{"href":"https:\/\/informelitoral.com.ar\/%77%70%2d%6a%73%6f%6e\/wp\/v2\/posts"}],"about":[{"href":"https:\/\/informelitoral.com.ar\/%77%70%2d%6a%73%6f%6e\/wp\/v2\/types\/post"}],"author":[{"embeddable":true,"href":"https:\/\/informelitoral.com.ar\/%77%70%2d%6a%73%6f%6e\/wp\/v2\/users\/8"}],"replies":[{"embeddable":true,"href":"https:\/\/informelitoral.com.ar\/%77%70%2d%6a%73%6f%6e\/wp\/v2\/comments?post=211050"}],"version-history":[{"count":0,"href":"https:\/\/informelitoral.com.ar\/%77%70%2d%6a%73%6f%6e\/wp\/v2\/posts\/211050\/revisions"}],"wp:featuredmedia":[{"embeddable":true,"href":"https:\/\/informelitoral.com.ar\/%77%70%2d%6a%73%6f%6e\/wp\/v2\/media\/76382"}],"wp:attachment":[{"href":"https:\/\/informelitoral.com.ar\/%77%70%2d%6a%73%6f%6e\/wp\/v2\/media?parent=211050"}],"wp:term":[{"taxonomy":"category","embeddable":true,"href":"https:\/\/informelitoral.com.ar\/%77%70%2d%6a%73%6f%6e\/wp\/v2\/categories?post=211050"},{"taxonomy":"post_tag","embeddable":true,"href":"https:\/\/informelitoral.com.ar\/%77%70%2d%6a%73%6f%6e\/wp\/v2\/tags?post=211050"}],"curies":[{"name":"wp","href":"https:\/\/api.w.org\/{rel}","templated":true}]}}