{"id":211005,"date":"2025-02-04T14:27:08","date_gmt":"2025-02-04T17:27:08","guid":{"rendered":"https:\/\/informelitoral.com.ar\/?p=211005"},"modified":"2025-02-04T14:28:47","modified_gmt":"2025-02-04T17:28:47","slug":"tragedia-en-la-ruta-34-choque-frontal-entre-camiones-deja-dos-muertos-y-un-herido-grave","status":"publish","type":"post","link":"https:\/\/informelitoral.com.ar\/tragedia-en-la-ruta-34-choque-frontal-entre-camiones-deja-dos-muertos-y-un-herido-grave\/","title":{"rendered":"Tragedia en la Ruta 34: choque frontal entre camiones dej\u00f3 dos muertos y un herido grave"},"content":{"rendered":"<p data-sourcepos=\"5:1-5:388\">Un choque frontal entre dos camiones ocurrido este martes en la ruta nacional 34, a la altura de la localidad de La Rubia, provincia de Santa Fe, dej\u00f3 un saldo tr\u00e1gico de dos personas fallecidas y un herido grave. El siniestro, que tuvo lugar alrededor de las 9:30 en el kil\u00f3metro 360 de la mencionada ruta, involucr\u00f3 a un cami\u00f3n de carga general y una gr\u00faa que transportaba un autom\u00f3vil.<\/p>\n<p data-sourcepos=\"7:1-7:384\">Seg\u00fan informaron fuentes policiales y de Bomberos Voluntarios de Arruf\u00f3, el impacto fue de tal magnitud que los tres veh\u00edculos involucrados se incendiaron. Lamentablemente, los dos ocupantes de uno de los camiones fallecieron en el acto, mientras que el conductor del otro cami\u00f3n fue rescatado y trasladado de urgencia a un sanatorio de la regi\u00f3n debido a las graves heridas sufridas.<\/p>\n<p data-sourcepos=\"9:1-9:283\">Tras el accidente, personal de Bomberos, agentes policiales y de Gendarmer\u00eda se hicieron presentes en el lugar para controlar el tr\u00e1nsito y llevar a cabo las primeras investigaciones. La ruta permaneci\u00f3 cortada durante varias horas, lo que gener\u00f3 demoras y desv\u00edos en la circulaci\u00f3n.<\/p>\n<p data-sourcepos=\"11:1-11:309\">Las autoridades se encuentran investigando las causas que originaron el fatal choque, aunque las primeras hip\u00f3tesis apuntan a un posible error humano o a las malas condiciones clim\u00e1ticas en la zona. Se espera que en las pr\u00f3ximas horas se brinden m\u00e1s detalles sobre el siniestro y la identidad de las v\u00edctimas.<\/p>\n","protected":false},"excerpt":{"rendered":"<p>El siniestro ocurri\u00f3 cerca de La Rubia, Santa Fe, y provoc\u00f3 un incendio que involucr\u00f3 a los tres veh\u00edculos.<\/p>\n","protected":false},"author":8,"featured_media":211006,"comment_status":"open","ping_status":"open","sticky":false,"template":"","format":"standard","meta":{"fifu_image_url":"","fifu_image_alt":"","footnotes":""},"categories":[14],"tags":[304,2173,134],"class_list":{"0":"post-211005","1":"post","2":"type-post","3":"status-publish","4":"format-standard","5":"has-post-thumbnail","7":"category-policiales","8":"tag-accidente-vial","9":"tag-fallecidos","10":"tag-santa-fe"},"yoast_head":"<title>Tragedia en la Ruta 34: choque frontal entre camiones dej\u00f3 dos muertos y un herido grave - Informe Litoral<\/title>\n<meta name=\"robots\" content=\"index, follow, max-snippet:-1, max-image-preview:large, max-video-preview:-1\" \/>\n<link rel=\"canonical\" href=\"https:\/\/informelitoral.com.ar\/tragedia-en-la-ruta-34-choque-frontal-entre-camiones-deja-dos-muertos-y-un-herido-grave\/\" \/>\n<meta property=\"og:locale\" content=\"es_ES\" \/>\n<meta property=\"og:type\" content=\"article\" \/>\n<meta property=\"og:title\" content=\"Tragedia en la Ruta 34: choque frontal entre camiones dej\u00f3 dos muertos y un herido grave - Informe Litoral\" \/>\n<meta property=\"og:description\" content=\"El siniestro ocurri\u00f3 cerca de La Rubia, Santa Fe, y provoc\u00f3 un incendio que involucr\u00f3 a los tres veh\u00edculos.\" \/>\n<meta property=\"og:url\" content=\"https:\/\/informelitoral.com.ar\/tragedia-en-la-ruta-34-choque-frontal-entre-camiones-deja-dos-muertos-y-un-herido-grave\/\" \/>\n<meta property=\"og:site_name\" content=\"Informe Litoral\" \/>\n<meta property=\"article:publisher\" content=\"https:\/\/www.facebook.com\/informelitoral\/\" \/>\n<meta property=\"article:published_time\" content=\"2025-02-04T17:27:08+00:00\" \/>\n<meta property=\"article:modified_time\" content=\"2025-02-04T17:28:47+00:00\" \/>\n<meta property=\"og:image\" content=\"https:\/\/informelitoral.com.ar\/%77%70%2d%63%6f%6e%74%65%6e%74\/uploads\/2025\/02\/l_1738678745_61425.webp\" \/>\n\t<meta property=\"og:image:width\" content=\"1200\" \/>\n\t<meta property=\"og:image:height\" content=\"800\" \/>\n\t<meta property=\"og:image:type\" content=\"image\/webp\" \/>\n<meta name=\"author\" content=\"Sebastian\" \/>\n<meta name=\"twitter:card\" content=\"summary_large_image\" \/>\n<meta name=\"twitter:creator\" content=\"@InformeLitoral\" \/>\n<meta name=\"twitter:site\" content=\"@InformeLitoral\" \/>\n<meta name=\"twitter:label1\" content=\"Escrito por\" \/>\n\t<meta name=\"twitter:data1\" content=\"Sebastian\" \/>\n\t<meta name=\"twitter:label2\" content=\"Tiempo de lectura\" \/>\n\t<meta name=\"twitter:data2\" content=\"1 minuto\" \/>\n<script type=\"application\/ld+json\" class=\"yoast-schema-graph\">{\"@context\":\"https:\\\/\\\/schema.org\",\"@graph\":[{\"@type\":\"Article\",\"@id\":\"https:\\\/\\\/informelitoral.com.ar\\\/tragedia-en-la-ruta-34-choque-frontal-entre-camiones-deja-dos-muertos-y-un-herido-grave\\\/#article\",\"isPartOf\":{\"@id\":\"https:\\\/\\\/informelitoral.com.ar\\\/tragedia-en-la-ruta-34-choque-frontal-entre-camiones-deja-dos-muertos-y-un-herido-grave\\\/\"},\"author\":{\"name\":\"Sebastian\",\"@id\":\"https:\\\/\\\/informelitoral.com.ar\\\/#\\\/schema\\\/person\\\/f05f9f461677119578717524b127d6d5\"},\"headline\":\"Tragedia en la Ruta 34: choque frontal entre camiones dej\u00f3 dos muertos y un herido grave\",\"datePublished\":\"2025-02-04T17:27:08+00:00\",\"dateModified\":\"2025-02-04T17:28:47+00:00\",\"mainEntityOfPage\":{\"@id\":\"https:\\\/\\\/informelitoral.com.ar\\\/tragedia-en-la-ruta-34-choque-frontal-entre-camiones-deja-dos-muertos-y-un-herido-grave\\\/\"},\"wordCount\":256,\"commentCount\":0,\"publisher\":{\"@id\":\"https:\\\/\\\/informelitoral.com.ar\\\/#organization\"},\"image\":{\"@id\":\"https:\\\/\\\/informelitoral.com.ar\\\/tragedia-en-la-ruta-34-choque-frontal-entre-camiones-deja-dos-muertos-y-un-herido-grave\\\/#primaryimage\"},\"thumbnailUrl\":\"https:\\\/\\\/informelitoral.com.ar\\\/%77%70%2d%63%6f%6e%74%65%6e%74\\\/uploads\\\/2025\\\/02\\\/l_1738678745_61425.webp\",\"keywords\":[\"Accidente vial\",\"Fallecidos\",\"Santa Fe\"],\"articleSection\":[\"Policiales\"],\"inLanguage\":\"es\",\"potentialAction\":[{\"@type\":\"CommentAction\",\"name\":\"Comment\",\"target\":[\"https:\\\/\\\/informelitoral.com.ar\\\/tragedia-en-la-ruta-34-choque-frontal-entre-camiones-deja-dos-muertos-y-un-herido-grave\\\/#respond\"]}]},{\"@type\":\"WebPage\",\"@id\":\"https:\\\/\\\/informelitoral.com.ar\\\/tragedia-en-la-ruta-34-choque-frontal-entre-camiones-deja-dos-muertos-y-un-herido-grave\\\/\",\"url\":\"https:\\\/\\\/informelitoral.com.ar\\\/tragedia-en-la-ruta-34-choque-frontal-entre-camiones-deja-dos-muertos-y-un-herido-grave\\\/\",\"name\":\"Tragedia en la Ruta 34: choque frontal entre camiones dej\u00f3 dos muertos y un herido grave - Informe Litoral\",\"isPartOf\":{\"@id\":\"https:\\\/\\\/informelitoral.com.ar\\\/#website\"},\"primaryImageOfPage\":{\"@id\":\"https:\\\/\\\/informelitoral.com.ar\\\/tragedia-en-la-ruta-34-choque-frontal-entre-camiones-deja-dos-muertos-y-un-herido-grave\\\/#primaryimage\"},\"image\":{\"@id\":\"https:\\\/\\\/informelitoral.com.ar\\\/tragedia-en-la-ruta-34-choque-frontal-entre-camiones-deja-dos-muertos-y-un-herido-grave\\\/#primaryimage\"},\"thumbnailUrl\":\"https:\\\/\\\/informelitoral.com.ar\\\/%77%70%2d%63%6f%6e%74%65%6e%74\\\/uploads\\\/2025\\\/02\\\/l_1738678745_61425.webp\",\"datePublished\":\"2025-02-04T17:27:08+00:00\",\"dateModified\":\"2025-02-04T17:28:47+00:00\",\"breadcrumb\":{\"@id\":\"https:\\\/\\\/informelitoral.com.ar\\\/tragedia-en-la-ruta-34-choque-frontal-entre-camiones-deja-dos-muertos-y-un-herido-grave\\\/#breadcrumb\"},\"inLanguage\":\"es\",\"potentialAction\":[{\"@type\":\"ReadAction\",\"target\":[\"https:\\\/\\\/informelitoral.com.ar\\\/tragedia-en-la-ruta-34-choque-frontal-entre-camiones-deja-dos-muertos-y-un-herido-grave\\\/\"]}]},{\"@type\":\"ImageObject\",\"inLanguage\":\"es\",\"@id\":\"https:\\\/\\\/informelitoral.com.ar\\\/tragedia-en-la-ruta-34-choque-frontal-entre-camiones-deja-dos-muertos-y-un-herido-grave\\\/#primaryimage\",\"url\":\"https:\\\/\\\/informelitoral.com.ar\\\/%77%70%2d%63%6f%6e%74%65%6e%74\\\/uploads\\\/2025\\\/02\\\/l_1738678745_61425.webp\",\"contentUrl\":\"https:\\\/\\\/informelitoral.com.ar\\\/%77%70%2d%63%6f%6e%74%65%6e%74\\\/uploads\\\/2025\\\/02\\\/l_1738678745_61425.webp\",\"width\":1200,\"height\":800},{\"@type\":\"BreadcrumbList\",\"@id\":\"https:\\\/\\\/informelitoral.com.ar\\\/tragedia-en-la-ruta-34-choque-frontal-entre-camiones-deja-dos-muertos-y-un-herido-grave\\\/#breadcrumb\",\"itemListElement\":[{\"@type\":\"ListItem\",\"position\":1,\"name\":\"Portada\",\"item\":\"https:\\\/\\\/informelitoral.com.ar\\\/\"},{\"@type\":\"ListItem\",\"position\":2,\"name\":\"Tragedia en la Ruta 34: choque frontal entre camiones dej\u00f3 dos muertos y un herido grave\"}]},{\"@type\":\"WebSite\",\"@id\":\"https:\\\/\\\/informelitoral.com.ar\\\/#website\",\"url\":\"https:\\\/\\\/informelitoral.com.ar\\\/\",\"name\":\"Informe Litoral\",\"description\":\"&quot;Nos informamos&quot; \",\"publisher\":{\"@id\":\"https:\\\/\\\/informelitoral.com.ar\\\/#organization\"},\"potentialAction\":[{\"@type\":\"SearchAction\",\"target\":{\"@type\":\"EntryPoint\",\"urlTemplate\":\"https:\\\/\\\/informelitoral.com.ar\\\/?s={search_term_string}\"},\"query-input\":{\"@type\":\"PropertyValueSpecification\",\"valueRequired\":true,\"valueName\":\"search_term_string\"}}],\"inLanguage\":\"es\"},{\"@type\":\"Organization\",\"@id\":\"https:\\\/\\\/informelitoral.com.ar\\\/#organization\",\"name\":\"Informe Litoral\",\"url\":\"https:\\\/\\\/informelitoral.com.ar\\\/\",\"logo\":{\"@type\":\"ImageObject\",\"inLanguage\":\"es\",\"@id\":\"https:\\\/\\\/informelitoral.com.ar\\\/#\\\/schema\\\/logo\\\/image\\\/\",\"url\":\"https:\\\/\\\/informelitoral.com.ar\\\/%77%70%2d%63%6f%6e%74%65%6e%74\\\/uploads\\\/2021\\\/01\\\/circulo.png\",\"contentUrl\":\"https:\\\/\\\/informelitoral.com.ar\\\/%77%70%2d%63%6f%6e%74%65%6e%74\\\/uploads\\\/2021\\\/01\\\/circulo.png\",\"width\":723,\"height\":731,\"caption\":\"Informe Litoral\"},\"image\":{\"@id\":\"https:\\\/\\\/informelitoral.com.ar\\\/#\\\/schema\\\/logo\\\/image\\\/\"},\"sameAs\":[\"https:\\\/\\\/www.facebook.com\\\/informelitoral\\\/\",\"https:\\\/\\\/x.com\\\/InformeLitoral\",\"https:\\\/\\\/www.instagram.com\\\/informelitoral\\\/\",\"https:\\\/\\\/www.youtube.com\\\/channel\\\/UCua4Qvz8Icb6MYqhoq9xLXw\"]},{\"@type\":\"Person\",\"@id\":\"https:\\\/\\\/informelitoral.com.ar\\\/#\\\/schema\\\/person\\\/f05f9f461677119578717524b127d6d5\",\"name\":\"Sebastian\",\"image\":{\"@type\":\"ImageObject\",\"inLanguage\":\"es\",\"@id\":\"https:\\\/\\\/secure.gravatar.com\\\/avatar\\\/b71bf7481d447dfb9583c7f2798e7cc64de6efb9067b74633ed8c31059a3bd82?s=96&d=mm&r=g\",\"url\":\"https:\\\/\\\/secure.gravatar.com\\\/avatar\\\/b71bf7481d447dfb9583c7f2798e7cc64de6efb9067b74633ed8c31059a3bd82?s=96&d=mm&r=g\",\"contentUrl\":\"https:\\\/\\\/secure.gravatar.com\\\/avatar\\\/b71bf7481d447dfb9583c7f2798e7cc64de6efb9067b74633ed8c31059a3bd82?s=96&d=mm&r=g\",\"caption\":\"Sebastian\"},\"url\":\"https:\\\/\\\/informelitoral.com.ar\\\/author\\\/sebastian\\\/\"}]}<\/script>","yoast_head_json":{"title":"Tragedia en la Ruta 34: choque frontal entre camiones dej\u00f3 dos muertos y un herido grave - Informe Litoral","robots":{"index":"index","follow":"follow","max-snippet":"max-snippet:-1","max-image-preview":"max-image-preview:large","max-video-preview":"max-video-preview:-1"},"canonical":"https:\/\/informelitoral.com.ar\/tragedia-en-la-ruta-34-choque-frontal-entre-camiones-deja-dos-muertos-y-un-herido-grave\/","og_locale":"es_ES","og_type":"article","og_title":"Tragedia en la Ruta 34: choque frontal entre camiones dej\u00f3 dos muertos y un herido grave - Informe Litoral","og_description":"El siniestro ocurri\u00f3 cerca de La Rubia, Santa Fe, y provoc\u00f3 un incendio que involucr\u00f3 a los tres veh\u00edculos.","og_url":"https:\/\/informelitoral.com.ar\/tragedia-en-la-ruta-34-choque-frontal-entre-camiones-deja-dos-muertos-y-un-herido-grave\/","og_site_name":"Informe Litoral","article_publisher":"https:\/\/www.facebook.com\/informelitoral\/","article_published_time":"2025-02-04T17:27:08+00:00","article_modified_time":"2025-02-04T17:28:47+00:00","og_image":[{"width":1200,"height":800,"url":"https:\/\/informelitoral.com.ar\/%77%70%2d%63%6f%6e%74%65%6e%74\/uploads\/2025\/02\/l_1738678745_61425.webp","type":"image\/webp"}],"author":"Sebastian","twitter_card":"summary_large_image","twitter_creator":"@InformeLitoral","twitter_site":"@InformeLitoral","twitter_misc":{"Escrito por":"Sebastian","Tiempo de lectura":"1 minuto"},"schema":{"@context":"https:\/\/schema.org","@graph":[{"@type":"Article","@id":"https:\/\/informelitoral.com.ar\/tragedia-en-la-ruta-34-choque-frontal-entre-camiones-deja-dos-muertos-y-un-herido-grave\/#article","isPartOf":{"@id":"https:\/\/informelitoral.com.ar\/tragedia-en-la-ruta-34-choque-frontal-entre-camiones-deja-dos-muertos-y-un-herido-grave\/"},"author":{"name":"Sebastian","@id":"https:\/\/informelitoral.com.ar\/#\/schema\/person\/f05f9f461677119578717524b127d6d5"},"headline":"Tragedia en la Ruta 34: choque frontal entre camiones dej\u00f3 dos muertos y un herido grave","datePublished":"2025-02-04T17:27:08+00:00","dateModified":"2025-02-04T17:28:47+00:00","mainEntityOfPage":{"@id":"https:\/\/informelitoral.com.ar\/tragedia-en-la-ruta-34-choque-frontal-entre-camiones-deja-dos-muertos-y-un-herido-grave\/"},"wordCount":256,"commentCount":0,"publisher":{"@id":"https:\/\/informelitoral.com.ar\/#organization"},"image":{"@id":"https:\/\/informelitoral.com.ar\/tragedia-en-la-ruta-34-choque-frontal-entre-camiones-deja-dos-muertos-y-un-herido-grave\/#primaryimage"},"thumbnailUrl":"https:\/\/informelitoral.com.ar\/%77%70%2d%63%6f%6e%74%65%6e%74\/uploads\/2025\/02\/l_1738678745_61425.webp","keywords":["Accidente vial","Fallecidos","Santa Fe"],"articleSection":["Policiales"],"inLanguage":"es","potentialAction":[{"@type":"CommentAction","name":"Comment","target":["https:\/\/informelitoral.com.ar\/tragedia-en-la-ruta-34-choque-frontal-entre-camiones-deja-dos-muertos-y-un-herido-grave\/#respond"]}]},{"@type":"WebPage","@id":"https:\/\/informelitoral.com.ar\/tragedia-en-la-ruta-34-choque-frontal-entre-camiones-deja-dos-muertos-y-un-herido-grave\/","url":"https:\/\/informelitoral.com.ar\/tragedia-en-la-ruta-34-choque-frontal-entre-camiones-deja-dos-muertos-y-un-herido-grave\/","name":"Tragedia en la Ruta 34: choque frontal entre camiones dej\u00f3 dos muertos y un herido grave - Informe Litoral","isPartOf":{"@id":"https:\/\/informelitoral.com.ar\/#website"},"primaryImageOfPage":{"@id":"https:\/\/informelitoral.com.ar\/tragedia-en-la-ruta-34-choque-frontal-entre-camiones-deja-dos-muertos-y-un-herido-grave\/#primaryimage"},"image":{"@id":"https:\/\/informelitoral.com.ar\/tragedia-en-la-ruta-34-choque-frontal-entre-camiones-deja-dos-muertos-y-un-herido-grave\/#primaryimage"},"thumbnailUrl":"https:\/\/informelitoral.com.ar\/%77%70%2d%63%6f%6e%74%65%6e%74\/uploads\/2025\/02\/l_1738678745_61425.webp","datePublished":"2025-02-04T17:27:08+00:00","dateModified":"2025-02-04T17:28:47+00:00","breadcrumb":{"@id":"https:\/\/informelitoral.com.ar\/tragedia-en-la-ruta-34-choque-frontal-entre-camiones-deja-dos-muertos-y-un-herido-grave\/#breadcrumb"},"inLanguage":"es","potentialAction":[{"@type":"ReadAction","target":["https:\/\/informelitoral.com.ar\/tragedia-en-la-ruta-34-choque-frontal-entre-camiones-deja-dos-muertos-y-un-herido-grave\/"]}]},{"@type":"ImageObject","inLanguage":"es","@id":"https:\/\/informelitoral.com.ar\/tragedia-en-la-ruta-34-choque-frontal-entre-camiones-deja-dos-muertos-y-un-herido-grave\/#primaryimage","url":"https:\/\/informelitoral.com.ar\/%77%70%2d%63%6f%6e%74%65%6e%74\/uploads\/2025\/02\/l_1738678745_61425.webp","contentUrl":"https:\/\/informelitoral.com.ar\/%77%70%2d%63%6f%6e%74%65%6e%74\/uploads\/2025\/02\/l_1738678745_61425.webp","width":1200,"height":800},{"@type":"BreadcrumbList","@id":"https:\/\/informelitoral.com.ar\/tragedia-en-la-ruta-34-choque-frontal-entre-camiones-deja-dos-muertos-y-un-herido-grave\/#breadcrumb","itemListElement":[{"@type":"ListItem","position":1,"name":"Portada","item":"https:\/\/informelitoral.com.ar\/"},{"@type":"ListItem","position":2,"name":"Tragedia en la Ruta 34: choque frontal entre camiones dej\u00f3 dos muertos y un herido grave"}]},{"@type":"WebSite","@id":"https:\/\/informelitoral.com.ar\/#website","url":"https:\/\/informelitoral.com.ar\/","name":"Informe Litoral","description":"&quot;Nos informamos&quot; ","publisher":{"@id":"https:\/\/informelitoral.com.ar\/#organization"},"potentialAction":[{"@type":"SearchAction","target":{"@type":"EntryPoint","urlTemplate":"https:\/\/informelitoral.com.ar\/?s={search_term_string}"},"query-input":{"@type":"PropertyValueSpecification","valueRequired":true,"valueName":"search_term_string"}}],"inLanguage":"es"},{"@type":"Organization","@id":"https:\/\/informelitoral.com.ar\/#organization","name":"Informe Litoral","url":"https:\/\/informelitoral.com.ar\/","logo":{"@type":"ImageObject","inLanguage":"es","@id":"https:\/\/informelitoral.com.ar\/#\/schema\/logo\/image\/","url":"https:\/\/informelitoral.com.ar\/%77%70%2d%63%6f%6e%74%65%6e%74\/uploads\/2021\/01\/circulo.png","contentUrl":"https:\/\/informelitoral.com.ar\/%77%70%2d%63%6f%6e%74%65%6e%74\/uploads\/2021\/01\/circulo.png","width":723,"height":731,"caption":"Informe Litoral"},"image":{"@id":"https:\/\/informelitoral.com.ar\/#\/schema\/logo\/image\/"},"sameAs":["https:\/\/www.facebook.com\/informelitoral\/","https:\/\/x.com\/InformeLitoral","https:\/\/www.instagram.com\/informelitoral\/","https:\/\/www.youtube.com\/channel\/UCua4Qvz8Icb6MYqhoq9xLXw"]},{"@type":"Person","@id":"https:\/\/informelitoral.com.ar\/#\/schema\/person\/f05f9f461677119578717524b127d6d5","name":"Sebastian","image":{"@type":"ImageObject","inLanguage":"es","@id":"https:\/\/secure.gravatar.com\/avatar\/b71bf7481d447dfb9583c7f2798e7cc64de6efb9067b74633ed8c31059a3bd82?s=96&d=mm&r=g","url":"https:\/\/secure.gravatar.com\/avatar\/b71bf7481d447dfb9583c7f2798e7cc64de6efb9067b74633ed8c31059a3bd82?s=96&d=mm&r=g","contentUrl":"https:\/\/secure.gravatar.com\/avatar\/b71bf7481d447dfb9583c7f2798e7cc64de6efb9067b74633ed8c31059a3bd82?s=96&d=mm&r=g","caption":"Sebastian"},"url":"https:\/\/informelitoral.com.ar\/author\/sebastian\/"}]}},"_links":{"self":[{"href":"https:\/\/informelitoral.com.ar\/%77%70%2d%6a%73%6f%6e\/wp\/v2\/posts\/211005","targetHints":{"allow":["GET"]}}],"collection":[{"href":"https:\/\/informelitoral.com.ar\/%77%70%2d%6a%73%6f%6e\/wp\/v2\/posts"}],"about":[{"href":"https:\/\/informelitoral.com.ar\/%77%70%2d%6a%73%6f%6e\/wp\/v2\/types\/post"}],"author":[{"embeddable":true,"href":"https:\/\/informelitoral.com.ar\/%77%70%2d%6a%73%6f%6e\/wp\/v2\/users\/8"}],"replies":[{"embeddable":true,"href":"https:\/\/informelitoral.com.ar\/%77%70%2d%6a%73%6f%6e\/wp\/v2\/comments?post=211005"}],"version-history":[{"count":0,"href":"https:\/\/informelitoral.com.ar\/%77%70%2d%6a%73%6f%6e\/wp\/v2\/posts\/211005\/revisions"}],"wp:featuredmedia":[{"embeddable":true,"href":"https:\/\/informelitoral.com.ar\/%77%70%2d%6a%73%6f%6e\/wp\/v2\/media\/211006"}],"wp:attachment":[{"href":"https:\/\/informelitoral.com.ar\/%77%70%2d%6a%73%6f%6e\/wp\/v2\/media?parent=211005"}],"wp:term":[{"taxonomy":"category","embeddable":true,"href":"https:\/\/informelitoral.com.ar\/%77%70%2d%6a%73%6f%6e\/wp\/v2\/categories?post=211005"},{"taxonomy":"post_tag","embeddable":true,"href":"https:\/\/informelitoral.com.ar\/%77%70%2d%6a%73%6f%6e\/wp\/v2\/tags?post=211005"}],"curies":[{"name":"wp","href":"https:\/\/api.w.org\/{rel}","templated":true}]}}