{"id":210880,"date":"2025-02-04T07:19:50","date_gmt":"2025-02-04T10:19:50","guid":{"rendered":"https:\/\/informelitoral.com.ar\/?p=210880"},"modified":"2025-02-04T07:19:50","modified_gmt":"2025-02-04T10:19:50","slug":"el-calor-extremo-tendria-las-horas-contadas","status":"publish","type":"post","link":"https:\/\/informelitoral.com.ar\/el-calor-extremo-tendria-las-horas-contadas\/","title":{"rendered":"El calor extremo tendr\u00eda las horas contadas"},"content":{"rendered":"<p>Se mantiene el calor extremo en gran parte del pa\u00eds, previo al alivio que se prev\u00e9 llegar\u00eda ma\u00f1ana. Por eso el Servicio Meteorol\u00f3gico Nacional (SMN) manten\u00eda para este martes nuevos alertas por altas temperaturas para diferentes distritos.<\/p>\n<div class=\"embed nota-relacionada\">\n<div class=\"inner-art\">\n<article class=\" en-bandera\">\n<header class=\"en-bandera__header\">\n<h2 class=\"en-bandera__h2 titulo-sub \"><strong>Martes agobiante: pronostican hasta 38 grados y luego comenzar\u00eda a bajar la temperatura<\/strong><\/h2>\n<\/header>\n<\/article>\n<\/div>\n<\/div>\n<p>De esta manera, rige una alerta amarillo para algunas las provincias de Buenos Aires, Entre R\u00edos, Corrientes, Misiones, Formosa, Chaco, Salta, Santa Fe, Santiago del Estero, C\u00f3rdoba, La Rioja y San Luis.<\/p>\n<p>En zonas de Buenos Aires, C\u00f3rdoba, Corrientes, Misiones, Catamarca, La Rioja y San Juan, el aviso sub\u00eda a alerta naranja.<\/p>\n<h2><strong>Recomendaciones ante temperaturas extremas<\/strong><\/h2>\n<p>Aumentar el consumo de agua sin esperar a tener sed para mantener una hidrataci\u00f3n adecuada.<\/p>\n<p>No exponerse al sol en exceso, ni en horas centrales del d\u00eda (entre las 10 y las 16 horas).<\/p>\n<p>Prestar atenci\u00f3n a los beb\u00e9s, ni\u00f1os y ni\u00f1as y a las personas mayores.<\/p>\n<p>Evitar las bebidas con cafe\u00edna, con alcohol o muy azucaradas.<\/p>\n<p>Evitar comidas muy abundantes.<\/p>\n<p>Ingerir verduras y frutas.<\/p>\n<p>Reducir la actividad f\u00edsica.<\/p>\n<p>Usar ropa ligera, holgada y de colores claros; sombrero, anteojos oscuros.<\/p>\n<p>Permanecer en espacios ventilados o acondicionados.<\/p>\n<p>Recordar que no existe un tratamiento farmacol\u00f3gico contra el golpe de calor y s\u00f3lo los m\u00e9todos cl\u00e1sicos, citados arriba, pueden prevenirlo y contrarrestarlo.<\/p>\n<h2><strong>Qu\u00e9 es un evento de temperaturas extremas<\/strong><\/h2>\n<p>Un evento de temperaturas extremas es un per\u00edodo en el que se espera que se registren valores de temperatura m\u00e1xima y m\u00ednima que pueden poner en peligro la salud de las personas.<\/p>\n<p>Luego de realizar una serie de estudios interdisciplinarios en Argentina, se encontr\u00f3 que hab\u00eda ciertos valores umbrales de temperaturas a partir de los cuales aumentaba la morbilidad y la mortalidad de las personas.<\/p>\n<h2><strong>Qu\u00e9 implica cada nivel de alerta por temperaturas extremas<\/strong><\/h2>\n<p><span style=\"background-color: #ffff00;\">Alerta amarilla:<\/span> establece un efecto leve a moderado en la salud, de acuerdo al sistema del SMN. Implica, en este caso, que las temperaturas pueden ser peligrosas, sobre todo para los grupos de riesgo, como ni\u00f1os y ni\u00f1as, personas mayores de 65 a\u00f1os, con enfermedades cr\u00f3nicas. (Con informaci\u00f3n del SMN y NA)<\/p>\n<p><span style=\"background-color: #ff9900;\">Alerta naranja:<\/span> Este aviso implica un efecto moderado a alto en la salud, por lo que las temperaturas pueden ser muy peligrosas, especialmente para los grupos de riesgo.<\/p>\n<p><em><strong>Del archivo:\u00a0<a href=\"https:\/\/informelitoral.com.ar\/alacranes-el-calor-y-la-humedad-favorecen-su-reproduccion\/\" target=\"_blank\" rel=\"noopener\">Alacranes: el calor y la humedad favorecen su reproducci\u00f3n<\/a><\/strong><\/em><\/p>\n","protected":false},"excerpt":{"rendered":"<p>Si bien las altas temperaturas seguir\u00e1n presentes este martes, anuncian que entre el mi\u00e9rcoles y jueves habr\u00e1 un leve alivio. Las recomendaciones a tener en cuenta ante este fen\u00f3meno. <\/p>\n","protected":false},"author":2,"featured_media":70007,"comment_status":"open","ping_status":"open","sticky":false,"template":"","format":"standard","meta":{"fifu_image_url":"","fifu_image_alt":"","footnotes":""},"categories":[7],"tags":[889,2842,38,2851,2759],"class_list":{"0":"post-210880","1":"post","2":"type-post","3":"status-publish","4":"format-standard","5":"has-post-thumbnail","7":"category-nacionales","8":"tag-calor","9":"tag-calor-extremo","10":"tag-el-tiempo","11":"tag-ola-de-calor","12":"tag-pronostico-del-tiempo"},"yoast_head":"<title>El calor extremo tendr\u00eda las horas contadas - Informe Litoral<\/title>\n<meta name=\"robots\" content=\"index, follow, max-snippet:-1, max-image-preview:large, max-video-preview:-1\" \/>\n<link rel=\"canonical\" href=\"https:\/\/informelitoral.com.ar\/el-calor-extremo-tendria-las-horas-contadas\/\" \/>\n<meta property=\"og:locale\" content=\"es_ES\" \/>\n<meta property=\"og:type\" content=\"article\" \/>\n<meta property=\"og:title\" content=\"El calor extremo tendr\u00eda las horas contadas - Informe Litoral\" \/>\n<meta property=\"og:description\" content=\"Si bien las altas temperaturas seguir\u00e1n presentes este martes, anuncian que entre el mi\u00e9rcoles y jueves habr\u00e1 un leve alivio. Las recomendaciones a tener en cuenta ante este fen\u00f3meno.\" \/>\n<meta property=\"og:url\" content=\"https:\/\/informelitoral.com.ar\/el-calor-extremo-tendria-las-horas-contadas\/\" \/>\n<meta property=\"og:site_name\" content=\"Informe Litoral\" \/>\n<meta property=\"article:publisher\" content=\"https:\/\/www.facebook.com\/informelitoral\/\" \/>\n<meta property=\"article:published_time\" content=\"2025-02-04T10:19:50+00:00\" \/>\n<meta property=\"og:image\" content=\"https:\/\/informelitoral.com.ar\/%77%70%2d%63%6f%6e%74%65%6e%74\/uploads\/2022\/01\/olas-de-calor1-770x514-1.jpg\" \/>\n\t<meta property=\"og:image:width\" content=\"770\" \/>\n\t<meta property=\"og:image:height\" content=\"514\" \/>\n\t<meta property=\"og:image:type\" content=\"image\/jpeg\" \/>\n<meta name=\"author\" content=\"Gonzalo Schmidt\" \/>\n<meta name=\"twitter:card\" content=\"summary_large_image\" \/>\n<meta name=\"twitter:creator\" content=\"@InformeLitoral\" \/>\n<meta name=\"twitter:site\" content=\"@InformeLitoral\" \/>\n<meta name=\"twitter:label1\" content=\"Escrito por\" \/>\n\t<meta name=\"twitter:data1\" content=\"Gonzalo Schmidt\" \/>\n\t<meta name=\"twitter:label2\" content=\"Tiempo de lectura\" \/>\n\t<meta name=\"twitter:data2\" content=\"2 minutos\" \/>\n<script type=\"application\/ld+json\" class=\"yoast-schema-graph\">{\"@context\":\"https:\\\/\\\/schema.org\",\"@graph\":[{\"@type\":\"Article\",\"@id\":\"https:\\\/\\\/informelitoral.com.ar\\\/el-calor-extremo-tendria-las-horas-contadas\\\/#article\",\"isPartOf\":{\"@id\":\"https:\\\/\\\/informelitoral.com.ar\\\/el-calor-extremo-tendria-las-horas-contadas\\\/\"},\"author\":{\"name\":\"Gonzalo Schmidt\",\"@id\":\"https:\\\/\\\/informelitoral.com.ar\\\/#\\\/schema\\\/person\\\/b9d00407c836482871ef1d57bf8e3180\"},\"headline\":\"El calor extremo tendr\u00eda las horas contadas\",\"datePublished\":\"2025-02-04T10:19:50+00:00\",\"mainEntityOfPage\":{\"@id\":\"https:\\\/\\\/informelitoral.com.ar\\\/el-calor-extremo-tendria-las-horas-contadas\\\/\"},\"wordCount\":423,\"commentCount\":0,\"publisher\":{\"@id\":\"https:\\\/\\\/informelitoral.com.ar\\\/#organization\"},\"image\":{\"@id\":\"https:\\\/\\\/informelitoral.com.ar\\\/el-calor-extremo-tendria-las-horas-contadas\\\/#primaryimage\"},\"thumbnailUrl\":\"https:\\\/\\\/informelitoral.com.ar\\\/%77%70%2d%63%6f%6e%74%65%6e%74\\\/uploads\\\/2022\\\/01\\\/olas-de-calor1-770x514-1.jpg\",\"keywords\":[\"Calor\",\"Calor extremo\",\"El tiempo\",\"Ola de Calor\",\"Pron\u00f3stico del tiempo\"],\"articleSection\":[\"Nacionales\"],\"inLanguage\":\"es\",\"potentialAction\":[{\"@type\":\"CommentAction\",\"name\":\"Comment\",\"target\":[\"https:\\\/\\\/informelitoral.com.ar\\\/el-calor-extremo-tendria-las-horas-contadas\\\/#respond\"]}]},{\"@type\":\"WebPage\",\"@id\":\"https:\\\/\\\/informelitoral.com.ar\\\/el-calor-extremo-tendria-las-horas-contadas\\\/\",\"url\":\"https:\\\/\\\/informelitoral.com.ar\\\/el-calor-extremo-tendria-las-horas-contadas\\\/\",\"name\":\"El calor extremo tendr\u00eda las horas contadas - Informe Litoral\",\"isPartOf\":{\"@id\":\"https:\\\/\\\/informelitoral.com.ar\\\/#website\"},\"primaryImageOfPage\":{\"@id\":\"https:\\\/\\\/informelitoral.com.ar\\\/el-calor-extremo-tendria-las-horas-contadas\\\/#primaryimage\"},\"image\":{\"@id\":\"https:\\\/\\\/informelitoral.com.ar\\\/el-calor-extremo-tendria-las-horas-contadas\\\/#primaryimage\"},\"thumbnailUrl\":\"https:\\\/\\\/informelitoral.com.ar\\\/%77%70%2d%63%6f%6e%74%65%6e%74\\\/uploads\\\/2022\\\/01\\\/olas-de-calor1-770x514-1.jpg\",\"datePublished\":\"2025-02-04T10:19:50+00:00\",\"breadcrumb\":{\"@id\":\"https:\\\/\\\/informelitoral.com.ar\\\/el-calor-extremo-tendria-las-horas-contadas\\\/#breadcrumb\"},\"inLanguage\":\"es\",\"potentialAction\":[{\"@type\":\"ReadAction\",\"target\":[\"https:\\\/\\\/informelitoral.com.ar\\\/el-calor-extremo-tendria-las-horas-contadas\\\/\"]}]},{\"@type\":\"ImageObject\",\"inLanguage\":\"es\",\"@id\":\"https:\\\/\\\/informelitoral.com.ar\\\/el-calor-extremo-tendria-las-horas-contadas\\\/#primaryimage\",\"url\":\"https:\\\/\\\/informelitoral.com.ar\\\/%77%70%2d%63%6f%6e%74%65%6e%74\\\/uploads\\\/2022\\\/01\\\/olas-de-calor1-770x514-1.jpg\",\"contentUrl\":\"https:\\\/\\\/informelitoral.com.ar\\\/%77%70%2d%63%6f%6e%74%65%6e%74\\\/uploads\\\/2022\\\/01\\\/olas-de-calor1-770x514-1.jpg\",\"width\":770,\"height\":514},{\"@type\":\"BreadcrumbList\",\"@id\":\"https:\\\/\\\/informelitoral.com.ar\\\/el-calor-extremo-tendria-las-horas-contadas\\\/#breadcrumb\",\"itemListElement\":[{\"@type\":\"ListItem\",\"position\":1,\"name\":\"Portada\",\"item\":\"https:\\\/\\\/informelitoral.com.ar\\\/\"},{\"@type\":\"ListItem\",\"position\":2,\"name\":\"El calor extremo tendr\u00eda las horas contadas\"}]},{\"@type\":\"WebSite\",\"@id\":\"https:\\\/\\\/informelitoral.com.ar\\\/#website\",\"url\":\"https:\\\/\\\/informelitoral.com.ar\\\/\",\"name\":\"Informe Litoral\",\"description\":\"&quot;Nos informamos&quot; \",\"publisher\":{\"@id\":\"https:\\\/\\\/informelitoral.com.ar\\\/#organization\"},\"potentialAction\":[{\"@type\":\"SearchAction\",\"target\":{\"@type\":\"EntryPoint\",\"urlTemplate\":\"https:\\\/\\\/informelitoral.com.ar\\\/?s={search_term_string}\"},\"query-input\":{\"@type\":\"PropertyValueSpecification\",\"valueRequired\":true,\"valueName\":\"search_term_string\"}}],\"inLanguage\":\"es\"},{\"@type\":\"Organization\",\"@id\":\"https:\\\/\\\/informelitoral.com.ar\\\/#organization\",\"name\":\"Informe Litoral\",\"url\":\"https:\\\/\\\/informelitoral.com.ar\\\/\",\"logo\":{\"@type\":\"ImageObject\",\"inLanguage\":\"es\",\"@id\":\"https:\\\/\\\/informelitoral.com.ar\\\/#\\\/schema\\\/logo\\\/image\\\/\",\"url\":\"https:\\\/\\\/informelitoral.com.ar\\\/%77%70%2d%63%6f%6e%74%65%6e%74\\\/uploads\\\/2021\\\/01\\\/circulo.png\",\"contentUrl\":\"https:\\\/\\\/informelitoral.com.ar\\\/%77%70%2d%63%6f%6e%74%65%6e%74\\\/uploads\\\/2021\\\/01\\\/circulo.png\",\"width\":723,\"height\":731,\"caption\":\"Informe Litoral\"},\"image\":{\"@id\":\"https:\\\/\\\/informelitoral.com.ar\\\/#\\\/schema\\\/logo\\\/image\\\/\"},\"sameAs\":[\"https:\\\/\\\/www.facebook.com\\\/informelitoral\\\/\",\"https:\\\/\\\/x.com\\\/InformeLitoral\",\"https:\\\/\\\/www.instagram.com\\\/informelitoral\\\/\",\"https:\\\/\\\/www.youtube.com\\\/channel\\\/UCua4Qvz8Icb6MYqhoq9xLXw\"]},{\"@type\":\"Person\",\"@id\":\"https:\\\/\\\/informelitoral.com.ar\\\/#\\\/schema\\\/person\\\/b9d00407c836482871ef1d57bf8e3180\",\"name\":\"Gonzalo Schmidt\",\"image\":{\"@type\":\"ImageObject\",\"inLanguage\":\"es\",\"@id\":\"https:\\\/\\\/secure.gravatar.com\\\/avatar\\\/31a1a7b66ff2de83bd0e9fd79d026630d2d99e55e8bfe501287647b4fd9743de?s=96&d=mm&r=g\",\"url\":\"https:\\\/\\\/secure.gravatar.com\\\/avatar\\\/31a1a7b66ff2de83bd0e9fd79d026630d2d99e55e8bfe501287647b4fd9743de?s=96&d=mm&r=g\",\"contentUrl\":\"https:\\\/\\\/secure.gravatar.com\\\/avatar\\\/31a1a7b66ff2de83bd0e9fd79d026630d2d99e55e8bfe501287647b4fd9743de?s=96&d=mm&r=g\",\"caption\":\"Gonzalo Schmidt\"},\"description\":\"Sitio web de noticias de la provincia de Entre R\u00edos, Argentina. Informaci\u00f3n y entretenimiento. Informe Litoral, nos informamos.\",\"sameAs\":[\"http:\\\/\\\/www.isletasnoticias.com.ar\"],\"url\":\"https:\\\/\\\/informelitoral.com.ar\\\/author\\\/gonzalo\\\/\"}]}<\/script>","yoast_head_json":{"title":"El calor extremo tendr\u00eda las horas contadas - Informe Litoral","robots":{"index":"index","follow":"follow","max-snippet":"max-snippet:-1","max-image-preview":"max-image-preview:large","max-video-preview":"max-video-preview:-1"},"canonical":"https:\/\/informelitoral.com.ar\/el-calor-extremo-tendria-las-horas-contadas\/","og_locale":"es_ES","og_type":"article","og_title":"El calor extremo tendr\u00eda las horas contadas - Informe Litoral","og_description":"Si bien las altas temperaturas seguir\u00e1n presentes este martes, anuncian que entre el mi\u00e9rcoles y jueves habr\u00e1 un leve alivio. Las recomendaciones a tener en cuenta ante este fen\u00f3meno.","og_url":"https:\/\/informelitoral.com.ar\/el-calor-extremo-tendria-las-horas-contadas\/","og_site_name":"Informe Litoral","article_publisher":"https:\/\/www.facebook.com\/informelitoral\/","article_published_time":"2025-02-04T10:19:50+00:00","og_image":[{"width":770,"height":514,"url":"https:\/\/informelitoral.com.ar\/%77%70%2d%63%6f%6e%74%65%6e%74\/uploads\/2022\/01\/olas-de-calor1-770x514-1.jpg","type":"image\/jpeg"}],"author":"Gonzalo Schmidt","twitter_card":"summary_large_image","twitter_creator":"@InformeLitoral","twitter_site":"@InformeLitoral","twitter_misc":{"Escrito por":"Gonzalo Schmidt","Tiempo de lectura":"2 minutos"},"schema":{"@context":"https:\/\/schema.org","@graph":[{"@type":"Article","@id":"https:\/\/informelitoral.com.ar\/el-calor-extremo-tendria-las-horas-contadas\/#article","isPartOf":{"@id":"https:\/\/informelitoral.com.ar\/el-calor-extremo-tendria-las-horas-contadas\/"},"author":{"name":"Gonzalo Schmidt","@id":"https:\/\/informelitoral.com.ar\/#\/schema\/person\/b9d00407c836482871ef1d57bf8e3180"},"headline":"El calor extremo tendr\u00eda las horas contadas","datePublished":"2025-02-04T10:19:50+00:00","mainEntityOfPage":{"@id":"https:\/\/informelitoral.com.ar\/el-calor-extremo-tendria-las-horas-contadas\/"},"wordCount":423,"commentCount":0,"publisher":{"@id":"https:\/\/informelitoral.com.ar\/#organization"},"image":{"@id":"https:\/\/informelitoral.com.ar\/el-calor-extremo-tendria-las-horas-contadas\/#primaryimage"},"thumbnailUrl":"https:\/\/informelitoral.com.ar\/%77%70%2d%63%6f%6e%74%65%6e%74\/uploads\/2022\/01\/olas-de-calor1-770x514-1.jpg","keywords":["Calor","Calor extremo","El tiempo","Ola de Calor","Pron\u00f3stico del tiempo"],"articleSection":["Nacionales"],"inLanguage":"es","potentialAction":[{"@type":"CommentAction","name":"Comment","target":["https:\/\/informelitoral.com.ar\/el-calor-extremo-tendria-las-horas-contadas\/#respond"]}]},{"@type":"WebPage","@id":"https:\/\/informelitoral.com.ar\/el-calor-extremo-tendria-las-horas-contadas\/","url":"https:\/\/informelitoral.com.ar\/el-calor-extremo-tendria-las-horas-contadas\/","name":"El calor extremo tendr\u00eda las horas contadas - Informe Litoral","isPartOf":{"@id":"https:\/\/informelitoral.com.ar\/#website"},"primaryImageOfPage":{"@id":"https:\/\/informelitoral.com.ar\/el-calor-extremo-tendria-las-horas-contadas\/#primaryimage"},"image":{"@id":"https:\/\/informelitoral.com.ar\/el-calor-extremo-tendria-las-horas-contadas\/#primaryimage"},"thumbnailUrl":"https:\/\/informelitoral.com.ar\/%77%70%2d%63%6f%6e%74%65%6e%74\/uploads\/2022\/01\/olas-de-calor1-770x514-1.jpg","datePublished":"2025-02-04T10:19:50+00:00","breadcrumb":{"@id":"https:\/\/informelitoral.com.ar\/el-calor-extremo-tendria-las-horas-contadas\/#breadcrumb"},"inLanguage":"es","potentialAction":[{"@type":"ReadAction","target":["https:\/\/informelitoral.com.ar\/el-calor-extremo-tendria-las-horas-contadas\/"]}]},{"@type":"ImageObject","inLanguage":"es","@id":"https:\/\/informelitoral.com.ar\/el-calor-extremo-tendria-las-horas-contadas\/#primaryimage","url":"https:\/\/informelitoral.com.ar\/%77%70%2d%63%6f%6e%74%65%6e%74\/uploads\/2022\/01\/olas-de-calor1-770x514-1.jpg","contentUrl":"https:\/\/informelitoral.com.ar\/%77%70%2d%63%6f%6e%74%65%6e%74\/uploads\/2022\/01\/olas-de-calor1-770x514-1.jpg","width":770,"height":514},{"@type":"BreadcrumbList","@id":"https:\/\/informelitoral.com.ar\/el-calor-extremo-tendria-las-horas-contadas\/#breadcrumb","itemListElement":[{"@type":"ListItem","position":1,"name":"Portada","item":"https:\/\/informelitoral.com.ar\/"},{"@type":"ListItem","position":2,"name":"El calor extremo tendr\u00eda las horas contadas"}]},{"@type":"WebSite","@id":"https:\/\/informelitoral.com.ar\/#website","url":"https:\/\/informelitoral.com.ar\/","name":"Informe Litoral","description":"&quot;Nos informamos&quot; ","publisher":{"@id":"https:\/\/informelitoral.com.ar\/#organization"},"potentialAction":[{"@type":"SearchAction","target":{"@type":"EntryPoint","urlTemplate":"https:\/\/informelitoral.com.ar\/?s={search_term_string}"},"query-input":{"@type":"PropertyValueSpecification","valueRequired":true,"valueName":"search_term_string"}}],"inLanguage":"es"},{"@type":"Organization","@id":"https:\/\/informelitoral.com.ar\/#organization","name":"Informe Litoral","url":"https:\/\/informelitoral.com.ar\/","logo":{"@type":"ImageObject","inLanguage":"es","@id":"https:\/\/informelitoral.com.ar\/#\/schema\/logo\/image\/","url":"https:\/\/informelitoral.com.ar\/%77%70%2d%63%6f%6e%74%65%6e%74\/uploads\/2021\/01\/circulo.png","contentUrl":"https:\/\/informelitoral.com.ar\/%77%70%2d%63%6f%6e%74%65%6e%74\/uploads\/2021\/01\/circulo.png","width":723,"height":731,"caption":"Informe Litoral"},"image":{"@id":"https:\/\/informelitoral.com.ar\/#\/schema\/logo\/image\/"},"sameAs":["https:\/\/www.facebook.com\/informelitoral\/","https:\/\/x.com\/InformeLitoral","https:\/\/www.instagram.com\/informelitoral\/","https:\/\/www.youtube.com\/channel\/UCua4Qvz8Icb6MYqhoq9xLXw"]},{"@type":"Person","@id":"https:\/\/informelitoral.com.ar\/#\/schema\/person\/b9d00407c836482871ef1d57bf8e3180","name":"Gonzalo Schmidt","image":{"@type":"ImageObject","inLanguage":"es","@id":"https:\/\/secure.gravatar.com\/avatar\/31a1a7b66ff2de83bd0e9fd79d026630d2d99e55e8bfe501287647b4fd9743de?s=96&d=mm&r=g","url":"https:\/\/secure.gravatar.com\/avatar\/31a1a7b66ff2de83bd0e9fd79d026630d2d99e55e8bfe501287647b4fd9743de?s=96&d=mm&r=g","contentUrl":"https:\/\/secure.gravatar.com\/avatar\/31a1a7b66ff2de83bd0e9fd79d026630d2d99e55e8bfe501287647b4fd9743de?s=96&d=mm&r=g","caption":"Gonzalo Schmidt"},"description":"Sitio web de noticias de la provincia de Entre R\u00edos, Argentina. Informaci\u00f3n y entretenimiento. Informe Litoral, nos informamos.","sameAs":["http:\/\/www.isletasnoticias.com.ar"],"url":"https:\/\/informelitoral.com.ar\/author\/gonzalo\/"}]}},"_links":{"self":[{"href":"https:\/\/informelitoral.com.ar\/%77%70%2d%6a%73%6f%6e\/wp\/v2\/posts\/210880","targetHints":{"allow":["GET"]}}],"collection":[{"href":"https:\/\/informelitoral.com.ar\/%77%70%2d%6a%73%6f%6e\/wp\/v2\/posts"}],"about":[{"href":"https:\/\/informelitoral.com.ar\/%77%70%2d%6a%73%6f%6e\/wp\/v2\/types\/post"}],"author":[{"embeddable":true,"href":"https:\/\/informelitoral.com.ar\/%77%70%2d%6a%73%6f%6e\/wp\/v2\/users\/2"}],"replies":[{"embeddable":true,"href":"https:\/\/informelitoral.com.ar\/%77%70%2d%6a%73%6f%6e\/wp\/v2\/comments?post=210880"}],"version-history":[{"count":0,"href":"https:\/\/informelitoral.com.ar\/%77%70%2d%6a%73%6f%6e\/wp\/v2\/posts\/210880\/revisions"}],"wp:featuredmedia":[{"embeddable":true,"href":"https:\/\/informelitoral.com.ar\/%77%70%2d%6a%73%6f%6e\/wp\/v2\/media\/70007"}],"wp:attachment":[{"href":"https:\/\/informelitoral.com.ar\/%77%70%2d%6a%73%6f%6e\/wp\/v2\/media?parent=210880"}],"wp:term":[{"taxonomy":"category","embeddable":true,"href":"https:\/\/informelitoral.com.ar\/%77%70%2d%6a%73%6f%6e\/wp\/v2\/categories?post=210880"},{"taxonomy":"post_tag","embeddable":true,"href":"https:\/\/informelitoral.com.ar\/%77%70%2d%6a%73%6f%6e\/wp\/v2\/tags?post=210880"}],"curies":[{"name":"wp","href":"https:\/\/api.w.org\/{rel}","templated":true}]}}