{"id":210771,"date":"2025-02-03T09:13:46","date_gmt":"2025-02-03T12:13:46","guid":{"rendered":"https:\/\/informelitoral.com.ar\/?p=210771"},"modified":"2025-02-03T11:05:45","modified_gmt":"2025-02-03T14:05:45","slug":"fuerte-choque-entre-una-camioneta-y-un-automovil-en-strobel","status":"publish","type":"post","link":"https:\/\/informelitoral.com.ar\/fuerte-choque-entre-una-camioneta-y-un-automovil-en-strobel\/","title":{"rendered":"Fuerte choque entre una camioneta y un autom\u00f3vil en Strobel"},"content":{"rendered":"<p>En la noche del <strong>domingo<\/strong>, un siniestro vial sacudi\u00f3 la tranquilidad de la intersecci\u00f3n de las calles <strong>Paran\u00e1<\/strong> y <strong>La Paz<\/strong>, en la localidad de<strong> Strobel<\/strong>.<\/p>\n<p>El <strong>Fiat Duna Weekend<\/strong>, conducido por un hombre de <strong>48 a\u00f1os<\/strong>, se desplazaba por la calle Paran\u00e1 en direcci\u00f3n sur-norte, mientras que la camioneta <strong>Ford Ecosport<\/strong>, guiada por un hombre de<strong> 70 a\u00f1os<\/strong>, transitaba por la calle La Paz en sentido este-oeste. Al llegar a la intersecci\u00f3n, la camioneta impact\u00f3 contra el autom\u00f3vil, dejando a sus dos conductores con diversas lesiones.<\/p>\n<h6><em><strong>Te puede interesar:\u00a0<a href=\"https:\/\/informelitoral.com.ar\/tragedia-vial-en-ramirez-el-estado-de-salud-de-las-ninas\/\" target=\"_blank\" rel=\"noopener\">Tragedia vial en Ram\u00edrez: el estado de salud de las ni\u00f1as<\/a><\/strong><\/em><\/h6>\n<p>Inmediatamente, personal de la<strong> Comisar\u00eda Strobel<\/strong> se hizo presente en el lugar para coordinar las tareas de rescate y asistencia. Ambos conductores fueron trasladados en ambulancia hacia el <strong>Hospital San Jos\u00e9<\/strong>, donde recibieron atenci\u00f3n m\u00e9dica.<a href=\"https:\/\/informelitoral.com.ar\/%77%70%2d%63%6f%6e%74%65%6e%74\/uploads\/2025\/02\/WhatsApp-Image-2025-02-03-at-11.03.41-e1738591504357.jpeg\"><img loading=\"lazy\" decoding=\"async\" class=\"wp-image-210809 aligncenter\" src=\"https:\/\/informelitoral.com.ar\/%77%70%2d%63%6f%6e%74%65%6e%74\/uploads\/2025\/02\/WhatsApp-Image-2025-02-03-at-11.03.41-e1738591504357.jpeg\" alt=\"\" width=\"847\" height=\"298\" srcset=\"https:\/\/informelitoral.com.ar\/%77%70%2d%63%6f%6e%74%65%6e%74\/uploads\/2025\/02\/WhatsApp-Image-2025-02-03-at-11.03.41-e1738591504357.jpeg 1070w, https:\/\/informelitoral.com.ar\/%77%70%2d%63%6f%6e%74%65%6e%74\/uploads\/2025\/02\/WhatsApp-Image-2025-02-03-at-11.03.41-e1738591504357-300x106.jpeg 300w, https:\/\/informelitoral.com.ar\/%77%70%2d%63%6f%6e%74%65%6e%74\/uploads\/2025\/02\/WhatsApp-Image-2025-02-03-at-11.03.41-e1738591504357-1024x361.jpeg 1024w, https:\/\/informelitoral.com.ar\/%77%70%2d%63%6f%6e%74%65%6e%74\/uploads\/2025\/02\/WhatsApp-Image-2025-02-03-at-11.03.41-e1738591504357-768x271.jpeg 768w, https:\/\/informelitoral.com.ar\/%77%70%2d%63%6f%6e%74%65%6e%74\/uploads\/2025\/02\/WhatsApp-Image-2025-02-03-at-11.03.41-e1738591504357-696x245.jpeg 696w, https:\/\/informelitoral.com.ar\/%77%70%2d%63%6f%6e%74%65%6e%74\/uploads\/2025\/02\/WhatsApp-Image-2025-02-03-at-11.03.41-e1738591504357-1068x377.jpeg 1068w\" sizes=\"auto, (max-width: 847px) 100vw, 847px\" \/><\/a><\/p>\n<p>Seg\u00fan el informe del m\u00e9dico de polic\u00eda de turno, el conductor de 70 a\u00f1os sufri\u00f3 fracturas y se encuentra bajo observaci\u00f3n, mientras que el otro conductor solo present\u00f3 lesiones leves, como escoriaciones.(<em>Informe Litoral<\/em>)<\/p>\n","protected":false},"excerpt":{"rendered":"<p>El conductor de la Ecosport sufri\u00f3 fracturas y se encuentra bajo observaci\u00f3n, mientras que el conductor del Fiat Duna Weekend solo present\u00f3 lesiones leves.<\/p>\n","protected":false},"author":8,"featured_media":210772,"comment_status":"open","ping_status":"open","sticky":false,"template":"","format":"standard","meta":{"fifu_image_url":"","fifu_image_alt":"","footnotes":""},"categories":[14],"tags":[304,2984,1437],"class_list":{"0":"post-210771","1":"post","2":"type-post","3":"status-publish","4":"format-standard","5":"has-post-thumbnail","7":"category-policiales","8":"tag-accidente-vial","9":"tag-heridos","10":"tag-strobel"},"yoast_head":"<title>Fuerte choque entre una camioneta y un autom\u00f3vil en Strobel - Informe Litoral<\/title>\n<meta name=\"robots\" content=\"index, follow, max-snippet:-1, max-image-preview:large, max-video-preview:-1\" \/>\n<link rel=\"canonical\" href=\"https:\/\/informelitoral.com.ar\/fuerte-choque-entre-una-camioneta-y-un-automovil-en-strobel\/\" \/>\n<meta property=\"og:locale\" content=\"es_ES\" \/>\n<meta property=\"og:type\" content=\"article\" \/>\n<meta property=\"og:title\" content=\"Fuerte choque entre una camioneta y un autom\u00f3vil en Strobel - Informe Litoral\" \/>\n<meta property=\"og:description\" content=\"El conductor de la Ecosport sufri\u00f3 fracturas y se encuentra bajo observaci\u00f3n, mientras que el conductor del Fiat Duna Weekend solo present\u00f3 lesiones leves.\" \/>\n<meta property=\"og:url\" content=\"https:\/\/informelitoral.com.ar\/fuerte-choque-entre-una-camioneta-y-un-automovil-en-strobel\/\" \/>\n<meta property=\"og:site_name\" content=\"Informe Litoral\" \/>\n<meta property=\"article:publisher\" content=\"https:\/\/www.facebook.com\/informelitoral\/\" \/>\n<meta property=\"article:published_time\" content=\"2025-02-03T12:13:46+00:00\" \/>\n<meta property=\"article:modified_time\" content=\"2025-02-03T14:05:45+00:00\" \/>\n<meta property=\"og:image\" content=\"https:\/\/informelitoral.com.ar\/%77%70%2d%63%6f%6e%74%65%6e%74\/uploads\/2025\/02\/l_1738549803_33166.webp\" \/>\n\t<meta property=\"og:image:width\" content=\"1200\" \/>\n\t<meta property=\"og:image:height\" content=\"800\" \/>\n\t<meta property=\"og:image:type\" content=\"image\/webp\" \/>\n<meta name=\"author\" content=\"Sebastian\" \/>\n<meta name=\"twitter:card\" content=\"summary_large_image\" \/>\n<meta name=\"twitter:creator\" content=\"@InformeLitoral\" \/>\n<meta name=\"twitter:site\" content=\"@InformeLitoral\" \/>\n<meta name=\"twitter:label1\" content=\"Escrito por\" \/>\n\t<meta name=\"twitter:data1\" content=\"Sebastian\" \/>\n\t<meta name=\"twitter:label2\" content=\"Tiempo de lectura\" \/>\n\t<meta name=\"twitter:data2\" content=\"1 minuto\" \/>\n<script type=\"application\/ld+json\" class=\"yoast-schema-graph\">{\"@context\":\"https:\\\/\\\/schema.org\",\"@graph\":[{\"@type\":\"Article\",\"@id\":\"https:\\\/\\\/informelitoral.com.ar\\\/fuerte-choque-entre-una-camioneta-y-un-automovil-en-strobel\\\/#article\",\"isPartOf\":{\"@id\":\"https:\\\/\\\/informelitoral.com.ar\\\/fuerte-choque-entre-una-camioneta-y-un-automovil-en-strobel\\\/\"},\"author\":{\"name\":\"Sebastian\",\"@id\":\"https:\\\/\\\/informelitoral.com.ar\\\/#\\\/schema\\\/person\\\/f05f9f461677119578717524b127d6d5\"},\"headline\":\"Fuerte choque entre una camioneta y un autom\u00f3vil en Strobel\",\"datePublished\":\"2025-02-03T12:13:46+00:00\",\"dateModified\":\"2025-02-03T14:05:45+00:00\",\"mainEntityOfPage\":{\"@id\":\"https:\\\/\\\/informelitoral.com.ar\\\/fuerte-choque-entre-una-camioneta-y-un-automovil-en-strobel\\\/\"},\"wordCount\":194,\"commentCount\":0,\"publisher\":{\"@id\":\"https:\\\/\\\/informelitoral.com.ar\\\/#organization\"},\"image\":{\"@id\":\"https:\\\/\\\/informelitoral.com.ar\\\/fuerte-choque-entre-una-camioneta-y-un-automovil-en-strobel\\\/#primaryimage\"},\"thumbnailUrl\":\"https:\\\/\\\/informelitoral.com.ar\\\/%77%70%2d%63%6f%6e%74%65%6e%74\\\/uploads\\\/2025\\\/02\\\/l_1738549803_33166.webp\",\"keywords\":[\"Accidente vial\",\"Heridos\",\"Strobel\"],\"articleSection\":[\"Policiales\"],\"inLanguage\":\"es\",\"potentialAction\":[{\"@type\":\"CommentAction\",\"name\":\"Comment\",\"target\":[\"https:\\\/\\\/informelitoral.com.ar\\\/fuerte-choque-entre-una-camioneta-y-un-automovil-en-strobel\\\/#respond\"]}]},{\"@type\":\"WebPage\",\"@id\":\"https:\\\/\\\/informelitoral.com.ar\\\/fuerte-choque-entre-una-camioneta-y-un-automovil-en-strobel\\\/\",\"url\":\"https:\\\/\\\/informelitoral.com.ar\\\/fuerte-choque-entre-una-camioneta-y-un-automovil-en-strobel\\\/\",\"name\":\"Fuerte choque entre una camioneta y un autom\u00f3vil en Strobel - Informe Litoral\",\"isPartOf\":{\"@id\":\"https:\\\/\\\/informelitoral.com.ar\\\/#website\"},\"primaryImageOfPage\":{\"@id\":\"https:\\\/\\\/informelitoral.com.ar\\\/fuerte-choque-entre-una-camioneta-y-un-automovil-en-strobel\\\/#primaryimage\"},\"image\":{\"@id\":\"https:\\\/\\\/informelitoral.com.ar\\\/fuerte-choque-entre-una-camioneta-y-un-automovil-en-strobel\\\/#primaryimage\"},\"thumbnailUrl\":\"https:\\\/\\\/informelitoral.com.ar\\\/%77%70%2d%63%6f%6e%74%65%6e%74\\\/uploads\\\/2025\\\/02\\\/l_1738549803_33166.webp\",\"datePublished\":\"2025-02-03T12:13:46+00:00\",\"dateModified\":\"2025-02-03T14:05:45+00:00\",\"breadcrumb\":{\"@id\":\"https:\\\/\\\/informelitoral.com.ar\\\/fuerte-choque-entre-una-camioneta-y-un-automovil-en-strobel\\\/#breadcrumb\"},\"inLanguage\":\"es\",\"potentialAction\":[{\"@type\":\"ReadAction\",\"target\":[\"https:\\\/\\\/informelitoral.com.ar\\\/fuerte-choque-entre-una-camioneta-y-un-automovil-en-strobel\\\/\"]}]},{\"@type\":\"ImageObject\",\"inLanguage\":\"es\",\"@id\":\"https:\\\/\\\/informelitoral.com.ar\\\/fuerte-choque-entre-una-camioneta-y-un-automovil-en-strobel\\\/#primaryimage\",\"url\":\"https:\\\/\\\/informelitoral.com.ar\\\/%77%70%2d%63%6f%6e%74%65%6e%74\\\/uploads\\\/2025\\\/02\\\/l_1738549803_33166.webp\",\"contentUrl\":\"https:\\\/\\\/informelitoral.com.ar\\\/%77%70%2d%63%6f%6e%74%65%6e%74\\\/uploads\\\/2025\\\/02\\\/l_1738549803_33166.webp\",\"width\":1200,\"height\":800},{\"@type\":\"BreadcrumbList\",\"@id\":\"https:\\\/\\\/informelitoral.com.ar\\\/fuerte-choque-entre-una-camioneta-y-un-automovil-en-strobel\\\/#breadcrumb\",\"itemListElement\":[{\"@type\":\"ListItem\",\"position\":1,\"name\":\"Portada\",\"item\":\"https:\\\/\\\/informelitoral.com.ar\\\/\"},{\"@type\":\"ListItem\",\"position\":2,\"name\":\"Fuerte choque entre una camioneta y un autom\u00f3vil en Strobel\"}]},{\"@type\":\"WebSite\",\"@id\":\"https:\\\/\\\/informelitoral.com.ar\\\/#website\",\"url\":\"https:\\\/\\\/informelitoral.com.ar\\\/\",\"name\":\"Informe Litoral\",\"description\":\"&quot;Nos informamos&quot; \",\"publisher\":{\"@id\":\"https:\\\/\\\/informelitoral.com.ar\\\/#organization\"},\"potentialAction\":[{\"@type\":\"SearchAction\",\"target\":{\"@type\":\"EntryPoint\",\"urlTemplate\":\"https:\\\/\\\/informelitoral.com.ar\\\/?s={search_term_string}\"},\"query-input\":{\"@type\":\"PropertyValueSpecification\",\"valueRequired\":true,\"valueName\":\"search_term_string\"}}],\"inLanguage\":\"es\"},{\"@type\":\"Organization\",\"@id\":\"https:\\\/\\\/informelitoral.com.ar\\\/#organization\",\"name\":\"Informe Litoral\",\"url\":\"https:\\\/\\\/informelitoral.com.ar\\\/\",\"logo\":{\"@type\":\"ImageObject\",\"inLanguage\":\"es\",\"@id\":\"https:\\\/\\\/informelitoral.com.ar\\\/#\\\/schema\\\/logo\\\/image\\\/\",\"url\":\"https:\\\/\\\/informelitoral.com.ar\\\/%77%70%2d%63%6f%6e%74%65%6e%74\\\/uploads\\\/2021\\\/01\\\/circulo.png\",\"contentUrl\":\"https:\\\/\\\/informelitoral.com.ar\\\/%77%70%2d%63%6f%6e%74%65%6e%74\\\/uploads\\\/2021\\\/01\\\/circulo.png\",\"width\":723,\"height\":731,\"caption\":\"Informe Litoral\"},\"image\":{\"@id\":\"https:\\\/\\\/informelitoral.com.ar\\\/#\\\/schema\\\/logo\\\/image\\\/\"},\"sameAs\":[\"https:\\\/\\\/www.facebook.com\\\/informelitoral\\\/\",\"https:\\\/\\\/x.com\\\/InformeLitoral\",\"https:\\\/\\\/www.instagram.com\\\/informelitoral\\\/\",\"https:\\\/\\\/www.youtube.com\\\/channel\\\/UCua4Qvz8Icb6MYqhoq9xLXw\"]},{\"@type\":\"Person\",\"@id\":\"https:\\\/\\\/informelitoral.com.ar\\\/#\\\/schema\\\/person\\\/f05f9f461677119578717524b127d6d5\",\"name\":\"Sebastian\",\"image\":{\"@type\":\"ImageObject\",\"inLanguage\":\"es\",\"@id\":\"https:\\\/\\\/secure.gravatar.com\\\/avatar\\\/b71bf7481d447dfb9583c7f2798e7cc64de6efb9067b74633ed8c31059a3bd82?s=96&d=mm&r=g\",\"url\":\"https:\\\/\\\/secure.gravatar.com\\\/avatar\\\/b71bf7481d447dfb9583c7f2798e7cc64de6efb9067b74633ed8c31059a3bd82?s=96&d=mm&r=g\",\"contentUrl\":\"https:\\\/\\\/secure.gravatar.com\\\/avatar\\\/b71bf7481d447dfb9583c7f2798e7cc64de6efb9067b74633ed8c31059a3bd82?s=96&d=mm&r=g\",\"caption\":\"Sebastian\"},\"url\":\"https:\\\/\\\/informelitoral.com.ar\\\/author\\\/sebastian\\\/\"}]}<\/script>","yoast_head_json":{"title":"Fuerte choque entre una camioneta y un autom\u00f3vil en Strobel - Informe Litoral","robots":{"index":"index","follow":"follow","max-snippet":"max-snippet:-1","max-image-preview":"max-image-preview:large","max-video-preview":"max-video-preview:-1"},"canonical":"https:\/\/informelitoral.com.ar\/fuerte-choque-entre-una-camioneta-y-un-automovil-en-strobel\/","og_locale":"es_ES","og_type":"article","og_title":"Fuerte choque entre una camioneta y un autom\u00f3vil en Strobel - Informe Litoral","og_description":"El conductor de la Ecosport sufri\u00f3 fracturas y se encuentra bajo observaci\u00f3n, mientras que el conductor del Fiat Duna Weekend solo present\u00f3 lesiones leves.","og_url":"https:\/\/informelitoral.com.ar\/fuerte-choque-entre-una-camioneta-y-un-automovil-en-strobel\/","og_site_name":"Informe Litoral","article_publisher":"https:\/\/www.facebook.com\/informelitoral\/","article_published_time":"2025-02-03T12:13:46+00:00","article_modified_time":"2025-02-03T14:05:45+00:00","og_image":[{"width":1200,"height":800,"url":"https:\/\/informelitoral.com.ar\/%77%70%2d%63%6f%6e%74%65%6e%74\/uploads\/2025\/02\/l_1738549803_33166.webp","type":"image\/webp"}],"author":"Sebastian","twitter_card":"summary_large_image","twitter_creator":"@InformeLitoral","twitter_site":"@InformeLitoral","twitter_misc":{"Escrito por":"Sebastian","Tiempo de lectura":"1 minuto"},"schema":{"@context":"https:\/\/schema.org","@graph":[{"@type":"Article","@id":"https:\/\/informelitoral.com.ar\/fuerte-choque-entre-una-camioneta-y-un-automovil-en-strobel\/#article","isPartOf":{"@id":"https:\/\/informelitoral.com.ar\/fuerte-choque-entre-una-camioneta-y-un-automovil-en-strobel\/"},"author":{"name":"Sebastian","@id":"https:\/\/informelitoral.com.ar\/#\/schema\/person\/f05f9f461677119578717524b127d6d5"},"headline":"Fuerte choque entre una camioneta y un autom\u00f3vil en Strobel","datePublished":"2025-02-03T12:13:46+00:00","dateModified":"2025-02-03T14:05:45+00:00","mainEntityOfPage":{"@id":"https:\/\/informelitoral.com.ar\/fuerte-choque-entre-una-camioneta-y-un-automovil-en-strobel\/"},"wordCount":194,"commentCount":0,"publisher":{"@id":"https:\/\/informelitoral.com.ar\/#organization"},"image":{"@id":"https:\/\/informelitoral.com.ar\/fuerte-choque-entre-una-camioneta-y-un-automovil-en-strobel\/#primaryimage"},"thumbnailUrl":"https:\/\/informelitoral.com.ar\/%77%70%2d%63%6f%6e%74%65%6e%74\/uploads\/2025\/02\/l_1738549803_33166.webp","keywords":["Accidente vial","Heridos","Strobel"],"articleSection":["Policiales"],"inLanguage":"es","potentialAction":[{"@type":"CommentAction","name":"Comment","target":["https:\/\/informelitoral.com.ar\/fuerte-choque-entre-una-camioneta-y-un-automovil-en-strobel\/#respond"]}]},{"@type":"WebPage","@id":"https:\/\/informelitoral.com.ar\/fuerte-choque-entre-una-camioneta-y-un-automovil-en-strobel\/","url":"https:\/\/informelitoral.com.ar\/fuerte-choque-entre-una-camioneta-y-un-automovil-en-strobel\/","name":"Fuerte choque entre una camioneta y un autom\u00f3vil en Strobel - Informe Litoral","isPartOf":{"@id":"https:\/\/informelitoral.com.ar\/#website"},"primaryImageOfPage":{"@id":"https:\/\/informelitoral.com.ar\/fuerte-choque-entre-una-camioneta-y-un-automovil-en-strobel\/#primaryimage"},"image":{"@id":"https:\/\/informelitoral.com.ar\/fuerte-choque-entre-una-camioneta-y-un-automovil-en-strobel\/#primaryimage"},"thumbnailUrl":"https:\/\/informelitoral.com.ar\/%77%70%2d%63%6f%6e%74%65%6e%74\/uploads\/2025\/02\/l_1738549803_33166.webp","datePublished":"2025-02-03T12:13:46+00:00","dateModified":"2025-02-03T14:05:45+00:00","breadcrumb":{"@id":"https:\/\/informelitoral.com.ar\/fuerte-choque-entre-una-camioneta-y-un-automovil-en-strobel\/#breadcrumb"},"inLanguage":"es","potentialAction":[{"@type":"ReadAction","target":["https:\/\/informelitoral.com.ar\/fuerte-choque-entre-una-camioneta-y-un-automovil-en-strobel\/"]}]},{"@type":"ImageObject","inLanguage":"es","@id":"https:\/\/informelitoral.com.ar\/fuerte-choque-entre-una-camioneta-y-un-automovil-en-strobel\/#primaryimage","url":"https:\/\/informelitoral.com.ar\/%77%70%2d%63%6f%6e%74%65%6e%74\/uploads\/2025\/02\/l_1738549803_33166.webp","contentUrl":"https:\/\/informelitoral.com.ar\/%77%70%2d%63%6f%6e%74%65%6e%74\/uploads\/2025\/02\/l_1738549803_33166.webp","width":1200,"height":800},{"@type":"BreadcrumbList","@id":"https:\/\/informelitoral.com.ar\/fuerte-choque-entre-una-camioneta-y-un-automovil-en-strobel\/#breadcrumb","itemListElement":[{"@type":"ListItem","position":1,"name":"Portada","item":"https:\/\/informelitoral.com.ar\/"},{"@type":"ListItem","position":2,"name":"Fuerte choque entre una camioneta y un autom\u00f3vil en Strobel"}]},{"@type":"WebSite","@id":"https:\/\/informelitoral.com.ar\/#website","url":"https:\/\/informelitoral.com.ar\/","name":"Informe Litoral","description":"&quot;Nos informamos&quot; ","publisher":{"@id":"https:\/\/informelitoral.com.ar\/#organization"},"potentialAction":[{"@type":"SearchAction","target":{"@type":"EntryPoint","urlTemplate":"https:\/\/informelitoral.com.ar\/?s={search_term_string}"},"query-input":{"@type":"PropertyValueSpecification","valueRequired":true,"valueName":"search_term_string"}}],"inLanguage":"es"},{"@type":"Organization","@id":"https:\/\/informelitoral.com.ar\/#organization","name":"Informe Litoral","url":"https:\/\/informelitoral.com.ar\/","logo":{"@type":"ImageObject","inLanguage":"es","@id":"https:\/\/informelitoral.com.ar\/#\/schema\/logo\/image\/","url":"https:\/\/informelitoral.com.ar\/%77%70%2d%63%6f%6e%74%65%6e%74\/uploads\/2021\/01\/circulo.png","contentUrl":"https:\/\/informelitoral.com.ar\/%77%70%2d%63%6f%6e%74%65%6e%74\/uploads\/2021\/01\/circulo.png","width":723,"height":731,"caption":"Informe Litoral"},"image":{"@id":"https:\/\/informelitoral.com.ar\/#\/schema\/logo\/image\/"},"sameAs":["https:\/\/www.facebook.com\/informelitoral\/","https:\/\/x.com\/InformeLitoral","https:\/\/www.instagram.com\/informelitoral\/","https:\/\/www.youtube.com\/channel\/UCua4Qvz8Icb6MYqhoq9xLXw"]},{"@type":"Person","@id":"https:\/\/informelitoral.com.ar\/#\/schema\/person\/f05f9f461677119578717524b127d6d5","name":"Sebastian","image":{"@type":"ImageObject","inLanguage":"es","@id":"https:\/\/secure.gravatar.com\/avatar\/b71bf7481d447dfb9583c7f2798e7cc64de6efb9067b74633ed8c31059a3bd82?s=96&d=mm&r=g","url":"https:\/\/secure.gravatar.com\/avatar\/b71bf7481d447dfb9583c7f2798e7cc64de6efb9067b74633ed8c31059a3bd82?s=96&d=mm&r=g","contentUrl":"https:\/\/secure.gravatar.com\/avatar\/b71bf7481d447dfb9583c7f2798e7cc64de6efb9067b74633ed8c31059a3bd82?s=96&d=mm&r=g","caption":"Sebastian"},"url":"https:\/\/informelitoral.com.ar\/author\/sebastian\/"}]}},"_links":{"self":[{"href":"https:\/\/informelitoral.com.ar\/%77%70%2d%6a%73%6f%6e\/wp\/v2\/posts\/210771","targetHints":{"allow":["GET"]}}],"collection":[{"href":"https:\/\/informelitoral.com.ar\/%77%70%2d%6a%73%6f%6e\/wp\/v2\/posts"}],"about":[{"href":"https:\/\/informelitoral.com.ar\/%77%70%2d%6a%73%6f%6e\/wp\/v2\/types\/post"}],"author":[{"embeddable":true,"href":"https:\/\/informelitoral.com.ar\/%77%70%2d%6a%73%6f%6e\/wp\/v2\/users\/8"}],"replies":[{"embeddable":true,"href":"https:\/\/informelitoral.com.ar\/%77%70%2d%6a%73%6f%6e\/wp\/v2\/comments?post=210771"}],"version-history":[{"count":0,"href":"https:\/\/informelitoral.com.ar\/%77%70%2d%6a%73%6f%6e\/wp\/v2\/posts\/210771\/revisions"}],"wp:featuredmedia":[{"embeddable":true,"href":"https:\/\/informelitoral.com.ar\/%77%70%2d%6a%73%6f%6e\/wp\/v2\/media\/210772"}],"wp:attachment":[{"href":"https:\/\/informelitoral.com.ar\/%77%70%2d%6a%73%6f%6e\/wp\/v2\/media?parent=210771"}],"wp:term":[{"taxonomy":"category","embeddable":true,"href":"https:\/\/informelitoral.com.ar\/%77%70%2d%6a%73%6f%6e\/wp\/v2\/categories?post=210771"},{"taxonomy":"post_tag","embeddable":true,"href":"https:\/\/informelitoral.com.ar\/%77%70%2d%6a%73%6f%6e\/wp\/v2\/tags?post=210771"}],"curies":[{"name":"wp","href":"https:\/\/api.w.org\/{rel}","templated":true}]}}