{"id":210263,"date":"2025-01-28T20:56:43","date_gmt":"2025-01-28T23:56:43","guid":{"rendered":"https:\/\/informelitoral.com.ar\/?p=210263"},"modified":"2025-01-28T20:56:43","modified_gmt":"2025-01-28T23:56:43","slug":"piden-que-los-entrerrianos-donen-sangre-durante-el-verano","status":"publish","type":"post","link":"https:\/\/informelitoral.com.ar\/piden-que-los-entrerrianos-donen-sangre-durante-el-verano\/","title":{"rendered":"Piden que los entrerrianos donen sangre durante el verano"},"content":{"rendered":"<p>La sangre es un recurso vital que no se puede fabricar y su escasez puede tener consecuencias. Cada d\u00eda, miles de personas dependen de transfusiones para sobrevivir, desde quienes enfrentan enfermedades cr\u00f3nicas hasta aquellos que sufren emergencias m\u00e9dicas. Sin embargo, a pesar de las colectas externas que se realizan en distintos puntos de la provincia, los hospitales enfrentan escasez de donantes.<\/p>\n<p>Para el PPH representa un desaf\u00edo organizar colectas en verano, ya que muchas entidades y escuelas, que son los principales puntos de concientizaci\u00f3n, permanecen cerradas por vacaciones. \u00abA pesar de estas dificultades, seguimos comprometidos con nuestra misi\u00f3n y hemos programado varias colectas para asegurarnos que los hospitales cuenten con el suministro necesario\u00bb sostuvo la responsable de colectas del Programa, Gabriela Jacobo.<\/p>\n<h2><strong>En tal sentido, las instancias programadas son las siguientes:<\/strong><\/h2>\n<p>-29 de enero: Santa Elena (frente al Hospital Modular).<\/p>\n<p>-5 de febrero: Cerrito (Centro de Jubilados Provinciales).<\/p>\n<p>-12 de febrero: Viale (Hospital Castilla Mira).<\/p>\n<p>El Programa Provincial de Hemoterapia tiene su sede en el hospital San Mart\u00edn de Paran\u00e1, donde se puede concurrir a donar de lunes a viernes de 7 a 12 (con acceso por calle Pascual Palma 451). En la capital provincial abastece a los hospitales San Mart\u00edn y De la Baxada, y tambi\u00e9n a otros 13 nosocomios del interior de la provincia. En la oportunidad, Jacobo mencion\u00f3: \u00abEs fundamental entender que, aunque se organizan colectas en diferentes lugares, estas no siempre son suficientes para cubrir la demanda constante de sangre\u00bb.<\/p>\n<p>La necesidad es continua y variada, ya que cada cirug\u00eda programada, cada tratamiento m\u00e9dico y cada emergencia requieren un suministro adecuado y seguro de sangre. En el interior de nuestra provincia se puede donar en los siguientes hospitales:<\/p>\n<p>-San Mart\u00edn y Materno Infantil San Roque, de Paran\u00e1.<\/p>\n<p>-Delicia Concepci\u00f3n Masvernat, de Concordia.<\/p>\n<p>-Justo Jos\u00e9 de Urquiza, de Concepci\u00f3n del Uruguay.<\/p>\n<p>-Centenario, de Gualeguaych\u00fa.<\/p>\n<p>-Santa Rosa, de Villaguay.<\/p>\n<p>-Ferm\u00edn Salaberry, de Victoria.<\/p>\n<p>-San Jos\u00e9, de Diamante.<\/p>\n<p>-San Benjam\u00edn, de Col\u00f3n.<\/p>\n<p>-9 de Julio, de La Paz.<\/p>\n<p>-Nuestra Se\u00f1ora del Luj\u00e1n, de General Ram\u00edrez.<\/p>\n<p>-San Blas, de Nogoy\u00e1.<\/p>\n<p>-Sagrado Coraz\u00f3n de Jes\u00fas, de Basavilbaso.<\/p>\n<p>-San Roque, de Rosario del Tala.<\/p>\n<p>Las condiciones generales para ser donante son: tener de 18 a 65 a\u00f1os de edad, peso mayor a 55 kilogramos y presentar una buena condici\u00f3n general de salud. Adem\u00e1s, se recomienda asistir bien descansado, tomar un desayuno liviano (preferentemente sin l\u00e1cteos ni grasas) y beber abundante l\u00edquido.<\/p>\n<h6><em><strong>Del archivo:\u00a0<a href=\"https:\/\/informelitoral.com.ar\/se-concreto-una-nueva-donacion-de-organos-en-parana\/\" target=\"_blank\" rel=\"noopener\">Se concret\u00f3 una nueva donaci\u00f3n de \u00f3rganos en Paran\u00e1<\/a><\/strong><\/em><\/h6>\n","protected":false},"excerpt":{"rendered":"<p>Durante el verano, especialmente en enero y principios de febrero, la cantidad de donantes de sangre disminuye considerablemente. Por esta raz\u00f3n, este a\u00f1o el Programa Provincial de Hemoterapia (PPH) del Ministerio de Salud inici\u00f3 con las colectas externas a fin de contrarrestar la tendencia. <\/p>\n","protected":false},"author":2,"featured_media":52105,"comment_status":"open","ping_status":"open","sticky":false,"template":"","format":"standard","meta":{"fifu_image_url":"","fifu_image_alt":"","footnotes":""},"categories":[6,1595],"tags":[1981,5332,1985,81,82],"class_list":{"0":"post-210263","1":"post","2":"type-post","3":"status-publish","4":"format-standard","5":"has-post-thumbnail","7":"category-entre-rios","8":"category-salud","9":"tag-donacion","10":"tag-donacion-voluntaria-de-sangre","11":"tag-donar-sangre","12":"tag-entre-rios","13":"tag-salud"},"yoast_head":"<title>Piden que los entrerrianos donen sangre durante el verano - Informe Litoral<\/title>\n<meta name=\"robots\" content=\"index, follow, max-snippet:-1, max-image-preview:large, max-video-preview:-1\" \/>\n<link rel=\"canonical\" href=\"https:\/\/informelitoral.com.ar\/piden-que-los-entrerrianos-donen-sangre-durante-el-verano\/\" \/>\n<meta property=\"og:locale\" content=\"es_ES\" \/>\n<meta property=\"og:type\" content=\"article\" \/>\n<meta property=\"og:title\" content=\"Piden que los entrerrianos donen sangre durante el verano - Informe Litoral\" \/>\n<meta property=\"og:description\" content=\"Durante el verano, especialmente en enero y principios de febrero, la cantidad de donantes de sangre disminuye considerablemente. Por esta raz\u00f3n, este a\u00f1o el Programa Provincial de Hemoterapia (PPH) del Ministerio de Salud inici\u00f3 con las colectas externas a fin de contrarrestar la tendencia.\" \/>\n<meta property=\"og:url\" content=\"https:\/\/informelitoral.com.ar\/piden-que-los-entrerrianos-donen-sangre-durante-el-verano\/\" \/>\n<meta property=\"og:site_name\" content=\"Informe Litoral\" \/>\n<meta property=\"article:publisher\" content=\"https:\/\/www.facebook.com\/informelitoral\/\" \/>\n<meta property=\"article:published_time\" content=\"2025-01-28T23:56:43+00:00\" \/>\n<meta property=\"og:image\" content=\"https:\/\/informelitoral.com.ar\/%77%70%2d%63%6f%6e%74%65%6e%74\/uploads\/2020\/10\/donar-sangre.jpg\" \/>\n\t<meta property=\"og:image:width\" content=\"1200\" \/>\n\t<meta property=\"og:image:height\" content=\"640\" \/>\n\t<meta property=\"og:image:type\" content=\"image\/jpeg\" \/>\n<meta name=\"author\" content=\"Gonzalo Schmidt\" \/>\n<meta name=\"twitter:card\" content=\"summary_large_image\" \/>\n<meta name=\"twitter:creator\" content=\"@InformeLitoral\" \/>\n<meta name=\"twitter:site\" content=\"@InformeLitoral\" \/>\n<meta name=\"twitter:label1\" content=\"Escrito por\" \/>\n\t<meta name=\"twitter:data1\" content=\"Gonzalo Schmidt\" \/>\n\t<meta name=\"twitter:label2\" content=\"Tiempo de lectura\" \/>\n\t<meta name=\"twitter:data2\" content=\"2 minutos\" \/>\n<script type=\"application\/ld+json\" class=\"yoast-schema-graph\">{\"@context\":\"https:\\\/\\\/schema.org\",\"@graph\":[{\"@type\":\"Article\",\"@id\":\"https:\\\/\\\/informelitoral.com.ar\\\/piden-que-los-entrerrianos-donen-sangre-durante-el-verano\\\/#article\",\"isPartOf\":{\"@id\":\"https:\\\/\\\/informelitoral.com.ar\\\/piden-que-los-entrerrianos-donen-sangre-durante-el-verano\\\/\"},\"author\":{\"name\":\"Gonzalo Schmidt\",\"@id\":\"https:\\\/\\\/informelitoral.com.ar\\\/#\\\/schema\\\/person\\\/b9d00407c836482871ef1d57bf8e3180\"},\"headline\":\"Piden que los entrerrianos donen sangre durante el verano\",\"datePublished\":\"2025-01-28T23:56:43+00:00\",\"mainEntityOfPage\":{\"@id\":\"https:\\\/\\\/informelitoral.com.ar\\\/piden-que-los-entrerrianos-donen-sangre-durante-el-verano\\\/\"},\"wordCount\":440,\"commentCount\":0,\"publisher\":{\"@id\":\"https:\\\/\\\/informelitoral.com.ar\\\/#organization\"},\"image\":{\"@id\":\"https:\\\/\\\/informelitoral.com.ar\\\/piden-que-los-entrerrianos-donen-sangre-durante-el-verano\\\/#primaryimage\"},\"thumbnailUrl\":\"https:\\\/\\\/informelitoral.com.ar\\\/%77%70%2d%63%6f%6e%74%65%6e%74\\\/uploads\\\/2020\\\/10\\\/donar-sangre.jpg\",\"keywords\":[\"Donaci\u00f3n\",\"Donaci\u00f3n Voluntaria de Sangre\",\"Donar sangre\",\"Entre R\u00edos\",\"Salud\"],\"articleSection\":[\"Entre R\u00edos\",\"Salud\"],\"inLanguage\":\"es\",\"potentialAction\":[{\"@type\":\"CommentAction\",\"name\":\"Comment\",\"target\":[\"https:\\\/\\\/informelitoral.com.ar\\\/piden-que-los-entrerrianos-donen-sangre-durante-el-verano\\\/#respond\"]}]},{\"@type\":\"WebPage\",\"@id\":\"https:\\\/\\\/informelitoral.com.ar\\\/piden-que-los-entrerrianos-donen-sangre-durante-el-verano\\\/\",\"url\":\"https:\\\/\\\/informelitoral.com.ar\\\/piden-que-los-entrerrianos-donen-sangre-durante-el-verano\\\/\",\"name\":\"Piden que los entrerrianos donen sangre durante el verano - Informe Litoral\",\"isPartOf\":{\"@id\":\"https:\\\/\\\/informelitoral.com.ar\\\/#website\"},\"primaryImageOfPage\":{\"@id\":\"https:\\\/\\\/informelitoral.com.ar\\\/piden-que-los-entrerrianos-donen-sangre-durante-el-verano\\\/#primaryimage\"},\"image\":{\"@id\":\"https:\\\/\\\/informelitoral.com.ar\\\/piden-que-los-entrerrianos-donen-sangre-durante-el-verano\\\/#primaryimage\"},\"thumbnailUrl\":\"https:\\\/\\\/informelitoral.com.ar\\\/%77%70%2d%63%6f%6e%74%65%6e%74\\\/uploads\\\/2020\\\/10\\\/donar-sangre.jpg\",\"datePublished\":\"2025-01-28T23:56:43+00:00\",\"breadcrumb\":{\"@id\":\"https:\\\/\\\/informelitoral.com.ar\\\/piden-que-los-entrerrianos-donen-sangre-durante-el-verano\\\/#breadcrumb\"},\"inLanguage\":\"es\",\"potentialAction\":[{\"@type\":\"ReadAction\",\"target\":[\"https:\\\/\\\/informelitoral.com.ar\\\/piden-que-los-entrerrianos-donen-sangre-durante-el-verano\\\/\"]}]},{\"@type\":\"ImageObject\",\"inLanguage\":\"es\",\"@id\":\"https:\\\/\\\/informelitoral.com.ar\\\/piden-que-los-entrerrianos-donen-sangre-durante-el-verano\\\/#primaryimage\",\"url\":\"https:\\\/\\\/informelitoral.com.ar\\\/%77%70%2d%63%6f%6e%74%65%6e%74\\\/uploads\\\/2020\\\/10\\\/donar-sangre.jpg\",\"contentUrl\":\"https:\\\/\\\/informelitoral.com.ar\\\/%77%70%2d%63%6f%6e%74%65%6e%74\\\/uploads\\\/2020\\\/10\\\/donar-sangre.jpg\",\"width\":1200,\"height\":640},{\"@type\":\"BreadcrumbList\",\"@id\":\"https:\\\/\\\/informelitoral.com.ar\\\/piden-que-los-entrerrianos-donen-sangre-durante-el-verano\\\/#breadcrumb\",\"itemListElement\":[{\"@type\":\"ListItem\",\"position\":1,\"name\":\"Portada\",\"item\":\"https:\\\/\\\/informelitoral.com.ar\\\/\"},{\"@type\":\"ListItem\",\"position\":2,\"name\":\"Piden que los entrerrianos donen sangre durante el verano\"}]},{\"@type\":\"WebSite\",\"@id\":\"https:\\\/\\\/informelitoral.com.ar\\\/#website\",\"url\":\"https:\\\/\\\/informelitoral.com.ar\\\/\",\"name\":\"Informe Litoral\",\"description\":\"&quot;Nos informamos&quot; \",\"publisher\":{\"@id\":\"https:\\\/\\\/informelitoral.com.ar\\\/#organization\"},\"potentialAction\":[{\"@type\":\"SearchAction\",\"target\":{\"@type\":\"EntryPoint\",\"urlTemplate\":\"https:\\\/\\\/informelitoral.com.ar\\\/?s={search_term_string}\"},\"query-input\":{\"@type\":\"PropertyValueSpecification\",\"valueRequired\":true,\"valueName\":\"search_term_string\"}}],\"inLanguage\":\"es\"},{\"@type\":\"Organization\",\"@id\":\"https:\\\/\\\/informelitoral.com.ar\\\/#organization\",\"name\":\"Informe Litoral\",\"url\":\"https:\\\/\\\/informelitoral.com.ar\\\/\",\"logo\":{\"@type\":\"ImageObject\",\"inLanguage\":\"es\",\"@id\":\"https:\\\/\\\/informelitoral.com.ar\\\/#\\\/schema\\\/logo\\\/image\\\/\",\"url\":\"https:\\\/\\\/informelitoral.com.ar\\\/%77%70%2d%63%6f%6e%74%65%6e%74\\\/uploads\\\/2021\\\/01\\\/circulo.png\",\"contentUrl\":\"https:\\\/\\\/informelitoral.com.ar\\\/%77%70%2d%63%6f%6e%74%65%6e%74\\\/uploads\\\/2021\\\/01\\\/circulo.png\",\"width\":723,\"height\":731,\"caption\":\"Informe Litoral\"},\"image\":{\"@id\":\"https:\\\/\\\/informelitoral.com.ar\\\/#\\\/schema\\\/logo\\\/image\\\/\"},\"sameAs\":[\"https:\\\/\\\/www.facebook.com\\\/informelitoral\\\/\",\"https:\\\/\\\/x.com\\\/InformeLitoral\",\"https:\\\/\\\/www.instagram.com\\\/informelitoral\\\/\",\"https:\\\/\\\/www.youtube.com\\\/channel\\\/UCua4Qvz8Icb6MYqhoq9xLXw\"]},{\"@type\":\"Person\",\"@id\":\"https:\\\/\\\/informelitoral.com.ar\\\/#\\\/schema\\\/person\\\/b9d00407c836482871ef1d57bf8e3180\",\"name\":\"Gonzalo Schmidt\",\"image\":{\"@type\":\"ImageObject\",\"inLanguage\":\"es\",\"@id\":\"https:\\\/\\\/secure.gravatar.com\\\/avatar\\\/31a1a7b66ff2de83bd0e9fd79d026630d2d99e55e8bfe501287647b4fd9743de?s=96&d=mm&r=g\",\"url\":\"https:\\\/\\\/secure.gravatar.com\\\/avatar\\\/31a1a7b66ff2de83bd0e9fd79d026630d2d99e55e8bfe501287647b4fd9743de?s=96&d=mm&r=g\",\"contentUrl\":\"https:\\\/\\\/secure.gravatar.com\\\/avatar\\\/31a1a7b66ff2de83bd0e9fd79d026630d2d99e55e8bfe501287647b4fd9743de?s=96&d=mm&r=g\",\"caption\":\"Gonzalo Schmidt\"},\"description\":\"Sitio web de noticias de la provincia de Entre R\u00edos, Argentina. Informaci\u00f3n y entretenimiento. Informe Litoral, nos informamos.\",\"sameAs\":[\"http:\\\/\\\/www.isletasnoticias.com.ar\"],\"url\":\"https:\\\/\\\/informelitoral.com.ar\\\/author\\\/gonzalo\\\/\"}]}<\/script>","yoast_head_json":{"title":"Piden que los entrerrianos donen sangre durante el verano - Informe Litoral","robots":{"index":"index","follow":"follow","max-snippet":"max-snippet:-1","max-image-preview":"max-image-preview:large","max-video-preview":"max-video-preview:-1"},"canonical":"https:\/\/informelitoral.com.ar\/piden-que-los-entrerrianos-donen-sangre-durante-el-verano\/","og_locale":"es_ES","og_type":"article","og_title":"Piden que los entrerrianos donen sangre durante el verano - Informe Litoral","og_description":"Durante el verano, especialmente en enero y principios de febrero, la cantidad de donantes de sangre disminuye considerablemente. Por esta raz\u00f3n, este a\u00f1o el Programa Provincial de Hemoterapia (PPH) del Ministerio de Salud inici\u00f3 con las colectas externas a fin de contrarrestar la tendencia.","og_url":"https:\/\/informelitoral.com.ar\/piden-que-los-entrerrianos-donen-sangre-durante-el-verano\/","og_site_name":"Informe Litoral","article_publisher":"https:\/\/www.facebook.com\/informelitoral\/","article_published_time":"2025-01-28T23:56:43+00:00","og_image":[{"width":1200,"height":640,"url":"https:\/\/informelitoral.com.ar\/%77%70%2d%63%6f%6e%74%65%6e%74\/uploads\/2020\/10\/donar-sangre.jpg","type":"image\/jpeg"}],"author":"Gonzalo Schmidt","twitter_card":"summary_large_image","twitter_creator":"@InformeLitoral","twitter_site":"@InformeLitoral","twitter_misc":{"Escrito por":"Gonzalo Schmidt","Tiempo de lectura":"2 minutos"},"schema":{"@context":"https:\/\/schema.org","@graph":[{"@type":"Article","@id":"https:\/\/informelitoral.com.ar\/piden-que-los-entrerrianos-donen-sangre-durante-el-verano\/#article","isPartOf":{"@id":"https:\/\/informelitoral.com.ar\/piden-que-los-entrerrianos-donen-sangre-durante-el-verano\/"},"author":{"name":"Gonzalo Schmidt","@id":"https:\/\/informelitoral.com.ar\/#\/schema\/person\/b9d00407c836482871ef1d57bf8e3180"},"headline":"Piden que los entrerrianos donen sangre durante el verano","datePublished":"2025-01-28T23:56:43+00:00","mainEntityOfPage":{"@id":"https:\/\/informelitoral.com.ar\/piden-que-los-entrerrianos-donen-sangre-durante-el-verano\/"},"wordCount":440,"commentCount":0,"publisher":{"@id":"https:\/\/informelitoral.com.ar\/#organization"},"image":{"@id":"https:\/\/informelitoral.com.ar\/piden-que-los-entrerrianos-donen-sangre-durante-el-verano\/#primaryimage"},"thumbnailUrl":"https:\/\/informelitoral.com.ar\/%77%70%2d%63%6f%6e%74%65%6e%74\/uploads\/2020\/10\/donar-sangre.jpg","keywords":["Donaci\u00f3n","Donaci\u00f3n Voluntaria de Sangre","Donar sangre","Entre R\u00edos","Salud"],"articleSection":["Entre R\u00edos","Salud"],"inLanguage":"es","potentialAction":[{"@type":"CommentAction","name":"Comment","target":["https:\/\/informelitoral.com.ar\/piden-que-los-entrerrianos-donen-sangre-durante-el-verano\/#respond"]}]},{"@type":"WebPage","@id":"https:\/\/informelitoral.com.ar\/piden-que-los-entrerrianos-donen-sangre-durante-el-verano\/","url":"https:\/\/informelitoral.com.ar\/piden-que-los-entrerrianos-donen-sangre-durante-el-verano\/","name":"Piden que los entrerrianos donen sangre durante el verano - Informe Litoral","isPartOf":{"@id":"https:\/\/informelitoral.com.ar\/#website"},"primaryImageOfPage":{"@id":"https:\/\/informelitoral.com.ar\/piden-que-los-entrerrianos-donen-sangre-durante-el-verano\/#primaryimage"},"image":{"@id":"https:\/\/informelitoral.com.ar\/piden-que-los-entrerrianos-donen-sangre-durante-el-verano\/#primaryimage"},"thumbnailUrl":"https:\/\/informelitoral.com.ar\/%77%70%2d%63%6f%6e%74%65%6e%74\/uploads\/2020\/10\/donar-sangre.jpg","datePublished":"2025-01-28T23:56:43+00:00","breadcrumb":{"@id":"https:\/\/informelitoral.com.ar\/piden-que-los-entrerrianos-donen-sangre-durante-el-verano\/#breadcrumb"},"inLanguage":"es","potentialAction":[{"@type":"ReadAction","target":["https:\/\/informelitoral.com.ar\/piden-que-los-entrerrianos-donen-sangre-durante-el-verano\/"]}]},{"@type":"ImageObject","inLanguage":"es","@id":"https:\/\/informelitoral.com.ar\/piden-que-los-entrerrianos-donen-sangre-durante-el-verano\/#primaryimage","url":"https:\/\/informelitoral.com.ar\/%77%70%2d%63%6f%6e%74%65%6e%74\/uploads\/2020\/10\/donar-sangre.jpg","contentUrl":"https:\/\/informelitoral.com.ar\/%77%70%2d%63%6f%6e%74%65%6e%74\/uploads\/2020\/10\/donar-sangre.jpg","width":1200,"height":640},{"@type":"BreadcrumbList","@id":"https:\/\/informelitoral.com.ar\/piden-que-los-entrerrianos-donen-sangre-durante-el-verano\/#breadcrumb","itemListElement":[{"@type":"ListItem","position":1,"name":"Portada","item":"https:\/\/informelitoral.com.ar\/"},{"@type":"ListItem","position":2,"name":"Piden que los entrerrianos donen sangre durante el verano"}]},{"@type":"WebSite","@id":"https:\/\/informelitoral.com.ar\/#website","url":"https:\/\/informelitoral.com.ar\/","name":"Informe Litoral","description":"&quot;Nos informamos&quot; ","publisher":{"@id":"https:\/\/informelitoral.com.ar\/#organization"},"potentialAction":[{"@type":"SearchAction","target":{"@type":"EntryPoint","urlTemplate":"https:\/\/informelitoral.com.ar\/?s={search_term_string}"},"query-input":{"@type":"PropertyValueSpecification","valueRequired":true,"valueName":"search_term_string"}}],"inLanguage":"es"},{"@type":"Organization","@id":"https:\/\/informelitoral.com.ar\/#organization","name":"Informe Litoral","url":"https:\/\/informelitoral.com.ar\/","logo":{"@type":"ImageObject","inLanguage":"es","@id":"https:\/\/informelitoral.com.ar\/#\/schema\/logo\/image\/","url":"https:\/\/informelitoral.com.ar\/%77%70%2d%63%6f%6e%74%65%6e%74\/uploads\/2021\/01\/circulo.png","contentUrl":"https:\/\/informelitoral.com.ar\/%77%70%2d%63%6f%6e%74%65%6e%74\/uploads\/2021\/01\/circulo.png","width":723,"height":731,"caption":"Informe Litoral"},"image":{"@id":"https:\/\/informelitoral.com.ar\/#\/schema\/logo\/image\/"},"sameAs":["https:\/\/www.facebook.com\/informelitoral\/","https:\/\/x.com\/InformeLitoral","https:\/\/www.instagram.com\/informelitoral\/","https:\/\/www.youtube.com\/channel\/UCua4Qvz8Icb6MYqhoq9xLXw"]},{"@type":"Person","@id":"https:\/\/informelitoral.com.ar\/#\/schema\/person\/b9d00407c836482871ef1d57bf8e3180","name":"Gonzalo Schmidt","image":{"@type":"ImageObject","inLanguage":"es","@id":"https:\/\/secure.gravatar.com\/avatar\/31a1a7b66ff2de83bd0e9fd79d026630d2d99e55e8bfe501287647b4fd9743de?s=96&d=mm&r=g","url":"https:\/\/secure.gravatar.com\/avatar\/31a1a7b66ff2de83bd0e9fd79d026630d2d99e55e8bfe501287647b4fd9743de?s=96&d=mm&r=g","contentUrl":"https:\/\/secure.gravatar.com\/avatar\/31a1a7b66ff2de83bd0e9fd79d026630d2d99e55e8bfe501287647b4fd9743de?s=96&d=mm&r=g","caption":"Gonzalo Schmidt"},"description":"Sitio web de noticias de la provincia de Entre R\u00edos, Argentina. Informaci\u00f3n y entretenimiento. Informe Litoral, nos informamos.","sameAs":["http:\/\/www.isletasnoticias.com.ar"],"url":"https:\/\/informelitoral.com.ar\/author\/gonzalo\/"}]}},"_links":{"self":[{"href":"https:\/\/informelitoral.com.ar\/%77%70%2d%6a%73%6f%6e\/wp\/v2\/posts\/210263","targetHints":{"allow":["GET"]}}],"collection":[{"href":"https:\/\/informelitoral.com.ar\/%77%70%2d%6a%73%6f%6e\/wp\/v2\/posts"}],"about":[{"href":"https:\/\/informelitoral.com.ar\/%77%70%2d%6a%73%6f%6e\/wp\/v2\/types\/post"}],"author":[{"embeddable":true,"href":"https:\/\/informelitoral.com.ar\/%77%70%2d%6a%73%6f%6e\/wp\/v2\/users\/2"}],"replies":[{"embeddable":true,"href":"https:\/\/informelitoral.com.ar\/%77%70%2d%6a%73%6f%6e\/wp\/v2\/comments?post=210263"}],"version-history":[{"count":0,"href":"https:\/\/informelitoral.com.ar\/%77%70%2d%6a%73%6f%6e\/wp\/v2\/posts\/210263\/revisions"}],"wp:featuredmedia":[{"embeddable":true,"href":"https:\/\/informelitoral.com.ar\/%77%70%2d%6a%73%6f%6e\/wp\/v2\/media\/52105"}],"wp:attachment":[{"href":"https:\/\/informelitoral.com.ar\/%77%70%2d%6a%73%6f%6e\/wp\/v2\/media?parent=210263"}],"wp:term":[{"taxonomy":"category","embeddable":true,"href":"https:\/\/informelitoral.com.ar\/%77%70%2d%6a%73%6f%6e\/wp\/v2\/categories?post=210263"},{"taxonomy":"post_tag","embeddable":true,"href":"https:\/\/informelitoral.com.ar\/%77%70%2d%6a%73%6f%6e\/wp\/v2\/tags?post=210263"}],"curies":[{"name":"wp","href":"https:\/\/api.w.org\/{rel}","templated":true}]}}