{"id":210260,"date":"2025-01-28T20:48:48","date_gmt":"2025-01-28T23:48:48","guid":{"rendered":"https:\/\/informelitoral.com.ar\/?p=210260"},"modified":"2025-01-28T20:48:48","modified_gmt":"2025-01-28T23:48:48","slug":"festival-nacional-del-chamame-intendenta-consiguio-el-apoyo-de-diputados","status":"publish","type":"post","link":"https:\/\/informelitoral.com.ar\/festival-nacional-del-chamame-intendenta-consiguio-el-apoyo-de-diputados\/","title":{"rendered":"Festival Nacional del Chamam\u00e9: intendenta consigui\u00f3 el apoyo de Diputados"},"content":{"rendered":"<p><strong>Alicia Oviedo, intendenta de Federal, habl\u00f3 con Radio Diputados sobre la programaci\u00f3n y dem\u00e1s particularidades de la 50\u00b0 edici\u00f3n del Festival Nacional del Chamam\u00e9 que se realizar\u00e1 del 1 al 9 de febrero, con apoyo de la C\u00e1mara baja entrerriana. Sobre este tema dialog\u00f3 con el presidente de la CDER, Gustavo Hein, durante una audiencia que se realiz\u00f3 el lunes.<\/strong><\/p>\n<p>\u201cEste s\u00e1bado comienzan las nueve jornadas festivas de la edici\u00f3n n\u00famero 50 del Festival Nacional del Chamam\u00e9 del Norte Entrerriano y ayer fuimos a hablar con Gustavo Hein y uno de los motivos fue invitarlo a participar de la fiesta, pero adem\u00e1s pedir la colaboraci\u00f3n de la C\u00e1mara de Diputados\u201d, cont\u00f3 la intendenta.<\/p>\n<p>\u201cNuestro festival naci\u00f3 en 1976 y ha tenido continuidad gracias al trabajo de mucha gente que, a lo largo de los a\u00f1os, ha asumido la responsabilidad de organizar y llevar a cabo la fiesta. El a\u00f1o pasado tuvimos la colaboraci\u00f3n de 166 personas\u201d, cont\u00f3. Adem\u00e1s, destac\u00f3 que este a\u00f1o ser\u00e1 \u201cuna edici\u00f3n especial\u201d por tratarse de la n\u00famero 50, por lo cual se har\u00e1n varios homenajes.<\/p>\n<p>El jueves se realizar\u00e1 la final del certamen de nuevos valores del g\u00e9nero chamamecero, mientras que entre las personalidades destacadas que se presentar\u00e1n se encuentran Ra\u00fal Barboza \u2013quien estuvo presente en la primera edici\u00f3n\u2013, Antonio Tarrag\u00f3 Ros, Monchito Merlo, Miguel Figueroa, entre otros exponentes de los variados estilos del g\u00e9nero, y muchos artistas locales.<\/p>\n<p>\u201cEs tan popular nuestra fiesta que, de las nueve noches que tiene, varias son de entrada libre y gratuita, como el caso de las bailantas nocturnas que se realizar\u00e1n el s\u00e1bado 1 y el domingo 2 y las pe\u00f1as del 3, 4 y 5 en el predio del anfiteatro Francisco Ram\u00edrez\u201d, relat\u00f3.<\/p>\n<p>Esta edici\u00f3n del Festival Nacional del Chamam\u00e9 del Norte Entreriano fue declarado de inter\u00e9s por la C\u00e1mara de Diputados, a trav\u00e9s de un proyecto impulsado por la diputada Noelia Taborda (Juntos por Entre R\u00edos).<\/p>\n<h2><strong>Escuch\u00e1 la entrevista completa:<\/strong><\/h2>\n<p><iframe title=\"Spotify Embed: El Festival Nacional del Chamam\u00e9 en la cuenta regresiva\" style=\"border-radius: 12px\" width=\"100%\" height=\"152\" frameborder=\"0\" allowfullscreen allow=\"autoplay; clipboard-write; encrypted-media; fullscreen; picture-in-picture\" loading=\"lazy\" src=\"https:\/\/open.spotify.com\/embed\/episode\/70KytElwwmygdFvHdCvqtM?go=1&#038;sp_cid=eb61f2908a1319d9665d0769953b6ffd&#038;utm_source=oembed&#038;utm_medium=desktop\"><\/iframe><\/p>\n","protected":false},"excerpt":{"rendered":"<p>La intendenta de Federal, Alicia Oviedo, se reuni\u00f3 con el presidente de la C\u00e1mara de Diputados, Gustavo Hein, a quien invit\u00f3 al Festival que se inicia el s\u00e1bado.<\/p>\n","protected":false},"author":2,"featured_media":210261,"comment_status":"open","ping_status":"open","sticky":false,"template":"","format":"standard","meta":{"fifu_image_url":"","fifu_image_alt":"","footnotes":""},"categories":[16],"tags":[196,1251,2844,1589],"class_list":{"0":"post-210260","1":"post","2":"type-post","3":"status-publish","4":"format-standard","5":"has-post-thumbnail","7":"category-politi","8":"tag-diputados","9":"tag-federal","10":"tag-festival-nacional-del-chamame","11":"tag-gustavo-hein"},"yoast_head":"<title>Festival Nacional del Chamam\u00e9: intendenta consigui\u00f3 el apoyo de Diputados - Informe Litoral<\/title>\n<meta name=\"robots\" content=\"index, follow, max-snippet:-1, max-image-preview:large, max-video-preview:-1\" \/>\n<link rel=\"canonical\" href=\"https:\/\/informelitoral.com.ar\/festival-nacional-del-chamame-intendenta-consiguio-el-apoyo-de-diputados\/\" \/>\n<meta property=\"og:locale\" content=\"es_ES\" \/>\n<meta property=\"og:type\" content=\"article\" \/>\n<meta property=\"og:title\" content=\"Festival Nacional del Chamam\u00e9: intendenta consigui\u00f3 el apoyo de Diputados - Informe Litoral\" \/>\n<meta property=\"og:description\" content=\"La intendenta de Federal, Alicia Oviedo, se reuni\u00f3 con el presidente de la C\u00e1mara de Diputados, Gustavo Hein, a quien invit\u00f3 al Festival que se inicia el s\u00e1bado.\" \/>\n<meta property=\"og:url\" content=\"https:\/\/informelitoral.com.ar\/festival-nacional-del-chamame-intendenta-consiguio-el-apoyo-de-diputados\/\" \/>\n<meta property=\"og:site_name\" content=\"Informe Litoral\" \/>\n<meta property=\"article:publisher\" content=\"https:\/\/www.facebook.com\/informelitoral\/\" \/>\n<meta property=\"article:published_time\" content=\"2025-01-28T23:48:48+00:00\" \/>\n<meta property=\"og:image\" content=\"https:\/\/informelitoral.com.ar\/%77%70%2d%63%6f%6e%74%65%6e%74\/uploads\/2025\/01\/oviedo-federal-scaled.jpg\" \/>\n\t<meta property=\"og:image:width\" content=\"2560\" \/>\n\t<meta property=\"og:image:height\" content=\"1473\" \/>\n\t<meta property=\"og:image:type\" content=\"image\/jpeg\" \/>\n<meta name=\"author\" content=\"Gonzalo Schmidt\" \/>\n<meta name=\"twitter:card\" content=\"summary_large_image\" \/>\n<meta name=\"twitter:creator\" content=\"@InformeLitoral\" \/>\n<meta name=\"twitter:site\" content=\"@InformeLitoral\" \/>\n<meta name=\"twitter:label1\" content=\"Escrito por\" \/>\n\t<meta name=\"twitter:data1\" content=\"Gonzalo Schmidt\" \/>\n\t<meta name=\"twitter:label2\" content=\"Tiempo de lectura\" \/>\n\t<meta name=\"twitter:data2\" content=\"2 minutos\" \/>\n<script type=\"application\/ld+json\" class=\"yoast-schema-graph\">{\"@context\":\"https:\\\/\\\/schema.org\",\"@graph\":[{\"@type\":\"Article\",\"@id\":\"https:\\\/\\\/informelitoral.com.ar\\\/festival-nacional-del-chamame-intendenta-consiguio-el-apoyo-de-diputados\\\/#article\",\"isPartOf\":{\"@id\":\"https:\\\/\\\/informelitoral.com.ar\\\/festival-nacional-del-chamame-intendenta-consiguio-el-apoyo-de-diputados\\\/\"},\"author\":{\"name\":\"Gonzalo Schmidt\",\"@id\":\"https:\\\/\\\/informelitoral.com.ar\\\/#\\\/schema\\\/person\\\/b9d00407c836482871ef1d57bf8e3180\"},\"headline\":\"Festival Nacional del Chamam\u00e9: intendenta consigui\u00f3 el apoyo de Diputados\",\"datePublished\":\"2025-01-28T23:48:48+00:00\",\"mainEntityOfPage\":{\"@id\":\"https:\\\/\\\/informelitoral.com.ar\\\/festival-nacional-del-chamame-intendenta-consiguio-el-apoyo-de-diputados\\\/\"},\"wordCount\":380,\"commentCount\":0,\"publisher\":{\"@id\":\"https:\\\/\\\/informelitoral.com.ar\\\/#organization\"},\"image\":{\"@id\":\"https:\\\/\\\/informelitoral.com.ar\\\/festival-nacional-del-chamame-intendenta-consiguio-el-apoyo-de-diputados\\\/#primaryimage\"},\"thumbnailUrl\":\"https:\\\/\\\/informelitoral.com.ar\\\/%77%70%2d%63%6f%6e%74%65%6e%74\\\/uploads\\\/2025\\\/01\\\/oviedo-federal-scaled.jpg\",\"keywords\":[\"Diputados\",\"Federal\",\"Festival Nacional del Chamam\u00e9\",\"Gustavo Hein\"],\"articleSection\":[\"Politica\"],\"inLanguage\":\"es\",\"potentialAction\":[{\"@type\":\"CommentAction\",\"name\":\"Comment\",\"target\":[\"https:\\\/\\\/informelitoral.com.ar\\\/festival-nacional-del-chamame-intendenta-consiguio-el-apoyo-de-diputados\\\/#respond\"]}]},{\"@type\":\"WebPage\",\"@id\":\"https:\\\/\\\/informelitoral.com.ar\\\/festival-nacional-del-chamame-intendenta-consiguio-el-apoyo-de-diputados\\\/\",\"url\":\"https:\\\/\\\/informelitoral.com.ar\\\/festival-nacional-del-chamame-intendenta-consiguio-el-apoyo-de-diputados\\\/\",\"name\":\"Festival Nacional del Chamam\u00e9: intendenta consigui\u00f3 el apoyo de Diputados - Informe Litoral\",\"isPartOf\":{\"@id\":\"https:\\\/\\\/informelitoral.com.ar\\\/#website\"},\"primaryImageOfPage\":{\"@id\":\"https:\\\/\\\/informelitoral.com.ar\\\/festival-nacional-del-chamame-intendenta-consiguio-el-apoyo-de-diputados\\\/#primaryimage\"},\"image\":{\"@id\":\"https:\\\/\\\/informelitoral.com.ar\\\/festival-nacional-del-chamame-intendenta-consiguio-el-apoyo-de-diputados\\\/#primaryimage\"},\"thumbnailUrl\":\"https:\\\/\\\/informelitoral.com.ar\\\/%77%70%2d%63%6f%6e%74%65%6e%74\\\/uploads\\\/2025\\\/01\\\/oviedo-federal-scaled.jpg\",\"datePublished\":\"2025-01-28T23:48:48+00:00\",\"breadcrumb\":{\"@id\":\"https:\\\/\\\/informelitoral.com.ar\\\/festival-nacional-del-chamame-intendenta-consiguio-el-apoyo-de-diputados\\\/#breadcrumb\"},\"inLanguage\":\"es\",\"potentialAction\":[{\"@type\":\"ReadAction\",\"target\":[\"https:\\\/\\\/informelitoral.com.ar\\\/festival-nacional-del-chamame-intendenta-consiguio-el-apoyo-de-diputados\\\/\"]}]},{\"@type\":\"ImageObject\",\"inLanguage\":\"es\",\"@id\":\"https:\\\/\\\/informelitoral.com.ar\\\/festival-nacional-del-chamame-intendenta-consiguio-el-apoyo-de-diputados\\\/#primaryimage\",\"url\":\"https:\\\/\\\/informelitoral.com.ar\\\/%77%70%2d%63%6f%6e%74%65%6e%74\\\/uploads\\\/2025\\\/01\\\/oviedo-federal-scaled.jpg\",\"contentUrl\":\"https:\\\/\\\/informelitoral.com.ar\\\/%77%70%2d%63%6f%6e%74%65%6e%74\\\/uploads\\\/2025\\\/01\\\/oviedo-federal-scaled.jpg\",\"width\":2560,\"height\":1473},{\"@type\":\"BreadcrumbList\",\"@id\":\"https:\\\/\\\/informelitoral.com.ar\\\/festival-nacional-del-chamame-intendenta-consiguio-el-apoyo-de-diputados\\\/#breadcrumb\",\"itemListElement\":[{\"@type\":\"ListItem\",\"position\":1,\"name\":\"Portada\",\"item\":\"https:\\\/\\\/informelitoral.com.ar\\\/\"},{\"@type\":\"ListItem\",\"position\":2,\"name\":\"Festival Nacional del Chamam\u00e9: intendenta consigui\u00f3 el apoyo de Diputados\"}]},{\"@type\":\"WebSite\",\"@id\":\"https:\\\/\\\/informelitoral.com.ar\\\/#website\",\"url\":\"https:\\\/\\\/informelitoral.com.ar\\\/\",\"name\":\"Informe Litoral\",\"description\":\"&quot;Nos informamos&quot; \",\"publisher\":{\"@id\":\"https:\\\/\\\/informelitoral.com.ar\\\/#organization\"},\"potentialAction\":[{\"@type\":\"SearchAction\",\"target\":{\"@type\":\"EntryPoint\",\"urlTemplate\":\"https:\\\/\\\/informelitoral.com.ar\\\/?s={search_term_string}\"},\"query-input\":{\"@type\":\"PropertyValueSpecification\",\"valueRequired\":true,\"valueName\":\"search_term_string\"}}],\"inLanguage\":\"es\"},{\"@type\":\"Organization\",\"@id\":\"https:\\\/\\\/informelitoral.com.ar\\\/#organization\",\"name\":\"Informe Litoral\",\"url\":\"https:\\\/\\\/informelitoral.com.ar\\\/\",\"logo\":{\"@type\":\"ImageObject\",\"inLanguage\":\"es\",\"@id\":\"https:\\\/\\\/informelitoral.com.ar\\\/#\\\/schema\\\/logo\\\/image\\\/\",\"url\":\"https:\\\/\\\/informelitoral.com.ar\\\/%77%70%2d%63%6f%6e%74%65%6e%74\\\/uploads\\\/2021\\\/01\\\/circulo.png\",\"contentUrl\":\"https:\\\/\\\/informelitoral.com.ar\\\/%77%70%2d%63%6f%6e%74%65%6e%74\\\/uploads\\\/2021\\\/01\\\/circulo.png\",\"width\":723,\"height\":731,\"caption\":\"Informe Litoral\"},\"image\":{\"@id\":\"https:\\\/\\\/informelitoral.com.ar\\\/#\\\/schema\\\/logo\\\/image\\\/\"},\"sameAs\":[\"https:\\\/\\\/www.facebook.com\\\/informelitoral\\\/\",\"https:\\\/\\\/x.com\\\/InformeLitoral\",\"https:\\\/\\\/www.instagram.com\\\/informelitoral\\\/\",\"https:\\\/\\\/www.youtube.com\\\/channel\\\/UCua4Qvz8Icb6MYqhoq9xLXw\"]},{\"@type\":\"Person\",\"@id\":\"https:\\\/\\\/informelitoral.com.ar\\\/#\\\/schema\\\/person\\\/b9d00407c836482871ef1d57bf8e3180\",\"name\":\"Gonzalo Schmidt\",\"image\":{\"@type\":\"ImageObject\",\"inLanguage\":\"es\",\"@id\":\"https:\\\/\\\/secure.gravatar.com\\\/avatar\\\/31a1a7b66ff2de83bd0e9fd79d026630d2d99e55e8bfe501287647b4fd9743de?s=96&d=mm&r=g\",\"url\":\"https:\\\/\\\/secure.gravatar.com\\\/avatar\\\/31a1a7b66ff2de83bd0e9fd79d026630d2d99e55e8bfe501287647b4fd9743de?s=96&d=mm&r=g\",\"contentUrl\":\"https:\\\/\\\/secure.gravatar.com\\\/avatar\\\/31a1a7b66ff2de83bd0e9fd79d026630d2d99e55e8bfe501287647b4fd9743de?s=96&d=mm&r=g\",\"caption\":\"Gonzalo Schmidt\"},\"description\":\"Sitio web de noticias de la provincia de Entre R\u00edos, Argentina. Informaci\u00f3n y entretenimiento. Informe Litoral, nos informamos.\",\"sameAs\":[\"http:\\\/\\\/www.isletasnoticias.com.ar\"],\"url\":\"https:\\\/\\\/informelitoral.com.ar\\\/author\\\/gonzalo\\\/\"}]}<\/script>","yoast_head_json":{"title":"Festival Nacional del Chamam\u00e9: intendenta consigui\u00f3 el apoyo de Diputados - Informe Litoral","robots":{"index":"index","follow":"follow","max-snippet":"max-snippet:-1","max-image-preview":"max-image-preview:large","max-video-preview":"max-video-preview:-1"},"canonical":"https:\/\/informelitoral.com.ar\/festival-nacional-del-chamame-intendenta-consiguio-el-apoyo-de-diputados\/","og_locale":"es_ES","og_type":"article","og_title":"Festival Nacional del Chamam\u00e9: intendenta consigui\u00f3 el apoyo de Diputados - Informe Litoral","og_description":"La intendenta de Federal, Alicia Oviedo, se reuni\u00f3 con el presidente de la C\u00e1mara de Diputados, Gustavo Hein, a quien invit\u00f3 al Festival que se inicia el s\u00e1bado.","og_url":"https:\/\/informelitoral.com.ar\/festival-nacional-del-chamame-intendenta-consiguio-el-apoyo-de-diputados\/","og_site_name":"Informe Litoral","article_publisher":"https:\/\/www.facebook.com\/informelitoral\/","article_published_time":"2025-01-28T23:48:48+00:00","og_image":[{"width":2560,"height":1473,"url":"https:\/\/informelitoral.com.ar\/%77%70%2d%63%6f%6e%74%65%6e%74\/uploads\/2025\/01\/oviedo-federal-scaled.jpg","type":"image\/jpeg"}],"author":"Gonzalo Schmidt","twitter_card":"summary_large_image","twitter_creator":"@InformeLitoral","twitter_site":"@InformeLitoral","twitter_misc":{"Escrito por":"Gonzalo Schmidt","Tiempo de lectura":"2 minutos"},"schema":{"@context":"https:\/\/schema.org","@graph":[{"@type":"Article","@id":"https:\/\/informelitoral.com.ar\/festival-nacional-del-chamame-intendenta-consiguio-el-apoyo-de-diputados\/#article","isPartOf":{"@id":"https:\/\/informelitoral.com.ar\/festival-nacional-del-chamame-intendenta-consiguio-el-apoyo-de-diputados\/"},"author":{"name":"Gonzalo Schmidt","@id":"https:\/\/informelitoral.com.ar\/#\/schema\/person\/b9d00407c836482871ef1d57bf8e3180"},"headline":"Festival Nacional del Chamam\u00e9: intendenta consigui\u00f3 el apoyo de Diputados","datePublished":"2025-01-28T23:48:48+00:00","mainEntityOfPage":{"@id":"https:\/\/informelitoral.com.ar\/festival-nacional-del-chamame-intendenta-consiguio-el-apoyo-de-diputados\/"},"wordCount":380,"commentCount":0,"publisher":{"@id":"https:\/\/informelitoral.com.ar\/#organization"},"image":{"@id":"https:\/\/informelitoral.com.ar\/festival-nacional-del-chamame-intendenta-consiguio-el-apoyo-de-diputados\/#primaryimage"},"thumbnailUrl":"https:\/\/informelitoral.com.ar\/%77%70%2d%63%6f%6e%74%65%6e%74\/uploads\/2025\/01\/oviedo-federal-scaled.jpg","keywords":["Diputados","Federal","Festival Nacional del Chamam\u00e9","Gustavo Hein"],"articleSection":["Politica"],"inLanguage":"es","potentialAction":[{"@type":"CommentAction","name":"Comment","target":["https:\/\/informelitoral.com.ar\/festival-nacional-del-chamame-intendenta-consiguio-el-apoyo-de-diputados\/#respond"]}]},{"@type":"WebPage","@id":"https:\/\/informelitoral.com.ar\/festival-nacional-del-chamame-intendenta-consiguio-el-apoyo-de-diputados\/","url":"https:\/\/informelitoral.com.ar\/festival-nacional-del-chamame-intendenta-consiguio-el-apoyo-de-diputados\/","name":"Festival Nacional del Chamam\u00e9: intendenta consigui\u00f3 el apoyo de Diputados - Informe Litoral","isPartOf":{"@id":"https:\/\/informelitoral.com.ar\/#website"},"primaryImageOfPage":{"@id":"https:\/\/informelitoral.com.ar\/festival-nacional-del-chamame-intendenta-consiguio-el-apoyo-de-diputados\/#primaryimage"},"image":{"@id":"https:\/\/informelitoral.com.ar\/festival-nacional-del-chamame-intendenta-consiguio-el-apoyo-de-diputados\/#primaryimage"},"thumbnailUrl":"https:\/\/informelitoral.com.ar\/%77%70%2d%63%6f%6e%74%65%6e%74\/uploads\/2025\/01\/oviedo-federal-scaled.jpg","datePublished":"2025-01-28T23:48:48+00:00","breadcrumb":{"@id":"https:\/\/informelitoral.com.ar\/festival-nacional-del-chamame-intendenta-consiguio-el-apoyo-de-diputados\/#breadcrumb"},"inLanguage":"es","potentialAction":[{"@type":"ReadAction","target":["https:\/\/informelitoral.com.ar\/festival-nacional-del-chamame-intendenta-consiguio-el-apoyo-de-diputados\/"]}]},{"@type":"ImageObject","inLanguage":"es","@id":"https:\/\/informelitoral.com.ar\/festival-nacional-del-chamame-intendenta-consiguio-el-apoyo-de-diputados\/#primaryimage","url":"https:\/\/informelitoral.com.ar\/%77%70%2d%63%6f%6e%74%65%6e%74\/uploads\/2025\/01\/oviedo-federal-scaled.jpg","contentUrl":"https:\/\/informelitoral.com.ar\/%77%70%2d%63%6f%6e%74%65%6e%74\/uploads\/2025\/01\/oviedo-federal-scaled.jpg","width":2560,"height":1473},{"@type":"BreadcrumbList","@id":"https:\/\/informelitoral.com.ar\/festival-nacional-del-chamame-intendenta-consiguio-el-apoyo-de-diputados\/#breadcrumb","itemListElement":[{"@type":"ListItem","position":1,"name":"Portada","item":"https:\/\/informelitoral.com.ar\/"},{"@type":"ListItem","position":2,"name":"Festival Nacional del Chamam\u00e9: intendenta consigui\u00f3 el apoyo de Diputados"}]},{"@type":"WebSite","@id":"https:\/\/informelitoral.com.ar\/#website","url":"https:\/\/informelitoral.com.ar\/","name":"Informe Litoral","description":"&quot;Nos informamos&quot; ","publisher":{"@id":"https:\/\/informelitoral.com.ar\/#organization"},"potentialAction":[{"@type":"SearchAction","target":{"@type":"EntryPoint","urlTemplate":"https:\/\/informelitoral.com.ar\/?s={search_term_string}"},"query-input":{"@type":"PropertyValueSpecification","valueRequired":true,"valueName":"search_term_string"}}],"inLanguage":"es"},{"@type":"Organization","@id":"https:\/\/informelitoral.com.ar\/#organization","name":"Informe Litoral","url":"https:\/\/informelitoral.com.ar\/","logo":{"@type":"ImageObject","inLanguage":"es","@id":"https:\/\/informelitoral.com.ar\/#\/schema\/logo\/image\/","url":"https:\/\/informelitoral.com.ar\/%77%70%2d%63%6f%6e%74%65%6e%74\/uploads\/2021\/01\/circulo.png","contentUrl":"https:\/\/informelitoral.com.ar\/%77%70%2d%63%6f%6e%74%65%6e%74\/uploads\/2021\/01\/circulo.png","width":723,"height":731,"caption":"Informe Litoral"},"image":{"@id":"https:\/\/informelitoral.com.ar\/#\/schema\/logo\/image\/"},"sameAs":["https:\/\/www.facebook.com\/informelitoral\/","https:\/\/x.com\/InformeLitoral","https:\/\/www.instagram.com\/informelitoral\/","https:\/\/www.youtube.com\/channel\/UCua4Qvz8Icb6MYqhoq9xLXw"]},{"@type":"Person","@id":"https:\/\/informelitoral.com.ar\/#\/schema\/person\/b9d00407c836482871ef1d57bf8e3180","name":"Gonzalo Schmidt","image":{"@type":"ImageObject","inLanguage":"es","@id":"https:\/\/secure.gravatar.com\/avatar\/31a1a7b66ff2de83bd0e9fd79d026630d2d99e55e8bfe501287647b4fd9743de?s=96&d=mm&r=g","url":"https:\/\/secure.gravatar.com\/avatar\/31a1a7b66ff2de83bd0e9fd79d026630d2d99e55e8bfe501287647b4fd9743de?s=96&d=mm&r=g","contentUrl":"https:\/\/secure.gravatar.com\/avatar\/31a1a7b66ff2de83bd0e9fd79d026630d2d99e55e8bfe501287647b4fd9743de?s=96&d=mm&r=g","caption":"Gonzalo Schmidt"},"description":"Sitio web de noticias de la provincia de Entre R\u00edos, Argentina. Informaci\u00f3n y entretenimiento. Informe Litoral, nos informamos.","sameAs":["http:\/\/www.isletasnoticias.com.ar"],"url":"https:\/\/informelitoral.com.ar\/author\/gonzalo\/"}]}},"_links":{"self":[{"href":"https:\/\/informelitoral.com.ar\/%77%70%2d%6a%73%6f%6e\/wp\/v2\/posts\/210260","targetHints":{"allow":["GET"]}}],"collection":[{"href":"https:\/\/informelitoral.com.ar\/%77%70%2d%6a%73%6f%6e\/wp\/v2\/posts"}],"about":[{"href":"https:\/\/informelitoral.com.ar\/%77%70%2d%6a%73%6f%6e\/wp\/v2\/types\/post"}],"author":[{"embeddable":true,"href":"https:\/\/informelitoral.com.ar\/%77%70%2d%6a%73%6f%6e\/wp\/v2\/users\/2"}],"replies":[{"embeddable":true,"href":"https:\/\/informelitoral.com.ar\/%77%70%2d%6a%73%6f%6e\/wp\/v2\/comments?post=210260"}],"version-history":[{"count":0,"href":"https:\/\/informelitoral.com.ar\/%77%70%2d%6a%73%6f%6e\/wp\/v2\/posts\/210260\/revisions"}],"wp:featuredmedia":[{"embeddable":true,"href":"https:\/\/informelitoral.com.ar\/%77%70%2d%6a%73%6f%6e\/wp\/v2\/media\/210261"}],"wp:attachment":[{"href":"https:\/\/informelitoral.com.ar\/%77%70%2d%6a%73%6f%6e\/wp\/v2\/media?parent=210260"}],"wp:term":[{"taxonomy":"category","embeddable":true,"href":"https:\/\/informelitoral.com.ar\/%77%70%2d%6a%73%6f%6e\/wp\/v2\/categories?post=210260"},{"taxonomy":"post_tag","embeddable":true,"href":"https:\/\/informelitoral.com.ar\/%77%70%2d%6a%73%6f%6e\/wp\/v2\/tags?post=210260"}],"curies":[{"name":"wp","href":"https:\/\/api.w.org\/{rel}","templated":true}]}}