{"id":210073,"date":"2025-01-27T10:27:58","date_gmt":"2025-01-27T13:27:58","guid":{"rendered":"https:\/\/informelitoral.com.ar\/?p=210073"},"modified":"2025-01-27T18:27:18","modified_gmt":"2025-01-27T21:27:18","slug":"se-concreto-una-nueva-donacion-de-organos-en-parana","status":"publish","type":"post","link":"https:\/\/informelitoral.com.ar\/se-concreto-una-nueva-donacion-de-organos-en-parana\/","title":{"rendered":"Se concret\u00f3 una nueva donaci\u00f3n de \u00f3rganos en Paran\u00e1"},"content":{"rendered":"<p>El equipo de Ablaci\u00f3n Regional Hep\u00e1tica realiz\u00f3 el procedimiento denominado en bloque, es decir, de un l\u00f3bulo hep\u00e1tico junto a un ri\u00f1\u00f3n, para un paciente que ten\u00eda indicado esta clase de trasplante por estar limitadas las funciones de estos dos \u00f3rganos. En tanto, los cirujanos del Centro \u00danico Coordinador de Ablaci\u00f3n e Implante de Entre R\u00edos (Cucaier) realizaron las dem\u00e1s ablaciones.<\/p>\n<p>En lo que va del a\u00f1o ya son cuatro las familias entrerrianas, sumando las donaciones de tejidos, que han dado su s\u00ed solidario en favor de personas que esperan una oportunidad de vivir con calidad. Adem\u00e1s, el escenario de la \u00faltima donaci\u00f3n muestra una vez m\u00e1s que el sistema entrerriano coordina los esfuerzos tanto p\u00fablicos como privados.<\/p>\n<p>Profesionales de la Unidad Coordinadora Paran\u00e1 del Cucaier acompa\u00f1aron a la familia en el duro momento de la p\u00e9rdida de un ser querido, posibilitando que su gesto humanitario diera nuevas esperanzas a pacientes de las listas \u00fanicas de espera del Instituto Nacional Central \u00danico Coordinador de Ablaci\u00f3n e Implante (Incucai).<\/p>\n<p>Desde el Ministerio de Salud de Entre R\u00edos se hace extensivo el agradecimiento al personal que intervino en este nuevo operativo, en especial a los Bomberos Voluntarios de la ciudad de Paran\u00e1, que fueron una pieza fundamental en la log\u00edstica para poder llevar adelante el proceso.<\/p>\n<p>A la familia, las autoridades de Salud expresan su gratitud en nombre de la sociedad en su conjunto.<\/p>\n","protected":false},"excerpt":{"rendered":"<p>En la noche de este domingo tuvo lugar en la Cl\u00ednica Modelo de la capital provincial un nuevo operativo de donaci\u00f3n de \u00f3rganos que favorecer\u00e1 a cuatro pacientes en lista de espera.<\/p>\n","protected":false},"author":8,"featured_media":206515,"comment_status":"open","ping_status":"open","sticky":false,"template":"","format":"standard","meta":{"fifu_image_url":"","fifu_image_alt":"","footnotes":""},"categories":[6],"tags":[4265,647,45],"class_list":{"0":"post-210073","1":"post","2":"type-post","3":"status-publish","4":"format-standard","5":"has-post-thumbnail","7":"category-entre-rios","8":"tag-cucaier","9":"tag-donacion-de-organos","10":"tag-parana"},"yoast_head":"<title>Se concret\u00f3 una nueva donaci\u00f3n de \u00f3rganos en Paran\u00e1 - Informe Litoral<\/title>\n<meta name=\"robots\" content=\"index, follow, max-snippet:-1, max-image-preview:large, max-video-preview:-1\" \/>\n<link rel=\"canonical\" href=\"https:\/\/informelitoral.com.ar\/se-concreto-una-nueva-donacion-de-organos-en-parana\/\" \/>\n<meta property=\"og:locale\" content=\"es_ES\" \/>\n<meta property=\"og:type\" content=\"article\" \/>\n<meta property=\"og:title\" content=\"Se concret\u00f3 una nueva donaci\u00f3n de \u00f3rganos en Paran\u00e1 - Informe Litoral\" \/>\n<meta property=\"og:description\" content=\"En la noche de este domingo tuvo lugar en la Cl\u00ednica Modelo de la capital provincial un nuevo operativo de donaci\u00f3n de \u00f3rganos que favorecer\u00e1 a cuatro pacientes en lista de espera.\" \/>\n<meta property=\"og:url\" content=\"https:\/\/informelitoral.com.ar\/se-concreto-una-nueva-donacion-de-organos-en-parana\/\" \/>\n<meta property=\"og:site_name\" content=\"Informe Litoral\" \/>\n<meta property=\"article:publisher\" content=\"https:\/\/www.facebook.com\/informelitoral\/\" \/>\n<meta property=\"article:published_time\" content=\"2025-01-27T13:27:58+00:00\" \/>\n<meta property=\"article:modified_time\" content=\"2025-01-27T21:27:18+00:00\" \/>\n<meta property=\"og:image\" content=\"https:\/\/informelitoral.com.ar\/%77%70%2d%63%6f%6e%74%65%6e%74\/uploads\/2024\/12\/Nueva-donacion-de-organos-y-tejidos-en-Parana-1.jpg\" \/>\n\t<meta property=\"og:image:width\" content=\"1920\" \/>\n\t<meta property=\"og:image:height\" content=\"1280\" \/>\n\t<meta property=\"og:image:type\" content=\"image\/jpeg\" \/>\n<meta name=\"author\" content=\"Sebastian\" \/>\n<meta name=\"twitter:card\" content=\"summary_large_image\" \/>\n<meta name=\"twitter:creator\" content=\"@InformeLitoral\" \/>\n<meta name=\"twitter:site\" content=\"@InformeLitoral\" \/>\n<meta name=\"twitter:label1\" content=\"Escrito por\" \/>\n\t<meta name=\"twitter:data1\" content=\"Sebastian\" \/>\n\t<meta name=\"twitter:label2\" content=\"Tiempo de lectura\" \/>\n\t<meta name=\"twitter:data2\" content=\"1 minuto\" \/>\n<script type=\"application\/ld+json\" class=\"yoast-schema-graph\">{\"@context\":\"https:\\\/\\\/schema.org\",\"@graph\":[{\"@type\":\"Article\",\"@id\":\"https:\\\/\\\/informelitoral.com.ar\\\/se-concreto-una-nueva-donacion-de-organos-en-parana\\\/#article\",\"isPartOf\":{\"@id\":\"https:\\\/\\\/informelitoral.com.ar\\\/se-concreto-una-nueva-donacion-de-organos-en-parana\\\/\"},\"author\":{\"name\":\"Sebastian\",\"@id\":\"https:\\\/\\\/informelitoral.com.ar\\\/#\\\/schema\\\/person\\\/f05f9f461677119578717524b127d6d5\"},\"headline\":\"Se concret\u00f3 una nueva donaci\u00f3n de \u00f3rganos en Paran\u00e1\",\"datePublished\":\"2025-01-27T13:27:58+00:00\",\"dateModified\":\"2025-01-27T21:27:18+00:00\",\"mainEntityOfPage\":{\"@id\":\"https:\\\/\\\/informelitoral.com.ar\\\/se-concreto-una-nueva-donacion-de-organos-en-parana\\\/\"},\"wordCount\":261,\"commentCount\":0,\"publisher\":{\"@id\":\"https:\\\/\\\/informelitoral.com.ar\\\/#organization\"},\"image\":{\"@id\":\"https:\\\/\\\/informelitoral.com.ar\\\/se-concreto-una-nueva-donacion-de-organos-en-parana\\\/#primaryimage\"},\"thumbnailUrl\":\"https:\\\/\\\/informelitoral.com.ar\\\/%77%70%2d%63%6f%6e%74%65%6e%74\\\/uploads\\\/2024\\\/12\\\/Nueva-donacion-de-organos-y-tejidos-en-Parana-1.jpg\",\"keywords\":[\"Cucaier\",\"Donaci\u00f3n de \u00f3rganos\",\"Paran\u00e1\"],\"articleSection\":[\"Entre R\u00edos\"],\"inLanguage\":\"es\",\"potentialAction\":[{\"@type\":\"CommentAction\",\"name\":\"Comment\",\"target\":[\"https:\\\/\\\/informelitoral.com.ar\\\/se-concreto-una-nueva-donacion-de-organos-en-parana\\\/#respond\"]}]},{\"@type\":\"WebPage\",\"@id\":\"https:\\\/\\\/informelitoral.com.ar\\\/se-concreto-una-nueva-donacion-de-organos-en-parana\\\/\",\"url\":\"https:\\\/\\\/informelitoral.com.ar\\\/se-concreto-una-nueva-donacion-de-organos-en-parana\\\/\",\"name\":\"Se concret\u00f3 una nueva donaci\u00f3n de \u00f3rganos en Paran\u00e1 - Informe Litoral\",\"isPartOf\":{\"@id\":\"https:\\\/\\\/informelitoral.com.ar\\\/#website\"},\"primaryImageOfPage\":{\"@id\":\"https:\\\/\\\/informelitoral.com.ar\\\/se-concreto-una-nueva-donacion-de-organos-en-parana\\\/#primaryimage\"},\"image\":{\"@id\":\"https:\\\/\\\/informelitoral.com.ar\\\/se-concreto-una-nueva-donacion-de-organos-en-parana\\\/#primaryimage\"},\"thumbnailUrl\":\"https:\\\/\\\/informelitoral.com.ar\\\/%77%70%2d%63%6f%6e%74%65%6e%74\\\/uploads\\\/2024\\\/12\\\/Nueva-donacion-de-organos-y-tejidos-en-Parana-1.jpg\",\"datePublished\":\"2025-01-27T13:27:58+00:00\",\"dateModified\":\"2025-01-27T21:27:18+00:00\",\"breadcrumb\":{\"@id\":\"https:\\\/\\\/informelitoral.com.ar\\\/se-concreto-una-nueva-donacion-de-organos-en-parana\\\/#breadcrumb\"},\"inLanguage\":\"es\",\"potentialAction\":[{\"@type\":\"ReadAction\",\"target\":[\"https:\\\/\\\/informelitoral.com.ar\\\/se-concreto-una-nueva-donacion-de-organos-en-parana\\\/\"]}]},{\"@type\":\"ImageObject\",\"inLanguage\":\"es\",\"@id\":\"https:\\\/\\\/informelitoral.com.ar\\\/se-concreto-una-nueva-donacion-de-organos-en-parana\\\/#primaryimage\",\"url\":\"https:\\\/\\\/informelitoral.com.ar\\\/%77%70%2d%63%6f%6e%74%65%6e%74\\\/uploads\\\/2024\\\/12\\\/Nueva-donacion-de-organos-y-tejidos-en-Parana-1.jpg\",\"contentUrl\":\"https:\\\/\\\/informelitoral.com.ar\\\/%77%70%2d%63%6f%6e%74%65%6e%74\\\/uploads\\\/2024\\\/12\\\/Nueva-donacion-de-organos-y-tejidos-en-Parana-1.jpg\",\"width\":1920,\"height\":1280},{\"@type\":\"BreadcrumbList\",\"@id\":\"https:\\\/\\\/informelitoral.com.ar\\\/se-concreto-una-nueva-donacion-de-organos-en-parana\\\/#breadcrumb\",\"itemListElement\":[{\"@type\":\"ListItem\",\"position\":1,\"name\":\"Portada\",\"item\":\"https:\\\/\\\/informelitoral.com.ar\\\/\"},{\"@type\":\"ListItem\",\"position\":2,\"name\":\"Se concret\u00f3 una nueva donaci\u00f3n de \u00f3rganos en Paran\u00e1\"}]},{\"@type\":\"WebSite\",\"@id\":\"https:\\\/\\\/informelitoral.com.ar\\\/#website\",\"url\":\"https:\\\/\\\/informelitoral.com.ar\\\/\",\"name\":\"Informe Litoral\",\"description\":\"&quot;Nos informamos&quot; \",\"publisher\":{\"@id\":\"https:\\\/\\\/informelitoral.com.ar\\\/#organization\"},\"potentialAction\":[{\"@type\":\"SearchAction\",\"target\":{\"@type\":\"EntryPoint\",\"urlTemplate\":\"https:\\\/\\\/informelitoral.com.ar\\\/?s={search_term_string}\"},\"query-input\":{\"@type\":\"PropertyValueSpecification\",\"valueRequired\":true,\"valueName\":\"search_term_string\"}}],\"inLanguage\":\"es\"},{\"@type\":\"Organization\",\"@id\":\"https:\\\/\\\/informelitoral.com.ar\\\/#organization\",\"name\":\"Informe Litoral\",\"url\":\"https:\\\/\\\/informelitoral.com.ar\\\/\",\"logo\":{\"@type\":\"ImageObject\",\"inLanguage\":\"es\",\"@id\":\"https:\\\/\\\/informelitoral.com.ar\\\/#\\\/schema\\\/logo\\\/image\\\/\",\"url\":\"https:\\\/\\\/informelitoral.com.ar\\\/%77%70%2d%63%6f%6e%74%65%6e%74\\\/uploads\\\/2021\\\/01\\\/circulo.png\",\"contentUrl\":\"https:\\\/\\\/informelitoral.com.ar\\\/%77%70%2d%63%6f%6e%74%65%6e%74\\\/uploads\\\/2021\\\/01\\\/circulo.png\",\"width\":723,\"height\":731,\"caption\":\"Informe Litoral\"},\"image\":{\"@id\":\"https:\\\/\\\/informelitoral.com.ar\\\/#\\\/schema\\\/logo\\\/image\\\/\"},\"sameAs\":[\"https:\\\/\\\/www.facebook.com\\\/informelitoral\\\/\",\"https:\\\/\\\/x.com\\\/InformeLitoral\",\"https:\\\/\\\/www.instagram.com\\\/informelitoral\\\/\",\"https:\\\/\\\/www.youtube.com\\\/channel\\\/UCua4Qvz8Icb6MYqhoq9xLXw\"]},{\"@type\":\"Person\",\"@id\":\"https:\\\/\\\/informelitoral.com.ar\\\/#\\\/schema\\\/person\\\/f05f9f461677119578717524b127d6d5\",\"name\":\"Sebastian\",\"image\":{\"@type\":\"ImageObject\",\"inLanguage\":\"es\",\"@id\":\"https:\\\/\\\/secure.gravatar.com\\\/avatar\\\/b71bf7481d447dfb9583c7f2798e7cc64de6efb9067b74633ed8c31059a3bd82?s=96&d=mm&r=g\",\"url\":\"https:\\\/\\\/secure.gravatar.com\\\/avatar\\\/b71bf7481d447dfb9583c7f2798e7cc64de6efb9067b74633ed8c31059a3bd82?s=96&d=mm&r=g\",\"contentUrl\":\"https:\\\/\\\/secure.gravatar.com\\\/avatar\\\/b71bf7481d447dfb9583c7f2798e7cc64de6efb9067b74633ed8c31059a3bd82?s=96&d=mm&r=g\",\"caption\":\"Sebastian\"},\"url\":\"https:\\\/\\\/informelitoral.com.ar\\\/author\\\/sebastian\\\/\"}]}<\/script>","yoast_head_json":{"title":"Se concret\u00f3 una nueva donaci\u00f3n de \u00f3rganos en Paran\u00e1 - Informe Litoral","robots":{"index":"index","follow":"follow","max-snippet":"max-snippet:-1","max-image-preview":"max-image-preview:large","max-video-preview":"max-video-preview:-1"},"canonical":"https:\/\/informelitoral.com.ar\/se-concreto-una-nueva-donacion-de-organos-en-parana\/","og_locale":"es_ES","og_type":"article","og_title":"Se concret\u00f3 una nueva donaci\u00f3n de \u00f3rganos en Paran\u00e1 - Informe Litoral","og_description":"En la noche de este domingo tuvo lugar en la Cl\u00ednica Modelo de la capital provincial un nuevo operativo de donaci\u00f3n de \u00f3rganos que favorecer\u00e1 a cuatro pacientes en lista de espera.","og_url":"https:\/\/informelitoral.com.ar\/se-concreto-una-nueva-donacion-de-organos-en-parana\/","og_site_name":"Informe Litoral","article_publisher":"https:\/\/www.facebook.com\/informelitoral\/","article_published_time":"2025-01-27T13:27:58+00:00","article_modified_time":"2025-01-27T21:27:18+00:00","og_image":[{"width":1920,"height":1280,"url":"https:\/\/informelitoral.com.ar\/%77%70%2d%63%6f%6e%74%65%6e%74\/uploads\/2024\/12\/Nueva-donacion-de-organos-y-tejidos-en-Parana-1.jpg","type":"image\/jpeg"}],"author":"Sebastian","twitter_card":"summary_large_image","twitter_creator":"@InformeLitoral","twitter_site":"@InformeLitoral","twitter_misc":{"Escrito por":"Sebastian","Tiempo de lectura":"1 minuto"},"schema":{"@context":"https:\/\/schema.org","@graph":[{"@type":"Article","@id":"https:\/\/informelitoral.com.ar\/se-concreto-una-nueva-donacion-de-organos-en-parana\/#article","isPartOf":{"@id":"https:\/\/informelitoral.com.ar\/se-concreto-una-nueva-donacion-de-organos-en-parana\/"},"author":{"name":"Sebastian","@id":"https:\/\/informelitoral.com.ar\/#\/schema\/person\/f05f9f461677119578717524b127d6d5"},"headline":"Se concret\u00f3 una nueva donaci\u00f3n de \u00f3rganos en Paran\u00e1","datePublished":"2025-01-27T13:27:58+00:00","dateModified":"2025-01-27T21:27:18+00:00","mainEntityOfPage":{"@id":"https:\/\/informelitoral.com.ar\/se-concreto-una-nueva-donacion-de-organos-en-parana\/"},"wordCount":261,"commentCount":0,"publisher":{"@id":"https:\/\/informelitoral.com.ar\/#organization"},"image":{"@id":"https:\/\/informelitoral.com.ar\/se-concreto-una-nueva-donacion-de-organos-en-parana\/#primaryimage"},"thumbnailUrl":"https:\/\/informelitoral.com.ar\/%77%70%2d%63%6f%6e%74%65%6e%74\/uploads\/2024\/12\/Nueva-donacion-de-organos-y-tejidos-en-Parana-1.jpg","keywords":["Cucaier","Donaci\u00f3n de \u00f3rganos","Paran\u00e1"],"articleSection":["Entre R\u00edos"],"inLanguage":"es","potentialAction":[{"@type":"CommentAction","name":"Comment","target":["https:\/\/informelitoral.com.ar\/se-concreto-una-nueva-donacion-de-organos-en-parana\/#respond"]}]},{"@type":"WebPage","@id":"https:\/\/informelitoral.com.ar\/se-concreto-una-nueva-donacion-de-organos-en-parana\/","url":"https:\/\/informelitoral.com.ar\/se-concreto-una-nueva-donacion-de-organos-en-parana\/","name":"Se concret\u00f3 una nueva donaci\u00f3n de \u00f3rganos en Paran\u00e1 - Informe Litoral","isPartOf":{"@id":"https:\/\/informelitoral.com.ar\/#website"},"primaryImageOfPage":{"@id":"https:\/\/informelitoral.com.ar\/se-concreto-una-nueva-donacion-de-organos-en-parana\/#primaryimage"},"image":{"@id":"https:\/\/informelitoral.com.ar\/se-concreto-una-nueva-donacion-de-organos-en-parana\/#primaryimage"},"thumbnailUrl":"https:\/\/informelitoral.com.ar\/%77%70%2d%63%6f%6e%74%65%6e%74\/uploads\/2024\/12\/Nueva-donacion-de-organos-y-tejidos-en-Parana-1.jpg","datePublished":"2025-01-27T13:27:58+00:00","dateModified":"2025-01-27T21:27:18+00:00","breadcrumb":{"@id":"https:\/\/informelitoral.com.ar\/se-concreto-una-nueva-donacion-de-organos-en-parana\/#breadcrumb"},"inLanguage":"es","potentialAction":[{"@type":"ReadAction","target":["https:\/\/informelitoral.com.ar\/se-concreto-una-nueva-donacion-de-organos-en-parana\/"]}]},{"@type":"ImageObject","inLanguage":"es","@id":"https:\/\/informelitoral.com.ar\/se-concreto-una-nueva-donacion-de-organos-en-parana\/#primaryimage","url":"https:\/\/informelitoral.com.ar\/%77%70%2d%63%6f%6e%74%65%6e%74\/uploads\/2024\/12\/Nueva-donacion-de-organos-y-tejidos-en-Parana-1.jpg","contentUrl":"https:\/\/informelitoral.com.ar\/%77%70%2d%63%6f%6e%74%65%6e%74\/uploads\/2024\/12\/Nueva-donacion-de-organos-y-tejidos-en-Parana-1.jpg","width":1920,"height":1280},{"@type":"BreadcrumbList","@id":"https:\/\/informelitoral.com.ar\/se-concreto-una-nueva-donacion-de-organos-en-parana\/#breadcrumb","itemListElement":[{"@type":"ListItem","position":1,"name":"Portada","item":"https:\/\/informelitoral.com.ar\/"},{"@type":"ListItem","position":2,"name":"Se concret\u00f3 una nueva donaci\u00f3n de \u00f3rganos en Paran\u00e1"}]},{"@type":"WebSite","@id":"https:\/\/informelitoral.com.ar\/#website","url":"https:\/\/informelitoral.com.ar\/","name":"Informe Litoral","description":"&quot;Nos informamos&quot; ","publisher":{"@id":"https:\/\/informelitoral.com.ar\/#organization"},"potentialAction":[{"@type":"SearchAction","target":{"@type":"EntryPoint","urlTemplate":"https:\/\/informelitoral.com.ar\/?s={search_term_string}"},"query-input":{"@type":"PropertyValueSpecification","valueRequired":true,"valueName":"search_term_string"}}],"inLanguage":"es"},{"@type":"Organization","@id":"https:\/\/informelitoral.com.ar\/#organization","name":"Informe Litoral","url":"https:\/\/informelitoral.com.ar\/","logo":{"@type":"ImageObject","inLanguage":"es","@id":"https:\/\/informelitoral.com.ar\/#\/schema\/logo\/image\/","url":"https:\/\/informelitoral.com.ar\/%77%70%2d%63%6f%6e%74%65%6e%74\/uploads\/2021\/01\/circulo.png","contentUrl":"https:\/\/informelitoral.com.ar\/%77%70%2d%63%6f%6e%74%65%6e%74\/uploads\/2021\/01\/circulo.png","width":723,"height":731,"caption":"Informe Litoral"},"image":{"@id":"https:\/\/informelitoral.com.ar\/#\/schema\/logo\/image\/"},"sameAs":["https:\/\/www.facebook.com\/informelitoral\/","https:\/\/x.com\/InformeLitoral","https:\/\/www.instagram.com\/informelitoral\/","https:\/\/www.youtube.com\/channel\/UCua4Qvz8Icb6MYqhoq9xLXw"]},{"@type":"Person","@id":"https:\/\/informelitoral.com.ar\/#\/schema\/person\/f05f9f461677119578717524b127d6d5","name":"Sebastian","image":{"@type":"ImageObject","inLanguage":"es","@id":"https:\/\/secure.gravatar.com\/avatar\/b71bf7481d447dfb9583c7f2798e7cc64de6efb9067b74633ed8c31059a3bd82?s=96&d=mm&r=g","url":"https:\/\/secure.gravatar.com\/avatar\/b71bf7481d447dfb9583c7f2798e7cc64de6efb9067b74633ed8c31059a3bd82?s=96&d=mm&r=g","contentUrl":"https:\/\/secure.gravatar.com\/avatar\/b71bf7481d447dfb9583c7f2798e7cc64de6efb9067b74633ed8c31059a3bd82?s=96&d=mm&r=g","caption":"Sebastian"},"url":"https:\/\/informelitoral.com.ar\/author\/sebastian\/"}]}},"_links":{"self":[{"href":"https:\/\/informelitoral.com.ar\/%77%70%2d%6a%73%6f%6e\/wp\/v2\/posts\/210073","targetHints":{"allow":["GET"]}}],"collection":[{"href":"https:\/\/informelitoral.com.ar\/%77%70%2d%6a%73%6f%6e\/wp\/v2\/posts"}],"about":[{"href":"https:\/\/informelitoral.com.ar\/%77%70%2d%6a%73%6f%6e\/wp\/v2\/types\/post"}],"author":[{"embeddable":true,"href":"https:\/\/informelitoral.com.ar\/%77%70%2d%6a%73%6f%6e\/wp\/v2\/users\/8"}],"replies":[{"embeddable":true,"href":"https:\/\/informelitoral.com.ar\/%77%70%2d%6a%73%6f%6e\/wp\/v2\/comments?post=210073"}],"version-history":[{"count":0,"href":"https:\/\/informelitoral.com.ar\/%77%70%2d%6a%73%6f%6e\/wp\/v2\/posts\/210073\/revisions"}],"wp:featuredmedia":[{"embeddable":true,"href":"https:\/\/informelitoral.com.ar\/%77%70%2d%6a%73%6f%6e\/wp\/v2\/media\/206515"}],"wp:attachment":[{"href":"https:\/\/informelitoral.com.ar\/%77%70%2d%6a%73%6f%6e\/wp\/v2\/media?parent=210073"}],"wp:term":[{"taxonomy":"category","embeddable":true,"href":"https:\/\/informelitoral.com.ar\/%77%70%2d%6a%73%6f%6e\/wp\/v2\/categories?post=210073"},{"taxonomy":"post_tag","embeddable":true,"href":"https:\/\/informelitoral.com.ar\/%77%70%2d%6a%73%6f%6e\/wp\/v2\/tags?post=210073"}],"curies":[{"name":"wp","href":"https:\/\/api.w.org\/{rel}","templated":true}]}}