{"id":209990,"date":"2025-01-27T07:22:33","date_gmt":"2025-01-27T10:22:33","guid":{"rendered":"https:\/\/informelitoral.com.ar\/?p=209990"},"modified":"2025-01-27T07:22:33","modified_gmt":"2025-01-27T10:22:33","slug":"retenciones-ya-rige-la-baja-pero-para-acceder-hay-una-condicion","status":"publish","type":"post","link":"https:\/\/informelitoral.com.ar\/retenciones-ya-rige-la-baja-pero-para-acceder-hay-una-condicion\/","title":{"rendered":"Retenciones: ya rige la baja pero para acceder hay una condici\u00f3n"},"content":{"rendered":"<p class=\"com-paragraph   --s\"><a href=\"https:\/\/informelitoral.com.ar\/el-gobierno-anuncio-la-baja-de-retenciones-hasta-la-mitad-de-ano\/\" target=\"_blank\" rel=\"noopener\"><strong>La baja de las retenciones pas\u00f3 de anuncio a medida<\/strong>.<\/a> Finalmente, aquellas palabras del ministro de Econom\u00eda, <strong>Luis Caputo,<\/strong> del jueves pasado se convirtieron en el decreto 38\/25 que se public\u00f3 en el Bolet\u00edn Oficial que empezar\u00e1 a regir hoy mismo. Es decir,<strong>\u00a0hasta el 30 de junio, los productos exportables m\u00e1s importantes que vende al exterior el campo argentino pagar\u00e1n menos derechos de exportaci\u00f3n.<\/strong><\/p>\n<p class=\"com-paragraph   --s\">Ahora bien,\u00a0<strong>no todos acceder\u00e1n a la rebaja<\/strong>. Sucede que la misma norma,\u00a0<strong>firmada por el presidente Javier Milei, el Jefe de Gabinete, Guillermo Francos, y Caputo,<\/strong>\u00a0establece una condici\u00f3n para tributar menos por cada tonelada exportada. Las\u00a0<strong>cerealeras\u00a0<\/strong>o las empresas que vendan fuera de las fronteras argentina deber\u00e1n adherirse al r\u00e9gimen, hacer una nueva declaraci\u00f3n jurada con los vol\u00famenes y luego, liquidar al menos el 95% de lo declarado en 15 d\u00edas h\u00e1biles. De no ser as\u00ed, las retenciones que se cobran son las vigentes hasta ayer.<\/p>\n<p class=\"com-paragraph   --s\">As\u00ed las cosas,\u00a0<strong>la soja paso de 33% a 26%<\/strong>\u00a0y sus derivados de 31% a 24,5% la al\u00edcuota; el trigo de 12% a 9,5%; la cebada, de 12% a 9,5%; el sorgo, 12% a 9,5%; el ma\u00edz, de 12% a 9,5% y el girasol, que estaba en 7 puntos, pas\u00f3 a 5,5. En uno de los anexos, adem\u00e1s, se mencionan los productos de las econom\u00edas regionales que pasan a cero, como el\u00a0<strong>az\u00facar, el algod\u00f3n, el cuero bovino, el tabaco, los derivados de la forestoindustria y el arroz<\/strong>, entre otros productos.<\/p>\n<p class=\"com-paragraph   --s\">\u201cUno de los\u00a0<strong>objetivos de la gesti\u00f3n es potenciar la inserci\u00f3n internacional de la Argentina<\/strong>, acompa\u00f1ada de un incremento de las exportaciones agroindustriales que hoy representan m\u00e1s del 60% del total exportado por el pa\u00eds y que en el a\u00f1o 2024 han mostrado una performance positiva con un crecimiento en valor superior al 25% respecto del a\u00f1o anterior\u201d, dice la norma.<\/p>\n<blockquote class=\"wp-embedded-content\" data-secret=\"SANiYeFFDR\"><p><a href=\"https:\/\/informelitoral.com.ar\/andrea-sarnari-considero-que-la-baja-de-retenciones-tiene-sabor-a-poco\/\">Andrea Sarnari consider\u00f3 que la baja de retenciones \u00abtiene sabor a poco\u00bb<\/a><\/p><\/blockquote>\n<p><iframe loading=\"lazy\" class=\"wp-embedded-content\" sandbox=\"allow-scripts\" security=\"restricted\" style=\"position: absolute; visibility: hidden;\" title=\"\u00abAndrea Sarnari consider\u00f3 que la baja de retenciones \u00abtiene sabor a poco\u00bb\u00bb \u2014 Informe Litoral\" src=\"https:\/\/informelitoral.com.ar\/andrea-sarnari-considero-que-la-baja-de-retenciones-tiene-sabor-a-poco\/embed\/#?secret=ASU3RO7Wrh#?secret=SANiYeFFDR\" data-secret=\"SANiYeFFDR\" width=\"600\" height=\"338\" frameborder=\"0\" marginwidth=\"0\" marginheight=\"0\" scrolling=\"no\"><\/iframe><\/p>\n<p>&nbsp;<\/p>\n<p class=\"com-paragraph   --s\">Adem\u00e1s, en un peque\u00f1o gui\u00f1o a los argumentos del sector, dice que \u201cel pa\u00eds se encuentra\u00a0<strong>transitando efectos clim\u00e1ticos adversos<\/strong>, afectando el rendimiento de los cultivos agr\u00edcolas, que causan p\u00e9rdidas en la producci\u00f3n agropecuaria\u201d y que a esta adversidad se suma la\u00a0<strong>baja de los precios internacionales,<\/strong>\u00a0que \u201crequiere de la instrumentaci\u00f3n de pol\u00edticas que permitan no solo su recuperaci\u00f3n a corto plazo sino la mejora de su perspectiva de exportaci\u00f3n\u201d. Para decorar, el decreto sostiene que el sector agroindustrial \u201cconstituye una de las\u00a0<strong>principales fuentes de generaci\u00f3n de divisas, de desarrollo regional y de empleo, contribuyendo al fortalecimiento de las reservas internacionales del estado nacional<\/strong>. \u00bfPor qu\u00e9 eso de peque\u00f1o gui\u00f1o? Pues porque los hombres de campo dejaban para segundo y tercer lugar esa argumentaci\u00f3n. La primera era, y es el peso de los impuestos, tanto nacionales como provinciales y hasta municipales.<\/p>\n<h2 class=\"com-title --font-primary --xl --font-extra\"><strong>Un tiempo para liquidar<\/strong><\/h2>\n<p class=\"com-paragraph   --s\">Pero, m\u00e1s all\u00e1 de la necesidad de que empiece a regir la medida,<strong>\u00a0la principal duda estaba puesta en los alcances.<\/strong>\u00a0Y como se esperaba, hay una cantidad y un tiempo para liquidar el la exportaci\u00f3n para acceder a los nuevos valores temporales.<\/p>\n<p class=\"com-paragraph   --s\">La norma dice que podr\u00e1n tener una rebaja en la al\u00edcuota previa adhesi\u00f3n\u00a0<strong>\u201ca trav\u00e9s de los mecanismos que establezca la Agencia de Recaudaci\u00f3n y Control Aduanero (ARCA)<\/strong>\u201d. En el sector creen que ser\u00e1 a trav\u00e9s de una<strong>\u00a0nueva declaraci\u00f3n jurada de exportaciones\u00a0<\/strong>y que seguramente, se har\u00e1 de forma remota. Para eso falta la palabra del organismo liquidador. Completado ese requisito, acceder\u00e1n los que \u201c<strong>liquiden al menos el 95% de las divisas respecto<\/strong>\u00a0de esas mercader\u00edas en un plazo comprendido entre la entrada en vigencia de la presente medida y\u00a0<strong>hasta 15 d\u00edas h\u00e1biles de efectuada la declaraci\u00f3n<\/strong>, sea por sea por cobros de exportaciones, anticipos de liquidaci\u00f3n, supuestos de prefinanciaci\u00f3n o postfinanciaci\u00f3n externa. Quienes no cumplan el requisito, deber\u00e1n tributar \u201cla al\u00edcuota del derecho de exportaci\u00f3n que corresponda a la posici\u00f3n arancelaria de que se trate, vigente el d\u00eda anterior al de la entrada en vigencia de la presente medida\u201d. Es decir,\u00a0<strong>liquidar en 15 d\u00edas h\u00e1biles o no tener rebaja en las retenciones.<\/strong><\/p>\n<p class=\"com-paragraph   --s\">\u201cEl tratamiento arancelario establecido en el art\u00edculo 2\u00b0 de esta medida ser\u00e1 de aplicaci\u00f3n efectiva respecto de quienes presenten las\u00a0<strong>Declaraciones Juradas de Venta al Exterior (DJVE) o bien oficialicen el permiso de embarque,\u00a0<\/strong>seg\u00fan corresponda, desde la entrada en vigencia del presente decreto y hasta el 30 de junio del a\u00f1o 2025, inclusive\u201d, dice la norma.<\/p>\n<p class=\"com-paragraph   --s\">Otro de los puntos que queda claro es la temporalidad.\u00a0<strong>Tal como est\u00e1 redactado, el 30 de junio no ser\u00e1 necesario otro decreto para que las cosas regresen al estado anterior<\/strong>. El paso del tiempo, el cumplimiento del plazo ya genera la suba autom\u00e1tica. Falta casi medio a\u00f1o. Entonces, la Argentina en campa\u00f1a electoral ser\u00e1 otra y los n\u00fameros fiscales tendr\u00e1n ya una tendencia anual. Ser\u00e1 otro momento y habr\u00e1 otras decisiones. <em>(Fuente: La Naci\u00f3n)<\/em><\/p>\n","protected":false},"excerpt":{"rendered":"<p>El Gobierno public\u00f3 el decreto en el Bolet\u00edn Oficial donde se detalla cu\u00e1nto tributar\u00e1 cada uno de los productos; para acceder al beneficio, que se extiende hasta el 30 de junio, hay que liquidar el 95% de lo que se declar\u00f3 en 15 d\u00edas h\u00e1biles.<\/p>\n","protected":false},"author":2,"featured_media":72670,"comment_status":"open","ping_status":"open","sticky":false,"template":"","format":"standard","meta":{"fifu_image_url":"","fifu_image_alt":"","footnotes":""},"categories":[10],"tags":[2261,233,157,3366],"class_list":{"0":"post-209990","1":"post","2":"type-post","3":"status-publish","4":"format-standard","5":"has-post-thumbnail","7":"category-campo","8":"tag-agroexportaciones","9":"tag-gobierno-nacional","10":"tag-retenciones","11":"tag-retenciones-de-exportaciones"},"yoast_head":"<title>Retenciones: ya rige la baja pero para acceder hay una condici\u00f3n - Informe Litoral<\/title>\n<meta name=\"robots\" content=\"index, follow, max-snippet:-1, max-image-preview:large, max-video-preview:-1\" \/>\n<link rel=\"canonical\" href=\"https:\/\/informelitoral.com.ar\/retenciones-ya-rige-la-baja-pero-para-acceder-hay-una-condicion\/\" \/>\n<meta property=\"og:locale\" content=\"es_ES\" \/>\n<meta property=\"og:type\" content=\"article\" \/>\n<meta property=\"og:title\" content=\"Retenciones: ya rige la baja pero para acceder hay una condici\u00f3n - Informe Litoral\" \/>\n<meta property=\"og:description\" content=\"El Gobierno public\u00f3 el decreto en el Bolet\u00edn Oficial donde se detalla cu\u00e1nto tributar\u00e1 cada uno de los productos; para acceder al beneficio, que se extiende hasta el 30 de junio, hay que liquidar el 95% de lo que se declar\u00f3 en 15 d\u00edas h\u00e1biles.\" \/>\n<meta property=\"og:url\" content=\"https:\/\/informelitoral.com.ar\/retenciones-ya-rige-la-baja-pero-para-acceder-hay-una-condicion\/\" \/>\n<meta property=\"og:site_name\" content=\"Informe Litoral\" \/>\n<meta property=\"article:publisher\" content=\"https:\/\/www.facebook.com\/informelitoral\/\" \/>\n<meta property=\"article:published_time\" content=\"2025-01-27T10:22:33+00:00\" \/>\n<meta property=\"og:image\" content=\"https:\/\/informelitoral.com.ar\/%77%70%2d%63%6f%6e%74%65%6e%74\/uploads\/2022\/03\/cosecha_de_soja_0.jpg\" \/>\n\t<meta property=\"og:image:width\" content=\"1330\" \/>\n\t<meta property=\"og:image:height\" content=\"880\" \/>\n\t<meta property=\"og:image:type\" content=\"image\/jpeg\" \/>\n<meta name=\"author\" content=\"Gonzalo Schmidt\" \/>\n<meta name=\"twitter:card\" content=\"summary_large_image\" \/>\n<meta name=\"twitter:creator\" content=\"@InformeLitoral\" \/>\n<meta name=\"twitter:site\" content=\"@InformeLitoral\" \/>\n<meta name=\"twitter:label1\" content=\"Escrito por\" \/>\n\t<meta name=\"twitter:data1\" content=\"Gonzalo Schmidt\" \/>\n\t<meta name=\"twitter:label2\" content=\"Tiempo de lectura\" \/>\n\t<meta name=\"twitter:data2\" content=\"4 minutos\" \/>\n<script type=\"application\/ld+json\" class=\"yoast-schema-graph\">{\"@context\":\"https:\\\/\\\/schema.org\",\"@graph\":[{\"@type\":\"Article\",\"@id\":\"https:\\\/\\\/informelitoral.com.ar\\\/retenciones-ya-rige-la-baja-pero-para-acceder-hay-una-condicion\\\/#article\",\"isPartOf\":{\"@id\":\"https:\\\/\\\/informelitoral.com.ar\\\/retenciones-ya-rige-la-baja-pero-para-acceder-hay-una-condicion\\\/\"},\"author\":{\"name\":\"Gonzalo Schmidt\",\"@id\":\"https:\\\/\\\/informelitoral.com.ar\\\/#\\\/schema\\\/person\\\/b9d00407c836482871ef1d57bf8e3180\"},\"headline\":\"Retenciones: ya rige la baja pero para acceder hay una condici\u00f3n\",\"datePublished\":\"2025-01-27T10:22:33+00:00\",\"mainEntityOfPage\":{\"@id\":\"https:\\\/\\\/informelitoral.com.ar\\\/retenciones-ya-rige-la-baja-pero-para-acceder-hay-una-condicion\\\/\"},\"wordCount\":861,\"commentCount\":0,\"publisher\":{\"@id\":\"https:\\\/\\\/informelitoral.com.ar\\\/#organization\"},\"image\":{\"@id\":\"https:\\\/\\\/informelitoral.com.ar\\\/retenciones-ya-rige-la-baja-pero-para-acceder-hay-una-condicion\\\/#primaryimage\"},\"thumbnailUrl\":\"https:\\\/\\\/informelitoral.com.ar\\\/%77%70%2d%63%6f%6e%74%65%6e%74\\\/uploads\\\/2022\\\/03\\\/cosecha_de_soja_0.jpg\",\"keywords\":[\"Agroexportaciones\",\"Gobierno nacional\",\"Retenciones\",\"Retenciones de exportaciones\"],\"articleSection\":[\"Campo\"],\"inLanguage\":\"es\",\"potentialAction\":[{\"@type\":\"CommentAction\",\"name\":\"Comment\",\"target\":[\"https:\\\/\\\/informelitoral.com.ar\\\/retenciones-ya-rige-la-baja-pero-para-acceder-hay-una-condicion\\\/#respond\"]}]},{\"@type\":\"WebPage\",\"@id\":\"https:\\\/\\\/informelitoral.com.ar\\\/retenciones-ya-rige-la-baja-pero-para-acceder-hay-una-condicion\\\/\",\"url\":\"https:\\\/\\\/informelitoral.com.ar\\\/retenciones-ya-rige-la-baja-pero-para-acceder-hay-una-condicion\\\/\",\"name\":\"Retenciones: ya rige la baja pero para acceder hay una condici\u00f3n - Informe Litoral\",\"isPartOf\":{\"@id\":\"https:\\\/\\\/informelitoral.com.ar\\\/#website\"},\"primaryImageOfPage\":{\"@id\":\"https:\\\/\\\/informelitoral.com.ar\\\/retenciones-ya-rige-la-baja-pero-para-acceder-hay-una-condicion\\\/#primaryimage\"},\"image\":{\"@id\":\"https:\\\/\\\/informelitoral.com.ar\\\/retenciones-ya-rige-la-baja-pero-para-acceder-hay-una-condicion\\\/#primaryimage\"},\"thumbnailUrl\":\"https:\\\/\\\/informelitoral.com.ar\\\/%77%70%2d%63%6f%6e%74%65%6e%74\\\/uploads\\\/2022\\\/03\\\/cosecha_de_soja_0.jpg\",\"datePublished\":\"2025-01-27T10:22:33+00:00\",\"breadcrumb\":{\"@id\":\"https:\\\/\\\/informelitoral.com.ar\\\/retenciones-ya-rige-la-baja-pero-para-acceder-hay-una-condicion\\\/#breadcrumb\"},\"inLanguage\":\"es\",\"potentialAction\":[{\"@type\":\"ReadAction\",\"target\":[\"https:\\\/\\\/informelitoral.com.ar\\\/retenciones-ya-rige-la-baja-pero-para-acceder-hay-una-condicion\\\/\"]}]},{\"@type\":\"ImageObject\",\"inLanguage\":\"es\",\"@id\":\"https:\\\/\\\/informelitoral.com.ar\\\/retenciones-ya-rige-la-baja-pero-para-acceder-hay-una-condicion\\\/#primaryimage\",\"url\":\"https:\\\/\\\/informelitoral.com.ar\\\/%77%70%2d%63%6f%6e%74%65%6e%74\\\/uploads\\\/2022\\\/03\\\/cosecha_de_soja_0.jpg\",\"contentUrl\":\"https:\\\/\\\/informelitoral.com.ar\\\/%77%70%2d%63%6f%6e%74%65%6e%74\\\/uploads\\\/2022\\\/03\\\/cosecha_de_soja_0.jpg\",\"width\":1330,\"height\":880},{\"@type\":\"BreadcrumbList\",\"@id\":\"https:\\\/\\\/informelitoral.com.ar\\\/retenciones-ya-rige-la-baja-pero-para-acceder-hay-una-condicion\\\/#breadcrumb\",\"itemListElement\":[{\"@type\":\"ListItem\",\"position\":1,\"name\":\"Portada\",\"item\":\"https:\\\/\\\/informelitoral.com.ar\\\/\"},{\"@type\":\"ListItem\",\"position\":2,\"name\":\"Retenciones: ya rige la baja pero para acceder hay una condici\u00f3n\"}]},{\"@type\":\"WebSite\",\"@id\":\"https:\\\/\\\/informelitoral.com.ar\\\/#website\",\"url\":\"https:\\\/\\\/informelitoral.com.ar\\\/\",\"name\":\"Informe Litoral\",\"description\":\"&quot;Nos informamos&quot; \",\"publisher\":{\"@id\":\"https:\\\/\\\/informelitoral.com.ar\\\/#organization\"},\"potentialAction\":[{\"@type\":\"SearchAction\",\"target\":{\"@type\":\"EntryPoint\",\"urlTemplate\":\"https:\\\/\\\/informelitoral.com.ar\\\/?s={search_term_string}\"},\"query-input\":{\"@type\":\"PropertyValueSpecification\",\"valueRequired\":true,\"valueName\":\"search_term_string\"}}],\"inLanguage\":\"es\"},{\"@type\":\"Organization\",\"@id\":\"https:\\\/\\\/informelitoral.com.ar\\\/#organization\",\"name\":\"Informe Litoral\",\"url\":\"https:\\\/\\\/informelitoral.com.ar\\\/\",\"logo\":{\"@type\":\"ImageObject\",\"inLanguage\":\"es\",\"@id\":\"https:\\\/\\\/informelitoral.com.ar\\\/#\\\/schema\\\/logo\\\/image\\\/\",\"url\":\"https:\\\/\\\/informelitoral.com.ar\\\/%77%70%2d%63%6f%6e%74%65%6e%74\\\/uploads\\\/2021\\\/01\\\/circulo.png\",\"contentUrl\":\"https:\\\/\\\/informelitoral.com.ar\\\/%77%70%2d%63%6f%6e%74%65%6e%74\\\/uploads\\\/2021\\\/01\\\/circulo.png\",\"width\":723,\"height\":731,\"caption\":\"Informe Litoral\"},\"image\":{\"@id\":\"https:\\\/\\\/informelitoral.com.ar\\\/#\\\/schema\\\/logo\\\/image\\\/\"},\"sameAs\":[\"https:\\\/\\\/www.facebook.com\\\/informelitoral\\\/\",\"https:\\\/\\\/x.com\\\/InformeLitoral\",\"https:\\\/\\\/www.instagram.com\\\/informelitoral\\\/\",\"https:\\\/\\\/www.youtube.com\\\/channel\\\/UCua4Qvz8Icb6MYqhoq9xLXw\"]},{\"@type\":\"Person\",\"@id\":\"https:\\\/\\\/informelitoral.com.ar\\\/#\\\/schema\\\/person\\\/b9d00407c836482871ef1d57bf8e3180\",\"name\":\"Gonzalo Schmidt\",\"image\":{\"@type\":\"ImageObject\",\"inLanguage\":\"es\",\"@id\":\"https:\\\/\\\/secure.gravatar.com\\\/avatar\\\/31a1a7b66ff2de83bd0e9fd79d026630d2d99e55e8bfe501287647b4fd9743de?s=96&d=mm&r=g\",\"url\":\"https:\\\/\\\/secure.gravatar.com\\\/avatar\\\/31a1a7b66ff2de83bd0e9fd79d026630d2d99e55e8bfe501287647b4fd9743de?s=96&d=mm&r=g\",\"contentUrl\":\"https:\\\/\\\/secure.gravatar.com\\\/avatar\\\/31a1a7b66ff2de83bd0e9fd79d026630d2d99e55e8bfe501287647b4fd9743de?s=96&d=mm&r=g\",\"caption\":\"Gonzalo Schmidt\"},\"description\":\"Sitio web de noticias de la provincia de Entre R\u00edos, Argentina. Informaci\u00f3n y entretenimiento. Informe Litoral, nos informamos.\",\"sameAs\":[\"http:\\\/\\\/www.isletasnoticias.com.ar\"],\"url\":\"https:\\\/\\\/informelitoral.com.ar\\\/author\\\/gonzalo\\\/\"}]}<\/script>","yoast_head_json":{"title":"Retenciones: ya rige la baja pero para acceder hay una condici\u00f3n - Informe Litoral","robots":{"index":"index","follow":"follow","max-snippet":"max-snippet:-1","max-image-preview":"max-image-preview:large","max-video-preview":"max-video-preview:-1"},"canonical":"https:\/\/informelitoral.com.ar\/retenciones-ya-rige-la-baja-pero-para-acceder-hay-una-condicion\/","og_locale":"es_ES","og_type":"article","og_title":"Retenciones: ya rige la baja pero para acceder hay una condici\u00f3n - Informe Litoral","og_description":"El Gobierno public\u00f3 el decreto en el Bolet\u00edn Oficial donde se detalla cu\u00e1nto tributar\u00e1 cada uno de los productos; para acceder al beneficio, que se extiende hasta el 30 de junio, hay que liquidar el 95% de lo que se declar\u00f3 en 15 d\u00edas h\u00e1biles.","og_url":"https:\/\/informelitoral.com.ar\/retenciones-ya-rige-la-baja-pero-para-acceder-hay-una-condicion\/","og_site_name":"Informe Litoral","article_publisher":"https:\/\/www.facebook.com\/informelitoral\/","article_published_time":"2025-01-27T10:22:33+00:00","og_image":[{"width":1330,"height":880,"url":"https:\/\/informelitoral.com.ar\/%77%70%2d%63%6f%6e%74%65%6e%74\/uploads\/2022\/03\/cosecha_de_soja_0.jpg","type":"image\/jpeg"}],"author":"Gonzalo Schmidt","twitter_card":"summary_large_image","twitter_creator":"@InformeLitoral","twitter_site":"@InformeLitoral","twitter_misc":{"Escrito por":"Gonzalo Schmidt","Tiempo de lectura":"4 minutos"},"schema":{"@context":"https:\/\/schema.org","@graph":[{"@type":"Article","@id":"https:\/\/informelitoral.com.ar\/retenciones-ya-rige-la-baja-pero-para-acceder-hay-una-condicion\/#article","isPartOf":{"@id":"https:\/\/informelitoral.com.ar\/retenciones-ya-rige-la-baja-pero-para-acceder-hay-una-condicion\/"},"author":{"name":"Gonzalo Schmidt","@id":"https:\/\/informelitoral.com.ar\/#\/schema\/person\/b9d00407c836482871ef1d57bf8e3180"},"headline":"Retenciones: ya rige la baja pero para acceder hay una condici\u00f3n","datePublished":"2025-01-27T10:22:33+00:00","mainEntityOfPage":{"@id":"https:\/\/informelitoral.com.ar\/retenciones-ya-rige-la-baja-pero-para-acceder-hay-una-condicion\/"},"wordCount":861,"commentCount":0,"publisher":{"@id":"https:\/\/informelitoral.com.ar\/#organization"},"image":{"@id":"https:\/\/informelitoral.com.ar\/retenciones-ya-rige-la-baja-pero-para-acceder-hay-una-condicion\/#primaryimage"},"thumbnailUrl":"https:\/\/informelitoral.com.ar\/%77%70%2d%63%6f%6e%74%65%6e%74\/uploads\/2022\/03\/cosecha_de_soja_0.jpg","keywords":["Agroexportaciones","Gobierno nacional","Retenciones","Retenciones de exportaciones"],"articleSection":["Campo"],"inLanguage":"es","potentialAction":[{"@type":"CommentAction","name":"Comment","target":["https:\/\/informelitoral.com.ar\/retenciones-ya-rige-la-baja-pero-para-acceder-hay-una-condicion\/#respond"]}]},{"@type":"WebPage","@id":"https:\/\/informelitoral.com.ar\/retenciones-ya-rige-la-baja-pero-para-acceder-hay-una-condicion\/","url":"https:\/\/informelitoral.com.ar\/retenciones-ya-rige-la-baja-pero-para-acceder-hay-una-condicion\/","name":"Retenciones: ya rige la baja pero para acceder hay una condici\u00f3n - Informe Litoral","isPartOf":{"@id":"https:\/\/informelitoral.com.ar\/#website"},"primaryImageOfPage":{"@id":"https:\/\/informelitoral.com.ar\/retenciones-ya-rige-la-baja-pero-para-acceder-hay-una-condicion\/#primaryimage"},"image":{"@id":"https:\/\/informelitoral.com.ar\/retenciones-ya-rige-la-baja-pero-para-acceder-hay-una-condicion\/#primaryimage"},"thumbnailUrl":"https:\/\/informelitoral.com.ar\/%77%70%2d%63%6f%6e%74%65%6e%74\/uploads\/2022\/03\/cosecha_de_soja_0.jpg","datePublished":"2025-01-27T10:22:33+00:00","breadcrumb":{"@id":"https:\/\/informelitoral.com.ar\/retenciones-ya-rige-la-baja-pero-para-acceder-hay-una-condicion\/#breadcrumb"},"inLanguage":"es","potentialAction":[{"@type":"ReadAction","target":["https:\/\/informelitoral.com.ar\/retenciones-ya-rige-la-baja-pero-para-acceder-hay-una-condicion\/"]}]},{"@type":"ImageObject","inLanguage":"es","@id":"https:\/\/informelitoral.com.ar\/retenciones-ya-rige-la-baja-pero-para-acceder-hay-una-condicion\/#primaryimage","url":"https:\/\/informelitoral.com.ar\/%77%70%2d%63%6f%6e%74%65%6e%74\/uploads\/2022\/03\/cosecha_de_soja_0.jpg","contentUrl":"https:\/\/informelitoral.com.ar\/%77%70%2d%63%6f%6e%74%65%6e%74\/uploads\/2022\/03\/cosecha_de_soja_0.jpg","width":1330,"height":880},{"@type":"BreadcrumbList","@id":"https:\/\/informelitoral.com.ar\/retenciones-ya-rige-la-baja-pero-para-acceder-hay-una-condicion\/#breadcrumb","itemListElement":[{"@type":"ListItem","position":1,"name":"Portada","item":"https:\/\/informelitoral.com.ar\/"},{"@type":"ListItem","position":2,"name":"Retenciones: ya rige la baja pero para acceder hay una condici\u00f3n"}]},{"@type":"WebSite","@id":"https:\/\/informelitoral.com.ar\/#website","url":"https:\/\/informelitoral.com.ar\/","name":"Informe Litoral","description":"&quot;Nos informamos&quot; ","publisher":{"@id":"https:\/\/informelitoral.com.ar\/#organization"},"potentialAction":[{"@type":"SearchAction","target":{"@type":"EntryPoint","urlTemplate":"https:\/\/informelitoral.com.ar\/?s={search_term_string}"},"query-input":{"@type":"PropertyValueSpecification","valueRequired":true,"valueName":"search_term_string"}}],"inLanguage":"es"},{"@type":"Organization","@id":"https:\/\/informelitoral.com.ar\/#organization","name":"Informe Litoral","url":"https:\/\/informelitoral.com.ar\/","logo":{"@type":"ImageObject","inLanguage":"es","@id":"https:\/\/informelitoral.com.ar\/#\/schema\/logo\/image\/","url":"https:\/\/informelitoral.com.ar\/%77%70%2d%63%6f%6e%74%65%6e%74\/uploads\/2021\/01\/circulo.png","contentUrl":"https:\/\/informelitoral.com.ar\/%77%70%2d%63%6f%6e%74%65%6e%74\/uploads\/2021\/01\/circulo.png","width":723,"height":731,"caption":"Informe Litoral"},"image":{"@id":"https:\/\/informelitoral.com.ar\/#\/schema\/logo\/image\/"},"sameAs":["https:\/\/www.facebook.com\/informelitoral\/","https:\/\/x.com\/InformeLitoral","https:\/\/www.instagram.com\/informelitoral\/","https:\/\/www.youtube.com\/channel\/UCua4Qvz8Icb6MYqhoq9xLXw"]},{"@type":"Person","@id":"https:\/\/informelitoral.com.ar\/#\/schema\/person\/b9d00407c836482871ef1d57bf8e3180","name":"Gonzalo Schmidt","image":{"@type":"ImageObject","inLanguage":"es","@id":"https:\/\/secure.gravatar.com\/avatar\/31a1a7b66ff2de83bd0e9fd79d026630d2d99e55e8bfe501287647b4fd9743de?s=96&d=mm&r=g","url":"https:\/\/secure.gravatar.com\/avatar\/31a1a7b66ff2de83bd0e9fd79d026630d2d99e55e8bfe501287647b4fd9743de?s=96&d=mm&r=g","contentUrl":"https:\/\/secure.gravatar.com\/avatar\/31a1a7b66ff2de83bd0e9fd79d026630d2d99e55e8bfe501287647b4fd9743de?s=96&d=mm&r=g","caption":"Gonzalo Schmidt"},"description":"Sitio web de noticias de la provincia de Entre R\u00edos, Argentina. Informaci\u00f3n y entretenimiento. Informe Litoral, nos informamos.","sameAs":["http:\/\/www.isletasnoticias.com.ar"],"url":"https:\/\/informelitoral.com.ar\/author\/gonzalo\/"}]}},"_links":{"self":[{"href":"https:\/\/informelitoral.com.ar\/%77%70%2d%6a%73%6f%6e\/wp\/v2\/posts\/209990","targetHints":{"allow":["GET"]}}],"collection":[{"href":"https:\/\/informelitoral.com.ar\/%77%70%2d%6a%73%6f%6e\/wp\/v2\/posts"}],"about":[{"href":"https:\/\/informelitoral.com.ar\/%77%70%2d%6a%73%6f%6e\/wp\/v2\/types\/post"}],"author":[{"embeddable":true,"href":"https:\/\/informelitoral.com.ar\/%77%70%2d%6a%73%6f%6e\/wp\/v2\/users\/2"}],"replies":[{"embeddable":true,"href":"https:\/\/informelitoral.com.ar\/%77%70%2d%6a%73%6f%6e\/wp\/v2\/comments?post=209990"}],"version-history":[{"count":0,"href":"https:\/\/informelitoral.com.ar\/%77%70%2d%6a%73%6f%6e\/wp\/v2\/posts\/209990\/revisions"}],"wp:featuredmedia":[{"embeddable":true,"href":"https:\/\/informelitoral.com.ar\/%77%70%2d%6a%73%6f%6e\/wp\/v2\/media\/72670"}],"wp:attachment":[{"href":"https:\/\/informelitoral.com.ar\/%77%70%2d%6a%73%6f%6e\/wp\/v2\/media?parent=209990"}],"wp:term":[{"taxonomy":"category","embeddable":true,"href":"https:\/\/informelitoral.com.ar\/%77%70%2d%6a%73%6f%6e\/wp\/v2\/categories?post=209990"},{"taxonomy":"post_tag","embeddable":true,"href":"https:\/\/informelitoral.com.ar\/%77%70%2d%6a%73%6f%6e\/wp\/v2\/tags?post=209990"}],"curies":[{"name":"wp","href":"https:\/\/api.w.org\/{rel}","templated":true}]}}