{"id":209495,"date":"2025-01-22T08:07:10","date_gmt":"2025-01-22T11:07:10","guid":{"rendered":"https:\/\/informelitoral.com.ar\/?p=209495"},"modified":"2025-01-22T08:18:25","modified_gmt":"2025-01-22T11:18:25","slug":"chapeton-parana-andres-solioz-conto-detalles-de-la-maraton-de-aguas-abiertas","status":"publish","type":"post","link":"https:\/\/informelitoral.com.ar\/chapeton-parana-andres-solioz-conto-detalles-de-la-maraton-de-aguas-abiertas\/","title":{"rendered":"Chapet\u00f3n-Paran\u00e1: Andr\u00e9s Solioz cont\u00f3 detalles de la marat\u00f3n de aguas abiertas"},"content":{"rendered":"<p><strong>El s\u00e1bado 1\u00ba de febrero y luego de la suspensi\u00f3n por las condiciones del tiempo adversas, se realizar\u00e1 la marat\u00f3n que recorrer\u00e1 el trayecto entre el Chapet\u00f3n y la capital entrerriana. Ser\u00e1 desde las 14.30.\u00a0<\/strong><\/p>\n<p>Este evento se presenta como uno de los desaf\u00edos m\u00e1s exigentes de esta parte del a\u00f1o, atrayendo a experimentados nadadores de todo el pa\u00eds.<\/p>\n<p>Organizada por la Asociaci\u00f3n Civil Barrancas del Paran\u00e1, la competencia contar\u00e1 con un recorrido de <strong>34 kil\u00f3metros<\/strong> que no solo pondr\u00e1 a prueba a los participantes, sino que tambi\u00e9n resaltar\u00e1 la belleza y el poder del r\u00edo Paran\u00e1.<\/p>\n<p>Al respecto, el presidente de la asociaci\u00f3n civil Barrancas del Paran\u00e1 y organizador de la competencia, <strong>Andr\u00e9s Solioz<\/strong>, <i>en <a href=\"https:\/\/informelitoral.com.ar\/la-hora-del-6-por-canal-6-ertv-donde-volver-a-ver-las-entrevistas\/\" target=\"_blank\" rel=\"noopener\"><strong>La Hora del 6<\/strong><\/a> por Canal 6 ERTV, <\/i>asegur\u00f3 que est\u00e1 \u201ccontento por el inter\u00e9s que despert\u00f3 la prueba entre quienes les gusta nadar en el Paran\u00e1 en este tipo de competencias\u201d. De hecho, ponder\u00f3 que la carrera tuvo \u201cmuy buena recepci\u00f3n de parte de los nadadores capacitados para completar este tipo de distancias\u201d. \u201cAdem\u00e1s, es un impulso para continuar con la organizaci\u00f3n de maratones de aguas abiertas en Paran\u00e1 y la provincia\u201d, destac\u00f3.<\/p>\n<p>\u201cAl ser una primera edici\u00f3n, es una prueba que contar\u00e1 con no m\u00e1s de 35 nadadores, a diferencia de la Villa Urquiza-Paran\u00e1 en la que hubo 104 participantes; ser\u00e1 una prueba en la que habr\u00e1 que tener un poco m\u00e1s respeto por la distancia, con lo cual, si todo sale bien, ser\u00e1 el puntapi\u00e9 inicial para siguientes ediciones\u201d, explic\u00f3 Solioz.<\/p>\n<div class=\"embed nota-relacionada\">\n<div class=\"inner-art\">\n<h2 class=\" en-bandera\"><strong>Ver la entrevista completa con Andr\u00e9s Solioz<\/strong><\/h2>\n<div class=\"youtube-embed\" data-video_id=\"Xgu78fFccv8\"><iframe loading=\"lazy\" title=\"Andr\u00e9s Solioz I Marat\u00f3n de aguas abiertas Chapet\u00f3n-Paran\u00e1\" width=\"696\" height=\"392\" src=\"https:\/\/www.youtube.com\/embed\/Xgu78fFccv8?feature=oembed&#038;enablejsapi=1\" frameborder=\"0\" allow=\"accelerometer; autoplay; clipboard-write; encrypted-media; gyroscope; picture-in-picture; web-share\" referrerpolicy=\"strict-origin-when-cross-origin\" allowfullscreen><\/iframe><\/div>\n<h6><em><strong>Del archivo de Informe Litoral:\u00a0<a href=\"https:\/\/informelitoral.com.ar\/formula-cuanto-debera-pagar-franco-colapinto-por-la-superlicencia-2025\/\" target=\"_blank\" rel=\"noopener\">F\u00f3rmula 1: cu\u00e1nto deber\u00e1 pagar Franco Colapinto por la superlicencia 2025<\/a><\/strong><\/em><\/h6>\n<h6><em><strong><a href=\"https:\/\/informelitoral.com.ar\/que-autos-no-pagan-patente-en-2025-requisitos-y-tramites-a-tener-en-cuenta\/\" target=\"_blank\" rel=\"noopener\">Qu\u00e9 autos no pagan patente en 2025<\/a><\/strong><\/em><\/h6>\n<\/div>\n<\/div>\n","protected":false},"excerpt":{"rendered":"<p>La prueba de aguas abiertas se realizar\u00e1 el s\u00e1bado 1\u00ba de febrero y recorrer\u00e1 34 kil\u00f3metros. En La Hora del 6, Andr\u00e9s Solioz, presidente de la asociaci\u00f3n civil Barrancas del Paran\u00e1 y organizador de la competencia, adelant\u00f3 en qu\u00e9 consiste la propuesta. <\/p>\n","protected":false},"author":2,"featured_media":209494,"comment_status":"open","ping_status":"open","sticky":false,"template":"","format":"standard","meta":{"fifu_image_url":"","fifu_image_alt":"","footnotes":""},"categories":[9],"tags":[3476,5126,1036,5416,777],"class_list":{"0":"post-209495","1":"post","2":"type-post","3":"status-publish","4":"format-standard","5":"has-post-thumbnail","7":"category-sociedad","8":"tag-canal-6-ertv","9":"tag-la-hora-del-6","10":"tag-maraton","11":"tag-maraton-acuatica","12":"tag-rio-parana"},"yoast_head":"<title>Chapet\u00f3n-Paran\u00e1: Andr\u00e9s Solioz cont\u00f3 detalles de la marat\u00f3n de aguas abiertas - Informe Litoral<\/title>\n<meta name=\"robots\" content=\"index, follow, max-snippet:-1, max-image-preview:large, max-video-preview:-1\" \/>\n<link rel=\"canonical\" href=\"https:\/\/informelitoral.com.ar\/chapeton-parana-andres-solioz-conto-detalles-de-la-maraton-de-aguas-abiertas\/\" \/>\n<meta property=\"og:locale\" content=\"es_ES\" \/>\n<meta property=\"og:type\" content=\"article\" \/>\n<meta property=\"og:title\" content=\"Chapet\u00f3n-Paran\u00e1: Andr\u00e9s Solioz cont\u00f3 detalles de la marat\u00f3n de aguas abiertas - Informe Litoral\" \/>\n<meta property=\"og:description\" content=\"La prueba de aguas abiertas se realizar\u00e1 el s\u00e1bado 1\u00ba de febrero y recorrer\u00e1 34 kil\u00f3metros. En La Hora del 6, Andr\u00e9s Solioz, presidente de la asociaci\u00f3n civil Barrancas del Paran\u00e1 y organizador de la competencia, adelant\u00f3 en qu\u00e9 consiste la propuesta.\" \/>\n<meta property=\"og:url\" content=\"https:\/\/informelitoral.com.ar\/chapeton-parana-andres-solioz-conto-detalles-de-la-maraton-de-aguas-abiertas\/\" \/>\n<meta property=\"og:site_name\" content=\"Informe Litoral\" \/>\n<meta property=\"article:publisher\" content=\"https:\/\/www.facebook.com\/informelitoral\/\" \/>\n<meta property=\"article:published_time\" content=\"2025-01-22T11:07:10+00:00\" \/>\n<meta property=\"article:modified_time\" content=\"2025-01-22T11:18:25+00:00\" \/>\n<meta property=\"og:image\" content=\"https:\/\/informelitoral.com.ar\/%77%70%2d%63%6f%6e%74%65%6e%74\/uploads\/2025\/01\/andres-solioz-chapeton-parana-la-hora-del-6.jpg\" \/>\n\t<meta property=\"og:image:width\" content=\"1906\" \/>\n\t<meta property=\"og:image:height\" content=\"1080\" \/>\n\t<meta property=\"og:image:type\" content=\"image\/jpeg\" \/>\n<meta name=\"author\" content=\"Gonzalo Schmidt\" \/>\n<meta name=\"twitter:card\" content=\"summary_large_image\" \/>\n<meta name=\"twitter:creator\" content=\"@InformeLitoral\" \/>\n<meta name=\"twitter:site\" content=\"@InformeLitoral\" \/>\n<meta name=\"twitter:label1\" content=\"Escrito por\" \/>\n\t<meta name=\"twitter:data1\" content=\"Gonzalo Schmidt\" \/>\n\t<meta name=\"twitter:label2\" content=\"Tiempo de lectura\" \/>\n\t<meta name=\"twitter:data2\" content=\"2 minutos\" \/>\n<script type=\"application\/ld+json\" class=\"yoast-schema-graph\">{\"@context\":\"https:\\\/\\\/schema.org\",\"@graph\":[{\"@type\":\"Article\",\"@id\":\"https:\\\/\\\/informelitoral.com.ar\\\/chapeton-parana-andres-solioz-conto-detalles-de-la-maraton-de-aguas-abiertas\\\/#article\",\"isPartOf\":{\"@id\":\"https:\\\/\\\/informelitoral.com.ar\\\/chapeton-parana-andres-solioz-conto-detalles-de-la-maraton-de-aguas-abiertas\\\/\"},\"author\":{\"name\":\"Gonzalo Schmidt\",\"@id\":\"https:\\\/\\\/informelitoral.com.ar\\\/#\\\/schema\\\/person\\\/b9d00407c836482871ef1d57bf8e3180\"},\"headline\":\"Chapet\u00f3n-Paran\u00e1: Andr\u00e9s Solioz cont\u00f3 detalles de la marat\u00f3n de aguas abiertas\",\"datePublished\":\"2025-01-22T11:07:10+00:00\",\"dateModified\":\"2025-01-22T11:18:25+00:00\",\"mainEntityOfPage\":{\"@id\":\"https:\\\/\\\/informelitoral.com.ar\\\/chapeton-parana-andres-solioz-conto-detalles-de-la-maraton-de-aguas-abiertas\\\/\"},\"wordCount\":316,\"commentCount\":0,\"publisher\":{\"@id\":\"https:\\\/\\\/informelitoral.com.ar\\\/#organization\"},\"image\":{\"@id\":\"https:\\\/\\\/informelitoral.com.ar\\\/chapeton-parana-andres-solioz-conto-detalles-de-la-maraton-de-aguas-abiertas\\\/#primaryimage\"},\"thumbnailUrl\":\"https:\\\/\\\/informelitoral.com.ar\\\/%77%70%2d%63%6f%6e%74%65%6e%74\\\/uploads\\\/2025\\\/01\\\/andres-solioz-chapeton-parana-la-hora-del-6.jpg\",\"keywords\":[\"Canal 6 ERTV\",\"La hora del 6\",\"Marat\u00f3n\",\"Marat\u00f3n Acu\u00e1tica\",\"R\u00edo Paran\u00e1\"],\"articleSection\":[\"Sociedad\"],\"inLanguage\":\"es\",\"potentialAction\":[{\"@type\":\"CommentAction\",\"name\":\"Comment\",\"target\":[\"https:\\\/\\\/informelitoral.com.ar\\\/chapeton-parana-andres-solioz-conto-detalles-de-la-maraton-de-aguas-abiertas\\\/#respond\"]}]},{\"@type\":\"WebPage\",\"@id\":\"https:\\\/\\\/informelitoral.com.ar\\\/chapeton-parana-andres-solioz-conto-detalles-de-la-maraton-de-aguas-abiertas\\\/\",\"url\":\"https:\\\/\\\/informelitoral.com.ar\\\/chapeton-parana-andres-solioz-conto-detalles-de-la-maraton-de-aguas-abiertas\\\/\",\"name\":\"Chapet\u00f3n-Paran\u00e1: Andr\u00e9s Solioz cont\u00f3 detalles de la marat\u00f3n de aguas abiertas - Informe Litoral\",\"isPartOf\":{\"@id\":\"https:\\\/\\\/informelitoral.com.ar\\\/#website\"},\"primaryImageOfPage\":{\"@id\":\"https:\\\/\\\/informelitoral.com.ar\\\/chapeton-parana-andres-solioz-conto-detalles-de-la-maraton-de-aguas-abiertas\\\/#primaryimage\"},\"image\":{\"@id\":\"https:\\\/\\\/informelitoral.com.ar\\\/chapeton-parana-andres-solioz-conto-detalles-de-la-maraton-de-aguas-abiertas\\\/#primaryimage\"},\"thumbnailUrl\":\"https:\\\/\\\/informelitoral.com.ar\\\/%77%70%2d%63%6f%6e%74%65%6e%74\\\/uploads\\\/2025\\\/01\\\/andres-solioz-chapeton-parana-la-hora-del-6.jpg\",\"datePublished\":\"2025-01-22T11:07:10+00:00\",\"dateModified\":\"2025-01-22T11:18:25+00:00\",\"breadcrumb\":{\"@id\":\"https:\\\/\\\/informelitoral.com.ar\\\/chapeton-parana-andres-solioz-conto-detalles-de-la-maraton-de-aguas-abiertas\\\/#breadcrumb\"},\"inLanguage\":\"es\",\"potentialAction\":[{\"@type\":\"ReadAction\",\"target\":[\"https:\\\/\\\/informelitoral.com.ar\\\/chapeton-parana-andres-solioz-conto-detalles-de-la-maraton-de-aguas-abiertas\\\/\"]}]},{\"@type\":\"ImageObject\",\"inLanguage\":\"es\",\"@id\":\"https:\\\/\\\/informelitoral.com.ar\\\/chapeton-parana-andres-solioz-conto-detalles-de-la-maraton-de-aguas-abiertas\\\/#primaryimage\",\"url\":\"https:\\\/\\\/informelitoral.com.ar\\\/%77%70%2d%63%6f%6e%74%65%6e%74\\\/uploads\\\/2025\\\/01\\\/andres-solioz-chapeton-parana-la-hora-del-6.jpg\",\"contentUrl\":\"https:\\\/\\\/informelitoral.com.ar\\\/%77%70%2d%63%6f%6e%74%65%6e%74\\\/uploads\\\/2025\\\/01\\\/andres-solioz-chapeton-parana-la-hora-del-6.jpg\",\"width\":1906,\"height\":1080,\"caption\":\"Andr\u00e9s Solioz, presidente de la asociaci\u00f3n civil Barrancas del Paran\u00e1 y organizador de la competencia en La Hora del 6 por Canal 6 ERTV.\"},{\"@type\":\"BreadcrumbList\",\"@id\":\"https:\\\/\\\/informelitoral.com.ar\\\/chapeton-parana-andres-solioz-conto-detalles-de-la-maraton-de-aguas-abiertas\\\/#breadcrumb\",\"itemListElement\":[{\"@type\":\"ListItem\",\"position\":1,\"name\":\"Portada\",\"item\":\"https:\\\/\\\/informelitoral.com.ar\\\/\"},{\"@type\":\"ListItem\",\"position\":2,\"name\":\"Chapet\u00f3n-Paran\u00e1: Andr\u00e9s Solioz cont\u00f3 detalles de la marat\u00f3n de aguas abiertas\"}]},{\"@type\":\"WebSite\",\"@id\":\"https:\\\/\\\/informelitoral.com.ar\\\/#website\",\"url\":\"https:\\\/\\\/informelitoral.com.ar\\\/\",\"name\":\"Informe Litoral\",\"description\":\"&quot;Nos informamos&quot; \",\"publisher\":{\"@id\":\"https:\\\/\\\/informelitoral.com.ar\\\/#organization\"},\"potentialAction\":[{\"@type\":\"SearchAction\",\"target\":{\"@type\":\"EntryPoint\",\"urlTemplate\":\"https:\\\/\\\/informelitoral.com.ar\\\/?s={search_term_string}\"},\"query-input\":{\"@type\":\"PropertyValueSpecification\",\"valueRequired\":true,\"valueName\":\"search_term_string\"}}],\"inLanguage\":\"es\"},{\"@type\":\"Organization\",\"@id\":\"https:\\\/\\\/informelitoral.com.ar\\\/#organization\",\"name\":\"Informe Litoral\",\"url\":\"https:\\\/\\\/informelitoral.com.ar\\\/\",\"logo\":{\"@type\":\"ImageObject\",\"inLanguage\":\"es\",\"@id\":\"https:\\\/\\\/informelitoral.com.ar\\\/#\\\/schema\\\/logo\\\/image\\\/\",\"url\":\"https:\\\/\\\/informelitoral.com.ar\\\/%77%70%2d%63%6f%6e%74%65%6e%74\\\/uploads\\\/2021\\\/01\\\/circulo.png\",\"contentUrl\":\"https:\\\/\\\/informelitoral.com.ar\\\/%77%70%2d%63%6f%6e%74%65%6e%74\\\/uploads\\\/2021\\\/01\\\/circulo.png\",\"width\":723,\"height\":731,\"caption\":\"Informe Litoral\"},\"image\":{\"@id\":\"https:\\\/\\\/informelitoral.com.ar\\\/#\\\/schema\\\/logo\\\/image\\\/\"},\"sameAs\":[\"https:\\\/\\\/www.facebook.com\\\/informelitoral\\\/\",\"https:\\\/\\\/x.com\\\/InformeLitoral\",\"https:\\\/\\\/www.instagram.com\\\/informelitoral\\\/\",\"https:\\\/\\\/www.youtube.com\\\/channel\\\/UCua4Qvz8Icb6MYqhoq9xLXw\"]},{\"@type\":\"Person\",\"@id\":\"https:\\\/\\\/informelitoral.com.ar\\\/#\\\/schema\\\/person\\\/b9d00407c836482871ef1d57bf8e3180\",\"name\":\"Gonzalo Schmidt\",\"image\":{\"@type\":\"ImageObject\",\"inLanguage\":\"es\",\"@id\":\"https:\\\/\\\/secure.gravatar.com\\\/avatar\\\/31a1a7b66ff2de83bd0e9fd79d026630d2d99e55e8bfe501287647b4fd9743de?s=96&d=mm&r=g\",\"url\":\"https:\\\/\\\/secure.gravatar.com\\\/avatar\\\/31a1a7b66ff2de83bd0e9fd79d026630d2d99e55e8bfe501287647b4fd9743de?s=96&d=mm&r=g\",\"contentUrl\":\"https:\\\/\\\/secure.gravatar.com\\\/avatar\\\/31a1a7b66ff2de83bd0e9fd79d026630d2d99e55e8bfe501287647b4fd9743de?s=96&d=mm&r=g\",\"caption\":\"Gonzalo Schmidt\"},\"description\":\"Sitio web de noticias de la provincia de Entre R\u00edos, Argentina. Informaci\u00f3n y entretenimiento. Informe Litoral, nos informamos.\",\"sameAs\":[\"http:\\\/\\\/www.isletasnoticias.com.ar\"],\"url\":\"https:\\\/\\\/informelitoral.com.ar\\\/author\\\/gonzalo\\\/\"}]}<\/script>","yoast_head_json":{"title":"Chapet\u00f3n-Paran\u00e1: Andr\u00e9s Solioz cont\u00f3 detalles de la marat\u00f3n de aguas abiertas - Informe Litoral","robots":{"index":"index","follow":"follow","max-snippet":"max-snippet:-1","max-image-preview":"max-image-preview:large","max-video-preview":"max-video-preview:-1"},"canonical":"https:\/\/informelitoral.com.ar\/chapeton-parana-andres-solioz-conto-detalles-de-la-maraton-de-aguas-abiertas\/","og_locale":"es_ES","og_type":"article","og_title":"Chapet\u00f3n-Paran\u00e1: Andr\u00e9s Solioz cont\u00f3 detalles de la marat\u00f3n de aguas abiertas - Informe Litoral","og_description":"La prueba de aguas abiertas se realizar\u00e1 el s\u00e1bado 1\u00ba de febrero y recorrer\u00e1 34 kil\u00f3metros. En La Hora del 6, Andr\u00e9s Solioz, presidente de la asociaci\u00f3n civil Barrancas del Paran\u00e1 y organizador de la competencia, adelant\u00f3 en qu\u00e9 consiste la propuesta.","og_url":"https:\/\/informelitoral.com.ar\/chapeton-parana-andres-solioz-conto-detalles-de-la-maraton-de-aguas-abiertas\/","og_site_name":"Informe Litoral","article_publisher":"https:\/\/www.facebook.com\/informelitoral\/","article_published_time":"2025-01-22T11:07:10+00:00","article_modified_time":"2025-01-22T11:18:25+00:00","og_image":[{"width":1906,"height":1080,"url":"https:\/\/informelitoral.com.ar\/%77%70%2d%63%6f%6e%74%65%6e%74\/uploads\/2025\/01\/andres-solioz-chapeton-parana-la-hora-del-6.jpg","type":"image\/jpeg"}],"author":"Gonzalo Schmidt","twitter_card":"summary_large_image","twitter_creator":"@InformeLitoral","twitter_site":"@InformeLitoral","twitter_misc":{"Escrito por":"Gonzalo Schmidt","Tiempo de lectura":"2 minutos"},"schema":{"@context":"https:\/\/schema.org","@graph":[{"@type":"Article","@id":"https:\/\/informelitoral.com.ar\/chapeton-parana-andres-solioz-conto-detalles-de-la-maraton-de-aguas-abiertas\/#article","isPartOf":{"@id":"https:\/\/informelitoral.com.ar\/chapeton-parana-andres-solioz-conto-detalles-de-la-maraton-de-aguas-abiertas\/"},"author":{"name":"Gonzalo Schmidt","@id":"https:\/\/informelitoral.com.ar\/#\/schema\/person\/b9d00407c836482871ef1d57bf8e3180"},"headline":"Chapet\u00f3n-Paran\u00e1: Andr\u00e9s Solioz cont\u00f3 detalles de la marat\u00f3n de aguas abiertas","datePublished":"2025-01-22T11:07:10+00:00","dateModified":"2025-01-22T11:18:25+00:00","mainEntityOfPage":{"@id":"https:\/\/informelitoral.com.ar\/chapeton-parana-andres-solioz-conto-detalles-de-la-maraton-de-aguas-abiertas\/"},"wordCount":316,"commentCount":0,"publisher":{"@id":"https:\/\/informelitoral.com.ar\/#organization"},"image":{"@id":"https:\/\/informelitoral.com.ar\/chapeton-parana-andres-solioz-conto-detalles-de-la-maraton-de-aguas-abiertas\/#primaryimage"},"thumbnailUrl":"https:\/\/informelitoral.com.ar\/%77%70%2d%63%6f%6e%74%65%6e%74\/uploads\/2025\/01\/andres-solioz-chapeton-parana-la-hora-del-6.jpg","keywords":["Canal 6 ERTV","La hora del 6","Marat\u00f3n","Marat\u00f3n Acu\u00e1tica","R\u00edo Paran\u00e1"],"articleSection":["Sociedad"],"inLanguage":"es","potentialAction":[{"@type":"CommentAction","name":"Comment","target":["https:\/\/informelitoral.com.ar\/chapeton-parana-andres-solioz-conto-detalles-de-la-maraton-de-aguas-abiertas\/#respond"]}]},{"@type":"WebPage","@id":"https:\/\/informelitoral.com.ar\/chapeton-parana-andres-solioz-conto-detalles-de-la-maraton-de-aguas-abiertas\/","url":"https:\/\/informelitoral.com.ar\/chapeton-parana-andres-solioz-conto-detalles-de-la-maraton-de-aguas-abiertas\/","name":"Chapet\u00f3n-Paran\u00e1: Andr\u00e9s Solioz cont\u00f3 detalles de la marat\u00f3n de aguas abiertas - Informe Litoral","isPartOf":{"@id":"https:\/\/informelitoral.com.ar\/#website"},"primaryImageOfPage":{"@id":"https:\/\/informelitoral.com.ar\/chapeton-parana-andres-solioz-conto-detalles-de-la-maraton-de-aguas-abiertas\/#primaryimage"},"image":{"@id":"https:\/\/informelitoral.com.ar\/chapeton-parana-andres-solioz-conto-detalles-de-la-maraton-de-aguas-abiertas\/#primaryimage"},"thumbnailUrl":"https:\/\/informelitoral.com.ar\/%77%70%2d%63%6f%6e%74%65%6e%74\/uploads\/2025\/01\/andres-solioz-chapeton-parana-la-hora-del-6.jpg","datePublished":"2025-01-22T11:07:10+00:00","dateModified":"2025-01-22T11:18:25+00:00","breadcrumb":{"@id":"https:\/\/informelitoral.com.ar\/chapeton-parana-andres-solioz-conto-detalles-de-la-maraton-de-aguas-abiertas\/#breadcrumb"},"inLanguage":"es","potentialAction":[{"@type":"ReadAction","target":["https:\/\/informelitoral.com.ar\/chapeton-parana-andres-solioz-conto-detalles-de-la-maraton-de-aguas-abiertas\/"]}]},{"@type":"ImageObject","inLanguage":"es","@id":"https:\/\/informelitoral.com.ar\/chapeton-parana-andres-solioz-conto-detalles-de-la-maraton-de-aguas-abiertas\/#primaryimage","url":"https:\/\/informelitoral.com.ar\/%77%70%2d%63%6f%6e%74%65%6e%74\/uploads\/2025\/01\/andres-solioz-chapeton-parana-la-hora-del-6.jpg","contentUrl":"https:\/\/informelitoral.com.ar\/%77%70%2d%63%6f%6e%74%65%6e%74\/uploads\/2025\/01\/andres-solioz-chapeton-parana-la-hora-del-6.jpg","width":1906,"height":1080,"caption":"Andr\u00e9s Solioz, presidente de la asociaci\u00f3n civil Barrancas del Paran\u00e1 y organizador de la competencia en La Hora del 6 por Canal 6 ERTV."},{"@type":"BreadcrumbList","@id":"https:\/\/informelitoral.com.ar\/chapeton-parana-andres-solioz-conto-detalles-de-la-maraton-de-aguas-abiertas\/#breadcrumb","itemListElement":[{"@type":"ListItem","position":1,"name":"Portada","item":"https:\/\/informelitoral.com.ar\/"},{"@type":"ListItem","position":2,"name":"Chapet\u00f3n-Paran\u00e1: Andr\u00e9s Solioz cont\u00f3 detalles de la marat\u00f3n de aguas abiertas"}]},{"@type":"WebSite","@id":"https:\/\/informelitoral.com.ar\/#website","url":"https:\/\/informelitoral.com.ar\/","name":"Informe Litoral","description":"&quot;Nos informamos&quot; ","publisher":{"@id":"https:\/\/informelitoral.com.ar\/#organization"},"potentialAction":[{"@type":"SearchAction","target":{"@type":"EntryPoint","urlTemplate":"https:\/\/informelitoral.com.ar\/?s={search_term_string}"},"query-input":{"@type":"PropertyValueSpecification","valueRequired":true,"valueName":"search_term_string"}}],"inLanguage":"es"},{"@type":"Organization","@id":"https:\/\/informelitoral.com.ar\/#organization","name":"Informe Litoral","url":"https:\/\/informelitoral.com.ar\/","logo":{"@type":"ImageObject","inLanguage":"es","@id":"https:\/\/informelitoral.com.ar\/#\/schema\/logo\/image\/","url":"https:\/\/informelitoral.com.ar\/%77%70%2d%63%6f%6e%74%65%6e%74\/uploads\/2021\/01\/circulo.png","contentUrl":"https:\/\/informelitoral.com.ar\/%77%70%2d%63%6f%6e%74%65%6e%74\/uploads\/2021\/01\/circulo.png","width":723,"height":731,"caption":"Informe Litoral"},"image":{"@id":"https:\/\/informelitoral.com.ar\/#\/schema\/logo\/image\/"},"sameAs":["https:\/\/www.facebook.com\/informelitoral\/","https:\/\/x.com\/InformeLitoral","https:\/\/www.instagram.com\/informelitoral\/","https:\/\/www.youtube.com\/channel\/UCua4Qvz8Icb6MYqhoq9xLXw"]},{"@type":"Person","@id":"https:\/\/informelitoral.com.ar\/#\/schema\/person\/b9d00407c836482871ef1d57bf8e3180","name":"Gonzalo Schmidt","image":{"@type":"ImageObject","inLanguage":"es","@id":"https:\/\/secure.gravatar.com\/avatar\/31a1a7b66ff2de83bd0e9fd79d026630d2d99e55e8bfe501287647b4fd9743de?s=96&d=mm&r=g","url":"https:\/\/secure.gravatar.com\/avatar\/31a1a7b66ff2de83bd0e9fd79d026630d2d99e55e8bfe501287647b4fd9743de?s=96&d=mm&r=g","contentUrl":"https:\/\/secure.gravatar.com\/avatar\/31a1a7b66ff2de83bd0e9fd79d026630d2d99e55e8bfe501287647b4fd9743de?s=96&d=mm&r=g","caption":"Gonzalo Schmidt"},"description":"Sitio web de noticias de la provincia de Entre R\u00edos, Argentina. Informaci\u00f3n y entretenimiento. Informe Litoral, nos informamos.","sameAs":["http:\/\/www.isletasnoticias.com.ar"],"url":"https:\/\/informelitoral.com.ar\/author\/gonzalo\/"}]}},"_links":{"self":[{"href":"https:\/\/informelitoral.com.ar\/%77%70%2d%6a%73%6f%6e\/wp\/v2\/posts\/209495","targetHints":{"allow":["GET"]}}],"collection":[{"href":"https:\/\/informelitoral.com.ar\/%77%70%2d%6a%73%6f%6e\/wp\/v2\/posts"}],"about":[{"href":"https:\/\/informelitoral.com.ar\/%77%70%2d%6a%73%6f%6e\/wp\/v2\/types\/post"}],"author":[{"embeddable":true,"href":"https:\/\/informelitoral.com.ar\/%77%70%2d%6a%73%6f%6e\/wp\/v2\/users\/2"}],"replies":[{"embeddable":true,"href":"https:\/\/informelitoral.com.ar\/%77%70%2d%6a%73%6f%6e\/wp\/v2\/comments?post=209495"}],"version-history":[{"count":0,"href":"https:\/\/informelitoral.com.ar\/%77%70%2d%6a%73%6f%6e\/wp\/v2\/posts\/209495\/revisions"}],"wp:featuredmedia":[{"embeddable":true,"href":"https:\/\/informelitoral.com.ar\/%77%70%2d%6a%73%6f%6e\/wp\/v2\/media\/209494"}],"wp:attachment":[{"href":"https:\/\/informelitoral.com.ar\/%77%70%2d%6a%73%6f%6e\/wp\/v2\/media?parent=209495"}],"wp:term":[{"taxonomy":"category","embeddable":true,"href":"https:\/\/informelitoral.com.ar\/%77%70%2d%6a%73%6f%6e\/wp\/v2\/categories?post=209495"},{"taxonomy":"post_tag","embeddable":true,"href":"https:\/\/informelitoral.com.ar\/%77%70%2d%6a%73%6f%6e\/wp\/v2\/tags?post=209495"}],"curies":[{"name":"wp","href":"https:\/\/api.w.org\/{rel}","templated":true}]}}