{"id":209487,"date":"2025-01-22T07:10:08","date_gmt":"2025-01-22T10:10:08","guid":{"rendered":"https:\/\/informelitoral.com.ar\/?p=209487"},"modified":"2025-01-22T07:10:08","modified_gmt":"2025-01-22T10:10:08","slug":"entre-rios-destinara-el-100-por-ciento-del-impuesto-inmobiliario-rural-a-los-caminos","status":"publish","type":"post","link":"https:\/\/informelitoral.com.ar\/entre-rios-destinara-el-100-por-ciento-del-impuesto-inmobiliario-rural-a-los-caminos\/","title":{"rendered":"Entre R\u00edos destinar\u00e1 el 100 por ciento del Impuesto Inmobiliario Rural a los caminos"},"content":{"rendered":"<p>\u00abSomos provincias agropecuarias y vamos a defender a nuestro principal motor de desarrollo y generaci\u00f3n de empleo en cualquier circunstancia. Lo hicimos al inicio de nuestras gestiones, cuando se intent\u00f3 incrementar los derechos de exportaci\u00f3n al sector, y lo seguiremos haciendo cada vez que el campo lo necesite\u00bb, expres\u00f3 Frigerio.<\/p>\n<h6><em><strong>Leer tambi\u00e9n:\u00a0<a href=\"https:\/\/informelitoral.com.ar\/federacion-agraria-de-entre-rios-pide-eliminar-las-retenciones\/\" target=\"_blank\" rel=\"noopener\">Federaci\u00f3n Agraria de Entre R\u00edos pide eliminar las retenciones<\/a><\/strong><\/em><\/h6>\n<p>La reuni\u00f3n, realizada en la sede del gobierno en Rosario, tuvo como eje la cr\u00edtica situaci\u00f3n que atraviesa el sector agropecuario. Los mandatarios acordaron solicitar al gobierno nacional la inmediata reducci\u00f3n de las retenciones al campo. \u00abLos tres gobernadores de las principales provincias agropecuarias del pa\u00eds estamos en alerta\u00bb, enfatiz\u00f3 el mandatario entrerriano.<\/p>\n<p>En este marco, los gobernadores destacaron que las provincias han reducido la presi\u00f3n fiscal sobre la producci\u00f3n, con impuestos que no superan el 5 por ciento, mientras que la carga tributaria nacional sobre el sector asciende al 67 por ciento.<\/p>\n<p>Asimismo, <strong><span style=\"background-color: #ffff00;\">anunciaron que cada jurisdicci\u00f3n destinar\u00e1 la totalidad de lo recaudado por el Impuesto Inmobiliario Rural al mejoramiento de la infraestructura para producci\u00f3n agropecuaria. Tambi\u00e9n se conformar\u00e1 una mesa de trabajo integrada por productores y trabajadores rurales para monitorear y evaluar la situaci\u00f3n productiva de la regi\u00f3n.<\/span><\/strong><\/p>\n<p><strong><span style=\"background-color: #ffff00;\"><a href=\"https:\/\/informelitoral.com.ar\/%77%70%2d%63%6f%6e%74%65%6e%74\/uploads\/2024\/05\/Caminos-Rurales-1.jpg\"><img loading=\"lazy\" decoding=\"async\" class=\"aligncenter wp-image-186250 size-full\" src=\"https:\/\/informelitoral.com.ar\/%77%70%2d%63%6f%6e%74%65%6e%74\/uploads\/2024\/05\/Caminos-Rurales-1.jpg\" alt=\"\" width=\"2048\" height=\"1365\" srcset=\"https:\/\/informelitoral.com.ar\/%77%70%2d%63%6f%6e%74%65%6e%74\/uploads\/2024\/05\/Caminos-Rurales-1.jpg 2048w, https:\/\/informelitoral.com.ar\/%77%70%2d%63%6f%6e%74%65%6e%74\/uploads\/2024\/05\/Caminos-Rurales-1-300x200.jpg 300w, https:\/\/informelitoral.com.ar\/%77%70%2d%63%6f%6e%74%65%6e%74\/uploads\/2024\/05\/Caminos-Rurales-1-1024x683.jpg 1024w, https:\/\/informelitoral.com.ar\/%77%70%2d%63%6f%6e%74%65%6e%74\/uploads\/2024\/05\/Caminos-Rurales-1-768x512.jpg 768w, https:\/\/informelitoral.com.ar\/%77%70%2d%63%6f%6e%74%65%6e%74\/uploads\/2024\/05\/Caminos-Rurales-1-1536x1024.jpg 1536w, https:\/\/informelitoral.com.ar\/%77%70%2d%63%6f%6e%74%65%6e%74\/uploads\/2024\/05\/Caminos-Rurales-1-696x464.jpg 696w, https:\/\/informelitoral.com.ar\/%77%70%2d%63%6f%6e%74%65%6e%74\/uploads\/2024\/05\/Caminos-Rurales-1-1068x712.jpg 1068w, https:\/\/informelitoral.com.ar\/%77%70%2d%63%6f%6e%74%65%6e%74\/uploads\/2024\/05\/Caminos-Rurales-1-1920x1280.jpg 1920w, https:\/\/informelitoral.com.ar\/%77%70%2d%63%6f%6e%74%65%6e%74\/uploads\/2024\/05\/Caminos-Rurales-1-630x420.jpg 630w\" sizes=\"auto, (max-width: 2048px) 100vw, 2048px\" \/><\/a><\/span><\/strong><\/p>\n<p>Durante la conferencia de prensa, Frigerio explic\u00f3 que la crisis del sector est\u00e1 relacionada con \u00abuna presi\u00f3n impositiva excesiva, precios internacionales a la baja, costos en d\u00f3lares en alza y una situaci\u00f3n clim\u00e1tica adversa\u00bb.<\/p>\n<p>En este sentido, asegur\u00f3: \u00abNo deber\u00eda haber ninguna otra prioridad en la pol\u00edtica de reducci\u00f3n impositiva del gobierno nacional que no sea aliviar al sector agropecuario\u00bb.<\/p>\n<p>El gobernador entrerriano estuvo acompa\u00f1ado por el ministro de Gobierno y Trabajo, <strong>Manuel Troncoso<\/strong>; el secretario de Presupuesto y Finanzas, <strong>Uriel Brupbacher<\/strong>; el secretario de Agricultura, Ganader\u00eda y Pesca, <strong>Ra\u00fal Boc Ho<\/strong>; y el presidente del Ente Regi\u00f3n Centro Entre R\u00edos, <strong>Jorge Chemes.<\/strong><\/p>\n<h6><em><strong>Del archivo:\u00a0<a href=\"https:\/\/informelitoral.com.ar\/alfredo-bel-vamos-a-actuar-contra-quienes-rompan-los-caminos-innecesariamente\/\" target=\"_blank\" rel=\"noopener\">Alfredo Bel: \u00abVamos a actuar contra quienes rompan los caminos innecesariamente\u00bb<\/a><\/strong><\/em><\/h6>\n","protected":false},"excerpt":{"rendered":"<p>Lo anunci\u00f3 Rogelio Frigerio en un encuentro con sus pares de la Regi\u00f3n Centro en Rosario.  Adem\u00e1s, volvieron a reclamar por una baja \u00aburgente\u00bb de las retenciones al agro. <\/p>\n","protected":false},"author":2,"featured_media":209488,"comment_status":"open","ping_status":"open","sticky":false,"template":"","format":"standard","meta":{"fifu_image_url":"","fifu_image_alt":"","footnotes":""},"categories":[10],"tags":[4832,444,157,949],"class_list":{"0":"post-209487","1":"post","2":"type-post","3":"status-publish","4":"format-standard","5":"has-post-thumbnail","7":"category-campo","8":"tag-impuesto-inmobiliario-rural","9":"tag-region-centro","10":"tag-retenciones","11":"tag-rogelio-frigerio"},"yoast_head":"<title>Entre R\u00edos destinar\u00e1 el 100 por ciento del Impuesto Inmobiliario Rural a los caminos - Informe Litoral<\/title>\n<meta name=\"robots\" content=\"index, follow, max-snippet:-1, max-image-preview:large, max-video-preview:-1\" \/>\n<link rel=\"canonical\" href=\"https:\/\/informelitoral.com.ar\/entre-rios-destinara-el-100-por-ciento-del-impuesto-inmobiliario-rural-a-los-caminos\/\" \/>\n<meta property=\"og:locale\" content=\"es_ES\" \/>\n<meta property=\"og:type\" content=\"article\" \/>\n<meta property=\"og:title\" content=\"Entre R\u00edos destinar\u00e1 el 100 por ciento del Impuesto Inmobiliario Rural a los caminos - Informe Litoral\" \/>\n<meta property=\"og:description\" content=\"Lo anunci\u00f3 Rogelio Frigerio en un encuentro con sus pares de la Regi\u00f3n Centro en Rosario. Adem\u00e1s, volvieron a reclamar por una baja &quot;urgente&quot; de las retenciones al agro.\" \/>\n<meta property=\"og:url\" content=\"https:\/\/informelitoral.com.ar\/entre-rios-destinara-el-100-por-ciento-del-impuesto-inmobiliario-rural-a-los-caminos\/\" \/>\n<meta property=\"og:site_name\" content=\"Informe Litoral\" \/>\n<meta property=\"article:publisher\" content=\"https:\/\/www.facebook.com\/informelitoral\/\" \/>\n<meta property=\"article:published_time\" content=\"2025-01-22T10:10:08+00:00\" \/>\n<meta property=\"og:image\" content=\"https:\/\/informelitoral.com.ar\/%77%70%2d%63%6f%6e%74%65%6e%74\/uploads\/2025\/01\/ENE4006.jpg\" \/>\n\t<meta property=\"og:image:width\" content=\"1920\" \/>\n\t<meta property=\"og:image:height\" content=\"1280\" \/>\n\t<meta property=\"og:image:type\" content=\"image\/jpeg\" \/>\n<meta name=\"author\" content=\"Gonzalo Schmidt\" \/>\n<meta name=\"twitter:card\" content=\"summary_large_image\" \/>\n<meta name=\"twitter:creator\" content=\"@InformeLitoral\" \/>\n<meta name=\"twitter:site\" content=\"@InformeLitoral\" \/>\n<meta name=\"twitter:label1\" content=\"Escrito por\" \/>\n\t<meta name=\"twitter:data1\" content=\"Gonzalo Schmidt\" \/>\n\t<meta name=\"twitter:label2\" content=\"Tiempo de lectura\" \/>\n\t<meta name=\"twitter:data2\" content=\"2 minutos\" \/>\n<script type=\"application\/ld+json\" class=\"yoast-schema-graph\">{\"@context\":\"https:\\\/\\\/schema.org\",\"@graph\":[{\"@type\":\"Article\",\"@id\":\"https:\\\/\\\/informelitoral.com.ar\\\/entre-rios-destinara-el-100-por-ciento-del-impuesto-inmobiliario-rural-a-los-caminos\\\/#article\",\"isPartOf\":{\"@id\":\"https:\\\/\\\/informelitoral.com.ar\\\/entre-rios-destinara-el-100-por-ciento-del-impuesto-inmobiliario-rural-a-los-caminos\\\/\"},\"author\":{\"name\":\"Gonzalo Schmidt\",\"@id\":\"https:\\\/\\\/informelitoral.com.ar\\\/#\\\/schema\\\/person\\\/b9d00407c836482871ef1d57bf8e3180\"},\"headline\":\"Entre R\u00edos destinar\u00e1 el 100 por ciento del Impuesto Inmobiliario Rural a los caminos\",\"datePublished\":\"2025-01-22T10:10:08+00:00\",\"mainEntityOfPage\":{\"@id\":\"https:\\\/\\\/informelitoral.com.ar\\\/entre-rios-destinara-el-100-por-ciento-del-impuesto-inmobiliario-rural-a-los-caminos\\\/\"},\"wordCount\":358,\"commentCount\":0,\"publisher\":{\"@id\":\"https:\\\/\\\/informelitoral.com.ar\\\/#organization\"},\"image\":{\"@id\":\"https:\\\/\\\/informelitoral.com.ar\\\/entre-rios-destinara-el-100-por-ciento-del-impuesto-inmobiliario-rural-a-los-caminos\\\/#primaryimage\"},\"thumbnailUrl\":\"https:\\\/\\\/informelitoral.com.ar\\\/%77%70%2d%63%6f%6e%74%65%6e%74\\\/uploads\\\/2025\\\/01\\\/ENE4006.jpg\",\"keywords\":[\"Impuesto Inmobiliario Rural\",\"Regi\u00f3n Centro\",\"Retenciones\",\"Rogelio Frigerio\"],\"articleSection\":[\"Campo\"],\"inLanguage\":\"es\",\"potentialAction\":[{\"@type\":\"CommentAction\",\"name\":\"Comment\",\"target\":[\"https:\\\/\\\/informelitoral.com.ar\\\/entre-rios-destinara-el-100-por-ciento-del-impuesto-inmobiliario-rural-a-los-caminos\\\/#respond\"]}]},{\"@type\":\"WebPage\",\"@id\":\"https:\\\/\\\/informelitoral.com.ar\\\/entre-rios-destinara-el-100-por-ciento-del-impuesto-inmobiliario-rural-a-los-caminos\\\/\",\"url\":\"https:\\\/\\\/informelitoral.com.ar\\\/entre-rios-destinara-el-100-por-ciento-del-impuesto-inmobiliario-rural-a-los-caminos\\\/\",\"name\":\"Entre R\u00edos destinar\u00e1 el 100 por ciento del Impuesto Inmobiliario Rural a los caminos - Informe Litoral\",\"isPartOf\":{\"@id\":\"https:\\\/\\\/informelitoral.com.ar\\\/#website\"},\"primaryImageOfPage\":{\"@id\":\"https:\\\/\\\/informelitoral.com.ar\\\/entre-rios-destinara-el-100-por-ciento-del-impuesto-inmobiliario-rural-a-los-caminos\\\/#primaryimage\"},\"image\":{\"@id\":\"https:\\\/\\\/informelitoral.com.ar\\\/entre-rios-destinara-el-100-por-ciento-del-impuesto-inmobiliario-rural-a-los-caminos\\\/#primaryimage\"},\"thumbnailUrl\":\"https:\\\/\\\/informelitoral.com.ar\\\/%77%70%2d%63%6f%6e%74%65%6e%74\\\/uploads\\\/2025\\\/01\\\/ENE4006.jpg\",\"datePublished\":\"2025-01-22T10:10:08+00:00\",\"breadcrumb\":{\"@id\":\"https:\\\/\\\/informelitoral.com.ar\\\/entre-rios-destinara-el-100-por-ciento-del-impuesto-inmobiliario-rural-a-los-caminos\\\/#breadcrumb\"},\"inLanguage\":\"es\",\"potentialAction\":[{\"@type\":\"ReadAction\",\"target\":[\"https:\\\/\\\/informelitoral.com.ar\\\/entre-rios-destinara-el-100-por-ciento-del-impuesto-inmobiliario-rural-a-los-caminos\\\/\"]}]},{\"@type\":\"ImageObject\",\"inLanguage\":\"es\",\"@id\":\"https:\\\/\\\/informelitoral.com.ar\\\/entre-rios-destinara-el-100-por-ciento-del-impuesto-inmobiliario-rural-a-los-caminos\\\/#primaryimage\",\"url\":\"https:\\\/\\\/informelitoral.com.ar\\\/%77%70%2d%63%6f%6e%74%65%6e%74\\\/uploads\\\/2025\\\/01\\\/ENE4006.jpg\",\"contentUrl\":\"https:\\\/\\\/informelitoral.com.ar\\\/%77%70%2d%63%6f%6e%74%65%6e%74\\\/uploads\\\/2025\\\/01\\\/ENE4006.jpg\",\"width\":1920,\"height\":1280},{\"@type\":\"BreadcrumbList\",\"@id\":\"https:\\\/\\\/informelitoral.com.ar\\\/entre-rios-destinara-el-100-por-ciento-del-impuesto-inmobiliario-rural-a-los-caminos\\\/#breadcrumb\",\"itemListElement\":[{\"@type\":\"ListItem\",\"position\":1,\"name\":\"Portada\",\"item\":\"https:\\\/\\\/informelitoral.com.ar\\\/\"},{\"@type\":\"ListItem\",\"position\":2,\"name\":\"Entre R\u00edos destinar\u00e1 el 100 por ciento del Impuesto Inmobiliario Rural a los caminos\"}]},{\"@type\":\"WebSite\",\"@id\":\"https:\\\/\\\/informelitoral.com.ar\\\/#website\",\"url\":\"https:\\\/\\\/informelitoral.com.ar\\\/\",\"name\":\"Informe Litoral\",\"description\":\"&quot;Nos informamos&quot; \",\"publisher\":{\"@id\":\"https:\\\/\\\/informelitoral.com.ar\\\/#organization\"},\"potentialAction\":[{\"@type\":\"SearchAction\",\"target\":{\"@type\":\"EntryPoint\",\"urlTemplate\":\"https:\\\/\\\/informelitoral.com.ar\\\/?s={search_term_string}\"},\"query-input\":{\"@type\":\"PropertyValueSpecification\",\"valueRequired\":true,\"valueName\":\"search_term_string\"}}],\"inLanguage\":\"es\"},{\"@type\":\"Organization\",\"@id\":\"https:\\\/\\\/informelitoral.com.ar\\\/#organization\",\"name\":\"Informe Litoral\",\"url\":\"https:\\\/\\\/informelitoral.com.ar\\\/\",\"logo\":{\"@type\":\"ImageObject\",\"inLanguage\":\"es\",\"@id\":\"https:\\\/\\\/informelitoral.com.ar\\\/#\\\/schema\\\/logo\\\/image\\\/\",\"url\":\"https:\\\/\\\/informelitoral.com.ar\\\/%77%70%2d%63%6f%6e%74%65%6e%74\\\/uploads\\\/2021\\\/01\\\/circulo.png\",\"contentUrl\":\"https:\\\/\\\/informelitoral.com.ar\\\/%77%70%2d%63%6f%6e%74%65%6e%74\\\/uploads\\\/2021\\\/01\\\/circulo.png\",\"width\":723,\"height\":731,\"caption\":\"Informe Litoral\"},\"image\":{\"@id\":\"https:\\\/\\\/informelitoral.com.ar\\\/#\\\/schema\\\/logo\\\/image\\\/\"},\"sameAs\":[\"https:\\\/\\\/www.facebook.com\\\/informelitoral\\\/\",\"https:\\\/\\\/x.com\\\/InformeLitoral\",\"https:\\\/\\\/www.instagram.com\\\/informelitoral\\\/\",\"https:\\\/\\\/www.youtube.com\\\/channel\\\/UCua4Qvz8Icb6MYqhoq9xLXw\"]},{\"@type\":\"Person\",\"@id\":\"https:\\\/\\\/informelitoral.com.ar\\\/#\\\/schema\\\/person\\\/b9d00407c836482871ef1d57bf8e3180\",\"name\":\"Gonzalo Schmidt\",\"image\":{\"@type\":\"ImageObject\",\"inLanguage\":\"es\",\"@id\":\"https:\\\/\\\/secure.gravatar.com\\\/avatar\\\/31a1a7b66ff2de83bd0e9fd79d026630d2d99e55e8bfe501287647b4fd9743de?s=96&d=mm&r=g\",\"url\":\"https:\\\/\\\/secure.gravatar.com\\\/avatar\\\/31a1a7b66ff2de83bd0e9fd79d026630d2d99e55e8bfe501287647b4fd9743de?s=96&d=mm&r=g\",\"contentUrl\":\"https:\\\/\\\/secure.gravatar.com\\\/avatar\\\/31a1a7b66ff2de83bd0e9fd79d026630d2d99e55e8bfe501287647b4fd9743de?s=96&d=mm&r=g\",\"caption\":\"Gonzalo Schmidt\"},\"description\":\"Sitio web de noticias de la provincia de Entre R\u00edos, Argentina. Informaci\u00f3n y entretenimiento. Informe Litoral, nos informamos.\",\"sameAs\":[\"http:\\\/\\\/www.isletasnoticias.com.ar\"],\"url\":\"https:\\\/\\\/informelitoral.com.ar\\\/author\\\/gonzalo\\\/\"}]}<\/script>","yoast_head_json":{"title":"Entre R\u00edos destinar\u00e1 el 100 por ciento del Impuesto Inmobiliario Rural a los caminos - Informe Litoral","robots":{"index":"index","follow":"follow","max-snippet":"max-snippet:-1","max-image-preview":"max-image-preview:large","max-video-preview":"max-video-preview:-1"},"canonical":"https:\/\/informelitoral.com.ar\/entre-rios-destinara-el-100-por-ciento-del-impuesto-inmobiliario-rural-a-los-caminos\/","og_locale":"es_ES","og_type":"article","og_title":"Entre R\u00edos destinar\u00e1 el 100 por ciento del Impuesto Inmobiliario Rural a los caminos - Informe Litoral","og_description":"Lo anunci\u00f3 Rogelio Frigerio en un encuentro con sus pares de la Regi\u00f3n Centro en Rosario. Adem\u00e1s, volvieron a reclamar por una baja \"urgente\" de las retenciones al agro.","og_url":"https:\/\/informelitoral.com.ar\/entre-rios-destinara-el-100-por-ciento-del-impuesto-inmobiliario-rural-a-los-caminos\/","og_site_name":"Informe Litoral","article_publisher":"https:\/\/www.facebook.com\/informelitoral\/","article_published_time":"2025-01-22T10:10:08+00:00","og_image":[{"width":1920,"height":1280,"url":"https:\/\/informelitoral.com.ar\/%77%70%2d%63%6f%6e%74%65%6e%74\/uploads\/2025\/01\/ENE4006.jpg","type":"image\/jpeg"}],"author":"Gonzalo Schmidt","twitter_card":"summary_large_image","twitter_creator":"@InformeLitoral","twitter_site":"@InformeLitoral","twitter_misc":{"Escrito por":"Gonzalo Schmidt","Tiempo de lectura":"2 minutos"},"schema":{"@context":"https:\/\/schema.org","@graph":[{"@type":"Article","@id":"https:\/\/informelitoral.com.ar\/entre-rios-destinara-el-100-por-ciento-del-impuesto-inmobiliario-rural-a-los-caminos\/#article","isPartOf":{"@id":"https:\/\/informelitoral.com.ar\/entre-rios-destinara-el-100-por-ciento-del-impuesto-inmobiliario-rural-a-los-caminos\/"},"author":{"name":"Gonzalo Schmidt","@id":"https:\/\/informelitoral.com.ar\/#\/schema\/person\/b9d00407c836482871ef1d57bf8e3180"},"headline":"Entre R\u00edos destinar\u00e1 el 100 por ciento del Impuesto Inmobiliario Rural a los caminos","datePublished":"2025-01-22T10:10:08+00:00","mainEntityOfPage":{"@id":"https:\/\/informelitoral.com.ar\/entre-rios-destinara-el-100-por-ciento-del-impuesto-inmobiliario-rural-a-los-caminos\/"},"wordCount":358,"commentCount":0,"publisher":{"@id":"https:\/\/informelitoral.com.ar\/#organization"},"image":{"@id":"https:\/\/informelitoral.com.ar\/entre-rios-destinara-el-100-por-ciento-del-impuesto-inmobiliario-rural-a-los-caminos\/#primaryimage"},"thumbnailUrl":"https:\/\/informelitoral.com.ar\/%77%70%2d%63%6f%6e%74%65%6e%74\/uploads\/2025\/01\/ENE4006.jpg","keywords":["Impuesto Inmobiliario Rural","Regi\u00f3n Centro","Retenciones","Rogelio Frigerio"],"articleSection":["Campo"],"inLanguage":"es","potentialAction":[{"@type":"CommentAction","name":"Comment","target":["https:\/\/informelitoral.com.ar\/entre-rios-destinara-el-100-por-ciento-del-impuesto-inmobiliario-rural-a-los-caminos\/#respond"]}]},{"@type":"WebPage","@id":"https:\/\/informelitoral.com.ar\/entre-rios-destinara-el-100-por-ciento-del-impuesto-inmobiliario-rural-a-los-caminos\/","url":"https:\/\/informelitoral.com.ar\/entre-rios-destinara-el-100-por-ciento-del-impuesto-inmobiliario-rural-a-los-caminos\/","name":"Entre R\u00edos destinar\u00e1 el 100 por ciento del Impuesto Inmobiliario Rural a los caminos - Informe Litoral","isPartOf":{"@id":"https:\/\/informelitoral.com.ar\/#website"},"primaryImageOfPage":{"@id":"https:\/\/informelitoral.com.ar\/entre-rios-destinara-el-100-por-ciento-del-impuesto-inmobiliario-rural-a-los-caminos\/#primaryimage"},"image":{"@id":"https:\/\/informelitoral.com.ar\/entre-rios-destinara-el-100-por-ciento-del-impuesto-inmobiliario-rural-a-los-caminos\/#primaryimage"},"thumbnailUrl":"https:\/\/informelitoral.com.ar\/%77%70%2d%63%6f%6e%74%65%6e%74\/uploads\/2025\/01\/ENE4006.jpg","datePublished":"2025-01-22T10:10:08+00:00","breadcrumb":{"@id":"https:\/\/informelitoral.com.ar\/entre-rios-destinara-el-100-por-ciento-del-impuesto-inmobiliario-rural-a-los-caminos\/#breadcrumb"},"inLanguage":"es","potentialAction":[{"@type":"ReadAction","target":["https:\/\/informelitoral.com.ar\/entre-rios-destinara-el-100-por-ciento-del-impuesto-inmobiliario-rural-a-los-caminos\/"]}]},{"@type":"ImageObject","inLanguage":"es","@id":"https:\/\/informelitoral.com.ar\/entre-rios-destinara-el-100-por-ciento-del-impuesto-inmobiliario-rural-a-los-caminos\/#primaryimage","url":"https:\/\/informelitoral.com.ar\/%77%70%2d%63%6f%6e%74%65%6e%74\/uploads\/2025\/01\/ENE4006.jpg","contentUrl":"https:\/\/informelitoral.com.ar\/%77%70%2d%63%6f%6e%74%65%6e%74\/uploads\/2025\/01\/ENE4006.jpg","width":1920,"height":1280},{"@type":"BreadcrumbList","@id":"https:\/\/informelitoral.com.ar\/entre-rios-destinara-el-100-por-ciento-del-impuesto-inmobiliario-rural-a-los-caminos\/#breadcrumb","itemListElement":[{"@type":"ListItem","position":1,"name":"Portada","item":"https:\/\/informelitoral.com.ar\/"},{"@type":"ListItem","position":2,"name":"Entre R\u00edos destinar\u00e1 el 100 por ciento del Impuesto Inmobiliario Rural a los caminos"}]},{"@type":"WebSite","@id":"https:\/\/informelitoral.com.ar\/#website","url":"https:\/\/informelitoral.com.ar\/","name":"Informe Litoral","description":"&quot;Nos informamos&quot; ","publisher":{"@id":"https:\/\/informelitoral.com.ar\/#organization"},"potentialAction":[{"@type":"SearchAction","target":{"@type":"EntryPoint","urlTemplate":"https:\/\/informelitoral.com.ar\/?s={search_term_string}"},"query-input":{"@type":"PropertyValueSpecification","valueRequired":true,"valueName":"search_term_string"}}],"inLanguage":"es"},{"@type":"Organization","@id":"https:\/\/informelitoral.com.ar\/#organization","name":"Informe Litoral","url":"https:\/\/informelitoral.com.ar\/","logo":{"@type":"ImageObject","inLanguage":"es","@id":"https:\/\/informelitoral.com.ar\/#\/schema\/logo\/image\/","url":"https:\/\/informelitoral.com.ar\/%77%70%2d%63%6f%6e%74%65%6e%74\/uploads\/2021\/01\/circulo.png","contentUrl":"https:\/\/informelitoral.com.ar\/%77%70%2d%63%6f%6e%74%65%6e%74\/uploads\/2021\/01\/circulo.png","width":723,"height":731,"caption":"Informe Litoral"},"image":{"@id":"https:\/\/informelitoral.com.ar\/#\/schema\/logo\/image\/"},"sameAs":["https:\/\/www.facebook.com\/informelitoral\/","https:\/\/x.com\/InformeLitoral","https:\/\/www.instagram.com\/informelitoral\/","https:\/\/www.youtube.com\/channel\/UCua4Qvz8Icb6MYqhoq9xLXw"]},{"@type":"Person","@id":"https:\/\/informelitoral.com.ar\/#\/schema\/person\/b9d00407c836482871ef1d57bf8e3180","name":"Gonzalo Schmidt","image":{"@type":"ImageObject","inLanguage":"es","@id":"https:\/\/secure.gravatar.com\/avatar\/31a1a7b66ff2de83bd0e9fd79d026630d2d99e55e8bfe501287647b4fd9743de?s=96&d=mm&r=g","url":"https:\/\/secure.gravatar.com\/avatar\/31a1a7b66ff2de83bd0e9fd79d026630d2d99e55e8bfe501287647b4fd9743de?s=96&d=mm&r=g","contentUrl":"https:\/\/secure.gravatar.com\/avatar\/31a1a7b66ff2de83bd0e9fd79d026630d2d99e55e8bfe501287647b4fd9743de?s=96&d=mm&r=g","caption":"Gonzalo Schmidt"},"description":"Sitio web de noticias de la provincia de Entre R\u00edos, Argentina. Informaci\u00f3n y entretenimiento. Informe Litoral, nos informamos.","sameAs":["http:\/\/www.isletasnoticias.com.ar"],"url":"https:\/\/informelitoral.com.ar\/author\/gonzalo\/"}]}},"_links":{"self":[{"href":"https:\/\/informelitoral.com.ar\/%77%70%2d%6a%73%6f%6e\/wp\/v2\/posts\/209487","targetHints":{"allow":["GET"]}}],"collection":[{"href":"https:\/\/informelitoral.com.ar\/%77%70%2d%6a%73%6f%6e\/wp\/v2\/posts"}],"about":[{"href":"https:\/\/informelitoral.com.ar\/%77%70%2d%6a%73%6f%6e\/wp\/v2\/types\/post"}],"author":[{"embeddable":true,"href":"https:\/\/informelitoral.com.ar\/%77%70%2d%6a%73%6f%6e\/wp\/v2\/users\/2"}],"replies":[{"embeddable":true,"href":"https:\/\/informelitoral.com.ar\/%77%70%2d%6a%73%6f%6e\/wp\/v2\/comments?post=209487"}],"version-history":[{"count":0,"href":"https:\/\/informelitoral.com.ar\/%77%70%2d%6a%73%6f%6e\/wp\/v2\/posts\/209487\/revisions"}],"wp:featuredmedia":[{"embeddable":true,"href":"https:\/\/informelitoral.com.ar\/%77%70%2d%6a%73%6f%6e\/wp\/v2\/media\/209488"}],"wp:attachment":[{"href":"https:\/\/informelitoral.com.ar\/%77%70%2d%6a%73%6f%6e\/wp\/v2\/media?parent=209487"}],"wp:term":[{"taxonomy":"category","embeddable":true,"href":"https:\/\/informelitoral.com.ar\/%77%70%2d%6a%73%6f%6e\/wp\/v2\/categories?post=209487"},{"taxonomy":"post_tag","embeddable":true,"href":"https:\/\/informelitoral.com.ar\/%77%70%2d%6a%73%6f%6e\/wp\/v2\/tags?post=209487"}],"curies":[{"name":"wp","href":"https:\/\/api.w.org\/{rel}","templated":true}]}}