{"id":209362,"date":"2025-01-21T07:23:54","date_gmt":"2025-01-21T10:23:54","guid":{"rendered":"https:\/\/informelitoral.com.ar\/?p=209362"},"modified":"2025-01-21T07:26:41","modified_gmt":"2025-01-21T10:26:41","slug":"la-familia-de-cacho-deicas-publico-una-foto-y-un-texto-sobre-su-salud","status":"publish","type":"post","link":"https:\/\/informelitoral.com.ar\/la-familia-de-cacho-deicas-publico-una-foto-y-un-texto-sobre-su-salud\/","title":{"rendered":"La familia de Cacho Deicas public\u00f3 una foto y un texto sobre su salud"},"content":{"rendered":"<p>Luego de las pol\u00e9micas declaraciones de Marcos Camino, quien asegur\u00f3 que la familia de Cacho Deicas, no le permite a la banda Los Palmeras comunicarse con \u00e9l, la familia del cantante realiz\u00f3 un posteo en las redes sociales del cantante para comunicarse de forma directa con sus fan\u00e1ticos fan\u00e1ticos y enviar un mensaje sobre la salud del cantante.<\/p>\n<p>Lejos de la confrontaci\u00f3n, optaron por ponerle pa\u00f1os fr\u00edos a la situaci\u00f3n y se limitaron a contar sobre el estado de salud de Deicas. \u00abLa familia de Cacho Deicas queremos transmitirles de su parte, que va muy bien en su recuperaci\u00f3n, desde la tranquilidad de su hogar y con terapias ambulatorias de rehabilitaci\u00f3n\u00bb, expresaron.<\/p>\n<p>Adem\u00e1s, le agradecieron a los fan\u00e1ticos \u00abla preocupaci\u00f3n y las hermosas muestras de apoyo, fuerza y respeto que tienen para con \u00e9l en esta instancia especial de su salud\u00bb. \u00abUn gran abrazo de parte Cacho\u00bb, finaliz\u00f3 el posteo.<\/p>\n<p><iframe id=\"instagram-embed-0\" class=\"instagram-media instagram-media-rendered\" src=\"https:\/\/www.instagram.com\/p\/DFDfiaNuP8v\/embed\/captioned\/?cr=1&amp;v=14&amp;wp=540&amp;rd=https%3A%2F%2Fwww.elonce.com&amp;rp=%2Fespectaculos%2Fla-foto-de-cacho-deicas-tras-los-primeros-dias-en-su-casa-y-el-posteo-de-la-familia.htm#%7B%22ci%22%3A0%2C%22os%22%3A1273.7999999998137%2C%22ls%22%3A665.1999999992549%2C%22le%22%3A1228%7D\" height=\"965\" frameborder=\"0\" scrolling=\"no\" allowfullscreen=\"allowfullscreen\" data-instgrm-payload-id=\"instagram-media-payload-0\" data-mce-fragment=\"1\"><\/iframe><\/p>\n<h2><strong>Qu\u00e9 le pas\u00f3 a Cacho Deicas<\/strong><\/h2>\n<p>Rub\u00e9n H\u00e9ctor \u00abCacho\u00bb Deicas, cantante de Los Palmeras, recibi\u00f3 el alta m\u00e9dica el mi\u00e9rcoles 15 de enero, luego de sufrir un ACV isqu\u00e9mico transitorio y estar internado desde el jueves 9 de enero en un sanatorio de Santa Fe. La salud del cantante, preocup\u00f3 a los fan\u00e1ticos de Los Palmeras y a la comunidad musical de Santa Fe.<\/p>\n<p>El artista santafesino de 72 a\u00f1os se mantiene activo con la banda y se present\u00f3 en Rosario a finales del 2024. Desde sus comienzos con Los Palmeras en 1972, se consolid\u00f3 como uno de los referentes de la banda y de la cumbia a nivel nacional.<\/p>\n<h2><strong>Declaraciones de Marcos Camino<\/strong><\/h2>\n<p>Marcos Camino expres\u00f3 este fin de semana su preocupaci\u00f3n al se\u00f1alar que la familia del cantante no le permite contactarlo ni obtener informaci\u00f3n sobre su estado actual.<\/p>\n<p>\u201cEstoy en la misma situaci\u00f3n que el p\u00fablico: no s\u00e9 absolutamente nada de su salud porque la familia no lo permite. Intentamos comunicarnos, pero no tenemos respuestas\u00bb, afirm\u00f3 Camino en declaraciones a la prensa.<\/p>\n<p>Ante la pregunta de si esta actitud le dol\u00eda, Camino respondi\u00f3: \u201cParticularmente, por ser un amigo de a\u00f1os, s\u00ed. No s\u00e9 si decir que me duele, pero siento que todo el esfuerzo que hemos hecho ha sido en vano. Yo no soy su enemigo, soy un amigo de \u00e9l de toda la vida. Y que no me permitan hablar con \u00e9l me parece una cuesti\u00f3n bastante jodida\u00bb.<\/p>\n<h2><strong>Pablo L\u00f3pez en los zapatos de Cacho Deicas<\/strong><\/h2>\n<p>Los problemas de salud de Rub\u00e9n \u201cCacho\u201d Deicas, voz hist\u00f3rica de Los Palmeras, impact\u00f3 de lleno en el ambiente de la movida tropical este verano. Luego de sufrir un ACV y tras una breve estancia en un sanatorio santafesino, los m\u00e9dicos le permitieron al artista regresar a su casa, donde se recupera rodeado de su familia.<\/p>\n<p>La duda de muchos, en ese marco, era qu\u00e9 pasar\u00eda con el grupo. Lo cierto es que Cacho levant\u00f3 el pulgar para seguir trabajando. Comenzaron entonces los movimientos para encontrar una voz y muchas se\u00f1ales apuntaban al mismo nombre: Pablo L\u00f3pez.<\/p>\n<p>El m\u00fasico de 37 a\u00f1os fue elegido para darle voz a cl\u00e1sicos como \u00abEl bomb\u00f3n asesino\u00bb, \u201cDoble vida\u201d, \u201cOlv\u00eddala\u201d, \u201cPerra\u201d y \u201cQu\u00e9 quiere la Chola\u201d, entre otros. En di\u00e1logo con <i>La Capital<\/i>, el cantante no guarda palabras para mostrar su agradecimiento: \u201cHonor\u201d, \u201cprivilegio\u201d y \u201cbendici\u00f3n\u201d son algunas de las que repite en el di\u00e1logo que mantiene con este medio, desde Concepci\u00f3n del Uruguay, donde dio su primer recital en los zapatos de Deicas.<\/p>\n<p>Adem\u00e1s, reconoci\u00f3 que es \u201cuna pesada mochila ocupar el lugar de una eminencia como Cacho\u201d.<\/p>\n<h6><em><strong>Del archivo:\u00a0<a href=\"https:\/\/informelitoral.com.ar\/la-fiesta-de-la-cerveza-en-crespo-se-hara-el-15-de-febrero\/\" target=\"_blank\" rel=\"noopener\">La Fiesta de la Cerveza en Crespo se har\u00e1 el 15 de febrero<\/a><\/strong><\/em><\/h6>\n","protected":false},"excerpt":{"rendered":"<p>Lejos de la pol\u00e9mica iniciada por el acordeonista Marcos Camino, la familia de Cacho Deicas opt\u00f3 por usar las redes sociales del cantante para hablarles a sus fan\u00e1ticos y enviar un mensaje sobre la salud del l\u00edder de Los Palmeras.<\/p>\n","protected":false},"author":2,"featured_media":209363,"comment_status":"open","ping_status":"open","sticky":false,"template":"","format":"standard","meta":{"fifu_image_url":"","fifu_image_alt":"","footnotes":""},"categories":[12],"tags":[330,212,957],"class_list":{"0":"post-209362","1":"post","2":"type-post","3":"status-publish","4":"format-standard","5":"has-post-thumbnail","7":"category-espectaculos","8":"tag-los-palmeras","9":"tag-musica","10":"tag-musico"},"yoast_head":"<title>La familia de Cacho Deicas public\u00f3 una foto y un texto sobre su salud - Informe Litoral<\/title>\n<meta name=\"robots\" content=\"index, follow, max-snippet:-1, max-image-preview:large, max-video-preview:-1\" \/>\n<link rel=\"canonical\" href=\"https:\/\/informelitoral.com.ar\/la-familia-de-cacho-deicas-publico-una-foto-y-un-texto-sobre-su-salud\/\" \/>\n<meta property=\"og:locale\" content=\"es_ES\" \/>\n<meta property=\"og:type\" content=\"article\" \/>\n<meta property=\"og:title\" content=\"La familia de Cacho Deicas public\u00f3 una foto y un texto sobre su salud - Informe Litoral\" \/>\n<meta property=\"og:description\" content=\"Lejos de la pol\u00e9mica iniciada por el acordeonista Marcos Camino, la familia de Cacho Deicas opt\u00f3 por usar las redes sociales del cantante para hablarles a sus fan\u00e1ticos y enviar un mensaje sobre la salud del l\u00edder de Los Palmeras.\" \/>\n<meta property=\"og:url\" content=\"https:\/\/informelitoral.com.ar\/la-familia-de-cacho-deicas-publico-una-foto-y-un-texto-sobre-su-salud\/\" \/>\n<meta property=\"og:site_name\" content=\"Informe Litoral\" \/>\n<meta property=\"article:publisher\" content=\"https:\/\/www.facebook.com\/informelitoral\/\" \/>\n<meta property=\"article:published_time\" content=\"2025-01-21T10:23:54+00:00\" \/>\n<meta property=\"article:modified_time\" content=\"2025-01-21T10:26:41+00:00\" \/>\n<meta property=\"og:image\" content=\"https:\/\/informelitoral.com.ar\/%77%70%2d%63%6f%6e%74%65%6e%74\/uploads\/2025\/01\/cacho-deicas.jpg\" \/>\n\t<meta property=\"og:image:width\" content=\"1440\" \/>\n\t<meta property=\"og:image:height\" content=\"807\" \/>\n\t<meta property=\"og:image:type\" content=\"image\/jpeg\" \/>\n<meta name=\"author\" content=\"Gonzalo Schmidt\" \/>\n<meta name=\"twitter:card\" content=\"summary_large_image\" \/>\n<meta name=\"twitter:creator\" content=\"@InformeLitoral\" \/>\n<meta name=\"twitter:site\" content=\"@InformeLitoral\" \/>\n<meta name=\"twitter:label1\" content=\"Escrito por\" \/>\n\t<meta name=\"twitter:data1\" content=\"Gonzalo Schmidt\" \/>\n\t<meta name=\"twitter:label2\" content=\"Tiempo de lectura\" \/>\n\t<meta name=\"twitter:data2\" content=\"3 minutos\" \/>\n<script type=\"application\/ld+json\" class=\"yoast-schema-graph\">{\"@context\":\"https:\\\/\\\/schema.org\",\"@graph\":[{\"@type\":\"Article\",\"@id\":\"https:\\\/\\\/informelitoral.com.ar\\\/la-familia-de-cacho-deicas-publico-una-foto-y-un-texto-sobre-su-salud\\\/#article\",\"isPartOf\":{\"@id\":\"https:\\\/\\\/informelitoral.com.ar\\\/la-familia-de-cacho-deicas-publico-una-foto-y-un-texto-sobre-su-salud\\\/\"},\"author\":{\"name\":\"Gonzalo Schmidt\",\"@id\":\"https:\\\/\\\/informelitoral.com.ar\\\/#\\\/schema\\\/person\\\/b9d00407c836482871ef1d57bf8e3180\"},\"headline\":\"La familia de Cacho Deicas public\u00f3 una foto y un texto sobre su salud\",\"datePublished\":\"2025-01-21T10:23:54+00:00\",\"dateModified\":\"2025-01-21T10:26:41+00:00\",\"mainEntityOfPage\":{\"@id\":\"https:\\\/\\\/informelitoral.com.ar\\\/la-familia-de-cacho-deicas-publico-una-foto-y-un-texto-sobre-su-salud\\\/\"},\"wordCount\":651,\"commentCount\":0,\"publisher\":{\"@id\":\"https:\\\/\\\/informelitoral.com.ar\\\/#organization\"},\"image\":{\"@id\":\"https:\\\/\\\/informelitoral.com.ar\\\/la-familia-de-cacho-deicas-publico-una-foto-y-un-texto-sobre-su-salud\\\/#primaryimage\"},\"thumbnailUrl\":\"https:\\\/\\\/informelitoral.com.ar\\\/%77%70%2d%63%6f%6e%74%65%6e%74\\\/uploads\\\/2025\\\/01\\\/cacho-deicas.jpg\",\"keywords\":[\"Los Palmeras\",\"M\u00fasica\",\"M\u00fasico\"],\"articleSection\":[\"Espect\u00e1culos\"],\"inLanguage\":\"es\",\"potentialAction\":[{\"@type\":\"CommentAction\",\"name\":\"Comment\",\"target\":[\"https:\\\/\\\/informelitoral.com.ar\\\/la-familia-de-cacho-deicas-publico-una-foto-y-un-texto-sobre-su-salud\\\/#respond\"]}]},{\"@type\":\"WebPage\",\"@id\":\"https:\\\/\\\/informelitoral.com.ar\\\/la-familia-de-cacho-deicas-publico-una-foto-y-un-texto-sobre-su-salud\\\/\",\"url\":\"https:\\\/\\\/informelitoral.com.ar\\\/la-familia-de-cacho-deicas-publico-una-foto-y-un-texto-sobre-su-salud\\\/\",\"name\":\"La familia de Cacho Deicas public\u00f3 una foto y un texto sobre su salud - Informe Litoral\",\"isPartOf\":{\"@id\":\"https:\\\/\\\/informelitoral.com.ar\\\/#website\"},\"primaryImageOfPage\":{\"@id\":\"https:\\\/\\\/informelitoral.com.ar\\\/la-familia-de-cacho-deicas-publico-una-foto-y-un-texto-sobre-su-salud\\\/#primaryimage\"},\"image\":{\"@id\":\"https:\\\/\\\/informelitoral.com.ar\\\/la-familia-de-cacho-deicas-publico-una-foto-y-un-texto-sobre-su-salud\\\/#primaryimage\"},\"thumbnailUrl\":\"https:\\\/\\\/informelitoral.com.ar\\\/%77%70%2d%63%6f%6e%74%65%6e%74\\\/uploads\\\/2025\\\/01\\\/cacho-deicas.jpg\",\"datePublished\":\"2025-01-21T10:23:54+00:00\",\"dateModified\":\"2025-01-21T10:26:41+00:00\",\"breadcrumb\":{\"@id\":\"https:\\\/\\\/informelitoral.com.ar\\\/la-familia-de-cacho-deicas-publico-una-foto-y-un-texto-sobre-su-salud\\\/#breadcrumb\"},\"inLanguage\":\"es\",\"potentialAction\":[{\"@type\":\"ReadAction\",\"target\":[\"https:\\\/\\\/informelitoral.com.ar\\\/la-familia-de-cacho-deicas-publico-una-foto-y-un-texto-sobre-su-salud\\\/\"]}]},{\"@type\":\"ImageObject\",\"inLanguage\":\"es\",\"@id\":\"https:\\\/\\\/informelitoral.com.ar\\\/la-familia-de-cacho-deicas-publico-una-foto-y-un-texto-sobre-su-salud\\\/#primaryimage\",\"url\":\"https:\\\/\\\/informelitoral.com.ar\\\/%77%70%2d%63%6f%6e%74%65%6e%74\\\/uploads\\\/2025\\\/01\\\/cacho-deicas.jpg\",\"contentUrl\":\"https:\\\/\\\/informelitoral.com.ar\\\/%77%70%2d%63%6f%6e%74%65%6e%74\\\/uploads\\\/2025\\\/01\\\/cacho-deicas.jpg\",\"width\":1440,\"height\":807},{\"@type\":\"BreadcrumbList\",\"@id\":\"https:\\\/\\\/informelitoral.com.ar\\\/la-familia-de-cacho-deicas-publico-una-foto-y-un-texto-sobre-su-salud\\\/#breadcrumb\",\"itemListElement\":[{\"@type\":\"ListItem\",\"position\":1,\"name\":\"Portada\",\"item\":\"https:\\\/\\\/informelitoral.com.ar\\\/\"},{\"@type\":\"ListItem\",\"position\":2,\"name\":\"La familia de Cacho Deicas public\u00f3 una foto y un texto sobre su salud\"}]},{\"@type\":\"WebSite\",\"@id\":\"https:\\\/\\\/informelitoral.com.ar\\\/#website\",\"url\":\"https:\\\/\\\/informelitoral.com.ar\\\/\",\"name\":\"Informe Litoral\",\"description\":\"&quot;Nos informamos&quot; \",\"publisher\":{\"@id\":\"https:\\\/\\\/informelitoral.com.ar\\\/#organization\"},\"potentialAction\":[{\"@type\":\"SearchAction\",\"target\":{\"@type\":\"EntryPoint\",\"urlTemplate\":\"https:\\\/\\\/informelitoral.com.ar\\\/?s={search_term_string}\"},\"query-input\":{\"@type\":\"PropertyValueSpecification\",\"valueRequired\":true,\"valueName\":\"search_term_string\"}}],\"inLanguage\":\"es\"},{\"@type\":\"Organization\",\"@id\":\"https:\\\/\\\/informelitoral.com.ar\\\/#organization\",\"name\":\"Informe Litoral\",\"url\":\"https:\\\/\\\/informelitoral.com.ar\\\/\",\"logo\":{\"@type\":\"ImageObject\",\"inLanguage\":\"es\",\"@id\":\"https:\\\/\\\/informelitoral.com.ar\\\/#\\\/schema\\\/logo\\\/image\\\/\",\"url\":\"https:\\\/\\\/informelitoral.com.ar\\\/%77%70%2d%63%6f%6e%74%65%6e%74\\\/uploads\\\/2021\\\/01\\\/circulo.png\",\"contentUrl\":\"https:\\\/\\\/informelitoral.com.ar\\\/%77%70%2d%63%6f%6e%74%65%6e%74\\\/uploads\\\/2021\\\/01\\\/circulo.png\",\"width\":723,\"height\":731,\"caption\":\"Informe Litoral\"},\"image\":{\"@id\":\"https:\\\/\\\/informelitoral.com.ar\\\/#\\\/schema\\\/logo\\\/image\\\/\"},\"sameAs\":[\"https:\\\/\\\/www.facebook.com\\\/informelitoral\\\/\",\"https:\\\/\\\/x.com\\\/InformeLitoral\",\"https:\\\/\\\/www.instagram.com\\\/informelitoral\\\/\",\"https:\\\/\\\/www.youtube.com\\\/channel\\\/UCua4Qvz8Icb6MYqhoq9xLXw\"]},{\"@type\":\"Person\",\"@id\":\"https:\\\/\\\/informelitoral.com.ar\\\/#\\\/schema\\\/person\\\/b9d00407c836482871ef1d57bf8e3180\",\"name\":\"Gonzalo Schmidt\",\"image\":{\"@type\":\"ImageObject\",\"inLanguage\":\"es\",\"@id\":\"https:\\\/\\\/secure.gravatar.com\\\/avatar\\\/31a1a7b66ff2de83bd0e9fd79d026630d2d99e55e8bfe501287647b4fd9743de?s=96&d=mm&r=g\",\"url\":\"https:\\\/\\\/secure.gravatar.com\\\/avatar\\\/31a1a7b66ff2de83bd0e9fd79d026630d2d99e55e8bfe501287647b4fd9743de?s=96&d=mm&r=g\",\"contentUrl\":\"https:\\\/\\\/secure.gravatar.com\\\/avatar\\\/31a1a7b66ff2de83bd0e9fd79d026630d2d99e55e8bfe501287647b4fd9743de?s=96&d=mm&r=g\",\"caption\":\"Gonzalo Schmidt\"},\"description\":\"Sitio web de noticias de la provincia de Entre R\u00edos, Argentina. Informaci\u00f3n y entretenimiento. Informe Litoral, nos informamos.\",\"sameAs\":[\"http:\\\/\\\/www.isletasnoticias.com.ar\"],\"url\":\"https:\\\/\\\/informelitoral.com.ar\\\/author\\\/gonzalo\\\/\"}]}<\/script>","yoast_head_json":{"title":"La familia de Cacho Deicas public\u00f3 una foto y un texto sobre su salud - Informe Litoral","robots":{"index":"index","follow":"follow","max-snippet":"max-snippet:-1","max-image-preview":"max-image-preview:large","max-video-preview":"max-video-preview:-1"},"canonical":"https:\/\/informelitoral.com.ar\/la-familia-de-cacho-deicas-publico-una-foto-y-un-texto-sobre-su-salud\/","og_locale":"es_ES","og_type":"article","og_title":"La familia de Cacho Deicas public\u00f3 una foto y un texto sobre su salud - Informe Litoral","og_description":"Lejos de la pol\u00e9mica iniciada por el acordeonista Marcos Camino, la familia de Cacho Deicas opt\u00f3 por usar las redes sociales del cantante para hablarles a sus fan\u00e1ticos y enviar un mensaje sobre la salud del l\u00edder de Los Palmeras.","og_url":"https:\/\/informelitoral.com.ar\/la-familia-de-cacho-deicas-publico-una-foto-y-un-texto-sobre-su-salud\/","og_site_name":"Informe Litoral","article_publisher":"https:\/\/www.facebook.com\/informelitoral\/","article_published_time":"2025-01-21T10:23:54+00:00","article_modified_time":"2025-01-21T10:26:41+00:00","og_image":[{"width":1440,"height":807,"url":"https:\/\/informelitoral.com.ar\/%77%70%2d%63%6f%6e%74%65%6e%74\/uploads\/2025\/01\/cacho-deicas.jpg","type":"image\/jpeg"}],"author":"Gonzalo Schmidt","twitter_card":"summary_large_image","twitter_creator":"@InformeLitoral","twitter_site":"@InformeLitoral","twitter_misc":{"Escrito por":"Gonzalo Schmidt","Tiempo de lectura":"3 minutos"},"schema":{"@context":"https:\/\/schema.org","@graph":[{"@type":"Article","@id":"https:\/\/informelitoral.com.ar\/la-familia-de-cacho-deicas-publico-una-foto-y-un-texto-sobre-su-salud\/#article","isPartOf":{"@id":"https:\/\/informelitoral.com.ar\/la-familia-de-cacho-deicas-publico-una-foto-y-un-texto-sobre-su-salud\/"},"author":{"name":"Gonzalo Schmidt","@id":"https:\/\/informelitoral.com.ar\/#\/schema\/person\/b9d00407c836482871ef1d57bf8e3180"},"headline":"La familia de Cacho Deicas public\u00f3 una foto y un texto sobre su salud","datePublished":"2025-01-21T10:23:54+00:00","dateModified":"2025-01-21T10:26:41+00:00","mainEntityOfPage":{"@id":"https:\/\/informelitoral.com.ar\/la-familia-de-cacho-deicas-publico-una-foto-y-un-texto-sobre-su-salud\/"},"wordCount":651,"commentCount":0,"publisher":{"@id":"https:\/\/informelitoral.com.ar\/#organization"},"image":{"@id":"https:\/\/informelitoral.com.ar\/la-familia-de-cacho-deicas-publico-una-foto-y-un-texto-sobre-su-salud\/#primaryimage"},"thumbnailUrl":"https:\/\/informelitoral.com.ar\/%77%70%2d%63%6f%6e%74%65%6e%74\/uploads\/2025\/01\/cacho-deicas.jpg","keywords":["Los Palmeras","M\u00fasica","M\u00fasico"],"articleSection":["Espect\u00e1culos"],"inLanguage":"es","potentialAction":[{"@type":"CommentAction","name":"Comment","target":["https:\/\/informelitoral.com.ar\/la-familia-de-cacho-deicas-publico-una-foto-y-un-texto-sobre-su-salud\/#respond"]}]},{"@type":"WebPage","@id":"https:\/\/informelitoral.com.ar\/la-familia-de-cacho-deicas-publico-una-foto-y-un-texto-sobre-su-salud\/","url":"https:\/\/informelitoral.com.ar\/la-familia-de-cacho-deicas-publico-una-foto-y-un-texto-sobre-su-salud\/","name":"La familia de Cacho Deicas public\u00f3 una foto y un texto sobre su salud - Informe Litoral","isPartOf":{"@id":"https:\/\/informelitoral.com.ar\/#website"},"primaryImageOfPage":{"@id":"https:\/\/informelitoral.com.ar\/la-familia-de-cacho-deicas-publico-una-foto-y-un-texto-sobre-su-salud\/#primaryimage"},"image":{"@id":"https:\/\/informelitoral.com.ar\/la-familia-de-cacho-deicas-publico-una-foto-y-un-texto-sobre-su-salud\/#primaryimage"},"thumbnailUrl":"https:\/\/informelitoral.com.ar\/%77%70%2d%63%6f%6e%74%65%6e%74\/uploads\/2025\/01\/cacho-deicas.jpg","datePublished":"2025-01-21T10:23:54+00:00","dateModified":"2025-01-21T10:26:41+00:00","breadcrumb":{"@id":"https:\/\/informelitoral.com.ar\/la-familia-de-cacho-deicas-publico-una-foto-y-un-texto-sobre-su-salud\/#breadcrumb"},"inLanguage":"es","potentialAction":[{"@type":"ReadAction","target":["https:\/\/informelitoral.com.ar\/la-familia-de-cacho-deicas-publico-una-foto-y-un-texto-sobre-su-salud\/"]}]},{"@type":"ImageObject","inLanguage":"es","@id":"https:\/\/informelitoral.com.ar\/la-familia-de-cacho-deicas-publico-una-foto-y-un-texto-sobre-su-salud\/#primaryimage","url":"https:\/\/informelitoral.com.ar\/%77%70%2d%63%6f%6e%74%65%6e%74\/uploads\/2025\/01\/cacho-deicas.jpg","contentUrl":"https:\/\/informelitoral.com.ar\/%77%70%2d%63%6f%6e%74%65%6e%74\/uploads\/2025\/01\/cacho-deicas.jpg","width":1440,"height":807},{"@type":"BreadcrumbList","@id":"https:\/\/informelitoral.com.ar\/la-familia-de-cacho-deicas-publico-una-foto-y-un-texto-sobre-su-salud\/#breadcrumb","itemListElement":[{"@type":"ListItem","position":1,"name":"Portada","item":"https:\/\/informelitoral.com.ar\/"},{"@type":"ListItem","position":2,"name":"La familia de Cacho Deicas public\u00f3 una foto y un texto sobre su salud"}]},{"@type":"WebSite","@id":"https:\/\/informelitoral.com.ar\/#website","url":"https:\/\/informelitoral.com.ar\/","name":"Informe Litoral","description":"&quot;Nos informamos&quot; ","publisher":{"@id":"https:\/\/informelitoral.com.ar\/#organization"},"potentialAction":[{"@type":"SearchAction","target":{"@type":"EntryPoint","urlTemplate":"https:\/\/informelitoral.com.ar\/?s={search_term_string}"},"query-input":{"@type":"PropertyValueSpecification","valueRequired":true,"valueName":"search_term_string"}}],"inLanguage":"es"},{"@type":"Organization","@id":"https:\/\/informelitoral.com.ar\/#organization","name":"Informe Litoral","url":"https:\/\/informelitoral.com.ar\/","logo":{"@type":"ImageObject","inLanguage":"es","@id":"https:\/\/informelitoral.com.ar\/#\/schema\/logo\/image\/","url":"https:\/\/informelitoral.com.ar\/%77%70%2d%63%6f%6e%74%65%6e%74\/uploads\/2021\/01\/circulo.png","contentUrl":"https:\/\/informelitoral.com.ar\/%77%70%2d%63%6f%6e%74%65%6e%74\/uploads\/2021\/01\/circulo.png","width":723,"height":731,"caption":"Informe Litoral"},"image":{"@id":"https:\/\/informelitoral.com.ar\/#\/schema\/logo\/image\/"},"sameAs":["https:\/\/www.facebook.com\/informelitoral\/","https:\/\/x.com\/InformeLitoral","https:\/\/www.instagram.com\/informelitoral\/","https:\/\/www.youtube.com\/channel\/UCua4Qvz8Icb6MYqhoq9xLXw"]},{"@type":"Person","@id":"https:\/\/informelitoral.com.ar\/#\/schema\/person\/b9d00407c836482871ef1d57bf8e3180","name":"Gonzalo Schmidt","image":{"@type":"ImageObject","inLanguage":"es","@id":"https:\/\/secure.gravatar.com\/avatar\/31a1a7b66ff2de83bd0e9fd79d026630d2d99e55e8bfe501287647b4fd9743de?s=96&d=mm&r=g","url":"https:\/\/secure.gravatar.com\/avatar\/31a1a7b66ff2de83bd0e9fd79d026630d2d99e55e8bfe501287647b4fd9743de?s=96&d=mm&r=g","contentUrl":"https:\/\/secure.gravatar.com\/avatar\/31a1a7b66ff2de83bd0e9fd79d026630d2d99e55e8bfe501287647b4fd9743de?s=96&d=mm&r=g","caption":"Gonzalo Schmidt"},"description":"Sitio web de noticias de la provincia de Entre R\u00edos, Argentina. Informaci\u00f3n y entretenimiento. Informe Litoral, nos informamos.","sameAs":["http:\/\/www.isletasnoticias.com.ar"],"url":"https:\/\/informelitoral.com.ar\/author\/gonzalo\/"}]}},"_links":{"self":[{"href":"https:\/\/informelitoral.com.ar\/%77%70%2d%6a%73%6f%6e\/wp\/v2\/posts\/209362","targetHints":{"allow":["GET"]}}],"collection":[{"href":"https:\/\/informelitoral.com.ar\/%77%70%2d%6a%73%6f%6e\/wp\/v2\/posts"}],"about":[{"href":"https:\/\/informelitoral.com.ar\/%77%70%2d%6a%73%6f%6e\/wp\/v2\/types\/post"}],"author":[{"embeddable":true,"href":"https:\/\/informelitoral.com.ar\/%77%70%2d%6a%73%6f%6e\/wp\/v2\/users\/2"}],"replies":[{"embeddable":true,"href":"https:\/\/informelitoral.com.ar\/%77%70%2d%6a%73%6f%6e\/wp\/v2\/comments?post=209362"}],"version-history":[{"count":0,"href":"https:\/\/informelitoral.com.ar\/%77%70%2d%6a%73%6f%6e\/wp\/v2\/posts\/209362\/revisions"}],"wp:featuredmedia":[{"embeddable":true,"href":"https:\/\/informelitoral.com.ar\/%77%70%2d%6a%73%6f%6e\/wp\/v2\/media\/209363"}],"wp:attachment":[{"href":"https:\/\/informelitoral.com.ar\/%77%70%2d%6a%73%6f%6e\/wp\/v2\/media?parent=209362"}],"wp:term":[{"taxonomy":"category","embeddable":true,"href":"https:\/\/informelitoral.com.ar\/%77%70%2d%6a%73%6f%6e\/wp\/v2\/categories?post=209362"},{"taxonomy":"post_tag","embeddable":true,"href":"https:\/\/informelitoral.com.ar\/%77%70%2d%6a%73%6f%6e\/wp\/v2\/tags?post=209362"}],"curies":[{"name":"wp","href":"https:\/\/api.w.org\/{rel}","templated":true}]}}