{"id":209152,"date":"2025-01-18T20:49:40","date_gmt":"2025-01-18T23:49:40","guid":{"rendered":"https:\/\/informelitoral.com.ar\/?p=209152"},"modified":"2025-01-18T20:49:40","modified_gmt":"2025-01-18T23:49:40","slug":"la-fiesta-de-la-cerveza-en-crespo-se-hara-el-15-de-febrero","status":"publish","type":"post","link":"https:\/\/informelitoral.com.ar\/la-fiesta-de-la-cerveza-en-crespo-se-hara-el-15-de-febrero\/","title":{"rendered":"La Fiesta de la Cerveza en Crespo se har\u00e1 el 15 de febrero"},"content":{"rendered":"<p>En el <strong>Club Atl\u00e9tico Uni\u00f3n de Crespo<\/strong> estaba todo listo este s\u00e1bado para la <strong>Fiesta Provincial de la Cerveza<\/strong>, pero a \u00faltimo momento, <strong>la Comisi\u00f3n Directiva Central decidi\u00f3 reprogramar el evento por la leve lluvia y el pron\u00f3stico de m\u00e1s precipitaciones y tormentas sobre todo para las primeras hora del domingo.<\/strong><\/p>\n<p>De esta manera,<span style=\"background-color: #ffff00;\"><strong> la fiesta se realizar\u00e1 el s\u00e1bado 15 de febrero con una entrada general en puerta a 6.000 pesos y seis grupos musicales<\/strong><\/span>, que son: <strong>Maravillas Alemanas, Lustige Musicanten, Banda Rey, Media Pinta, Humberto y los amantes de la cumbia <\/strong>y <strong>Los Pr\u00edncipes.<\/strong><\/p>\n<p>Adem\u00e1s de cerveza \u00abbien helada\u00bb, desde la Comisi\u00f3n informaron que habr\u00e1 comidas r\u00e1pidas como choripanes, papas fritas, pizzas y hamburguesas.<\/p>\n<p>En la animaci\u00f3n estar\u00e1 <strong>Dar\u00edo Rodr\u00edguez<\/strong> y <a href=\"https:\/\/www.facebook.com\/gonzaloschmidtperiodista\" target=\"_blank\" rel=\"noopener\"><strong>Gonzalo Schmidt,<\/strong><\/a> director de este sitio web. <em>(Informe Litoral)<\/em><\/p>\n<h6><em><strong>Del archivo:\u00a0<a href=\"https:\/\/informelitoral.com.ar\/por-la-bajante-del-rio-parana-se-retiro-el-boyado-del-balneario-municipal\/\" target=\"_blank\" rel=\"noopener\">Por la bajante del r\u00edo Paran\u00e1, se retir\u00f3 el boyado del Balneario Municipal<\/a><\/strong><\/em><\/h6>\n","protected":false},"excerpt":{"rendered":"<p>El Club Atl\u00e9tico Uni\u00f3n ten\u00eda todo listo para la noche de este s\u00e1bado, pero el pron\u00f3stoco adverso un a\u00f1o m\u00e1s oblig\u00f3 a suspender el evento. La entrada saldr\u00e1 6.000 pesos y habr\u00e1 seis grupos musicales. <\/p>\n","protected":false},"author":2,"featured_media":209153,"comment_status":"open","ping_status":"open","sticky":false,"template":"","format":"standard","meta":{"fifu_image_url":"","fifu_image_alt":"","footnotes":""},"categories":[9],"tags":[208,4109],"class_list":{"0":"post-209152","1":"post","2":"type-post","3":"status-publish","4":"format-standard","5":"has-post-thumbnail","7":"category-sociedad","8":"tag-crespo","9":"tag-fiesta-de-la-cerveza"},"yoast_head":"<title>La Fiesta de la Cerveza en Crespo se har\u00e1 el 15 de febrero - Informe Litoral<\/title>\n<meta name=\"robots\" content=\"index, follow, max-snippet:-1, max-image-preview:large, max-video-preview:-1\" \/>\n<link rel=\"canonical\" href=\"https:\/\/informelitoral.com.ar\/la-fiesta-de-la-cerveza-en-crespo-se-hara-el-15-de-febrero\/\" \/>\n<meta property=\"og:locale\" content=\"es_ES\" \/>\n<meta property=\"og:type\" content=\"article\" \/>\n<meta property=\"og:title\" content=\"La Fiesta de la Cerveza en Crespo se har\u00e1 el 15 de febrero - Informe Litoral\" \/>\n<meta property=\"og:description\" content=\"El Club Atl\u00e9tico Uni\u00f3n ten\u00eda todo listo para la noche de este s\u00e1bado, pero el pron\u00f3stoco adverso un a\u00f1o m\u00e1s oblig\u00f3 a suspender el evento. La entrada saldr\u00e1 6.000 pesos y habr\u00e1 seis grupos musicales.\" \/>\n<meta property=\"og:url\" content=\"https:\/\/informelitoral.com.ar\/la-fiesta-de-la-cerveza-en-crespo-se-hara-el-15-de-febrero\/\" \/>\n<meta property=\"og:site_name\" content=\"Informe Litoral\" \/>\n<meta property=\"article:publisher\" content=\"https:\/\/www.facebook.com\/informelitoral\/\" \/>\n<meta property=\"article:published_time\" content=\"2025-01-18T23:49:40+00:00\" \/>\n<meta property=\"og:image\" content=\"https:\/\/informelitoral.com.ar\/%77%70%2d%63%6f%6e%74%65%6e%74\/uploads\/2025\/01\/fiesta-de-la-cerveza-crespo.jpg\" \/>\n\t<meta property=\"og:image:width\" content=\"1890\" \/>\n\t<meta property=\"og:image:height\" content=\"1260\" \/>\n\t<meta property=\"og:image:type\" content=\"image\/jpeg\" \/>\n<meta name=\"author\" content=\"Gonzalo Schmidt\" \/>\n<meta name=\"twitter:card\" content=\"summary_large_image\" \/>\n<meta name=\"twitter:creator\" content=\"@InformeLitoral\" \/>\n<meta name=\"twitter:site\" content=\"@InformeLitoral\" \/>\n<meta name=\"twitter:label1\" content=\"Escrito por\" \/>\n\t<meta name=\"twitter:data1\" content=\"Gonzalo Schmidt\" \/>\n\t<meta name=\"twitter:label2\" content=\"Tiempo de lectura\" \/>\n\t<meta name=\"twitter:data2\" content=\"1 minuto\" \/>\n<script type=\"application\/ld+json\" class=\"yoast-schema-graph\">{\"@context\":\"https:\\\/\\\/schema.org\",\"@graph\":[{\"@type\":\"Article\",\"@id\":\"https:\\\/\\\/informelitoral.com.ar\\\/la-fiesta-de-la-cerveza-en-crespo-se-hara-el-15-de-febrero\\\/#article\",\"isPartOf\":{\"@id\":\"https:\\\/\\\/informelitoral.com.ar\\\/la-fiesta-de-la-cerveza-en-crespo-se-hara-el-15-de-febrero\\\/\"},\"author\":{\"name\":\"Gonzalo Schmidt\",\"@id\":\"https:\\\/\\\/informelitoral.com.ar\\\/#\\\/schema\\\/person\\\/b9d00407c836482871ef1d57bf8e3180\"},\"headline\":\"La Fiesta de la Cerveza en Crespo se har\u00e1 el 15 de febrero\",\"datePublished\":\"2025-01-18T23:49:40+00:00\",\"mainEntityOfPage\":{\"@id\":\"https:\\\/\\\/informelitoral.com.ar\\\/la-fiesta-de-la-cerveza-en-crespo-se-hara-el-15-de-febrero\\\/\"},\"wordCount\":172,\"commentCount\":0,\"publisher\":{\"@id\":\"https:\\\/\\\/informelitoral.com.ar\\\/#organization\"},\"image\":{\"@id\":\"https:\\\/\\\/informelitoral.com.ar\\\/la-fiesta-de-la-cerveza-en-crespo-se-hara-el-15-de-febrero\\\/#primaryimage\"},\"thumbnailUrl\":\"https:\\\/\\\/informelitoral.com.ar\\\/%77%70%2d%63%6f%6e%74%65%6e%74\\\/uploads\\\/2025\\\/01\\\/fiesta-de-la-cerveza-crespo.jpg\",\"keywords\":[\"Crespo\",\"Fiesta de la Cerveza\"],\"articleSection\":[\"Sociedad\"],\"inLanguage\":\"es\",\"potentialAction\":[{\"@type\":\"CommentAction\",\"name\":\"Comment\",\"target\":[\"https:\\\/\\\/informelitoral.com.ar\\\/la-fiesta-de-la-cerveza-en-crespo-se-hara-el-15-de-febrero\\\/#respond\"]}]},{\"@type\":\"WebPage\",\"@id\":\"https:\\\/\\\/informelitoral.com.ar\\\/la-fiesta-de-la-cerveza-en-crespo-se-hara-el-15-de-febrero\\\/\",\"url\":\"https:\\\/\\\/informelitoral.com.ar\\\/la-fiesta-de-la-cerveza-en-crespo-se-hara-el-15-de-febrero\\\/\",\"name\":\"La Fiesta de la Cerveza en Crespo se har\u00e1 el 15 de febrero - Informe Litoral\",\"isPartOf\":{\"@id\":\"https:\\\/\\\/informelitoral.com.ar\\\/#website\"},\"primaryImageOfPage\":{\"@id\":\"https:\\\/\\\/informelitoral.com.ar\\\/la-fiesta-de-la-cerveza-en-crespo-se-hara-el-15-de-febrero\\\/#primaryimage\"},\"image\":{\"@id\":\"https:\\\/\\\/informelitoral.com.ar\\\/la-fiesta-de-la-cerveza-en-crespo-se-hara-el-15-de-febrero\\\/#primaryimage\"},\"thumbnailUrl\":\"https:\\\/\\\/informelitoral.com.ar\\\/%77%70%2d%63%6f%6e%74%65%6e%74\\\/uploads\\\/2025\\\/01\\\/fiesta-de-la-cerveza-crespo.jpg\",\"datePublished\":\"2025-01-18T23:49:40+00:00\",\"breadcrumb\":{\"@id\":\"https:\\\/\\\/informelitoral.com.ar\\\/la-fiesta-de-la-cerveza-en-crespo-se-hara-el-15-de-febrero\\\/#breadcrumb\"},\"inLanguage\":\"es\",\"potentialAction\":[{\"@type\":\"ReadAction\",\"target\":[\"https:\\\/\\\/informelitoral.com.ar\\\/la-fiesta-de-la-cerveza-en-crespo-se-hara-el-15-de-febrero\\\/\"]}]},{\"@type\":\"ImageObject\",\"inLanguage\":\"es\",\"@id\":\"https:\\\/\\\/informelitoral.com.ar\\\/la-fiesta-de-la-cerveza-en-crespo-se-hara-el-15-de-febrero\\\/#primaryimage\",\"url\":\"https:\\\/\\\/informelitoral.com.ar\\\/%77%70%2d%63%6f%6e%74%65%6e%74\\\/uploads\\\/2025\\\/01\\\/fiesta-de-la-cerveza-crespo.jpg\",\"contentUrl\":\"https:\\\/\\\/informelitoral.com.ar\\\/%77%70%2d%63%6f%6e%74%65%6e%74\\\/uploads\\\/2025\\\/01\\\/fiesta-de-la-cerveza-crespo.jpg\",\"width\":1890,\"height\":1260},{\"@type\":\"BreadcrumbList\",\"@id\":\"https:\\\/\\\/informelitoral.com.ar\\\/la-fiesta-de-la-cerveza-en-crespo-se-hara-el-15-de-febrero\\\/#breadcrumb\",\"itemListElement\":[{\"@type\":\"ListItem\",\"position\":1,\"name\":\"Portada\",\"item\":\"https:\\\/\\\/informelitoral.com.ar\\\/\"},{\"@type\":\"ListItem\",\"position\":2,\"name\":\"La Fiesta de la Cerveza en Crespo se har\u00e1 el 15 de febrero\"}]},{\"@type\":\"WebSite\",\"@id\":\"https:\\\/\\\/informelitoral.com.ar\\\/#website\",\"url\":\"https:\\\/\\\/informelitoral.com.ar\\\/\",\"name\":\"Informe Litoral\",\"description\":\"&quot;Nos informamos&quot; \",\"publisher\":{\"@id\":\"https:\\\/\\\/informelitoral.com.ar\\\/#organization\"},\"potentialAction\":[{\"@type\":\"SearchAction\",\"target\":{\"@type\":\"EntryPoint\",\"urlTemplate\":\"https:\\\/\\\/informelitoral.com.ar\\\/?s={search_term_string}\"},\"query-input\":{\"@type\":\"PropertyValueSpecification\",\"valueRequired\":true,\"valueName\":\"search_term_string\"}}],\"inLanguage\":\"es\"},{\"@type\":\"Organization\",\"@id\":\"https:\\\/\\\/informelitoral.com.ar\\\/#organization\",\"name\":\"Informe Litoral\",\"url\":\"https:\\\/\\\/informelitoral.com.ar\\\/\",\"logo\":{\"@type\":\"ImageObject\",\"inLanguage\":\"es\",\"@id\":\"https:\\\/\\\/informelitoral.com.ar\\\/#\\\/schema\\\/logo\\\/image\\\/\",\"url\":\"https:\\\/\\\/informelitoral.com.ar\\\/%77%70%2d%63%6f%6e%74%65%6e%74\\\/uploads\\\/2021\\\/01\\\/circulo.png\",\"contentUrl\":\"https:\\\/\\\/informelitoral.com.ar\\\/%77%70%2d%63%6f%6e%74%65%6e%74\\\/uploads\\\/2021\\\/01\\\/circulo.png\",\"width\":723,\"height\":731,\"caption\":\"Informe Litoral\"},\"image\":{\"@id\":\"https:\\\/\\\/informelitoral.com.ar\\\/#\\\/schema\\\/logo\\\/image\\\/\"},\"sameAs\":[\"https:\\\/\\\/www.facebook.com\\\/informelitoral\\\/\",\"https:\\\/\\\/x.com\\\/InformeLitoral\",\"https:\\\/\\\/www.instagram.com\\\/informelitoral\\\/\",\"https:\\\/\\\/www.youtube.com\\\/channel\\\/UCua4Qvz8Icb6MYqhoq9xLXw\"]},{\"@type\":\"Person\",\"@id\":\"https:\\\/\\\/informelitoral.com.ar\\\/#\\\/schema\\\/person\\\/b9d00407c836482871ef1d57bf8e3180\",\"name\":\"Gonzalo Schmidt\",\"image\":{\"@type\":\"ImageObject\",\"inLanguage\":\"es\",\"@id\":\"https:\\\/\\\/secure.gravatar.com\\\/avatar\\\/31a1a7b66ff2de83bd0e9fd79d026630d2d99e55e8bfe501287647b4fd9743de?s=96&d=mm&r=g\",\"url\":\"https:\\\/\\\/secure.gravatar.com\\\/avatar\\\/31a1a7b66ff2de83bd0e9fd79d026630d2d99e55e8bfe501287647b4fd9743de?s=96&d=mm&r=g\",\"contentUrl\":\"https:\\\/\\\/secure.gravatar.com\\\/avatar\\\/31a1a7b66ff2de83bd0e9fd79d026630d2d99e55e8bfe501287647b4fd9743de?s=96&d=mm&r=g\",\"caption\":\"Gonzalo Schmidt\"},\"description\":\"Sitio web de noticias de la provincia de Entre R\u00edos, Argentina. Informaci\u00f3n y entretenimiento. Informe Litoral, nos informamos.\",\"sameAs\":[\"http:\\\/\\\/www.isletasnoticias.com.ar\"],\"url\":\"https:\\\/\\\/informelitoral.com.ar\\\/author\\\/gonzalo\\\/\"}]}<\/script>","yoast_head_json":{"title":"La Fiesta de la Cerveza en Crespo se har\u00e1 el 15 de febrero - Informe Litoral","robots":{"index":"index","follow":"follow","max-snippet":"max-snippet:-1","max-image-preview":"max-image-preview:large","max-video-preview":"max-video-preview:-1"},"canonical":"https:\/\/informelitoral.com.ar\/la-fiesta-de-la-cerveza-en-crespo-se-hara-el-15-de-febrero\/","og_locale":"es_ES","og_type":"article","og_title":"La Fiesta de la Cerveza en Crespo se har\u00e1 el 15 de febrero - Informe Litoral","og_description":"El Club Atl\u00e9tico Uni\u00f3n ten\u00eda todo listo para la noche de este s\u00e1bado, pero el pron\u00f3stoco adverso un a\u00f1o m\u00e1s oblig\u00f3 a suspender el evento. La entrada saldr\u00e1 6.000 pesos y habr\u00e1 seis grupos musicales.","og_url":"https:\/\/informelitoral.com.ar\/la-fiesta-de-la-cerveza-en-crespo-se-hara-el-15-de-febrero\/","og_site_name":"Informe Litoral","article_publisher":"https:\/\/www.facebook.com\/informelitoral\/","article_published_time":"2025-01-18T23:49:40+00:00","og_image":[{"width":1890,"height":1260,"url":"https:\/\/informelitoral.com.ar\/%77%70%2d%63%6f%6e%74%65%6e%74\/uploads\/2025\/01\/fiesta-de-la-cerveza-crespo.jpg","type":"image\/jpeg"}],"author":"Gonzalo Schmidt","twitter_card":"summary_large_image","twitter_creator":"@InformeLitoral","twitter_site":"@InformeLitoral","twitter_misc":{"Escrito por":"Gonzalo Schmidt","Tiempo de lectura":"1 minuto"},"schema":{"@context":"https:\/\/schema.org","@graph":[{"@type":"Article","@id":"https:\/\/informelitoral.com.ar\/la-fiesta-de-la-cerveza-en-crespo-se-hara-el-15-de-febrero\/#article","isPartOf":{"@id":"https:\/\/informelitoral.com.ar\/la-fiesta-de-la-cerveza-en-crespo-se-hara-el-15-de-febrero\/"},"author":{"name":"Gonzalo Schmidt","@id":"https:\/\/informelitoral.com.ar\/#\/schema\/person\/b9d00407c836482871ef1d57bf8e3180"},"headline":"La Fiesta de la Cerveza en Crespo se har\u00e1 el 15 de febrero","datePublished":"2025-01-18T23:49:40+00:00","mainEntityOfPage":{"@id":"https:\/\/informelitoral.com.ar\/la-fiesta-de-la-cerveza-en-crespo-se-hara-el-15-de-febrero\/"},"wordCount":172,"commentCount":0,"publisher":{"@id":"https:\/\/informelitoral.com.ar\/#organization"},"image":{"@id":"https:\/\/informelitoral.com.ar\/la-fiesta-de-la-cerveza-en-crespo-se-hara-el-15-de-febrero\/#primaryimage"},"thumbnailUrl":"https:\/\/informelitoral.com.ar\/%77%70%2d%63%6f%6e%74%65%6e%74\/uploads\/2025\/01\/fiesta-de-la-cerveza-crespo.jpg","keywords":["Crespo","Fiesta de la Cerveza"],"articleSection":["Sociedad"],"inLanguage":"es","potentialAction":[{"@type":"CommentAction","name":"Comment","target":["https:\/\/informelitoral.com.ar\/la-fiesta-de-la-cerveza-en-crespo-se-hara-el-15-de-febrero\/#respond"]}]},{"@type":"WebPage","@id":"https:\/\/informelitoral.com.ar\/la-fiesta-de-la-cerveza-en-crespo-se-hara-el-15-de-febrero\/","url":"https:\/\/informelitoral.com.ar\/la-fiesta-de-la-cerveza-en-crespo-se-hara-el-15-de-febrero\/","name":"La Fiesta de la Cerveza en Crespo se har\u00e1 el 15 de febrero - Informe Litoral","isPartOf":{"@id":"https:\/\/informelitoral.com.ar\/#website"},"primaryImageOfPage":{"@id":"https:\/\/informelitoral.com.ar\/la-fiesta-de-la-cerveza-en-crespo-se-hara-el-15-de-febrero\/#primaryimage"},"image":{"@id":"https:\/\/informelitoral.com.ar\/la-fiesta-de-la-cerveza-en-crespo-se-hara-el-15-de-febrero\/#primaryimage"},"thumbnailUrl":"https:\/\/informelitoral.com.ar\/%77%70%2d%63%6f%6e%74%65%6e%74\/uploads\/2025\/01\/fiesta-de-la-cerveza-crespo.jpg","datePublished":"2025-01-18T23:49:40+00:00","breadcrumb":{"@id":"https:\/\/informelitoral.com.ar\/la-fiesta-de-la-cerveza-en-crespo-se-hara-el-15-de-febrero\/#breadcrumb"},"inLanguage":"es","potentialAction":[{"@type":"ReadAction","target":["https:\/\/informelitoral.com.ar\/la-fiesta-de-la-cerveza-en-crespo-se-hara-el-15-de-febrero\/"]}]},{"@type":"ImageObject","inLanguage":"es","@id":"https:\/\/informelitoral.com.ar\/la-fiesta-de-la-cerveza-en-crespo-se-hara-el-15-de-febrero\/#primaryimage","url":"https:\/\/informelitoral.com.ar\/%77%70%2d%63%6f%6e%74%65%6e%74\/uploads\/2025\/01\/fiesta-de-la-cerveza-crespo.jpg","contentUrl":"https:\/\/informelitoral.com.ar\/%77%70%2d%63%6f%6e%74%65%6e%74\/uploads\/2025\/01\/fiesta-de-la-cerveza-crespo.jpg","width":1890,"height":1260},{"@type":"BreadcrumbList","@id":"https:\/\/informelitoral.com.ar\/la-fiesta-de-la-cerveza-en-crespo-se-hara-el-15-de-febrero\/#breadcrumb","itemListElement":[{"@type":"ListItem","position":1,"name":"Portada","item":"https:\/\/informelitoral.com.ar\/"},{"@type":"ListItem","position":2,"name":"La Fiesta de la Cerveza en Crespo se har\u00e1 el 15 de febrero"}]},{"@type":"WebSite","@id":"https:\/\/informelitoral.com.ar\/#website","url":"https:\/\/informelitoral.com.ar\/","name":"Informe Litoral","description":"&quot;Nos informamos&quot; ","publisher":{"@id":"https:\/\/informelitoral.com.ar\/#organization"},"potentialAction":[{"@type":"SearchAction","target":{"@type":"EntryPoint","urlTemplate":"https:\/\/informelitoral.com.ar\/?s={search_term_string}"},"query-input":{"@type":"PropertyValueSpecification","valueRequired":true,"valueName":"search_term_string"}}],"inLanguage":"es"},{"@type":"Organization","@id":"https:\/\/informelitoral.com.ar\/#organization","name":"Informe Litoral","url":"https:\/\/informelitoral.com.ar\/","logo":{"@type":"ImageObject","inLanguage":"es","@id":"https:\/\/informelitoral.com.ar\/#\/schema\/logo\/image\/","url":"https:\/\/informelitoral.com.ar\/%77%70%2d%63%6f%6e%74%65%6e%74\/uploads\/2021\/01\/circulo.png","contentUrl":"https:\/\/informelitoral.com.ar\/%77%70%2d%63%6f%6e%74%65%6e%74\/uploads\/2021\/01\/circulo.png","width":723,"height":731,"caption":"Informe Litoral"},"image":{"@id":"https:\/\/informelitoral.com.ar\/#\/schema\/logo\/image\/"},"sameAs":["https:\/\/www.facebook.com\/informelitoral\/","https:\/\/x.com\/InformeLitoral","https:\/\/www.instagram.com\/informelitoral\/","https:\/\/www.youtube.com\/channel\/UCua4Qvz8Icb6MYqhoq9xLXw"]},{"@type":"Person","@id":"https:\/\/informelitoral.com.ar\/#\/schema\/person\/b9d00407c836482871ef1d57bf8e3180","name":"Gonzalo Schmidt","image":{"@type":"ImageObject","inLanguage":"es","@id":"https:\/\/secure.gravatar.com\/avatar\/31a1a7b66ff2de83bd0e9fd79d026630d2d99e55e8bfe501287647b4fd9743de?s=96&d=mm&r=g","url":"https:\/\/secure.gravatar.com\/avatar\/31a1a7b66ff2de83bd0e9fd79d026630d2d99e55e8bfe501287647b4fd9743de?s=96&d=mm&r=g","contentUrl":"https:\/\/secure.gravatar.com\/avatar\/31a1a7b66ff2de83bd0e9fd79d026630d2d99e55e8bfe501287647b4fd9743de?s=96&d=mm&r=g","caption":"Gonzalo Schmidt"},"description":"Sitio web de noticias de la provincia de Entre R\u00edos, Argentina. Informaci\u00f3n y entretenimiento. Informe Litoral, nos informamos.","sameAs":["http:\/\/www.isletasnoticias.com.ar"],"url":"https:\/\/informelitoral.com.ar\/author\/gonzalo\/"}]}},"_links":{"self":[{"href":"https:\/\/informelitoral.com.ar\/%77%70%2d%6a%73%6f%6e\/wp\/v2\/posts\/209152","targetHints":{"allow":["GET"]}}],"collection":[{"href":"https:\/\/informelitoral.com.ar\/%77%70%2d%6a%73%6f%6e\/wp\/v2\/posts"}],"about":[{"href":"https:\/\/informelitoral.com.ar\/%77%70%2d%6a%73%6f%6e\/wp\/v2\/types\/post"}],"author":[{"embeddable":true,"href":"https:\/\/informelitoral.com.ar\/%77%70%2d%6a%73%6f%6e\/wp\/v2\/users\/2"}],"replies":[{"embeddable":true,"href":"https:\/\/informelitoral.com.ar\/%77%70%2d%6a%73%6f%6e\/wp\/v2\/comments?post=209152"}],"version-history":[{"count":0,"href":"https:\/\/informelitoral.com.ar\/%77%70%2d%6a%73%6f%6e\/wp\/v2\/posts\/209152\/revisions"}],"wp:featuredmedia":[{"embeddable":true,"href":"https:\/\/informelitoral.com.ar\/%77%70%2d%6a%73%6f%6e\/wp\/v2\/media\/209153"}],"wp:attachment":[{"href":"https:\/\/informelitoral.com.ar\/%77%70%2d%6a%73%6f%6e\/wp\/v2\/media?parent=209152"}],"wp:term":[{"taxonomy":"category","embeddable":true,"href":"https:\/\/informelitoral.com.ar\/%77%70%2d%6a%73%6f%6e\/wp\/v2\/categories?post=209152"},{"taxonomy":"post_tag","embeddable":true,"href":"https:\/\/informelitoral.com.ar\/%77%70%2d%6a%73%6f%6e\/wp\/v2\/tags?post=209152"}],"curies":[{"name":"wp","href":"https:\/\/api.w.org\/{rel}","templated":true}]}}