{"id":209149,"date":"2025-01-18T11:48:11","date_gmt":"2025-01-18T14:48:11","guid":{"rendered":"https:\/\/informelitoral.com.ar\/?p=209149"},"modified":"2025-01-18T11:48:11","modified_gmt":"2025-01-18T14:48:11","slug":"fin-de-semana-imprevisible-anuncian-que-el-dia-mas-lluvioso-sera-el-domingo","status":"publish","type":"post","link":"https:\/\/informelitoral.com.ar\/fin-de-semana-imprevisible-anuncian-que-el-dia-mas-lluvioso-sera-el-domingo\/","title":{"rendered":"Fin de semana imprevisible: anuncian que el d\u00eda m\u00e1s lluvioso ser\u00e1 el domingo"},"content":{"rendered":"<p>Los pron\u00f3sticos no siempre su cumplen. El viernes, tal como estaba previsto, fue otro d\u00eda sofocante. Sin embargo, lo que no estaba anunciado eran los chaparrones intensos en algunos lugares, como en Crespo, donde en pocos minutos habr\u00edan ca\u00eddo unos 40 mil\u00edmetros.<\/p>\n<p>Este s\u00e1bado amaneci\u00f3 con chaparrones en algunos sectores y as\u00ed, entre sol y alguna lluvia aislada seguir\u00eda todo el d\u00eda. La temperatura m\u00ednima fue de 22 y la m\u00e1xima alcanzar\u00e1 los 34 grados.<\/p>\n<p>Durante el domingo s\u00ed llegar\u00edan lluvias m\u00e1s intensas y es algo esperado por el campo entrerriano. La temperatura m\u00ednima se prev\u00e9 en 20 y la m\u00e1xima solo de 26 grados. Tampoco se descartan tormentas en algunos sectores. <em>(Informe Litoral)<\/em><\/p>\n","protected":false},"excerpt":{"rendered":"<p>Para este s\u00e1bado no se descartan chaparrones aislados. La temperatura alcanzar\u00e1 los 34 grados. <\/p>\n","protected":false},"author":2,"featured_media":160512,"comment_status":"open","ping_status":"open","sticky":false,"template":"","format":"standard","meta":{"fifu_image_url":"","fifu_image_alt":"","footnotes":""},"categories":[6],"tags":[38,114,2759],"class_list":{"0":"post-209149","1":"post","2":"type-post","3":"status-publish","4":"format-standard","5":"has-post-thumbnail","7":"category-entre-rios","8":"tag-el-tiempo","9":"tag-pronostico","10":"tag-pronostico-del-tiempo"},"yoast_head":"<title>Fin de semana imprevisible: anuncian que el d\u00eda m\u00e1s lluvioso ser\u00e1 el domingo - Informe Litoral<\/title>\n<meta name=\"robots\" content=\"index, follow, max-snippet:-1, max-image-preview:large, max-video-preview:-1\" \/>\n<link rel=\"canonical\" href=\"https:\/\/informelitoral.com.ar\/fin-de-semana-imprevisible-anuncian-que-el-dia-mas-lluvioso-sera-el-domingo\/\" \/>\n<meta property=\"og:locale\" content=\"es_ES\" \/>\n<meta property=\"og:type\" content=\"article\" \/>\n<meta property=\"og:title\" content=\"Fin de semana imprevisible: anuncian que el d\u00eda m\u00e1s lluvioso ser\u00e1 el domingo - Informe Litoral\" \/>\n<meta property=\"og:description\" content=\"Para este s\u00e1bado no se descartan chaparrones aislados. La temperatura alcanzar\u00e1 los 34 grados.\" \/>\n<meta property=\"og:url\" content=\"https:\/\/informelitoral.com.ar\/fin-de-semana-imprevisible-anuncian-que-el-dia-mas-lluvioso-sera-el-domingo\/\" \/>\n<meta property=\"og:site_name\" content=\"Informe Litoral\" \/>\n<meta property=\"article:publisher\" content=\"https:\/\/www.facebook.com\/informelitoral\/\" \/>\n<meta property=\"article:published_time\" content=\"2025-01-18T14:48:11+00:00\" \/>\n<meta property=\"og:image\" content=\"https:\/\/informelitoral.com.ar\/%77%70%2d%63%6f%6e%74%65%6e%74\/uploads\/2023\/08\/nubes-sol-agosto.jpg\" \/>\n\t<meta property=\"og:image:width\" content=\"800\" \/>\n\t<meta property=\"og:image:height\" content=\"500\" \/>\n\t<meta property=\"og:image:type\" content=\"image\/jpeg\" \/>\n<meta name=\"author\" content=\"Gonzalo Schmidt\" \/>\n<meta name=\"twitter:card\" content=\"summary_large_image\" \/>\n<meta name=\"twitter:creator\" content=\"@InformeLitoral\" \/>\n<meta name=\"twitter:site\" content=\"@InformeLitoral\" \/>\n<meta name=\"twitter:label1\" content=\"Escrito por\" \/>\n\t<meta name=\"twitter:data1\" content=\"Gonzalo Schmidt\" \/>\n\t<meta name=\"twitter:label2\" content=\"Tiempo de lectura\" \/>\n\t<meta name=\"twitter:data2\" content=\"1 minuto\" \/>\n<script type=\"application\/ld+json\" class=\"yoast-schema-graph\">{\"@context\":\"https:\\\/\\\/schema.org\",\"@graph\":[{\"@type\":\"Article\",\"@id\":\"https:\\\/\\\/informelitoral.com.ar\\\/fin-de-semana-imprevisible-anuncian-que-el-dia-mas-lluvioso-sera-el-domingo\\\/#article\",\"isPartOf\":{\"@id\":\"https:\\\/\\\/informelitoral.com.ar\\\/fin-de-semana-imprevisible-anuncian-que-el-dia-mas-lluvioso-sera-el-domingo\\\/\"},\"author\":{\"name\":\"Gonzalo Schmidt\",\"@id\":\"https:\\\/\\\/informelitoral.com.ar\\\/#\\\/schema\\\/person\\\/b9d00407c836482871ef1d57bf8e3180\"},\"headline\":\"Fin de semana imprevisible: anuncian que el d\u00eda m\u00e1s lluvioso ser\u00e1 el domingo\",\"datePublished\":\"2025-01-18T14:48:11+00:00\",\"mainEntityOfPage\":{\"@id\":\"https:\\\/\\\/informelitoral.com.ar\\\/fin-de-semana-imprevisible-anuncian-que-el-dia-mas-lluvioso-sera-el-domingo\\\/\"},\"wordCount\":138,\"commentCount\":0,\"publisher\":{\"@id\":\"https:\\\/\\\/informelitoral.com.ar\\\/#organization\"},\"image\":{\"@id\":\"https:\\\/\\\/informelitoral.com.ar\\\/fin-de-semana-imprevisible-anuncian-que-el-dia-mas-lluvioso-sera-el-domingo\\\/#primaryimage\"},\"thumbnailUrl\":\"https:\\\/\\\/informelitoral.com.ar\\\/%77%70%2d%63%6f%6e%74%65%6e%74\\\/uploads\\\/2023\\\/08\\\/nubes-sol-agosto.jpg\",\"keywords\":[\"El tiempo\",\"Pron\u00f3stico\",\"Pron\u00f3stico del tiempo\"],\"articleSection\":[\"Entre R\u00edos\"],\"inLanguage\":\"es\",\"potentialAction\":[{\"@type\":\"CommentAction\",\"name\":\"Comment\",\"target\":[\"https:\\\/\\\/informelitoral.com.ar\\\/fin-de-semana-imprevisible-anuncian-que-el-dia-mas-lluvioso-sera-el-domingo\\\/#respond\"]}]},{\"@type\":\"WebPage\",\"@id\":\"https:\\\/\\\/informelitoral.com.ar\\\/fin-de-semana-imprevisible-anuncian-que-el-dia-mas-lluvioso-sera-el-domingo\\\/\",\"url\":\"https:\\\/\\\/informelitoral.com.ar\\\/fin-de-semana-imprevisible-anuncian-que-el-dia-mas-lluvioso-sera-el-domingo\\\/\",\"name\":\"Fin de semana imprevisible: anuncian que el d\u00eda m\u00e1s lluvioso ser\u00e1 el domingo - Informe Litoral\",\"isPartOf\":{\"@id\":\"https:\\\/\\\/informelitoral.com.ar\\\/#website\"},\"primaryImageOfPage\":{\"@id\":\"https:\\\/\\\/informelitoral.com.ar\\\/fin-de-semana-imprevisible-anuncian-que-el-dia-mas-lluvioso-sera-el-domingo\\\/#primaryimage\"},\"image\":{\"@id\":\"https:\\\/\\\/informelitoral.com.ar\\\/fin-de-semana-imprevisible-anuncian-que-el-dia-mas-lluvioso-sera-el-domingo\\\/#primaryimage\"},\"thumbnailUrl\":\"https:\\\/\\\/informelitoral.com.ar\\\/%77%70%2d%63%6f%6e%74%65%6e%74\\\/uploads\\\/2023\\\/08\\\/nubes-sol-agosto.jpg\",\"datePublished\":\"2025-01-18T14:48:11+00:00\",\"breadcrumb\":{\"@id\":\"https:\\\/\\\/informelitoral.com.ar\\\/fin-de-semana-imprevisible-anuncian-que-el-dia-mas-lluvioso-sera-el-domingo\\\/#breadcrumb\"},\"inLanguage\":\"es\",\"potentialAction\":[{\"@type\":\"ReadAction\",\"target\":[\"https:\\\/\\\/informelitoral.com.ar\\\/fin-de-semana-imprevisible-anuncian-que-el-dia-mas-lluvioso-sera-el-domingo\\\/\"]}]},{\"@type\":\"ImageObject\",\"inLanguage\":\"es\",\"@id\":\"https:\\\/\\\/informelitoral.com.ar\\\/fin-de-semana-imprevisible-anuncian-que-el-dia-mas-lluvioso-sera-el-domingo\\\/#primaryimage\",\"url\":\"https:\\\/\\\/informelitoral.com.ar\\\/%77%70%2d%63%6f%6e%74%65%6e%74\\\/uploads\\\/2023\\\/08\\\/nubes-sol-agosto.jpg\",\"contentUrl\":\"https:\\\/\\\/informelitoral.com.ar\\\/%77%70%2d%63%6f%6e%74%65%6e%74\\\/uploads\\\/2023\\\/08\\\/nubes-sol-agosto.jpg\",\"width\":800,\"height\":500},{\"@type\":\"BreadcrumbList\",\"@id\":\"https:\\\/\\\/informelitoral.com.ar\\\/fin-de-semana-imprevisible-anuncian-que-el-dia-mas-lluvioso-sera-el-domingo\\\/#breadcrumb\",\"itemListElement\":[{\"@type\":\"ListItem\",\"position\":1,\"name\":\"Portada\",\"item\":\"https:\\\/\\\/informelitoral.com.ar\\\/\"},{\"@type\":\"ListItem\",\"position\":2,\"name\":\"Fin de semana imprevisible: anuncian que el d\u00eda m\u00e1s lluvioso ser\u00e1 el domingo\"}]},{\"@type\":\"WebSite\",\"@id\":\"https:\\\/\\\/informelitoral.com.ar\\\/#website\",\"url\":\"https:\\\/\\\/informelitoral.com.ar\\\/\",\"name\":\"Informe Litoral\",\"description\":\"&quot;Nos informamos&quot; \",\"publisher\":{\"@id\":\"https:\\\/\\\/informelitoral.com.ar\\\/#organization\"},\"potentialAction\":[{\"@type\":\"SearchAction\",\"target\":{\"@type\":\"EntryPoint\",\"urlTemplate\":\"https:\\\/\\\/informelitoral.com.ar\\\/?s={search_term_string}\"},\"query-input\":{\"@type\":\"PropertyValueSpecification\",\"valueRequired\":true,\"valueName\":\"search_term_string\"}}],\"inLanguage\":\"es\"},{\"@type\":\"Organization\",\"@id\":\"https:\\\/\\\/informelitoral.com.ar\\\/#organization\",\"name\":\"Informe Litoral\",\"url\":\"https:\\\/\\\/informelitoral.com.ar\\\/\",\"logo\":{\"@type\":\"ImageObject\",\"inLanguage\":\"es\",\"@id\":\"https:\\\/\\\/informelitoral.com.ar\\\/#\\\/schema\\\/logo\\\/image\\\/\",\"url\":\"https:\\\/\\\/informelitoral.com.ar\\\/%77%70%2d%63%6f%6e%74%65%6e%74\\\/uploads\\\/2021\\\/01\\\/circulo.png\",\"contentUrl\":\"https:\\\/\\\/informelitoral.com.ar\\\/%77%70%2d%63%6f%6e%74%65%6e%74\\\/uploads\\\/2021\\\/01\\\/circulo.png\",\"width\":723,\"height\":731,\"caption\":\"Informe Litoral\"},\"image\":{\"@id\":\"https:\\\/\\\/informelitoral.com.ar\\\/#\\\/schema\\\/logo\\\/image\\\/\"},\"sameAs\":[\"https:\\\/\\\/www.facebook.com\\\/informelitoral\\\/\",\"https:\\\/\\\/x.com\\\/InformeLitoral\",\"https:\\\/\\\/www.instagram.com\\\/informelitoral\\\/\",\"https:\\\/\\\/www.youtube.com\\\/channel\\\/UCua4Qvz8Icb6MYqhoq9xLXw\"]},{\"@type\":\"Person\",\"@id\":\"https:\\\/\\\/informelitoral.com.ar\\\/#\\\/schema\\\/person\\\/b9d00407c836482871ef1d57bf8e3180\",\"name\":\"Gonzalo Schmidt\",\"image\":{\"@type\":\"ImageObject\",\"inLanguage\":\"es\",\"@id\":\"https:\\\/\\\/secure.gravatar.com\\\/avatar\\\/31a1a7b66ff2de83bd0e9fd79d026630d2d99e55e8bfe501287647b4fd9743de?s=96&d=mm&r=g\",\"url\":\"https:\\\/\\\/secure.gravatar.com\\\/avatar\\\/31a1a7b66ff2de83bd0e9fd79d026630d2d99e55e8bfe501287647b4fd9743de?s=96&d=mm&r=g\",\"contentUrl\":\"https:\\\/\\\/secure.gravatar.com\\\/avatar\\\/31a1a7b66ff2de83bd0e9fd79d026630d2d99e55e8bfe501287647b4fd9743de?s=96&d=mm&r=g\",\"caption\":\"Gonzalo Schmidt\"},\"description\":\"Sitio web de noticias de la provincia de Entre R\u00edos, Argentina. Informaci\u00f3n y entretenimiento. Informe Litoral, nos informamos.\",\"sameAs\":[\"http:\\\/\\\/www.isletasnoticias.com.ar\"],\"url\":\"https:\\\/\\\/informelitoral.com.ar\\\/author\\\/gonzalo\\\/\"}]}<\/script>","yoast_head_json":{"title":"Fin de semana imprevisible: anuncian que el d\u00eda m\u00e1s lluvioso ser\u00e1 el domingo - Informe Litoral","robots":{"index":"index","follow":"follow","max-snippet":"max-snippet:-1","max-image-preview":"max-image-preview:large","max-video-preview":"max-video-preview:-1"},"canonical":"https:\/\/informelitoral.com.ar\/fin-de-semana-imprevisible-anuncian-que-el-dia-mas-lluvioso-sera-el-domingo\/","og_locale":"es_ES","og_type":"article","og_title":"Fin de semana imprevisible: anuncian que el d\u00eda m\u00e1s lluvioso ser\u00e1 el domingo - Informe Litoral","og_description":"Para este s\u00e1bado no se descartan chaparrones aislados. La temperatura alcanzar\u00e1 los 34 grados.","og_url":"https:\/\/informelitoral.com.ar\/fin-de-semana-imprevisible-anuncian-que-el-dia-mas-lluvioso-sera-el-domingo\/","og_site_name":"Informe Litoral","article_publisher":"https:\/\/www.facebook.com\/informelitoral\/","article_published_time":"2025-01-18T14:48:11+00:00","og_image":[{"width":800,"height":500,"url":"https:\/\/informelitoral.com.ar\/%77%70%2d%63%6f%6e%74%65%6e%74\/uploads\/2023\/08\/nubes-sol-agosto.jpg","type":"image\/jpeg"}],"author":"Gonzalo Schmidt","twitter_card":"summary_large_image","twitter_creator":"@InformeLitoral","twitter_site":"@InformeLitoral","twitter_misc":{"Escrito por":"Gonzalo Schmidt","Tiempo de lectura":"1 minuto"},"schema":{"@context":"https:\/\/schema.org","@graph":[{"@type":"Article","@id":"https:\/\/informelitoral.com.ar\/fin-de-semana-imprevisible-anuncian-que-el-dia-mas-lluvioso-sera-el-domingo\/#article","isPartOf":{"@id":"https:\/\/informelitoral.com.ar\/fin-de-semana-imprevisible-anuncian-que-el-dia-mas-lluvioso-sera-el-domingo\/"},"author":{"name":"Gonzalo Schmidt","@id":"https:\/\/informelitoral.com.ar\/#\/schema\/person\/b9d00407c836482871ef1d57bf8e3180"},"headline":"Fin de semana imprevisible: anuncian que el d\u00eda m\u00e1s lluvioso ser\u00e1 el domingo","datePublished":"2025-01-18T14:48:11+00:00","mainEntityOfPage":{"@id":"https:\/\/informelitoral.com.ar\/fin-de-semana-imprevisible-anuncian-que-el-dia-mas-lluvioso-sera-el-domingo\/"},"wordCount":138,"commentCount":0,"publisher":{"@id":"https:\/\/informelitoral.com.ar\/#organization"},"image":{"@id":"https:\/\/informelitoral.com.ar\/fin-de-semana-imprevisible-anuncian-que-el-dia-mas-lluvioso-sera-el-domingo\/#primaryimage"},"thumbnailUrl":"https:\/\/informelitoral.com.ar\/%77%70%2d%63%6f%6e%74%65%6e%74\/uploads\/2023\/08\/nubes-sol-agosto.jpg","keywords":["El tiempo","Pron\u00f3stico","Pron\u00f3stico del tiempo"],"articleSection":["Entre R\u00edos"],"inLanguage":"es","potentialAction":[{"@type":"CommentAction","name":"Comment","target":["https:\/\/informelitoral.com.ar\/fin-de-semana-imprevisible-anuncian-que-el-dia-mas-lluvioso-sera-el-domingo\/#respond"]}]},{"@type":"WebPage","@id":"https:\/\/informelitoral.com.ar\/fin-de-semana-imprevisible-anuncian-que-el-dia-mas-lluvioso-sera-el-domingo\/","url":"https:\/\/informelitoral.com.ar\/fin-de-semana-imprevisible-anuncian-que-el-dia-mas-lluvioso-sera-el-domingo\/","name":"Fin de semana imprevisible: anuncian que el d\u00eda m\u00e1s lluvioso ser\u00e1 el domingo - Informe Litoral","isPartOf":{"@id":"https:\/\/informelitoral.com.ar\/#website"},"primaryImageOfPage":{"@id":"https:\/\/informelitoral.com.ar\/fin-de-semana-imprevisible-anuncian-que-el-dia-mas-lluvioso-sera-el-domingo\/#primaryimage"},"image":{"@id":"https:\/\/informelitoral.com.ar\/fin-de-semana-imprevisible-anuncian-que-el-dia-mas-lluvioso-sera-el-domingo\/#primaryimage"},"thumbnailUrl":"https:\/\/informelitoral.com.ar\/%77%70%2d%63%6f%6e%74%65%6e%74\/uploads\/2023\/08\/nubes-sol-agosto.jpg","datePublished":"2025-01-18T14:48:11+00:00","breadcrumb":{"@id":"https:\/\/informelitoral.com.ar\/fin-de-semana-imprevisible-anuncian-que-el-dia-mas-lluvioso-sera-el-domingo\/#breadcrumb"},"inLanguage":"es","potentialAction":[{"@type":"ReadAction","target":["https:\/\/informelitoral.com.ar\/fin-de-semana-imprevisible-anuncian-que-el-dia-mas-lluvioso-sera-el-domingo\/"]}]},{"@type":"ImageObject","inLanguage":"es","@id":"https:\/\/informelitoral.com.ar\/fin-de-semana-imprevisible-anuncian-que-el-dia-mas-lluvioso-sera-el-domingo\/#primaryimage","url":"https:\/\/informelitoral.com.ar\/%77%70%2d%63%6f%6e%74%65%6e%74\/uploads\/2023\/08\/nubes-sol-agosto.jpg","contentUrl":"https:\/\/informelitoral.com.ar\/%77%70%2d%63%6f%6e%74%65%6e%74\/uploads\/2023\/08\/nubes-sol-agosto.jpg","width":800,"height":500},{"@type":"BreadcrumbList","@id":"https:\/\/informelitoral.com.ar\/fin-de-semana-imprevisible-anuncian-que-el-dia-mas-lluvioso-sera-el-domingo\/#breadcrumb","itemListElement":[{"@type":"ListItem","position":1,"name":"Portada","item":"https:\/\/informelitoral.com.ar\/"},{"@type":"ListItem","position":2,"name":"Fin de semana imprevisible: anuncian que el d\u00eda m\u00e1s lluvioso ser\u00e1 el domingo"}]},{"@type":"WebSite","@id":"https:\/\/informelitoral.com.ar\/#website","url":"https:\/\/informelitoral.com.ar\/","name":"Informe Litoral","description":"&quot;Nos informamos&quot; ","publisher":{"@id":"https:\/\/informelitoral.com.ar\/#organization"},"potentialAction":[{"@type":"SearchAction","target":{"@type":"EntryPoint","urlTemplate":"https:\/\/informelitoral.com.ar\/?s={search_term_string}"},"query-input":{"@type":"PropertyValueSpecification","valueRequired":true,"valueName":"search_term_string"}}],"inLanguage":"es"},{"@type":"Organization","@id":"https:\/\/informelitoral.com.ar\/#organization","name":"Informe Litoral","url":"https:\/\/informelitoral.com.ar\/","logo":{"@type":"ImageObject","inLanguage":"es","@id":"https:\/\/informelitoral.com.ar\/#\/schema\/logo\/image\/","url":"https:\/\/informelitoral.com.ar\/%77%70%2d%63%6f%6e%74%65%6e%74\/uploads\/2021\/01\/circulo.png","contentUrl":"https:\/\/informelitoral.com.ar\/%77%70%2d%63%6f%6e%74%65%6e%74\/uploads\/2021\/01\/circulo.png","width":723,"height":731,"caption":"Informe Litoral"},"image":{"@id":"https:\/\/informelitoral.com.ar\/#\/schema\/logo\/image\/"},"sameAs":["https:\/\/www.facebook.com\/informelitoral\/","https:\/\/x.com\/InformeLitoral","https:\/\/www.instagram.com\/informelitoral\/","https:\/\/www.youtube.com\/channel\/UCua4Qvz8Icb6MYqhoq9xLXw"]},{"@type":"Person","@id":"https:\/\/informelitoral.com.ar\/#\/schema\/person\/b9d00407c836482871ef1d57bf8e3180","name":"Gonzalo Schmidt","image":{"@type":"ImageObject","inLanguage":"es","@id":"https:\/\/secure.gravatar.com\/avatar\/31a1a7b66ff2de83bd0e9fd79d026630d2d99e55e8bfe501287647b4fd9743de?s=96&d=mm&r=g","url":"https:\/\/secure.gravatar.com\/avatar\/31a1a7b66ff2de83bd0e9fd79d026630d2d99e55e8bfe501287647b4fd9743de?s=96&d=mm&r=g","contentUrl":"https:\/\/secure.gravatar.com\/avatar\/31a1a7b66ff2de83bd0e9fd79d026630d2d99e55e8bfe501287647b4fd9743de?s=96&d=mm&r=g","caption":"Gonzalo Schmidt"},"description":"Sitio web de noticias de la provincia de Entre R\u00edos, Argentina. Informaci\u00f3n y entretenimiento. Informe Litoral, nos informamos.","sameAs":["http:\/\/www.isletasnoticias.com.ar"],"url":"https:\/\/informelitoral.com.ar\/author\/gonzalo\/"}]}},"_links":{"self":[{"href":"https:\/\/informelitoral.com.ar\/%77%70%2d%6a%73%6f%6e\/wp\/v2\/posts\/209149","targetHints":{"allow":["GET"]}}],"collection":[{"href":"https:\/\/informelitoral.com.ar\/%77%70%2d%6a%73%6f%6e\/wp\/v2\/posts"}],"about":[{"href":"https:\/\/informelitoral.com.ar\/%77%70%2d%6a%73%6f%6e\/wp\/v2\/types\/post"}],"author":[{"embeddable":true,"href":"https:\/\/informelitoral.com.ar\/%77%70%2d%6a%73%6f%6e\/wp\/v2\/users\/2"}],"replies":[{"embeddable":true,"href":"https:\/\/informelitoral.com.ar\/%77%70%2d%6a%73%6f%6e\/wp\/v2\/comments?post=209149"}],"version-history":[{"count":0,"href":"https:\/\/informelitoral.com.ar\/%77%70%2d%6a%73%6f%6e\/wp\/v2\/posts\/209149\/revisions"}],"wp:featuredmedia":[{"embeddable":true,"href":"https:\/\/informelitoral.com.ar\/%77%70%2d%6a%73%6f%6e\/wp\/v2\/media\/160512"}],"wp:attachment":[{"href":"https:\/\/informelitoral.com.ar\/%77%70%2d%6a%73%6f%6e\/wp\/v2\/media?parent=209149"}],"wp:term":[{"taxonomy":"category","embeddable":true,"href":"https:\/\/informelitoral.com.ar\/%77%70%2d%6a%73%6f%6e\/wp\/v2\/categories?post=209149"},{"taxonomy":"post_tag","embeddable":true,"href":"https:\/\/informelitoral.com.ar\/%77%70%2d%6a%73%6f%6e\/wp\/v2\/tags?post=209149"}],"curies":[{"name":"wp","href":"https:\/\/api.w.org\/{rel}","templated":true}]}}