{"id":208372,"date":"2025-01-05T10:31:57","date_gmt":"2025-01-05T13:31:57","guid":{"rendered":"https:\/\/www.informelitoral.com.ar\/?p=208372"},"modified":"2025-01-05T10:49:27","modified_gmt":"2025-01-05T13:49:27","slug":"luis-lafferriere-no-le-tiene-fe-a-milei-es-el-plan-masacre-asegura","status":"publish","type":"post","link":"https:\/\/informelitoral.com.ar\/luis-lafferriere-no-le-tiene-fe-a-milei-es-el-plan-masacre-asegura\/","title":{"rendered":"Luis Lafferriere no le tiene fe a Milei: \u00abEs el plan masacre\u00bb, asegura"},"content":{"rendered":"<p><strong>Luis Lafferriere<\/strong>, exdocente universitario y reconocido economista entrerriano siempre es un hombre de consulta ante los temas de coyuntura. El profesional<strong> se caracteriza por su mirada cr\u00edtica del sistema pol\u00edtico, econ\u00f3mico y social actual,<\/strong> que va m\u00e1s all\u00e1 del Gobierno de turno. Posturas similares tuvo con el \u00abmacrismo\u00bb, el \u00abkirchnerismo\u00bb y nos podr\u00edamos ir m\u00e1s atr\u00e1s a\u00fan.<\/p>\n<p>A grandes rasgos, Lafferriere <strong>considera que plata siempre hubo, lo que sucede en el pa\u00eds y el mundo es que la torta se corta en cada vez menos porciones<\/strong>, es decir, producto del sistema instaurado, hay personas que les sobran los recursos, mientras que otras no pueden salir de la pobreza o al contrario, cada vez m\u00e1s caen en ella. <strong>Tambi\u00e9n su preocupaci\u00f3n se centra en el impacto ambiental de este modelo,<\/strong> de lo que considera la extracci\u00f3n de recursos y la contaminaci\u00f3n sin control. Es por ello, que m\u00e1s all\u00e1 de los matices en lo discursivo, <strong>para \u00e9l cada presidente es un \u00abt\u00edtere\u00bb de este sistema mundial.<\/strong><\/p>\n<h2><strong>Qu\u00e9 piensa Luis Lafferriere del Gobierno de Javier Milei<\/strong><\/h2>\n<p>Para el economista, la actual administraci\u00f3n es el <span style=\"background-color: #ffff00;\"><strong>\u00abplan masacre\u00bb<\/strong><\/span> y lo fundamenta en <strong>\u00ablas pol\u00edticas de ajuste estructurales que apuntan a cambios definitivos y dr\u00e1sticos. Si bien la sociedad ven\u00eda mal desde los gobiernos anteriores, por algo votaron esto, ahora sucede que se empeor\u00f3 todo\u00bb<\/strong>, sostuvo en<a href=\"https:\/\/www.informelitoral.com.ar\/la-hora-del-6-por-canal-6-ertv-donde-volver-a-ver-las-entrevistas\/\" target=\"_blank\" rel=\"noopener\"><em><strong> La Hora del 6<\/strong><\/em><\/a> por <em>Canal 6 ERTV.<\/em><\/p>\n<p>En ese marco explic\u00f3 que el Libertario <strong><span style=\"background-color: #ffff00;\">\u00abes un modelo que lo definien grandes corporciones,<\/span> que son los due\u00f1os de casi todo el mundo. Esos sectores pretenden adue\u00f1arse de los recursos est\u00e9n donde est\u00e9n por eso presionan a los gobiernos para que los favorezcan.<\/strong> Es el extrativismo depredador que genera cada vez m\u00e1s desigualdades\u00bb, remarc\u00f3 Lafferriere.<\/p>\n<p>Para seguir con el fundamento de su postura, el economista detall\u00f3: <strong>\u00ab<span style=\"background-color: #ffff00;\">Se paga la deuda fraudulenta (con el FMI) y se genera la fuga de capitales<\/span>. Una cosa es aplicar pol\u00edticas de ajuste con un bajo porcentaje de poblaci\u00f3n viviendo en la pobreza, lo cual ya es malo, pero peor a\u00fan es aplicarlos cuando m\u00e1s del 40% vive en la pobreza. Eso significa masacre, ya que es p\u00e9rdida de empleo, de empresas, gente que se queda sin ingresos para adquirir lo b\u00e1sico para subsistir. Es decir, <span style=\"background-color: #ffff00;\">se destruye el mercado interno a trav\u00e9s de la baja de recursos y deja todo para que lo lleven los saqueadores<\/span>\u00ab<\/strong>, sintetiz\u00f3.<\/p>\n<p>Tambi\u00e9n fue consultado sobre n\u00fameros que muestra el Gobierno como positivos, como la baja de la <span style=\"background-color: #ffff00;\">inflaci\u00f3n y el Riesgo Pa\u00eds<\/span>. Sobre la primera expres\u00f3: <strong>\u00abLa medici\u00f3n se hace con un sistema de otro tiempo y a parte, supongamos que est\u00e1 bien medida, la gente no recuper\u00f3 ingresos respecto a la suba de precios que se produjo sobre todo a fines de 2023, eso se ve en que no repuntan las ventas. En cuanto al Riesgo Pa\u00eds, son n\u00fameros que ponen los usureros de siempre, los grandes capitales. Obviamente si todo se hace a favor de ellos, ese n\u00famero va a bajar\u00bb<\/strong>, indic\u00f3.<\/p>\n<p>Al ser consultado sobre <strong>porqu\u00e9 con este panorama que describi\u00f3 los ciudadanos no salen masivametne a manifestarse,<\/strong> analiz\u00f3: \u00abNo soy soci\u00f3logo, pero hay periodos donde la gente est\u00e1 esperanzada, calmada y de golpe explota. A veces en el momento menos esperado o una cuesti\u00f3n en particular desencadena todo y espero que as\u00ed sea\u00bb, asegur\u00f3.<em> (Informe Litoral)<\/em><\/p>\n<h2><strong>Ver la entrevista completa con Luis Lafferriere:\u00a0<\/strong><\/h2>\n<div class=\"youtube-embed\" data-video_id=\"kQ26NfsfJog\"><iframe loading=\"lazy\" title=\"Luis Lafferriere explic\u00f3 porqu\u00e9 llama &quot;Plan Masacre&quot; al Gobierno de Milei\" width=\"696\" height=\"392\" src=\"https:\/\/www.youtube.com\/embed\/kQ26NfsfJog?feature=oembed&#038;enablejsapi=1\" frameborder=\"0\" allow=\"accelerometer; autoplay; clipboard-write; encrypted-media; gyroscope; picture-in-picture; web-share\" referrerpolicy=\"strict-origin-when-cross-origin\" allowfullscreen><\/iframe><\/div>\n<h6><em><strong>Del archivo:\u00a0<a href=\"https:\/\/www.informelitoral.com.ar\/guillermo-willy-bernaudo-espantar-las-inversiones-en-un-error\/\" target=\"_blank\" rel=\"noopener\">Guillermo \u00abWilly\u00bb Bernaudo: \u00abEspantar las inversiones en un error\u00bb<\/a><\/strong><\/em><\/h6>\n<h6><em><strong><a href=\"https:\/\/www.informelitoral.com.ar\/alicia-aluani-encontre-buena-predisposicion-en-la-oposicion-para-dialogar\/\" target=\"_blank\" rel=\"noopener\">Alicia Aluani: \u201cEncontr\u00e9 buena predisposici\u00f3n en la oposici\u00f3n para dialogar\u201d<\/a><\/strong><\/em><\/h6>\n<h6><em><strong><a href=\"https:\/\/www.informelitoral.com.ar\/todos-los-anuncios-de-javier-milei-tras-cumplir-un-ano-de-su-asuncion-a-la-presidencia\/\" target=\"_blank\" rel=\"noopener\">Todos los anuncios de Javier Milei tras cumplir un a\u00f1o de su asunci\u00f3n a la presidencia<\/a><\/strong><\/em><\/h6>\n<h6><em><strong><a href=\"https:\/\/www.informelitoral.com.ar\/que-estudiar-en-la-fcedu-uner-en-2025\/\" target=\"_blank\" rel=\"noopener\">Qu\u00e9 estudiar en la FCEdu-UNER en 2025<\/a><\/strong><\/em><\/h6>\n<h6><em><strong><a href=\"https:\/\/www.informelitoral.com.ar\/siguen-abiertas-las-inscripciones-para-estudiar-trabajo-social-y-ciencia-politica-en-parana\/\" target=\"_blank\" rel=\"noopener\">Siguen abiertas las inscripciones para estudiar Trabajo Social y Ciencia Pol\u00edtica en Paran\u00e1<\/a><\/strong><\/em><\/h6>\n<h6><em><strong><a href=\"https:\/\/www.informelitoral.com.ar\/todavia-hay-tiempo-para-inscribirse-a-las-carreras-de-la-facultad-de-ciencias-economicas-de-la-uner\/\" target=\"_blank\" rel=\"noopener\">Todav\u00eda hay tiempo para inscribirse a las carreras de la Facultad de Ciencias Econ\u00f3micas de la UNER<\/a><\/strong><\/em><\/h6>\n<h2><strong>Lafferriere antes de Milei presidente:\u00a0<\/strong><\/h2>\n<div class=\"youtube-embed\" data-video_id=\"dp1J1s2f01I\"><iframe loading=\"lazy\" title=\"Luis Lafferriere : \u00bfLa salida de la crisis es votarlo a Milei?\" width=\"696\" height=\"392\" src=\"https:\/\/www.youtube.com\/embed\/dp1J1s2f01I?feature=oembed&#038;enablejsapi=1\" frameborder=\"0\" allow=\"accelerometer; autoplay; clipboard-write; encrypted-media; gyroscope; picture-in-picture; web-share\" referrerpolicy=\"strict-origin-when-cross-origin\" allowfullscreen><\/iframe><\/div>\n","protected":false},"excerpt":{"rendered":"<p>El reconocido economista entrerriano fundament\u00f3 su postura en La Hora del 6. \u00abSe destruye el mercado interno, a trav\u00e9s de la baja de recursos, y deja todo para que lo lleven los saqueadores\u00bb, sostuvo.<\/p>\n","protected":false},"author":2,"featured_media":208379,"comment_status":"open","ping_status":"open","sticky":false,"template":"","format":"standard","meta":{"fifu_image_url":"","fifu_image_alt":"","footnotes":""},"categories":[1594,16],"tags":[3476,44,2603,5126,618],"class_list":{"0":"post-208372","1":"post","2":"type-post","3":"status-publish","4":"format-standard","5":"has-post-thumbnail","7":"category-economia","8":"category-politi","9":"tag-canal-6-ertv","10":"tag-economia","11":"tag-javier-milei","12":"tag-la-hora-del-6","13":"tag-luis-lafferriere"},"yoast_head":"<title>Luis Lafferriere no le tiene fe a Milei: &quot;Es el plan masacre&quot;, asegura - Informe Litoral<\/title>\n<meta name=\"robots\" content=\"index, follow, max-snippet:-1, max-image-preview:large, max-video-preview:-1\" \/>\n<link rel=\"canonical\" href=\"https:\/\/informelitoral.com.ar\/luis-lafferriere-no-le-tiene-fe-a-milei-es-el-plan-masacre-asegura\/\" \/>\n<meta property=\"og:locale\" content=\"es_ES\" \/>\n<meta property=\"og:type\" content=\"article\" \/>\n<meta property=\"og:title\" content=\"Luis Lafferriere no le tiene fe a Milei: &quot;Es el plan masacre&quot;, asegura - Informe Litoral\" \/>\n<meta property=\"og:description\" content=\"El reconocido economista entrerriano fundament\u00f3 su postura en La Hora del 6. &quot;Se destruye el mercado interno, a trav\u00e9s de la baja de recursos, y deja todo para que lo lleven los saqueadores&quot;, sostuvo.\" \/>\n<meta property=\"og:url\" content=\"https:\/\/informelitoral.com.ar\/luis-lafferriere-no-le-tiene-fe-a-milei-es-el-plan-masacre-asegura\/\" \/>\n<meta property=\"og:site_name\" content=\"Informe Litoral\" \/>\n<meta property=\"article:publisher\" content=\"https:\/\/www.facebook.com\/informelitoral\/\" \/>\n<meta property=\"article:published_time\" content=\"2025-01-05T13:31:57+00:00\" \/>\n<meta property=\"article:modified_time\" content=\"2025-01-05T13:49:27+00:00\" \/>\n<meta property=\"og:image\" content=\"https:\/\/informelitoral.com.ar\/%77%70%2d%63%6f%6e%74%65%6e%74\/uploads\/2025\/01\/luis-lafferriere-la-hora-del-6-canal-6-ertv.jpg\" \/>\n\t<meta property=\"og:image:width\" content=\"1928\" \/>\n\t<meta property=\"og:image:height\" content=\"1080\" \/>\n\t<meta property=\"og:image:type\" content=\"image\/jpeg\" \/>\n<meta name=\"author\" content=\"Gonzalo Schmidt\" \/>\n<meta name=\"twitter:card\" content=\"summary_large_image\" \/>\n<meta name=\"twitter:creator\" content=\"@InformeLitoral\" \/>\n<meta name=\"twitter:site\" content=\"@InformeLitoral\" \/>\n<meta name=\"twitter:label1\" content=\"Escrito por\" \/>\n\t<meta name=\"twitter:data1\" content=\"Gonzalo Schmidt\" \/>\n\t<meta name=\"twitter:label2\" content=\"Tiempo de lectura\" \/>\n\t<meta name=\"twitter:data2\" content=\"4 minutos\" \/>\n<script type=\"application\/ld+json\" class=\"yoast-schema-graph\">{\"@context\":\"https:\\\/\\\/schema.org\",\"@graph\":[{\"@type\":\"Article\",\"@id\":\"https:\\\/\\\/informelitoral.com.ar\\\/luis-lafferriere-no-le-tiene-fe-a-milei-es-el-plan-masacre-asegura\\\/#article\",\"isPartOf\":{\"@id\":\"https:\\\/\\\/informelitoral.com.ar\\\/luis-lafferriere-no-le-tiene-fe-a-milei-es-el-plan-masacre-asegura\\\/\"},\"author\":{\"name\":\"Gonzalo Schmidt\",\"@id\":\"https:\\\/\\\/informelitoral.com.ar\\\/#\\\/schema\\\/person\\\/b9d00407c836482871ef1d57bf8e3180\"},\"headline\":\"Luis Lafferriere no le tiene fe a Milei: \u00abEs el plan masacre\u00bb, asegura\",\"datePublished\":\"2025-01-05T13:31:57+00:00\",\"dateModified\":\"2025-01-05T13:49:27+00:00\",\"mainEntityOfPage\":{\"@id\":\"https:\\\/\\\/informelitoral.com.ar\\\/luis-lafferriere-no-le-tiene-fe-a-milei-es-el-plan-masacre-asegura\\\/\"},\"wordCount\":718,\"commentCount\":0,\"publisher\":{\"@id\":\"https:\\\/\\\/informelitoral.com.ar\\\/#organization\"},\"image\":{\"@id\":\"https:\\\/\\\/informelitoral.com.ar\\\/luis-lafferriere-no-le-tiene-fe-a-milei-es-el-plan-masacre-asegura\\\/#primaryimage\"},\"thumbnailUrl\":\"https:\\\/\\\/informelitoral.com.ar\\\/%77%70%2d%63%6f%6e%74%65%6e%74\\\/uploads\\\/2025\\\/01\\\/luis-lafferriere-la-hora-del-6-canal-6-ertv.jpg\",\"keywords\":[\"Canal 6 ERTV\",\"Econom\u00eda\",\"Javier Milei\",\"La hora del 6\",\"Luis Lafferriere\"],\"articleSection\":[\"Econom\u00eda\",\"Politica\"],\"inLanguage\":\"es\",\"potentialAction\":[{\"@type\":\"CommentAction\",\"name\":\"Comment\",\"target\":[\"https:\\\/\\\/informelitoral.com.ar\\\/luis-lafferriere-no-le-tiene-fe-a-milei-es-el-plan-masacre-asegura\\\/#respond\"]}]},{\"@type\":\"WebPage\",\"@id\":\"https:\\\/\\\/informelitoral.com.ar\\\/luis-lafferriere-no-le-tiene-fe-a-milei-es-el-plan-masacre-asegura\\\/\",\"url\":\"https:\\\/\\\/informelitoral.com.ar\\\/luis-lafferriere-no-le-tiene-fe-a-milei-es-el-plan-masacre-asegura\\\/\",\"name\":\"Luis Lafferriere no le tiene fe a Milei: \\\"Es el plan masacre\\\", asegura - Informe Litoral\",\"isPartOf\":{\"@id\":\"https:\\\/\\\/informelitoral.com.ar\\\/#website\"},\"primaryImageOfPage\":{\"@id\":\"https:\\\/\\\/informelitoral.com.ar\\\/luis-lafferriere-no-le-tiene-fe-a-milei-es-el-plan-masacre-asegura\\\/#primaryimage\"},\"image\":{\"@id\":\"https:\\\/\\\/informelitoral.com.ar\\\/luis-lafferriere-no-le-tiene-fe-a-milei-es-el-plan-masacre-asegura\\\/#primaryimage\"},\"thumbnailUrl\":\"https:\\\/\\\/informelitoral.com.ar\\\/%77%70%2d%63%6f%6e%74%65%6e%74\\\/uploads\\\/2025\\\/01\\\/luis-lafferriere-la-hora-del-6-canal-6-ertv.jpg\",\"datePublished\":\"2025-01-05T13:31:57+00:00\",\"dateModified\":\"2025-01-05T13:49:27+00:00\",\"breadcrumb\":{\"@id\":\"https:\\\/\\\/informelitoral.com.ar\\\/luis-lafferriere-no-le-tiene-fe-a-milei-es-el-plan-masacre-asegura\\\/#breadcrumb\"},\"inLanguage\":\"es\",\"potentialAction\":[{\"@type\":\"ReadAction\",\"target\":[\"https:\\\/\\\/informelitoral.com.ar\\\/luis-lafferriere-no-le-tiene-fe-a-milei-es-el-plan-masacre-asegura\\\/\"]}]},{\"@type\":\"ImageObject\",\"inLanguage\":\"es\",\"@id\":\"https:\\\/\\\/informelitoral.com.ar\\\/luis-lafferriere-no-le-tiene-fe-a-milei-es-el-plan-masacre-asegura\\\/#primaryimage\",\"url\":\"https:\\\/\\\/informelitoral.com.ar\\\/%77%70%2d%63%6f%6e%74%65%6e%74\\\/uploads\\\/2025\\\/01\\\/luis-lafferriere-la-hora-del-6-canal-6-ertv.jpg\",\"contentUrl\":\"https:\\\/\\\/informelitoral.com.ar\\\/%77%70%2d%63%6f%6e%74%65%6e%74\\\/uploads\\\/2025\\\/01\\\/luis-lafferriere-la-hora-del-6-canal-6-ertv.jpg\",\"width\":1928,\"height\":1080,\"caption\":\"Luis Lafferriere en La Hora del 6 por Canal 6 ERTV.\"},{\"@type\":\"BreadcrumbList\",\"@id\":\"https:\\\/\\\/informelitoral.com.ar\\\/luis-lafferriere-no-le-tiene-fe-a-milei-es-el-plan-masacre-asegura\\\/#breadcrumb\",\"itemListElement\":[{\"@type\":\"ListItem\",\"position\":1,\"name\":\"Portada\",\"item\":\"https:\\\/\\\/informelitoral.com.ar\\\/\"},{\"@type\":\"ListItem\",\"position\":2,\"name\":\"Luis Lafferriere no le tiene fe a Milei: \u00abEs el plan masacre\u00bb, asegura\"}]},{\"@type\":\"WebSite\",\"@id\":\"https:\\\/\\\/informelitoral.com.ar\\\/#website\",\"url\":\"https:\\\/\\\/informelitoral.com.ar\\\/\",\"name\":\"Informe Litoral\",\"description\":\"&quot;Nos informamos&quot; \",\"publisher\":{\"@id\":\"https:\\\/\\\/informelitoral.com.ar\\\/#organization\"},\"potentialAction\":[{\"@type\":\"SearchAction\",\"target\":{\"@type\":\"EntryPoint\",\"urlTemplate\":\"https:\\\/\\\/informelitoral.com.ar\\\/?s={search_term_string}\"},\"query-input\":{\"@type\":\"PropertyValueSpecification\",\"valueRequired\":true,\"valueName\":\"search_term_string\"}}],\"inLanguage\":\"es\"},{\"@type\":\"Organization\",\"@id\":\"https:\\\/\\\/informelitoral.com.ar\\\/#organization\",\"name\":\"Informe Litoral\",\"url\":\"https:\\\/\\\/informelitoral.com.ar\\\/\",\"logo\":{\"@type\":\"ImageObject\",\"inLanguage\":\"es\",\"@id\":\"https:\\\/\\\/informelitoral.com.ar\\\/#\\\/schema\\\/logo\\\/image\\\/\",\"url\":\"https:\\\/\\\/informelitoral.com.ar\\\/%77%70%2d%63%6f%6e%74%65%6e%74\\\/uploads\\\/2021\\\/01\\\/circulo.png\",\"contentUrl\":\"https:\\\/\\\/informelitoral.com.ar\\\/%77%70%2d%63%6f%6e%74%65%6e%74\\\/uploads\\\/2021\\\/01\\\/circulo.png\",\"width\":723,\"height\":731,\"caption\":\"Informe Litoral\"},\"image\":{\"@id\":\"https:\\\/\\\/informelitoral.com.ar\\\/#\\\/schema\\\/logo\\\/image\\\/\"},\"sameAs\":[\"https:\\\/\\\/www.facebook.com\\\/informelitoral\\\/\",\"https:\\\/\\\/x.com\\\/InformeLitoral\",\"https:\\\/\\\/www.instagram.com\\\/informelitoral\\\/\",\"https:\\\/\\\/www.youtube.com\\\/channel\\\/UCua4Qvz8Icb6MYqhoq9xLXw\"]},{\"@type\":\"Person\",\"@id\":\"https:\\\/\\\/informelitoral.com.ar\\\/#\\\/schema\\\/person\\\/b9d00407c836482871ef1d57bf8e3180\",\"name\":\"Gonzalo Schmidt\",\"image\":{\"@type\":\"ImageObject\",\"inLanguage\":\"es\",\"@id\":\"https:\\\/\\\/secure.gravatar.com\\\/avatar\\\/31a1a7b66ff2de83bd0e9fd79d026630d2d99e55e8bfe501287647b4fd9743de?s=96&d=mm&r=g\",\"url\":\"https:\\\/\\\/secure.gravatar.com\\\/avatar\\\/31a1a7b66ff2de83bd0e9fd79d026630d2d99e55e8bfe501287647b4fd9743de?s=96&d=mm&r=g\",\"contentUrl\":\"https:\\\/\\\/secure.gravatar.com\\\/avatar\\\/31a1a7b66ff2de83bd0e9fd79d026630d2d99e55e8bfe501287647b4fd9743de?s=96&d=mm&r=g\",\"caption\":\"Gonzalo Schmidt\"},\"description\":\"Sitio web de noticias de la provincia de Entre R\u00edos, Argentina. Informaci\u00f3n y entretenimiento. Informe Litoral, nos informamos.\",\"sameAs\":[\"http:\\\/\\\/www.isletasnoticias.com.ar\"],\"url\":\"https:\\\/\\\/informelitoral.com.ar\\\/author\\\/gonzalo\\\/\"}]}<\/script>","yoast_head_json":{"title":"Luis Lafferriere no le tiene fe a Milei: \"Es el plan masacre\", asegura - Informe Litoral","robots":{"index":"index","follow":"follow","max-snippet":"max-snippet:-1","max-image-preview":"max-image-preview:large","max-video-preview":"max-video-preview:-1"},"canonical":"https:\/\/informelitoral.com.ar\/luis-lafferriere-no-le-tiene-fe-a-milei-es-el-plan-masacre-asegura\/","og_locale":"es_ES","og_type":"article","og_title":"Luis Lafferriere no le tiene fe a Milei: \"Es el plan masacre\", asegura - Informe Litoral","og_description":"El reconocido economista entrerriano fundament\u00f3 su postura en La Hora del 6. \"Se destruye el mercado interno, a trav\u00e9s de la baja de recursos, y deja todo para que lo lleven los saqueadores\", sostuvo.","og_url":"https:\/\/informelitoral.com.ar\/luis-lafferriere-no-le-tiene-fe-a-milei-es-el-plan-masacre-asegura\/","og_site_name":"Informe Litoral","article_publisher":"https:\/\/www.facebook.com\/informelitoral\/","article_published_time":"2025-01-05T13:31:57+00:00","article_modified_time":"2025-01-05T13:49:27+00:00","og_image":[{"width":1928,"height":1080,"url":"https:\/\/informelitoral.com.ar\/%77%70%2d%63%6f%6e%74%65%6e%74\/uploads\/2025\/01\/luis-lafferriere-la-hora-del-6-canal-6-ertv.jpg","type":"image\/jpeg"}],"author":"Gonzalo Schmidt","twitter_card":"summary_large_image","twitter_creator":"@InformeLitoral","twitter_site":"@InformeLitoral","twitter_misc":{"Escrito por":"Gonzalo Schmidt","Tiempo de lectura":"4 minutos"},"schema":{"@context":"https:\/\/schema.org","@graph":[{"@type":"Article","@id":"https:\/\/informelitoral.com.ar\/luis-lafferriere-no-le-tiene-fe-a-milei-es-el-plan-masacre-asegura\/#article","isPartOf":{"@id":"https:\/\/informelitoral.com.ar\/luis-lafferriere-no-le-tiene-fe-a-milei-es-el-plan-masacre-asegura\/"},"author":{"name":"Gonzalo Schmidt","@id":"https:\/\/informelitoral.com.ar\/#\/schema\/person\/b9d00407c836482871ef1d57bf8e3180"},"headline":"Luis Lafferriere no le tiene fe a Milei: \u00abEs el plan masacre\u00bb, asegura","datePublished":"2025-01-05T13:31:57+00:00","dateModified":"2025-01-05T13:49:27+00:00","mainEntityOfPage":{"@id":"https:\/\/informelitoral.com.ar\/luis-lafferriere-no-le-tiene-fe-a-milei-es-el-plan-masacre-asegura\/"},"wordCount":718,"commentCount":0,"publisher":{"@id":"https:\/\/informelitoral.com.ar\/#organization"},"image":{"@id":"https:\/\/informelitoral.com.ar\/luis-lafferriere-no-le-tiene-fe-a-milei-es-el-plan-masacre-asegura\/#primaryimage"},"thumbnailUrl":"https:\/\/informelitoral.com.ar\/%77%70%2d%63%6f%6e%74%65%6e%74\/uploads\/2025\/01\/luis-lafferriere-la-hora-del-6-canal-6-ertv.jpg","keywords":["Canal 6 ERTV","Econom\u00eda","Javier Milei","La hora del 6","Luis Lafferriere"],"articleSection":["Econom\u00eda","Politica"],"inLanguage":"es","potentialAction":[{"@type":"CommentAction","name":"Comment","target":["https:\/\/informelitoral.com.ar\/luis-lafferriere-no-le-tiene-fe-a-milei-es-el-plan-masacre-asegura\/#respond"]}]},{"@type":"WebPage","@id":"https:\/\/informelitoral.com.ar\/luis-lafferriere-no-le-tiene-fe-a-milei-es-el-plan-masacre-asegura\/","url":"https:\/\/informelitoral.com.ar\/luis-lafferriere-no-le-tiene-fe-a-milei-es-el-plan-masacre-asegura\/","name":"Luis Lafferriere no le tiene fe a Milei: \"Es el plan masacre\", asegura - Informe Litoral","isPartOf":{"@id":"https:\/\/informelitoral.com.ar\/#website"},"primaryImageOfPage":{"@id":"https:\/\/informelitoral.com.ar\/luis-lafferriere-no-le-tiene-fe-a-milei-es-el-plan-masacre-asegura\/#primaryimage"},"image":{"@id":"https:\/\/informelitoral.com.ar\/luis-lafferriere-no-le-tiene-fe-a-milei-es-el-plan-masacre-asegura\/#primaryimage"},"thumbnailUrl":"https:\/\/informelitoral.com.ar\/%77%70%2d%63%6f%6e%74%65%6e%74\/uploads\/2025\/01\/luis-lafferriere-la-hora-del-6-canal-6-ertv.jpg","datePublished":"2025-01-05T13:31:57+00:00","dateModified":"2025-01-05T13:49:27+00:00","breadcrumb":{"@id":"https:\/\/informelitoral.com.ar\/luis-lafferriere-no-le-tiene-fe-a-milei-es-el-plan-masacre-asegura\/#breadcrumb"},"inLanguage":"es","potentialAction":[{"@type":"ReadAction","target":["https:\/\/informelitoral.com.ar\/luis-lafferriere-no-le-tiene-fe-a-milei-es-el-plan-masacre-asegura\/"]}]},{"@type":"ImageObject","inLanguage":"es","@id":"https:\/\/informelitoral.com.ar\/luis-lafferriere-no-le-tiene-fe-a-milei-es-el-plan-masacre-asegura\/#primaryimage","url":"https:\/\/informelitoral.com.ar\/%77%70%2d%63%6f%6e%74%65%6e%74\/uploads\/2025\/01\/luis-lafferriere-la-hora-del-6-canal-6-ertv.jpg","contentUrl":"https:\/\/informelitoral.com.ar\/%77%70%2d%63%6f%6e%74%65%6e%74\/uploads\/2025\/01\/luis-lafferriere-la-hora-del-6-canal-6-ertv.jpg","width":1928,"height":1080,"caption":"Luis Lafferriere en La Hora del 6 por Canal 6 ERTV."},{"@type":"BreadcrumbList","@id":"https:\/\/informelitoral.com.ar\/luis-lafferriere-no-le-tiene-fe-a-milei-es-el-plan-masacre-asegura\/#breadcrumb","itemListElement":[{"@type":"ListItem","position":1,"name":"Portada","item":"https:\/\/informelitoral.com.ar\/"},{"@type":"ListItem","position":2,"name":"Luis Lafferriere no le tiene fe a Milei: \u00abEs el plan masacre\u00bb, asegura"}]},{"@type":"WebSite","@id":"https:\/\/informelitoral.com.ar\/#website","url":"https:\/\/informelitoral.com.ar\/","name":"Informe Litoral","description":"&quot;Nos informamos&quot; ","publisher":{"@id":"https:\/\/informelitoral.com.ar\/#organization"},"potentialAction":[{"@type":"SearchAction","target":{"@type":"EntryPoint","urlTemplate":"https:\/\/informelitoral.com.ar\/?s={search_term_string}"},"query-input":{"@type":"PropertyValueSpecification","valueRequired":true,"valueName":"search_term_string"}}],"inLanguage":"es"},{"@type":"Organization","@id":"https:\/\/informelitoral.com.ar\/#organization","name":"Informe Litoral","url":"https:\/\/informelitoral.com.ar\/","logo":{"@type":"ImageObject","inLanguage":"es","@id":"https:\/\/informelitoral.com.ar\/#\/schema\/logo\/image\/","url":"https:\/\/informelitoral.com.ar\/%77%70%2d%63%6f%6e%74%65%6e%74\/uploads\/2021\/01\/circulo.png","contentUrl":"https:\/\/informelitoral.com.ar\/%77%70%2d%63%6f%6e%74%65%6e%74\/uploads\/2021\/01\/circulo.png","width":723,"height":731,"caption":"Informe Litoral"},"image":{"@id":"https:\/\/informelitoral.com.ar\/#\/schema\/logo\/image\/"},"sameAs":["https:\/\/www.facebook.com\/informelitoral\/","https:\/\/x.com\/InformeLitoral","https:\/\/www.instagram.com\/informelitoral\/","https:\/\/www.youtube.com\/channel\/UCua4Qvz8Icb6MYqhoq9xLXw"]},{"@type":"Person","@id":"https:\/\/informelitoral.com.ar\/#\/schema\/person\/b9d00407c836482871ef1d57bf8e3180","name":"Gonzalo Schmidt","image":{"@type":"ImageObject","inLanguage":"es","@id":"https:\/\/secure.gravatar.com\/avatar\/31a1a7b66ff2de83bd0e9fd79d026630d2d99e55e8bfe501287647b4fd9743de?s=96&d=mm&r=g","url":"https:\/\/secure.gravatar.com\/avatar\/31a1a7b66ff2de83bd0e9fd79d026630d2d99e55e8bfe501287647b4fd9743de?s=96&d=mm&r=g","contentUrl":"https:\/\/secure.gravatar.com\/avatar\/31a1a7b66ff2de83bd0e9fd79d026630d2d99e55e8bfe501287647b4fd9743de?s=96&d=mm&r=g","caption":"Gonzalo Schmidt"},"description":"Sitio web de noticias de la provincia de Entre R\u00edos, Argentina. Informaci\u00f3n y entretenimiento. Informe Litoral, nos informamos.","sameAs":["http:\/\/www.isletasnoticias.com.ar"],"url":"https:\/\/informelitoral.com.ar\/author\/gonzalo\/"}]}},"_links":{"self":[{"href":"https:\/\/informelitoral.com.ar\/%77%70%2d%6a%73%6f%6e\/wp\/v2\/posts\/208372","targetHints":{"allow":["GET"]}}],"collection":[{"href":"https:\/\/informelitoral.com.ar\/%77%70%2d%6a%73%6f%6e\/wp\/v2\/posts"}],"about":[{"href":"https:\/\/informelitoral.com.ar\/%77%70%2d%6a%73%6f%6e\/wp\/v2\/types\/post"}],"author":[{"embeddable":true,"href":"https:\/\/informelitoral.com.ar\/%77%70%2d%6a%73%6f%6e\/wp\/v2\/users\/2"}],"replies":[{"embeddable":true,"href":"https:\/\/informelitoral.com.ar\/%77%70%2d%6a%73%6f%6e\/wp\/v2\/comments?post=208372"}],"version-history":[{"count":0,"href":"https:\/\/informelitoral.com.ar\/%77%70%2d%6a%73%6f%6e\/wp\/v2\/posts\/208372\/revisions"}],"wp:featuredmedia":[{"embeddable":true,"href":"https:\/\/informelitoral.com.ar\/%77%70%2d%6a%73%6f%6e\/wp\/v2\/media\/208379"}],"wp:attachment":[{"href":"https:\/\/informelitoral.com.ar\/%77%70%2d%6a%73%6f%6e\/wp\/v2\/media?parent=208372"}],"wp:term":[{"taxonomy":"category","embeddable":true,"href":"https:\/\/informelitoral.com.ar\/%77%70%2d%6a%73%6f%6e\/wp\/v2\/categories?post=208372"},{"taxonomy":"post_tag","embeddable":true,"href":"https:\/\/informelitoral.com.ar\/%77%70%2d%6a%73%6f%6e\/wp\/v2\/tags?post=208372"}],"curies":[{"name":"wp","href":"https:\/\/api.w.org\/{rel}","templated":true}]}}