{"id":208251,"date":"2025-01-01T17:27:10","date_gmt":"2025-01-01T20:27:10","guid":{"rendered":"https:\/\/www.informelitoral.com.ar\/?p=208251"},"modified":"2025-01-01T17:27:10","modified_gmt":"2025-01-01T20:27:10","slug":"la-receta-medica-electronica-rige-oficialmente-desde-este-1-de-enero","status":"publish","type":"post","link":"https:\/\/informelitoral.com.ar\/la-receta-medica-electronica-rige-oficialmente-desde-este-1-de-enero\/","title":{"rendered":"La receta m\u00e9dica electr\u00f3nica rige oficialmente desde este 1\u00b0 de enero"},"content":{"rendered":"<p><b>La implementaci\u00f3n de la receta electr\u00f3nica entr\u00f3 este mi\u00e9rcoles en vigencia en todo el pa\u00eds,\u00a0<\/b>por lo que la prescripci\u00f3n de medicamentos deber\u00e1 realizarse, \u00fanicamente, a trav\u00e9s de las\u00a0<b>plataformas inscriptas en el Registro Nacional de Plataformas Digitales Sanitarias (ReNaPDiS).<\/b><\/p>\n<p>As\u00ed lo dispuso el Ministerio de Salud de la Naci\u00f3n, mediante el\u00a0<a href=\"https:\/\/www.argentina.gob.ar\/normativa\/nacional\/decreto-345-2024-398297\/texto\" target=\"_blank\" rel=\"noopener\">Decreto 345\/2024<\/a>.<\/p>\n<p>Para que tengan validez, las recetas electr\u00f3nicas deber\u00e1n contar<b>\u00a0con la identificaci\u00f3n del m\u00e9dico o profesional de la salud con nombre, matr\u00edcula, profesi\u00f3n, especialidad y domicilio; el c\u00f3digo de barras; la identificaci\u00f3n del paciente (nombre, obra social o prepaga, fecha de nacimiento, DNI y sexo); la descripci\u00f3n del medicamento recetado detallando nombre gen\u00e9rico o denominaci\u00f3n com\u00fan internacional, presentaci\u00f3n, forma farmac\u00e9utica y cantidad de unidades.<\/b><\/p>\n<p>Tambi\u00e9n\u00a0<b>puede sumar el nombre comercial del medicamento que el profesional prescriptor sugiera,<\/b>\u00a0seg\u00fan precis\u00f3 la cartera sanitaria que encabeza Mario Lugones. Por \u00faltimo,\u00a0<b>diagn\u00f3stico; fecha de emisi\u00f3n y firma digital del profesional.<\/b><\/p>\n<p>Las plataformas verificar\u00e1n que los profesionales de salud est\u00e9n inscriptos en la Red Federal de Registros de Profesionales de la Salud (REFEPS) del Sistema Integrado de Informaci\u00f3n Sanitaria Argentino (SISA) y almacenar\u00e1n las recetas emitidas en repositorios virtuales que funcionar\u00e1n como nexo con las farmacias permitiendo que \u00e9stas \u00faltimas puedan acceder a ellas para la dispensa de los medicamentos cuando el paciente los requiera.<\/p>\n<p><b>Esto permitir\u00e1 que las personas s\u00f3lo tengan que acercarse a las farmacias con su DNI y\/o credencial para requerir la medicaci\u00f3n indicada por el profesional.<\/b><\/p>\n<p>Los repositorios deber\u00e1n cumplir con protocolos t\u00e9cnicos y administrativos que contemplen la alta disponibilidad y que garanticen el almacenamiento de las recetas durante el per\u00edodo establecido por la normativa.<\/p>\n<p>Esto requiere s\u00f3lidos mecanismos de respaldo y recuperaci\u00f3n de informaci\u00f3n frente a eventuales fallas o incidentes y garanticen el resguardo de los derechos de los pacientes.}Es importante tener en cuenta que<b> la receta manuscrita permanecer\u00e1 vigente, como condici\u00f3n de excepci\u00f3n, s\u00f3lo en zonas de dif\u00edcil acceso, sin conectividad o en caso de interrupciones eventuales del sistema.<\/b><\/p>\n<p>Asimismo, aquellas recetas emitas en papel antes del 31 de diciembre de este a\u00f1o podr\u00e1n ser utilizadas dentro de su per\u00edodo de vigencia habitual.<\/p>\n<p>El objetivo de esta medida es posibilitar el funcionamiento del ecosistema de salud digital previsto en la Ley Nacional de Recetas Electr\u00f3nicas (N\u00b0 27.553) de 2020, agilizando el circuito de prescripci\u00f3n y dispensa de medicamentos y simplificando las instancias administrativas.<\/p>\n<p>Asimismo, el sistema de receta electr\u00f3nica brinda herramientas a los profesionales para que puedan tomar mejores decisiones de tratamiento, evita errores de interpretaci\u00f3n y facilita la dispensa en farmacias mejorando en el acceso a los medicamentos.<\/p>\n<p>Actualmente,\u00a0<b>17 jurisdicciones cuentan con ley de receta electr\u00f3nica. De ellas, 11 adhieren a la Ley Nacional (Catamarca, Chaco, Corrientes, Entre R\u00edos, Jujuy, Mendoza, Misiones, Salta, San Juan, Tierra del Fuego, Tucum\u00e1n), 4 tienen su propia ley provincial con un r\u00e9gimen propio (Buenos Aires, CABA, Chubut, La Rioja) y 2 tienen el proyecto de ley provincial en curso (R\u00edo Negro, Santa Fe).<\/b><\/p>\n<p>En tanto,<b> las siete jurisdicciones restantes, si bien pueden utilizar parcialmente la Receta Electr\u00f3nica, a\u00fan no cuentan con ley provincial.<\/b><\/p>\n<p>De ellas,\u00a0<b>cuatro adhieren al uso de Receta Electr\u00f3nica y se espera cuenten con proyecto de ley pr\u00f3ximamente (San Luis, C\u00f3rdoba, Santiago del Estero, Santa Cruz) y tres a\u00fan se encuentran\u00a0<\/b><b>en revisi\u00f3n de sus planes de ley provincial (La Pampa, Neuqu\u00e9n, Formosa).<\/b><\/p>\n<h6><em><strong>Te puede interesar:\u00a0<a href=\"https:\/\/www.informelitoral.com.ar\/advierten-por-el-aumento-de-casos-de-psitacosis-en-entre-rios-e-informan-como-prevenir\/\" target=\"_blank\" rel=\"noopener\">Advierten por el aumento de casos de psitacosis en Entre R\u00edos e informan c\u00f3mo prevenir<\/a><\/strong><\/em><\/h6>\n","protected":false},"excerpt":{"rendered":"<p>La implementaci\u00f3n de la receta electr\u00f3nica entr\u00f3 este mi\u00e9rcoles en vigencia en todo el pa\u00eds, por lo que la prescripci\u00f3n de medicamentos deber\u00e1 realizarse, \u00fanicamente, a trav\u00e9s de las plataformas inscriptas en el Registro Nacional de Plataformas Digitales Sanitarias (ReNaPDiS). <\/p>\n","protected":false},"author":2,"featured_media":208252,"comment_status":"open","ping_status":"open","sticky":false,"template":"","format":"standard","meta":{"fifu_image_url":"","fifu_image_alt":"","footnotes":""},"categories":[7,1595],"tags":[103,82],"class_list":{"0":"post-208251","1":"post","2":"type-post","3":"status-publish","4":"format-standard","5":"has-post-thumbnail","7":"category-nacionales","8":"category-salud","9":"tag-medicamentos","10":"tag-salud"},"yoast_head":"<title>La receta m\u00e9dica electr\u00f3nica rige oficialmente desde este 1\u00b0 de enero - Informe Litoral<\/title>\n<meta name=\"robots\" content=\"index, follow, max-snippet:-1, max-image-preview:large, max-video-preview:-1\" \/>\n<link rel=\"canonical\" href=\"https:\/\/informelitoral.com.ar\/la-receta-medica-electronica-rige-oficialmente-desde-este-1-de-enero\/\" \/>\n<meta property=\"og:locale\" content=\"es_ES\" \/>\n<meta property=\"og:type\" content=\"article\" \/>\n<meta property=\"og:title\" content=\"La receta m\u00e9dica electr\u00f3nica rige oficialmente desde este 1\u00b0 de enero - Informe Litoral\" \/>\n<meta property=\"og:description\" content=\"La implementaci\u00f3n de la receta electr\u00f3nica entr\u00f3 este mi\u00e9rcoles en vigencia en todo el pa\u00eds, por lo que la prescripci\u00f3n de medicamentos deber\u00e1 realizarse, \u00fanicamente, a trav\u00e9s de las plataformas inscriptas en el Registro Nacional de Plataformas Digitales Sanitarias (ReNaPDiS).\" \/>\n<meta property=\"og:url\" content=\"https:\/\/informelitoral.com.ar\/la-receta-medica-electronica-rige-oficialmente-desde-este-1-de-enero\/\" \/>\n<meta property=\"og:site_name\" content=\"Informe Litoral\" \/>\n<meta property=\"article:publisher\" content=\"https:\/\/www.facebook.com\/informelitoral\/\" \/>\n<meta property=\"article:published_time\" content=\"2025-01-01T20:27:10+00:00\" \/>\n<meta property=\"og:image\" content=\"https:\/\/informelitoral.com.ar\/%77%70%2d%63%6f%6e%74%65%6e%74\/uploads\/2025\/01\/receta-electronica-1923194.webp\" \/>\n\t<meta property=\"og:image:width\" content=\"987\" \/>\n\t<meta property=\"og:image:height\" content=\"555\" \/>\n\t<meta property=\"og:image:type\" content=\"image\/webp\" \/>\n<meta name=\"author\" content=\"Gonzalo Schmidt\" \/>\n<meta name=\"twitter:card\" content=\"summary_large_image\" \/>\n<meta name=\"twitter:creator\" content=\"@InformeLitoral\" \/>\n<meta name=\"twitter:site\" content=\"@InformeLitoral\" \/>\n<meta name=\"twitter:label1\" content=\"Escrito por\" \/>\n\t<meta name=\"twitter:data1\" content=\"Gonzalo Schmidt\" \/>\n\t<meta name=\"twitter:label2\" content=\"Tiempo de lectura\" \/>\n\t<meta name=\"twitter:data2\" content=\"3 minutos\" \/>\n<script type=\"application\/ld+json\" class=\"yoast-schema-graph\">{\"@context\":\"https:\\\/\\\/schema.org\",\"@graph\":[{\"@type\":\"Article\",\"@id\":\"https:\\\/\\\/informelitoral.com.ar\\\/la-receta-medica-electronica-rige-oficialmente-desde-este-1-de-enero\\\/#article\",\"isPartOf\":{\"@id\":\"https:\\\/\\\/informelitoral.com.ar\\\/la-receta-medica-electronica-rige-oficialmente-desde-este-1-de-enero\\\/\"},\"author\":{\"name\":\"Gonzalo Schmidt\",\"@id\":\"https:\\\/\\\/informelitoral.com.ar\\\/#\\\/schema\\\/person\\\/b9d00407c836482871ef1d57bf8e3180\"},\"headline\":\"La receta m\u00e9dica electr\u00f3nica rige oficialmente desde este 1\u00b0 de enero\",\"datePublished\":\"2025-01-01T20:27:10+00:00\",\"mainEntityOfPage\":{\"@id\":\"https:\\\/\\\/informelitoral.com.ar\\\/la-receta-medica-electronica-rige-oficialmente-desde-este-1-de-enero\\\/\"},\"wordCount\":638,\"commentCount\":0,\"publisher\":{\"@id\":\"https:\\\/\\\/informelitoral.com.ar\\\/#organization\"},\"image\":{\"@id\":\"https:\\\/\\\/informelitoral.com.ar\\\/la-receta-medica-electronica-rige-oficialmente-desde-este-1-de-enero\\\/#primaryimage\"},\"thumbnailUrl\":\"https:\\\/\\\/informelitoral.com.ar\\\/%77%70%2d%63%6f%6e%74%65%6e%74\\\/uploads\\\/2025\\\/01\\\/receta-electronica-1923194.webp\",\"keywords\":[\"Medicamentos\",\"Salud\"],\"articleSection\":[\"Nacionales\",\"Salud\"],\"inLanguage\":\"es\",\"potentialAction\":[{\"@type\":\"CommentAction\",\"name\":\"Comment\",\"target\":[\"https:\\\/\\\/informelitoral.com.ar\\\/la-receta-medica-electronica-rige-oficialmente-desde-este-1-de-enero\\\/#respond\"]}]},{\"@type\":\"WebPage\",\"@id\":\"https:\\\/\\\/informelitoral.com.ar\\\/la-receta-medica-electronica-rige-oficialmente-desde-este-1-de-enero\\\/\",\"url\":\"https:\\\/\\\/informelitoral.com.ar\\\/la-receta-medica-electronica-rige-oficialmente-desde-este-1-de-enero\\\/\",\"name\":\"La receta m\u00e9dica electr\u00f3nica rige oficialmente desde este 1\u00b0 de enero - Informe Litoral\",\"isPartOf\":{\"@id\":\"https:\\\/\\\/informelitoral.com.ar\\\/#website\"},\"primaryImageOfPage\":{\"@id\":\"https:\\\/\\\/informelitoral.com.ar\\\/la-receta-medica-electronica-rige-oficialmente-desde-este-1-de-enero\\\/#primaryimage\"},\"image\":{\"@id\":\"https:\\\/\\\/informelitoral.com.ar\\\/la-receta-medica-electronica-rige-oficialmente-desde-este-1-de-enero\\\/#primaryimage\"},\"thumbnailUrl\":\"https:\\\/\\\/informelitoral.com.ar\\\/%77%70%2d%63%6f%6e%74%65%6e%74\\\/uploads\\\/2025\\\/01\\\/receta-electronica-1923194.webp\",\"datePublished\":\"2025-01-01T20:27:10+00:00\",\"breadcrumb\":{\"@id\":\"https:\\\/\\\/informelitoral.com.ar\\\/la-receta-medica-electronica-rige-oficialmente-desde-este-1-de-enero\\\/#breadcrumb\"},\"inLanguage\":\"es\",\"potentialAction\":[{\"@type\":\"ReadAction\",\"target\":[\"https:\\\/\\\/informelitoral.com.ar\\\/la-receta-medica-electronica-rige-oficialmente-desde-este-1-de-enero\\\/\"]}]},{\"@type\":\"ImageObject\",\"inLanguage\":\"es\",\"@id\":\"https:\\\/\\\/informelitoral.com.ar\\\/la-receta-medica-electronica-rige-oficialmente-desde-este-1-de-enero\\\/#primaryimage\",\"url\":\"https:\\\/\\\/informelitoral.com.ar\\\/%77%70%2d%63%6f%6e%74%65%6e%74\\\/uploads\\\/2025\\\/01\\\/receta-electronica-1923194.webp\",\"contentUrl\":\"https:\\\/\\\/informelitoral.com.ar\\\/%77%70%2d%63%6f%6e%74%65%6e%74\\\/uploads\\\/2025\\\/01\\\/receta-electronica-1923194.webp\",\"width\":987,\"height\":555},{\"@type\":\"BreadcrumbList\",\"@id\":\"https:\\\/\\\/informelitoral.com.ar\\\/la-receta-medica-electronica-rige-oficialmente-desde-este-1-de-enero\\\/#breadcrumb\",\"itemListElement\":[{\"@type\":\"ListItem\",\"position\":1,\"name\":\"Portada\",\"item\":\"https:\\\/\\\/informelitoral.com.ar\\\/\"},{\"@type\":\"ListItem\",\"position\":2,\"name\":\"La receta m\u00e9dica electr\u00f3nica rige oficialmente desde este 1\u00b0 de enero\"}]},{\"@type\":\"WebSite\",\"@id\":\"https:\\\/\\\/informelitoral.com.ar\\\/#website\",\"url\":\"https:\\\/\\\/informelitoral.com.ar\\\/\",\"name\":\"Informe Litoral\",\"description\":\"&quot;Nos informamos&quot; \",\"publisher\":{\"@id\":\"https:\\\/\\\/informelitoral.com.ar\\\/#organization\"},\"potentialAction\":[{\"@type\":\"SearchAction\",\"target\":{\"@type\":\"EntryPoint\",\"urlTemplate\":\"https:\\\/\\\/informelitoral.com.ar\\\/?s={search_term_string}\"},\"query-input\":{\"@type\":\"PropertyValueSpecification\",\"valueRequired\":true,\"valueName\":\"search_term_string\"}}],\"inLanguage\":\"es\"},{\"@type\":\"Organization\",\"@id\":\"https:\\\/\\\/informelitoral.com.ar\\\/#organization\",\"name\":\"Informe Litoral\",\"url\":\"https:\\\/\\\/informelitoral.com.ar\\\/\",\"logo\":{\"@type\":\"ImageObject\",\"inLanguage\":\"es\",\"@id\":\"https:\\\/\\\/informelitoral.com.ar\\\/#\\\/schema\\\/logo\\\/image\\\/\",\"url\":\"https:\\\/\\\/informelitoral.com.ar\\\/%77%70%2d%63%6f%6e%74%65%6e%74\\\/uploads\\\/2021\\\/01\\\/circulo.png\",\"contentUrl\":\"https:\\\/\\\/informelitoral.com.ar\\\/%77%70%2d%63%6f%6e%74%65%6e%74\\\/uploads\\\/2021\\\/01\\\/circulo.png\",\"width\":723,\"height\":731,\"caption\":\"Informe Litoral\"},\"image\":{\"@id\":\"https:\\\/\\\/informelitoral.com.ar\\\/#\\\/schema\\\/logo\\\/image\\\/\"},\"sameAs\":[\"https:\\\/\\\/www.facebook.com\\\/informelitoral\\\/\",\"https:\\\/\\\/x.com\\\/InformeLitoral\",\"https:\\\/\\\/www.instagram.com\\\/informelitoral\\\/\",\"https:\\\/\\\/www.youtube.com\\\/channel\\\/UCua4Qvz8Icb6MYqhoq9xLXw\"]},{\"@type\":\"Person\",\"@id\":\"https:\\\/\\\/informelitoral.com.ar\\\/#\\\/schema\\\/person\\\/b9d00407c836482871ef1d57bf8e3180\",\"name\":\"Gonzalo Schmidt\",\"image\":{\"@type\":\"ImageObject\",\"inLanguage\":\"es\",\"@id\":\"https:\\\/\\\/secure.gravatar.com\\\/avatar\\\/31a1a7b66ff2de83bd0e9fd79d026630d2d99e55e8bfe501287647b4fd9743de?s=96&d=mm&r=g\",\"url\":\"https:\\\/\\\/secure.gravatar.com\\\/avatar\\\/31a1a7b66ff2de83bd0e9fd79d026630d2d99e55e8bfe501287647b4fd9743de?s=96&d=mm&r=g\",\"contentUrl\":\"https:\\\/\\\/secure.gravatar.com\\\/avatar\\\/31a1a7b66ff2de83bd0e9fd79d026630d2d99e55e8bfe501287647b4fd9743de?s=96&d=mm&r=g\",\"caption\":\"Gonzalo Schmidt\"},\"description\":\"Sitio web de noticias de la provincia de Entre R\u00edos, Argentina. Informaci\u00f3n y entretenimiento. Informe Litoral, nos informamos.\",\"sameAs\":[\"http:\\\/\\\/www.isletasnoticias.com.ar\"],\"url\":\"https:\\\/\\\/informelitoral.com.ar\\\/author\\\/gonzalo\\\/\"}]}<\/script>","yoast_head_json":{"title":"La receta m\u00e9dica electr\u00f3nica rige oficialmente desde este 1\u00b0 de enero - Informe Litoral","robots":{"index":"index","follow":"follow","max-snippet":"max-snippet:-1","max-image-preview":"max-image-preview:large","max-video-preview":"max-video-preview:-1"},"canonical":"https:\/\/informelitoral.com.ar\/la-receta-medica-electronica-rige-oficialmente-desde-este-1-de-enero\/","og_locale":"es_ES","og_type":"article","og_title":"La receta m\u00e9dica electr\u00f3nica rige oficialmente desde este 1\u00b0 de enero - Informe Litoral","og_description":"La implementaci\u00f3n de la receta electr\u00f3nica entr\u00f3 este mi\u00e9rcoles en vigencia en todo el pa\u00eds, por lo que la prescripci\u00f3n de medicamentos deber\u00e1 realizarse, \u00fanicamente, a trav\u00e9s de las plataformas inscriptas en el Registro Nacional de Plataformas Digitales Sanitarias (ReNaPDiS).","og_url":"https:\/\/informelitoral.com.ar\/la-receta-medica-electronica-rige-oficialmente-desde-este-1-de-enero\/","og_site_name":"Informe Litoral","article_publisher":"https:\/\/www.facebook.com\/informelitoral\/","article_published_time":"2025-01-01T20:27:10+00:00","og_image":[{"width":987,"height":555,"url":"https:\/\/informelitoral.com.ar\/%77%70%2d%63%6f%6e%74%65%6e%74\/uploads\/2025\/01\/receta-electronica-1923194.webp","type":"image\/webp"}],"author":"Gonzalo Schmidt","twitter_card":"summary_large_image","twitter_creator":"@InformeLitoral","twitter_site":"@InformeLitoral","twitter_misc":{"Escrito por":"Gonzalo Schmidt","Tiempo de lectura":"3 minutos"},"schema":{"@context":"https:\/\/schema.org","@graph":[{"@type":"Article","@id":"https:\/\/informelitoral.com.ar\/la-receta-medica-electronica-rige-oficialmente-desde-este-1-de-enero\/#article","isPartOf":{"@id":"https:\/\/informelitoral.com.ar\/la-receta-medica-electronica-rige-oficialmente-desde-este-1-de-enero\/"},"author":{"name":"Gonzalo Schmidt","@id":"https:\/\/informelitoral.com.ar\/#\/schema\/person\/b9d00407c836482871ef1d57bf8e3180"},"headline":"La receta m\u00e9dica electr\u00f3nica rige oficialmente desde este 1\u00b0 de enero","datePublished":"2025-01-01T20:27:10+00:00","mainEntityOfPage":{"@id":"https:\/\/informelitoral.com.ar\/la-receta-medica-electronica-rige-oficialmente-desde-este-1-de-enero\/"},"wordCount":638,"commentCount":0,"publisher":{"@id":"https:\/\/informelitoral.com.ar\/#organization"},"image":{"@id":"https:\/\/informelitoral.com.ar\/la-receta-medica-electronica-rige-oficialmente-desde-este-1-de-enero\/#primaryimage"},"thumbnailUrl":"https:\/\/informelitoral.com.ar\/%77%70%2d%63%6f%6e%74%65%6e%74\/uploads\/2025\/01\/receta-electronica-1923194.webp","keywords":["Medicamentos","Salud"],"articleSection":["Nacionales","Salud"],"inLanguage":"es","potentialAction":[{"@type":"CommentAction","name":"Comment","target":["https:\/\/informelitoral.com.ar\/la-receta-medica-electronica-rige-oficialmente-desde-este-1-de-enero\/#respond"]}]},{"@type":"WebPage","@id":"https:\/\/informelitoral.com.ar\/la-receta-medica-electronica-rige-oficialmente-desde-este-1-de-enero\/","url":"https:\/\/informelitoral.com.ar\/la-receta-medica-electronica-rige-oficialmente-desde-este-1-de-enero\/","name":"La receta m\u00e9dica electr\u00f3nica rige oficialmente desde este 1\u00b0 de enero - Informe Litoral","isPartOf":{"@id":"https:\/\/informelitoral.com.ar\/#website"},"primaryImageOfPage":{"@id":"https:\/\/informelitoral.com.ar\/la-receta-medica-electronica-rige-oficialmente-desde-este-1-de-enero\/#primaryimage"},"image":{"@id":"https:\/\/informelitoral.com.ar\/la-receta-medica-electronica-rige-oficialmente-desde-este-1-de-enero\/#primaryimage"},"thumbnailUrl":"https:\/\/informelitoral.com.ar\/%77%70%2d%63%6f%6e%74%65%6e%74\/uploads\/2025\/01\/receta-electronica-1923194.webp","datePublished":"2025-01-01T20:27:10+00:00","breadcrumb":{"@id":"https:\/\/informelitoral.com.ar\/la-receta-medica-electronica-rige-oficialmente-desde-este-1-de-enero\/#breadcrumb"},"inLanguage":"es","potentialAction":[{"@type":"ReadAction","target":["https:\/\/informelitoral.com.ar\/la-receta-medica-electronica-rige-oficialmente-desde-este-1-de-enero\/"]}]},{"@type":"ImageObject","inLanguage":"es","@id":"https:\/\/informelitoral.com.ar\/la-receta-medica-electronica-rige-oficialmente-desde-este-1-de-enero\/#primaryimage","url":"https:\/\/informelitoral.com.ar\/%77%70%2d%63%6f%6e%74%65%6e%74\/uploads\/2025\/01\/receta-electronica-1923194.webp","contentUrl":"https:\/\/informelitoral.com.ar\/%77%70%2d%63%6f%6e%74%65%6e%74\/uploads\/2025\/01\/receta-electronica-1923194.webp","width":987,"height":555},{"@type":"BreadcrumbList","@id":"https:\/\/informelitoral.com.ar\/la-receta-medica-electronica-rige-oficialmente-desde-este-1-de-enero\/#breadcrumb","itemListElement":[{"@type":"ListItem","position":1,"name":"Portada","item":"https:\/\/informelitoral.com.ar\/"},{"@type":"ListItem","position":2,"name":"La receta m\u00e9dica electr\u00f3nica rige oficialmente desde este 1\u00b0 de enero"}]},{"@type":"WebSite","@id":"https:\/\/informelitoral.com.ar\/#website","url":"https:\/\/informelitoral.com.ar\/","name":"Informe Litoral","description":"&quot;Nos informamos&quot; ","publisher":{"@id":"https:\/\/informelitoral.com.ar\/#organization"},"potentialAction":[{"@type":"SearchAction","target":{"@type":"EntryPoint","urlTemplate":"https:\/\/informelitoral.com.ar\/?s={search_term_string}"},"query-input":{"@type":"PropertyValueSpecification","valueRequired":true,"valueName":"search_term_string"}}],"inLanguage":"es"},{"@type":"Organization","@id":"https:\/\/informelitoral.com.ar\/#organization","name":"Informe Litoral","url":"https:\/\/informelitoral.com.ar\/","logo":{"@type":"ImageObject","inLanguage":"es","@id":"https:\/\/informelitoral.com.ar\/#\/schema\/logo\/image\/","url":"https:\/\/informelitoral.com.ar\/%77%70%2d%63%6f%6e%74%65%6e%74\/uploads\/2021\/01\/circulo.png","contentUrl":"https:\/\/informelitoral.com.ar\/%77%70%2d%63%6f%6e%74%65%6e%74\/uploads\/2021\/01\/circulo.png","width":723,"height":731,"caption":"Informe Litoral"},"image":{"@id":"https:\/\/informelitoral.com.ar\/#\/schema\/logo\/image\/"},"sameAs":["https:\/\/www.facebook.com\/informelitoral\/","https:\/\/x.com\/InformeLitoral","https:\/\/www.instagram.com\/informelitoral\/","https:\/\/www.youtube.com\/channel\/UCua4Qvz8Icb6MYqhoq9xLXw"]},{"@type":"Person","@id":"https:\/\/informelitoral.com.ar\/#\/schema\/person\/b9d00407c836482871ef1d57bf8e3180","name":"Gonzalo Schmidt","image":{"@type":"ImageObject","inLanguage":"es","@id":"https:\/\/secure.gravatar.com\/avatar\/31a1a7b66ff2de83bd0e9fd79d026630d2d99e55e8bfe501287647b4fd9743de?s=96&d=mm&r=g","url":"https:\/\/secure.gravatar.com\/avatar\/31a1a7b66ff2de83bd0e9fd79d026630d2d99e55e8bfe501287647b4fd9743de?s=96&d=mm&r=g","contentUrl":"https:\/\/secure.gravatar.com\/avatar\/31a1a7b66ff2de83bd0e9fd79d026630d2d99e55e8bfe501287647b4fd9743de?s=96&d=mm&r=g","caption":"Gonzalo Schmidt"},"description":"Sitio web de noticias de la provincia de Entre R\u00edos, Argentina. Informaci\u00f3n y entretenimiento. Informe Litoral, nos informamos.","sameAs":["http:\/\/www.isletasnoticias.com.ar"],"url":"https:\/\/informelitoral.com.ar\/author\/gonzalo\/"}]}},"_links":{"self":[{"href":"https:\/\/informelitoral.com.ar\/%77%70%2d%6a%73%6f%6e\/wp\/v2\/posts\/208251","targetHints":{"allow":["GET"]}}],"collection":[{"href":"https:\/\/informelitoral.com.ar\/%77%70%2d%6a%73%6f%6e\/wp\/v2\/posts"}],"about":[{"href":"https:\/\/informelitoral.com.ar\/%77%70%2d%6a%73%6f%6e\/wp\/v2\/types\/post"}],"author":[{"embeddable":true,"href":"https:\/\/informelitoral.com.ar\/%77%70%2d%6a%73%6f%6e\/wp\/v2\/users\/2"}],"replies":[{"embeddable":true,"href":"https:\/\/informelitoral.com.ar\/%77%70%2d%6a%73%6f%6e\/wp\/v2\/comments?post=208251"}],"version-history":[{"count":0,"href":"https:\/\/informelitoral.com.ar\/%77%70%2d%6a%73%6f%6e\/wp\/v2\/posts\/208251\/revisions"}],"wp:featuredmedia":[{"embeddable":true,"href":"https:\/\/informelitoral.com.ar\/%77%70%2d%6a%73%6f%6e\/wp\/v2\/media\/208252"}],"wp:attachment":[{"href":"https:\/\/informelitoral.com.ar\/%77%70%2d%6a%73%6f%6e\/wp\/v2\/media?parent=208251"}],"wp:term":[{"taxonomy":"category","embeddable":true,"href":"https:\/\/informelitoral.com.ar\/%77%70%2d%6a%73%6f%6e\/wp\/v2\/categories?post=208251"},{"taxonomy":"post_tag","embeddable":true,"href":"https:\/\/informelitoral.com.ar\/%77%70%2d%6a%73%6f%6e\/wp\/v2\/tags?post=208251"}],"curies":[{"name":"wp","href":"https:\/\/api.w.org\/{rel}","templated":true}]}}