{"id":208244,"date":"2025-01-01T15:48:30","date_gmt":"2025-01-01T18:48:30","guid":{"rendered":"https:\/\/www.informelitoral.com.ar\/?p=208244"},"modified":"2025-01-01T15:53:02","modified_gmt":"2025-01-01T18:53:02","slug":"una-camioneta-choco-de-atras-a-un-auto-a-la-altura-de-costa-grande","status":"publish","type":"post","link":"https:\/\/informelitoral.com.ar\/una-camioneta-choco-de-atras-a-un-auto-a-la-altura-de-costa-grande\/","title":{"rendered":"Una camioneta choc\u00f3 de atr\u00e1s a un auto a la altura de Costa Grande"},"content":{"rendered":"<p><strong>Un accidente de tr\u00e1nsito entre un auto y una camioneta se prudujo este mi\u00e9rcoles 1\u00b0 de enero, alrededor de las 13, en el KM 51 de la Ruta Provincial N\u00b0 11, a la altura de Costa Grande.<\/strong><\/p>\n<p>En el lugar, por causas que se tratan de establecer,<span style=\"background-color: #ffff00;\"><strong> una Toyoya Hilux impact\u00f3 en la parte trasera a un Fiat Uno.<\/strong> <\/span>Ambos veh\u00edculos se dirig\u00edan en direcci\u00f3n Victoria-Paran\u00e1.<\/p>\n<p><a href=\"https:\/\/www.informelitoral.com.ar\/%77%70%2d%63%6f%6e%74%65%6e%74\/uploads\/2025\/01\/accidente-costa-grande-auto.jpg\"><img loading=\"lazy\" decoding=\"async\" class=\"aligncenter wp-image-208245 size-full\" src=\"https:\/\/www.informelitoral.com.ar\/%77%70%2d%63%6f%6e%74%65%6e%74\/uploads\/2025\/01\/accidente-costa-grande-auto.jpg\" alt=\"\" width=\"1544\" height=\"1544\" srcset=\"https:\/\/informelitoral.com.ar\/%77%70%2d%63%6f%6e%74%65%6e%74\/uploads\/2025\/01\/accidente-costa-grande-auto.jpg 1544w, https:\/\/informelitoral.com.ar\/%77%70%2d%63%6f%6e%74%65%6e%74\/uploads\/2025\/01\/accidente-costa-grande-auto-300x300.jpg 300w, https:\/\/informelitoral.com.ar\/%77%70%2d%63%6f%6e%74%65%6e%74\/uploads\/2025\/01\/accidente-costa-grande-auto-1024x1024.jpg 1024w, https:\/\/informelitoral.com.ar\/%77%70%2d%63%6f%6e%74%65%6e%74\/uploads\/2025\/01\/accidente-costa-grande-auto-150x150.jpg 150w, https:\/\/informelitoral.com.ar\/%77%70%2d%63%6f%6e%74%65%6e%74\/uploads\/2025\/01\/accidente-costa-grande-auto-768x768.jpg 768w, https:\/\/informelitoral.com.ar\/%77%70%2d%63%6f%6e%74%65%6e%74\/uploads\/2025\/01\/accidente-costa-grande-auto-1536x1536.jpg 1536w, https:\/\/informelitoral.com.ar\/%77%70%2d%63%6f%6e%74%65%6e%74\/uploads\/2025\/01\/accidente-costa-grande-auto-420x420.jpg 420w, https:\/\/informelitoral.com.ar\/%77%70%2d%63%6f%6e%74%65%6e%74\/uploads\/2025\/01\/accidente-costa-grande-auto-696x696.jpg 696w, https:\/\/informelitoral.com.ar\/%77%70%2d%63%6f%6e%74%65%6e%74\/uploads\/2025\/01\/accidente-costa-grande-auto-1068x1068.jpg 1068w\" sizes=\"auto, (max-width: 1544px) 100vw, 1544px\" \/><\/a><\/p>\n<p>Como producto del impacto,<strong> la camioneta volc\u00f3 al costado de la cinta asf\u00e1ltica<\/strong>. Los ocupantes del auto identificados como <strong>Jos\u00e9 Baz\u00e1n<\/strong> de San Lorenzo, Santa Fe; <strong>M\u00f3nica Albornoz<\/strong> de Puerto San Mart\u00edn y <strong>Juan De las Mercedes Gonz\u00e1lez,<\/strong> domiciliado en Diamante fueron internados por precauci\u00f3n. En tanto, el conductor de la camioneta, indentificado como <strong>Fabio Ricle<\/strong> domiciliado en el kil\u00f3metro 48 1\/2 de la Ruta 11 tambi\u00e9n fue trasladado a un nosocomio m\u00e9dico sin precisarse el car\u00e1cter de las lesiones.<\/p>\n<p>Seg\u00fan supo<em><strong> Informe Litoral,<\/strong><\/em> trabaj\u00f3 en el lugar personal de Criminal\u00edstica, Comisar\u00eda de Costa Grande y Bomberos de la ciudad de Diamante.<\/p>\n","protected":false},"excerpt":{"rendered":"<p>Como producto del impacto, la Toyota volc\u00f3 al costado de Ruta 11. Los ocupantes de ambos veh\u00edculos terminaron internados. El accidente se produjo en las primeras horas de la tarde de este 1\u00b0 de enero.<\/p>\n","protected":false},"author":2,"featured_media":208246,"comment_status":"open","ping_status":"open","sticky":false,"template":"","format":"standard","meta":{"fifu_image_url":"","fifu_image_alt":"","footnotes":""},"categories":[14],"tags":[],"class_list":{"0":"post-208244","1":"post","2":"type-post","3":"status-publish","4":"format-standard","5":"has-post-thumbnail","7":"category-policiales"},"yoast_head":"<title>Una camioneta choc\u00f3 de atr\u00e1s a un auto a la altura de Costa Grande - Informe Litoral<\/title>\n<meta name=\"robots\" content=\"index, follow, max-snippet:-1, max-image-preview:large, max-video-preview:-1\" \/>\n<link rel=\"canonical\" href=\"https:\/\/informelitoral.com.ar\/una-camioneta-choco-de-atras-a-un-auto-a-la-altura-de-costa-grande\/\" \/>\n<meta property=\"og:locale\" content=\"es_ES\" \/>\n<meta property=\"og:type\" content=\"article\" \/>\n<meta property=\"og:title\" content=\"Una camioneta choc\u00f3 de atr\u00e1s a un auto a la altura de Costa Grande - Informe Litoral\" \/>\n<meta property=\"og:description\" content=\"Como producto del impacto, la Toyota volc\u00f3 al costado de Ruta 11. Los ocupantes de ambos veh\u00edculos terminaron internados. El accidente se produjo en las primeras horas de la tarde de este 1\u00b0 de enero.\" \/>\n<meta property=\"og:url\" content=\"https:\/\/informelitoral.com.ar\/una-camioneta-choco-de-atras-a-un-auto-a-la-altura-de-costa-grande\/\" \/>\n<meta property=\"og:site_name\" content=\"Informe Litoral\" \/>\n<meta property=\"article:publisher\" content=\"https:\/\/www.facebook.com\/informelitoral\/\" \/>\n<meta property=\"article:published_time\" content=\"2025-01-01T18:48:30+00:00\" \/>\n<meta property=\"article:modified_time\" content=\"2025-01-01T18:53:02+00:00\" \/>\n<meta property=\"og:image\" content=\"https:\/\/informelitoral.com.ar\/%77%70%2d%63%6f%6e%74%65%6e%74\/uploads\/2025\/01\/accidente-costa-grande-camioneta.jpg\" \/>\n\t<meta property=\"og:image:width\" content=\"1544\" \/>\n\t<meta property=\"og:image:height\" content=\"1544\" \/>\n\t<meta property=\"og:image:type\" content=\"image\/jpeg\" \/>\n<meta name=\"author\" content=\"Gonzalo Schmidt\" \/>\n<meta name=\"twitter:card\" content=\"summary_large_image\" \/>\n<meta name=\"twitter:creator\" content=\"@InformeLitoral\" \/>\n<meta name=\"twitter:site\" content=\"@InformeLitoral\" \/>\n<meta name=\"twitter:label1\" content=\"Escrito por\" \/>\n\t<meta name=\"twitter:data1\" content=\"Gonzalo Schmidt\" \/>\n\t<meta name=\"twitter:label2\" content=\"Tiempo de lectura\" \/>\n\t<meta name=\"twitter:data2\" content=\"1 minuto\" \/>\n<script type=\"application\/ld+json\" class=\"yoast-schema-graph\">{\"@context\":\"https:\\\/\\\/schema.org\",\"@graph\":[{\"@type\":\"Article\",\"@id\":\"https:\\\/\\\/informelitoral.com.ar\\\/una-camioneta-choco-de-atras-a-un-auto-a-la-altura-de-costa-grande\\\/#article\",\"isPartOf\":{\"@id\":\"https:\\\/\\\/informelitoral.com.ar\\\/una-camioneta-choco-de-atras-a-un-auto-a-la-altura-de-costa-grande\\\/\"},\"author\":{\"name\":\"Gonzalo Schmidt\",\"@id\":\"https:\\\/\\\/informelitoral.com.ar\\\/#\\\/schema\\\/person\\\/b9d00407c836482871ef1d57bf8e3180\"},\"headline\":\"Una camioneta choc\u00f3 de atr\u00e1s a un auto a la altura de Costa Grande\",\"datePublished\":\"2025-01-01T18:48:30+00:00\",\"dateModified\":\"2025-01-01T18:53:02+00:00\",\"mainEntityOfPage\":{\"@id\":\"https:\\\/\\\/informelitoral.com.ar\\\/una-camioneta-choco-de-atras-a-un-auto-a-la-altura-de-costa-grande\\\/\"},\"wordCount\":194,\"commentCount\":0,\"publisher\":{\"@id\":\"https:\\\/\\\/informelitoral.com.ar\\\/#organization\"},\"image\":{\"@id\":\"https:\\\/\\\/informelitoral.com.ar\\\/una-camioneta-choco-de-atras-a-un-auto-a-la-altura-de-costa-grande\\\/#primaryimage\"},\"thumbnailUrl\":\"https:\\\/\\\/informelitoral.com.ar\\\/%77%70%2d%63%6f%6e%74%65%6e%74\\\/uploads\\\/2025\\\/01\\\/accidente-costa-grande-camioneta.jpg\",\"articleSection\":[\"Policiales\"],\"inLanguage\":\"es\",\"potentialAction\":[{\"@type\":\"CommentAction\",\"name\":\"Comment\",\"target\":[\"https:\\\/\\\/informelitoral.com.ar\\\/una-camioneta-choco-de-atras-a-un-auto-a-la-altura-de-costa-grande\\\/#respond\"]}]},{\"@type\":\"WebPage\",\"@id\":\"https:\\\/\\\/informelitoral.com.ar\\\/una-camioneta-choco-de-atras-a-un-auto-a-la-altura-de-costa-grande\\\/\",\"url\":\"https:\\\/\\\/informelitoral.com.ar\\\/una-camioneta-choco-de-atras-a-un-auto-a-la-altura-de-costa-grande\\\/\",\"name\":\"Una camioneta choc\u00f3 de atr\u00e1s a un auto a la altura de Costa Grande - Informe Litoral\",\"isPartOf\":{\"@id\":\"https:\\\/\\\/informelitoral.com.ar\\\/#website\"},\"primaryImageOfPage\":{\"@id\":\"https:\\\/\\\/informelitoral.com.ar\\\/una-camioneta-choco-de-atras-a-un-auto-a-la-altura-de-costa-grande\\\/#primaryimage\"},\"image\":{\"@id\":\"https:\\\/\\\/informelitoral.com.ar\\\/una-camioneta-choco-de-atras-a-un-auto-a-la-altura-de-costa-grande\\\/#primaryimage\"},\"thumbnailUrl\":\"https:\\\/\\\/informelitoral.com.ar\\\/%77%70%2d%63%6f%6e%74%65%6e%74\\\/uploads\\\/2025\\\/01\\\/accidente-costa-grande-camioneta.jpg\",\"datePublished\":\"2025-01-01T18:48:30+00:00\",\"dateModified\":\"2025-01-01T18:53:02+00:00\",\"breadcrumb\":{\"@id\":\"https:\\\/\\\/informelitoral.com.ar\\\/una-camioneta-choco-de-atras-a-un-auto-a-la-altura-de-costa-grande\\\/#breadcrumb\"},\"inLanguage\":\"es\",\"potentialAction\":[{\"@type\":\"ReadAction\",\"target\":[\"https:\\\/\\\/informelitoral.com.ar\\\/una-camioneta-choco-de-atras-a-un-auto-a-la-altura-de-costa-grande\\\/\"]}]},{\"@type\":\"ImageObject\",\"inLanguage\":\"es\",\"@id\":\"https:\\\/\\\/informelitoral.com.ar\\\/una-camioneta-choco-de-atras-a-un-auto-a-la-altura-de-costa-grande\\\/#primaryimage\",\"url\":\"https:\\\/\\\/informelitoral.com.ar\\\/%77%70%2d%63%6f%6e%74%65%6e%74\\\/uploads\\\/2025\\\/01\\\/accidente-costa-grande-camioneta.jpg\",\"contentUrl\":\"https:\\\/\\\/informelitoral.com.ar\\\/%77%70%2d%63%6f%6e%74%65%6e%74\\\/uploads\\\/2025\\\/01\\\/accidente-costa-grande-camioneta.jpg\",\"width\":1544,\"height\":1544},{\"@type\":\"BreadcrumbList\",\"@id\":\"https:\\\/\\\/informelitoral.com.ar\\\/una-camioneta-choco-de-atras-a-un-auto-a-la-altura-de-costa-grande\\\/#breadcrumb\",\"itemListElement\":[{\"@type\":\"ListItem\",\"position\":1,\"name\":\"Portada\",\"item\":\"https:\\\/\\\/informelitoral.com.ar\\\/\"},{\"@type\":\"ListItem\",\"position\":2,\"name\":\"Una camioneta choc\u00f3 de atr\u00e1s a un auto a la altura de Costa Grande\"}]},{\"@type\":\"WebSite\",\"@id\":\"https:\\\/\\\/informelitoral.com.ar\\\/#website\",\"url\":\"https:\\\/\\\/informelitoral.com.ar\\\/\",\"name\":\"Informe Litoral\",\"description\":\"&quot;Nos informamos&quot; \",\"publisher\":{\"@id\":\"https:\\\/\\\/informelitoral.com.ar\\\/#organization\"},\"potentialAction\":[{\"@type\":\"SearchAction\",\"target\":{\"@type\":\"EntryPoint\",\"urlTemplate\":\"https:\\\/\\\/informelitoral.com.ar\\\/?s={search_term_string}\"},\"query-input\":{\"@type\":\"PropertyValueSpecification\",\"valueRequired\":true,\"valueName\":\"search_term_string\"}}],\"inLanguage\":\"es\"},{\"@type\":\"Organization\",\"@id\":\"https:\\\/\\\/informelitoral.com.ar\\\/#organization\",\"name\":\"Informe Litoral\",\"url\":\"https:\\\/\\\/informelitoral.com.ar\\\/\",\"logo\":{\"@type\":\"ImageObject\",\"inLanguage\":\"es\",\"@id\":\"https:\\\/\\\/informelitoral.com.ar\\\/#\\\/schema\\\/logo\\\/image\\\/\",\"url\":\"https:\\\/\\\/informelitoral.com.ar\\\/%77%70%2d%63%6f%6e%74%65%6e%74\\\/uploads\\\/2021\\\/01\\\/circulo.png\",\"contentUrl\":\"https:\\\/\\\/informelitoral.com.ar\\\/%77%70%2d%63%6f%6e%74%65%6e%74\\\/uploads\\\/2021\\\/01\\\/circulo.png\",\"width\":723,\"height\":731,\"caption\":\"Informe Litoral\"},\"image\":{\"@id\":\"https:\\\/\\\/informelitoral.com.ar\\\/#\\\/schema\\\/logo\\\/image\\\/\"},\"sameAs\":[\"https:\\\/\\\/www.facebook.com\\\/informelitoral\\\/\",\"https:\\\/\\\/x.com\\\/InformeLitoral\",\"https:\\\/\\\/www.instagram.com\\\/informelitoral\\\/\",\"https:\\\/\\\/www.youtube.com\\\/channel\\\/UCua4Qvz8Icb6MYqhoq9xLXw\"]},{\"@type\":\"Person\",\"@id\":\"https:\\\/\\\/informelitoral.com.ar\\\/#\\\/schema\\\/person\\\/b9d00407c836482871ef1d57bf8e3180\",\"name\":\"Gonzalo Schmidt\",\"image\":{\"@type\":\"ImageObject\",\"inLanguage\":\"es\",\"@id\":\"https:\\\/\\\/secure.gravatar.com\\\/avatar\\\/31a1a7b66ff2de83bd0e9fd79d026630d2d99e55e8bfe501287647b4fd9743de?s=96&d=mm&r=g\",\"url\":\"https:\\\/\\\/secure.gravatar.com\\\/avatar\\\/31a1a7b66ff2de83bd0e9fd79d026630d2d99e55e8bfe501287647b4fd9743de?s=96&d=mm&r=g\",\"contentUrl\":\"https:\\\/\\\/secure.gravatar.com\\\/avatar\\\/31a1a7b66ff2de83bd0e9fd79d026630d2d99e55e8bfe501287647b4fd9743de?s=96&d=mm&r=g\",\"caption\":\"Gonzalo Schmidt\"},\"description\":\"Sitio web de noticias de la provincia de Entre R\u00edos, Argentina. Informaci\u00f3n y entretenimiento. Informe Litoral, nos informamos.\",\"sameAs\":[\"http:\\\/\\\/www.isletasnoticias.com.ar\"],\"url\":\"https:\\\/\\\/informelitoral.com.ar\\\/author\\\/gonzalo\\\/\"}]}<\/script>","yoast_head_json":{"title":"Una camioneta choc\u00f3 de atr\u00e1s a un auto a la altura de Costa Grande - Informe Litoral","robots":{"index":"index","follow":"follow","max-snippet":"max-snippet:-1","max-image-preview":"max-image-preview:large","max-video-preview":"max-video-preview:-1"},"canonical":"https:\/\/informelitoral.com.ar\/una-camioneta-choco-de-atras-a-un-auto-a-la-altura-de-costa-grande\/","og_locale":"es_ES","og_type":"article","og_title":"Una camioneta choc\u00f3 de atr\u00e1s a un auto a la altura de Costa Grande - Informe Litoral","og_description":"Como producto del impacto, la Toyota volc\u00f3 al costado de Ruta 11. Los ocupantes de ambos veh\u00edculos terminaron internados. El accidente se produjo en las primeras horas de la tarde de este 1\u00b0 de enero.","og_url":"https:\/\/informelitoral.com.ar\/una-camioneta-choco-de-atras-a-un-auto-a-la-altura-de-costa-grande\/","og_site_name":"Informe Litoral","article_publisher":"https:\/\/www.facebook.com\/informelitoral\/","article_published_time":"2025-01-01T18:48:30+00:00","article_modified_time":"2025-01-01T18:53:02+00:00","og_image":[{"width":1544,"height":1544,"url":"https:\/\/informelitoral.com.ar\/%77%70%2d%63%6f%6e%74%65%6e%74\/uploads\/2025\/01\/accidente-costa-grande-camioneta.jpg","type":"image\/jpeg"}],"author":"Gonzalo Schmidt","twitter_card":"summary_large_image","twitter_creator":"@InformeLitoral","twitter_site":"@InformeLitoral","twitter_misc":{"Escrito por":"Gonzalo Schmidt","Tiempo de lectura":"1 minuto"},"schema":{"@context":"https:\/\/schema.org","@graph":[{"@type":"Article","@id":"https:\/\/informelitoral.com.ar\/una-camioneta-choco-de-atras-a-un-auto-a-la-altura-de-costa-grande\/#article","isPartOf":{"@id":"https:\/\/informelitoral.com.ar\/una-camioneta-choco-de-atras-a-un-auto-a-la-altura-de-costa-grande\/"},"author":{"name":"Gonzalo Schmidt","@id":"https:\/\/informelitoral.com.ar\/#\/schema\/person\/b9d00407c836482871ef1d57bf8e3180"},"headline":"Una camioneta choc\u00f3 de atr\u00e1s a un auto a la altura de Costa Grande","datePublished":"2025-01-01T18:48:30+00:00","dateModified":"2025-01-01T18:53:02+00:00","mainEntityOfPage":{"@id":"https:\/\/informelitoral.com.ar\/una-camioneta-choco-de-atras-a-un-auto-a-la-altura-de-costa-grande\/"},"wordCount":194,"commentCount":0,"publisher":{"@id":"https:\/\/informelitoral.com.ar\/#organization"},"image":{"@id":"https:\/\/informelitoral.com.ar\/una-camioneta-choco-de-atras-a-un-auto-a-la-altura-de-costa-grande\/#primaryimage"},"thumbnailUrl":"https:\/\/informelitoral.com.ar\/%77%70%2d%63%6f%6e%74%65%6e%74\/uploads\/2025\/01\/accidente-costa-grande-camioneta.jpg","articleSection":["Policiales"],"inLanguage":"es","potentialAction":[{"@type":"CommentAction","name":"Comment","target":["https:\/\/informelitoral.com.ar\/una-camioneta-choco-de-atras-a-un-auto-a-la-altura-de-costa-grande\/#respond"]}]},{"@type":"WebPage","@id":"https:\/\/informelitoral.com.ar\/una-camioneta-choco-de-atras-a-un-auto-a-la-altura-de-costa-grande\/","url":"https:\/\/informelitoral.com.ar\/una-camioneta-choco-de-atras-a-un-auto-a-la-altura-de-costa-grande\/","name":"Una camioneta choc\u00f3 de atr\u00e1s a un auto a la altura de Costa Grande - Informe Litoral","isPartOf":{"@id":"https:\/\/informelitoral.com.ar\/#website"},"primaryImageOfPage":{"@id":"https:\/\/informelitoral.com.ar\/una-camioneta-choco-de-atras-a-un-auto-a-la-altura-de-costa-grande\/#primaryimage"},"image":{"@id":"https:\/\/informelitoral.com.ar\/una-camioneta-choco-de-atras-a-un-auto-a-la-altura-de-costa-grande\/#primaryimage"},"thumbnailUrl":"https:\/\/informelitoral.com.ar\/%77%70%2d%63%6f%6e%74%65%6e%74\/uploads\/2025\/01\/accidente-costa-grande-camioneta.jpg","datePublished":"2025-01-01T18:48:30+00:00","dateModified":"2025-01-01T18:53:02+00:00","breadcrumb":{"@id":"https:\/\/informelitoral.com.ar\/una-camioneta-choco-de-atras-a-un-auto-a-la-altura-de-costa-grande\/#breadcrumb"},"inLanguage":"es","potentialAction":[{"@type":"ReadAction","target":["https:\/\/informelitoral.com.ar\/una-camioneta-choco-de-atras-a-un-auto-a-la-altura-de-costa-grande\/"]}]},{"@type":"ImageObject","inLanguage":"es","@id":"https:\/\/informelitoral.com.ar\/una-camioneta-choco-de-atras-a-un-auto-a-la-altura-de-costa-grande\/#primaryimage","url":"https:\/\/informelitoral.com.ar\/%77%70%2d%63%6f%6e%74%65%6e%74\/uploads\/2025\/01\/accidente-costa-grande-camioneta.jpg","contentUrl":"https:\/\/informelitoral.com.ar\/%77%70%2d%63%6f%6e%74%65%6e%74\/uploads\/2025\/01\/accidente-costa-grande-camioneta.jpg","width":1544,"height":1544},{"@type":"BreadcrumbList","@id":"https:\/\/informelitoral.com.ar\/una-camioneta-choco-de-atras-a-un-auto-a-la-altura-de-costa-grande\/#breadcrumb","itemListElement":[{"@type":"ListItem","position":1,"name":"Portada","item":"https:\/\/informelitoral.com.ar\/"},{"@type":"ListItem","position":2,"name":"Una camioneta choc\u00f3 de atr\u00e1s a un auto a la altura de Costa Grande"}]},{"@type":"WebSite","@id":"https:\/\/informelitoral.com.ar\/#website","url":"https:\/\/informelitoral.com.ar\/","name":"Informe Litoral","description":"&quot;Nos informamos&quot; ","publisher":{"@id":"https:\/\/informelitoral.com.ar\/#organization"},"potentialAction":[{"@type":"SearchAction","target":{"@type":"EntryPoint","urlTemplate":"https:\/\/informelitoral.com.ar\/?s={search_term_string}"},"query-input":{"@type":"PropertyValueSpecification","valueRequired":true,"valueName":"search_term_string"}}],"inLanguage":"es"},{"@type":"Organization","@id":"https:\/\/informelitoral.com.ar\/#organization","name":"Informe Litoral","url":"https:\/\/informelitoral.com.ar\/","logo":{"@type":"ImageObject","inLanguage":"es","@id":"https:\/\/informelitoral.com.ar\/#\/schema\/logo\/image\/","url":"https:\/\/informelitoral.com.ar\/%77%70%2d%63%6f%6e%74%65%6e%74\/uploads\/2021\/01\/circulo.png","contentUrl":"https:\/\/informelitoral.com.ar\/%77%70%2d%63%6f%6e%74%65%6e%74\/uploads\/2021\/01\/circulo.png","width":723,"height":731,"caption":"Informe Litoral"},"image":{"@id":"https:\/\/informelitoral.com.ar\/#\/schema\/logo\/image\/"},"sameAs":["https:\/\/www.facebook.com\/informelitoral\/","https:\/\/x.com\/InformeLitoral","https:\/\/www.instagram.com\/informelitoral\/","https:\/\/www.youtube.com\/channel\/UCua4Qvz8Icb6MYqhoq9xLXw"]},{"@type":"Person","@id":"https:\/\/informelitoral.com.ar\/#\/schema\/person\/b9d00407c836482871ef1d57bf8e3180","name":"Gonzalo Schmidt","image":{"@type":"ImageObject","inLanguage":"es","@id":"https:\/\/secure.gravatar.com\/avatar\/31a1a7b66ff2de83bd0e9fd79d026630d2d99e55e8bfe501287647b4fd9743de?s=96&d=mm&r=g","url":"https:\/\/secure.gravatar.com\/avatar\/31a1a7b66ff2de83bd0e9fd79d026630d2d99e55e8bfe501287647b4fd9743de?s=96&d=mm&r=g","contentUrl":"https:\/\/secure.gravatar.com\/avatar\/31a1a7b66ff2de83bd0e9fd79d026630d2d99e55e8bfe501287647b4fd9743de?s=96&d=mm&r=g","caption":"Gonzalo Schmidt"},"description":"Sitio web de noticias de la provincia de Entre R\u00edos, Argentina. Informaci\u00f3n y entretenimiento. Informe Litoral, nos informamos.","sameAs":["http:\/\/www.isletasnoticias.com.ar"],"url":"https:\/\/informelitoral.com.ar\/author\/gonzalo\/"}]}},"_links":{"self":[{"href":"https:\/\/informelitoral.com.ar\/%77%70%2d%6a%73%6f%6e\/wp\/v2\/posts\/208244","targetHints":{"allow":["GET"]}}],"collection":[{"href":"https:\/\/informelitoral.com.ar\/%77%70%2d%6a%73%6f%6e\/wp\/v2\/posts"}],"about":[{"href":"https:\/\/informelitoral.com.ar\/%77%70%2d%6a%73%6f%6e\/wp\/v2\/types\/post"}],"author":[{"embeddable":true,"href":"https:\/\/informelitoral.com.ar\/%77%70%2d%6a%73%6f%6e\/wp\/v2\/users\/2"}],"replies":[{"embeddable":true,"href":"https:\/\/informelitoral.com.ar\/%77%70%2d%6a%73%6f%6e\/wp\/v2\/comments?post=208244"}],"version-history":[{"count":0,"href":"https:\/\/informelitoral.com.ar\/%77%70%2d%6a%73%6f%6e\/wp\/v2\/posts\/208244\/revisions"}],"wp:featuredmedia":[{"embeddable":true,"href":"https:\/\/informelitoral.com.ar\/%77%70%2d%6a%73%6f%6e\/wp\/v2\/media\/208246"}],"wp:attachment":[{"href":"https:\/\/informelitoral.com.ar\/%77%70%2d%6a%73%6f%6e\/wp\/v2\/media?parent=208244"}],"wp:term":[{"taxonomy":"category","embeddable":true,"href":"https:\/\/informelitoral.com.ar\/%77%70%2d%6a%73%6f%6e\/wp\/v2\/categories?post=208244"},{"taxonomy":"post_tag","embeddable":true,"href":"https:\/\/informelitoral.com.ar\/%77%70%2d%6a%73%6f%6e\/wp\/v2\/tags?post=208244"}],"curies":[{"name":"wp","href":"https:\/\/api.w.org\/{rel}","templated":true}]}}