{"id":208240,"date":"2025-01-01T15:27:21","date_gmt":"2025-01-01T18:27:21","guid":{"rendered":"https:\/\/www.informelitoral.com.ar\/?p=208240"},"modified":"2025-01-01T15:27:21","modified_gmt":"2025-01-01T18:27:21","slug":"en-en-departamento-diamante-hubo-ocho-detenidos-durante-los-festejos-de-ano-nuevo","status":"publish","type":"post","link":"https:\/\/informelitoral.com.ar\/en-en-departamento-diamante-hubo-ocho-detenidos-durante-los-festejos-de-ano-nuevo\/","title":{"rendered":"En en departamento Diamante hubo ocho detenidos durante los festejos de A\u00f1o Nuevo"},"content":{"rendered":"<p>Desde la Polic\u00eda de Entre R\u00edos dieron cuenta de intervenciones en las dos ciudades m\u00e1s importantes del departamento Diamante. La mayor\u00eda fue por peleas o distintos disturvios en el espacio p\u00fablico. Tambi\u00e9n un sujeto incumpli\u00f3 la restricci\u00f3n domiciliaria.<\/p>\n<h2><strong>Cinco detenidos en Diamante<a href=\"https:\/\/www.informelitoral.com.ar\/%77%70%2d%63%6f%6e%74%65%6e%74\/uploads\/2025\/01\/detenido-diamante.jpg\"><img loading=\"lazy\" decoding=\"async\" class=\"aligncenter wp-image-208241 size-full\" src=\"https:\/\/www.informelitoral.com.ar\/%77%70%2d%63%6f%6e%74%65%6e%74\/uploads\/2025\/01\/detenido-diamante.jpg\" alt=\"\" width=\"1200\" height=\"1600\" srcset=\"https:\/\/informelitoral.com.ar\/%77%70%2d%63%6f%6e%74%65%6e%74\/uploads\/2025\/01\/detenido-diamante.jpg 1200w, https:\/\/informelitoral.com.ar\/%77%70%2d%63%6f%6e%74%65%6e%74\/uploads\/2025\/01\/detenido-diamante-225x300.jpg 225w, https:\/\/informelitoral.com.ar\/%77%70%2d%63%6f%6e%74%65%6e%74\/uploads\/2025\/01\/detenido-diamante-768x1024.jpg 768w, https:\/\/informelitoral.com.ar\/%77%70%2d%63%6f%6e%74%65%6e%74\/uploads\/2025\/01\/detenido-diamante-1152x1536.jpg 1152w, https:\/\/informelitoral.com.ar\/%77%70%2d%63%6f%6e%74%65%6e%74\/uploads\/2025\/01\/detenido-diamante-315x420.jpg 315w, https:\/\/informelitoral.com.ar\/%77%70%2d%63%6f%6e%74%65%6e%74\/uploads\/2025\/01\/detenido-diamante-696x928.jpg 696w, https:\/\/informelitoral.com.ar\/%77%70%2d%63%6f%6e%74%65%6e%74\/uploads\/2025\/01\/detenido-diamante-1068x1424.jpg 1068w\" sizes=\"auto, (max-width: 1200px) 100vw, 1200px\" \/><\/a><\/strong><\/h2>\n<p>Cinco ciudadanos diamantinos cuyas edades comprenden entre los 23 a 39 a\u00f1os, fueron detenidos en diferentes barrios y arterias de Diamante, por haber sido sorprendidos en la comisi\u00f3n de des\u00f3rdenes en la v\u00eda p\u00fablica, agrediendo a vecinos y familiares, presentando s\u00edntomas de ingesta alcoh\u00f3lica. Los agentes intervinientes procedieron a sus detenciones y traslados hacia la alcaid\u00eda policial.<\/p>\n<h2><strong>Detenidos en General Ram\u00edrez<\/strong><\/h2>\n<p>Esta ciudad del departamento, tambi\u00e9n cont\u00f3 con un operativo especial de presencia policial; all\u00ed los agentes realizaron tres detenciones.<\/p>\n<p><strong>APREHENDIDO POR DESOBEDIENCIA<\/strong><\/p>\n<p>Integrantes de una patrulla que realizaba prevenci\u00f3n p\u00fablica en zona de calle Libertador, acudieron ante el llamado que anoticiaba de un hombre de 27 a\u00f1os que incumpl\u00eda medidas de restricci\u00f3n respecto de la ex pareja. Inmediatamente los polic\u00edas asistieron a la mujer, y procedieron a la detenci\u00f3n del hombre.<\/p>\n<p>Desde la Fiscal\u00eda local se emitieron directivas procesales, por ello autor se encuentra privado de la libertad en la alcaid\u00eda policial.<\/p>\n<p><strong>DETENIDOS EN UNA GRESCA<\/strong><\/p>\n<p>Otro episodio se gener\u00f3 con la agresi\u00f3n rec\u00edproca entre dos hombres que se encontraban en el Parque La Democracia. Los mismos se agredieron utilizando elementos cortantes, siendo reducidos por el personal policial, que incaut\u00f3 las armas blancas.<\/p>\n<p>Los aprehendidos, mayores de edad, fueron trasladados a la alcaid\u00eda policial, pero uno de ellos agredi\u00f3 a los agentes y ocasion\u00f3 da\u00f1os en una patrulla, pretendiendo resistir el procedimiento. Fue por esto que la Fiscal\u00eda en turno le inici\u00f3 un proceso judicial por el delito cometido.<\/p>\n<h6><em><strong>Te puede interesar:\u00a0<a href=\"https:\/\/www.informelitoral.com.ar\/el-gobierno-oficializo-un-nuevo-aumento-para-los-jubilados-en-enero\/\" target=\"_blank\" rel=\"noopener\">El Gobierno oficializ\u00f3 un nuevo aumento para los jubilados en enero<\/a><\/strong><\/em><\/h6>\n","protected":false},"excerpt":{"rendered":"<p>Cinco detenciones se produjeron en Diamante y las tres restantes en General Ram\u00edrez. Los detalles de cada caso.<\/p>\n","protected":false},"author":2,"featured_media":208242,"comment_status":"open","ping_status":"open","sticky":false,"template":"","format":"standard","meta":{"fifu_image_url":"","fifu_image_alt":"","footnotes":""},"categories":[14],"tags":[2711,34,556,2230,75,27],"class_list":{"0":"post-208240","1":"post","2":"type-post","3":"status-publish","4":"format-standard","5":"has-post-thumbnail","7":"category-policiales","8":"tag-detenidos","9":"tag-diamante","10":"tag-general-ramirez","11":"tag-policia-de-entre-rios","12":"tag-policial","13":"tag-ramirez"},"yoast_head":"<title>En en departamento Diamante hubo ocho detenidos durante los festejos de A\u00f1o Nuevo - Informe Litoral<\/title>\n<meta name=\"robots\" content=\"index, follow, max-snippet:-1, max-image-preview:large, max-video-preview:-1\" \/>\n<link rel=\"canonical\" href=\"https:\/\/informelitoral.com.ar\/en-en-departamento-diamante-hubo-ocho-detenidos-durante-los-festejos-de-ano-nuevo\/\" \/>\n<meta property=\"og:locale\" content=\"es_ES\" \/>\n<meta property=\"og:type\" content=\"article\" \/>\n<meta property=\"og:title\" content=\"En en departamento Diamante hubo ocho detenidos durante los festejos de A\u00f1o Nuevo - Informe Litoral\" \/>\n<meta property=\"og:description\" content=\"Cinco detenciones se produjeron en Diamante y las tres restantes en General Ram\u00edrez. Los detalles de cada caso.\" \/>\n<meta property=\"og:url\" content=\"https:\/\/informelitoral.com.ar\/en-en-departamento-diamante-hubo-ocho-detenidos-durante-los-festejos-de-ano-nuevo\/\" \/>\n<meta property=\"og:site_name\" content=\"Informe Litoral\" \/>\n<meta property=\"article:publisher\" content=\"https:\/\/www.facebook.com\/informelitoral\/\" \/>\n<meta property=\"article:published_time\" content=\"2025-01-01T18:27:21+00:00\" \/>\n<meta property=\"og:image\" content=\"https:\/\/informelitoral.com.ar\/%77%70%2d%63%6f%6e%74%65%6e%74\/uploads\/2025\/01\/detenido-en-ramirez.jpg\" \/>\n\t<meta property=\"og:image:width\" content=\"1280\" \/>\n\t<meta property=\"og:image:height\" content=\"960\" \/>\n\t<meta property=\"og:image:type\" content=\"image\/jpeg\" \/>\n<meta name=\"author\" content=\"Gonzalo Schmidt\" \/>\n<meta name=\"twitter:card\" content=\"summary_large_image\" \/>\n<meta name=\"twitter:creator\" content=\"@InformeLitoral\" \/>\n<meta name=\"twitter:site\" content=\"@InformeLitoral\" \/>\n<meta name=\"twitter:label1\" content=\"Escrito por\" \/>\n\t<meta name=\"twitter:data1\" content=\"Gonzalo Schmidt\" \/>\n\t<meta name=\"twitter:label2\" content=\"Tiempo de lectura\" \/>\n\t<meta name=\"twitter:data2\" content=\"2 minutos\" \/>\n<script type=\"application\/ld+json\" class=\"yoast-schema-graph\">{\"@context\":\"https:\\\/\\\/schema.org\",\"@graph\":[{\"@type\":\"Article\",\"@id\":\"https:\\\/\\\/informelitoral.com.ar\\\/en-en-departamento-diamante-hubo-ocho-detenidos-durante-los-festejos-de-ano-nuevo\\\/#article\",\"isPartOf\":{\"@id\":\"https:\\\/\\\/informelitoral.com.ar\\\/en-en-departamento-diamante-hubo-ocho-detenidos-durante-los-festejos-de-ano-nuevo\\\/\"},\"author\":{\"name\":\"Gonzalo Schmidt\",\"@id\":\"https:\\\/\\\/informelitoral.com.ar\\\/#\\\/schema\\\/person\\\/b9d00407c836482871ef1d57bf8e3180\"},\"headline\":\"En en departamento Diamante hubo ocho detenidos durante los festejos de A\u00f1o Nuevo\",\"datePublished\":\"2025-01-01T18:27:21+00:00\",\"mainEntityOfPage\":{\"@id\":\"https:\\\/\\\/informelitoral.com.ar\\\/en-en-departamento-diamante-hubo-ocho-detenidos-durante-los-festejos-de-ano-nuevo\\\/\"},\"wordCount\":338,\"commentCount\":0,\"publisher\":{\"@id\":\"https:\\\/\\\/informelitoral.com.ar\\\/#organization\"},\"image\":{\"@id\":\"https:\\\/\\\/informelitoral.com.ar\\\/en-en-departamento-diamante-hubo-ocho-detenidos-durante-los-festejos-de-ano-nuevo\\\/#primaryimage\"},\"thumbnailUrl\":\"https:\\\/\\\/informelitoral.com.ar\\\/%77%70%2d%63%6f%6e%74%65%6e%74\\\/uploads\\\/2025\\\/01\\\/detenido-en-ramirez.jpg\",\"keywords\":[\"Detenidos\",\"Diamante\",\"General Ram\u00edrez\",\"Polic\u00eda de Entre R\u00edos\",\"Policial\",\"Ram\u00edrez\"],\"articleSection\":[\"Policiales\"],\"inLanguage\":\"es\",\"potentialAction\":[{\"@type\":\"CommentAction\",\"name\":\"Comment\",\"target\":[\"https:\\\/\\\/informelitoral.com.ar\\\/en-en-departamento-diamante-hubo-ocho-detenidos-durante-los-festejos-de-ano-nuevo\\\/#respond\"]}]},{\"@type\":\"WebPage\",\"@id\":\"https:\\\/\\\/informelitoral.com.ar\\\/en-en-departamento-diamante-hubo-ocho-detenidos-durante-los-festejos-de-ano-nuevo\\\/\",\"url\":\"https:\\\/\\\/informelitoral.com.ar\\\/en-en-departamento-diamante-hubo-ocho-detenidos-durante-los-festejos-de-ano-nuevo\\\/\",\"name\":\"En en departamento Diamante hubo ocho detenidos durante los festejos de A\u00f1o Nuevo - Informe Litoral\",\"isPartOf\":{\"@id\":\"https:\\\/\\\/informelitoral.com.ar\\\/#website\"},\"primaryImageOfPage\":{\"@id\":\"https:\\\/\\\/informelitoral.com.ar\\\/en-en-departamento-diamante-hubo-ocho-detenidos-durante-los-festejos-de-ano-nuevo\\\/#primaryimage\"},\"image\":{\"@id\":\"https:\\\/\\\/informelitoral.com.ar\\\/en-en-departamento-diamante-hubo-ocho-detenidos-durante-los-festejos-de-ano-nuevo\\\/#primaryimage\"},\"thumbnailUrl\":\"https:\\\/\\\/informelitoral.com.ar\\\/%77%70%2d%63%6f%6e%74%65%6e%74\\\/uploads\\\/2025\\\/01\\\/detenido-en-ramirez.jpg\",\"datePublished\":\"2025-01-01T18:27:21+00:00\",\"breadcrumb\":{\"@id\":\"https:\\\/\\\/informelitoral.com.ar\\\/en-en-departamento-diamante-hubo-ocho-detenidos-durante-los-festejos-de-ano-nuevo\\\/#breadcrumb\"},\"inLanguage\":\"es\",\"potentialAction\":[{\"@type\":\"ReadAction\",\"target\":[\"https:\\\/\\\/informelitoral.com.ar\\\/en-en-departamento-diamante-hubo-ocho-detenidos-durante-los-festejos-de-ano-nuevo\\\/\"]}]},{\"@type\":\"ImageObject\",\"inLanguage\":\"es\",\"@id\":\"https:\\\/\\\/informelitoral.com.ar\\\/en-en-departamento-diamante-hubo-ocho-detenidos-durante-los-festejos-de-ano-nuevo\\\/#primaryimage\",\"url\":\"https:\\\/\\\/informelitoral.com.ar\\\/%77%70%2d%63%6f%6e%74%65%6e%74\\\/uploads\\\/2025\\\/01\\\/detenido-en-ramirez.jpg\",\"contentUrl\":\"https:\\\/\\\/informelitoral.com.ar\\\/%77%70%2d%63%6f%6e%74%65%6e%74\\\/uploads\\\/2025\\\/01\\\/detenido-en-ramirez.jpg\",\"width\":1280,\"height\":960},{\"@type\":\"BreadcrumbList\",\"@id\":\"https:\\\/\\\/informelitoral.com.ar\\\/en-en-departamento-diamante-hubo-ocho-detenidos-durante-los-festejos-de-ano-nuevo\\\/#breadcrumb\",\"itemListElement\":[{\"@type\":\"ListItem\",\"position\":1,\"name\":\"Portada\",\"item\":\"https:\\\/\\\/informelitoral.com.ar\\\/\"},{\"@type\":\"ListItem\",\"position\":2,\"name\":\"En en departamento Diamante hubo ocho detenidos durante los festejos de A\u00f1o Nuevo\"}]},{\"@type\":\"WebSite\",\"@id\":\"https:\\\/\\\/informelitoral.com.ar\\\/#website\",\"url\":\"https:\\\/\\\/informelitoral.com.ar\\\/\",\"name\":\"Informe Litoral\",\"description\":\"&quot;Nos informamos&quot; \",\"publisher\":{\"@id\":\"https:\\\/\\\/informelitoral.com.ar\\\/#organization\"},\"potentialAction\":[{\"@type\":\"SearchAction\",\"target\":{\"@type\":\"EntryPoint\",\"urlTemplate\":\"https:\\\/\\\/informelitoral.com.ar\\\/?s={search_term_string}\"},\"query-input\":{\"@type\":\"PropertyValueSpecification\",\"valueRequired\":true,\"valueName\":\"search_term_string\"}}],\"inLanguage\":\"es\"},{\"@type\":\"Organization\",\"@id\":\"https:\\\/\\\/informelitoral.com.ar\\\/#organization\",\"name\":\"Informe Litoral\",\"url\":\"https:\\\/\\\/informelitoral.com.ar\\\/\",\"logo\":{\"@type\":\"ImageObject\",\"inLanguage\":\"es\",\"@id\":\"https:\\\/\\\/informelitoral.com.ar\\\/#\\\/schema\\\/logo\\\/image\\\/\",\"url\":\"https:\\\/\\\/informelitoral.com.ar\\\/%77%70%2d%63%6f%6e%74%65%6e%74\\\/uploads\\\/2021\\\/01\\\/circulo.png\",\"contentUrl\":\"https:\\\/\\\/informelitoral.com.ar\\\/%77%70%2d%63%6f%6e%74%65%6e%74\\\/uploads\\\/2021\\\/01\\\/circulo.png\",\"width\":723,\"height\":731,\"caption\":\"Informe Litoral\"},\"image\":{\"@id\":\"https:\\\/\\\/informelitoral.com.ar\\\/#\\\/schema\\\/logo\\\/image\\\/\"},\"sameAs\":[\"https:\\\/\\\/www.facebook.com\\\/informelitoral\\\/\",\"https:\\\/\\\/x.com\\\/InformeLitoral\",\"https:\\\/\\\/www.instagram.com\\\/informelitoral\\\/\",\"https:\\\/\\\/www.youtube.com\\\/channel\\\/UCua4Qvz8Icb6MYqhoq9xLXw\"]},{\"@type\":\"Person\",\"@id\":\"https:\\\/\\\/informelitoral.com.ar\\\/#\\\/schema\\\/person\\\/b9d00407c836482871ef1d57bf8e3180\",\"name\":\"Gonzalo Schmidt\",\"image\":{\"@type\":\"ImageObject\",\"inLanguage\":\"es\",\"@id\":\"https:\\\/\\\/secure.gravatar.com\\\/avatar\\\/31a1a7b66ff2de83bd0e9fd79d026630d2d99e55e8bfe501287647b4fd9743de?s=96&d=mm&r=g\",\"url\":\"https:\\\/\\\/secure.gravatar.com\\\/avatar\\\/31a1a7b66ff2de83bd0e9fd79d026630d2d99e55e8bfe501287647b4fd9743de?s=96&d=mm&r=g\",\"contentUrl\":\"https:\\\/\\\/secure.gravatar.com\\\/avatar\\\/31a1a7b66ff2de83bd0e9fd79d026630d2d99e55e8bfe501287647b4fd9743de?s=96&d=mm&r=g\",\"caption\":\"Gonzalo Schmidt\"},\"description\":\"Sitio web de noticias de la provincia de Entre R\u00edos, Argentina. Informaci\u00f3n y entretenimiento. Informe Litoral, nos informamos.\",\"sameAs\":[\"http:\\\/\\\/www.isletasnoticias.com.ar\"],\"url\":\"https:\\\/\\\/informelitoral.com.ar\\\/author\\\/gonzalo\\\/\"}]}<\/script>","yoast_head_json":{"title":"En en departamento Diamante hubo ocho detenidos durante los festejos de A\u00f1o Nuevo - Informe Litoral","robots":{"index":"index","follow":"follow","max-snippet":"max-snippet:-1","max-image-preview":"max-image-preview:large","max-video-preview":"max-video-preview:-1"},"canonical":"https:\/\/informelitoral.com.ar\/en-en-departamento-diamante-hubo-ocho-detenidos-durante-los-festejos-de-ano-nuevo\/","og_locale":"es_ES","og_type":"article","og_title":"En en departamento Diamante hubo ocho detenidos durante los festejos de A\u00f1o Nuevo - Informe Litoral","og_description":"Cinco detenciones se produjeron en Diamante y las tres restantes en General Ram\u00edrez. Los detalles de cada caso.","og_url":"https:\/\/informelitoral.com.ar\/en-en-departamento-diamante-hubo-ocho-detenidos-durante-los-festejos-de-ano-nuevo\/","og_site_name":"Informe Litoral","article_publisher":"https:\/\/www.facebook.com\/informelitoral\/","article_published_time":"2025-01-01T18:27:21+00:00","og_image":[{"width":1280,"height":960,"url":"https:\/\/informelitoral.com.ar\/%77%70%2d%63%6f%6e%74%65%6e%74\/uploads\/2025\/01\/detenido-en-ramirez.jpg","type":"image\/jpeg"}],"author":"Gonzalo Schmidt","twitter_card":"summary_large_image","twitter_creator":"@InformeLitoral","twitter_site":"@InformeLitoral","twitter_misc":{"Escrito por":"Gonzalo Schmidt","Tiempo de lectura":"2 minutos"},"schema":{"@context":"https:\/\/schema.org","@graph":[{"@type":"Article","@id":"https:\/\/informelitoral.com.ar\/en-en-departamento-diamante-hubo-ocho-detenidos-durante-los-festejos-de-ano-nuevo\/#article","isPartOf":{"@id":"https:\/\/informelitoral.com.ar\/en-en-departamento-diamante-hubo-ocho-detenidos-durante-los-festejos-de-ano-nuevo\/"},"author":{"name":"Gonzalo Schmidt","@id":"https:\/\/informelitoral.com.ar\/#\/schema\/person\/b9d00407c836482871ef1d57bf8e3180"},"headline":"En en departamento Diamante hubo ocho detenidos durante los festejos de A\u00f1o Nuevo","datePublished":"2025-01-01T18:27:21+00:00","mainEntityOfPage":{"@id":"https:\/\/informelitoral.com.ar\/en-en-departamento-diamante-hubo-ocho-detenidos-durante-los-festejos-de-ano-nuevo\/"},"wordCount":338,"commentCount":0,"publisher":{"@id":"https:\/\/informelitoral.com.ar\/#organization"},"image":{"@id":"https:\/\/informelitoral.com.ar\/en-en-departamento-diamante-hubo-ocho-detenidos-durante-los-festejos-de-ano-nuevo\/#primaryimage"},"thumbnailUrl":"https:\/\/informelitoral.com.ar\/%77%70%2d%63%6f%6e%74%65%6e%74\/uploads\/2025\/01\/detenido-en-ramirez.jpg","keywords":["Detenidos","Diamante","General Ram\u00edrez","Polic\u00eda de Entre R\u00edos","Policial","Ram\u00edrez"],"articleSection":["Policiales"],"inLanguage":"es","potentialAction":[{"@type":"CommentAction","name":"Comment","target":["https:\/\/informelitoral.com.ar\/en-en-departamento-diamante-hubo-ocho-detenidos-durante-los-festejos-de-ano-nuevo\/#respond"]}]},{"@type":"WebPage","@id":"https:\/\/informelitoral.com.ar\/en-en-departamento-diamante-hubo-ocho-detenidos-durante-los-festejos-de-ano-nuevo\/","url":"https:\/\/informelitoral.com.ar\/en-en-departamento-diamante-hubo-ocho-detenidos-durante-los-festejos-de-ano-nuevo\/","name":"En en departamento Diamante hubo ocho detenidos durante los festejos de A\u00f1o Nuevo - Informe Litoral","isPartOf":{"@id":"https:\/\/informelitoral.com.ar\/#website"},"primaryImageOfPage":{"@id":"https:\/\/informelitoral.com.ar\/en-en-departamento-diamante-hubo-ocho-detenidos-durante-los-festejos-de-ano-nuevo\/#primaryimage"},"image":{"@id":"https:\/\/informelitoral.com.ar\/en-en-departamento-diamante-hubo-ocho-detenidos-durante-los-festejos-de-ano-nuevo\/#primaryimage"},"thumbnailUrl":"https:\/\/informelitoral.com.ar\/%77%70%2d%63%6f%6e%74%65%6e%74\/uploads\/2025\/01\/detenido-en-ramirez.jpg","datePublished":"2025-01-01T18:27:21+00:00","breadcrumb":{"@id":"https:\/\/informelitoral.com.ar\/en-en-departamento-diamante-hubo-ocho-detenidos-durante-los-festejos-de-ano-nuevo\/#breadcrumb"},"inLanguage":"es","potentialAction":[{"@type":"ReadAction","target":["https:\/\/informelitoral.com.ar\/en-en-departamento-diamante-hubo-ocho-detenidos-durante-los-festejos-de-ano-nuevo\/"]}]},{"@type":"ImageObject","inLanguage":"es","@id":"https:\/\/informelitoral.com.ar\/en-en-departamento-diamante-hubo-ocho-detenidos-durante-los-festejos-de-ano-nuevo\/#primaryimage","url":"https:\/\/informelitoral.com.ar\/%77%70%2d%63%6f%6e%74%65%6e%74\/uploads\/2025\/01\/detenido-en-ramirez.jpg","contentUrl":"https:\/\/informelitoral.com.ar\/%77%70%2d%63%6f%6e%74%65%6e%74\/uploads\/2025\/01\/detenido-en-ramirez.jpg","width":1280,"height":960},{"@type":"BreadcrumbList","@id":"https:\/\/informelitoral.com.ar\/en-en-departamento-diamante-hubo-ocho-detenidos-durante-los-festejos-de-ano-nuevo\/#breadcrumb","itemListElement":[{"@type":"ListItem","position":1,"name":"Portada","item":"https:\/\/informelitoral.com.ar\/"},{"@type":"ListItem","position":2,"name":"En en departamento Diamante hubo ocho detenidos durante los festejos de A\u00f1o Nuevo"}]},{"@type":"WebSite","@id":"https:\/\/informelitoral.com.ar\/#website","url":"https:\/\/informelitoral.com.ar\/","name":"Informe Litoral","description":"&quot;Nos informamos&quot; ","publisher":{"@id":"https:\/\/informelitoral.com.ar\/#organization"},"potentialAction":[{"@type":"SearchAction","target":{"@type":"EntryPoint","urlTemplate":"https:\/\/informelitoral.com.ar\/?s={search_term_string}"},"query-input":{"@type":"PropertyValueSpecification","valueRequired":true,"valueName":"search_term_string"}}],"inLanguage":"es"},{"@type":"Organization","@id":"https:\/\/informelitoral.com.ar\/#organization","name":"Informe Litoral","url":"https:\/\/informelitoral.com.ar\/","logo":{"@type":"ImageObject","inLanguage":"es","@id":"https:\/\/informelitoral.com.ar\/#\/schema\/logo\/image\/","url":"https:\/\/informelitoral.com.ar\/%77%70%2d%63%6f%6e%74%65%6e%74\/uploads\/2021\/01\/circulo.png","contentUrl":"https:\/\/informelitoral.com.ar\/%77%70%2d%63%6f%6e%74%65%6e%74\/uploads\/2021\/01\/circulo.png","width":723,"height":731,"caption":"Informe Litoral"},"image":{"@id":"https:\/\/informelitoral.com.ar\/#\/schema\/logo\/image\/"},"sameAs":["https:\/\/www.facebook.com\/informelitoral\/","https:\/\/x.com\/InformeLitoral","https:\/\/www.instagram.com\/informelitoral\/","https:\/\/www.youtube.com\/channel\/UCua4Qvz8Icb6MYqhoq9xLXw"]},{"@type":"Person","@id":"https:\/\/informelitoral.com.ar\/#\/schema\/person\/b9d00407c836482871ef1d57bf8e3180","name":"Gonzalo Schmidt","image":{"@type":"ImageObject","inLanguage":"es","@id":"https:\/\/secure.gravatar.com\/avatar\/31a1a7b66ff2de83bd0e9fd79d026630d2d99e55e8bfe501287647b4fd9743de?s=96&d=mm&r=g","url":"https:\/\/secure.gravatar.com\/avatar\/31a1a7b66ff2de83bd0e9fd79d026630d2d99e55e8bfe501287647b4fd9743de?s=96&d=mm&r=g","contentUrl":"https:\/\/secure.gravatar.com\/avatar\/31a1a7b66ff2de83bd0e9fd79d026630d2d99e55e8bfe501287647b4fd9743de?s=96&d=mm&r=g","caption":"Gonzalo Schmidt"},"description":"Sitio web de noticias de la provincia de Entre R\u00edos, Argentina. Informaci\u00f3n y entretenimiento. Informe Litoral, nos informamos.","sameAs":["http:\/\/www.isletasnoticias.com.ar"],"url":"https:\/\/informelitoral.com.ar\/author\/gonzalo\/"}]}},"_links":{"self":[{"href":"https:\/\/informelitoral.com.ar\/%77%70%2d%6a%73%6f%6e\/wp\/v2\/posts\/208240","targetHints":{"allow":["GET"]}}],"collection":[{"href":"https:\/\/informelitoral.com.ar\/%77%70%2d%6a%73%6f%6e\/wp\/v2\/posts"}],"about":[{"href":"https:\/\/informelitoral.com.ar\/%77%70%2d%6a%73%6f%6e\/wp\/v2\/types\/post"}],"author":[{"embeddable":true,"href":"https:\/\/informelitoral.com.ar\/%77%70%2d%6a%73%6f%6e\/wp\/v2\/users\/2"}],"replies":[{"embeddable":true,"href":"https:\/\/informelitoral.com.ar\/%77%70%2d%6a%73%6f%6e\/wp\/v2\/comments?post=208240"}],"version-history":[{"count":0,"href":"https:\/\/informelitoral.com.ar\/%77%70%2d%6a%73%6f%6e\/wp\/v2\/posts\/208240\/revisions"}],"wp:featuredmedia":[{"embeddable":true,"href":"https:\/\/informelitoral.com.ar\/%77%70%2d%6a%73%6f%6e\/wp\/v2\/media\/208242"}],"wp:attachment":[{"href":"https:\/\/informelitoral.com.ar\/%77%70%2d%6a%73%6f%6e\/wp\/v2\/media?parent=208240"}],"wp:term":[{"taxonomy":"category","embeddable":true,"href":"https:\/\/informelitoral.com.ar\/%77%70%2d%6a%73%6f%6e\/wp\/v2\/categories?post=208240"},{"taxonomy":"post_tag","embeddable":true,"href":"https:\/\/informelitoral.com.ar\/%77%70%2d%6a%73%6f%6e\/wp\/v2\/tags?post=208240"}],"curies":[{"name":"wp","href":"https:\/\/api.w.org\/{rel}","templated":true}]}}