{"id":208235,"date":"2025-01-01T15:01:34","date_gmt":"2025-01-01T18:01:34","guid":{"rendered":"https:\/\/www.informelitoral.com.ar\/?p=208235"},"modified":"2025-01-01T15:06:21","modified_gmt":"2025-01-01T18:06:21","slug":"primeros-nacimientos-del-2025-en-entre-rios-y-el-pais","status":"publish","type":"post","link":"https:\/\/informelitoral.com.ar\/primeros-nacimientos-del-2025-en-entre-rios-y-el-pais\/","title":{"rendered":"Primeros nacimientos del 2025 en Entre R\u00edos y el pa\u00eds"},"content":{"rendered":"<p data-mrf-recirculation=\"Cuerpo de la nota\">La llegada del 2025 trajo alegr\u00eda a la Maternidad \u00abNuestra Se\u00f1ora de las Mercedes\u00bb, en la provincia de Tucum\u00e1n, donde nacieron los primeros beb\u00e9s del a\u00f1o, ambos oriundos de Lules. Ellos son para muchos medios de comunicaci\u00f3n los primeros del 2025 a nivel pa\u00eds, pero en realidad es dif\u00edcil determinarlo.<\/p>\n<p data-mrf-recirculation=\"Cuerpo de la nota\"><b>Valent\u00edn,<\/b>\u00a0con un peso de 3,9 kilos, naci\u00f3 exactamente a la medianoche. Apenas unos segundos despu\u00e9s,\u00a0<b>Guillermina<\/b>\u00a0lleg\u00f3 al mundo mediante ces\u00e1rea, con un peso de 3,7 kilos.<\/p>\n<p data-mrf-recirculation=\"Cuerpo de la nota\"><a href=\"https:\/\/www.informelitoral.com.ar\/%77%70%2d%63%6f%6e%74%65%6e%74\/uploads\/2025\/01\/da8ad10b-8c1c-4968-b1aa-147b353fe683.jpg\"><img loading=\"lazy\" decoding=\"async\" class=\"aligncenter wp-image-208236 size-full\" src=\"https:\/\/www.informelitoral.com.ar\/%77%70%2d%63%6f%6e%74%65%6e%74\/uploads\/2025\/01\/da8ad10b-8c1c-4968-b1aa-147b353fe683.jpg\" alt=\"\" width=\"1200\" height=\"740\" srcset=\"https:\/\/informelitoral.com.ar\/%77%70%2d%63%6f%6e%74%65%6e%74\/uploads\/2025\/01\/da8ad10b-8c1c-4968-b1aa-147b353fe683.jpg 1200w, https:\/\/informelitoral.com.ar\/%77%70%2d%63%6f%6e%74%65%6e%74\/uploads\/2025\/01\/da8ad10b-8c1c-4968-b1aa-147b353fe683-300x185.jpg 300w, https:\/\/informelitoral.com.ar\/%77%70%2d%63%6f%6e%74%65%6e%74\/uploads\/2025\/01\/da8ad10b-8c1c-4968-b1aa-147b353fe683-1024x631.jpg 1024w, https:\/\/informelitoral.com.ar\/%77%70%2d%63%6f%6e%74%65%6e%74\/uploads\/2025\/01\/da8ad10b-8c1c-4968-b1aa-147b353fe683-768x474.jpg 768w, https:\/\/informelitoral.com.ar\/%77%70%2d%63%6f%6e%74%65%6e%74\/uploads\/2025\/01\/da8ad10b-8c1c-4968-b1aa-147b353fe683-681x420.jpg 681w, https:\/\/informelitoral.com.ar\/%77%70%2d%63%6f%6e%74%65%6e%74\/uploads\/2025\/01\/da8ad10b-8c1c-4968-b1aa-147b353fe683-696x429.jpg 696w, https:\/\/informelitoral.com.ar\/%77%70%2d%63%6f%6e%74%65%6e%74\/uploads\/2025\/01\/da8ad10b-8c1c-4968-b1aa-147b353fe683-1068x659.jpg 1068w, https:\/\/informelitoral.com.ar\/%77%70%2d%63%6f%6e%74%65%6e%74\/uploads\/2025\/01\/da8ad10b-8c1c-4968-b1aa-147b353fe683-356x220.jpg 356w\" sizes=\"auto, (max-width: 1200px) 100vw, 1200px\" \/><\/a><\/p>\n<p data-mrf-recirculation=\"Cuerpo de la nota\">El equipo m\u00e9dico estuvo compuesto por la doctora Natalia Fr\u00edas y el equipo de m\u00e9dicos de sala de partos y doctora Eugenia Moyano que llevo adelante la ces\u00e1rea.<\/p>\n<p data-mrf-recirculation=\"Cuerpo de la nota\">Las flamantes mam\u00e1s, Camila Micaela Santill\u00e1n y Karen Maldonado, junto con sus peque\u00f1os, se encuentran en excelente estado de salud, seg\u00fan inform\u00f3 el director de la instituci\u00f3n, doctor Alberto Agote.<\/p>\n<h2 data-mrf-recirculation=\"Cuerpo de la nota\"><strong>Paran\u00e1 tuvo los primeros nacimientos del 2025 de Entre R\u00edos\u00a0<\/strong><\/h2>\n<p>En la capital entrerriana nacieron los primeros beb\u00e9s de la provincia. Son gemelos y llegaron al mundo a las 00.03 y 00.04 de este mi\u00e9rcoles.<\/p>\n<p>Seg\u00fan informaron desde el Hospital Materno Infantil San Roque, actualmente se encuentran en Neonatolog\u00eda bajo estrictos cuidados m\u00e9dicos, ya que nacieron con 28 semanas y son prematuros.<\/p>\n<p>Los peque\u00f1itos pesaron alrededor de 1,270 kg cada uno.<\/p>\n<p>La mam\u00e1 de los beb\u00e9s se encontraba realizando reposo en Maternidad, a la espera de controles m\u00e9dicos.<\/p>\n<h6><em><strong>Te puede interesar:\u00a0<a href=\"https:\/\/www.informelitoral.com.ar\/la-seleccion-argentina-obtuvo-un-gran-logro-en-el-cierre-del-ano\/\" target=\"_blank\" rel=\"noopener\">La Selecci\u00f3n argentina obtuvo un gran logro en el cierre del a\u00f1o<\/a><\/strong><\/em><\/h6>\n","protected":false},"excerpt":{"rendered":"<p>Hay pr\u00e1cticamente un empate por eso es dificil determinar d\u00f3nde se produjo el primer nacimiento del 2025. Se menciona a Tucum\u00e1n, San Juan y tambi\u00e9n Entre R\u00edos. Los detalles en esta nota. <\/p>\n","protected":false},"author":2,"featured_media":198432,"comment_status":"open","ping_status":"open","sticky":false,"template":"","format":"standard","meta":{"fifu_image_url":"","fifu_image_alt":"","footnotes":""},"categories":[9],"tags":[165,81,45,85],"class_list":{"0":"post-208235","1":"post","2":"type-post","3":"status-publish","4":"format-standard","5":"has-post-thumbnail","7":"category-sociedad","8":"tag-bebe","9":"tag-entre-rios","10":"tag-parana","11":"tag-tucuman"},"yoast_head":"<title>Primeros nacimientos del 2025 en Entre R\u00edos y el pa\u00eds - Informe Litoral<\/title>\n<meta name=\"robots\" content=\"index, follow, max-snippet:-1, max-image-preview:large, max-video-preview:-1\" \/>\n<link rel=\"canonical\" href=\"https:\/\/informelitoral.com.ar\/primeros-nacimientos-del-2025-en-entre-rios-y-el-pais\/\" \/>\n<meta property=\"og:locale\" content=\"es_ES\" \/>\n<meta property=\"og:type\" content=\"article\" \/>\n<meta property=\"og:title\" content=\"Primeros nacimientos del 2025 en Entre R\u00edos y el pa\u00eds - Informe Litoral\" \/>\n<meta property=\"og:description\" content=\"Hay pr\u00e1cticamente un empate por eso es dificil determinar d\u00f3nde se produjo el primer nacimiento del 2025. Se menciona a Tucum\u00e1n, San Juan y tambi\u00e9n Entre R\u00edos. Los detalles en esta nota.\" \/>\n<meta property=\"og:url\" content=\"https:\/\/informelitoral.com.ar\/primeros-nacimientos-del-2025-en-entre-rios-y-el-pais\/\" \/>\n<meta property=\"og:site_name\" content=\"Informe Litoral\" \/>\n<meta property=\"article:publisher\" content=\"https:\/\/www.facebook.com\/informelitoral\/\" \/>\n<meta property=\"article:published_time\" content=\"2025-01-01T18:01:34+00:00\" \/>\n<meta property=\"article:modified_time\" content=\"2025-01-01T18:06:21+00:00\" \/>\n<meta property=\"og:image\" content=\"https:\/\/informelitoral.com.ar\/%77%70%2d%63%6f%6e%74%65%6e%74\/uploads\/2024\/09\/hospital-materno-infantil-san-roque-parana-1.webp\" \/>\n\t<meta property=\"og:image:width\" content=\"696\" \/>\n\t<meta property=\"og:image:height\" content=\"413\" \/>\n\t<meta property=\"og:image:type\" content=\"image\/webp\" \/>\n<meta name=\"author\" content=\"Gonzalo Schmidt\" \/>\n<meta name=\"twitter:card\" content=\"summary_large_image\" \/>\n<meta name=\"twitter:creator\" content=\"@InformeLitoral\" \/>\n<meta name=\"twitter:site\" content=\"@InformeLitoral\" \/>\n<meta name=\"twitter:label1\" content=\"Escrito por\" \/>\n\t<meta name=\"twitter:data1\" content=\"Gonzalo Schmidt\" \/>\n\t<meta name=\"twitter:label2\" content=\"Tiempo de lectura\" \/>\n\t<meta name=\"twitter:data2\" content=\"1 minuto\" \/>\n<script type=\"application\/ld+json\" class=\"yoast-schema-graph\">{\"@context\":\"https:\\\/\\\/schema.org\",\"@graph\":[{\"@type\":\"Article\",\"@id\":\"https:\\\/\\\/informelitoral.com.ar\\\/primeros-nacimientos-del-2025-en-entre-rios-y-el-pais\\\/#article\",\"isPartOf\":{\"@id\":\"https:\\\/\\\/informelitoral.com.ar\\\/primeros-nacimientos-del-2025-en-entre-rios-y-el-pais\\\/\"},\"author\":{\"name\":\"Gonzalo Schmidt\",\"@id\":\"https:\\\/\\\/informelitoral.com.ar\\\/#\\\/schema\\\/person\\\/b9d00407c836482871ef1d57bf8e3180\"},\"headline\":\"Primeros nacimientos del 2025 en Entre R\u00edos y el pa\u00eds\",\"datePublished\":\"2025-01-01T18:01:34+00:00\",\"dateModified\":\"2025-01-01T18:06:21+00:00\",\"mainEntityOfPage\":{\"@id\":\"https:\\\/\\\/informelitoral.com.ar\\\/primeros-nacimientos-del-2025-en-entre-rios-y-el-pais\\\/\"},\"wordCount\":272,\"commentCount\":0,\"publisher\":{\"@id\":\"https:\\\/\\\/informelitoral.com.ar\\\/#organization\"},\"image\":{\"@id\":\"https:\\\/\\\/informelitoral.com.ar\\\/primeros-nacimientos-del-2025-en-entre-rios-y-el-pais\\\/#primaryimage\"},\"thumbnailUrl\":\"https:\\\/\\\/informelitoral.com.ar\\\/%77%70%2d%63%6f%6e%74%65%6e%74\\\/uploads\\\/2024\\\/09\\\/hospital-materno-infantil-san-roque-parana-1.webp\",\"keywords\":[\"Beb\u00e9\",\"Entre R\u00edos\",\"Paran\u00e1\",\"Tucum\u00e1n\"],\"articleSection\":[\"Sociedad\"],\"inLanguage\":\"es\",\"potentialAction\":[{\"@type\":\"CommentAction\",\"name\":\"Comment\",\"target\":[\"https:\\\/\\\/informelitoral.com.ar\\\/primeros-nacimientos-del-2025-en-entre-rios-y-el-pais\\\/#respond\"]}]},{\"@type\":\"WebPage\",\"@id\":\"https:\\\/\\\/informelitoral.com.ar\\\/primeros-nacimientos-del-2025-en-entre-rios-y-el-pais\\\/\",\"url\":\"https:\\\/\\\/informelitoral.com.ar\\\/primeros-nacimientos-del-2025-en-entre-rios-y-el-pais\\\/\",\"name\":\"Primeros nacimientos del 2025 en Entre R\u00edos y el pa\u00eds - Informe Litoral\",\"isPartOf\":{\"@id\":\"https:\\\/\\\/informelitoral.com.ar\\\/#website\"},\"primaryImageOfPage\":{\"@id\":\"https:\\\/\\\/informelitoral.com.ar\\\/primeros-nacimientos-del-2025-en-entre-rios-y-el-pais\\\/#primaryimage\"},\"image\":{\"@id\":\"https:\\\/\\\/informelitoral.com.ar\\\/primeros-nacimientos-del-2025-en-entre-rios-y-el-pais\\\/#primaryimage\"},\"thumbnailUrl\":\"https:\\\/\\\/informelitoral.com.ar\\\/%77%70%2d%63%6f%6e%74%65%6e%74\\\/uploads\\\/2024\\\/09\\\/hospital-materno-infantil-san-roque-parana-1.webp\",\"datePublished\":\"2025-01-01T18:01:34+00:00\",\"dateModified\":\"2025-01-01T18:06:21+00:00\",\"breadcrumb\":{\"@id\":\"https:\\\/\\\/informelitoral.com.ar\\\/primeros-nacimientos-del-2025-en-entre-rios-y-el-pais\\\/#breadcrumb\"},\"inLanguage\":\"es\",\"potentialAction\":[{\"@type\":\"ReadAction\",\"target\":[\"https:\\\/\\\/informelitoral.com.ar\\\/primeros-nacimientos-del-2025-en-entre-rios-y-el-pais\\\/\"]}]},{\"@type\":\"ImageObject\",\"inLanguage\":\"es\",\"@id\":\"https:\\\/\\\/informelitoral.com.ar\\\/primeros-nacimientos-del-2025-en-entre-rios-y-el-pais\\\/#primaryimage\",\"url\":\"https:\\\/\\\/informelitoral.com.ar\\\/%77%70%2d%63%6f%6e%74%65%6e%74\\\/uploads\\\/2024\\\/09\\\/hospital-materno-infantil-san-roque-parana-1.webp\",\"contentUrl\":\"https:\\\/\\\/informelitoral.com.ar\\\/%77%70%2d%63%6f%6e%74%65%6e%74\\\/uploads\\\/2024\\\/09\\\/hospital-materno-infantil-san-roque-parana-1.webp\",\"width\":696,\"height\":413},{\"@type\":\"BreadcrumbList\",\"@id\":\"https:\\\/\\\/informelitoral.com.ar\\\/primeros-nacimientos-del-2025-en-entre-rios-y-el-pais\\\/#breadcrumb\",\"itemListElement\":[{\"@type\":\"ListItem\",\"position\":1,\"name\":\"Portada\",\"item\":\"https:\\\/\\\/informelitoral.com.ar\\\/\"},{\"@type\":\"ListItem\",\"position\":2,\"name\":\"Primeros nacimientos del 2025 en Entre R\u00edos y el pa\u00eds\"}]},{\"@type\":\"WebSite\",\"@id\":\"https:\\\/\\\/informelitoral.com.ar\\\/#website\",\"url\":\"https:\\\/\\\/informelitoral.com.ar\\\/\",\"name\":\"Informe Litoral\",\"description\":\"&quot;Nos informamos&quot; \",\"publisher\":{\"@id\":\"https:\\\/\\\/informelitoral.com.ar\\\/#organization\"},\"potentialAction\":[{\"@type\":\"SearchAction\",\"target\":{\"@type\":\"EntryPoint\",\"urlTemplate\":\"https:\\\/\\\/informelitoral.com.ar\\\/?s={search_term_string}\"},\"query-input\":{\"@type\":\"PropertyValueSpecification\",\"valueRequired\":true,\"valueName\":\"search_term_string\"}}],\"inLanguage\":\"es\"},{\"@type\":\"Organization\",\"@id\":\"https:\\\/\\\/informelitoral.com.ar\\\/#organization\",\"name\":\"Informe Litoral\",\"url\":\"https:\\\/\\\/informelitoral.com.ar\\\/\",\"logo\":{\"@type\":\"ImageObject\",\"inLanguage\":\"es\",\"@id\":\"https:\\\/\\\/informelitoral.com.ar\\\/#\\\/schema\\\/logo\\\/image\\\/\",\"url\":\"https:\\\/\\\/informelitoral.com.ar\\\/%77%70%2d%63%6f%6e%74%65%6e%74\\\/uploads\\\/2021\\\/01\\\/circulo.png\",\"contentUrl\":\"https:\\\/\\\/informelitoral.com.ar\\\/%77%70%2d%63%6f%6e%74%65%6e%74\\\/uploads\\\/2021\\\/01\\\/circulo.png\",\"width\":723,\"height\":731,\"caption\":\"Informe Litoral\"},\"image\":{\"@id\":\"https:\\\/\\\/informelitoral.com.ar\\\/#\\\/schema\\\/logo\\\/image\\\/\"},\"sameAs\":[\"https:\\\/\\\/www.facebook.com\\\/informelitoral\\\/\",\"https:\\\/\\\/x.com\\\/InformeLitoral\",\"https:\\\/\\\/www.instagram.com\\\/informelitoral\\\/\",\"https:\\\/\\\/www.youtube.com\\\/channel\\\/UCua4Qvz8Icb6MYqhoq9xLXw\"]},{\"@type\":\"Person\",\"@id\":\"https:\\\/\\\/informelitoral.com.ar\\\/#\\\/schema\\\/person\\\/b9d00407c836482871ef1d57bf8e3180\",\"name\":\"Gonzalo Schmidt\",\"image\":{\"@type\":\"ImageObject\",\"inLanguage\":\"es\",\"@id\":\"https:\\\/\\\/secure.gravatar.com\\\/avatar\\\/31a1a7b66ff2de83bd0e9fd79d026630d2d99e55e8bfe501287647b4fd9743de?s=96&d=mm&r=g\",\"url\":\"https:\\\/\\\/secure.gravatar.com\\\/avatar\\\/31a1a7b66ff2de83bd0e9fd79d026630d2d99e55e8bfe501287647b4fd9743de?s=96&d=mm&r=g\",\"contentUrl\":\"https:\\\/\\\/secure.gravatar.com\\\/avatar\\\/31a1a7b66ff2de83bd0e9fd79d026630d2d99e55e8bfe501287647b4fd9743de?s=96&d=mm&r=g\",\"caption\":\"Gonzalo Schmidt\"},\"description\":\"Sitio web de noticias de la provincia de Entre R\u00edos, Argentina. Informaci\u00f3n y entretenimiento. Informe Litoral, nos informamos.\",\"sameAs\":[\"http:\\\/\\\/www.isletasnoticias.com.ar\"],\"url\":\"https:\\\/\\\/informelitoral.com.ar\\\/author\\\/gonzalo\\\/\"}]}<\/script>","yoast_head_json":{"title":"Primeros nacimientos del 2025 en Entre R\u00edos y el pa\u00eds - Informe Litoral","robots":{"index":"index","follow":"follow","max-snippet":"max-snippet:-1","max-image-preview":"max-image-preview:large","max-video-preview":"max-video-preview:-1"},"canonical":"https:\/\/informelitoral.com.ar\/primeros-nacimientos-del-2025-en-entre-rios-y-el-pais\/","og_locale":"es_ES","og_type":"article","og_title":"Primeros nacimientos del 2025 en Entre R\u00edos y el pa\u00eds - Informe Litoral","og_description":"Hay pr\u00e1cticamente un empate por eso es dificil determinar d\u00f3nde se produjo el primer nacimiento del 2025. Se menciona a Tucum\u00e1n, San Juan y tambi\u00e9n Entre R\u00edos. Los detalles en esta nota.","og_url":"https:\/\/informelitoral.com.ar\/primeros-nacimientos-del-2025-en-entre-rios-y-el-pais\/","og_site_name":"Informe Litoral","article_publisher":"https:\/\/www.facebook.com\/informelitoral\/","article_published_time":"2025-01-01T18:01:34+00:00","article_modified_time":"2025-01-01T18:06:21+00:00","og_image":[{"width":696,"height":413,"url":"https:\/\/informelitoral.com.ar\/%77%70%2d%63%6f%6e%74%65%6e%74\/uploads\/2024\/09\/hospital-materno-infantil-san-roque-parana-1.webp","type":"image\/webp"}],"author":"Gonzalo Schmidt","twitter_card":"summary_large_image","twitter_creator":"@InformeLitoral","twitter_site":"@InformeLitoral","twitter_misc":{"Escrito por":"Gonzalo Schmidt","Tiempo de lectura":"1 minuto"},"schema":{"@context":"https:\/\/schema.org","@graph":[{"@type":"Article","@id":"https:\/\/informelitoral.com.ar\/primeros-nacimientos-del-2025-en-entre-rios-y-el-pais\/#article","isPartOf":{"@id":"https:\/\/informelitoral.com.ar\/primeros-nacimientos-del-2025-en-entre-rios-y-el-pais\/"},"author":{"name":"Gonzalo Schmidt","@id":"https:\/\/informelitoral.com.ar\/#\/schema\/person\/b9d00407c836482871ef1d57bf8e3180"},"headline":"Primeros nacimientos del 2025 en Entre R\u00edos y el pa\u00eds","datePublished":"2025-01-01T18:01:34+00:00","dateModified":"2025-01-01T18:06:21+00:00","mainEntityOfPage":{"@id":"https:\/\/informelitoral.com.ar\/primeros-nacimientos-del-2025-en-entre-rios-y-el-pais\/"},"wordCount":272,"commentCount":0,"publisher":{"@id":"https:\/\/informelitoral.com.ar\/#organization"},"image":{"@id":"https:\/\/informelitoral.com.ar\/primeros-nacimientos-del-2025-en-entre-rios-y-el-pais\/#primaryimage"},"thumbnailUrl":"https:\/\/informelitoral.com.ar\/%77%70%2d%63%6f%6e%74%65%6e%74\/uploads\/2024\/09\/hospital-materno-infantil-san-roque-parana-1.webp","keywords":["Beb\u00e9","Entre R\u00edos","Paran\u00e1","Tucum\u00e1n"],"articleSection":["Sociedad"],"inLanguage":"es","potentialAction":[{"@type":"CommentAction","name":"Comment","target":["https:\/\/informelitoral.com.ar\/primeros-nacimientos-del-2025-en-entre-rios-y-el-pais\/#respond"]}]},{"@type":"WebPage","@id":"https:\/\/informelitoral.com.ar\/primeros-nacimientos-del-2025-en-entre-rios-y-el-pais\/","url":"https:\/\/informelitoral.com.ar\/primeros-nacimientos-del-2025-en-entre-rios-y-el-pais\/","name":"Primeros nacimientos del 2025 en Entre R\u00edos y el pa\u00eds - Informe Litoral","isPartOf":{"@id":"https:\/\/informelitoral.com.ar\/#website"},"primaryImageOfPage":{"@id":"https:\/\/informelitoral.com.ar\/primeros-nacimientos-del-2025-en-entre-rios-y-el-pais\/#primaryimage"},"image":{"@id":"https:\/\/informelitoral.com.ar\/primeros-nacimientos-del-2025-en-entre-rios-y-el-pais\/#primaryimage"},"thumbnailUrl":"https:\/\/informelitoral.com.ar\/%77%70%2d%63%6f%6e%74%65%6e%74\/uploads\/2024\/09\/hospital-materno-infantil-san-roque-parana-1.webp","datePublished":"2025-01-01T18:01:34+00:00","dateModified":"2025-01-01T18:06:21+00:00","breadcrumb":{"@id":"https:\/\/informelitoral.com.ar\/primeros-nacimientos-del-2025-en-entre-rios-y-el-pais\/#breadcrumb"},"inLanguage":"es","potentialAction":[{"@type":"ReadAction","target":["https:\/\/informelitoral.com.ar\/primeros-nacimientos-del-2025-en-entre-rios-y-el-pais\/"]}]},{"@type":"ImageObject","inLanguage":"es","@id":"https:\/\/informelitoral.com.ar\/primeros-nacimientos-del-2025-en-entre-rios-y-el-pais\/#primaryimage","url":"https:\/\/informelitoral.com.ar\/%77%70%2d%63%6f%6e%74%65%6e%74\/uploads\/2024\/09\/hospital-materno-infantil-san-roque-parana-1.webp","contentUrl":"https:\/\/informelitoral.com.ar\/%77%70%2d%63%6f%6e%74%65%6e%74\/uploads\/2024\/09\/hospital-materno-infantil-san-roque-parana-1.webp","width":696,"height":413},{"@type":"BreadcrumbList","@id":"https:\/\/informelitoral.com.ar\/primeros-nacimientos-del-2025-en-entre-rios-y-el-pais\/#breadcrumb","itemListElement":[{"@type":"ListItem","position":1,"name":"Portada","item":"https:\/\/informelitoral.com.ar\/"},{"@type":"ListItem","position":2,"name":"Primeros nacimientos del 2025 en Entre R\u00edos y el pa\u00eds"}]},{"@type":"WebSite","@id":"https:\/\/informelitoral.com.ar\/#website","url":"https:\/\/informelitoral.com.ar\/","name":"Informe Litoral","description":"&quot;Nos informamos&quot; ","publisher":{"@id":"https:\/\/informelitoral.com.ar\/#organization"},"potentialAction":[{"@type":"SearchAction","target":{"@type":"EntryPoint","urlTemplate":"https:\/\/informelitoral.com.ar\/?s={search_term_string}"},"query-input":{"@type":"PropertyValueSpecification","valueRequired":true,"valueName":"search_term_string"}}],"inLanguage":"es"},{"@type":"Organization","@id":"https:\/\/informelitoral.com.ar\/#organization","name":"Informe Litoral","url":"https:\/\/informelitoral.com.ar\/","logo":{"@type":"ImageObject","inLanguage":"es","@id":"https:\/\/informelitoral.com.ar\/#\/schema\/logo\/image\/","url":"https:\/\/informelitoral.com.ar\/%77%70%2d%63%6f%6e%74%65%6e%74\/uploads\/2021\/01\/circulo.png","contentUrl":"https:\/\/informelitoral.com.ar\/%77%70%2d%63%6f%6e%74%65%6e%74\/uploads\/2021\/01\/circulo.png","width":723,"height":731,"caption":"Informe Litoral"},"image":{"@id":"https:\/\/informelitoral.com.ar\/#\/schema\/logo\/image\/"},"sameAs":["https:\/\/www.facebook.com\/informelitoral\/","https:\/\/x.com\/InformeLitoral","https:\/\/www.instagram.com\/informelitoral\/","https:\/\/www.youtube.com\/channel\/UCua4Qvz8Icb6MYqhoq9xLXw"]},{"@type":"Person","@id":"https:\/\/informelitoral.com.ar\/#\/schema\/person\/b9d00407c836482871ef1d57bf8e3180","name":"Gonzalo Schmidt","image":{"@type":"ImageObject","inLanguage":"es","@id":"https:\/\/secure.gravatar.com\/avatar\/31a1a7b66ff2de83bd0e9fd79d026630d2d99e55e8bfe501287647b4fd9743de?s=96&d=mm&r=g","url":"https:\/\/secure.gravatar.com\/avatar\/31a1a7b66ff2de83bd0e9fd79d026630d2d99e55e8bfe501287647b4fd9743de?s=96&d=mm&r=g","contentUrl":"https:\/\/secure.gravatar.com\/avatar\/31a1a7b66ff2de83bd0e9fd79d026630d2d99e55e8bfe501287647b4fd9743de?s=96&d=mm&r=g","caption":"Gonzalo Schmidt"},"description":"Sitio web de noticias de la provincia de Entre R\u00edos, Argentina. Informaci\u00f3n y entretenimiento. Informe Litoral, nos informamos.","sameAs":["http:\/\/www.isletasnoticias.com.ar"],"url":"https:\/\/informelitoral.com.ar\/author\/gonzalo\/"}]}},"_links":{"self":[{"href":"https:\/\/informelitoral.com.ar\/%77%70%2d%6a%73%6f%6e\/wp\/v2\/posts\/208235","targetHints":{"allow":["GET"]}}],"collection":[{"href":"https:\/\/informelitoral.com.ar\/%77%70%2d%6a%73%6f%6e\/wp\/v2\/posts"}],"about":[{"href":"https:\/\/informelitoral.com.ar\/%77%70%2d%6a%73%6f%6e\/wp\/v2\/types\/post"}],"author":[{"embeddable":true,"href":"https:\/\/informelitoral.com.ar\/%77%70%2d%6a%73%6f%6e\/wp\/v2\/users\/2"}],"replies":[{"embeddable":true,"href":"https:\/\/informelitoral.com.ar\/%77%70%2d%6a%73%6f%6e\/wp\/v2\/comments?post=208235"}],"version-history":[{"count":0,"href":"https:\/\/informelitoral.com.ar\/%77%70%2d%6a%73%6f%6e\/wp\/v2\/posts\/208235\/revisions"}],"wp:featuredmedia":[{"embeddable":true,"href":"https:\/\/informelitoral.com.ar\/%77%70%2d%6a%73%6f%6e\/wp\/v2\/media\/198432"}],"wp:attachment":[{"href":"https:\/\/informelitoral.com.ar\/%77%70%2d%6a%73%6f%6e\/wp\/v2\/media?parent=208235"}],"wp:term":[{"taxonomy":"category","embeddable":true,"href":"https:\/\/informelitoral.com.ar\/%77%70%2d%6a%73%6f%6e\/wp\/v2\/categories?post=208235"},{"taxonomy":"post_tag","embeddable":true,"href":"https:\/\/informelitoral.com.ar\/%77%70%2d%6a%73%6f%6e\/wp\/v2\/tags?post=208235"}],"curies":[{"name":"wp","href":"https:\/\/api.w.org\/{rel}","templated":true}]}}