{"id":207886,"date":"2024-12-27T08:39:59","date_gmt":"2024-12-27T11:39:59","guid":{"rendered":"https:\/\/www.informelitoral.com.ar\/?p=207886"},"modified":"2024-12-27T08:39:59","modified_gmt":"2024-12-27T11:39:59","slug":"el-gobierno-aumento-las-asignaciones-familiares-cuanto-cobraran-en-enero-de-2025","status":"publish","type":"post","link":"https:\/\/informelitoral.com.ar\/el-gobierno-aumento-las-asignaciones-familiares-cuanto-cobraran-en-enero-de-2025\/","title":{"rendered":"El gobierno aumento las asignaciones familiares: cu\u00e1nto cobrar\u00e1n en enero de 2025"},"content":{"rendered":"<p>La<strong> Administraci\u00f3n Nacional de la Seguridad Social (Anses)<\/strong> confirm\u00f3 este viernes un incremento del 2,43% en los montos correspondientes a enero de 2025 para la<strong> Asignaci\u00f3n Universal por Hijo (AUH)<\/strong>, la<strong> Asignaci\u00f3n Universal por Embarazo (AUE)<\/strong> y todas las <strong>Asignaciones Familiares incluidas en el Sistema \u00danico de Asignaciones Familiares (SUAF)<\/strong>.<\/p>\n<p>Lo hizo a trav\u00e9s de la Resoluci\u00f3n 1239\/2024 publicada este viernes en el Bolet\u00edn Oficial, y en l\u00ednea con el porcentaje derivado del \u00cdndice de<strong> Precios al Consumidor<\/strong> (IPC) de noviembre calculado por el <strong>Instituto Nacional de Estad\u00edstica y Censos<\/strong> (INDEC), este aumento tambi\u00e9n ajustar\u00e1 los l\u00edmites m\u00e1ximos de ingresos necesarios para acceder a dichos beneficios.<\/p>\n<p>\u201cSe establece un incremento del 2,43% para los l\u00edmites de ingresos y los montos de las asignaciones familiares, con excepci\u00f3n de la asignaci\u00f3n por c\u00f3nyuge (inciso e) del art\u00edculo 6\u00b0 de la Ley N\u00b0 24.714)\u201d, consigna el texto oficial.<\/p>\n<p>Y agrega \u201cEl incremento de los l\u00edmites y rangos de ingresos del grupo familiar y de los montos de las asignaciones familiares previstas en la Ley N\u00b024.714, sus normas complementarias y modificatorias, ser\u00e1 equivalente a DOS CON CUARENTA Y TRES CENT\u00c9SIMOS POR CIENTO (2,43%), que se aplicar\u00e1 sobre los l\u00edmites, rangos y montos establecidos\u201d, detall\u00f3 ANSES en el art\u00edculo 1\u00b0 de la normativa publicada en el Bolet\u00edn Oficial (BORA)\u201d.<\/p>\n<p>\u00bfQu\u00e9 Asignaciones Familiares de ANSES aumentar\u00e1n en enero de 2025?<br \/>\nA partir de enero de 2025, las Asignaciones Familiares del sistema SUAF (Sistema \u00danico de Asignaciones Familiares) experimentar\u00e1n ajustes conforme a la variaci\u00f3n mensual del \u00cdndice de Precios al Consumidor (IPC) reportado por el INDEC dos meses antes, seg\u00fan lo dispuesto en el Decreto 194\/2024. Este mecanismo incluye tanto la movilidad de los montos de las asignaciones como los topes de ingresos m\u00e1ximos necesarios para acceder a ellas.<\/p>\n<h2><strong>Las asignaciones afectadas por este ajuste son:<\/strong><\/h2>\n<ul>\n<li>Asignaci\u00f3n por Hijo.<\/li>\n<li>Asignaci\u00f3n por Hijo con Discapacidad.<\/li>\n<li>Asignaci\u00f3n Prenatal.<\/li>\n<li>Ayuda Escolar Anual para la educaci\u00f3n inicial, general b\u00e1sica y polimodal.<\/li>\n<li>Asignaci\u00f3n por Nacimiento.<\/li>\n<li>Asignaci\u00f3n por Adopci\u00f3n.<\/li>\n<li>Asignaci\u00f3n por Matrimonio.<\/li>\n<li>Asignaci\u00f3n Universal por Hijo (AUH).<\/li>\n<li>Asignaci\u00f3n por Embarazo para Protecci\u00f3n Social (AUE).<\/li>\n<li>Asignaci\u00f3n por Cuidado de Salud Integral (Inciso k).<\/li>\n<li>Nuevos techos de ingresos para enero 2025<\/li>\n<\/ul>\n<p>El acceso a las Asignaciones Familiares estar\u00e1 condicionado por el Ingreso del Grupo Familiar (IGF), que considera la suma de:<\/p>\n<ul>\n<li>Las remuneraciones brutas y las sumas no remunerativas declaradas por el empleador mediante el formulario 931 presentado ante la Agencia de Recaudaci\u00f3n y Control Aduanero (ARCA), excluyendo las horas extras, plus por zona desfavorable y aguinaldo.<\/li>\n<li>La Asignaci\u00f3n Familiar por Maternidad \/ Maternidad Down, en caso de corresponder.<\/li>\n<li>Las rentas de referencia aplicables a trabajadores aut\u00f3nomos, monotributistas y servicio dom\u00e9stico.<\/li>\n<li>Haberes por jubilaciones y pensiones.<\/li>\n<li>Monto de la Prestaci\u00f3n por Desempleo.<\/li>\n<li>Planes sociales.<\/li>\n<li>Prestaciones contributivas y no contributivas de cualquier tipo.<\/li>\n<\/ul>\n<h2><strong>A partir de enero de 2025, se aplicar\u00e1n los siguientes topes de ingresos:<\/strong><\/h2>\n<ul>\n<li>Ingreso m\u00e1ximo del Grupo Familiar: $3.917.492.<\/li>\n<li>Ingreso m\u00e1ximo por integrante del Grupo Familiar: $1.958.746.<\/li>\n<\/ul>\n<p>Estos valores permitir\u00e1n determinar tanto la elegibilidad como el monto de las asignaciones familiares percibidas por cada beneficiario.<\/p>\n<h2><strong>Pr\u00f3rroga para la Presentaci\u00f3n de la Libreta de la AUH<\/strong><\/h2>\n<p>Asimismo, la ANSES prorrog\u00f3 hasta el 31 de marzo de 2025 el plazo para presentar la Libreta Nacional de Seguridad Social, Salud y Educaci\u00f3n correspondiente al ciclo lectivo 2024. Esta libreta es un requisito para que los beneficiarios de la Asignaci\u00f3n Universal por Hijo (AUH) cobren el 20% retenido durante el a\u00f1o 2023. Originalmente, el plazo venc\u00eda el 30 de diciembre de 2024.<\/p>\n<p>Cabe recordar que la falta de presentaci\u00f3n de la Libreta implica la p\u00e9rdida del derecho a cobrar el 20% del complemento acumulado de la AUH. Por ello, <strong>\u201cSe prorroga hasta el 31 de marzo de 2025 la presentaci\u00f3n de la Libreta correspondiente al ciclo lectivo 2024 para el cobro del 20% retenido en 2023\u2033<\/strong>.<\/p>\n<p>Por \u00faltimo, recuerda que la ANSES decide prorrogar el plazo debido a que una cantidad significativa de beneficiarios no ha presentado la Libreta. \u201cLa pr\u00f3rroga busca garantizar la protecci\u00f3n integral de los derechos de los ni\u00f1os y adolescentes y asegurar que reciban la asignaci\u00f3n\u201d, concluye el texto oficial.<\/p>\n","protected":false},"excerpt":{"rendered":"<p>Lo hizo a trav\u00e9s de la Resoluci\u00f3n 1239\/2024 publicada este viernes en el Bolet\u00edn Oficial, y en l\u00ednea con el porcentaje derivado del \u00cdndice de Precios al Consumidor (IPC) de noviembre.<\/p>\n","protected":false},"author":8,"featured_media":24481,"comment_status":"open","ping_status":"open","sticky":false,"template":"","format":"standard","meta":{"fifu_image_url":"","fifu_image_alt":"","footnotes":""},"categories":[1594],"tags":[269,3259,172],"class_list":{"0":"post-207886","1":"post","2":"type-post","3":"status-publish","4":"format-standard","5":"has-post-thumbnail","7":"category-economia","8":"tag-anses","9":"tag-asignaciones-familiares","10":"tag-aumento"},"yoast_head":"<title>El gobierno aumento las asignaciones familiares: cu\u00e1nto cobrar\u00e1n en enero de 2025 - Informe Litoral<\/title>\n<meta name=\"robots\" content=\"index, follow, max-snippet:-1, max-image-preview:large, max-video-preview:-1\" \/>\n<link rel=\"canonical\" href=\"https:\/\/informelitoral.com.ar\/el-gobierno-aumento-las-asignaciones-familiares-cuanto-cobraran-en-enero-de-2025\/\" \/>\n<meta property=\"og:locale\" content=\"es_ES\" \/>\n<meta property=\"og:type\" content=\"article\" \/>\n<meta property=\"og:title\" content=\"El gobierno aumento las asignaciones familiares: cu\u00e1nto cobrar\u00e1n en enero de 2025 - Informe Litoral\" \/>\n<meta property=\"og:description\" content=\"Lo hizo a trav\u00e9s de la Resoluci\u00f3n 1239\/2024 publicada este viernes en el Bolet\u00edn Oficial, y en l\u00ednea con el porcentaje derivado del \u00cdndice de Precios al Consumidor (IPC) de noviembre.\" \/>\n<meta property=\"og:url\" content=\"https:\/\/informelitoral.com.ar\/el-gobierno-aumento-las-asignaciones-familiares-cuanto-cobraran-en-enero-de-2025\/\" \/>\n<meta property=\"og:site_name\" content=\"Informe Litoral\" \/>\n<meta property=\"article:publisher\" content=\"https:\/\/www.facebook.com\/informelitoral\/\" \/>\n<meta property=\"article:published_time\" content=\"2024-12-27T11:39:59+00:00\" \/>\n<meta property=\"og:image\" content=\"https:\/\/informelitoral.com.ar\/%77%70%2d%63%6f%6e%74%65%6e%74\/uploads\/2018\/01\/anses_39_0_0.jpg\" \/>\n\t<meta property=\"og:image:width\" content=\"1020\" \/>\n\t<meta property=\"og:image:height\" content=\"560\" \/>\n\t<meta property=\"og:image:type\" content=\"image\/jpeg\" \/>\n<meta name=\"author\" content=\"Sebastian\" \/>\n<meta name=\"twitter:card\" content=\"summary_large_image\" \/>\n<meta name=\"twitter:creator\" content=\"@InformeLitoral\" \/>\n<meta name=\"twitter:site\" content=\"@InformeLitoral\" \/>\n<meta name=\"twitter:label1\" content=\"Escrito por\" \/>\n\t<meta name=\"twitter:data1\" content=\"Sebastian\" \/>\n\t<meta name=\"twitter:label2\" content=\"Tiempo de lectura\" \/>\n\t<meta name=\"twitter:data2\" content=\"4 minutos\" \/>\n<script type=\"application\/ld+json\" class=\"yoast-schema-graph\">{\"@context\":\"https:\\\/\\\/schema.org\",\"@graph\":[{\"@type\":\"Article\",\"@id\":\"https:\\\/\\\/informelitoral.com.ar\\\/el-gobierno-aumento-las-asignaciones-familiares-cuanto-cobraran-en-enero-de-2025\\\/#article\",\"isPartOf\":{\"@id\":\"https:\\\/\\\/informelitoral.com.ar\\\/el-gobierno-aumento-las-asignaciones-familiares-cuanto-cobraran-en-enero-de-2025\\\/\"},\"author\":{\"name\":\"Sebastian\",\"@id\":\"https:\\\/\\\/informelitoral.com.ar\\\/#\\\/schema\\\/person\\\/f05f9f461677119578717524b127d6d5\"},\"headline\":\"El gobierno aumento las asignaciones familiares: cu\u00e1nto cobrar\u00e1n en enero de 2025\",\"datePublished\":\"2024-12-27T11:39:59+00:00\",\"mainEntityOfPage\":{\"@id\":\"https:\\\/\\\/informelitoral.com.ar\\\/el-gobierno-aumento-las-asignaciones-familiares-cuanto-cobraran-en-enero-de-2025\\\/\"},\"wordCount\":721,\"commentCount\":0,\"publisher\":{\"@id\":\"https:\\\/\\\/informelitoral.com.ar\\\/#organization\"},\"image\":{\"@id\":\"https:\\\/\\\/informelitoral.com.ar\\\/el-gobierno-aumento-las-asignaciones-familiares-cuanto-cobraran-en-enero-de-2025\\\/#primaryimage\"},\"thumbnailUrl\":\"https:\\\/\\\/informelitoral.com.ar\\\/%77%70%2d%63%6f%6e%74%65%6e%74\\\/uploads\\\/2018\\\/01\\\/anses_39_0_0.jpg\",\"keywords\":[\"Anses\",\"Asignaciones familiares\",\"Aumento\"],\"articleSection\":[\"Econom\u00eda\"],\"inLanguage\":\"es\",\"potentialAction\":[{\"@type\":\"CommentAction\",\"name\":\"Comment\",\"target\":[\"https:\\\/\\\/informelitoral.com.ar\\\/el-gobierno-aumento-las-asignaciones-familiares-cuanto-cobraran-en-enero-de-2025\\\/#respond\"]}]},{\"@type\":\"WebPage\",\"@id\":\"https:\\\/\\\/informelitoral.com.ar\\\/el-gobierno-aumento-las-asignaciones-familiares-cuanto-cobraran-en-enero-de-2025\\\/\",\"url\":\"https:\\\/\\\/informelitoral.com.ar\\\/el-gobierno-aumento-las-asignaciones-familiares-cuanto-cobraran-en-enero-de-2025\\\/\",\"name\":\"El gobierno aumento las asignaciones familiares: cu\u00e1nto cobrar\u00e1n en enero de 2025 - Informe Litoral\",\"isPartOf\":{\"@id\":\"https:\\\/\\\/informelitoral.com.ar\\\/#website\"},\"primaryImageOfPage\":{\"@id\":\"https:\\\/\\\/informelitoral.com.ar\\\/el-gobierno-aumento-las-asignaciones-familiares-cuanto-cobraran-en-enero-de-2025\\\/#primaryimage\"},\"image\":{\"@id\":\"https:\\\/\\\/informelitoral.com.ar\\\/el-gobierno-aumento-las-asignaciones-familiares-cuanto-cobraran-en-enero-de-2025\\\/#primaryimage\"},\"thumbnailUrl\":\"https:\\\/\\\/informelitoral.com.ar\\\/%77%70%2d%63%6f%6e%74%65%6e%74\\\/uploads\\\/2018\\\/01\\\/anses_39_0_0.jpg\",\"datePublished\":\"2024-12-27T11:39:59+00:00\",\"breadcrumb\":{\"@id\":\"https:\\\/\\\/informelitoral.com.ar\\\/el-gobierno-aumento-las-asignaciones-familiares-cuanto-cobraran-en-enero-de-2025\\\/#breadcrumb\"},\"inLanguage\":\"es\",\"potentialAction\":[{\"@type\":\"ReadAction\",\"target\":[\"https:\\\/\\\/informelitoral.com.ar\\\/el-gobierno-aumento-las-asignaciones-familiares-cuanto-cobraran-en-enero-de-2025\\\/\"]}]},{\"@type\":\"ImageObject\",\"inLanguage\":\"es\",\"@id\":\"https:\\\/\\\/informelitoral.com.ar\\\/el-gobierno-aumento-las-asignaciones-familiares-cuanto-cobraran-en-enero-de-2025\\\/#primaryimage\",\"url\":\"https:\\\/\\\/informelitoral.com.ar\\\/%77%70%2d%63%6f%6e%74%65%6e%74\\\/uploads\\\/2018\\\/01\\\/anses_39_0_0.jpg\",\"contentUrl\":\"https:\\\/\\\/informelitoral.com.ar\\\/%77%70%2d%63%6f%6e%74%65%6e%74\\\/uploads\\\/2018\\\/01\\\/anses_39_0_0.jpg\",\"width\":1020,\"height\":560},{\"@type\":\"BreadcrumbList\",\"@id\":\"https:\\\/\\\/informelitoral.com.ar\\\/el-gobierno-aumento-las-asignaciones-familiares-cuanto-cobraran-en-enero-de-2025\\\/#breadcrumb\",\"itemListElement\":[{\"@type\":\"ListItem\",\"position\":1,\"name\":\"Portada\",\"item\":\"https:\\\/\\\/informelitoral.com.ar\\\/\"},{\"@type\":\"ListItem\",\"position\":2,\"name\":\"El gobierno aumento las asignaciones familiares: cu\u00e1nto cobrar\u00e1n en enero de 2025\"}]},{\"@type\":\"WebSite\",\"@id\":\"https:\\\/\\\/informelitoral.com.ar\\\/#website\",\"url\":\"https:\\\/\\\/informelitoral.com.ar\\\/\",\"name\":\"Informe Litoral\",\"description\":\"&quot;Nos informamos&quot; \",\"publisher\":{\"@id\":\"https:\\\/\\\/informelitoral.com.ar\\\/#organization\"},\"potentialAction\":[{\"@type\":\"SearchAction\",\"target\":{\"@type\":\"EntryPoint\",\"urlTemplate\":\"https:\\\/\\\/informelitoral.com.ar\\\/?s={search_term_string}\"},\"query-input\":{\"@type\":\"PropertyValueSpecification\",\"valueRequired\":true,\"valueName\":\"search_term_string\"}}],\"inLanguage\":\"es\"},{\"@type\":\"Organization\",\"@id\":\"https:\\\/\\\/informelitoral.com.ar\\\/#organization\",\"name\":\"Informe Litoral\",\"url\":\"https:\\\/\\\/informelitoral.com.ar\\\/\",\"logo\":{\"@type\":\"ImageObject\",\"inLanguage\":\"es\",\"@id\":\"https:\\\/\\\/informelitoral.com.ar\\\/#\\\/schema\\\/logo\\\/image\\\/\",\"url\":\"https:\\\/\\\/informelitoral.com.ar\\\/%77%70%2d%63%6f%6e%74%65%6e%74\\\/uploads\\\/2021\\\/01\\\/circulo.png\",\"contentUrl\":\"https:\\\/\\\/informelitoral.com.ar\\\/%77%70%2d%63%6f%6e%74%65%6e%74\\\/uploads\\\/2021\\\/01\\\/circulo.png\",\"width\":723,\"height\":731,\"caption\":\"Informe Litoral\"},\"image\":{\"@id\":\"https:\\\/\\\/informelitoral.com.ar\\\/#\\\/schema\\\/logo\\\/image\\\/\"},\"sameAs\":[\"https:\\\/\\\/www.facebook.com\\\/informelitoral\\\/\",\"https:\\\/\\\/x.com\\\/InformeLitoral\",\"https:\\\/\\\/www.instagram.com\\\/informelitoral\\\/\",\"https:\\\/\\\/www.youtube.com\\\/channel\\\/UCua4Qvz8Icb6MYqhoq9xLXw\"]},{\"@type\":\"Person\",\"@id\":\"https:\\\/\\\/informelitoral.com.ar\\\/#\\\/schema\\\/person\\\/f05f9f461677119578717524b127d6d5\",\"name\":\"Sebastian\",\"image\":{\"@type\":\"ImageObject\",\"inLanguage\":\"es\",\"@id\":\"https:\\\/\\\/secure.gravatar.com\\\/avatar\\\/b71bf7481d447dfb9583c7f2798e7cc64de6efb9067b74633ed8c31059a3bd82?s=96&d=mm&r=g\",\"url\":\"https:\\\/\\\/secure.gravatar.com\\\/avatar\\\/b71bf7481d447dfb9583c7f2798e7cc64de6efb9067b74633ed8c31059a3bd82?s=96&d=mm&r=g\",\"contentUrl\":\"https:\\\/\\\/secure.gravatar.com\\\/avatar\\\/b71bf7481d447dfb9583c7f2798e7cc64de6efb9067b74633ed8c31059a3bd82?s=96&d=mm&r=g\",\"caption\":\"Sebastian\"},\"url\":\"https:\\\/\\\/informelitoral.com.ar\\\/author\\\/sebastian\\\/\"}]}<\/script>","yoast_head_json":{"title":"El gobierno aumento las asignaciones familiares: cu\u00e1nto cobrar\u00e1n en enero de 2025 - Informe Litoral","robots":{"index":"index","follow":"follow","max-snippet":"max-snippet:-1","max-image-preview":"max-image-preview:large","max-video-preview":"max-video-preview:-1"},"canonical":"https:\/\/informelitoral.com.ar\/el-gobierno-aumento-las-asignaciones-familiares-cuanto-cobraran-en-enero-de-2025\/","og_locale":"es_ES","og_type":"article","og_title":"El gobierno aumento las asignaciones familiares: cu\u00e1nto cobrar\u00e1n en enero de 2025 - Informe Litoral","og_description":"Lo hizo a trav\u00e9s de la Resoluci\u00f3n 1239\/2024 publicada este viernes en el Bolet\u00edn Oficial, y en l\u00ednea con el porcentaje derivado del \u00cdndice de Precios al Consumidor (IPC) de noviembre.","og_url":"https:\/\/informelitoral.com.ar\/el-gobierno-aumento-las-asignaciones-familiares-cuanto-cobraran-en-enero-de-2025\/","og_site_name":"Informe Litoral","article_publisher":"https:\/\/www.facebook.com\/informelitoral\/","article_published_time":"2024-12-27T11:39:59+00:00","og_image":[{"width":1020,"height":560,"url":"https:\/\/informelitoral.com.ar\/%77%70%2d%63%6f%6e%74%65%6e%74\/uploads\/2018\/01\/anses_39_0_0.jpg","type":"image\/jpeg"}],"author":"Sebastian","twitter_card":"summary_large_image","twitter_creator":"@InformeLitoral","twitter_site":"@InformeLitoral","twitter_misc":{"Escrito por":"Sebastian","Tiempo de lectura":"4 minutos"},"schema":{"@context":"https:\/\/schema.org","@graph":[{"@type":"Article","@id":"https:\/\/informelitoral.com.ar\/el-gobierno-aumento-las-asignaciones-familiares-cuanto-cobraran-en-enero-de-2025\/#article","isPartOf":{"@id":"https:\/\/informelitoral.com.ar\/el-gobierno-aumento-las-asignaciones-familiares-cuanto-cobraran-en-enero-de-2025\/"},"author":{"name":"Sebastian","@id":"https:\/\/informelitoral.com.ar\/#\/schema\/person\/f05f9f461677119578717524b127d6d5"},"headline":"El gobierno aumento las asignaciones familiares: cu\u00e1nto cobrar\u00e1n en enero de 2025","datePublished":"2024-12-27T11:39:59+00:00","mainEntityOfPage":{"@id":"https:\/\/informelitoral.com.ar\/el-gobierno-aumento-las-asignaciones-familiares-cuanto-cobraran-en-enero-de-2025\/"},"wordCount":721,"commentCount":0,"publisher":{"@id":"https:\/\/informelitoral.com.ar\/#organization"},"image":{"@id":"https:\/\/informelitoral.com.ar\/el-gobierno-aumento-las-asignaciones-familiares-cuanto-cobraran-en-enero-de-2025\/#primaryimage"},"thumbnailUrl":"https:\/\/informelitoral.com.ar\/%77%70%2d%63%6f%6e%74%65%6e%74\/uploads\/2018\/01\/anses_39_0_0.jpg","keywords":["Anses","Asignaciones familiares","Aumento"],"articleSection":["Econom\u00eda"],"inLanguage":"es","potentialAction":[{"@type":"CommentAction","name":"Comment","target":["https:\/\/informelitoral.com.ar\/el-gobierno-aumento-las-asignaciones-familiares-cuanto-cobraran-en-enero-de-2025\/#respond"]}]},{"@type":"WebPage","@id":"https:\/\/informelitoral.com.ar\/el-gobierno-aumento-las-asignaciones-familiares-cuanto-cobraran-en-enero-de-2025\/","url":"https:\/\/informelitoral.com.ar\/el-gobierno-aumento-las-asignaciones-familiares-cuanto-cobraran-en-enero-de-2025\/","name":"El gobierno aumento las asignaciones familiares: cu\u00e1nto cobrar\u00e1n en enero de 2025 - Informe Litoral","isPartOf":{"@id":"https:\/\/informelitoral.com.ar\/#website"},"primaryImageOfPage":{"@id":"https:\/\/informelitoral.com.ar\/el-gobierno-aumento-las-asignaciones-familiares-cuanto-cobraran-en-enero-de-2025\/#primaryimage"},"image":{"@id":"https:\/\/informelitoral.com.ar\/el-gobierno-aumento-las-asignaciones-familiares-cuanto-cobraran-en-enero-de-2025\/#primaryimage"},"thumbnailUrl":"https:\/\/informelitoral.com.ar\/%77%70%2d%63%6f%6e%74%65%6e%74\/uploads\/2018\/01\/anses_39_0_0.jpg","datePublished":"2024-12-27T11:39:59+00:00","breadcrumb":{"@id":"https:\/\/informelitoral.com.ar\/el-gobierno-aumento-las-asignaciones-familiares-cuanto-cobraran-en-enero-de-2025\/#breadcrumb"},"inLanguage":"es","potentialAction":[{"@type":"ReadAction","target":["https:\/\/informelitoral.com.ar\/el-gobierno-aumento-las-asignaciones-familiares-cuanto-cobraran-en-enero-de-2025\/"]}]},{"@type":"ImageObject","inLanguage":"es","@id":"https:\/\/informelitoral.com.ar\/el-gobierno-aumento-las-asignaciones-familiares-cuanto-cobraran-en-enero-de-2025\/#primaryimage","url":"https:\/\/informelitoral.com.ar\/%77%70%2d%63%6f%6e%74%65%6e%74\/uploads\/2018\/01\/anses_39_0_0.jpg","contentUrl":"https:\/\/informelitoral.com.ar\/%77%70%2d%63%6f%6e%74%65%6e%74\/uploads\/2018\/01\/anses_39_0_0.jpg","width":1020,"height":560},{"@type":"BreadcrumbList","@id":"https:\/\/informelitoral.com.ar\/el-gobierno-aumento-las-asignaciones-familiares-cuanto-cobraran-en-enero-de-2025\/#breadcrumb","itemListElement":[{"@type":"ListItem","position":1,"name":"Portada","item":"https:\/\/informelitoral.com.ar\/"},{"@type":"ListItem","position":2,"name":"El gobierno aumento las asignaciones familiares: cu\u00e1nto cobrar\u00e1n en enero de 2025"}]},{"@type":"WebSite","@id":"https:\/\/informelitoral.com.ar\/#website","url":"https:\/\/informelitoral.com.ar\/","name":"Informe Litoral","description":"&quot;Nos informamos&quot; ","publisher":{"@id":"https:\/\/informelitoral.com.ar\/#organization"},"potentialAction":[{"@type":"SearchAction","target":{"@type":"EntryPoint","urlTemplate":"https:\/\/informelitoral.com.ar\/?s={search_term_string}"},"query-input":{"@type":"PropertyValueSpecification","valueRequired":true,"valueName":"search_term_string"}}],"inLanguage":"es"},{"@type":"Organization","@id":"https:\/\/informelitoral.com.ar\/#organization","name":"Informe Litoral","url":"https:\/\/informelitoral.com.ar\/","logo":{"@type":"ImageObject","inLanguage":"es","@id":"https:\/\/informelitoral.com.ar\/#\/schema\/logo\/image\/","url":"https:\/\/informelitoral.com.ar\/%77%70%2d%63%6f%6e%74%65%6e%74\/uploads\/2021\/01\/circulo.png","contentUrl":"https:\/\/informelitoral.com.ar\/%77%70%2d%63%6f%6e%74%65%6e%74\/uploads\/2021\/01\/circulo.png","width":723,"height":731,"caption":"Informe Litoral"},"image":{"@id":"https:\/\/informelitoral.com.ar\/#\/schema\/logo\/image\/"},"sameAs":["https:\/\/www.facebook.com\/informelitoral\/","https:\/\/x.com\/InformeLitoral","https:\/\/www.instagram.com\/informelitoral\/","https:\/\/www.youtube.com\/channel\/UCua4Qvz8Icb6MYqhoq9xLXw"]},{"@type":"Person","@id":"https:\/\/informelitoral.com.ar\/#\/schema\/person\/f05f9f461677119578717524b127d6d5","name":"Sebastian","image":{"@type":"ImageObject","inLanguage":"es","@id":"https:\/\/secure.gravatar.com\/avatar\/b71bf7481d447dfb9583c7f2798e7cc64de6efb9067b74633ed8c31059a3bd82?s=96&d=mm&r=g","url":"https:\/\/secure.gravatar.com\/avatar\/b71bf7481d447dfb9583c7f2798e7cc64de6efb9067b74633ed8c31059a3bd82?s=96&d=mm&r=g","contentUrl":"https:\/\/secure.gravatar.com\/avatar\/b71bf7481d447dfb9583c7f2798e7cc64de6efb9067b74633ed8c31059a3bd82?s=96&d=mm&r=g","caption":"Sebastian"},"url":"https:\/\/informelitoral.com.ar\/author\/sebastian\/"}]}},"_links":{"self":[{"href":"https:\/\/informelitoral.com.ar\/%77%70%2d%6a%73%6f%6e\/wp\/v2\/posts\/207886","targetHints":{"allow":["GET"]}}],"collection":[{"href":"https:\/\/informelitoral.com.ar\/%77%70%2d%6a%73%6f%6e\/wp\/v2\/posts"}],"about":[{"href":"https:\/\/informelitoral.com.ar\/%77%70%2d%6a%73%6f%6e\/wp\/v2\/types\/post"}],"author":[{"embeddable":true,"href":"https:\/\/informelitoral.com.ar\/%77%70%2d%6a%73%6f%6e\/wp\/v2\/users\/8"}],"replies":[{"embeddable":true,"href":"https:\/\/informelitoral.com.ar\/%77%70%2d%6a%73%6f%6e\/wp\/v2\/comments?post=207886"}],"version-history":[{"count":0,"href":"https:\/\/informelitoral.com.ar\/%77%70%2d%6a%73%6f%6e\/wp\/v2\/posts\/207886\/revisions"}],"wp:featuredmedia":[{"embeddable":true,"href":"https:\/\/informelitoral.com.ar\/%77%70%2d%6a%73%6f%6e\/wp\/v2\/media\/24481"}],"wp:attachment":[{"href":"https:\/\/informelitoral.com.ar\/%77%70%2d%6a%73%6f%6e\/wp\/v2\/media?parent=207886"}],"wp:term":[{"taxonomy":"category","embeddable":true,"href":"https:\/\/informelitoral.com.ar\/%77%70%2d%6a%73%6f%6e\/wp\/v2\/categories?post=207886"},{"taxonomy":"post_tag","embeddable":true,"href":"https:\/\/informelitoral.com.ar\/%77%70%2d%6a%73%6f%6e\/wp\/v2\/tags?post=207886"}],"curies":[{"name":"wp","href":"https:\/\/api.w.org\/{rel}","templated":true}]}}