{"id":207695,"date":"2024-12-26T07:39:49","date_gmt":"2024-12-26T10:39:49","guid":{"rendered":"https:\/\/www.informelitoral.com.ar\/?p=207695"},"modified":"2024-12-26T07:42:34","modified_gmt":"2024-12-26T10:42:34","slug":"el-gobierno-nacional-confirmo-el-hackeo-de-mi-argentina","status":"publish","type":"post","link":"https:\/\/informelitoral.com.ar\/el-gobierno-nacional-confirmo-el-hackeo-de-mi-argentina\/","title":{"rendered":"El Gobierno nacional confirm\u00f3 el hackeo de Mi Argentina"},"content":{"rendered":"<p>El Gobierno confirm\u00f3 el hackeo de <strong>Mi Argentina<\/strong> y de la aplicaci\u00f3n <strong>SUBE<\/strong> del mi\u00e9rcoles por la noche, donde se dejaron mensajes en contra de<strong> Javier Milei<\/strong>. El Ejecutivo cuestion\u00f3 la falta de inversi\u00f3n en ciberseguridad y responsabiliz\u00f3 a las gestiones anteriores por el episodio.<\/p>\n<p><strong>La Secretar\u00eda de Innovaci\u00f3n, Ciencia y Tecnolog\u00eda<\/strong> detall\u00f3 que el hackeo al sitio web oficial del Gobierno ocurri\u00f3 a las 21.30 de este mi\u00e9rcoles. All\u00ed se modificaron los encabezados y los pies de p\u00e1gina, pero no el contenido informativo del portal.<\/p>\n<p>\u201cEl hackeo da cuenta del estado deplorable que dejaron los anteriores gobiernos a nuestros sistemas de gesti\u00f3n electr\u00f3nica, plataformas y aplicaciones\u201d, se\u00f1alaron en el comunicado publicado en la red social X (exTwitter).<\/p>\n<p>Durante una hora no se pudo acceder a determinada informaci\u00f3n ni concretar tr\u00e1mites tanto en Mi Argentina como en la aplicaci\u00f3n SUBE, donde se observaron desde videos hasta mensajes referidos a un nuevo hackeo e insultos contra el Presidente.<\/p>\n<p><a href=\"https:\/\/www.informelitoral.com.ar\/%77%70%2d%63%6f%6e%74%65%6e%74\/uploads\/2024\/12\/e_1735199920_86252.webp\"><img loading=\"lazy\" decoding=\"async\" class=\"alignnone size-full wp-image-207698\" src=\"https:\/\/www.informelitoral.com.ar\/%77%70%2d%63%6f%6e%74%65%6e%74\/uploads\/2024\/12\/e_1735199920_86252.webp\" alt=\"\" width=\"900\" height=\"1673\" srcset=\"https:\/\/informelitoral.com.ar\/%77%70%2d%63%6f%6e%74%65%6e%74\/uploads\/2024\/12\/e_1735199920_86252.webp 900w, https:\/\/informelitoral.com.ar\/%77%70%2d%63%6f%6e%74%65%6e%74\/uploads\/2024\/12\/e_1735199920_86252-161x300.webp 161w, https:\/\/informelitoral.com.ar\/%77%70%2d%63%6f%6e%74%65%6e%74\/uploads\/2024\/12\/e_1735199920_86252-551x1024.webp 551w, https:\/\/informelitoral.com.ar\/%77%70%2d%63%6f%6e%74%65%6e%74\/uploads\/2024\/12\/e_1735199920_86252-768x1428.webp 768w, https:\/\/informelitoral.com.ar\/%77%70%2d%63%6f%6e%74%65%6e%74\/uploads\/2024\/12\/e_1735199920_86252-826x1536.webp 826w, https:\/\/informelitoral.com.ar\/%77%70%2d%63%6f%6e%74%65%6e%74\/uploads\/2024\/12\/e_1735199920_86252-226x420.webp 226w, https:\/\/informelitoral.com.ar\/%77%70%2d%63%6f%6e%74%65%6e%74\/uploads\/2024\/12\/e_1735199920_86252-696x1294.webp 696w\" sizes=\"auto, (max-width: 900px) 100vw, 900px\" \/><\/a><\/p>\n<p>La cartera que encabeza Dar\u00edo Leandro Genua advirti\u00f3 que este nuevo hackeo \u201ces un firme recordatorio de la necesidad urgente de inversi\u00f3n para fortalecer la infraestructura y la seguridad inform\u00e1tica\u201d. Se trata del segundo ciberataque en lo que va del a\u00f1o.<\/p>\n<p>El comunicado de la Secretar\u00eda responsabiliz\u00f3 al Congreso por la falta de inversi\u00f3n en ciberseguridad: \u201cDicha inversi\u00f3n no pudo ser concretada por este Gobierno, contemplada en el DNU 656\/2024, por culpa de un grupo de diputados y senadores del Congreso de la Naci\u00f3n que optaron por jugar a la alta pol\u00edtica en vez de garantizar los fondos destinados a la lucha contra estos delitos\u201d.<\/p>\n<p>\u201cEstamos trabajando para dar soluci\u00f3n a este incidente y ya logramos que los sitios funcionen nuevamente con normalidad, pero reiteramos la necesidad de invertir en Ciberseguridad\u201d, cerraron en el comunicado publicado a las 2 de la madrugada de este jueves.<\/p>\n<p>Desde el Gobierno no detallaron si hubo filtraci\u00f3n de datos durante el hackeo del mi\u00e9rcoles por la noche, algo que suele ocurrir con frecuencia en los ciberataques contra organismos del Estado.<\/p>\n<p>Los ciberdelincuentes identificados como \u201ch4xx0r1337 $gov.eth\u201d dejaron mensajes en torno burlesco indicando \u201creally? hacked again!?\u201d (\u00bfde verdad? \u00bfhackeado de nuevo?). Adem\u00e1s, en el pie de p\u00e1gina del portal incluyeron un mensaje en contra del mandatario al publicar \u201cfuck Milei\u201d.<\/p>\n<h6><em><strong>Te puede interesar:\u00a0<a href=\"https:\/\/www.informelitoral.com.ar\/el-gobierno-presentara-un-proyecto-para-eliminar-de-forma-definitiva-las-paso\/\" target=\"_blank\" rel=\"noopener\">El Gobierno presentar\u00e1 un proyecto para eliminar de forma definitiva las elecciones PASO<\/a><\/strong><\/em><\/h6>\n<p>El pseud\u00f3nimo \u201cgov.eth\u201d refiere a un hacker conocido en el \u00e1mbito de la ciberseguridad y hacktivismo debido a su historial de infiltraciones. El ciberdelincuente es reconocido no solo por generar una vulnerabilidad en los sistemas de instituciones p\u00fablicas y privadas, sino que expone las fallas estructurales de seguridad inform\u00e1tica y suele dejar mensajes pol\u00edticos y sociales.<\/p>\n<p>En esta oportunidad, us\u00f3 el portal de Mi Argentina para sumar otro mensaje sobre la reincidencia del hackeo y cuestionar las medidas implementadas. \u201cReNaPer, MiArgentina, Polic\u00eda de la Ciudad and now this? lol\u201d, expres\u00f3 el responsable del hackeo.<\/p>\n<p>De esa manera, el responsable del hackeo expuso la fragilidad del sistema inform\u00e1tico del gobierno e incluso lo mostr\u00f3 a trav\u00e9s de su presunto perfil en Instagram. All\u00ed comparti\u00f3 un video donde mostr\u00f3 los sitios que hab\u00edan sido modificados junto a la frase \u201cFeliz navidad al gobierno\u201d. Adem\u00e1s, en su perfil se observan videos del 2021, 2022 y 2023 donde personalidades como Duki y Bizarrap saludan al hacker y agradecen por escuchar su m\u00fasica.<\/p>\n<p>M\u00e1s all\u00e1 de los portales de Mi Argentina y la aplicaci\u00f3n SUBE, otro de los sitios que se vieron afectados fue la web oficial de Gendarmer\u00eda Nacional, donde al ingresar se observaba \u201cerror 503\u2033. Es decir, un c\u00f3digo de estado HTTP que indica que el servidor no est\u00e1 disponible temporalmente.<\/p>\n<h6><em><strong>Te puede interesar: <a href=\"https:\/\/www.informelitoral.com.ar\/proyectan-aumentos-en-exportaciones-agroindustriales-para-2025\/\" target=\"_blank\" rel=\"noopener\">Prepagas: prorrogan el plazo para aplicar los aumentos<\/a><\/strong><\/em><\/h6>\n","protected":false},"excerpt":{"rendered":"<p>La Secretar\u00eda de Innovaci\u00f3n, Ciencia y Tecnolog\u00eda responsabiliz\u00f3 a las gestiones anteriores por el hackeo del mi\u00e9rcoles a la noche.<\/p>\n","protected":false},"author":8,"featured_media":207696,"comment_status":"open","ping_status":"open","sticky":false,"template":"","format":"standard","meta":{"fifu_image_url":"","fifu_image_alt":"","footnotes":""},"categories":[7],"tags":[4172,5457],"class_list":{"0":"post-207695","1":"post","2":"type-post","3":"status-publish","4":"format-standard","5":"has-post-thumbnail","7":"category-nacionales","8":"tag-hackeo","9":"tag-mi-argentina"},"yoast_head":"<title>El Gobierno nacional confirm\u00f3 el hackeo de Mi Argentina - Informe Litoral<\/title>\n<meta name=\"robots\" content=\"index, follow, max-snippet:-1, max-image-preview:large, max-video-preview:-1\" \/>\n<link rel=\"canonical\" href=\"https:\/\/informelitoral.com.ar\/el-gobierno-nacional-confirmo-el-hackeo-de-mi-argentina\/\" \/>\n<meta property=\"og:locale\" content=\"es_ES\" \/>\n<meta property=\"og:type\" content=\"article\" \/>\n<meta property=\"og:title\" content=\"El Gobierno nacional confirm\u00f3 el hackeo de Mi Argentina - Informe Litoral\" \/>\n<meta property=\"og:description\" content=\"La Secretar\u00eda de Innovaci\u00f3n, Ciencia y Tecnolog\u00eda responsabiliz\u00f3 a las gestiones anteriores por el hackeo del mi\u00e9rcoles a la noche.\" \/>\n<meta property=\"og:url\" content=\"https:\/\/informelitoral.com.ar\/el-gobierno-nacional-confirmo-el-hackeo-de-mi-argentina\/\" \/>\n<meta property=\"og:site_name\" content=\"Informe Litoral\" \/>\n<meta property=\"article:publisher\" content=\"https:\/\/www.facebook.com\/informelitoral\/\" \/>\n<meta property=\"article:published_time\" content=\"2024-12-26T10:39:49+00:00\" \/>\n<meta property=\"article:modified_time\" content=\"2024-12-26T10:42:34+00:00\" \/>\n<meta property=\"og:image\" content=\"https:\/\/informelitoral.com.ar\/%77%70%2d%63%6f%6e%74%65%6e%74\/uploads\/2024\/12\/captura-hackeopng.webp\" \/>\n\t<meta property=\"og:image:width\" content=\"1200\" \/>\n\t<meta property=\"og:image:height\" content=\"675\" \/>\n\t<meta property=\"og:image:type\" content=\"image\/webp\" \/>\n<meta name=\"author\" content=\"Sebastian\" \/>\n<meta name=\"twitter:card\" content=\"summary_large_image\" \/>\n<meta name=\"twitter:creator\" content=\"@InformeLitoral\" \/>\n<meta name=\"twitter:site\" content=\"@InformeLitoral\" \/>\n<meta name=\"twitter:label1\" content=\"Escrito por\" \/>\n\t<meta name=\"twitter:data1\" content=\"Sebastian\" \/>\n\t<meta name=\"twitter:label2\" content=\"Tiempo de lectura\" \/>\n\t<meta name=\"twitter:data2\" content=\"3 minutos\" \/>\n<script type=\"application\/ld+json\" class=\"yoast-schema-graph\">{\"@context\":\"https:\\\/\\\/schema.org\",\"@graph\":[{\"@type\":\"Article\",\"@id\":\"https:\\\/\\\/informelitoral.com.ar\\\/el-gobierno-nacional-confirmo-el-hackeo-de-mi-argentina\\\/#article\",\"isPartOf\":{\"@id\":\"https:\\\/\\\/informelitoral.com.ar\\\/el-gobierno-nacional-confirmo-el-hackeo-de-mi-argentina\\\/\"},\"author\":{\"name\":\"Sebastian\",\"@id\":\"https:\\\/\\\/informelitoral.com.ar\\\/#\\\/schema\\\/person\\\/f05f9f461677119578717524b127d6d5\"},\"headline\":\"El Gobierno nacional confirm\u00f3 el hackeo de Mi Argentina\",\"datePublished\":\"2024-12-26T10:39:49+00:00\",\"dateModified\":\"2024-12-26T10:42:34+00:00\",\"mainEntityOfPage\":{\"@id\":\"https:\\\/\\\/informelitoral.com.ar\\\/el-gobierno-nacional-confirmo-el-hackeo-de-mi-argentina\\\/\"},\"wordCount\":665,\"commentCount\":0,\"publisher\":{\"@id\":\"https:\\\/\\\/informelitoral.com.ar\\\/#organization\"},\"image\":{\"@id\":\"https:\\\/\\\/informelitoral.com.ar\\\/el-gobierno-nacional-confirmo-el-hackeo-de-mi-argentina\\\/#primaryimage\"},\"thumbnailUrl\":\"https:\\\/\\\/informelitoral.com.ar\\\/%77%70%2d%63%6f%6e%74%65%6e%74\\\/uploads\\\/2024\\\/12\\\/captura-hackeopng.webp\",\"keywords\":[\"Hackeo\",\"Mi Argentina\"],\"articleSection\":[\"Nacionales\"],\"inLanguage\":\"es\",\"potentialAction\":[{\"@type\":\"CommentAction\",\"name\":\"Comment\",\"target\":[\"https:\\\/\\\/informelitoral.com.ar\\\/el-gobierno-nacional-confirmo-el-hackeo-de-mi-argentina\\\/#respond\"]}]},{\"@type\":\"WebPage\",\"@id\":\"https:\\\/\\\/informelitoral.com.ar\\\/el-gobierno-nacional-confirmo-el-hackeo-de-mi-argentina\\\/\",\"url\":\"https:\\\/\\\/informelitoral.com.ar\\\/el-gobierno-nacional-confirmo-el-hackeo-de-mi-argentina\\\/\",\"name\":\"El Gobierno nacional confirm\u00f3 el hackeo de Mi Argentina - Informe Litoral\",\"isPartOf\":{\"@id\":\"https:\\\/\\\/informelitoral.com.ar\\\/#website\"},\"primaryImageOfPage\":{\"@id\":\"https:\\\/\\\/informelitoral.com.ar\\\/el-gobierno-nacional-confirmo-el-hackeo-de-mi-argentina\\\/#primaryimage\"},\"image\":{\"@id\":\"https:\\\/\\\/informelitoral.com.ar\\\/el-gobierno-nacional-confirmo-el-hackeo-de-mi-argentina\\\/#primaryimage\"},\"thumbnailUrl\":\"https:\\\/\\\/informelitoral.com.ar\\\/%77%70%2d%63%6f%6e%74%65%6e%74\\\/uploads\\\/2024\\\/12\\\/captura-hackeopng.webp\",\"datePublished\":\"2024-12-26T10:39:49+00:00\",\"dateModified\":\"2024-12-26T10:42:34+00:00\",\"breadcrumb\":{\"@id\":\"https:\\\/\\\/informelitoral.com.ar\\\/el-gobierno-nacional-confirmo-el-hackeo-de-mi-argentina\\\/#breadcrumb\"},\"inLanguage\":\"es\",\"potentialAction\":[{\"@type\":\"ReadAction\",\"target\":[\"https:\\\/\\\/informelitoral.com.ar\\\/el-gobierno-nacional-confirmo-el-hackeo-de-mi-argentina\\\/\"]}]},{\"@type\":\"ImageObject\",\"inLanguage\":\"es\",\"@id\":\"https:\\\/\\\/informelitoral.com.ar\\\/el-gobierno-nacional-confirmo-el-hackeo-de-mi-argentina\\\/#primaryimage\",\"url\":\"https:\\\/\\\/informelitoral.com.ar\\\/%77%70%2d%63%6f%6e%74%65%6e%74\\\/uploads\\\/2024\\\/12\\\/captura-hackeopng.webp\",\"contentUrl\":\"https:\\\/\\\/informelitoral.com.ar\\\/%77%70%2d%63%6f%6e%74%65%6e%74\\\/uploads\\\/2024\\\/12\\\/captura-hackeopng.webp\",\"width\":1200,\"height\":675},{\"@type\":\"BreadcrumbList\",\"@id\":\"https:\\\/\\\/informelitoral.com.ar\\\/el-gobierno-nacional-confirmo-el-hackeo-de-mi-argentina\\\/#breadcrumb\",\"itemListElement\":[{\"@type\":\"ListItem\",\"position\":1,\"name\":\"Portada\",\"item\":\"https:\\\/\\\/informelitoral.com.ar\\\/\"},{\"@type\":\"ListItem\",\"position\":2,\"name\":\"El Gobierno nacional confirm\u00f3 el hackeo de Mi Argentina\"}]},{\"@type\":\"WebSite\",\"@id\":\"https:\\\/\\\/informelitoral.com.ar\\\/#website\",\"url\":\"https:\\\/\\\/informelitoral.com.ar\\\/\",\"name\":\"Informe Litoral\",\"description\":\"&quot;Nos informamos&quot; \",\"publisher\":{\"@id\":\"https:\\\/\\\/informelitoral.com.ar\\\/#organization\"},\"potentialAction\":[{\"@type\":\"SearchAction\",\"target\":{\"@type\":\"EntryPoint\",\"urlTemplate\":\"https:\\\/\\\/informelitoral.com.ar\\\/?s={search_term_string}\"},\"query-input\":{\"@type\":\"PropertyValueSpecification\",\"valueRequired\":true,\"valueName\":\"search_term_string\"}}],\"inLanguage\":\"es\"},{\"@type\":\"Organization\",\"@id\":\"https:\\\/\\\/informelitoral.com.ar\\\/#organization\",\"name\":\"Informe Litoral\",\"url\":\"https:\\\/\\\/informelitoral.com.ar\\\/\",\"logo\":{\"@type\":\"ImageObject\",\"inLanguage\":\"es\",\"@id\":\"https:\\\/\\\/informelitoral.com.ar\\\/#\\\/schema\\\/logo\\\/image\\\/\",\"url\":\"https:\\\/\\\/informelitoral.com.ar\\\/%77%70%2d%63%6f%6e%74%65%6e%74\\\/uploads\\\/2021\\\/01\\\/circulo.png\",\"contentUrl\":\"https:\\\/\\\/informelitoral.com.ar\\\/%77%70%2d%63%6f%6e%74%65%6e%74\\\/uploads\\\/2021\\\/01\\\/circulo.png\",\"width\":723,\"height\":731,\"caption\":\"Informe Litoral\"},\"image\":{\"@id\":\"https:\\\/\\\/informelitoral.com.ar\\\/#\\\/schema\\\/logo\\\/image\\\/\"},\"sameAs\":[\"https:\\\/\\\/www.facebook.com\\\/informelitoral\\\/\",\"https:\\\/\\\/x.com\\\/InformeLitoral\",\"https:\\\/\\\/www.instagram.com\\\/informelitoral\\\/\",\"https:\\\/\\\/www.youtube.com\\\/channel\\\/UCua4Qvz8Icb6MYqhoq9xLXw\"]},{\"@type\":\"Person\",\"@id\":\"https:\\\/\\\/informelitoral.com.ar\\\/#\\\/schema\\\/person\\\/f05f9f461677119578717524b127d6d5\",\"name\":\"Sebastian\",\"image\":{\"@type\":\"ImageObject\",\"inLanguage\":\"es\",\"@id\":\"https:\\\/\\\/secure.gravatar.com\\\/avatar\\\/b71bf7481d447dfb9583c7f2798e7cc64de6efb9067b74633ed8c31059a3bd82?s=96&d=mm&r=g\",\"url\":\"https:\\\/\\\/secure.gravatar.com\\\/avatar\\\/b71bf7481d447dfb9583c7f2798e7cc64de6efb9067b74633ed8c31059a3bd82?s=96&d=mm&r=g\",\"contentUrl\":\"https:\\\/\\\/secure.gravatar.com\\\/avatar\\\/b71bf7481d447dfb9583c7f2798e7cc64de6efb9067b74633ed8c31059a3bd82?s=96&d=mm&r=g\",\"caption\":\"Sebastian\"},\"url\":\"https:\\\/\\\/informelitoral.com.ar\\\/author\\\/sebastian\\\/\"}]}<\/script>","yoast_head_json":{"title":"El Gobierno nacional confirm\u00f3 el hackeo de Mi Argentina - Informe Litoral","robots":{"index":"index","follow":"follow","max-snippet":"max-snippet:-1","max-image-preview":"max-image-preview:large","max-video-preview":"max-video-preview:-1"},"canonical":"https:\/\/informelitoral.com.ar\/el-gobierno-nacional-confirmo-el-hackeo-de-mi-argentina\/","og_locale":"es_ES","og_type":"article","og_title":"El Gobierno nacional confirm\u00f3 el hackeo de Mi Argentina - Informe Litoral","og_description":"La Secretar\u00eda de Innovaci\u00f3n, Ciencia y Tecnolog\u00eda responsabiliz\u00f3 a las gestiones anteriores por el hackeo del mi\u00e9rcoles a la noche.","og_url":"https:\/\/informelitoral.com.ar\/el-gobierno-nacional-confirmo-el-hackeo-de-mi-argentina\/","og_site_name":"Informe Litoral","article_publisher":"https:\/\/www.facebook.com\/informelitoral\/","article_published_time":"2024-12-26T10:39:49+00:00","article_modified_time":"2024-12-26T10:42:34+00:00","og_image":[{"width":1200,"height":675,"url":"https:\/\/informelitoral.com.ar\/%77%70%2d%63%6f%6e%74%65%6e%74\/uploads\/2024\/12\/captura-hackeopng.webp","type":"image\/webp"}],"author":"Sebastian","twitter_card":"summary_large_image","twitter_creator":"@InformeLitoral","twitter_site":"@InformeLitoral","twitter_misc":{"Escrito por":"Sebastian","Tiempo de lectura":"3 minutos"},"schema":{"@context":"https:\/\/schema.org","@graph":[{"@type":"Article","@id":"https:\/\/informelitoral.com.ar\/el-gobierno-nacional-confirmo-el-hackeo-de-mi-argentina\/#article","isPartOf":{"@id":"https:\/\/informelitoral.com.ar\/el-gobierno-nacional-confirmo-el-hackeo-de-mi-argentina\/"},"author":{"name":"Sebastian","@id":"https:\/\/informelitoral.com.ar\/#\/schema\/person\/f05f9f461677119578717524b127d6d5"},"headline":"El Gobierno nacional confirm\u00f3 el hackeo de Mi Argentina","datePublished":"2024-12-26T10:39:49+00:00","dateModified":"2024-12-26T10:42:34+00:00","mainEntityOfPage":{"@id":"https:\/\/informelitoral.com.ar\/el-gobierno-nacional-confirmo-el-hackeo-de-mi-argentina\/"},"wordCount":665,"commentCount":0,"publisher":{"@id":"https:\/\/informelitoral.com.ar\/#organization"},"image":{"@id":"https:\/\/informelitoral.com.ar\/el-gobierno-nacional-confirmo-el-hackeo-de-mi-argentina\/#primaryimage"},"thumbnailUrl":"https:\/\/informelitoral.com.ar\/%77%70%2d%63%6f%6e%74%65%6e%74\/uploads\/2024\/12\/captura-hackeopng.webp","keywords":["Hackeo","Mi Argentina"],"articleSection":["Nacionales"],"inLanguage":"es","potentialAction":[{"@type":"CommentAction","name":"Comment","target":["https:\/\/informelitoral.com.ar\/el-gobierno-nacional-confirmo-el-hackeo-de-mi-argentina\/#respond"]}]},{"@type":"WebPage","@id":"https:\/\/informelitoral.com.ar\/el-gobierno-nacional-confirmo-el-hackeo-de-mi-argentina\/","url":"https:\/\/informelitoral.com.ar\/el-gobierno-nacional-confirmo-el-hackeo-de-mi-argentina\/","name":"El Gobierno nacional confirm\u00f3 el hackeo de Mi Argentina - Informe Litoral","isPartOf":{"@id":"https:\/\/informelitoral.com.ar\/#website"},"primaryImageOfPage":{"@id":"https:\/\/informelitoral.com.ar\/el-gobierno-nacional-confirmo-el-hackeo-de-mi-argentina\/#primaryimage"},"image":{"@id":"https:\/\/informelitoral.com.ar\/el-gobierno-nacional-confirmo-el-hackeo-de-mi-argentina\/#primaryimage"},"thumbnailUrl":"https:\/\/informelitoral.com.ar\/%77%70%2d%63%6f%6e%74%65%6e%74\/uploads\/2024\/12\/captura-hackeopng.webp","datePublished":"2024-12-26T10:39:49+00:00","dateModified":"2024-12-26T10:42:34+00:00","breadcrumb":{"@id":"https:\/\/informelitoral.com.ar\/el-gobierno-nacional-confirmo-el-hackeo-de-mi-argentina\/#breadcrumb"},"inLanguage":"es","potentialAction":[{"@type":"ReadAction","target":["https:\/\/informelitoral.com.ar\/el-gobierno-nacional-confirmo-el-hackeo-de-mi-argentina\/"]}]},{"@type":"ImageObject","inLanguage":"es","@id":"https:\/\/informelitoral.com.ar\/el-gobierno-nacional-confirmo-el-hackeo-de-mi-argentina\/#primaryimage","url":"https:\/\/informelitoral.com.ar\/%77%70%2d%63%6f%6e%74%65%6e%74\/uploads\/2024\/12\/captura-hackeopng.webp","contentUrl":"https:\/\/informelitoral.com.ar\/%77%70%2d%63%6f%6e%74%65%6e%74\/uploads\/2024\/12\/captura-hackeopng.webp","width":1200,"height":675},{"@type":"BreadcrumbList","@id":"https:\/\/informelitoral.com.ar\/el-gobierno-nacional-confirmo-el-hackeo-de-mi-argentina\/#breadcrumb","itemListElement":[{"@type":"ListItem","position":1,"name":"Portada","item":"https:\/\/informelitoral.com.ar\/"},{"@type":"ListItem","position":2,"name":"El Gobierno nacional confirm\u00f3 el hackeo de Mi Argentina"}]},{"@type":"WebSite","@id":"https:\/\/informelitoral.com.ar\/#website","url":"https:\/\/informelitoral.com.ar\/","name":"Informe Litoral","description":"&quot;Nos informamos&quot; ","publisher":{"@id":"https:\/\/informelitoral.com.ar\/#organization"},"potentialAction":[{"@type":"SearchAction","target":{"@type":"EntryPoint","urlTemplate":"https:\/\/informelitoral.com.ar\/?s={search_term_string}"},"query-input":{"@type":"PropertyValueSpecification","valueRequired":true,"valueName":"search_term_string"}}],"inLanguage":"es"},{"@type":"Organization","@id":"https:\/\/informelitoral.com.ar\/#organization","name":"Informe Litoral","url":"https:\/\/informelitoral.com.ar\/","logo":{"@type":"ImageObject","inLanguage":"es","@id":"https:\/\/informelitoral.com.ar\/#\/schema\/logo\/image\/","url":"https:\/\/informelitoral.com.ar\/%77%70%2d%63%6f%6e%74%65%6e%74\/uploads\/2021\/01\/circulo.png","contentUrl":"https:\/\/informelitoral.com.ar\/%77%70%2d%63%6f%6e%74%65%6e%74\/uploads\/2021\/01\/circulo.png","width":723,"height":731,"caption":"Informe Litoral"},"image":{"@id":"https:\/\/informelitoral.com.ar\/#\/schema\/logo\/image\/"},"sameAs":["https:\/\/www.facebook.com\/informelitoral\/","https:\/\/x.com\/InformeLitoral","https:\/\/www.instagram.com\/informelitoral\/","https:\/\/www.youtube.com\/channel\/UCua4Qvz8Icb6MYqhoq9xLXw"]},{"@type":"Person","@id":"https:\/\/informelitoral.com.ar\/#\/schema\/person\/f05f9f461677119578717524b127d6d5","name":"Sebastian","image":{"@type":"ImageObject","inLanguage":"es","@id":"https:\/\/secure.gravatar.com\/avatar\/b71bf7481d447dfb9583c7f2798e7cc64de6efb9067b74633ed8c31059a3bd82?s=96&d=mm&r=g","url":"https:\/\/secure.gravatar.com\/avatar\/b71bf7481d447dfb9583c7f2798e7cc64de6efb9067b74633ed8c31059a3bd82?s=96&d=mm&r=g","contentUrl":"https:\/\/secure.gravatar.com\/avatar\/b71bf7481d447dfb9583c7f2798e7cc64de6efb9067b74633ed8c31059a3bd82?s=96&d=mm&r=g","caption":"Sebastian"},"url":"https:\/\/informelitoral.com.ar\/author\/sebastian\/"}]}},"_links":{"self":[{"href":"https:\/\/informelitoral.com.ar\/%77%70%2d%6a%73%6f%6e\/wp\/v2\/posts\/207695","targetHints":{"allow":["GET"]}}],"collection":[{"href":"https:\/\/informelitoral.com.ar\/%77%70%2d%6a%73%6f%6e\/wp\/v2\/posts"}],"about":[{"href":"https:\/\/informelitoral.com.ar\/%77%70%2d%6a%73%6f%6e\/wp\/v2\/types\/post"}],"author":[{"embeddable":true,"href":"https:\/\/informelitoral.com.ar\/%77%70%2d%6a%73%6f%6e\/wp\/v2\/users\/8"}],"replies":[{"embeddable":true,"href":"https:\/\/informelitoral.com.ar\/%77%70%2d%6a%73%6f%6e\/wp\/v2\/comments?post=207695"}],"version-history":[{"count":0,"href":"https:\/\/informelitoral.com.ar\/%77%70%2d%6a%73%6f%6e\/wp\/v2\/posts\/207695\/revisions"}],"wp:featuredmedia":[{"embeddable":true,"href":"https:\/\/informelitoral.com.ar\/%77%70%2d%6a%73%6f%6e\/wp\/v2\/media\/207696"}],"wp:attachment":[{"href":"https:\/\/informelitoral.com.ar\/%77%70%2d%6a%73%6f%6e\/wp\/v2\/media?parent=207695"}],"wp:term":[{"taxonomy":"category","embeddable":true,"href":"https:\/\/informelitoral.com.ar\/%77%70%2d%6a%73%6f%6e\/wp\/v2\/categories?post=207695"},{"taxonomy":"post_tag","embeddable":true,"href":"https:\/\/informelitoral.com.ar\/%77%70%2d%6a%73%6f%6e\/wp\/v2\/tags?post=207695"}],"curies":[{"name":"wp","href":"https:\/\/api.w.org\/{rel}","templated":true}]}}