{"id":206734,"date":"2024-12-13T07:59:36","date_gmt":"2024-12-13T10:59:36","guid":{"rendered":"https:\/\/www.informelitoral.com.ar\/?p=206734"},"modified":"2024-12-13T08:03:50","modified_gmt":"2024-12-13T11:03:50","slug":"todavia-hay-tiempo-para-inscribirse-a-las-carreras-de-la-facultad-de-ciencias-economicas-de-la-uner","status":"publish","type":"post","link":"https:\/\/informelitoral.com.ar\/todavia-hay-tiempo-para-inscribirse-a-las-carreras-de-la-facultad-de-ciencias-economicas-de-la-uner\/","title":{"rendered":"Todav\u00eda hay tiempo para inscribirse a las carreras de la Facultad de Ciencias Econ\u00f3micas de la UNER"},"content":{"rendered":"<p>Sin dudas una de las casas de estudios m\u00e1s conocidas en Paran\u00e1 y el interior de la provincia, es la <strong>Facultad de Ciencias Econ\u00f3micas de la Universidad Nacional de Entre R\u00edos (UNER),<\/strong> sobre todo por la gran cantidad de estudiantes que optan por sus carreras.<\/p>\n<p>En una \u00e9poca clave del a\u00f1o, el decano de la FCEco, <strong>Sebasti\u00e1n P\u00e9rez<\/strong> dijo en <a href=\"https:\/\/www.informelitoral.com.ar\/la-hora-del-6-por-canal-6-ertv-donde-volver-a-ver-las-entrevistas\/\" target=\"_blank\" rel=\"noopener\"><em><strong>La Hora del 6<\/strong><\/em><\/a> por <em>Canal 6 ERTV,<\/em> que <strong>\u00abtodav\u00eda tienen algunos d\u00edas de diciembre y las dos primeras semanas de febrero para inscribirse a las seis carreras\u00bb.<\/strong><\/p>\n<h2><strong>Qu\u00e9 carreras ofrecen\u00a0<\/strong><\/h2>\n<p>En cuanto a las propuestas, si bien <strong>Contador P\u00fablico<\/strong> suele ser la m\u00e1s conocida ya que tiene 58 a\u00f1os en Paran\u00e1. Tambi\u00e9n brindan la <strong>Licenciatura en Econom\u00eda<\/strong> y la<strong> Licenciatura en Gesti\u00f3n de Organizaciones. <\/strong>Sobre ellas, el decano adelant\u00f3: \u00abSon las tres carreras de grado que se est\u00e1n optimizando para estar a la altura de los requerimientos. Van a ser de cuatro a\u00f1os, con menor carga horaria y una parte se podr\u00e1 cursar de modalidad virtual. De todas maneras, los contenidos ser\u00e1n los mismos\u00bb, aclar\u00f3.<\/p>\n<p>Tambi\u00e9n cuentan con dos carreras de pregrado universitario que son la <strong>Tecnicatura en Gesti\u00f3n y Administraci\u00f3n P\u00fablica<\/strong> y la<strong> Tecnicatura Universitaria en Gesti\u00f3n de Recursos Humanos<\/strong> \u00aby a esas dos carreras les dimos el complemento para ser licenciaturas\u00bb, sostuvo.<\/p>\n<p>La preinscripci\u00f3n es virtual y la documentaci\u00f3n se debe acercar a Urquiza 552 de la capital entrerriana.<\/p>\n<h2><strong>Los papeles que deben llevarse a Alumnado en formato impresos son:<\/strong><\/h2>\n<ul class=\"wp-block-list\">\n<li><strong>Certificado de Estudios Secundarios Completo<\/strong><br \/>\nEn copia legalizada. En caso de no contar con el mismo, traer constancia de la escuela que diga \u00abTermin\u00f3 sus estudios y tiene en tr\u00e1mite el certificado de\u2026 En caso de no tener aprobado completo el ciclo secundario, debe presentar constancia que indique \u00abadeuda materias\u2026\u00bb y enumerarlas. No se aceptan Certificados de Alumno Regular<\/li>\n<\/ul>\n<ul class=\"wp-block-list\">\n<li><strong>Fotocopia de DNI Tarjeta f<\/strong>rente y dorso<\/li>\n<li><strong>Fotocopia legalizada de la partida de nacimiento<\/strong><br \/>\nActualizada y con menos de 6 meses de antig\u00fcedad<\/li>\n<li><strong>1 foto de 3\u00d73 o 4\u00d74 cm\u00a0<\/strong>De frente y con fondo blanco o claro. Pod\u00e9s hacerla con tu celular, no hace falta ir a un fotocarnet.<\/li>\n<\/ul>\n<p>Si la documentaci\u00f3n a presentar est\u00e1 legalizada digitalmente adem\u00e1s de imprimir para presentarla debe re enviar el correo a alumnado.fceco@uner.edu.ar<\/p>\n<p>Tambi\u00e9n recomiendan las redes sociales:<br \/>\n<strong>Instagram:<\/strong>\u00a0<a href=\"https:\/\/www.instagram.com\/fceco.uner\/\">@fceco.uner<\/a><br \/>\n<strong>Facebook:<\/strong>\u00a0<a href=\"https:\/\/www.facebook.com\/FCEco\/\">Facultad de Ciencias Econ\u00f3micas \u2013 UNER | Facebook<\/a><br \/>\n<strong>X\/Twitter:<\/strong>\u00a0<a href=\"https:\/\/twitter.com\/FcecoUNER\">Econ\u00f3micas UNER (@FcecoUNER)<\/a><\/p>\n<h2><strong>Ver la nota completa con Sebasti\u00e1n P\u00e9rez:\u00a0<\/strong><\/h2>\n<div class=\"youtube-embed\" data-video_id=\"oTRuMRJNwc8\"><iframe loading=\"lazy\" title=\"Sebasti\u00e1n P\u00e9rez | Qu\u00e9 estudiar en la Facultad de Ciencias Econ\u00f3micas en 2025\" width=\"696\" height=\"392\" src=\"https:\/\/www.youtube.com\/embed\/oTRuMRJNwc8?start=3&#038;feature=oembed\" frameborder=\"0\" allow=\"accelerometer; autoplay; clipboard-write; encrypted-media; gyroscope; picture-in-picture; web-share\" referrerpolicy=\"strict-origin-when-cross-origin\" allowfullscreen><\/iframe><\/div>\n<h6><em><strong>Notas relacionadas:\u00a0<a href=\"https:\/\/www.informelitoral.com.ar\/que-estudiar-en-la-fcedu-uner-en-2025\/\" target=\"_blank\" rel=\"noopener\">Qu\u00e9 estudiar en la FCEdu-UNER en 2025<\/a><\/strong><\/em><\/h6>\n<h6><em><strong><a href=\"https:\/\/www.informelitoral.com.ar\/siguen-abiertas-las-inscripciones-para-estudiar-trabajo-social-y-ciencia-politica-en-parana\/\" target=\"_blank\" rel=\"noopener\">Siguen abiertas las inscripciones para estudiar Trabajo Social y Ciencia Pol\u00edtica en Paran\u00e1<\/a><\/strong><\/em><\/h6>\n","protected":false},"excerpt":{"rendered":"<p>La reconocida casa de estudios con sede en Paran\u00e1 ofrece seis propuestas. En La Hora del 6, el decano, Sebasti\u00e1n P\u00e9rez detall\u00f3 qu\u00e9 deben presentar a la hora de inscribirse y hasta cu\u00e1ndo hay tiempo para hacerlo. <\/p>\n","protected":false},"author":2,"featured_media":205881,"comment_status":"open","ping_status":"open","sticky":false,"template":"","format":"standard","meta":{"fifu_image_url":"","fifu_image_alt":"","footnotes":""},"categories":[6,1597],"tags":[3476,1980,419,5126,45,62,413,484],"class_list":{"0":"post-206734","1":"post","2":"type-post","3":"status-publish","4":"format-standard","5":"has-post-thumbnail","7":"category-entre-rios","8":"category-parana","9":"tag-canal-6-ertv","10":"tag-carreras","11":"tag-estudiantes","12":"tag-la-hora-del-6","13":"tag-parana","14":"tag-uner","15":"tag-universidad","16":"tag-universidad-publica"},"yoast_head":"<title>Todav\u00eda hay tiempo para inscribirse a las carreras de la Facultad de Ciencias Econ\u00f3micas de la UNER - Informe Litoral<\/title>\n<meta name=\"robots\" content=\"index, follow, max-snippet:-1, max-image-preview:large, max-video-preview:-1\" \/>\n<link rel=\"canonical\" href=\"https:\/\/informelitoral.com.ar\/todavia-hay-tiempo-para-inscribirse-a-las-carreras-de-la-facultad-de-ciencias-economicas-de-la-uner\/\" \/>\n<meta property=\"og:locale\" content=\"es_ES\" \/>\n<meta property=\"og:type\" content=\"article\" \/>\n<meta property=\"og:title\" content=\"Todav\u00eda hay tiempo para inscribirse a las carreras de la Facultad de Ciencias Econ\u00f3micas de la UNER - Informe Litoral\" \/>\n<meta property=\"og:description\" content=\"La reconocida casa de estudios con sede en Paran\u00e1 ofrece seis propuestas. En La Hora del 6, el decano, Sebasti\u00e1n P\u00e9rez detall\u00f3 qu\u00e9 deben presentar a la hora de inscribirse y hasta cu\u00e1ndo hay tiempo para hacerlo.\" \/>\n<meta property=\"og:url\" content=\"https:\/\/informelitoral.com.ar\/todavia-hay-tiempo-para-inscribirse-a-las-carreras-de-la-facultad-de-ciencias-economicas-de-la-uner\/\" \/>\n<meta property=\"og:site_name\" content=\"Informe Litoral\" \/>\n<meta property=\"article:publisher\" content=\"https:\/\/www.facebook.com\/informelitoral\/\" \/>\n<meta property=\"article:published_time\" content=\"2024-12-13T10:59:36+00:00\" \/>\n<meta property=\"article:modified_time\" content=\"2024-12-13T11:03:50+00:00\" \/>\n<meta property=\"og:image\" content=\"https:\/\/informelitoral.com.ar\/%77%70%2d%63%6f%6e%74%65%6e%74\/uploads\/2024\/12\/sebastian-perez-fce-uner-la-hora-del-6.jpg\" \/>\n\t<meta property=\"og:image:width\" content=\"1907\" \/>\n\t<meta property=\"og:image:height\" content=\"1080\" \/>\n\t<meta property=\"og:image:type\" content=\"image\/jpeg\" \/>\n<meta name=\"author\" content=\"Gonzalo Schmidt\" \/>\n<meta name=\"twitter:card\" content=\"summary_large_image\" \/>\n<meta name=\"twitter:creator\" content=\"@InformeLitoral\" \/>\n<meta name=\"twitter:site\" content=\"@InformeLitoral\" \/>\n<meta name=\"twitter:label1\" content=\"Escrito por\" \/>\n\t<meta name=\"twitter:data1\" content=\"Gonzalo Schmidt\" \/>\n\t<meta name=\"twitter:label2\" content=\"Tiempo de lectura\" \/>\n\t<meta name=\"twitter:data2\" content=\"2 minutos\" \/>\n<script type=\"application\/ld+json\" class=\"yoast-schema-graph\">{\"@context\":\"https:\\\/\\\/schema.org\",\"@graph\":[{\"@type\":\"Article\",\"@id\":\"https:\\\/\\\/informelitoral.com.ar\\\/todavia-hay-tiempo-para-inscribirse-a-las-carreras-de-la-facultad-de-ciencias-economicas-de-la-uner\\\/#article\",\"isPartOf\":{\"@id\":\"https:\\\/\\\/informelitoral.com.ar\\\/todavia-hay-tiempo-para-inscribirse-a-las-carreras-de-la-facultad-de-ciencias-economicas-de-la-uner\\\/\"},\"author\":{\"name\":\"Gonzalo Schmidt\",\"@id\":\"https:\\\/\\\/informelitoral.com.ar\\\/#\\\/schema\\\/person\\\/b9d00407c836482871ef1d57bf8e3180\"},\"headline\":\"Todav\u00eda hay tiempo para inscribirse a las carreras de la Facultad de Ciencias Econ\u00f3micas de la UNER\",\"datePublished\":\"2024-12-13T10:59:36+00:00\",\"dateModified\":\"2024-12-13T11:03:50+00:00\",\"mainEntityOfPage\":{\"@id\":\"https:\\\/\\\/informelitoral.com.ar\\\/todavia-hay-tiempo-para-inscribirse-a-las-carreras-de-la-facultad-de-ciencias-economicas-de-la-uner\\\/\"},\"wordCount\":480,\"commentCount\":0,\"publisher\":{\"@id\":\"https:\\\/\\\/informelitoral.com.ar\\\/#organization\"},\"image\":{\"@id\":\"https:\\\/\\\/informelitoral.com.ar\\\/todavia-hay-tiempo-para-inscribirse-a-las-carreras-de-la-facultad-de-ciencias-economicas-de-la-uner\\\/#primaryimage\"},\"thumbnailUrl\":\"https:\\\/\\\/informelitoral.com.ar\\\/%77%70%2d%63%6f%6e%74%65%6e%74\\\/uploads\\\/2024\\\/12\\\/sebastian-perez-fce-uner-la-hora-del-6.jpg\",\"keywords\":[\"Canal 6 ERTV\",\"Carreras\",\"Estudiantes\",\"La hora del 6\",\"Paran\u00e1\",\"UNER\",\"Universidad\",\"Universidad p\u00fablica\"],\"articleSection\":[\"Entre R\u00edos\",\"Paran\u00e1\"],\"inLanguage\":\"es\",\"potentialAction\":[{\"@type\":\"CommentAction\",\"name\":\"Comment\",\"target\":[\"https:\\\/\\\/informelitoral.com.ar\\\/todavia-hay-tiempo-para-inscribirse-a-las-carreras-de-la-facultad-de-ciencias-economicas-de-la-uner\\\/#respond\"]}]},{\"@type\":\"WebPage\",\"@id\":\"https:\\\/\\\/informelitoral.com.ar\\\/todavia-hay-tiempo-para-inscribirse-a-las-carreras-de-la-facultad-de-ciencias-economicas-de-la-uner\\\/\",\"url\":\"https:\\\/\\\/informelitoral.com.ar\\\/todavia-hay-tiempo-para-inscribirse-a-las-carreras-de-la-facultad-de-ciencias-economicas-de-la-uner\\\/\",\"name\":\"Todav\u00eda hay tiempo para inscribirse a las carreras de la Facultad de Ciencias Econ\u00f3micas de la UNER - Informe Litoral\",\"isPartOf\":{\"@id\":\"https:\\\/\\\/informelitoral.com.ar\\\/#website\"},\"primaryImageOfPage\":{\"@id\":\"https:\\\/\\\/informelitoral.com.ar\\\/todavia-hay-tiempo-para-inscribirse-a-las-carreras-de-la-facultad-de-ciencias-economicas-de-la-uner\\\/#primaryimage\"},\"image\":{\"@id\":\"https:\\\/\\\/informelitoral.com.ar\\\/todavia-hay-tiempo-para-inscribirse-a-las-carreras-de-la-facultad-de-ciencias-economicas-de-la-uner\\\/#primaryimage\"},\"thumbnailUrl\":\"https:\\\/\\\/informelitoral.com.ar\\\/%77%70%2d%63%6f%6e%74%65%6e%74\\\/uploads\\\/2024\\\/12\\\/sebastian-perez-fce-uner-la-hora-del-6.jpg\",\"datePublished\":\"2024-12-13T10:59:36+00:00\",\"dateModified\":\"2024-12-13T11:03:50+00:00\",\"breadcrumb\":{\"@id\":\"https:\\\/\\\/informelitoral.com.ar\\\/todavia-hay-tiempo-para-inscribirse-a-las-carreras-de-la-facultad-de-ciencias-economicas-de-la-uner\\\/#breadcrumb\"},\"inLanguage\":\"es\",\"potentialAction\":[{\"@type\":\"ReadAction\",\"target\":[\"https:\\\/\\\/informelitoral.com.ar\\\/todavia-hay-tiempo-para-inscribirse-a-las-carreras-de-la-facultad-de-ciencias-economicas-de-la-uner\\\/\"]}]},{\"@type\":\"ImageObject\",\"inLanguage\":\"es\",\"@id\":\"https:\\\/\\\/informelitoral.com.ar\\\/todavia-hay-tiempo-para-inscribirse-a-las-carreras-de-la-facultad-de-ciencias-economicas-de-la-uner\\\/#primaryimage\",\"url\":\"https:\\\/\\\/informelitoral.com.ar\\\/%77%70%2d%63%6f%6e%74%65%6e%74\\\/uploads\\\/2024\\\/12\\\/sebastian-perez-fce-uner-la-hora-del-6.jpg\",\"contentUrl\":\"https:\\\/\\\/informelitoral.com.ar\\\/%77%70%2d%63%6f%6e%74%65%6e%74\\\/uploads\\\/2024\\\/12\\\/sebastian-perez-fce-uner-la-hora-del-6.jpg\",\"width\":1907,\"height\":1080,\"caption\":\"Sebasti\u00e1n P\u00e9rez, decano de la Facultad de Ciencias Econ\u00f3micas de la UNER en La Hora del 6.\"},{\"@type\":\"BreadcrumbList\",\"@id\":\"https:\\\/\\\/informelitoral.com.ar\\\/todavia-hay-tiempo-para-inscribirse-a-las-carreras-de-la-facultad-de-ciencias-economicas-de-la-uner\\\/#breadcrumb\",\"itemListElement\":[{\"@type\":\"ListItem\",\"position\":1,\"name\":\"Portada\",\"item\":\"https:\\\/\\\/informelitoral.com.ar\\\/\"},{\"@type\":\"ListItem\",\"position\":2,\"name\":\"Todav\u00eda hay tiempo para inscribirse a las carreras de la Facultad de Ciencias Econ\u00f3micas de la UNER\"}]},{\"@type\":\"WebSite\",\"@id\":\"https:\\\/\\\/informelitoral.com.ar\\\/#website\",\"url\":\"https:\\\/\\\/informelitoral.com.ar\\\/\",\"name\":\"Informe Litoral\",\"description\":\"&quot;Nos informamos&quot; \",\"publisher\":{\"@id\":\"https:\\\/\\\/informelitoral.com.ar\\\/#organization\"},\"potentialAction\":[{\"@type\":\"SearchAction\",\"target\":{\"@type\":\"EntryPoint\",\"urlTemplate\":\"https:\\\/\\\/informelitoral.com.ar\\\/?s={search_term_string}\"},\"query-input\":{\"@type\":\"PropertyValueSpecification\",\"valueRequired\":true,\"valueName\":\"search_term_string\"}}],\"inLanguage\":\"es\"},{\"@type\":\"Organization\",\"@id\":\"https:\\\/\\\/informelitoral.com.ar\\\/#organization\",\"name\":\"Informe Litoral\",\"url\":\"https:\\\/\\\/informelitoral.com.ar\\\/\",\"logo\":{\"@type\":\"ImageObject\",\"inLanguage\":\"es\",\"@id\":\"https:\\\/\\\/informelitoral.com.ar\\\/#\\\/schema\\\/logo\\\/image\\\/\",\"url\":\"https:\\\/\\\/informelitoral.com.ar\\\/%77%70%2d%63%6f%6e%74%65%6e%74\\\/uploads\\\/2021\\\/01\\\/circulo.png\",\"contentUrl\":\"https:\\\/\\\/informelitoral.com.ar\\\/%77%70%2d%63%6f%6e%74%65%6e%74\\\/uploads\\\/2021\\\/01\\\/circulo.png\",\"width\":723,\"height\":731,\"caption\":\"Informe Litoral\"},\"image\":{\"@id\":\"https:\\\/\\\/informelitoral.com.ar\\\/#\\\/schema\\\/logo\\\/image\\\/\"},\"sameAs\":[\"https:\\\/\\\/www.facebook.com\\\/informelitoral\\\/\",\"https:\\\/\\\/x.com\\\/InformeLitoral\",\"https:\\\/\\\/www.instagram.com\\\/informelitoral\\\/\",\"https:\\\/\\\/www.youtube.com\\\/channel\\\/UCua4Qvz8Icb6MYqhoq9xLXw\"]},{\"@type\":\"Person\",\"@id\":\"https:\\\/\\\/informelitoral.com.ar\\\/#\\\/schema\\\/person\\\/b9d00407c836482871ef1d57bf8e3180\",\"name\":\"Gonzalo Schmidt\",\"image\":{\"@type\":\"ImageObject\",\"inLanguage\":\"es\",\"@id\":\"https:\\\/\\\/secure.gravatar.com\\\/avatar\\\/31a1a7b66ff2de83bd0e9fd79d026630d2d99e55e8bfe501287647b4fd9743de?s=96&d=mm&r=g\",\"url\":\"https:\\\/\\\/secure.gravatar.com\\\/avatar\\\/31a1a7b66ff2de83bd0e9fd79d026630d2d99e55e8bfe501287647b4fd9743de?s=96&d=mm&r=g\",\"contentUrl\":\"https:\\\/\\\/secure.gravatar.com\\\/avatar\\\/31a1a7b66ff2de83bd0e9fd79d026630d2d99e55e8bfe501287647b4fd9743de?s=96&d=mm&r=g\",\"caption\":\"Gonzalo Schmidt\"},\"description\":\"Sitio web de noticias de la provincia de Entre R\u00edos, Argentina. Informaci\u00f3n y entretenimiento. Informe Litoral, nos informamos.\",\"sameAs\":[\"http:\\\/\\\/www.isletasnoticias.com.ar\"],\"url\":\"https:\\\/\\\/informelitoral.com.ar\\\/author\\\/gonzalo\\\/\"}]}<\/script>","yoast_head_json":{"title":"Todav\u00eda hay tiempo para inscribirse a las carreras de la Facultad de Ciencias Econ\u00f3micas de la UNER - Informe Litoral","robots":{"index":"index","follow":"follow","max-snippet":"max-snippet:-1","max-image-preview":"max-image-preview:large","max-video-preview":"max-video-preview:-1"},"canonical":"https:\/\/informelitoral.com.ar\/todavia-hay-tiempo-para-inscribirse-a-las-carreras-de-la-facultad-de-ciencias-economicas-de-la-uner\/","og_locale":"es_ES","og_type":"article","og_title":"Todav\u00eda hay tiempo para inscribirse a las carreras de la Facultad de Ciencias Econ\u00f3micas de la UNER - Informe Litoral","og_description":"La reconocida casa de estudios con sede en Paran\u00e1 ofrece seis propuestas. En La Hora del 6, el decano, Sebasti\u00e1n P\u00e9rez detall\u00f3 qu\u00e9 deben presentar a la hora de inscribirse y hasta cu\u00e1ndo hay tiempo para hacerlo.","og_url":"https:\/\/informelitoral.com.ar\/todavia-hay-tiempo-para-inscribirse-a-las-carreras-de-la-facultad-de-ciencias-economicas-de-la-uner\/","og_site_name":"Informe Litoral","article_publisher":"https:\/\/www.facebook.com\/informelitoral\/","article_published_time":"2024-12-13T10:59:36+00:00","article_modified_time":"2024-12-13T11:03:50+00:00","og_image":[{"width":1907,"height":1080,"url":"https:\/\/informelitoral.com.ar\/%77%70%2d%63%6f%6e%74%65%6e%74\/uploads\/2024\/12\/sebastian-perez-fce-uner-la-hora-del-6.jpg","type":"image\/jpeg"}],"author":"Gonzalo Schmidt","twitter_card":"summary_large_image","twitter_creator":"@InformeLitoral","twitter_site":"@InformeLitoral","twitter_misc":{"Escrito por":"Gonzalo Schmidt","Tiempo de lectura":"2 minutos"},"schema":{"@context":"https:\/\/schema.org","@graph":[{"@type":"Article","@id":"https:\/\/informelitoral.com.ar\/todavia-hay-tiempo-para-inscribirse-a-las-carreras-de-la-facultad-de-ciencias-economicas-de-la-uner\/#article","isPartOf":{"@id":"https:\/\/informelitoral.com.ar\/todavia-hay-tiempo-para-inscribirse-a-las-carreras-de-la-facultad-de-ciencias-economicas-de-la-uner\/"},"author":{"name":"Gonzalo Schmidt","@id":"https:\/\/informelitoral.com.ar\/#\/schema\/person\/b9d00407c836482871ef1d57bf8e3180"},"headline":"Todav\u00eda hay tiempo para inscribirse a las carreras de la Facultad de Ciencias Econ\u00f3micas de la UNER","datePublished":"2024-12-13T10:59:36+00:00","dateModified":"2024-12-13T11:03:50+00:00","mainEntityOfPage":{"@id":"https:\/\/informelitoral.com.ar\/todavia-hay-tiempo-para-inscribirse-a-las-carreras-de-la-facultad-de-ciencias-economicas-de-la-uner\/"},"wordCount":480,"commentCount":0,"publisher":{"@id":"https:\/\/informelitoral.com.ar\/#organization"},"image":{"@id":"https:\/\/informelitoral.com.ar\/todavia-hay-tiempo-para-inscribirse-a-las-carreras-de-la-facultad-de-ciencias-economicas-de-la-uner\/#primaryimage"},"thumbnailUrl":"https:\/\/informelitoral.com.ar\/%77%70%2d%63%6f%6e%74%65%6e%74\/uploads\/2024\/12\/sebastian-perez-fce-uner-la-hora-del-6.jpg","keywords":["Canal 6 ERTV","Carreras","Estudiantes","La hora del 6","Paran\u00e1","UNER","Universidad","Universidad p\u00fablica"],"articleSection":["Entre R\u00edos","Paran\u00e1"],"inLanguage":"es","potentialAction":[{"@type":"CommentAction","name":"Comment","target":["https:\/\/informelitoral.com.ar\/todavia-hay-tiempo-para-inscribirse-a-las-carreras-de-la-facultad-de-ciencias-economicas-de-la-uner\/#respond"]}]},{"@type":"WebPage","@id":"https:\/\/informelitoral.com.ar\/todavia-hay-tiempo-para-inscribirse-a-las-carreras-de-la-facultad-de-ciencias-economicas-de-la-uner\/","url":"https:\/\/informelitoral.com.ar\/todavia-hay-tiempo-para-inscribirse-a-las-carreras-de-la-facultad-de-ciencias-economicas-de-la-uner\/","name":"Todav\u00eda hay tiempo para inscribirse a las carreras de la Facultad de Ciencias Econ\u00f3micas de la UNER - Informe Litoral","isPartOf":{"@id":"https:\/\/informelitoral.com.ar\/#website"},"primaryImageOfPage":{"@id":"https:\/\/informelitoral.com.ar\/todavia-hay-tiempo-para-inscribirse-a-las-carreras-de-la-facultad-de-ciencias-economicas-de-la-uner\/#primaryimage"},"image":{"@id":"https:\/\/informelitoral.com.ar\/todavia-hay-tiempo-para-inscribirse-a-las-carreras-de-la-facultad-de-ciencias-economicas-de-la-uner\/#primaryimage"},"thumbnailUrl":"https:\/\/informelitoral.com.ar\/%77%70%2d%63%6f%6e%74%65%6e%74\/uploads\/2024\/12\/sebastian-perez-fce-uner-la-hora-del-6.jpg","datePublished":"2024-12-13T10:59:36+00:00","dateModified":"2024-12-13T11:03:50+00:00","breadcrumb":{"@id":"https:\/\/informelitoral.com.ar\/todavia-hay-tiempo-para-inscribirse-a-las-carreras-de-la-facultad-de-ciencias-economicas-de-la-uner\/#breadcrumb"},"inLanguage":"es","potentialAction":[{"@type":"ReadAction","target":["https:\/\/informelitoral.com.ar\/todavia-hay-tiempo-para-inscribirse-a-las-carreras-de-la-facultad-de-ciencias-economicas-de-la-uner\/"]}]},{"@type":"ImageObject","inLanguage":"es","@id":"https:\/\/informelitoral.com.ar\/todavia-hay-tiempo-para-inscribirse-a-las-carreras-de-la-facultad-de-ciencias-economicas-de-la-uner\/#primaryimage","url":"https:\/\/informelitoral.com.ar\/%77%70%2d%63%6f%6e%74%65%6e%74\/uploads\/2024\/12\/sebastian-perez-fce-uner-la-hora-del-6.jpg","contentUrl":"https:\/\/informelitoral.com.ar\/%77%70%2d%63%6f%6e%74%65%6e%74\/uploads\/2024\/12\/sebastian-perez-fce-uner-la-hora-del-6.jpg","width":1907,"height":1080,"caption":"Sebasti\u00e1n P\u00e9rez, decano de la Facultad de Ciencias Econ\u00f3micas de la UNER en La Hora del 6."},{"@type":"BreadcrumbList","@id":"https:\/\/informelitoral.com.ar\/todavia-hay-tiempo-para-inscribirse-a-las-carreras-de-la-facultad-de-ciencias-economicas-de-la-uner\/#breadcrumb","itemListElement":[{"@type":"ListItem","position":1,"name":"Portada","item":"https:\/\/informelitoral.com.ar\/"},{"@type":"ListItem","position":2,"name":"Todav\u00eda hay tiempo para inscribirse a las carreras de la Facultad de Ciencias Econ\u00f3micas de la UNER"}]},{"@type":"WebSite","@id":"https:\/\/informelitoral.com.ar\/#website","url":"https:\/\/informelitoral.com.ar\/","name":"Informe Litoral","description":"&quot;Nos informamos&quot; ","publisher":{"@id":"https:\/\/informelitoral.com.ar\/#organization"},"potentialAction":[{"@type":"SearchAction","target":{"@type":"EntryPoint","urlTemplate":"https:\/\/informelitoral.com.ar\/?s={search_term_string}"},"query-input":{"@type":"PropertyValueSpecification","valueRequired":true,"valueName":"search_term_string"}}],"inLanguage":"es"},{"@type":"Organization","@id":"https:\/\/informelitoral.com.ar\/#organization","name":"Informe Litoral","url":"https:\/\/informelitoral.com.ar\/","logo":{"@type":"ImageObject","inLanguage":"es","@id":"https:\/\/informelitoral.com.ar\/#\/schema\/logo\/image\/","url":"https:\/\/informelitoral.com.ar\/%77%70%2d%63%6f%6e%74%65%6e%74\/uploads\/2021\/01\/circulo.png","contentUrl":"https:\/\/informelitoral.com.ar\/%77%70%2d%63%6f%6e%74%65%6e%74\/uploads\/2021\/01\/circulo.png","width":723,"height":731,"caption":"Informe Litoral"},"image":{"@id":"https:\/\/informelitoral.com.ar\/#\/schema\/logo\/image\/"},"sameAs":["https:\/\/www.facebook.com\/informelitoral\/","https:\/\/x.com\/InformeLitoral","https:\/\/www.instagram.com\/informelitoral\/","https:\/\/www.youtube.com\/channel\/UCua4Qvz8Icb6MYqhoq9xLXw"]},{"@type":"Person","@id":"https:\/\/informelitoral.com.ar\/#\/schema\/person\/b9d00407c836482871ef1d57bf8e3180","name":"Gonzalo Schmidt","image":{"@type":"ImageObject","inLanguage":"es","@id":"https:\/\/secure.gravatar.com\/avatar\/31a1a7b66ff2de83bd0e9fd79d026630d2d99e55e8bfe501287647b4fd9743de?s=96&d=mm&r=g","url":"https:\/\/secure.gravatar.com\/avatar\/31a1a7b66ff2de83bd0e9fd79d026630d2d99e55e8bfe501287647b4fd9743de?s=96&d=mm&r=g","contentUrl":"https:\/\/secure.gravatar.com\/avatar\/31a1a7b66ff2de83bd0e9fd79d026630d2d99e55e8bfe501287647b4fd9743de?s=96&d=mm&r=g","caption":"Gonzalo Schmidt"},"description":"Sitio web de noticias de la provincia de Entre R\u00edos, Argentina. Informaci\u00f3n y entretenimiento. Informe Litoral, nos informamos.","sameAs":["http:\/\/www.isletasnoticias.com.ar"],"url":"https:\/\/informelitoral.com.ar\/author\/gonzalo\/"}]}},"_links":{"self":[{"href":"https:\/\/informelitoral.com.ar\/%77%70%2d%6a%73%6f%6e\/wp\/v2\/posts\/206734","targetHints":{"allow":["GET"]}}],"collection":[{"href":"https:\/\/informelitoral.com.ar\/%77%70%2d%6a%73%6f%6e\/wp\/v2\/posts"}],"about":[{"href":"https:\/\/informelitoral.com.ar\/%77%70%2d%6a%73%6f%6e\/wp\/v2\/types\/post"}],"author":[{"embeddable":true,"href":"https:\/\/informelitoral.com.ar\/%77%70%2d%6a%73%6f%6e\/wp\/v2\/users\/2"}],"replies":[{"embeddable":true,"href":"https:\/\/informelitoral.com.ar\/%77%70%2d%6a%73%6f%6e\/wp\/v2\/comments?post=206734"}],"version-history":[{"count":0,"href":"https:\/\/informelitoral.com.ar\/%77%70%2d%6a%73%6f%6e\/wp\/v2\/posts\/206734\/revisions"}],"wp:featuredmedia":[{"embeddable":true,"href":"https:\/\/informelitoral.com.ar\/%77%70%2d%6a%73%6f%6e\/wp\/v2\/media\/205881"}],"wp:attachment":[{"href":"https:\/\/informelitoral.com.ar\/%77%70%2d%6a%73%6f%6e\/wp\/v2\/media?parent=206734"}],"wp:term":[{"taxonomy":"category","embeddable":true,"href":"https:\/\/informelitoral.com.ar\/%77%70%2d%6a%73%6f%6e\/wp\/v2\/categories?post=206734"},{"taxonomy":"post_tag","embeddable":true,"href":"https:\/\/informelitoral.com.ar\/%77%70%2d%6a%73%6f%6e\/wp\/v2\/tags?post=206734"}],"curies":[{"name":"wp","href":"https:\/\/api.w.org\/{rel}","templated":true}]}}