{"id":204104,"date":"2024-11-20T08:32:58","date_gmt":"2024-11-20T11:32:58","guid":{"rendered":"https:\/\/www.informelitoral.com.ar\/?p=204104"},"modified":"2024-11-21T06:58:19","modified_gmt":"2024-11-21T09:58:19","slug":"el-gobierno-llamo-a-licitacion-para-privatizar-la-hidrovia","status":"publish","type":"post","link":"https:\/\/informelitoral.com.ar\/el-gobierno-llamo-a-licitacion-para-privatizar-la-hidrovia\/","title":{"rendered":"El Gobierno llam\u00f3 a licitaci\u00f3n para privatizar la Hidrov\u00eda"},"content":{"rendered":"<p>El Jefe de Gabinete, Guillermo Francos, anunci\u00f3 este martes el inicio del proceso de privatizaci\u00f3n de la Hidrov\u00eda, con un contrato de concesi\u00f3n por 30 a\u00f1os. El anuncio tuvo lugar en la sede de la Administraci\u00f3n General de Puertos, en Puerto Madero, tras una reuni\u00f3n con empresarios del sector. Con esta medida, la V\u00eda Navegable Troncal pasar\u00e1 nuevamente a ser gestionada por el sector privado, asumiendo el riesgo empresarial, mientras que el Estado quedar\u00e1 desvinculado de la gesti\u00f3n y el mantenimiento de la v\u00eda. La licitaci\u00f3n ser\u00e1 organizada por la Subsecretar\u00eda de Puertos y V\u00edas Navegables, y las ofertas podr\u00e1n presentarse hasta el 29 de enero de 2025.<\/p>\n<p>El contrato de concesi\u00f3n, de acuerdo con el modelo presentado, tendr\u00e1 una duraci\u00f3n de 30 a\u00f1os y buscar\u00e1 asegurar la participaci\u00f3n de las principales empresas internacionales especializadas en obras fluvio-mar\u00edtimas. Los pliegos de licitaci\u00f3n incluir\u00e1n estrictas exigencias para garantizar la experiencia t\u00e9cnica y solvencia financiera de las empresas que se presenten.<\/p>\n<p>El futuro concesionario, que pondr\u00e1 fin a la estatizaci\u00f3n provisional de la V\u00eda Navegable Troncal, deber\u00e1 cumplir con un plan de obras detallado en los pliegos de la licitaci\u00f3n, con etapas prioritarias que deber\u00e1n ejecutarse durante los primeros cinco a\u00f1os de la concesi\u00f3n.<\/p>\n<p>En su intervenci\u00f3n, Francos destac\u00f3 que los pliegos contemplan una modernizaci\u00f3n integral de la gesti\u00f3n de la v\u00eda fluvial, por la que circula cerca del 80% del comercio exterior de Argentina. Adem\u00e1s, explic\u00f3 que se incorporar\u00e1n bases con radares y sistemas satelitales de seguimiento de buques, se renovar\u00e1 la se\u00f1alizaci\u00f3n y se implementar\u00e1n nuevas medidas de control para combatir el narcotr\u00e1fico y el terrorismo.<\/p>\n<p>El funcionario tambi\u00e9n mencion\u00f3 que, en las reuniones con el presidente Javier Milei y los gobernadores de las provincias litorale\u00f1as, se destac\u00f3 la necesidad de alcanzar un consenso sobre la V\u00eda Navegable Troncal, lo que permiti\u00f3 conciliar diversos intereses en los pliegos de licitaci\u00f3n. \u201cEste proceso es m\u00e1s completo y moderno que el anterior, con la inclusi\u00f3n de temas que no estaban contemplados en la concesi\u00f3n previa. Permitir\u00e1 incorporar medidas de modernizaci\u00f3n a lo largo de la ejecuci\u00f3n del contrato, mejorando continuamente su utilidad para el comercio internacional\u201d, explic\u00f3 Francos.<\/p>\n<p>Por su parte, Luis Zubizarreta, presidente de la C\u00e1mara de Puertos Privados Comerciales, subray\u00f3 la importancia de este paso para el desarrollo econ\u00f3mico del pa\u00eds. \u00abPara mejorar nuestra competitividad, es fundamental contar con una log\u00edstica eficiente\u00bb, afirm\u00f3, y agreg\u00f3: \u00abEste hito permitir\u00e1 reducir las tarifas log\u00edsticas en el 80% de nuestro comercio exterior, lo que se traducir\u00e1 en un impacto directo en los costos para productores y consumidores\u00bb.<\/p>\n<p>Zubizarreta tambi\u00e9n destac\u00f3 que la licitaci\u00f3n ser\u00e1 a riesgo empresarial, sin garant\u00edas del Estado, lo que significa que los costos de la obra ser\u00e1n asumidos por la carga, sin necesidad de que el Estado aporte recursos. \u00abLo que necesitamos es un pliego ambicioso que apunte a un sistema de navegaci\u00f3n eficiente que nos brinde la competitividad que necesitamos\u00bb, indic\u00f3.<\/p>\n<p>Finalmente, el presidente de la C\u00e1mara de Puertos Privados Comerciales concluy\u00f3: \u00abCon esta iniciativa, el productor tendr\u00e1 el incentivo para aumentar su producci\u00f3n, lo que nos encamina hacia un crecimiento econ\u00f3mico y la generaci\u00f3n de empleo de calidad\u00bb.<i>\u00a0<\/i><\/p>\n","protected":false},"excerpt":{"rendered":"<p>El anuncio fue realizado por el Jefe de Gabinete, Guillermo Francos, en la sede de la Administraci\u00f3n General de Puertos.<\/p>\n","protected":false},"author":8,"featured_media":61817,"comment_status":"open","ping_status":"open","sticky":false,"template":"","format":"standard","meta":{"fifu_image_url":"","fifu_image_alt":"","footnotes":""},"categories":[16],"tags":[2318,1701,4505],"class_list":{"0":"post-204104","1":"post","2":"type-post","3":"status-publish","4":"format-standard","5":"has-post-thumbnail","7":"category-politi","8":"tag-hidrovia","9":"tag-hidrovia-paraguay-parana","10":"tag-privatizacion"},"yoast_head":"<title>El Gobierno llam\u00f3 a licitaci\u00f3n para privatizar la Hidrov\u00eda - Informe Litoral<\/title>\n<meta name=\"robots\" content=\"index, follow, max-snippet:-1, max-image-preview:large, max-video-preview:-1\" \/>\n<link rel=\"canonical\" href=\"https:\/\/informelitoral.com.ar\/el-gobierno-llamo-a-licitacion-para-privatizar-la-hidrovia\/\" \/>\n<meta property=\"og:locale\" content=\"es_ES\" \/>\n<meta property=\"og:type\" content=\"article\" \/>\n<meta property=\"og:title\" content=\"El Gobierno llam\u00f3 a licitaci\u00f3n para privatizar la Hidrov\u00eda - Informe Litoral\" \/>\n<meta property=\"og:description\" content=\"El anuncio fue realizado por el Jefe de Gabinete, Guillermo Francos, en la sede de la Administraci\u00f3n General de Puertos.\" \/>\n<meta property=\"og:url\" content=\"https:\/\/informelitoral.com.ar\/el-gobierno-llamo-a-licitacion-para-privatizar-la-hidrovia\/\" \/>\n<meta property=\"og:site_name\" content=\"Informe Litoral\" \/>\n<meta property=\"article:publisher\" content=\"https:\/\/www.facebook.com\/informelitoral\/\" \/>\n<meta property=\"article:published_time\" content=\"2024-11-20T11:32:58+00:00\" \/>\n<meta property=\"article:modified_time\" content=\"2024-11-21T09:58:19+00:00\" \/>\n<meta property=\"og:image\" content=\"https:\/\/informelitoral.com.ar\/%77%70%2d%63%6f%6e%74%65%6e%74\/uploads\/2021\/07\/hidrovia.jpg\" \/>\n\t<meta property=\"og:image:width\" content=\"709\" \/>\n\t<meta property=\"og:image:height\" content=\"399\" \/>\n\t<meta property=\"og:image:type\" content=\"image\/jpeg\" \/>\n<meta name=\"author\" content=\"Sebastian\" \/>\n<meta name=\"twitter:card\" content=\"summary_large_image\" \/>\n<meta name=\"twitter:creator\" content=\"@InformeLitoral\" \/>\n<meta name=\"twitter:site\" content=\"@InformeLitoral\" \/>\n<meta name=\"twitter:label1\" content=\"Escrito por\" \/>\n\t<meta name=\"twitter:data1\" content=\"Sebastian\" \/>\n\t<meta name=\"twitter:label2\" content=\"Tiempo de lectura\" \/>\n\t<meta name=\"twitter:data2\" content=\"3 minutos\" \/>\n<script type=\"application\/ld+json\" class=\"yoast-schema-graph\">{\"@context\":\"https:\\\/\\\/schema.org\",\"@graph\":[{\"@type\":\"Article\",\"@id\":\"https:\\\/\\\/informelitoral.com.ar\\\/el-gobierno-llamo-a-licitacion-para-privatizar-la-hidrovia\\\/#article\",\"isPartOf\":{\"@id\":\"https:\\\/\\\/informelitoral.com.ar\\\/el-gobierno-llamo-a-licitacion-para-privatizar-la-hidrovia\\\/\"},\"author\":{\"name\":\"Sebastian\",\"@id\":\"https:\\\/\\\/informelitoral.com.ar\\\/#\\\/schema\\\/person\\\/f05f9f461677119578717524b127d6d5\"},\"headline\":\"El Gobierno llam\u00f3 a licitaci\u00f3n para privatizar la Hidrov\u00eda\",\"datePublished\":\"2024-11-20T11:32:58+00:00\",\"dateModified\":\"2024-11-21T09:58:19+00:00\",\"mainEntityOfPage\":{\"@id\":\"https:\\\/\\\/informelitoral.com.ar\\\/el-gobierno-llamo-a-licitacion-para-privatizar-la-hidrovia\\\/\"},\"wordCount\":586,\"commentCount\":0,\"publisher\":{\"@id\":\"https:\\\/\\\/informelitoral.com.ar\\\/#organization\"},\"image\":{\"@id\":\"https:\\\/\\\/informelitoral.com.ar\\\/el-gobierno-llamo-a-licitacion-para-privatizar-la-hidrovia\\\/#primaryimage\"},\"thumbnailUrl\":\"https:\\\/\\\/informelitoral.com.ar\\\/%77%70%2d%63%6f%6e%74%65%6e%74\\\/uploads\\\/2021\\\/07\\\/hidrovia.jpg\",\"keywords\":[\"Hidrov\u00eda\",\"Hidrov\u00eda Paraguay-Paran\u00e1\",\"Privatizaci\u00f3n\"],\"articleSection\":[\"Politica\"],\"inLanguage\":\"es\",\"potentialAction\":[{\"@type\":\"CommentAction\",\"name\":\"Comment\",\"target\":[\"https:\\\/\\\/informelitoral.com.ar\\\/el-gobierno-llamo-a-licitacion-para-privatizar-la-hidrovia\\\/#respond\"]}]},{\"@type\":\"WebPage\",\"@id\":\"https:\\\/\\\/informelitoral.com.ar\\\/el-gobierno-llamo-a-licitacion-para-privatizar-la-hidrovia\\\/\",\"url\":\"https:\\\/\\\/informelitoral.com.ar\\\/el-gobierno-llamo-a-licitacion-para-privatizar-la-hidrovia\\\/\",\"name\":\"El Gobierno llam\u00f3 a licitaci\u00f3n para privatizar la Hidrov\u00eda - Informe Litoral\",\"isPartOf\":{\"@id\":\"https:\\\/\\\/informelitoral.com.ar\\\/#website\"},\"primaryImageOfPage\":{\"@id\":\"https:\\\/\\\/informelitoral.com.ar\\\/el-gobierno-llamo-a-licitacion-para-privatizar-la-hidrovia\\\/#primaryimage\"},\"image\":{\"@id\":\"https:\\\/\\\/informelitoral.com.ar\\\/el-gobierno-llamo-a-licitacion-para-privatizar-la-hidrovia\\\/#primaryimage\"},\"thumbnailUrl\":\"https:\\\/\\\/informelitoral.com.ar\\\/%77%70%2d%63%6f%6e%74%65%6e%74\\\/uploads\\\/2021\\\/07\\\/hidrovia.jpg\",\"datePublished\":\"2024-11-20T11:32:58+00:00\",\"dateModified\":\"2024-11-21T09:58:19+00:00\",\"breadcrumb\":{\"@id\":\"https:\\\/\\\/informelitoral.com.ar\\\/el-gobierno-llamo-a-licitacion-para-privatizar-la-hidrovia\\\/#breadcrumb\"},\"inLanguage\":\"es\",\"potentialAction\":[{\"@type\":\"ReadAction\",\"target\":[\"https:\\\/\\\/informelitoral.com.ar\\\/el-gobierno-llamo-a-licitacion-para-privatizar-la-hidrovia\\\/\"]}]},{\"@type\":\"ImageObject\",\"inLanguage\":\"es\",\"@id\":\"https:\\\/\\\/informelitoral.com.ar\\\/el-gobierno-llamo-a-licitacion-para-privatizar-la-hidrovia\\\/#primaryimage\",\"url\":\"https:\\\/\\\/informelitoral.com.ar\\\/%77%70%2d%63%6f%6e%74%65%6e%74\\\/uploads\\\/2021\\\/07\\\/hidrovia.jpg\",\"contentUrl\":\"https:\\\/\\\/informelitoral.com.ar\\\/%77%70%2d%63%6f%6e%74%65%6e%74\\\/uploads\\\/2021\\\/07\\\/hidrovia.jpg\",\"width\":709,\"height\":399},{\"@type\":\"BreadcrumbList\",\"@id\":\"https:\\\/\\\/informelitoral.com.ar\\\/el-gobierno-llamo-a-licitacion-para-privatizar-la-hidrovia\\\/#breadcrumb\",\"itemListElement\":[{\"@type\":\"ListItem\",\"position\":1,\"name\":\"Portada\",\"item\":\"https:\\\/\\\/informelitoral.com.ar\\\/\"},{\"@type\":\"ListItem\",\"position\":2,\"name\":\"El Gobierno llam\u00f3 a licitaci\u00f3n para privatizar la Hidrov\u00eda\"}]},{\"@type\":\"WebSite\",\"@id\":\"https:\\\/\\\/informelitoral.com.ar\\\/#website\",\"url\":\"https:\\\/\\\/informelitoral.com.ar\\\/\",\"name\":\"Informe Litoral\",\"description\":\"&quot;Nos informamos&quot; \",\"publisher\":{\"@id\":\"https:\\\/\\\/informelitoral.com.ar\\\/#organization\"},\"potentialAction\":[{\"@type\":\"SearchAction\",\"target\":{\"@type\":\"EntryPoint\",\"urlTemplate\":\"https:\\\/\\\/informelitoral.com.ar\\\/?s={search_term_string}\"},\"query-input\":{\"@type\":\"PropertyValueSpecification\",\"valueRequired\":true,\"valueName\":\"search_term_string\"}}],\"inLanguage\":\"es\"},{\"@type\":\"Organization\",\"@id\":\"https:\\\/\\\/informelitoral.com.ar\\\/#organization\",\"name\":\"Informe Litoral\",\"url\":\"https:\\\/\\\/informelitoral.com.ar\\\/\",\"logo\":{\"@type\":\"ImageObject\",\"inLanguage\":\"es\",\"@id\":\"https:\\\/\\\/informelitoral.com.ar\\\/#\\\/schema\\\/logo\\\/image\\\/\",\"url\":\"https:\\\/\\\/informelitoral.com.ar\\\/%77%70%2d%63%6f%6e%74%65%6e%74\\\/uploads\\\/2021\\\/01\\\/circulo.png\",\"contentUrl\":\"https:\\\/\\\/informelitoral.com.ar\\\/%77%70%2d%63%6f%6e%74%65%6e%74\\\/uploads\\\/2021\\\/01\\\/circulo.png\",\"width\":723,\"height\":731,\"caption\":\"Informe Litoral\"},\"image\":{\"@id\":\"https:\\\/\\\/informelitoral.com.ar\\\/#\\\/schema\\\/logo\\\/image\\\/\"},\"sameAs\":[\"https:\\\/\\\/www.facebook.com\\\/informelitoral\\\/\",\"https:\\\/\\\/x.com\\\/InformeLitoral\",\"https:\\\/\\\/www.instagram.com\\\/informelitoral\\\/\",\"https:\\\/\\\/www.youtube.com\\\/channel\\\/UCua4Qvz8Icb6MYqhoq9xLXw\"]},{\"@type\":\"Person\",\"@id\":\"https:\\\/\\\/informelitoral.com.ar\\\/#\\\/schema\\\/person\\\/f05f9f461677119578717524b127d6d5\",\"name\":\"Sebastian\",\"image\":{\"@type\":\"ImageObject\",\"inLanguage\":\"es\",\"@id\":\"https:\\\/\\\/secure.gravatar.com\\\/avatar\\\/b71bf7481d447dfb9583c7f2798e7cc64de6efb9067b74633ed8c31059a3bd82?s=96&d=mm&r=g\",\"url\":\"https:\\\/\\\/secure.gravatar.com\\\/avatar\\\/b71bf7481d447dfb9583c7f2798e7cc64de6efb9067b74633ed8c31059a3bd82?s=96&d=mm&r=g\",\"contentUrl\":\"https:\\\/\\\/secure.gravatar.com\\\/avatar\\\/b71bf7481d447dfb9583c7f2798e7cc64de6efb9067b74633ed8c31059a3bd82?s=96&d=mm&r=g\",\"caption\":\"Sebastian\"},\"url\":\"https:\\\/\\\/informelitoral.com.ar\\\/author\\\/sebastian\\\/\"}]}<\/script>","yoast_head_json":{"title":"El Gobierno llam\u00f3 a licitaci\u00f3n para privatizar la Hidrov\u00eda - Informe Litoral","robots":{"index":"index","follow":"follow","max-snippet":"max-snippet:-1","max-image-preview":"max-image-preview:large","max-video-preview":"max-video-preview:-1"},"canonical":"https:\/\/informelitoral.com.ar\/el-gobierno-llamo-a-licitacion-para-privatizar-la-hidrovia\/","og_locale":"es_ES","og_type":"article","og_title":"El Gobierno llam\u00f3 a licitaci\u00f3n para privatizar la Hidrov\u00eda - Informe Litoral","og_description":"El anuncio fue realizado por el Jefe de Gabinete, Guillermo Francos, en la sede de la Administraci\u00f3n General de Puertos.","og_url":"https:\/\/informelitoral.com.ar\/el-gobierno-llamo-a-licitacion-para-privatizar-la-hidrovia\/","og_site_name":"Informe Litoral","article_publisher":"https:\/\/www.facebook.com\/informelitoral\/","article_published_time":"2024-11-20T11:32:58+00:00","article_modified_time":"2024-11-21T09:58:19+00:00","og_image":[{"width":709,"height":399,"url":"https:\/\/informelitoral.com.ar\/%77%70%2d%63%6f%6e%74%65%6e%74\/uploads\/2021\/07\/hidrovia.jpg","type":"image\/jpeg"}],"author":"Sebastian","twitter_card":"summary_large_image","twitter_creator":"@InformeLitoral","twitter_site":"@InformeLitoral","twitter_misc":{"Escrito por":"Sebastian","Tiempo de lectura":"3 minutos"},"schema":{"@context":"https:\/\/schema.org","@graph":[{"@type":"Article","@id":"https:\/\/informelitoral.com.ar\/el-gobierno-llamo-a-licitacion-para-privatizar-la-hidrovia\/#article","isPartOf":{"@id":"https:\/\/informelitoral.com.ar\/el-gobierno-llamo-a-licitacion-para-privatizar-la-hidrovia\/"},"author":{"name":"Sebastian","@id":"https:\/\/informelitoral.com.ar\/#\/schema\/person\/f05f9f461677119578717524b127d6d5"},"headline":"El Gobierno llam\u00f3 a licitaci\u00f3n para privatizar la Hidrov\u00eda","datePublished":"2024-11-20T11:32:58+00:00","dateModified":"2024-11-21T09:58:19+00:00","mainEntityOfPage":{"@id":"https:\/\/informelitoral.com.ar\/el-gobierno-llamo-a-licitacion-para-privatizar-la-hidrovia\/"},"wordCount":586,"commentCount":0,"publisher":{"@id":"https:\/\/informelitoral.com.ar\/#organization"},"image":{"@id":"https:\/\/informelitoral.com.ar\/el-gobierno-llamo-a-licitacion-para-privatizar-la-hidrovia\/#primaryimage"},"thumbnailUrl":"https:\/\/informelitoral.com.ar\/%77%70%2d%63%6f%6e%74%65%6e%74\/uploads\/2021\/07\/hidrovia.jpg","keywords":["Hidrov\u00eda","Hidrov\u00eda Paraguay-Paran\u00e1","Privatizaci\u00f3n"],"articleSection":["Politica"],"inLanguage":"es","potentialAction":[{"@type":"CommentAction","name":"Comment","target":["https:\/\/informelitoral.com.ar\/el-gobierno-llamo-a-licitacion-para-privatizar-la-hidrovia\/#respond"]}]},{"@type":"WebPage","@id":"https:\/\/informelitoral.com.ar\/el-gobierno-llamo-a-licitacion-para-privatizar-la-hidrovia\/","url":"https:\/\/informelitoral.com.ar\/el-gobierno-llamo-a-licitacion-para-privatizar-la-hidrovia\/","name":"El Gobierno llam\u00f3 a licitaci\u00f3n para privatizar la Hidrov\u00eda - Informe Litoral","isPartOf":{"@id":"https:\/\/informelitoral.com.ar\/#website"},"primaryImageOfPage":{"@id":"https:\/\/informelitoral.com.ar\/el-gobierno-llamo-a-licitacion-para-privatizar-la-hidrovia\/#primaryimage"},"image":{"@id":"https:\/\/informelitoral.com.ar\/el-gobierno-llamo-a-licitacion-para-privatizar-la-hidrovia\/#primaryimage"},"thumbnailUrl":"https:\/\/informelitoral.com.ar\/%77%70%2d%63%6f%6e%74%65%6e%74\/uploads\/2021\/07\/hidrovia.jpg","datePublished":"2024-11-20T11:32:58+00:00","dateModified":"2024-11-21T09:58:19+00:00","breadcrumb":{"@id":"https:\/\/informelitoral.com.ar\/el-gobierno-llamo-a-licitacion-para-privatizar-la-hidrovia\/#breadcrumb"},"inLanguage":"es","potentialAction":[{"@type":"ReadAction","target":["https:\/\/informelitoral.com.ar\/el-gobierno-llamo-a-licitacion-para-privatizar-la-hidrovia\/"]}]},{"@type":"ImageObject","inLanguage":"es","@id":"https:\/\/informelitoral.com.ar\/el-gobierno-llamo-a-licitacion-para-privatizar-la-hidrovia\/#primaryimage","url":"https:\/\/informelitoral.com.ar\/%77%70%2d%63%6f%6e%74%65%6e%74\/uploads\/2021\/07\/hidrovia.jpg","contentUrl":"https:\/\/informelitoral.com.ar\/%77%70%2d%63%6f%6e%74%65%6e%74\/uploads\/2021\/07\/hidrovia.jpg","width":709,"height":399},{"@type":"BreadcrumbList","@id":"https:\/\/informelitoral.com.ar\/el-gobierno-llamo-a-licitacion-para-privatizar-la-hidrovia\/#breadcrumb","itemListElement":[{"@type":"ListItem","position":1,"name":"Portada","item":"https:\/\/informelitoral.com.ar\/"},{"@type":"ListItem","position":2,"name":"El Gobierno llam\u00f3 a licitaci\u00f3n para privatizar la Hidrov\u00eda"}]},{"@type":"WebSite","@id":"https:\/\/informelitoral.com.ar\/#website","url":"https:\/\/informelitoral.com.ar\/","name":"Informe Litoral","description":"&quot;Nos informamos&quot; ","publisher":{"@id":"https:\/\/informelitoral.com.ar\/#organization"},"potentialAction":[{"@type":"SearchAction","target":{"@type":"EntryPoint","urlTemplate":"https:\/\/informelitoral.com.ar\/?s={search_term_string}"},"query-input":{"@type":"PropertyValueSpecification","valueRequired":true,"valueName":"search_term_string"}}],"inLanguage":"es"},{"@type":"Organization","@id":"https:\/\/informelitoral.com.ar\/#organization","name":"Informe Litoral","url":"https:\/\/informelitoral.com.ar\/","logo":{"@type":"ImageObject","inLanguage":"es","@id":"https:\/\/informelitoral.com.ar\/#\/schema\/logo\/image\/","url":"https:\/\/informelitoral.com.ar\/%77%70%2d%63%6f%6e%74%65%6e%74\/uploads\/2021\/01\/circulo.png","contentUrl":"https:\/\/informelitoral.com.ar\/%77%70%2d%63%6f%6e%74%65%6e%74\/uploads\/2021\/01\/circulo.png","width":723,"height":731,"caption":"Informe Litoral"},"image":{"@id":"https:\/\/informelitoral.com.ar\/#\/schema\/logo\/image\/"},"sameAs":["https:\/\/www.facebook.com\/informelitoral\/","https:\/\/x.com\/InformeLitoral","https:\/\/www.instagram.com\/informelitoral\/","https:\/\/www.youtube.com\/channel\/UCua4Qvz8Icb6MYqhoq9xLXw"]},{"@type":"Person","@id":"https:\/\/informelitoral.com.ar\/#\/schema\/person\/f05f9f461677119578717524b127d6d5","name":"Sebastian","image":{"@type":"ImageObject","inLanguage":"es","@id":"https:\/\/secure.gravatar.com\/avatar\/b71bf7481d447dfb9583c7f2798e7cc64de6efb9067b74633ed8c31059a3bd82?s=96&d=mm&r=g","url":"https:\/\/secure.gravatar.com\/avatar\/b71bf7481d447dfb9583c7f2798e7cc64de6efb9067b74633ed8c31059a3bd82?s=96&d=mm&r=g","contentUrl":"https:\/\/secure.gravatar.com\/avatar\/b71bf7481d447dfb9583c7f2798e7cc64de6efb9067b74633ed8c31059a3bd82?s=96&d=mm&r=g","caption":"Sebastian"},"url":"https:\/\/informelitoral.com.ar\/author\/sebastian\/"}]}},"_links":{"self":[{"href":"https:\/\/informelitoral.com.ar\/%77%70%2d%6a%73%6f%6e\/wp\/v2\/posts\/204104","targetHints":{"allow":["GET"]}}],"collection":[{"href":"https:\/\/informelitoral.com.ar\/%77%70%2d%6a%73%6f%6e\/wp\/v2\/posts"}],"about":[{"href":"https:\/\/informelitoral.com.ar\/%77%70%2d%6a%73%6f%6e\/wp\/v2\/types\/post"}],"author":[{"embeddable":true,"href":"https:\/\/informelitoral.com.ar\/%77%70%2d%6a%73%6f%6e\/wp\/v2\/users\/8"}],"replies":[{"embeddable":true,"href":"https:\/\/informelitoral.com.ar\/%77%70%2d%6a%73%6f%6e\/wp\/v2\/comments?post=204104"}],"version-history":[{"count":0,"href":"https:\/\/informelitoral.com.ar\/%77%70%2d%6a%73%6f%6e\/wp\/v2\/posts\/204104\/revisions"}],"wp:featuredmedia":[{"embeddable":true,"href":"https:\/\/informelitoral.com.ar\/%77%70%2d%6a%73%6f%6e\/wp\/v2\/media\/61817"}],"wp:attachment":[{"href":"https:\/\/informelitoral.com.ar\/%77%70%2d%6a%73%6f%6e\/wp\/v2\/media?parent=204104"}],"wp:term":[{"taxonomy":"category","embeddable":true,"href":"https:\/\/informelitoral.com.ar\/%77%70%2d%6a%73%6f%6e\/wp\/v2\/categories?post=204104"},{"taxonomy":"post_tag","embeddable":true,"href":"https:\/\/informelitoral.com.ar\/%77%70%2d%6a%73%6f%6e\/wp\/v2\/tags?post=204104"}],"curies":[{"name":"wp","href":"https:\/\/api.w.org\/{rel}","templated":true}]}}