{"id":203984,"date":"2024-11-19T09:57:32","date_gmt":"2024-11-19T12:57:32","guid":{"rendered":"https:\/\/www.informelitoral.com.ar\/?p=203984"},"modified":"2024-11-19T10:38:55","modified_gmt":"2024-11-19T13:38:55","slug":"cuando-se-tomaran-las-pruebas-aprender-en-todo-el-pais","status":"publish","type":"post","link":"https:\/\/informelitoral.com.ar\/cuando-se-tomaran-las-pruebas-aprender-en-todo-el-pais\/","title":{"rendered":"Cu\u00e1ndo se tomar\u00e1n las pruebas Aprender en todo el pa\u00eds"},"content":{"rendered":"<p>El<strong> Ministerio de Capital Humano<\/strong> anunci\u00f3 que este <strong>mi\u00e9rcoles<\/strong> se llevar\u00e1 a cabo la prueba Aprender, como parte del <strong>Plan Nacional de Alfabetizaci\u00f3n<\/strong> impulsado por la gesti\u00f3n del presidente <strong>Javier Milei<\/strong>.<\/p>\n<p>La cartera encabezada por <strong>Sandra Pettovello<\/strong> inform\u00f3 que participar\u00e1n de la evaluaci\u00f3n un total de 1<strong>05.863 estudiantes de 3er. grado<\/strong>,<strong> provenientes de 4.292 escuelas<\/strong>, tanto rurales como urbanas, p\u00fablicas y privadas. El objetivo principal de la prueba ser\u00e1 evaluar los aprendizajes en Lengua del primer ciclo de primaria, con el fin de medir el nivel de competencia lectora de los estudiantes. <strong>Esta evaluaci\u00f3n permitir\u00e1 obtener informaci\u00f3n valiosa sobre los \u00edndices de lectoescritura en las 23 provincias y la Ciudad de Buenos Aires.<\/strong><\/p>\n<h5><em><strong>Te puede interesar:\u00a0<a href=\"https:\/\/www.informelitoral.com.ar\/el-gobierno-establecio-el-cronograma-de-pago-para-jubilados-y-auh-de-todo-2025-cuales-son-las-fechas\/\" target=\"_blank\" rel=\"noopener\">El Gobierno estableci\u00f3 el cronograma de pago para jubilados y AUH de todo 2025: cu\u00e1les son las fechas<\/a><\/strong><\/em><\/h5>\n<p>En las redes sociales del ministerio, se destac\u00f3 que la prueba Aprender es \u201cfundamental para el pa\u00eds\u201d porque \u201cbrinda informaci\u00f3n crucial sobre los aprendizajes de los alumnos en diversas etapas del sistema educativo\u201d y tiene como fin \u201cmejorar la educaci\u00f3n\u201d.<\/p>\n<p>Los resultados de esta evaluaci\u00f3n permitir\u00e1n diagnosticar el estado de los aprendizajes y contribuir\u00e1n a la toma de decisiones orientadas a fortalecer el plan nacional y los planes jurisdiccionales de alfabetizaci\u00f3n. \u00abPor eso, la prueba Aprender es una herramienta clave para generar el cambio que buscamos\u00bb, concluy\u00f3 el comunicado.<\/p>\n<p>La prueba se desarrollar\u00e1 a trav\u00e9s de tres cuadernillos. En los dos primeros, los estudiantes deber\u00e1n resolver ejercicios de lectura y responder preguntas de opci\u00f3n m\u00faltiple sobre diferentes tipos de textos. En el tercero, se les pedir\u00e1 que respondan preguntas sobre su experiencia escolar y el entorno en el que viven.<\/p>\n<p>De manera paralela, directores y docentes tambi\u00e9n completar\u00e1n cuestionarios para obtener informaci\u00f3n sobre las caracter\u00edsticas de las escuelas, los recursos disponibles, las estrategias de ense\u00f1anza y el clima escolar.<\/p>\n","protected":false},"excerpt":{"rendered":"<p>La prueba Aprender precisar\u00e1 el nivel de aprendizaje de \u201c105.863 estudiantes de 3er. grado de 4.292 escuelas\u201d en todo el pa\u00eds.<\/p>\n","protected":false},"author":8,"featured_media":194293,"comment_status":"open","ping_status":"open","sticky":false,"template":"","format":"standard","meta":{"fifu_image_url":"","fifu_image_alt":"","footnotes":""},"categories":[7],"tags":[246,98,3756],"class_list":{"0":"post-203984","1":"post","2":"type-post","3":"status-publish","4":"format-standard","5":"has-post-thumbnail","7":"category-nacionales","8":"tag-argentina","9":"tag-educacion","10":"tag-prueba-aprender"},"yoast_head":"<title>Cu\u00e1ndo se tomar\u00e1n las pruebas Aprender en todo el pa\u00eds - Informe Litoral<\/title>\n<meta name=\"robots\" content=\"index, follow, max-snippet:-1, max-image-preview:large, max-video-preview:-1\" \/>\n<link rel=\"canonical\" href=\"https:\/\/informelitoral.com.ar\/cuando-se-tomaran-las-pruebas-aprender-en-todo-el-pais\/\" \/>\n<meta property=\"og:locale\" content=\"es_ES\" \/>\n<meta property=\"og:type\" content=\"article\" \/>\n<meta property=\"og:title\" content=\"Cu\u00e1ndo se tomar\u00e1n las pruebas Aprender en todo el pa\u00eds - Informe Litoral\" \/>\n<meta property=\"og:description\" content=\"La prueba Aprender precisar\u00e1 el nivel de aprendizaje de \u201c105.863 estudiantes de 3er. grado de 4.292 escuelas\u201d en todo el pa\u00eds.\" \/>\n<meta property=\"og:url\" content=\"https:\/\/informelitoral.com.ar\/cuando-se-tomaran-las-pruebas-aprender-en-todo-el-pais\/\" \/>\n<meta property=\"og:site_name\" content=\"Informe Litoral\" \/>\n<meta property=\"article:publisher\" content=\"https:\/\/www.facebook.com\/informelitoral\/\" \/>\n<meta property=\"article:published_time\" content=\"2024-11-19T12:57:32+00:00\" \/>\n<meta property=\"article:modified_time\" content=\"2024-11-19T13:38:55+00:00\" \/>\n<meta property=\"og:image\" content=\"https:\/\/informelitoral.com.ar\/%77%70%2d%63%6f%6e%74%65%6e%74\/uploads\/2024\/08\/aulas-docentes.webp\" \/>\n\t<meta property=\"og:image:width\" content=\"1200\" \/>\n\t<meta property=\"og:image:height\" content=\"675\" \/>\n\t<meta property=\"og:image:type\" content=\"image\/webp\" \/>\n<meta name=\"author\" content=\"Sebastian\" \/>\n<meta name=\"twitter:card\" content=\"summary_large_image\" \/>\n<meta name=\"twitter:creator\" content=\"@InformeLitoral\" \/>\n<meta name=\"twitter:site\" content=\"@InformeLitoral\" \/>\n<meta name=\"twitter:label1\" content=\"Escrito por\" \/>\n\t<meta name=\"twitter:data1\" content=\"Sebastian\" \/>\n\t<meta name=\"twitter:label2\" content=\"Tiempo de lectura\" \/>\n\t<meta name=\"twitter:data2\" content=\"2 minutos\" \/>\n<script type=\"application\/ld+json\" class=\"yoast-schema-graph\">{\"@context\":\"https:\\\/\\\/schema.org\",\"@graph\":[{\"@type\":\"Article\",\"@id\":\"https:\\\/\\\/informelitoral.com.ar\\\/cuando-se-tomaran-las-pruebas-aprender-en-todo-el-pais\\\/#article\",\"isPartOf\":{\"@id\":\"https:\\\/\\\/informelitoral.com.ar\\\/cuando-se-tomaran-las-pruebas-aprender-en-todo-el-pais\\\/\"},\"author\":{\"name\":\"Sebastian\",\"@id\":\"https:\\\/\\\/informelitoral.com.ar\\\/#\\\/schema\\\/person\\\/f05f9f461677119578717524b127d6d5\"},\"headline\":\"Cu\u00e1ndo se tomar\u00e1n las pruebas Aprender en todo el pa\u00eds\",\"datePublished\":\"2024-11-19T12:57:32+00:00\",\"dateModified\":\"2024-11-19T13:38:55+00:00\",\"mainEntityOfPage\":{\"@id\":\"https:\\\/\\\/informelitoral.com.ar\\\/cuando-se-tomaran-las-pruebas-aprender-en-todo-el-pais\\\/\"},\"wordCount\":337,\"commentCount\":0,\"publisher\":{\"@id\":\"https:\\\/\\\/informelitoral.com.ar\\\/#organization\"},\"image\":{\"@id\":\"https:\\\/\\\/informelitoral.com.ar\\\/cuando-se-tomaran-las-pruebas-aprender-en-todo-el-pais\\\/#primaryimage\"},\"thumbnailUrl\":\"https:\\\/\\\/informelitoral.com.ar\\\/%77%70%2d%63%6f%6e%74%65%6e%74\\\/uploads\\\/2024\\\/08\\\/aulas-docentes.webp\",\"keywords\":[\"Argentina\",\"Educaci\u00f3n\",\"Prueba aprender\"],\"articleSection\":[\"Nacionales\"],\"inLanguage\":\"es\",\"potentialAction\":[{\"@type\":\"CommentAction\",\"name\":\"Comment\",\"target\":[\"https:\\\/\\\/informelitoral.com.ar\\\/cuando-se-tomaran-las-pruebas-aprender-en-todo-el-pais\\\/#respond\"]}]},{\"@type\":\"WebPage\",\"@id\":\"https:\\\/\\\/informelitoral.com.ar\\\/cuando-se-tomaran-las-pruebas-aprender-en-todo-el-pais\\\/\",\"url\":\"https:\\\/\\\/informelitoral.com.ar\\\/cuando-se-tomaran-las-pruebas-aprender-en-todo-el-pais\\\/\",\"name\":\"Cu\u00e1ndo se tomar\u00e1n las pruebas Aprender en todo el pa\u00eds - Informe Litoral\",\"isPartOf\":{\"@id\":\"https:\\\/\\\/informelitoral.com.ar\\\/#website\"},\"primaryImageOfPage\":{\"@id\":\"https:\\\/\\\/informelitoral.com.ar\\\/cuando-se-tomaran-las-pruebas-aprender-en-todo-el-pais\\\/#primaryimage\"},\"image\":{\"@id\":\"https:\\\/\\\/informelitoral.com.ar\\\/cuando-se-tomaran-las-pruebas-aprender-en-todo-el-pais\\\/#primaryimage\"},\"thumbnailUrl\":\"https:\\\/\\\/informelitoral.com.ar\\\/%77%70%2d%63%6f%6e%74%65%6e%74\\\/uploads\\\/2024\\\/08\\\/aulas-docentes.webp\",\"datePublished\":\"2024-11-19T12:57:32+00:00\",\"dateModified\":\"2024-11-19T13:38:55+00:00\",\"breadcrumb\":{\"@id\":\"https:\\\/\\\/informelitoral.com.ar\\\/cuando-se-tomaran-las-pruebas-aprender-en-todo-el-pais\\\/#breadcrumb\"},\"inLanguage\":\"es\",\"potentialAction\":[{\"@type\":\"ReadAction\",\"target\":[\"https:\\\/\\\/informelitoral.com.ar\\\/cuando-se-tomaran-las-pruebas-aprender-en-todo-el-pais\\\/\"]}]},{\"@type\":\"ImageObject\",\"inLanguage\":\"es\",\"@id\":\"https:\\\/\\\/informelitoral.com.ar\\\/cuando-se-tomaran-las-pruebas-aprender-en-todo-el-pais\\\/#primaryimage\",\"url\":\"https:\\\/\\\/informelitoral.com.ar\\\/%77%70%2d%63%6f%6e%74%65%6e%74\\\/uploads\\\/2024\\\/08\\\/aulas-docentes.webp\",\"contentUrl\":\"https:\\\/\\\/informelitoral.com.ar\\\/%77%70%2d%63%6f%6e%74%65%6e%74\\\/uploads\\\/2024\\\/08\\\/aulas-docentes.webp\",\"width\":1200,\"height\":675},{\"@type\":\"BreadcrumbList\",\"@id\":\"https:\\\/\\\/informelitoral.com.ar\\\/cuando-se-tomaran-las-pruebas-aprender-en-todo-el-pais\\\/#breadcrumb\",\"itemListElement\":[{\"@type\":\"ListItem\",\"position\":1,\"name\":\"Portada\",\"item\":\"https:\\\/\\\/informelitoral.com.ar\\\/\"},{\"@type\":\"ListItem\",\"position\":2,\"name\":\"Cu\u00e1ndo se tomar\u00e1n las pruebas Aprender en todo el pa\u00eds\"}]},{\"@type\":\"WebSite\",\"@id\":\"https:\\\/\\\/informelitoral.com.ar\\\/#website\",\"url\":\"https:\\\/\\\/informelitoral.com.ar\\\/\",\"name\":\"Informe Litoral\",\"description\":\"&quot;Nos informamos&quot; \",\"publisher\":{\"@id\":\"https:\\\/\\\/informelitoral.com.ar\\\/#organization\"},\"potentialAction\":[{\"@type\":\"SearchAction\",\"target\":{\"@type\":\"EntryPoint\",\"urlTemplate\":\"https:\\\/\\\/informelitoral.com.ar\\\/?s={search_term_string}\"},\"query-input\":{\"@type\":\"PropertyValueSpecification\",\"valueRequired\":true,\"valueName\":\"search_term_string\"}}],\"inLanguage\":\"es\"},{\"@type\":\"Organization\",\"@id\":\"https:\\\/\\\/informelitoral.com.ar\\\/#organization\",\"name\":\"Informe Litoral\",\"url\":\"https:\\\/\\\/informelitoral.com.ar\\\/\",\"logo\":{\"@type\":\"ImageObject\",\"inLanguage\":\"es\",\"@id\":\"https:\\\/\\\/informelitoral.com.ar\\\/#\\\/schema\\\/logo\\\/image\\\/\",\"url\":\"https:\\\/\\\/informelitoral.com.ar\\\/%77%70%2d%63%6f%6e%74%65%6e%74\\\/uploads\\\/2021\\\/01\\\/circulo.png\",\"contentUrl\":\"https:\\\/\\\/informelitoral.com.ar\\\/%77%70%2d%63%6f%6e%74%65%6e%74\\\/uploads\\\/2021\\\/01\\\/circulo.png\",\"width\":723,\"height\":731,\"caption\":\"Informe Litoral\"},\"image\":{\"@id\":\"https:\\\/\\\/informelitoral.com.ar\\\/#\\\/schema\\\/logo\\\/image\\\/\"},\"sameAs\":[\"https:\\\/\\\/www.facebook.com\\\/informelitoral\\\/\",\"https:\\\/\\\/x.com\\\/InformeLitoral\",\"https:\\\/\\\/www.instagram.com\\\/informelitoral\\\/\",\"https:\\\/\\\/www.youtube.com\\\/channel\\\/UCua4Qvz8Icb6MYqhoq9xLXw\"]},{\"@type\":\"Person\",\"@id\":\"https:\\\/\\\/informelitoral.com.ar\\\/#\\\/schema\\\/person\\\/f05f9f461677119578717524b127d6d5\",\"name\":\"Sebastian\",\"image\":{\"@type\":\"ImageObject\",\"inLanguage\":\"es\",\"@id\":\"https:\\\/\\\/secure.gravatar.com\\\/avatar\\\/b71bf7481d447dfb9583c7f2798e7cc64de6efb9067b74633ed8c31059a3bd82?s=96&d=mm&r=g\",\"url\":\"https:\\\/\\\/secure.gravatar.com\\\/avatar\\\/b71bf7481d447dfb9583c7f2798e7cc64de6efb9067b74633ed8c31059a3bd82?s=96&d=mm&r=g\",\"contentUrl\":\"https:\\\/\\\/secure.gravatar.com\\\/avatar\\\/b71bf7481d447dfb9583c7f2798e7cc64de6efb9067b74633ed8c31059a3bd82?s=96&d=mm&r=g\",\"caption\":\"Sebastian\"},\"url\":\"https:\\\/\\\/informelitoral.com.ar\\\/author\\\/sebastian\\\/\"}]}<\/script>","yoast_head_json":{"title":"Cu\u00e1ndo se tomar\u00e1n las pruebas Aprender en todo el pa\u00eds - Informe Litoral","robots":{"index":"index","follow":"follow","max-snippet":"max-snippet:-1","max-image-preview":"max-image-preview:large","max-video-preview":"max-video-preview:-1"},"canonical":"https:\/\/informelitoral.com.ar\/cuando-se-tomaran-las-pruebas-aprender-en-todo-el-pais\/","og_locale":"es_ES","og_type":"article","og_title":"Cu\u00e1ndo se tomar\u00e1n las pruebas Aprender en todo el pa\u00eds - Informe Litoral","og_description":"La prueba Aprender precisar\u00e1 el nivel de aprendizaje de \u201c105.863 estudiantes de 3er. grado de 4.292 escuelas\u201d en todo el pa\u00eds.","og_url":"https:\/\/informelitoral.com.ar\/cuando-se-tomaran-las-pruebas-aprender-en-todo-el-pais\/","og_site_name":"Informe Litoral","article_publisher":"https:\/\/www.facebook.com\/informelitoral\/","article_published_time":"2024-11-19T12:57:32+00:00","article_modified_time":"2024-11-19T13:38:55+00:00","og_image":[{"width":1200,"height":675,"url":"https:\/\/informelitoral.com.ar\/%77%70%2d%63%6f%6e%74%65%6e%74\/uploads\/2024\/08\/aulas-docentes.webp","type":"image\/webp"}],"author":"Sebastian","twitter_card":"summary_large_image","twitter_creator":"@InformeLitoral","twitter_site":"@InformeLitoral","twitter_misc":{"Escrito por":"Sebastian","Tiempo de lectura":"2 minutos"},"schema":{"@context":"https:\/\/schema.org","@graph":[{"@type":"Article","@id":"https:\/\/informelitoral.com.ar\/cuando-se-tomaran-las-pruebas-aprender-en-todo-el-pais\/#article","isPartOf":{"@id":"https:\/\/informelitoral.com.ar\/cuando-se-tomaran-las-pruebas-aprender-en-todo-el-pais\/"},"author":{"name":"Sebastian","@id":"https:\/\/informelitoral.com.ar\/#\/schema\/person\/f05f9f461677119578717524b127d6d5"},"headline":"Cu\u00e1ndo se tomar\u00e1n las pruebas Aprender en todo el pa\u00eds","datePublished":"2024-11-19T12:57:32+00:00","dateModified":"2024-11-19T13:38:55+00:00","mainEntityOfPage":{"@id":"https:\/\/informelitoral.com.ar\/cuando-se-tomaran-las-pruebas-aprender-en-todo-el-pais\/"},"wordCount":337,"commentCount":0,"publisher":{"@id":"https:\/\/informelitoral.com.ar\/#organization"},"image":{"@id":"https:\/\/informelitoral.com.ar\/cuando-se-tomaran-las-pruebas-aprender-en-todo-el-pais\/#primaryimage"},"thumbnailUrl":"https:\/\/informelitoral.com.ar\/%77%70%2d%63%6f%6e%74%65%6e%74\/uploads\/2024\/08\/aulas-docentes.webp","keywords":["Argentina","Educaci\u00f3n","Prueba aprender"],"articleSection":["Nacionales"],"inLanguage":"es","potentialAction":[{"@type":"CommentAction","name":"Comment","target":["https:\/\/informelitoral.com.ar\/cuando-se-tomaran-las-pruebas-aprender-en-todo-el-pais\/#respond"]}]},{"@type":"WebPage","@id":"https:\/\/informelitoral.com.ar\/cuando-se-tomaran-las-pruebas-aprender-en-todo-el-pais\/","url":"https:\/\/informelitoral.com.ar\/cuando-se-tomaran-las-pruebas-aprender-en-todo-el-pais\/","name":"Cu\u00e1ndo se tomar\u00e1n las pruebas Aprender en todo el pa\u00eds - Informe Litoral","isPartOf":{"@id":"https:\/\/informelitoral.com.ar\/#website"},"primaryImageOfPage":{"@id":"https:\/\/informelitoral.com.ar\/cuando-se-tomaran-las-pruebas-aprender-en-todo-el-pais\/#primaryimage"},"image":{"@id":"https:\/\/informelitoral.com.ar\/cuando-se-tomaran-las-pruebas-aprender-en-todo-el-pais\/#primaryimage"},"thumbnailUrl":"https:\/\/informelitoral.com.ar\/%77%70%2d%63%6f%6e%74%65%6e%74\/uploads\/2024\/08\/aulas-docentes.webp","datePublished":"2024-11-19T12:57:32+00:00","dateModified":"2024-11-19T13:38:55+00:00","breadcrumb":{"@id":"https:\/\/informelitoral.com.ar\/cuando-se-tomaran-las-pruebas-aprender-en-todo-el-pais\/#breadcrumb"},"inLanguage":"es","potentialAction":[{"@type":"ReadAction","target":["https:\/\/informelitoral.com.ar\/cuando-se-tomaran-las-pruebas-aprender-en-todo-el-pais\/"]}]},{"@type":"ImageObject","inLanguage":"es","@id":"https:\/\/informelitoral.com.ar\/cuando-se-tomaran-las-pruebas-aprender-en-todo-el-pais\/#primaryimage","url":"https:\/\/informelitoral.com.ar\/%77%70%2d%63%6f%6e%74%65%6e%74\/uploads\/2024\/08\/aulas-docentes.webp","contentUrl":"https:\/\/informelitoral.com.ar\/%77%70%2d%63%6f%6e%74%65%6e%74\/uploads\/2024\/08\/aulas-docentes.webp","width":1200,"height":675},{"@type":"BreadcrumbList","@id":"https:\/\/informelitoral.com.ar\/cuando-se-tomaran-las-pruebas-aprender-en-todo-el-pais\/#breadcrumb","itemListElement":[{"@type":"ListItem","position":1,"name":"Portada","item":"https:\/\/informelitoral.com.ar\/"},{"@type":"ListItem","position":2,"name":"Cu\u00e1ndo se tomar\u00e1n las pruebas Aprender en todo el pa\u00eds"}]},{"@type":"WebSite","@id":"https:\/\/informelitoral.com.ar\/#website","url":"https:\/\/informelitoral.com.ar\/","name":"Informe Litoral","description":"&quot;Nos informamos&quot; ","publisher":{"@id":"https:\/\/informelitoral.com.ar\/#organization"},"potentialAction":[{"@type":"SearchAction","target":{"@type":"EntryPoint","urlTemplate":"https:\/\/informelitoral.com.ar\/?s={search_term_string}"},"query-input":{"@type":"PropertyValueSpecification","valueRequired":true,"valueName":"search_term_string"}}],"inLanguage":"es"},{"@type":"Organization","@id":"https:\/\/informelitoral.com.ar\/#organization","name":"Informe Litoral","url":"https:\/\/informelitoral.com.ar\/","logo":{"@type":"ImageObject","inLanguage":"es","@id":"https:\/\/informelitoral.com.ar\/#\/schema\/logo\/image\/","url":"https:\/\/informelitoral.com.ar\/%77%70%2d%63%6f%6e%74%65%6e%74\/uploads\/2021\/01\/circulo.png","contentUrl":"https:\/\/informelitoral.com.ar\/%77%70%2d%63%6f%6e%74%65%6e%74\/uploads\/2021\/01\/circulo.png","width":723,"height":731,"caption":"Informe Litoral"},"image":{"@id":"https:\/\/informelitoral.com.ar\/#\/schema\/logo\/image\/"},"sameAs":["https:\/\/www.facebook.com\/informelitoral\/","https:\/\/x.com\/InformeLitoral","https:\/\/www.instagram.com\/informelitoral\/","https:\/\/www.youtube.com\/channel\/UCua4Qvz8Icb6MYqhoq9xLXw"]},{"@type":"Person","@id":"https:\/\/informelitoral.com.ar\/#\/schema\/person\/f05f9f461677119578717524b127d6d5","name":"Sebastian","image":{"@type":"ImageObject","inLanguage":"es","@id":"https:\/\/secure.gravatar.com\/avatar\/b71bf7481d447dfb9583c7f2798e7cc64de6efb9067b74633ed8c31059a3bd82?s=96&d=mm&r=g","url":"https:\/\/secure.gravatar.com\/avatar\/b71bf7481d447dfb9583c7f2798e7cc64de6efb9067b74633ed8c31059a3bd82?s=96&d=mm&r=g","contentUrl":"https:\/\/secure.gravatar.com\/avatar\/b71bf7481d447dfb9583c7f2798e7cc64de6efb9067b74633ed8c31059a3bd82?s=96&d=mm&r=g","caption":"Sebastian"},"url":"https:\/\/informelitoral.com.ar\/author\/sebastian\/"}]}},"_links":{"self":[{"href":"https:\/\/informelitoral.com.ar\/%77%70%2d%6a%73%6f%6e\/wp\/v2\/posts\/203984","targetHints":{"allow":["GET"]}}],"collection":[{"href":"https:\/\/informelitoral.com.ar\/%77%70%2d%6a%73%6f%6e\/wp\/v2\/posts"}],"about":[{"href":"https:\/\/informelitoral.com.ar\/%77%70%2d%6a%73%6f%6e\/wp\/v2\/types\/post"}],"author":[{"embeddable":true,"href":"https:\/\/informelitoral.com.ar\/%77%70%2d%6a%73%6f%6e\/wp\/v2\/users\/8"}],"replies":[{"embeddable":true,"href":"https:\/\/informelitoral.com.ar\/%77%70%2d%6a%73%6f%6e\/wp\/v2\/comments?post=203984"}],"version-history":[{"count":0,"href":"https:\/\/informelitoral.com.ar\/%77%70%2d%6a%73%6f%6e\/wp\/v2\/posts\/203984\/revisions"}],"wp:featuredmedia":[{"embeddable":true,"href":"https:\/\/informelitoral.com.ar\/%77%70%2d%6a%73%6f%6e\/wp\/v2\/media\/194293"}],"wp:attachment":[{"href":"https:\/\/informelitoral.com.ar\/%77%70%2d%6a%73%6f%6e\/wp\/v2\/media?parent=203984"}],"wp:term":[{"taxonomy":"category","embeddable":true,"href":"https:\/\/informelitoral.com.ar\/%77%70%2d%6a%73%6f%6e\/wp\/v2\/categories?post=203984"},{"taxonomy":"post_tag","embeddable":true,"href":"https:\/\/informelitoral.com.ar\/%77%70%2d%6a%73%6f%6e\/wp\/v2\/tags?post=203984"}],"curies":[{"name":"wp","href":"https:\/\/api.w.org\/{rel}","templated":true}]}}