{"id":203832,"date":"2024-11-15T11:42:33","date_gmt":"2024-11-15T14:42:33","guid":{"rendered":"https:\/\/www.informelitoral.com.ar\/?p=203832"},"modified":"2024-11-15T11:48:02","modified_gmt":"2024-11-15T14:48:02","slug":"el-gobierno-establecio-el-cronograma-de-pago-para-jubilados-y-auh-de-todo-2025-cuales-son-las-fechas","status":"publish","type":"post","link":"https:\/\/informelitoral.com.ar\/el-gobierno-establecio-el-cronograma-de-pago-para-jubilados-y-auh-de-todo-2025-cuales-son-las-fechas\/","title":{"rendered":"El Gobierno estableci\u00f3 el cronograma de pago para jubilados y AUH de todo 2025: cu\u00e1les son las fechas"},"content":{"rendered":"<p>La Administraci\u00f3n Nacional de la Seguridad Social (ANSES) estableci\u00f3 el cronograma de pagos para las jubilaciones, pensiones, AUH, SUAF y otras prestaciones para todo 2025. El calendario de pagos del a\u00f1o pr\u00f3ximo iniciar\u00e1 el jueves 9 de enero,. con el cobro para los jubilados y titulares de las pensiones no contributivas (PNC). No obstante, a\u00fan resta conocer cu\u00e1les ser\u00e1n los incrementos que se aplicar\u00e1n en los haberes de enero a diciembre, que van en l\u00ednea con la inflaci\u00f3n mensual.<\/p>\n<p>El Gobierno fij\u00f3 el cronograma de cobro de todo 2025 en la resoluci\u00f3n 1091, publicada este viernes en el Bolet\u00edn Oficial. En los considerandos de la medida, el organismo se\u00f1al\u00f3 que \u201ccorresponde adecuar las fechas de pago al pron\u00f3stico de ingresos al Sistema Previsional, en particular los provenientes de la recaudaci\u00f3n de aportes y contribuciones sobre la n\u00f3mina salarial\u201d.<\/p>\n<p>\u201cLas condiciones financieras vigentes para atender las obligaciones previsionales permiten establecer el esquema de pago en 20 grupos\u201d, indica la resoluci\u00f3n firmada por el director ejecutivo de la ANSES, Mariano de los Heros.<\/p>\n<p>En tanto, el aumento para las jubilaciones y otras asignaciones de la ANSES se rige por la f\u00f3rmula de movilidad establecida por el DNU 274, que sigue la evoluci\u00f3n mensual de los precios. Abarca a un universo de 6 millones de personas, de los cuales el 52% (3,1 millones) cobran la m\u00ednima. Ese mecanismo tambi\u00e9n se aplica para actualizar otras prestaciones que paga la ANSES. As\u00ed la Asignaci\u00f3n Universal por Hijo (AUH) y la Asignaci\u00f3n por Embarazo Para Protecci\u00f3n Social (AUE).<\/p>\n<h2><strong>Cu\u00e1ndo cobrar\u00e1n los jubilados y pensionados ANSES en 2025<\/strong><\/h2>\n<p><strong>Los jubilados y pensionados de la ANSES que perciben el haber m\u00ednimo cobrar\u00e1n en 2025 de las siguientes fechas:<\/strong><\/p>\n<ul>\n<li>Enero 2025: del 9 al 22 de enero, de acuerdo a la terminaci\u00f3n del DNI.<\/li>\n<li>Febrero 2025: inician el 10 y finalizan el 21 de febrero, seg\u00fan la finalizaci\u00f3n del documento.<\/li>\n<li>Marzo 2025: del 12 al 20 de marzo, de acuerdo a la terminaci\u00f3n del DNI.<\/li>\n<li>Abril 2025: el calendario inicia el 9 y termina el 23, seg\u00fan el \u00faltimo d\u00edgito del DNI.<\/li>\n<li>Mayo 2025: del 9 al 22 de mayo, de acuerdo a la terminaci\u00f3n del DNI.<\/li>\n<li>Junio 2025: del 9 al 23, de acuerdo a la terminaci\u00f3n del DNI. Este mes cobrar\u00e1n la primera cuota del SAC, conocido como aguinaldo.<\/li>\n<li>Julio 2025: los jubilados cobrar\u00e1n del 8 al 22 de julio, seg\u00fan el documento.<\/li>\n<li>Agosto 2025: del 8 al 21, de acuerdo a la terminaci\u00f3n del DNI.<\/li>\n<li>Septiembre 2025: el calendario inicia el 8 y termina el 19, seg\u00fan el \u00faltimo d\u00edgito del DNI.<\/li>\n<li>Octubre 2025: el cronograma comienza el 8 y finaliza el 21, seg\u00fan el \u00faltimo d\u00edgito del DNI.<\/li>\n<li>Noviembre 2025: del 10 al 20 de noviembre, de acuerdo a la terminaci\u00f3n del documento.<\/li>\n<li>Diciembre 2025: inician el 9 y finalizan el 16. Cobrar\u00e1n la segunda cuota del aguinaldo, seg\u00fan la finalizaci\u00f3n del DNI.<\/li>\n<\/ul>\n<h2><strong>Jubilados y pensionados ANSES: cu\u00e1ndo cobran los titulares que superan el haber m\u00ednimo en 2025<\/strong><\/h2>\n<p><strong>El organismo previsional tambi\u00e9n inform\u00f3 el cronograma de pagos para aquellos jubilados y pensionados que superan el haber m\u00ednimo. Todas las fechas en 2025:<\/strong><\/p>\n<ul>\n<li>Del 23 al 29 de enero de 2025, seg\u00fan la terminaci\u00f3n del DNI.<\/li>\n<li>Del 24 al 28 de febrero de 2025.<\/li>\n<li>Del 21 al 28 de marzo del 2025.<\/li>\n<li>Del 24 a 30 de abril de 2025.<\/li>\n<li>Del 23 al 29 de mayo.<\/li>\n<li>Inicia el 24 y termina el 30 de junio. Este mes cobrar\u00e1n la primera cuota del SAC, conocido como aguinaldo.<\/li>\n<li>Del 23 al 29 de julio, de acuerdo a la terminaci\u00f3n del DNI.<\/li>\n<li>Del 22 al 28 de agosto.<\/li>\n<li>Del 22 al 26 de septiembre de 2025.<\/li>\n<li>Del 22 al 28 de octubre del 2025.<\/li>\n<li>Del 21 al 28 de noviembre.<\/li>\n<li>Del 17 al 23 de diciembre. Cobrar\u00e1n la segunda cuota del aguinaldo, seg\u00fan la finalizaci\u00f3n del DNI.<\/li>\n<\/ul>\n<h2><strong>Cu\u00e1ndo cobran los titulares de la AUH y Tarjeta Alimentar en 2025<\/strong><\/h2>\n<p><strong>La ANSES fij\u00f3 el calendario de pagos para los titulares de la Asignaci\u00f3n Universal por Hijo (AUH) y de la Tarjeta Alimentar en 2025. A continuaci\u00f3n, el cronograma completo:<\/strong><\/p>\n<ul>\n<li>Enero 2025: del 9 al 22 de enero, de acuerdo a la terminaci\u00f3n del DNI.<\/li>\n<li>Febrero 2025: inician el 10 y finalizan el 21 de febrero, seg\u00fan la finalizaci\u00f3n del documento.<\/li>\n<li>Marzo 2025: del 12 al 20 de marzo, de acuerdo a la terminaci\u00f3n del DNI.<\/li>\n<li>Abril 2025: el calendario inicia el 9 y termina el 23, seg\u00fan el \u00faltimo d\u00edgito del DNI.<\/li>\n<li>Mayo 2025: del 9 al 22 de mayo, de acuerdo a la terminaci\u00f3n del DNI.<\/li>\n<li>Junio 2025: del 9 al 23, de acuerdo a la terminaci\u00f3n del DNI.<\/li>\n<li>Julio 2025: los jubilados cobrar\u00e1n del 8 al 22 de julio, seg\u00fan el documento.<\/li>\n<li>Agosto 2025: del 8 al 21, de acuerdo a la terminaci\u00f3n del DNI.<\/li>\n<li>Septiembre 2025: el calendario inicia el 8 y termina el 19, seg\u00fan el \u00faltimo d\u00edgito del DNI.<\/li>\n<li>Octubre 2025: el cronograma comienza el 8 y finaliza el 21, seg\u00fan el \u00faltimo d\u00edgito del DNI.<\/li>\n<li>Noviembre 2025: del 10 al 20 de noviembre, de acuerdo a la terminaci\u00f3n del documento.<\/li>\n<li>Diciembre 2025: inician el 9 y finalizan el 16.<\/li>\n<\/ul>\n","protected":false},"excerpt":{"rendered":"<p>La ANSES explic\u00f3 que la medida se toma sobre \u201cel pron\u00f3stico de ingresos\u201d del sistema previsional. El jueves 9 de enero iniciar\u00e1n las fechas de cobro del primer mes del a\u00f1o. <\/p>\n","protected":false},"author":8,"featured_media":24481,"comment_status":"open","ping_status":"open","sticky":false,"template":"","format":"standard","meta":{"fifu_image_url":"","fifu_image_alt":"","footnotes":""},"categories":[1594],"tags":[],"class_list":{"0":"post-203832","1":"post","2":"type-post","3":"status-publish","4":"format-standard","5":"has-post-thumbnail","7":"category-economia"},"yoast_head":"<title>El Gobierno estableci\u00f3 el cronograma de pago para jubilados y AUH de todo 2025: cu\u00e1les son las fechas - Informe Litoral<\/title>\n<meta name=\"robots\" content=\"index, follow, max-snippet:-1, max-image-preview:large, max-video-preview:-1\" \/>\n<link rel=\"canonical\" href=\"https:\/\/informelitoral.com.ar\/el-gobierno-establecio-el-cronograma-de-pago-para-jubilados-y-auh-de-todo-2025-cuales-son-las-fechas\/\" \/>\n<meta property=\"og:locale\" content=\"es_ES\" \/>\n<meta property=\"og:type\" content=\"article\" \/>\n<meta property=\"og:title\" content=\"El Gobierno estableci\u00f3 el cronograma de pago para jubilados y AUH de todo 2025: cu\u00e1les son las fechas - Informe Litoral\" \/>\n<meta property=\"og:description\" content=\"La ANSES explic\u00f3 que la medida se toma sobre \u201cel pron\u00f3stico de ingresos\u201d del sistema previsional. El jueves 9 de enero iniciar\u00e1n las fechas de cobro del primer mes del a\u00f1o.\" \/>\n<meta property=\"og:url\" content=\"https:\/\/informelitoral.com.ar\/el-gobierno-establecio-el-cronograma-de-pago-para-jubilados-y-auh-de-todo-2025-cuales-son-las-fechas\/\" \/>\n<meta property=\"og:site_name\" content=\"Informe Litoral\" \/>\n<meta property=\"article:publisher\" content=\"https:\/\/www.facebook.com\/informelitoral\/\" \/>\n<meta property=\"article:published_time\" content=\"2024-11-15T14:42:33+00:00\" \/>\n<meta property=\"article:modified_time\" content=\"2024-11-15T14:48:02+00:00\" \/>\n<meta property=\"og:image\" content=\"https:\/\/informelitoral.com.ar\/%77%70%2d%63%6f%6e%74%65%6e%74\/uploads\/2018\/01\/anses_39_0_0.jpg\" \/>\n\t<meta property=\"og:image:width\" content=\"1020\" \/>\n\t<meta property=\"og:image:height\" content=\"560\" \/>\n\t<meta property=\"og:image:type\" content=\"image\/jpeg\" \/>\n<meta name=\"author\" content=\"Sebastian\" \/>\n<meta name=\"twitter:card\" content=\"summary_large_image\" \/>\n<meta name=\"twitter:creator\" content=\"@InformeLitoral\" \/>\n<meta name=\"twitter:site\" content=\"@InformeLitoral\" \/>\n<meta name=\"twitter:label1\" content=\"Escrito por\" \/>\n\t<meta name=\"twitter:data1\" content=\"Sebastian\" \/>\n\t<meta name=\"twitter:label2\" content=\"Tiempo de lectura\" \/>\n\t<meta name=\"twitter:data2\" content=\"4 minutos\" \/>\n<script type=\"application\/ld+json\" class=\"yoast-schema-graph\">{\"@context\":\"https:\\\/\\\/schema.org\",\"@graph\":[{\"@type\":\"Article\",\"@id\":\"https:\\\/\\\/informelitoral.com.ar\\\/el-gobierno-establecio-el-cronograma-de-pago-para-jubilados-y-auh-de-todo-2025-cuales-son-las-fechas\\\/#article\",\"isPartOf\":{\"@id\":\"https:\\\/\\\/informelitoral.com.ar\\\/el-gobierno-establecio-el-cronograma-de-pago-para-jubilados-y-auh-de-todo-2025-cuales-son-las-fechas\\\/\"},\"author\":{\"name\":\"Sebastian\",\"@id\":\"https:\\\/\\\/informelitoral.com.ar\\\/#\\\/schema\\\/person\\\/f05f9f461677119578717524b127d6d5\"},\"headline\":\"El Gobierno estableci\u00f3 el cronograma de pago para jubilados y AUH de todo 2025: cu\u00e1les son las fechas\",\"datePublished\":\"2024-11-15T14:42:33+00:00\",\"dateModified\":\"2024-11-15T14:48:02+00:00\",\"mainEntityOfPage\":{\"@id\":\"https:\\\/\\\/informelitoral.com.ar\\\/el-gobierno-establecio-el-cronograma-de-pago-para-jubilados-y-auh-de-todo-2025-cuales-son-las-fechas\\\/\"},\"wordCount\":833,\"commentCount\":0,\"publisher\":{\"@id\":\"https:\\\/\\\/informelitoral.com.ar\\\/#organization\"},\"image\":{\"@id\":\"https:\\\/\\\/informelitoral.com.ar\\\/el-gobierno-establecio-el-cronograma-de-pago-para-jubilados-y-auh-de-todo-2025-cuales-son-las-fechas\\\/#primaryimage\"},\"thumbnailUrl\":\"https:\\\/\\\/informelitoral.com.ar\\\/%77%70%2d%63%6f%6e%74%65%6e%74\\\/uploads\\\/2018\\\/01\\\/anses_39_0_0.jpg\",\"articleSection\":[\"Econom\u00eda\"],\"inLanguage\":\"es\",\"potentialAction\":[{\"@type\":\"CommentAction\",\"name\":\"Comment\",\"target\":[\"https:\\\/\\\/informelitoral.com.ar\\\/el-gobierno-establecio-el-cronograma-de-pago-para-jubilados-y-auh-de-todo-2025-cuales-son-las-fechas\\\/#respond\"]}]},{\"@type\":\"WebPage\",\"@id\":\"https:\\\/\\\/informelitoral.com.ar\\\/el-gobierno-establecio-el-cronograma-de-pago-para-jubilados-y-auh-de-todo-2025-cuales-son-las-fechas\\\/\",\"url\":\"https:\\\/\\\/informelitoral.com.ar\\\/el-gobierno-establecio-el-cronograma-de-pago-para-jubilados-y-auh-de-todo-2025-cuales-son-las-fechas\\\/\",\"name\":\"El Gobierno estableci\u00f3 el cronograma de pago para jubilados y AUH de todo 2025: cu\u00e1les son las fechas - Informe Litoral\",\"isPartOf\":{\"@id\":\"https:\\\/\\\/informelitoral.com.ar\\\/#website\"},\"primaryImageOfPage\":{\"@id\":\"https:\\\/\\\/informelitoral.com.ar\\\/el-gobierno-establecio-el-cronograma-de-pago-para-jubilados-y-auh-de-todo-2025-cuales-son-las-fechas\\\/#primaryimage\"},\"image\":{\"@id\":\"https:\\\/\\\/informelitoral.com.ar\\\/el-gobierno-establecio-el-cronograma-de-pago-para-jubilados-y-auh-de-todo-2025-cuales-son-las-fechas\\\/#primaryimage\"},\"thumbnailUrl\":\"https:\\\/\\\/informelitoral.com.ar\\\/%77%70%2d%63%6f%6e%74%65%6e%74\\\/uploads\\\/2018\\\/01\\\/anses_39_0_0.jpg\",\"datePublished\":\"2024-11-15T14:42:33+00:00\",\"dateModified\":\"2024-11-15T14:48:02+00:00\",\"breadcrumb\":{\"@id\":\"https:\\\/\\\/informelitoral.com.ar\\\/el-gobierno-establecio-el-cronograma-de-pago-para-jubilados-y-auh-de-todo-2025-cuales-son-las-fechas\\\/#breadcrumb\"},\"inLanguage\":\"es\",\"potentialAction\":[{\"@type\":\"ReadAction\",\"target\":[\"https:\\\/\\\/informelitoral.com.ar\\\/el-gobierno-establecio-el-cronograma-de-pago-para-jubilados-y-auh-de-todo-2025-cuales-son-las-fechas\\\/\"]}]},{\"@type\":\"ImageObject\",\"inLanguage\":\"es\",\"@id\":\"https:\\\/\\\/informelitoral.com.ar\\\/el-gobierno-establecio-el-cronograma-de-pago-para-jubilados-y-auh-de-todo-2025-cuales-son-las-fechas\\\/#primaryimage\",\"url\":\"https:\\\/\\\/informelitoral.com.ar\\\/%77%70%2d%63%6f%6e%74%65%6e%74\\\/uploads\\\/2018\\\/01\\\/anses_39_0_0.jpg\",\"contentUrl\":\"https:\\\/\\\/informelitoral.com.ar\\\/%77%70%2d%63%6f%6e%74%65%6e%74\\\/uploads\\\/2018\\\/01\\\/anses_39_0_0.jpg\",\"width\":1020,\"height\":560},{\"@type\":\"BreadcrumbList\",\"@id\":\"https:\\\/\\\/informelitoral.com.ar\\\/el-gobierno-establecio-el-cronograma-de-pago-para-jubilados-y-auh-de-todo-2025-cuales-son-las-fechas\\\/#breadcrumb\",\"itemListElement\":[{\"@type\":\"ListItem\",\"position\":1,\"name\":\"Portada\",\"item\":\"https:\\\/\\\/informelitoral.com.ar\\\/\"},{\"@type\":\"ListItem\",\"position\":2,\"name\":\"El Gobierno estableci\u00f3 el cronograma de pago para jubilados y AUH de todo 2025: cu\u00e1les son las fechas\"}]},{\"@type\":\"WebSite\",\"@id\":\"https:\\\/\\\/informelitoral.com.ar\\\/#website\",\"url\":\"https:\\\/\\\/informelitoral.com.ar\\\/\",\"name\":\"Informe Litoral\",\"description\":\"&quot;Nos informamos&quot; \",\"publisher\":{\"@id\":\"https:\\\/\\\/informelitoral.com.ar\\\/#organization\"},\"potentialAction\":[{\"@type\":\"SearchAction\",\"target\":{\"@type\":\"EntryPoint\",\"urlTemplate\":\"https:\\\/\\\/informelitoral.com.ar\\\/?s={search_term_string}\"},\"query-input\":{\"@type\":\"PropertyValueSpecification\",\"valueRequired\":true,\"valueName\":\"search_term_string\"}}],\"inLanguage\":\"es\"},{\"@type\":\"Organization\",\"@id\":\"https:\\\/\\\/informelitoral.com.ar\\\/#organization\",\"name\":\"Informe Litoral\",\"url\":\"https:\\\/\\\/informelitoral.com.ar\\\/\",\"logo\":{\"@type\":\"ImageObject\",\"inLanguage\":\"es\",\"@id\":\"https:\\\/\\\/informelitoral.com.ar\\\/#\\\/schema\\\/logo\\\/image\\\/\",\"url\":\"https:\\\/\\\/informelitoral.com.ar\\\/%77%70%2d%63%6f%6e%74%65%6e%74\\\/uploads\\\/2021\\\/01\\\/circulo.png\",\"contentUrl\":\"https:\\\/\\\/informelitoral.com.ar\\\/%77%70%2d%63%6f%6e%74%65%6e%74\\\/uploads\\\/2021\\\/01\\\/circulo.png\",\"width\":723,\"height\":731,\"caption\":\"Informe Litoral\"},\"image\":{\"@id\":\"https:\\\/\\\/informelitoral.com.ar\\\/#\\\/schema\\\/logo\\\/image\\\/\"},\"sameAs\":[\"https:\\\/\\\/www.facebook.com\\\/informelitoral\\\/\",\"https:\\\/\\\/x.com\\\/InformeLitoral\",\"https:\\\/\\\/www.instagram.com\\\/informelitoral\\\/\",\"https:\\\/\\\/www.youtube.com\\\/channel\\\/UCua4Qvz8Icb6MYqhoq9xLXw\"]},{\"@type\":\"Person\",\"@id\":\"https:\\\/\\\/informelitoral.com.ar\\\/#\\\/schema\\\/person\\\/f05f9f461677119578717524b127d6d5\",\"name\":\"Sebastian\",\"image\":{\"@type\":\"ImageObject\",\"inLanguage\":\"es\",\"@id\":\"https:\\\/\\\/secure.gravatar.com\\\/avatar\\\/b71bf7481d447dfb9583c7f2798e7cc64de6efb9067b74633ed8c31059a3bd82?s=96&d=mm&r=g\",\"url\":\"https:\\\/\\\/secure.gravatar.com\\\/avatar\\\/b71bf7481d447dfb9583c7f2798e7cc64de6efb9067b74633ed8c31059a3bd82?s=96&d=mm&r=g\",\"contentUrl\":\"https:\\\/\\\/secure.gravatar.com\\\/avatar\\\/b71bf7481d447dfb9583c7f2798e7cc64de6efb9067b74633ed8c31059a3bd82?s=96&d=mm&r=g\",\"caption\":\"Sebastian\"},\"url\":\"https:\\\/\\\/informelitoral.com.ar\\\/author\\\/sebastian\\\/\"}]}<\/script>","yoast_head_json":{"title":"El Gobierno estableci\u00f3 el cronograma de pago para jubilados y AUH de todo 2025: cu\u00e1les son las fechas - Informe Litoral","robots":{"index":"index","follow":"follow","max-snippet":"max-snippet:-1","max-image-preview":"max-image-preview:large","max-video-preview":"max-video-preview:-1"},"canonical":"https:\/\/informelitoral.com.ar\/el-gobierno-establecio-el-cronograma-de-pago-para-jubilados-y-auh-de-todo-2025-cuales-son-las-fechas\/","og_locale":"es_ES","og_type":"article","og_title":"El Gobierno estableci\u00f3 el cronograma de pago para jubilados y AUH de todo 2025: cu\u00e1les son las fechas - Informe Litoral","og_description":"La ANSES explic\u00f3 que la medida se toma sobre \u201cel pron\u00f3stico de ingresos\u201d del sistema previsional. El jueves 9 de enero iniciar\u00e1n las fechas de cobro del primer mes del a\u00f1o.","og_url":"https:\/\/informelitoral.com.ar\/el-gobierno-establecio-el-cronograma-de-pago-para-jubilados-y-auh-de-todo-2025-cuales-son-las-fechas\/","og_site_name":"Informe Litoral","article_publisher":"https:\/\/www.facebook.com\/informelitoral\/","article_published_time":"2024-11-15T14:42:33+00:00","article_modified_time":"2024-11-15T14:48:02+00:00","og_image":[{"width":1020,"height":560,"url":"https:\/\/informelitoral.com.ar\/%77%70%2d%63%6f%6e%74%65%6e%74\/uploads\/2018\/01\/anses_39_0_0.jpg","type":"image\/jpeg"}],"author":"Sebastian","twitter_card":"summary_large_image","twitter_creator":"@InformeLitoral","twitter_site":"@InformeLitoral","twitter_misc":{"Escrito por":"Sebastian","Tiempo de lectura":"4 minutos"},"schema":{"@context":"https:\/\/schema.org","@graph":[{"@type":"Article","@id":"https:\/\/informelitoral.com.ar\/el-gobierno-establecio-el-cronograma-de-pago-para-jubilados-y-auh-de-todo-2025-cuales-son-las-fechas\/#article","isPartOf":{"@id":"https:\/\/informelitoral.com.ar\/el-gobierno-establecio-el-cronograma-de-pago-para-jubilados-y-auh-de-todo-2025-cuales-son-las-fechas\/"},"author":{"name":"Sebastian","@id":"https:\/\/informelitoral.com.ar\/#\/schema\/person\/f05f9f461677119578717524b127d6d5"},"headline":"El Gobierno estableci\u00f3 el cronograma de pago para jubilados y AUH de todo 2025: cu\u00e1les son las fechas","datePublished":"2024-11-15T14:42:33+00:00","dateModified":"2024-11-15T14:48:02+00:00","mainEntityOfPage":{"@id":"https:\/\/informelitoral.com.ar\/el-gobierno-establecio-el-cronograma-de-pago-para-jubilados-y-auh-de-todo-2025-cuales-son-las-fechas\/"},"wordCount":833,"commentCount":0,"publisher":{"@id":"https:\/\/informelitoral.com.ar\/#organization"},"image":{"@id":"https:\/\/informelitoral.com.ar\/el-gobierno-establecio-el-cronograma-de-pago-para-jubilados-y-auh-de-todo-2025-cuales-son-las-fechas\/#primaryimage"},"thumbnailUrl":"https:\/\/informelitoral.com.ar\/%77%70%2d%63%6f%6e%74%65%6e%74\/uploads\/2018\/01\/anses_39_0_0.jpg","articleSection":["Econom\u00eda"],"inLanguage":"es","potentialAction":[{"@type":"CommentAction","name":"Comment","target":["https:\/\/informelitoral.com.ar\/el-gobierno-establecio-el-cronograma-de-pago-para-jubilados-y-auh-de-todo-2025-cuales-son-las-fechas\/#respond"]}]},{"@type":"WebPage","@id":"https:\/\/informelitoral.com.ar\/el-gobierno-establecio-el-cronograma-de-pago-para-jubilados-y-auh-de-todo-2025-cuales-son-las-fechas\/","url":"https:\/\/informelitoral.com.ar\/el-gobierno-establecio-el-cronograma-de-pago-para-jubilados-y-auh-de-todo-2025-cuales-son-las-fechas\/","name":"El Gobierno estableci\u00f3 el cronograma de pago para jubilados y AUH de todo 2025: cu\u00e1les son las fechas - Informe Litoral","isPartOf":{"@id":"https:\/\/informelitoral.com.ar\/#website"},"primaryImageOfPage":{"@id":"https:\/\/informelitoral.com.ar\/el-gobierno-establecio-el-cronograma-de-pago-para-jubilados-y-auh-de-todo-2025-cuales-son-las-fechas\/#primaryimage"},"image":{"@id":"https:\/\/informelitoral.com.ar\/el-gobierno-establecio-el-cronograma-de-pago-para-jubilados-y-auh-de-todo-2025-cuales-son-las-fechas\/#primaryimage"},"thumbnailUrl":"https:\/\/informelitoral.com.ar\/%77%70%2d%63%6f%6e%74%65%6e%74\/uploads\/2018\/01\/anses_39_0_0.jpg","datePublished":"2024-11-15T14:42:33+00:00","dateModified":"2024-11-15T14:48:02+00:00","breadcrumb":{"@id":"https:\/\/informelitoral.com.ar\/el-gobierno-establecio-el-cronograma-de-pago-para-jubilados-y-auh-de-todo-2025-cuales-son-las-fechas\/#breadcrumb"},"inLanguage":"es","potentialAction":[{"@type":"ReadAction","target":["https:\/\/informelitoral.com.ar\/el-gobierno-establecio-el-cronograma-de-pago-para-jubilados-y-auh-de-todo-2025-cuales-son-las-fechas\/"]}]},{"@type":"ImageObject","inLanguage":"es","@id":"https:\/\/informelitoral.com.ar\/el-gobierno-establecio-el-cronograma-de-pago-para-jubilados-y-auh-de-todo-2025-cuales-son-las-fechas\/#primaryimage","url":"https:\/\/informelitoral.com.ar\/%77%70%2d%63%6f%6e%74%65%6e%74\/uploads\/2018\/01\/anses_39_0_0.jpg","contentUrl":"https:\/\/informelitoral.com.ar\/%77%70%2d%63%6f%6e%74%65%6e%74\/uploads\/2018\/01\/anses_39_0_0.jpg","width":1020,"height":560},{"@type":"BreadcrumbList","@id":"https:\/\/informelitoral.com.ar\/el-gobierno-establecio-el-cronograma-de-pago-para-jubilados-y-auh-de-todo-2025-cuales-son-las-fechas\/#breadcrumb","itemListElement":[{"@type":"ListItem","position":1,"name":"Portada","item":"https:\/\/informelitoral.com.ar\/"},{"@type":"ListItem","position":2,"name":"El Gobierno estableci\u00f3 el cronograma de pago para jubilados y AUH de todo 2025: cu\u00e1les son las fechas"}]},{"@type":"WebSite","@id":"https:\/\/informelitoral.com.ar\/#website","url":"https:\/\/informelitoral.com.ar\/","name":"Informe Litoral","description":"&quot;Nos informamos&quot; ","publisher":{"@id":"https:\/\/informelitoral.com.ar\/#organization"},"potentialAction":[{"@type":"SearchAction","target":{"@type":"EntryPoint","urlTemplate":"https:\/\/informelitoral.com.ar\/?s={search_term_string}"},"query-input":{"@type":"PropertyValueSpecification","valueRequired":true,"valueName":"search_term_string"}}],"inLanguage":"es"},{"@type":"Organization","@id":"https:\/\/informelitoral.com.ar\/#organization","name":"Informe Litoral","url":"https:\/\/informelitoral.com.ar\/","logo":{"@type":"ImageObject","inLanguage":"es","@id":"https:\/\/informelitoral.com.ar\/#\/schema\/logo\/image\/","url":"https:\/\/informelitoral.com.ar\/%77%70%2d%63%6f%6e%74%65%6e%74\/uploads\/2021\/01\/circulo.png","contentUrl":"https:\/\/informelitoral.com.ar\/%77%70%2d%63%6f%6e%74%65%6e%74\/uploads\/2021\/01\/circulo.png","width":723,"height":731,"caption":"Informe Litoral"},"image":{"@id":"https:\/\/informelitoral.com.ar\/#\/schema\/logo\/image\/"},"sameAs":["https:\/\/www.facebook.com\/informelitoral\/","https:\/\/x.com\/InformeLitoral","https:\/\/www.instagram.com\/informelitoral\/","https:\/\/www.youtube.com\/channel\/UCua4Qvz8Icb6MYqhoq9xLXw"]},{"@type":"Person","@id":"https:\/\/informelitoral.com.ar\/#\/schema\/person\/f05f9f461677119578717524b127d6d5","name":"Sebastian","image":{"@type":"ImageObject","inLanguage":"es","@id":"https:\/\/secure.gravatar.com\/avatar\/b71bf7481d447dfb9583c7f2798e7cc64de6efb9067b74633ed8c31059a3bd82?s=96&d=mm&r=g","url":"https:\/\/secure.gravatar.com\/avatar\/b71bf7481d447dfb9583c7f2798e7cc64de6efb9067b74633ed8c31059a3bd82?s=96&d=mm&r=g","contentUrl":"https:\/\/secure.gravatar.com\/avatar\/b71bf7481d447dfb9583c7f2798e7cc64de6efb9067b74633ed8c31059a3bd82?s=96&d=mm&r=g","caption":"Sebastian"},"url":"https:\/\/informelitoral.com.ar\/author\/sebastian\/"}]}},"_links":{"self":[{"href":"https:\/\/informelitoral.com.ar\/%77%70%2d%6a%73%6f%6e\/wp\/v2\/posts\/203832","targetHints":{"allow":["GET"]}}],"collection":[{"href":"https:\/\/informelitoral.com.ar\/%77%70%2d%6a%73%6f%6e\/wp\/v2\/posts"}],"about":[{"href":"https:\/\/informelitoral.com.ar\/%77%70%2d%6a%73%6f%6e\/wp\/v2\/types\/post"}],"author":[{"embeddable":true,"href":"https:\/\/informelitoral.com.ar\/%77%70%2d%6a%73%6f%6e\/wp\/v2\/users\/8"}],"replies":[{"embeddable":true,"href":"https:\/\/informelitoral.com.ar\/%77%70%2d%6a%73%6f%6e\/wp\/v2\/comments?post=203832"}],"version-history":[{"count":0,"href":"https:\/\/informelitoral.com.ar\/%77%70%2d%6a%73%6f%6e\/wp\/v2\/posts\/203832\/revisions"}],"wp:featuredmedia":[{"embeddable":true,"href":"https:\/\/informelitoral.com.ar\/%77%70%2d%6a%73%6f%6e\/wp\/v2\/media\/24481"}],"wp:attachment":[{"href":"https:\/\/informelitoral.com.ar\/%77%70%2d%6a%73%6f%6e\/wp\/v2\/media?parent=203832"}],"wp:term":[{"taxonomy":"category","embeddable":true,"href":"https:\/\/informelitoral.com.ar\/%77%70%2d%6a%73%6f%6e\/wp\/v2\/categories?post=203832"},{"taxonomy":"post_tag","embeddable":true,"href":"https:\/\/informelitoral.com.ar\/%77%70%2d%6a%73%6f%6e\/wp\/v2\/tags?post=203832"}],"curies":[{"name":"wp","href":"https:\/\/api.w.org\/{rel}","templated":true}]}}