{"id":203822,"date":"2024-11-15T11:04:13","date_gmt":"2024-11-15T14:04:13","guid":{"rendered":"https:\/\/www.informelitoral.com.ar\/?p=203822"},"modified":"2024-11-15T11:37:24","modified_gmt":"2024-11-15T14:37:24","slug":"el-gobierno-provincial-y-los-gremios-docentes-firmaron-el-acuerdo-paritario","status":"publish","type":"post","link":"https:\/\/informelitoral.com.ar\/el-gobierno-provincial-y-los-gremios-docentes-firmaron-el-acuerdo-paritario\/","title":{"rendered":"Gobierno y docentes firmaron un acuerdo paritario que garantiza la finalizaci\u00f3n del ciclo lectivo con normalidad"},"content":{"rendered":"<div class=\"col logo-header-redes-d mt-0\">\u00abPara nosotros es una gran noticia: hemos alcanzado un acuerdo con los gremios docentes que refleja el enorme esfuerzo de todos los entrerrianos por seguir fortaleciendo nuestra educaci\u00f3n p\u00fablica. La educaci\u00f3n es una prioridad para esta gesti\u00f3n y este acuerdo es una clara muestra de ello\u00bb, destac\u00f3 el ministro de Gobierno y Trabajo, Manuel Troncoso.<\/div>\n<div><\/div>\n<div class=\"texto-pregunta mb-400 mt-200\">\n<p>Y agreg\u00f3: \u00abPara garantizar el futuro necesitamos educaci\u00f3n de calidad, y eso no es posible sin reconocer el trabajo fundamental que realizan los docentes. Por eso estamos priorizando la educaci\u00f3n, entendiendo que es fundamental recomponer el salario docente, como lo hemos hecho con este acuerdo que entendemos que es muy bueno en este contexto de crisis econ\u00f3mica financiera in\u00e9dita que vive la provincia\u00bb.<\/p>\n<p>Asimismo, afirm\u00f3 que \u00abeste acuerdo es un reflejo del compromiso mutuo, de la voluntad de di\u00e1logo y de entendimiento; y, sobre todo, de la responsabilidad que tenemos con nuestros chicos. Este acuerdo garantiza que de ac\u00e1 a fin de este a\u00f1o las negociaciones y el di\u00e1logo con los gremios docentes sea con los chicos en las aulas\u00bb.<\/p>\n<h2><strong>El acuerdo consta de los siguientes puntos:<\/strong><\/h2>\n<p>Se abonan las \u00faltimas dos cuotas previstas del 6,55% remunerativo, para recomponer las p\u00e9rdidas del desfasaje del primer semestre con la liquidaci\u00f3n de haberes de noviembre, lo que sumado a la cobertura contra la inflaci\u00f3n por \u00cdndice de Precios al Consumidor (IPC), redundar\u00e1 en un aumento superior.<\/p>\n<p>Se cambia la base de c\u00e1lculo al mes de octubre de 2024 para la liquidaci\u00f3n de los haberes de noviembre y diciembre de este a\u00f1o.<\/p>\n<p>Se garantiza la cobertura contra la inflaci\u00f3n, con una actualizaci\u00f3n mes a mes, seg\u00fan el \u00cdndice de Precios al Consumidor del mes anterior, para el primer semestre de 2025.<\/p>\n<p>Se modifica la base de c\u00e1lculo al mes de enero de 2025, con el pago de los haberes del mes de febrero de 2025.<\/p>\n<p>A partir de febrero de 2025, se pagar\u00e1 la diferencia del desfasaje producido entre las pautas salariales y la inflaci\u00f3n del segundo semestre de 2024 e \u00cdndice de Precios al Consumidor mensual en base a enero de 2025 para el pago mensual.<\/p>\n<\/div>\n","protected":false},"excerpt":{"rendered":"<p> La propuesta incluye cambios en las bases de c\u00e1lculo, cobertura contra la inflaci\u00f3n, con una actualizaci\u00f3n mes a mes, y el pago del desfasaje del segundo semestre de este a\u00f1o en febrero de 2025.<\/p>\n","protected":false},"author":8,"featured_media":203823,"comment_status":"open","ping_status":"open","sticky":false,"template":"","format":"standard","meta":{"fifu_image_url":"","fifu_image_alt":"","footnotes":""},"categories":[6],"tags":[2039,1199,1227],"class_list":{"0":"post-203822","1":"post","2":"type-post","3":"status-publish","4":"format-standard","5":"has-post-thumbnail","7":"category-entre-rios","8":"tag-acuerdo","9":"tag-gremios-docentes","10":"tag-paritaria"},"yoast_head":"<title>Gobierno y docentes firmaron un acuerdo paritario que garantiza la finalizaci\u00f3n del ciclo lectivo con normalidad - Informe Litoral<\/title>\n<meta name=\"robots\" content=\"index, follow, max-snippet:-1, max-image-preview:large, max-video-preview:-1\" \/>\n<link rel=\"canonical\" href=\"https:\/\/informelitoral.com.ar\/el-gobierno-provincial-y-los-gremios-docentes-firmaron-el-acuerdo-paritario\/\" \/>\n<meta property=\"og:locale\" content=\"es_ES\" \/>\n<meta property=\"og:type\" content=\"article\" \/>\n<meta property=\"og:title\" content=\"Gobierno y docentes firmaron un acuerdo paritario que garantiza la finalizaci\u00f3n del ciclo lectivo con normalidad - Informe Litoral\" \/>\n<meta property=\"og:description\" content=\"La propuesta incluye cambios en las bases de c\u00e1lculo, cobertura contra la inflaci\u00f3n, con una actualizaci\u00f3n mes a mes, y el pago del desfasaje del segundo semestre de este a\u00f1o en febrero de 2025.\" \/>\n<meta property=\"og:url\" content=\"https:\/\/informelitoral.com.ar\/el-gobierno-provincial-y-los-gremios-docentes-firmaron-el-acuerdo-paritario\/\" \/>\n<meta property=\"og:site_name\" content=\"Informe Litoral\" \/>\n<meta property=\"article:publisher\" content=\"https:\/\/www.facebook.com\/informelitoral\/\" \/>\n<meta property=\"article:published_time\" content=\"2024-11-15T14:04:13+00:00\" \/>\n<meta property=\"article:modified_time\" content=\"2024-11-15T14:37:24+00:00\" \/>\n<meta property=\"og:image\" content=\"https:\/\/informelitoral.com.ar\/%77%70%2d%63%6f%6e%74%65%6e%74\/uploads\/2024\/11\/md-3.webp\" \/>\n\t<meta property=\"og:image:width\" content=\"992\" \/>\n\t<meta property=\"og:image:height\" content=\"665\" \/>\n\t<meta property=\"og:image:type\" content=\"image\/webp\" \/>\n<meta name=\"author\" content=\"Sebastian\" \/>\n<meta name=\"twitter:card\" content=\"summary_large_image\" \/>\n<meta name=\"twitter:creator\" content=\"@InformeLitoral\" \/>\n<meta name=\"twitter:site\" content=\"@InformeLitoral\" \/>\n<meta name=\"twitter:label1\" content=\"Escrito por\" \/>\n\t<meta name=\"twitter:data1\" content=\"Sebastian\" \/>\n\t<meta name=\"twitter:label2\" content=\"Tiempo de lectura\" \/>\n\t<meta name=\"twitter:data2\" content=\"2 minutos\" \/>\n<script type=\"application\/ld+json\" class=\"yoast-schema-graph\">{\"@context\":\"https:\\\/\\\/schema.org\",\"@graph\":[{\"@type\":\"Article\",\"@id\":\"https:\\\/\\\/informelitoral.com.ar\\\/el-gobierno-provincial-y-los-gremios-docentes-firmaron-el-acuerdo-paritario\\\/#article\",\"isPartOf\":{\"@id\":\"https:\\\/\\\/informelitoral.com.ar\\\/el-gobierno-provincial-y-los-gremios-docentes-firmaron-el-acuerdo-paritario\\\/\"},\"author\":{\"name\":\"Sebastian\",\"@id\":\"https:\\\/\\\/informelitoral.com.ar\\\/#\\\/schema\\\/person\\\/f05f9f461677119578717524b127d6d5\"},\"headline\":\"Gobierno y docentes firmaron un acuerdo paritario que garantiza la finalizaci\u00f3n del ciclo lectivo con normalidad\",\"datePublished\":\"2024-11-15T14:04:13+00:00\",\"dateModified\":\"2024-11-15T14:37:24+00:00\",\"mainEntityOfPage\":{\"@id\":\"https:\\\/\\\/informelitoral.com.ar\\\/el-gobierno-provincial-y-los-gremios-docentes-firmaron-el-acuerdo-paritario\\\/\"},\"wordCount\":380,\"commentCount\":0,\"publisher\":{\"@id\":\"https:\\\/\\\/informelitoral.com.ar\\\/#organization\"},\"image\":{\"@id\":\"https:\\\/\\\/informelitoral.com.ar\\\/el-gobierno-provincial-y-los-gremios-docentes-firmaron-el-acuerdo-paritario\\\/#primaryimage\"},\"thumbnailUrl\":\"https:\\\/\\\/informelitoral.com.ar\\\/%77%70%2d%63%6f%6e%74%65%6e%74\\\/uploads\\\/2024\\\/11\\\/md-3.webp\",\"keywords\":[\"Acuerdo\",\"Gremios docentes\",\"Paritaria\"],\"articleSection\":[\"Entre R\u00edos\"],\"inLanguage\":\"es\",\"potentialAction\":[{\"@type\":\"CommentAction\",\"name\":\"Comment\",\"target\":[\"https:\\\/\\\/informelitoral.com.ar\\\/el-gobierno-provincial-y-los-gremios-docentes-firmaron-el-acuerdo-paritario\\\/#respond\"]}]},{\"@type\":\"WebPage\",\"@id\":\"https:\\\/\\\/informelitoral.com.ar\\\/el-gobierno-provincial-y-los-gremios-docentes-firmaron-el-acuerdo-paritario\\\/\",\"url\":\"https:\\\/\\\/informelitoral.com.ar\\\/el-gobierno-provincial-y-los-gremios-docentes-firmaron-el-acuerdo-paritario\\\/\",\"name\":\"Gobierno y docentes firmaron un acuerdo paritario que garantiza la finalizaci\u00f3n del ciclo lectivo con normalidad - Informe Litoral\",\"isPartOf\":{\"@id\":\"https:\\\/\\\/informelitoral.com.ar\\\/#website\"},\"primaryImageOfPage\":{\"@id\":\"https:\\\/\\\/informelitoral.com.ar\\\/el-gobierno-provincial-y-los-gremios-docentes-firmaron-el-acuerdo-paritario\\\/#primaryimage\"},\"image\":{\"@id\":\"https:\\\/\\\/informelitoral.com.ar\\\/el-gobierno-provincial-y-los-gremios-docentes-firmaron-el-acuerdo-paritario\\\/#primaryimage\"},\"thumbnailUrl\":\"https:\\\/\\\/informelitoral.com.ar\\\/%77%70%2d%63%6f%6e%74%65%6e%74\\\/uploads\\\/2024\\\/11\\\/md-3.webp\",\"datePublished\":\"2024-11-15T14:04:13+00:00\",\"dateModified\":\"2024-11-15T14:37:24+00:00\",\"breadcrumb\":{\"@id\":\"https:\\\/\\\/informelitoral.com.ar\\\/el-gobierno-provincial-y-los-gremios-docentes-firmaron-el-acuerdo-paritario\\\/#breadcrumb\"},\"inLanguage\":\"es\",\"potentialAction\":[{\"@type\":\"ReadAction\",\"target\":[\"https:\\\/\\\/informelitoral.com.ar\\\/el-gobierno-provincial-y-los-gremios-docentes-firmaron-el-acuerdo-paritario\\\/\"]}]},{\"@type\":\"ImageObject\",\"inLanguage\":\"es\",\"@id\":\"https:\\\/\\\/informelitoral.com.ar\\\/el-gobierno-provincial-y-los-gremios-docentes-firmaron-el-acuerdo-paritario\\\/#primaryimage\",\"url\":\"https:\\\/\\\/informelitoral.com.ar\\\/%77%70%2d%63%6f%6e%74%65%6e%74\\\/uploads\\\/2024\\\/11\\\/md-3.webp\",\"contentUrl\":\"https:\\\/\\\/informelitoral.com.ar\\\/%77%70%2d%63%6f%6e%74%65%6e%74\\\/uploads\\\/2024\\\/11\\\/md-3.webp\",\"width\":992,\"height\":665},{\"@type\":\"BreadcrumbList\",\"@id\":\"https:\\\/\\\/informelitoral.com.ar\\\/el-gobierno-provincial-y-los-gremios-docentes-firmaron-el-acuerdo-paritario\\\/#breadcrumb\",\"itemListElement\":[{\"@type\":\"ListItem\",\"position\":1,\"name\":\"Portada\",\"item\":\"https:\\\/\\\/informelitoral.com.ar\\\/\"},{\"@type\":\"ListItem\",\"position\":2,\"name\":\"Gobierno y docentes firmaron un acuerdo paritario que garantiza la finalizaci\u00f3n del ciclo lectivo con normalidad\"}]},{\"@type\":\"WebSite\",\"@id\":\"https:\\\/\\\/informelitoral.com.ar\\\/#website\",\"url\":\"https:\\\/\\\/informelitoral.com.ar\\\/\",\"name\":\"Informe Litoral\",\"description\":\"&quot;Nos informamos&quot; \",\"publisher\":{\"@id\":\"https:\\\/\\\/informelitoral.com.ar\\\/#organization\"},\"potentialAction\":[{\"@type\":\"SearchAction\",\"target\":{\"@type\":\"EntryPoint\",\"urlTemplate\":\"https:\\\/\\\/informelitoral.com.ar\\\/?s={search_term_string}\"},\"query-input\":{\"@type\":\"PropertyValueSpecification\",\"valueRequired\":true,\"valueName\":\"search_term_string\"}}],\"inLanguage\":\"es\"},{\"@type\":\"Organization\",\"@id\":\"https:\\\/\\\/informelitoral.com.ar\\\/#organization\",\"name\":\"Informe Litoral\",\"url\":\"https:\\\/\\\/informelitoral.com.ar\\\/\",\"logo\":{\"@type\":\"ImageObject\",\"inLanguage\":\"es\",\"@id\":\"https:\\\/\\\/informelitoral.com.ar\\\/#\\\/schema\\\/logo\\\/image\\\/\",\"url\":\"https:\\\/\\\/informelitoral.com.ar\\\/%77%70%2d%63%6f%6e%74%65%6e%74\\\/uploads\\\/2021\\\/01\\\/circulo.png\",\"contentUrl\":\"https:\\\/\\\/informelitoral.com.ar\\\/%77%70%2d%63%6f%6e%74%65%6e%74\\\/uploads\\\/2021\\\/01\\\/circulo.png\",\"width\":723,\"height\":731,\"caption\":\"Informe Litoral\"},\"image\":{\"@id\":\"https:\\\/\\\/informelitoral.com.ar\\\/#\\\/schema\\\/logo\\\/image\\\/\"},\"sameAs\":[\"https:\\\/\\\/www.facebook.com\\\/informelitoral\\\/\",\"https:\\\/\\\/x.com\\\/InformeLitoral\",\"https:\\\/\\\/www.instagram.com\\\/informelitoral\\\/\",\"https:\\\/\\\/www.youtube.com\\\/channel\\\/UCua4Qvz8Icb6MYqhoq9xLXw\"]},{\"@type\":\"Person\",\"@id\":\"https:\\\/\\\/informelitoral.com.ar\\\/#\\\/schema\\\/person\\\/f05f9f461677119578717524b127d6d5\",\"name\":\"Sebastian\",\"image\":{\"@type\":\"ImageObject\",\"inLanguage\":\"es\",\"@id\":\"https:\\\/\\\/secure.gravatar.com\\\/avatar\\\/b71bf7481d447dfb9583c7f2798e7cc64de6efb9067b74633ed8c31059a3bd82?s=96&d=mm&r=g\",\"url\":\"https:\\\/\\\/secure.gravatar.com\\\/avatar\\\/b71bf7481d447dfb9583c7f2798e7cc64de6efb9067b74633ed8c31059a3bd82?s=96&d=mm&r=g\",\"contentUrl\":\"https:\\\/\\\/secure.gravatar.com\\\/avatar\\\/b71bf7481d447dfb9583c7f2798e7cc64de6efb9067b74633ed8c31059a3bd82?s=96&d=mm&r=g\",\"caption\":\"Sebastian\"},\"url\":\"https:\\\/\\\/informelitoral.com.ar\\\/author\\\/sebastian\\\/\"}]}<\/script>","yoast_head_json":{"title":"Gobierno y docentes firmaron un acuerdo paritario que garantiza la finalizaci\u00f3n del ciclo lectivo con normalidad - Informe Litoral","robots":{"index":"index","follow":"follow","max-snippet":"max-snippet:-1","max-image-preview":"max-image-preview:large","max-video-preview":"max-video-preview:-1"},"canonical":"https:\/\/informelitoral.com.ar\/el-gobierno-provincial-y-los-gremios-docentes-firmaron-el-acuerdo-paritario\/","og_locale":"es_ES","og_type":"article","og_title":"Gobierno y docentes firmaron un acuerdo paritario que garantiza la finalizaci\u00f3n del ciclo lectivo con normalidad - Informe Litoral","og_description":"La propuesta incluye cambios en las bases de c\u00e1lculo, cobertura contra la inflaci\u00f3n, con una actualizaci\u00f3n mes a mes, y el pago del desfasaje del segundo semestre de este a\u00f1o en febrero de 2025.","og_url":"https:\/\/informelitoral.com.ar\/el-gobierno-provincial-y-los-gremios-docentes-firmaron-el-acuerdo-paritario\/","og_site_name":"Informe Litoral","article_publisher":"https:\/\/www.facebook.com\/informelitoral\/","article_published_time":"2024-11-15T14:04:13+00:00","article_modified_time":"2024-11-15T14:37:24+00:00","og_image":[{"width":992,"height":665,"url":"https:\/\/informelitoral.com.ar\/%77%70%2d%63%6f%6e%74%65%6e%74\/uploads\/2024\/11\/md-3.webp","type":"image\/webp"}],"author":"Sebastian","twitter_card":"summary_large_image","twitter_creator":"@InformeLitoral","twitter_site":"@InformeLitoral","twitter_misc":{"Escrito por":"Sebastian","Tiempo de lectura":"2 minutos"},"schema":{"@context":"https:\/\/schema.org","@graph":[{"@type":"Article","@id":"https:\/\/informelitoral.com.ar\/el-gobierno-provincial-y-los-gremios-docentes-firmaron-el-acuerdo-paritario\/#article","isPartOf":{"@id":"https:\/\/informelitoral.com.ar\/el-gobierno-provincial-y-los-gremios-docentes-firmaron-el-acuerdo-paritario\/"},"author":{"name":"Sebastian","@id":"https:\/\/informelitoral.com.ar\/#\/schema\/person\/f05f9f461677119578717524b127d6d5"},"headline":"Gobierno y docentes firmaron un acuerdo paritario que garantiza la finalizaci\u00f3n del ciclo lectivo con normalidad","datePublished":"2024-11-15T14:04:13+00:00","dateModified":"2024-11-15T14:37:24+00:00","mainEntityOfPage":{"@id":"https:\/\/informelitoral.com.ar\/el-gobierno-provincial-y-los-gremios-docentes-firmaron-el-acuerdo-paritario\/"},"wordCount":380,"commentCount":0,"publisher":{"@id":"https:\/\/informelitoral.com.ar\/#organization"},"image":{"@id":"https:\/\/informelitoral.com.ar\/el-gobierno-provincial-y-los-gremios-docentes-firmaron-el-acuerdo-paritario\/#primaryimage"},"thumbnailUrl":"https:\/\/informelitoral.com.ar\/%77%70%2d%63%6f%6e%74%65%6e%74\/uploads\/2024\/11\/md-3.webp","keywords":["Acuerdo","Gremios docentes","Paritaria"],"articleSection":["Entre R\u00edos"],"inLanguage":"es","potentialAction":[{"@type":"CommentAction","name":"Comment","target":["https:\/\/informelitoral.com.ar\/el-gobierno-provincial-y-los-gremios-docentes-firmaron-el-acuerdo-paritario\/#respond"]}]},{"@type":"WebPage","@id":"https:\/\/informelitoral.com.ar\/el-gobierno-provincial-y-los-gremios-docentes-firmaron-el-acuerdo-paritario\/","url":"https:\/\/informelitoral.com.ar\/el-gobierno-provincial-y-los-gremios-docentes-firmaron-el-acuerdo-paritario\/","name":"Gobierno y docentes firmaron un acuerdo paritario que garantiza la finalizaci\u00f3n del ciclo lectivo con normalidad - Informe Litoral","isPartOf":{"@id":"https:\/\/informelitoral.com.ar\/#website"},"primaryImageOfPage":{"@id":"https:\/\/informelitoral.com.ar\/el-gobierno-provincial-y-los-gremios-docentes-firmaron-el-acuerdo-paritario\/#primaryimage"},"image":{"@id":"https:\/\/informelitoral.com.ar\/el-gobierno-provincial-y-los-gremios-docentes-firmaron-el-acuerdo-paritario\/#primaryimage"},"thumbnailUrl":"https:\/\/informelitoral.com.ar\/%77%70%2d%63%6f%6e%74%65%6e%74\/uploads\/2024\/11\/md-3.webp","datePublished":"2024-11-15T14:04:13+00:00","dateModified":"2024-11-15T14:37:24+00:00","breadcrumb":{"@id":"https:\/\/informelitoral.com.ar\/el-gobierno-provincial-y-los-gremios-docentes-firmaron-el-acuerdo-paritario\/#breadcrumb"},"inLanguage":"es","potentialAction":[{"@type":"ReadAction","target":["https:\/\/informelitoral.com.ar\/el-gobierno-provincial-y-los-gremios-docentes-firmaron-el-acuerdo-paritario\/"]}]},{"@type":"ImageObject","inLanguage":"es","@id":"https:\/\/informelitoral.com.ar\/el-gobierno-provincial-y-los-gremios-docentes-firmaron-el-acuerdo-paritario\/#primaryimage","url":"https:\/\/informelitoral.com.ar\/%77%70%2d%63%6f%6e%74%65%6e%74\/uploads\/2024\/11\/md-3.webp","contentUrl":"https:\/\/informelitoral.com.ar\/%77%70%2d%63%6f%6e%74%65%6e%74\/uploads\/2024\/11\/md-3.webp","width":992,"height":665},{"@type":"BreadcrumbList","@id":"https:\/\/informelitoral.com.ar\/el-gobierno-provincial-y-los-gremios-docentes-firmaron-el-acuerdo-paritario\/#breadcrumb","itemListElement":[{"@type":"ListItem","position":1,"name":"Portada","item":"https:\/\/informelitoral.com.ar\/"},{"@type":"ListItem","position":2,"name":"Gobierno y docentes firmaron un acuerdo paritario que garantiza la finalizaci\u00f3n del ciclo lectivo con normalidad"}]},{"@type":"WebSite","@id":"https:\/\/informelitoral.com.ar\/#website","url":"https:\/\/informelitoral.com.ar\/","name":"Informe Litoral","description":"&quot;Nos informamos&quot; ","publisher":{"@id":"https:\/\/informelitoral.com.ar\/#organization"},"potentialAction":[{"@type":"SearchAction","target":{"@type":"EntryPoint","urlTemplate":"https:\/\/informelitoral.com.ar\/?s={search_term_string}"},"query-input":{"@type":"PropertyValueSpecification","valueRequired":true,"valueName":"search_term_string"}}],"inLanguage":"es"},{"@type":"Organization","@id":"https:\/\/informelitoral.com.ar\/#organization","name":"Informe Litoral","url":"https:\/\/informelitoral.com.ar\/","logo":{"@type":"ImageObject","inLanguage":"es","@id":"https:\/\/informelitoral.com.ar\/#\/schema\/logo\/image\/","url":"https:\/\/informelitoral.com.ar\/%77%70%2d%63%6f%6e%74%65%6e%74\/uploads\/2021\/01\/circulo.png","contentUrl":"https:\/\/informelitoral.com.ar\/%77%70%2d%63%6f%6e%74%65%6e%74\/uploads\/2021\/01\/circulo.png","width":723,"height":731,"caption":"Informe Litoral"},"image":{"@id":"https:\/\/informelitoral.com.ar\/#\/schema\/logo\/image\/"},"sameAs":["https:\/\/www.facebook.com\/informelitoral\/","https:\/\/x.com\/InformeLitoral","https:\/\/www.instagram.com\/informelitoral\/","https:\/\/www.youtube.com\/channel\/UCua4Qvz8Icb6MYqhoq9xLXw"]},{"@type":"Person","@id":"https:\/\/informelitoral.com.ar\/#\/schema\/person\/f05f9f461677119578717524b127d6d5","name":"Sebastian","image":{"@type":"ImageObject","inLanguage":"es","@id":"https:\/\/secure.gravatar.com\/avatar\/b71bf7481d447dfb9583c7f2798e7cc64de6efb9067b74633ed8c31059a3bd82?s=96&d=mm&r=g","url":"https:\/\/secure.gravatar.com\/avatar\/b71bf7481d447dfb9583c7f2798e7cc64de6efb9067b74633ed8c31059a3bd82?s=96&d=mm&r=g","contentUrl":"https:\/\/secure.gravatar.com\/avatar\/b71bf7481d447dfb9583c7f2798e7cc64de6efb9067b74633ed8c31059a3bd82?s=96&d=mm&r=g","caption":"Sebastian"},"url":"https:\/\/informelitoral.com.ar\/author\/sebastian\/"}]}},"_links":{"self":[{"href":"https:\/\/informelitoral.com.ar\/%77%70%2d%6a%73%6f%6e\/wp\/v2\/posts\/203822","targetHints":{"allow":["GET"]}}],"collection":[{"href":"https:\/\/informelitoral.com.ar\/%77%70%2d%6a%73%6f%6e\/wp\/v2\/posts"}],"about":[{"href":"https:\/\/informelitoral.com.ar\/%77%70%2d%6a%73%6f%6e\/wp\/v2\/types\/post"}],"author":[{"embeddable":true,"href":"https:\/\/informelitoral.com.ar\/%77%70%2d%6a%73%6f%6e\/wp\/v2\/users\/8"}],"replies":[{"embeddable":true,"href":"https:\/\/informelitoral.com.ar\/%77%70%2d%6a%73%6f%6e\/wp\/v2\/comments?post=203822"}],"version-history":[{"count":0,"href":"https:\/\/informelitoral.com.ar\/%77%70%2d%6a%73%6f%6e\/wp\/v2\/posts\/203822\/revisions"}],"wp:featuredmedia":[{"embeddable":true,"href":"https:\/\/informelitoral.com.ar\/%77%70%2d%6a%73%6f%6e\/wp\/v2\/media\/203823"}],"wp:attachment":[{"href":"https:\/\/informelitoral.com.ar\/%77%70%2d%6a%73%6f%6e\/wp\/v2\/media?parent=203822"}],"wp:term":[{"taxonomy":"category","embeddable":true,"href":"https:\/\/informelitoral.com.ar\/%77%70%2d%6a%73%6f%6e\/wp\/v2\/categories?post=203822"},{"taxonomy":"post_tag","embeddable":true,"href":"https:\/\/informelitoral.com.ar\/%77%70%2d%6a%73%6f%6e\/wp\/v2\/tags?post=203822"}],"curies":[{"name":"wp","href":"https:\/\/api.w.org\/{rel}","templated":true}]}}