{"id":203336,"date":"2024-11-12T07:31:02","date_gmt":"2024-11-12T10:31:02","guid":{"rendered":"https:\/\/www.informelitoral.com.ar\/?p=203336"},"modified":"2024-11-12T07:31:02","modified_gmt":"2024-11-12T10:31:02","slug":"maraton-villa-urquiza-parana-expectativas-para-la-15a-edicion","status":"publish","type":"post","link":"https:\/\/informelitoral.com.ar\/maraton-villa-urquiza-parana-expectativas-para-la-15a-edicion\/","title":{"rendered":"Marat\u00f3n Villa Urquiza-Paran\u00e1: expectativas para la 15\u00aa edici\u00f3n"},"content":{"rendered":"<p><strong>El s\u00e1bado 7 de diciembre se realzar\u00e1 la 15\u00aa edici\u00f3n de la marat\u00f3n Villa Urquiza-Paran\u00e1. Son un total de 21 kil\u00f3metros que unen a ambas localidades a trav\u00e9s del r\u00edo Paran\u00e1.<\/strong><\/p>\n<p>El presidente de la Asociaci\u00f3n Barrancas del Paran\u00e1, <strong>Andr\u00e9s Solioz,<\/strong> entidad organizadora del evento, en una entrevista en el programa <a href=\"https:\/\/www.informelitoral.com.ar\/la-hora-del-6-por-canal-6-ertv-donde-volver-a-ver-las-entrevistas\/\" target=\"_blank\" rel=\"noopener\"><em><strong>La Hora del 6<\/strong><\/em><\/a> por <em>Canal 6 ERTV<\/em>, expres\u00f3 su parecer rumbo a un evento que contar\u00e1 con una cifra r\u00e9cord de participantes. <strong>M\u00e1s de 100 nadadores provenientes de distintos lugares del pa\u00eds ser\u00e1n de la partida.<\/strong> Cada uno de ellos intervendr\u00e1 con su respectiva canoa integrada por su entrenador y un remero de la zona. En este sentido, se prev\u00e9n algo m\u00e1s de 300 personas en el agua.<\/p>\n<p>La importancia de esta marat\u00f3n de aguas abiertas trasciende el deporte, siendo un acontecimiento que revitaliza la regi\u00f3n y resalta la belleza natural del r\u00edo. Adem\u00e1s, act\u00faa como un poderoso im\u00e1n para deportistas de \u00e9lite y aficionados de todas partes, quienes se congregan en esta competencia que se ha convertido en un s\u00edmbolo del deporte acu\u00e1tico en la provincia.<\/p>\n<p>En esta edici\u00f3n, <strong>la tradicional prueba acu\u00e1tica le rendir\u00e1 homenaje a Jorge Dalotto,<\/strong> un referente en la ense\u00f1anza de la nataci\u00f3n, quien falleci\u00f3 en 2021.<\/p>\n<p><strong>A poco menos de un mes ya no hay cupos disponibles para inscribirse.\u00a0<\/strong><\/p>\n<h2><strong>Ver la entrevista completa con Andr\u00e9s Solioz:\u00a0<\/strong><\/h2>\n<div class=\"youtube-embed\" data-video_id=\"1oS2QWCIsFw\"><iframe loading=\"lazy\" title=\"Andr\u00e9s Solioz | La Villa Urquiza-Paran\u00e1 se realizar\u00e1 el 7 de diciembre\" width=\"696\" height=\"392\" src=\"https:\/\/www.youtube.com\/embed\/1oS2QWCIsFw?start=3&#038;feature=oembed\" frameborder=\"0\" allow=\"accelerometer; autoplay; clipboard-write; encrypted-media; gyroscope; picture-in-picture; web-share\" referrerpolicy=\"strict-origin-when-cross-origin\" allowfullscreen><\/iframe><\/div>\n<h6><em><strong>Del archivo:\u00a0<a href=\"https:\/\/www.informelitoral.com.ar\/calistenia-xavier-rubio-aseguro-que-es-una-disciplina-para-cualquier-edad\/\" target=\"_blank\" rel=\"noopener\">Calistenia: Xavier Rubio asegur\u00f3 que es una disciplina para cualquier edad<\/a><\/strong><\/em><\/h6>\n<h6><em><strong><a href=\"https:\/\/www.informelitoral.com.ar\/roma-de-general-ramirez-es-el-flamante-campeon-de-la-udl\/\" target=\"_blank\" rel=\"noopener\">Roma de General Ram\u00edrez es el flamante campe\u00f3n de la UDL<\/a><\/strong><\/em><\/h6>\n","protected":false},"excerpt":{"rendered":"<p>Se realizar\u00e1 el pr\u00f3ximo 7 de diciembre. En La Hora del 6, Andr\u00e9s Solioz, organizador del evento, adelant\u00f3 detalles de la prueba de aguas abiertas para la que se espera un r\u00e9cord de participantes. Ya no hay cupos para inscribirse. <\/p>\n","protected":false},"author":2,"featured_media":203337,"comment_status":"open","ping_status":"open","sticky":false,"template":"","format":"standard","meta":{"fifu_image_url":"","fifu_image_alt":"","footnotes":""},"categories":[13],"tags":[1036,777,1044],"class_list":{"0":"post-203336","1":"post","2":"type-post","3":"status-publish","4":"format-standard","5":"has-post-thumbnail","7":"category-deportes","8":"tag-maraton","9":"tag-rio-parana","10":"tag-villa-urquiza"},"yoast_head":"<title>Marat\u00f3n Villa Urquiza-Paran\u00e1: expectativas para la 15\u00aa edici\u00f3n - Informe Litoral<\/title>\n<meta name=\"robots\" content=\"index, follow, max-snippet:-1, max-image-preview:large, max-video-preview:-1\" \/>\n<link rel=\"canonical\" href=\"https:\/\/informelitoral.com.ar\/maraton-villa-urquiza-parana-expectativas-para-la-15a-edicion\/\" \/>\n<meta property=\"og:locale\" content=\"es_ES\" \/>\n<meta property=\"og:type\" content=\"article\" \/>\n<meta property=\"og:title\" content=\"Marat\u00f3n Villa Urquiza-Paran\u00e1: expectativas para la 15\u00aa edici\u00f3n - Informe Litoral\" \/>\n<meta property=\"og:description\" content=\"Se realizar\u00e1 el pr\u00f3ximo 7 de diciembre. En La Hora del 6, Andr\u00e9s Solioz, organizador del evento, adelant\u00f3 detalles de la prueba de aguas abiertas para la que se espera un r\u00e9cord de participantes. Ya no hay cupos para inscribirse.\" \/>\n<meta property=\"og:url\" content=\"https:\/\/informelitoral.com.ar\/maraton-villa-urquiza-parana-expectativas-para-la-15a-edicion\/\" \/>\n<meta property=\"og:site_name\" content=\"Informe Litoral\" \/>\n<meta property=\"article:publisher\" content=\"https:\/\/www.facebook.com\/informelitoral\/\" \/>\n<meta property=\"article:published_time\" content=\"2024-11-12T10:31:02+00:00\" \/>\n<meta property=\"og:image\" content=\"https:\/\/informelitoral.com.ar\/%77%70%2d%63%6f%6e%74%65%6e%74\/uploads\/2024\/11\/andres-solioz-la-hora-del-6.jpg\" \/>\n\t<meta property=\"og:image:width\" content=\"1913\" \/>\n\t<meta property=\"og:image:height\" content=\"1080\" \/>\n\t<meta property=\"og:image:type\" content=\"image\/jpeg\" \/>\n<meta name=\"author\" content=\"Gonzalo Schmidt\" \/>\n<meta name=\"twitter:card\" content=\"summary_large_image\" \/>\n<meta name=\"twitter:creator\" content=\"@InformeLitoral\" \/>\n<meta name=\"twitter:site\" content=\"@InformeLitoral\" \/>\n<meta name=\"twitter:label1\" content=\"Escrito por\" \/>\n\t<meta name=\"twitter:data1\" content=\"Gonzalo Schmidt\" \/>\n\t<meta name=\"twitter:label2\" content=\"Tiempo de lectura\" \/>\n\t<meta name=\"twitter:data2\" content=\"1 minuto\" \/>\n<script type=\"application\/ld+json\" class=\"yoast-schema-graph\">{\"@context\":\"https:\\\/\\\/schema.org\",\"@graph\":[{\"@type\":\"Article\",\"@id\":\"https:\\\/\\\/informelitoral.com.ar\\\/maraton-villa-urquiza-parana-expectativas-para-la-15a-edicion\\\/#article\",\"isPartOf\":{\"@id\":\"https:\\\/\\\/informelitoral.com.ar\\\/maraton-villa-urquiza-parana-expectativas-para-la-15a-edicion\\\/\"},\"author\":{\"name\":\"Gonzalo Schmidt\",\"@id\":\"https:\\\/\\\/informelitoral.com.ar\\\/#\\\/schema\\\/person\\\/b9d00407c836482871ef1d57bf8e3180\"},\"headline\":\"Marat\u00f3n Villa Urquiza-Paran\u00e1: expectativas para la 15\u00aa edici\u00f3n\",\"datePublished\":\"2024-11-12T10:31:02+00:00\",\"mainEntityOfPage\":{\"@id\":\"https:\\\/\\\/informelitoral.com.ar\\\/maraton-villa-urquiza-parana-expectativas-para-la-15a-edicion\\\/\"},\"wordCount\":289,\"commentCount\":0,\"publisher\":{\"@id\":\"https:\\\/\\\/informelitoral.com.ar\\\/#organization\"},\"image\":{\"@id\":\"https:\\\/\\\/informelitoral.com.ar\\\/maraton-villa-urquiza-parana-expectativas-para-la-15a-edicion\\\/#primaryimage\"},\"thumbnailUrl\":\"https:\\\/\\\/informelitoral.com.ar\\\/%77%70%2d%63%6f%6e%74%65%6e%74\\\/uploads\\\/2024\\\/11\\\/andres-solioz-la-hora-del-6.jpg\",\"keywords\":[\"Marat\u00f3n\",\"R\u00edo Paran\u00e1\",\"Villa Urquiza\"],\"articleSection\":[\"Deportes\"],\"inLanguage\":\"es\",\"potentialAction\":[{\"@type\":\"CommentAction\",\"name\":\"Comment\",\"target\":[\"https:\\\/\\\/informelitoral.com.ar\\\/maraton-villa-urquiza-parana-expectativas-para-la-15a-edicion\\\/#respond\"]}]},{\"@type\":\"WebPage\",\"@id\":\"https:\\\/\\\/informelitoral.com.ar\\\/maraton-villa-urquiza-parana-expectativas-para-la-15a-edicion\\\/\",\"url\":\"https:\\\/\\\/informelitoral.com.ar\\\/maraton-villa-urquiza-parana-expectativas-para-la-15a-edicion\\\/\",\"name\":\"Marat\u00f3n Villa Urquiza-Paran\u00e1: expectativas para la 15\u00aa edici\u00f3n - Informe Litoral\",\"isPartOf\":{\"@id\":\"https:\\\/\\\/informelitoral.com.ar\\\/#website\"},\"primaryImageOfPage\":{\"@id\":\"https:\\\/\\\/informelitoral.com.ar\\\/maraton-villa-urquiza-parana-expectativas-para-la-15a-edicion\\\/#primaryimage\"},\"image\":{\"@id\":\"https:\\\/\\\/informelitoral.com.ar\\\/maraton-villa-urquiza-parana-expectativas-para-la-15a-edicion\\\/#primaryimage\"},\"thumbnailUrl\":\"https:\\\/\\\/informelitoral.com.ar\\\/%77%70%2d%63%6f%6e%74%65%6e%74\\\/uploads\\\/2024\\\/11\\\/andres-solioz-la-hora-del-6.jpg\",\"datePublished\":\"2024-11-12T10:31:02+00:00\",\"breadcrumb\":{\"@id\":\"https:\\\/\\\/informelitoral.com.ar\\\/maraton-villa-urquiza-parana-expectativas-para-la-15a-edicion\\\/#breadcrumb\"},\"inLanguage\":\"es\",\"potentialAction\":[{\"@type\":\"ReadAction\",\"target\":[\"https:\\\/\\\/informelitoral.com.ar\\\/maraton-villa-urquiza-parana-expectativas-para-la-15a-edicion\\\/\"]}]},{\"@type\":\"ImageObject\",\"inLanguage\":\"es\",\"@id\":\"https:\\\/\\\/informelitoral.com.ar\\\/maraton-villa-urquiza-parana-expectativas-para-la-15a-edicion\\\/#primaryimage\",\"url\":\"https:\\\/\\\/informelitoral.com.ar\\\/%77%70%2d%63%6f%6e%74%65%6e%74\\\/uploads\\\/2024\\\/11\\\/andres-solioz-la-hora-del-6.jpg\",\"contentUrl\":\"https:\\\/\\\/informelitoral.com.ar\\\/%77%70%2d%63%6f%6e%74%65%6e%74\\\/uploads\\\/2024\\\/11\\\/andres-solioz-la-hora-del-6.jpg\",\"width\":1913,\"height\":1080,\"caption\":\"Andr\u00e9s Solioz en La Hora del 6 por Canal 6 ERTV.\"},{\"@type\":\"BreadcrumbList\",\"@id\":\"https:\\\/\\\/informelitoral.com.ar\\\/maraton-villa-urquiza-parana-expectativas-para-la-15a-edicion\\\/#breadcrumb\",\"itemListElement\":[{\"@type\":\"ListItem\",\"position\":1,\"name\":\"Portada\",\"item\":\"https:\\\/\\\/informelitoral.com.ar\\\/\"},{\"@type\":\"ListItem\",\"position\":2,\"name\":\"Marat\u00f3n Villa Urquiza-Paran\u00e1: expectativas para la 15\u00aa edici\u00f3n\"}]},{\"@type\":\"WebSite\",\"@id\":\"https:\\\/\\\/informelitoral.com.ar\\\/#website\",\"url\":\"https:\\\/\\\/informelitoral.com.ar\\\/\",\"name\":\"Informe Litoral\",\"description\":\"&quot;Nos informamos&quot; \",\"publisher\":{\"@id\":\"https:\\\/\\\/informelitoral.com.ar\\\/#organization\"},\"potentialAction\":[{\"@type\":\"SearchAction\",\"target\":{\"@type\":\"EntryPoint\",\"urlTemplate\":\"https:\\\/\\\/informelitoral.com.ar\\\/?s={search_term_string}\"},\"query-input\":{\"@type\":\"PropertyValueSpecification\",\"valueRequired\":true,\"valueName\":\"search_term_string\"}}],\"inLanguage\":\"es\"},{\"@type\":\"Organization\",\"@id\":\"https:\\\/\\\/informelitoral.com.ar\\\/#organization\",\"name\":\"Informe Litoral\",\"url\":\"https:\\\/\\\/informelitoral.com.ar\\\/\",\"logo\":{\"@type\":\"ImageObject\",\"inLanguage\":\"es\",\"@id\":\"https:\\\/\\\/informelitoral.com.ar\\\/#\\\/schema\\\/logo\\\/image\\\/\",\"url\":\"https:\\\/\\\/informelitoral.com.ar\\\/%77%70%2d%63%6f%6e%74%65%6e%74\\\/uploads\\\/2021\\\/01\\\/circulo.png\",\"contentUrl\":\"https:\\\/\\\/informelitoral.com.ar\\\/%77%70%2d%63%6f%6e%74%65%6e%74\\\/uploads\\\/2021\\\/01\\\/circulo.png\",\"width\":723,\"height\":731,\"caption\":\"Informe Litoral\"},\"image\":{\"@id\":\"https:\\\/\\\/informelitoral.com.ar\\\/#\\\/schema\\\/logo\\\/image\\\/\"},\"sameAs\":[\"https:\\\/\\\/www.facebook.com\\\/informelitoral\\\/\",\"https:\\\/\\\/x.com\\\/InformeLitoral\",\"https:\\\/\\\/www.instagram.com\\\/informelitoral\\\/\",\"https:\\\/\\\/www.youtube.com\\\/channel\\\/UCua4Qvz8Icb6MYqhoq9xLXw\"]},{\"@type\":\"Person\",\"@id\":\"https:\\\/\\\/informelitoral.com.ar\\\/#\\\/schema\\\/person\\\/b9d00407c836482871ef1d57bf8e3180\",\"name\":\"Gonzalo Schmidt\",\"image\":{\"@type\":\"ImageObject\",\"inLanguage\":\"es\",\"@id\":\"https:\\\/\\\/secure.gravatar.com\\\/avatar\\\/31a1a7b66ff2de83bd0e9fd79d026630d2d99e55e8bfe501287647b4fd9743de?s=96&d=mm&r=g\",\"url\":\"https:\\\/\\\/secure.gravatar.com\\\/avatar\\\/31a1a7b66ff2de83bd0e9fd79d026630d2d99e55e8bfe501287647b4fd9743de?s=96&d=mm&r=g\",\"contentUrl\":\"https:\\\/\\\/secure.gravatar.com\\\/avatar\\\/31a1a7b66ff2de83bd0e9fd79d026630d2d99e55e8bfe501287647b4fd9743de?s=96&d=mm&r=g\",\"caption\":\"Gonzalo Schmidt\"},\"description\":\"Sitio web de noticias de la provincia de Entre R\u00edos, Argentina. Informaci\u00f3n y entretenimiento. Informe Litoral, nos informamos.\",\"sameAs\":[\"http:\\\/\\\/www.isletasnoticias.com.ar\"],\"url\":\"https:\\\/\\\/informelitoral.com.ar\\\/author\\\/gonzalo\\\/\"}]}<\/script>","yoast_head_json":{"title":"Marat\u00f3n Villa Urquiza-Paran\u00e1: expectativas para la 15\u00aa edici\u00f3n - Informe Litoral","robots":{"index":"index","follow":"follow","max-snippet":"max-snippet:-1","max-image-preview":"max-image-preview:large","max-video-preview":"max-video-preview:-1"},"canonical":"https:\/\/informelitoral.com.ar\/maraton-villa-urquiza-parana-expectativas-para-la-15a-edicion\/","og_locale":"es_ES","og_type":"article","og_title":"Marat\u00f3n Villa Urquiza-Paran\u00e1: expectativas para la 15\u00aa edici\u00f3n - Informe Litoral","og_description":"Se realizar\u00e1 el pr\u00f3ximo 7 de diciembre. En La Hora del 6, Andr\u00e9s Solioz, organizador del evento, adelant\u00f3 detalles de la prueba de aguas abiertas para la que se espera un r\u00e9cord de participantes. Ya no hay cupos para inscribirse.","og_url":"https:\/\/informelitoral.com.ar\/maraton-villa-urquiza-parana-expectativas-para-la-15a-edicion\/","og_site_name":"Informe Litoral","article_publisher":"https:\/\/www.facebook.com\/informelitoral\/","article_published_time":"2024-11-12T10:31:02+00:00","og_image":[{"width":1913,"height":1080,"url":"https:\/\/informelitoral.com.ar\/%77%70%2d%63%6f%6e%74%65%6e%74\/uploads\/2024\/11\/andres-solioz-la-hora-del-6.jpg","type":"image\/jpeg"}],"author":"Gonzalo Schmidt","twitter_card":"summary_large_image","twitter_creator":"@InformeLitoral","twitter_site":"@InformeLitoral","twitter_misc":{"Escrito por":"Gonzalo Schmidt","Tiempo de lectura":"1 minuto"},"schema":{"@context":"https:\/\/schema.org","@graph":[{"@type":"Article","@id":"https:\/\/informelitoral.com.ar\/maraton-villa-urquiza-parana-expectativas-para-la-15a-edicion\/#article","isPartOf":{"@id":"https:\/\/informelitoral.com.ar\/maraton-villa-urquiza-parana-expectativas-para-la-15a-edicion\/"},"author":{"name":"Gonzalo Schmidt","@id":"https:\/\/informelitoral.com.ar\/#\/schema\/person\/b9d00407c836482871ef1d57bf8e3180"},"headline":"Marat\u00f3n Villa Urquiza-Paran\u00e1: expectativas para la 15\u00aa edici\u00f3n","datePublished":"2024-11-12T10:31:02+00:00","mainEntityOfPage":{"@id":"https:\/\/informelitoral.com.ar\/maraton-villa-urquiza-parana-expectativas-para-la-15a-edicion\/"},"wordCount":289,"commentCount":0,"publisher":{"@id":"https:\/\/informelitoral.com.ar\/#organization"},"image":{"@id":"https:\/\/informelitoral.com.ar\/maraton-villa-urquiza-parana-expectativas-para-la-15a-edicion\/#primaryimage"},"thumbnailUrl":"https:\/\/informelitoral.com.ar\/%77%70%2d%63%6f%6e%74%65%6e%74\/uploads\/2024\/11\/andres-solioz-la-hora-del-6.jpg","keywords":["Marat\u00f3n","R\u00edo Paran\u00e1","Villa Urquiza"],"articleSection":["Deportes"],"inLanguage":"es","potentialAction":[{"@type":"CommentAction","name":"Comment","target":["https:\/\/informelitoral.com.ar\/maraton-villa-urquiza-parana-expectativas-para-la-15a-edicion\/#respond"]}]},{"@type":"WebPage","@id":"https:\/\/informelitoral.com.ar\/maraton-villa-urquiza-parana-expectativas-para-la-15a-edicion\/","url":"https:\/\/informelitoral.com.ar\/maraton-villa-urquiza-parana-expectativas-para-la-15a-edicion\/","name":"Marat\u00f3n Villa Urquiza-Paran\u00e1: expectativas para la 15\u00aa edici\u00f3n - Informe Litoral","isPartOf":{"@id":"https:\/\/informelitoral.com.ar\/#website"},"primaryImageOfPage":{"@id":"https:\/\/informelitoral.com.ar\/maraton-villa-urquiza-parana-expectativas-para-la-15a-edicion\/#primaryimage"},"image":{"@id":"https:\/\/informelitoral.com.ar\/maraton-villa-urquiza-parana-expectativas-para-la-15a-edicion\/#primaryimage"},"thumbnailUrl":"https:\/\/informelitoral.com.ar\/%77%70%2d%63%6f%6e%74%65%6e%74\/uploads\/2024\/11\/andres-solioz-la-hora-del-6.jpg","datePublished":"2024-11-12T10:31:02+00:00","breadcrumb":{"@id":"https:\/\/informelitoral.com.ar\/maraton-villa-urquiza-parana-expectativas-para-la-15a-edicion\/#breadcrumb"},"inLanguage":"es","potentialAction":[{"@type":"ReadAction","target":["https:\/\/informelitoral.com.ar\/maraton-villa-urquiza-parana-expectativas-para-la-15a-edicion\/"]}]},{"@type":"ImageObject","inLanguage":"es","@id":"https:\/\/informelitoral.com.ar\/maraton-villa-urquiza-parana-expectativas-para-la-15a-edicion\/#primaryimage","url":"https:\/\/informelitoral.com.ar\/%77%70%2d%63%6f%6e%74%65%6e%74\/uploads\/2024\/11\/andres-solioz-la-hora-del-6.jpg","contentUrl":"https:\/\/informelitoral.com.ar\/%77%70%2d%63%6f%6e%74%65%6e%74\/uploads\/2024\/11\/andres-solioz-la-hora-del-6.jpg","width":1913,"height":1080,"caption":"Andr\u00e9s Solioz en La Hora del 6 por Canal 6 ERTV."},{"@type":"BreadcrumbList","@id":"https:\/\/informelitoral.com.ar\/maraton-villa-urquiza-parana-expectativas-para-la-15a-edicion\/#breadcrumb","itemListElement":[{"@type":"ListItem","position":1,"name":"Portada","item":"https:\/\/informelitoral.com.ar\/"},{"@type":"ListItem","position":2,"name":"Marat\u00f3n Villa Urquiza-Paran\u00e1: expectativas para la 15\u00aa edici\u00f3n"}]},{"@type":"WebSite","@id":"https:\/\/informelitoral.com.ar\/#website","url":"https:\/\/informelitoral.com.ar\/","name":"Informe Litoral","description":"&quot;Nos informamos&quot; ","publisher":{"@id":"https:\/\/informelitoral.com.ar\/#organization"},"potentialAction":[{"@type":"SearchAction","target":{"@type":"EntryPoint","urlTemplate":"https:\/\/informelitoral.com.ar\/?s={search_term_string}"},"query-input":{"@type":"PropertyValueSpecification","valueRequired":true,"valueName":"search_term_string"}}],"inLanguage":"es"},{"@type":"Organization","@id":"https:\/\/informelitoral.com.ar\/#organization","name":"Informe Litoral","url":"https:\/\/informelitoral.com.ar\/","logo":{"@type":"ImageObject","inLanguage":"es","@id":"https:\/\/informelitoral.com.ar\/#\/schema\/logo\/image\/","url":"https:\/\/informelitoral.com.ar\/%77%70%2d%63%6f%6e%74%65%6e%74\/uploads\/2021\/01\/circulo.png","contentUrl":"https:\/\/informelitoral.com.ar\/%77%70%2d%63%6f%6e%74%65%6e%74\/uploads\/2021\/01\/circulo.png","width":723,"height":731,"caption":"Informe Litoral"},"image":{"@id":"https:\/\/informelitoral.com.ar\/#\/schema\/logo\/image\/"},"sameAs":["https:\/\/www.facebook.com\/informelitoral\/","https:\/\/x.com\/InformeLitoral","https:\/\/www.instagram.com\/informelitoral\/","https:\/\/www.youtube.com\/channel\/UCua4Qvz8Icb6MYqhoq9xLXw"]},{"@type":"Person","@id":"https:\/\/informelitoral.com.ar\/#\/schema\/person\/b9d00407c836482871ef1d57bf8e3180","name":"Gonzalo Schmidt","image":{"@type":"ImageObject","inLanguage":"es","@id":"https:\/\/secure.gravatar.com\/avatar\/31a1a7b66ff2de83bd0e9fd79d026630d2d99e55e8bfe501287647b4fd9743de?s=96&d=mm&r=g","url":"https:\/\/secure.gravatar.com\/avatar\/31a1a7b66ff2de83bd0e9fd79d026630d2d99e55e8bfe501287647b4fd9743de?s=96&d=mm&r=g","contentUrl":"https:\/\/secure.gravatar.com\/avatar\/31a1a7b66ff2de83bd0e9fd79d026630d2d99e55e8bfe501287647b4fd9743de?s=96&d=mm&r=g","caption":"Gonzalo Schmidt"},"description":"Sitio web de noticias de la provincia de Entre R\u00edos, Argentina. Informaci\u00f3n y entretenimiento. Informe Litoral, nos informamos.","sameAs":["http:\/\/www.isletasnoticias.com.ar"],"url":"https:\/\/informelitoral.com.ar\/author\/gonzalo\/"}]}},"_links":{"self":[{"href":"https:\/\/informelitoral.com.ar\/%77%70%2d%6a%73%6f%6e\/wp\/v2\/posts\/203336","targetHints":{"allow":["GET"]}}],"collection":[{"href":"https:\/\/informelitoral.com.ar\/%77%70%2d%6a%73%6f%6e\/wp\/v2\/posts"}],"about":[{"href":"https:\/\/informelitoral.com.ar\/%77%70%2d%6a%73%6f%6e\/wp\/v2\/types\/post"}],"author":[{"embeddable":true,"href":"https:\/\/informelitoral.com.ar\/%77%70%2d%6a%73%6f%6e\/wp\/v2\/users\/2"}],"replies":[{"embeddable":true,"href":"https:\/\/informelitoral.com.ar\/%77%70%2d%6a%73%6f%6e\/wp\/v2\/comments?post=203336"}],"version-history":[{"count":0,"href":"https:\/\/informelitoral.com.ar\/%77%70%2d%6a%73%6f%6e\/wp\/v2\/posts\/203336\/revisions"}],"wp:featuredmedia":[{"embeddable":true,"href":"https:\/\/informelitoral.com.ar\/%77%70%2d%6a%73%6f%6e\/wp\/v2\/media\/203337"}],"wp:attachment":[{"href":"https:\/\/informelitoral.com.ar\/%77%70%2d%6a%73%6f%6e\/wp\/v2\/media?parent=203336"}],"wp:term":[{"taxonomy":"category","embeddable":true,"href":"https:\/\/informelitoral.com.ar\/%77%70%2d%6a%73%6f%6e\/wp\/v2\/categories?post=203336"},{"taxonomy":"post_tag","embeddable":true,"href":"https:\/\/informelitoral.com.ar\/%77%70%2d%6a%73%6f%6e\/wp\/v2\/tags?post=203336"}],"curies":[{"name":"wp","href":"https:\/\/api.w.org\/{rel}","templated":true}]}}