{"id":203331,"date":"2024-11-12T06:57:55","date_gmt":"2024-11-12T09:57:55","guid":{"rendered":"https:\/\/www.informelitoral.com.ar\/?p=203331"},"modified":"2024-11-12T06:57:55","modified_gmt":"2024-11-12T09:57:55","slug":"las-temperaturas-empezaran-a-subir-y-la-semana-terminaria-con-nuevas-lluvias","status":"publish","type":"post","link":"https:\/\/informelitoral.com.ar\/las-temperaturas-empezaran-a-subir-y-la-semana-terminaria-con-nuevas-lluvias\/","title":{"rendered":"Las temperaturas empezar\u00e1n a subir y la semana terminar\u00eda con nuevas lluvias"},"content":{"rendered":"<p>Pas\u00f3 por la regi\u00f3n central del pa\u00eds un sistema frontal fr\u00edo que dej\u00f3 lluvias y las temperaturas mostraron un moderado descenso. \u201cEsto se debe fundamentalmente a la rotaci\u00f3n del viento al sector sur, lo que permiti\u00f3 el avance de una masa de aire m\u00e1s fr\u00edo y seco\u201d, explic\u00f3 el meteor\u00f3logo, Leonardo De Benedictis.<\/p>\n<p>Al respecto, advirti\u00f3 que \u201c<b>estas caracter\u00edsticas son s\u00f3lo temporarias y de muy corta duraci\u00f3n,<\/b>\u00a0ya que r\u00e1pidamente el viento rotar\u00e1 al sector norte\u201d y comenzar\u00e1 un ascenso t\u00e9rmico.<\/p>\n<p>\u201cLa presencia del viento norte, con moderada intensidad, sumado a la escasa nubosidad, en esta \u00e9poca del a\u00f1o, provocar\u00e1n un gran incremento t\u00e9rmico en la mayor parte de Argentina\u201d, advirti\u00f3 el especialista.<\/p>\n<p>El momento de menor temperatura de la semana es este martes a la ma\u00f1ana con registros que rondaban los 10 grados, luego de tener un lunes con temperaturas moderadas y viento del sector sur, con r\u00e1fagas intensas.<\/p>\n<p><b>En Entre R\u00edos est\u00e1n previstas m\u00e1ximas de 25 grados para esta tarde<\/b>.<\/p>\n<h2><strong>Empieza el ascenso de temperaturas\u00a0<\/strong><\/h2>\n<p>Pero eso ser\u00e1 \u201cs\u00f3lo durante el martes, ya que luego el viento se afianzar\u00e1 del sector norte y comenzar\u00e1 a promover el incremento t\u00e9rmico muy marcado por el resto de la semana\u201d, con\u00a0<b>marcas t\u00e9rmicas que \u201cir\u00e1n escalando progresivamente d\u00eda a d\u00eda<\/b>, alcanzando el pico m\u00e1ximo entre el viernes y s\u00e1bado, dependiendo la zona, con registros de hasta 40 \u00baC sobre el norte del pa\u00eds\u201d.<\/p>\n<p>En el caso de nuestra provincia,\u00a0<b>est\u00e1n previstas temperaturas de 30 grados para ma\u00f1ana, de 32 para el jueves, 33 el viernes y de 35 a 37 grados el viernes venidero, siempre son cielo de soleado a parcialmente nublado.<\/b><\/p>\n<p>Asimismo, a medida que transcurra la semana, y con la presencia del viento del sector norte, aportando temperaturas y permitiendo el ingreso de humedad en las capas bajas de la atm\u00f3sfera, comenzar\u00e1 a observarse un aumento en las condiciones de inestabilidad sobre la regi\u00f3n central del pa\u00eds.<\/p>\n<p>Pero por si sola, \u201cesta inestabilidad no ser\u00e1 suficiente como para generar precipitaciones, por lo que habr\u00e1 que esperar hasta el pr\u00f3ximo fin de semana, que se prev\u00e9 el avance de un nuevo sistema frontal fr\u00edo que se desplazar\u00e1 de sur a norte\u201d, se\u00f1al\u00f3 De Benedictis en\u00a0<i>Meteored<\/i>.<\/p>\n<h2><strong>Hay fecha para nuevas lluvias<\/strong><\/h2>\n<p>Con el desplazamiento de este frente fr\u00edo\u201d las condiciones de inestabilidad se potenciar\u00e1n y comenzar\u00e1n a generar lluvias y tormentas a partir del s\u00e1bado o domingo, dependiendo la regi\u00f3n\u201d.<\/p>\n<p>Pero \u201ca partir del s\u00e1bado, ya se espera que el extremo sudoeste de Buenos Aires y parte de La Pampa comience a registrar las primeras precipitaciones, que se ir\u00e1n extendiendo al resto de la regi\u00f3n pampeana con el transcurso del fin de semana\u201d, indic\u00f3 el meteor\u00f3logo.<\/p>\n<p><b>En el caso de Entre R\u00edos, la probabilidad de lluvias y tormentas est\u00e1 prevista para el domingo<\/b>, cuando se notar\u00eda un marcado descenso en los registros t\u00e9rmicos que rondar\u00edan los 25 grados.<\/p>\n","protected":false},"excerpt":{"rendered":"<p>Para este martes se anuncian solamente unos 25 grados de m\u00e1xima. Sin embargo desde el mi\u00e9rcoles comenzar\u00e1 el gradual ascenso hasta el fin de semana. Dependiendo de la regi\u00f3n, las tormentas llegar\u00edan entre el s\u00e1bado y domingo. <\/p>\n","protected":false},"author":2,"featured_media":88448,"comment_status":"open","ping_status":"open","sticky":false,"template":"","format":"standard","meta":{"fifu_image_url":"","fifu_image_alt":"","footnotes":""},"categories":[6],"tags":[38,114,2759],"class_list":{"0":"post-203331","1":"post","2":"type-post","3":"status-publish","4":"format-standard","5":"has-post-thumbnail","7":"category-entre-rios","8":"tag-el-tiempo","9":"tag-pronostico","10":"tag-pronostico-del-tiempo"},"yoast_head":"<title>Las temperaturas empezar\u00e1n a subir y la semana terminar\u00eda con nuevas lluvias - Informe Litoral<\/title>\n<meta name=\"robots\" content=\"index, follow, max-snippet:-1, max-image-preview:large, max-video-preview:-1\" \/>\n<link rel=\"canonical\" href=\"https:\/\/informelitoral.com.ar\/las-temperaturas-empezaran-a-subir-y-la-semana-terminaria-con-nuevas-lluvias\/\" \/>\n<meta property=\"og:locale\" content=\"es_ES\" \/>\n<meta property=\"og:type\" content=\"article\" \/>\n<meta property=\"og:title\" content=\"Las temperaturas empezar\u00e1n a subir y la semana terminar\u00eda con nuevas lluvias - Informe Litoral\" \/>\n<meta property=\"og:description\" content=\"Para este martes se anuncian solamente unos 25 grados de m\u00e1xima. Sin embargo desde el mi\u00e9rcoles comenzar\u00e1 el gradual ascenso hasta el fin de semana. Dependiendo de la regi\u00f3n, las tormentas llegar\u00edan entre el s\u00e1bado y domingo.\" \/>\n<meta property=\"og:url\" content=\"https:\/\/informelitoral.com.ar\/las-temperaturas-empezaran-a-subir-y-la-semana-terminaria-con-nuevas-lluvias\/\" \/>\n<meta property=\"og:site_name\" content=\"Informe Litoral\" \/>\n<meta property=\"article:publisher\" content=\"https:\/\/www.facebook.com\/informelitoral\/\" \/>\n<meta property=\"article:published_time\" content=\"2024-11-12T09:57:55+00:00\" \/>\n<meta property=\"og:image\" content=\"https:\/\/informelitoral.com.ar\/%77%70%2d%63%6f%6e%74%65%6e%74\/uploads\/2022\/10\/Mayormente-soleado-1140x570-1.jpeg\" \/>\n\t<meta property=\"og:image:width\" content=\"1140\" \/>\n\t<meta property=\"og:image:height\" content=\"570\" \/>\n\t<meta property=\"og:image:type\" content=\"image\/jpeg\" \/>\n<meta name=\"author\" content=\"Gonzalo Schmidt\" \/>\n<meta name=\"twitter:card\" content=\"summary_large_image\" \/>\n<meta name=\"twitter:creator\" content=\"@InformeLitoral\" \/>\n<meta name=\"twitter:site\" content=\"@InformeLitoral\" \/>\n<meta name=\"twitter:label1\" content=\"Escrito por\" \/>\n\t<meta name=\"twitter:data1\" content=\"Gonzalo Schmidt\" \/>\n\t<meta name=\"twitter:label2\" content=\"Tiempo de lectura\" \/>\n\t<meta name=\"twitter:data2\" content=\"3 minutos\" \/>\n<script type=\"application\/ld+json\" class=\"yoast-schema-graph\">{\"@context\":\"https:\\\/\\\/schema.org\",\"@graph\":[{\"@type\":\"Article\",\"@id\":\"https:\\\/\\\/informelitoral.com.ar\\\/las-temperaturas-empezaran-a-subir-y-la-semana-terminaria-con-nuevas-lluvias\\\/#article\",\"isPartOf\":{\"@id\":\"https:\\\/\\\/informelitoral.com.ar\\\/las-temperaturas-empezaran-a-subir-y-la-semana-terminaria-con-nuevas-lluvias\\\/\"},\"author\":{\"name\":\"Gonzalo Schmidt\",\"@id\":\"https:\\\/\\\/informelitoral.com.ar\\\/#\\\/schema\\\/person\\\/b9d00407c836482871ef1d57bf8e3180\"},\"headline\":\"Las temperaturas empezar\u00e1n a subir y la semana terminar\u00eda con nuevas lluvias\",\"datePublished\":\"2024-11-12T09:57:55+00:00\",\"mainEntityOfPage\":{\"@id\":\"https:\\\/\\\/informelitoral.com.ar\\\/las-temperaturas-empezaran-a-subir-y-la-semana-terminaria-con-nuevas-lluvias\\\/\"},\"wordCount\":533,\"commentCount\":0,\"publisher\":{\"@id\":\"https:\\\/\\\/informelitoral.com.ar\\\/#organization\"},\"image\":{\"@id\":\"https:\\\/\\\/informelitoral.com.ar\\\/las-temperaturas-empezaran-a-subir-y-la-semana-terminaria-con-nuevas-lluvias\\\/#primaryimage\"},\"thumbnailUrl\":\"https:\\\/\\\/informelitoral.com.ar\\\/%77%70%2d%63%6f%6e%74%65%6e%74\\\/uploads\\\/2022\\\/10\\\/Mayormente-soleado-1140x570-1.jpeg\",\"keywords\":[\"El tiempo\",\"Pron\u00f3stico\",\"Pron\u00f3stico del tiempo\"],\"articleSection\":[\"Entre R\u00edos\"],\"inLanguage\":\"es\",\"potentialAction\":[{\"@type\":\"CommentAction\",\"name\":\"Comment\",\"target\":[\"https:\\\/\\\/informelitoral.com.ar\\\/las-temperaturas-empezaran-a-subir-y-la-semana-terminaria-con-nuevas-lluvias\\\/#respond\"]}]},{\"@type\":\"WebPage\",\"@id\":\"https:\\\/\\\/informelitoral.com.ar\\\/las-temperaturas-empezaran-a-subir-y-la-semana-terminaria-con-nuevas-lluvias\\\/\",\"url\":\"https:\\\/\\\/informelitoral.com.ar\\\/las-temperaturas-empezaran-a-subir-y-la-semana-terminaria-con-nuevas-lluvias\\\/\",\"name\":\"Las temperaturas empezar\u00e1n a subir y la semana terminar\u00eda con nuevas lluvias - Informe Litoral\",\"isPartOf\":{\"@id\":\"https:\\\/\\\/informelitoral.com.ar\\\/#website\"},\"primaryImageOfPage\":{\"@id\":\"https:\\\/\\\/informelitoral.com.ar\\\/las-temperaturas-empezaran-a-subir-y-la-semana-terminaria-con-nuevas-lluvias\\\/#primaryimage\"},\"image\":{\"@id\":\"https:\\\/\\\/informelitoral.com.ar\\\/las-temperaturas-empezaran-a-subir-y-la-semana-terminaria-con-nuevas-lluvias\\\/#primaryimage\"},\"thumbnailUrl\":\"https:\\\/\\\/informelitoral.com.ar\\\/%77%70%2d%63%6f%6e%74%65%6e%74\\\/uploads\\\/2022\\\/10\\\/Mayormente-soleado-1140x570-1.jpeg\",\"datePublished\":\"2024-11-12T09:57:55+00:00\",\"breadcrumb\":{\"@id\":\"https:\\\/\\\/informelitoral.com.ar\\\/las-temperaturas-empezaran-a-subir-y-la-semana-terminaria-con-nuevas-lluvias\\\/#breadcrumb\"},\"inLanguage\":\"es\",\"potentialAction\":[{\"@type\":\"ReadAction\",\"target\":[\"https:\\\/\\\/informelitoral.com.ar\\\/las-temperaturas-empezaran-a-subir-y-la-semana-terminaria-con-nuevas-lluvias\\\/\"]}]},{\"@type\":\"ImageObject\",\"inLanguage\":\"es\",\"@id\":\"https:\\\/\\\/informelitoral.com.ar\\\/las-temperaturas-empezaran-a-subir-y-la-semana-terminaria-con-nuevas-lluvias\\\/#primaryimage\",\"url\":\"https:\\\/\\\/informelitoral.com.ar\\\/%77%70%2d%63%6f%6e%74%65%6e%74\\\/uploads\\\/2022\\\/10\\\/Mayormente-soleado-1140x570-1.jpeg\",\"contentUrl\":\"https:\\\/\\\/informelitoral.com.ar\\\/%77%70%2d%63%6f%6e%74%65%6e%74\\\/uploads\\\/2022\\\/10\\\/Mayormente-soleado-1140x570-1.jpeg\",\"width\":1140,\"height\":570},{\"@type\":\"BreadcrumbList\",\"@id\":\"https:\\\/\\\/informelitoral.com.ar\\\/las-temperaturas-empezaran-a-subir-y-la-semana-terminaria-con-nuevas-lluvias\\\/#breadcrumb\",\"itemListElement\":[{\"@type\":\"ListItem\",\"position\":1,\"name\":\"Portada\",\"item\":\"https:\\\/\\\/informelitoral.com.ar\\\/\"},{\"@type\":\"ListItem\",\"position\":2,\"name\":\"Las temperaturas empezar\u00e1n a subir y la semana terminar\u00eda con nuevas lluvias\"}]},{\"@type\":\"WebSite\",\"@id\":\"https:\\\/\\\/informelitoral.com.ar\\\/#website\",\"url\":\"https:\\\/\\\/informelitoral.com.ar\\\/\",\"name\":\"Informe Litoral\",\"description\":\"&quot;Nos informamos&quot; \",\"publisher\":{\"@id\":\"https:\\\/\\\/informelitoral.com.ar\\\/#organization\"},\"potentialAction\":[{\"@type\":\"SearchAction\",\"target\":{\"@type\":\"EntryPoint\",\"urlTemplate\":\"https:\\\/\\\/informelitoral.com.ar\\\/?s={search_term_string}\"},\"query-input\":{\"@type\":\"PropertyValueSpecification\",\"valueRequired\":true,\"valueName\":\"search_term_string\"}}],\"inLanguage\":\"es\"},{\"@type\":\"Organization\",\"@id\":\"https:\\\/\\\/informelitoral.com.ar\\\/#organization\",\"name\":\"Informe Litoral\",\"url\":\"https:\\\/\\\/informelitoral.com.ar\\\/\",\"logo\":{\"@type\":\"ImageObject\",\"inLanguage\":\"es\",\"@id\":\"https:\\\/\\\/informelitoral.com.ar\\\/#\\\/schema\\\/logo\\\/image\\\/\",\"url\":\"https:\\\/\\\/informelitoral.com.ar\\\/%77%70%2d%63%6f%6e%74%65%6e%74\\\/uploads\\\/2021\\\/01\\\/circulo.png\",\"contentUrl\":\"https:\\\/\\\/informelitoral.com.ar\\\/%77%70%2d%63%6f%6e%74%65%6e%74\\\/uploads\\\/2021\\\/01\\\/circulo.png\",\"width\":723,\"height\":731,\"caption\":\"Informe Litoral\"},\"image\":{\"@id\":\"https:\\\/\\\/informelitoral.com.ar\\\/#\\\/schema\\\/logo\\\/image\\\/\"},\"sameAs\":[\"https:\\\/\\\/www.facebook.com\\\/informelitoral\\\/\",\"https:\\\/\\\/x.com\\\/InformeLitoral\",\"https:\\\/\\\/www.instagram.com\\\/informelitoral\\\/\",\"https:\\\/\\\/www.youtube.com\\\/channel\\\/UCua4Qvz8Icb6MYqhoq9xLXw\"]},{\"@type\":\"Person\",\"@id\":\"https:\\\/\\\/informelitoral.com.ar\\\/#\\\/schema\\\/person\\\/b9d00407c836482871ef1d57bf8e3180\",\"name\":\"Gonzalo Schmidt\",\"image\":{\"@type\":\"ImageObject\",\"inLanguage\":\"es\",\"@id\":\"https:\\\/\\\/secure.gravatar.com\\\/avatar\\\/31a1a7b66ff2de83bd0e9fd79d026630d2d99e55e8bfe501287647b4fd9743de?s=96&d=mm&r=g\",\"url\":\"https:\\\/\\\/secure.gravatar.com\\\/avatar\\\/31a1a7b66ff2de83bd0e9fd79d026630d2d99e55e8bfe501287647b4fd9743de?s=96&d=mm&r=g\",\"contentUrl\":\"https:\\\/\\\/secure.gravatar.com\\\/avatar\\\/31a1a7b66ff2de83bd0e9fd79d026630d2d99e55e8bfe501287647b4fd9743de?s=96&d=mm&r=g\",\"caption\":\"Gonzalo Schmidt\"},\"description\":\"Sitio web de noticias de la provincia de Entre R\u00edos, Argentina. Informaci\u00f3n y entretenimiento. Informe Litoral, nos informamos.\",\"sameAs\":[\"http:\\\/\\\/www.isletasnoticias.com.ar\"],\"url\":\"https:\\\/\\\/informelitoral.com.ar\\\/author\\\/gonzalo\\\/\"}]}<\/script>","yoast_head_json":{"title":"Las temperaturas empezar\u00e1n a subir y la semana terminar\u00eda con nuevas lluvias - Informe Litoral","robots":{"index":"index","follow":"follow","max-snippet":"max-snippet:-1","max-image-preview":"max-image-preview:large","max-video-preview":"max-video-preview:-1"},"canonical":"https:\/\/informelitoral.com.ar\/las-temperaturas-empezaran-a-subir-y-la-semana-terminaria-con-nuevas-lluvias\/","og_locale":"es_ES","og_type":"article","og_title":"Las temperaturas empezar\u00e1n a subir y la semana terminar\u00eda con nuevas lluvias - Informe Litoral","og_description":"Para este martes se anuncian solamente unos 25 grados de m\u00e1xima. Sin embargo desde el mi\u00e9rcoles comenzar\u00e1 el gradual ascenso hasta el fin de semana. Dependiendo de la regi\u00f3n, las tormentas llegar\u00edan entre el s\u00e1bado y domingo.","og_url":"https:\/\/informelitoral.com.ar\/las-temperaturas-empezaran-a-subir-y-la-semana-terminaria-con-nuevas-lluvias\/","og_site_name":"Informe Litoral","article_publisher":"https:\/\/www.facebook.com\/informelitoral\/","article_published_time":"2024-11-12T09:57:55+00:00","og_image":[{"width":1140,"height":570,"url":"https:\/\/informelitoral.com.ar\/%77%70%2d%63%6f%6e%74%65%6e%74\/uploads\/2022\/10\/Mayormente-soleado-1140x570-1.jpeg","type":"image\/jpeg"}],"author":"Gonzalo Schmidt","twitter_card":"summary_large_image","twitter_creator":"@InformeLitoral","twitter_site":"@InformeLitoral","twitter_misc":{"Escrito por":"Gonzalo Schmidt","Tiempo de lectura":"3 minutos"},"schema":{"@context":"https:\/\/schema.org","@graph":[{"@type":"Article","@id":"https:\/\/informelitoral.com.ar\/las-temperaturas-empezaran-a-subir-y-la-semana-terminaria-con-nuevas-lluvias\/#article","isPartOf":{"@id":"https:\/\/informelitoral.com.ar\/las-temperaturas-empezaran-a-subir-y-la-semana-terminaria-con-nuevas-lluvias\/"},"author":{"name":"Gonzalo Schmidt","@id":"https:\/\/informelitoral.com.ar\/#\/schema\/person\/b9d00407c836482871ef1d57bf8e3180"},"headline":"Las temperaturas empezar\u00e1n a subir y la semana terminar\u00eda con nuevas lluvias","datePublished":"2024-11-12T09:57:55+00:00","mainEntityOfPage":{"@id":"https:\/\/informelitoral.com.ar\/las-temperaturas-empezaran-a-subir-y-la-semana-terminaria-con-nuevas-lluvias\/"},"wordCount":533,"commentCount":0,"publisher":{"@id":"https:\/\/informelitoral.com.ar\/#organization"},"image":{"@id":"https:\/\/informelitoral.com.ar\/las-temperaturas-empezaran-a-subir-y-la-semana-terminaria-con-nuevas-lluvias\/#primaryimage"},"thumbnailUrl":"https:\/\/informelitoral.com.ar\/%77%70%2d%63%6f%6e%74%65%6e%74\/uploads\/2022\/10\/Mayormente-soleado-1140x570-1.jpeg","keywords":["El tiempo","Pron\u00f3stico","Pron\u00f3stico del tiempo"],"articleSection":["Entre R\u00edos"],"inLanguage":"es","potentialAction":[{"@type":"CommentAction","name":"Comment","target":["https:\/\/informelitoral.com.ar\/las-temperaturas-empezaran-a-subir-y-la-semana-terminaria-con-nuevas-lluvias\/#respond"]}]},{"@type":"WebPage","@id":"https:\/\/informelitoral.com.ar\/las-temperaturas-empezaran-a-subir-y-la-semana-terminaria-con-nuevas-lluvias\/","url":"https:\/\/informelitoral.com.ar\/las-temperaturas-empezaran-a-subir-y-la-semana-terminaria-con-nuevas-lluvias\/","name":"Las temperaturas empezar\u00e1n a subir y la semana terminar\u00eda con nuevas lluvias - Informe Litoral","isPartOf":{"@id":"https:\/\/informelitoral.com.ar\/#website"},"primaryImageOfPage":{"@id":"https:\/\/informelitoral.com.ar\/las-temperaturas-empezaran-a-subir-y-la-semana-terminaria-con-nuevas-lluvias\/#primaryimage"},"image":{"@id":"https:\/\/informelitoral.com.ar\/las-temperaturas-empezaran-a-subir-y-la-semana-terminaria-con-nuevas-lluvias\/#primaryimage"},"thumbnailUrl":"https:\/\/informelitoral.com.ar\/%77%70%2d%63%6f%6e%74%65%6e%74\/uploads\/2022\/10\/Mayormente-soleado-1140x570-1.jpeg","datePublished":"2024-11-12T09:57:55+00:00","breadcrumb":{"@id":"https:\/\/informelitoral.com.ar\/las-temperaturas-empezaran-a-subir-y-la-semana-terminaria-con-nuevas-lluvias\/#breadcrumb"},"inLanguage":"es","potentialAction":[{"@type":"ReadAction","target":["https:\/\/informelitoral.com.ar\/las-temperaturas-empezaran-a-subir-y-la-semana-terminaria-con-nuevas-lluvias\/"]}]},{"@type":"ImageObject","inLanguage":"es","@id":"https:\/\/informelitoral.com.ar\/las-temperaturas-empezaran-a-subir-y-la-semana-terminaria-con-nuevas-lluvias\/#primaryimage","url":"https:\/\/informelitoral.com.ar\/%77%70%2d%63%6f%6e%74%65%6e%74\/uploads\/2022\/10\/Mayormente-soleado-1140x570-1.jpeg","contentUrl":"https:\/\/informelitoral.com.ar\/%77%70%2d%63%6f%6e%74%65%6e%74\/uploads\/2022\/10\/Mayormente-soleado-1140x570-1.jpeg","width":1140,"height":570},{"@type":"BreadcrumbList","@id":"https:\/\/informelitoral.com.ar\/las-temperaturas-empezaran-a-subir-y-la-semana-terminaria-con-nuevas-lluvias\/#breadcrumb","itemListElement":[{"@type":"ListItem","position":1,"name":"Portada","item":"https:\/\/informelitoral.com.ar\/"},{"@type":"ListItem","position":2,"name":"Las temperaturas empezar\u00e1n a subir y la semana terminar\u00eda con nuevas lluvias"}]},{"@type":"WebSite","@id":"https:\/\/informelitoral.com.ar\/#website","url":"https:\/\/informelitoral.com.ar\/","name":"Informe Litoral","description":"&quot;Nos informamos&quot; ","publisher":{"@id":"https:\/\/informelitoral.com.ar\/#organization"},"potentialAction":[{"@type":"SearchAction","target":{"@type":"EntryPoint","urlTemplate":"https:\/\/informelitoral.com.ar\/?s={search_term_string}"},"query-input":{"@type":"PropertyValueSpecification","valueRequired":true,"valueName":"search_term_string"}}],"inLanguage":"es"},{"@type":"Organization","@id":"https:\/\/informelitoral.com.ar\/#organization","name":"Informe Litoral","url":"https:\/\/informelitoral.com.ar\/","logo":{"@type":"ImageObject","inLanguage":"es","@id":"https:\/\/informelitoral.com.ar\/#\/schema\/logo\/image\/","url":"https:\/\/informelitoral.com.ar\/%77%70%2d%63%6f%6e%74%65%6e%74\/uploads\/2021\/01\/circulo.png","contentUrl":"https:\/\/informelitoral.com.ar\/%77%70%2d%63%6f%6e%74%65%6e%74\/uploads\/2021\/01\/circulo.png","width":723,"height":731,"caption":"Informe Litoral"},"image":{"@id":"https:\/\/informelitoral.com.ar\/#\/schema\/logo\/image\/"},"sameAs":["https:\/\/www.facebook.com\/informelitoral\/","https:\/\/x.com\/InformeLitoral","https:\/\/www.instagram.com\/informelitoral\/","https:\/\/www.youtube.com\/channel\/UCua4Qvz8Icb6MYqhoq9xLXw"]},{"@type":"Person","@id":"https:\/\/informelitoral.com.ar\/#\/schema\/person\/b9d00407c836482871ef1d57bf8e3180","name":"Gonzalo Schmidt","image":{"@type":"ImageObject","inLanguage":"es","@id":"https:\/\/secure.gravatar.com\/avatar\/31a1a7b66ff2de83bd0e9fd79d026630d2d99e55e8bfe501287647b4fd9743de?s=96&d=mm&r=g","url":"https:\/\/secure.gravatar.com\/avatar\/31a1a7b66ff2de83bd0e9fd79d026630d2d99e55e8bfe501287647b4fd9743de?s=96&d=mm&r=g","contentUrl":"https:\/\/secure.gravatar.com\/avatar\/31a1a7b66ff2de83bd0e9fd79d026630d2d99e55e8bfe501287647b4fd9743de?s=96&d=mm&r=g","caption":"Gonzalo Schmidt"},"description":"Sitio web de noticias de la provincia de Entre R\u00edos, Argentina. Informaci\u00f3n y entretenimiento. Informe Litoral, nos informamos.","sameAs":["http:\/\/www.isletasnoticias.com.ar"],"url":"https:\/\/informelitoral.com.ar\/author\/gonzalo\/"}]}},"_links":{"self":[{"href":"https:\/\/informelitoral.com.ar\/%77%70%2d%6a%73%6f%6e\/wp\/v2\/posts\/203331","targetHints":{"allow":["GET"]}}],"collection":[{"href":"https:\/\/informelitoral.com.ar\/%77%70%2d%6a%73%6f%6e\/wp\/v2\/posts"}],"about":[{"href":"https:\/\/informelitoral.com.ar\/%77%70%2d%6a%73%6f%6e\/wp\/v2\/types\/post"}],"author":[{"embeddable":true,"href":"https:\/\/informelitoral.com.ar\/%77%70%2d%6a%73%6f%6e\/wp\/v2\/users\/2"}],"replies":[{"embeddable":true,"href":"https:\/\/informelitoral.com.ar\/%77%70%2d%6a%73%6f%6e\/wp\/v2\/comments?post=203331"}],"version-history":[{"count":0,"href":"https:\/\/informelitoral.com.ar\/%77%70%2d%6a%73%6f%6e\/wp\/v2\/posts\/203331\/revisions"}],"wp:featuredmedia":[{"embeddable":true,"href":"https:\/\/informelitoral.com.ar\/%77%70%2d%6a%73%6f%6e\/wp\/v2\/media\/88448"}],"wp:attachment":[{"href":"https:\/\/informelitoral.com.ar\/%77%70%2d%6a%73%6f%6e\/wp\/v2\/media?parent=203331"}],"wp:term":[{"taxonomy":"category","embeddable":true,"href":"https:\/\/informelitoral.com.ar\/%77%70%2d%6a%73%6f%6e\/wp\/v2\/categories?post=203331"},{"taxonomy":"post_tag","embeddable":true,"href":"https:\/\/informelitoral.com.ar\/%77%70%2d%6a%73%6f%6e\/wp\/v2\/tags?post=203331"}],"curies":[{"name":"wp","href":"https:\/\/api.w.org\/{rel}","templated":true}]}}