{"id":202385,"date":"2024-11-01T08:35:03","date_gmt":"2024-11-01T11:35:03","guid":{"rendered":"https:\/\/www.informelitoral.com.ar\/?p=202385"},"modified":"2024-11-01T08:36:15","modified_gmt":"2024-11-01T11:36:15","slug":"202385-2","status":"publish","type":"post","link":"https:\/\/informelitoral.com.ar\/202385-2\/","title":{"rendered":"Las tarifas de luz y gas volver\u00e1n a aumentar en el mes de noviembre"},"content":{"rendered":"<p>El servicio el\u00e9ctrico subir\u00e1 2,5% y el de gas 2,7% desde el pr\u00f3ximo mes. La resoluci\u00f3n ser\u00e1 publicada en el Bolet\u00edn Oficial en este viernes.<\/p>\n<div id=\"main\" class=\"cl-16\">\n<div class=\"cont-nota interior-1\">\n<div class=\"cont-cuerpo timeline-date-time-up separador-bottom \">\n<div class=\"texto\">\n<p>El Gobierno hab\u00eda postergado los aumentos de julio que se iban a pagar en agosto. En ese entonces, la decisi\u00f3n se tom\u00f3, en principio, con la intenci\u00f3n de sostener la recuperaci\u00f3n del poder adquisitivo de la poblaci\u00f3n, aseguraron fuentes oficiales. Sin embargo, volvieron a subir nuevamente en septiembre.<\/p>\n<h2><strong>Informate m\u00e1s<\/strong><\/h2>\n<p><img data-src=\"https:\/\/media.ambito.com\/p\/d09525f2386119b62d1d1d9b115611f8\/adjuntos\/239\/imagenes\/040\/587\/0040587624\/edesurwebp.png\" \/><\/p>\n<p><b>En los primeros d\u00edas de septiembre el Gobierno, confirm\u00f3 aumentos de 4% en promedio de los servicios de gas y electricidad<\/b>. Seg\u00fan indicaron, esta medida se tom\u00f3 \u00aba los fines de garantizar un suministro de gas sostenible y equitativo para todos los usuarios, evitar el desabastecimiento y asegurar la viabilidad econ\u00f3mica del sector energ\u00e9tico\u00bb.<\/p>\n<p>El Gobierno apuesta a que, dado que en la primavera suele bajar la demanda de gas por las temperaturas m\u00e1s altas,\u00a0<b>el aumento promedio de 4% final de las boletas se ver\u00e1 compensado en los hogares con la ca\u00edda en las cantidades consumidas<\/b>.<\/p>\n<p>La decisi\u00f3n, seg\u00fan informaron, tuvo en cuenta el objetivo de sostener la desaceleraci\u00f3n de la\u00a0<b>inflaci\u00f3n<\/b>\u00a0pero al mismo tiempo no afectar el recorte de\u00a0<b>subsidios\u00a0<\/b>que contempla el programa oficial de ir en busca del equilibrio fiscal. Caputo mantuvo este lunes una reuni\u00f3n con el secretario coordinador de Miner\u00eda y Energ\u00eda,\u00a0<b>Daniel Gonz\u00e1lez<\/b>, y la flamante secretaria de Energ\u00eda,\u00a0<b>Mar\u00eda Tettamanti,\u00a0<\/b>y el asesor\u00a0<b>Diego Aduriz<\/b>\u00a0en el quinto piso del Palacio de Hacienda.<\/p>\n<\/div>\n<\/div>\n<\/div>\n<\/div>\n","protected":false},"excerpt":{"rendered":"<p>El Gobierno defini\u00f3 que las tarifas de luz aumentar\u00e1n 2,5% y las de gas natural por redes 2,7% a partir de noviembre. La pauta fue definida en las \u00faltimas horas por el ministro de Econom\u00eda, Luis Caputo, y ser\u00e1 oficializada este viernes en el Bolet\u00edn Oficial.<\/p>\n","protected":false},"author":8,"featured_media":188013,"comment_status":"open","ping_status":"open","sticky":false,"template":"","format":"standard","meta":{"fifu_image_url":"","fifu_image_alt":"","footnotes":""},"categories":[1594],"tags":[155,132,4576],"class_list":{"0":"post-202385","1":"post","2":"type-post","3":"status-publish","4":"format-standard","5":"has-post-thumbnail","7":"category-economia","8":"tag-aumentos","9":"tag-gas","10":"tag-tarifa-de-luz"},"yoast_head":"<title>Las tarifas de luz y gas volver\u00e1n a aumentar en el mes de noviembre - Informe Litoral<\/title>\n<meta name=\"robots\" content=\"index, follow, max-snippet:-1, max-image-preview:large, max-video-preview:-1\" \/>\n<link rel=\"canonical\" href=\"https:\/\/informelitoral.com.ar\/202385-2\/\" \/>\n<meta property=\"og:locale\" content=\"es_ES\" \/>\n<meta property=\"og:type\" content=\"article\" \/>\n<meta property=\"og:title\" content=\"Las tarifas de luz y gas volver\u00e1n a aumentar en el mes de noviembre - Informe Litoral\" \/>\n<meta property=\"og:description\" content=\"El Gobierno defini\u00f3 que las tarifas de luz aumentar\u00e1n 2,5% y las de gas natural por redes 2,7% a partir de noviembre. La pauta fue definida en las \u00faltimas horas por el ministro de Econom\u00eda, Luis Caputo, y ser\u00e1 oficializada este viernes en el Bolet\u00edn Oficial.\" \/>\n<meta property=\"og:url\" content=\"https:\/\/informelitoral.com.ar\/202385-2\/\" \/>\n<meta property=\"og:site_name\" content=\"Informe Litoral\" \/>\n<meta property=\"article:publisher\" content=\"https:\/\/www.facebook.com\/informelitoral\/\" \/>\n<meta property=\"article:published_time\" content=\"2024-11-01T11:35:03+00:00\" \/>\n<meta property=\"article:modified_time\" content=\"2024-11-01T11:36:15+00:00\" \/>\n<meta property=\"og:image\" content=\"https:\/\/informelitoral.com.ar\/%77%70%2d%63%6f%6e%74%65%6e%74\/uploads\/2024\/05\/820053-aumenta-la-luz-y-el-gas-1568688_0.jpeg\" \/>\n\t<meta property=\"og:image:width\" content=\"960\" \/>\n\t<meta property=\"og:image:height\" content=\"640\" \/>\n\t<meta property=\"og:image:type\" content=\"image\/jpeg\" \/>\n<meta name=\"author\" content=\"Sebastian\" \/>\n<meta name=\"twitter:card\" content=\"summary_large_image\" \/>\n<meta name=\"twitter:creator\" content=\"@InformeLitoral\" \/>\n<meta name=\"twitter:site\" content=\"@InformeLitoral\" \/>\n<meta name=\"twitter:label1\" content=\"Escrito por\" \/>\n\t<meta name=\"twitter:data1\" content=\"Sebastian\" \/>\n\t<meta name=\"twitter:label2\" content=\"Tiempo de lectura\" \/>\n\t<meta name=\"twitter:data2\" content=\"1 minuto\" \/>\n<script type=\"application\/ld+json\" class=\"yoast-schema-graph\">{\"@context\":\"https:\\\/\\\/schema.org\",\"@graph\":[{\"@type\":\"Article\",\"@id\":\"https:\\\/\\\/informelitoral.com.ar\\\/202385-2\\\/#article\",\"isPartOf\":{\"@id\":\"https:\\\/\\\/informelitoral.com.ar\\\/202385-2\\\/\"},\"author\":{\"name\":\"Sebastian\",\"@id\":\"https:\\\/\\\/informelitoral.com.ar\\\/#\\\/schema\\\/person\\\/f05f9f461677119578717524b127d6d5\"},\"headline\":\"Las tarifas de luz y gas volver\u00e1n a aumentar en el mes de noviembre\",\"datePublished\":\"2024-11-01T11:35:03+00:00\",\"dateModified\":\"2024-11-01T11:36:15+00:00\",\"mainEntityOfPage\":{\"@id\":\"https:\\\/\\\/informelitoral.com.ar\\\/202385-2\\\/\"},\"wordCount\":284,\"commentCount\":0,\"publisher\":{\"@id\":\"https:\\\/\\\/informelitoral.com.ar\\\/#organization\"},\"image\":{\"@id\":\"https:\\\/\\\/informelitoral.com.ar\\\/202385-2\\\/#primaryimage\"},\"thumbnailUrl\":\"https:\\\/\\\/informelitoral.com.ar\\\/%77%70%2d%63%6f%6e%74%65%6e%74\\\/uploads\\\/2024\\\/05\\\/820053-aumenta-la-luz-y-el-gas-1568688_0.jpeg\",\"keywords\":[\"Aumentos\",\"Gas\",\"Tarifa de Luz\"],\"articleSection\":[\"Econom\u00eda\"],\"inLanguage\":\"es\",\"potentialAction\":[{\"@type\":\"CommentAction\",\"name\":\"Comment\",\"target\":[\"https:\\\/\\\/informelitoral.com.ar\\\/202385-2\\\/#respond\"]}]},{\"@type\":\"WebPage\",\"@id\":\"https:\\\/\\\/informelitoral.com.ar\\\/202385-2\\\/\",\"url\":\"https:\\\/\\\/informelitoral.com.ar\\\/202385-2\\\/\",\"name\":\"Las tarifas de luz y gas volver\u00e1n a aumentar en el mes de noviembre - Informe Litoral\",\"isPartOf\":{\"@id\":\"https:\\\/\\\/informelitoral.com.ar\\\/#website\"},\"primaryImageOfPage\":{\"@id\":\"https:\\\/\\\/informelitoral.com.ar\\\/202385-2\\\/#primaryimage\"},\"image\":{\"@id\":\"https:\\\/\\\/informelitoral.com.ar\\\/202385-2\\\/#primaryimage\"},\"thumbnailUrl\":\"https:\\\/\\\/informelitoral.com.ar\\\/%77%70%2d%63%6f%6e%74%65%6e%74\\\/uploads\\\/2024\\\/05\\\/820053-aumenta-la-luz-y-el-gas-1568688_0.jpeg\",\"datePublished\":\"2024-11-01T11:35:03+00:00\",\"dateModified\":\"2024-11-01T11:36:15+00:00\",\"breadcrumb\":{\"@id\":\"https:\\\/\\\/informelitoral.com.ar\\\/202385-2\\\/#breadcrumb\"},\"inLanguage\":\"es\",\"potentialAction\":[{\"@type\":\"ReadAction\",\"target\":[\"https:\\\/\\\/informelitoral.com.ar\\\/202385-2\\\/\"]}]},{\"@type\":\"ImageObject\",\"inLanguage\":\"es\",\"@id\":\"https:\\\/\\\/informelitoral.com.ar\\\/202385-2\\\/#primaryimage\",\"url\":\"https:\\\/\\\/informelitoral.com.ar\\\/%77%70%2d%63%6f%6e%74%65%6e%74\\\/uploads\\\/2024\\\/05\\\/820053-aumenta-la-luz-y-el-gas-1568688_0.jpeg\",\"contentUrl\":\"https:\\\/\\\/informelitoral.com.ar\\\/%77%70%2d%63%6f%6e%74%65%6e%74\\\/uploads\\\/2024\\\/05\\\/820053-aumenta-la-luz-y-el-gas-1568688_0.jpeg\",\"width\":960,\"height\":640},{\"@type\":\"BreadcrumbList\",\"@id\":\"https:\\\/\\\/informelitoral.com.ar\\\/202385-2\\\/#breadcrumb\",\"itemListElement\":[{\"@type\":\"ListItem\",\"position\":1,\"name\":\"Portada\",\"item\":\"https:\\\/\\\/informelitoral.com.ar\\\/\"},{\"@type\":\"ListItem\",\"position\":2,\"name\":\"Las tarifas de luz y gas volver\u00e1n a aumentar en el mes de noviembre\"}]},{\"@type\":\"WebSite\",\"@id\":\"https:\\\/\\\/informelitoral.com.ar\\\/#website\",\"url\":\"https:\\\/\\\/informelitoral.com.ar\\\/\",\"name\":\"Informe Litoral\",\"description\":\"&quot;Nos informamos&quot; \",\"publisher\":{\"@id\":\"https:\\\/\\\/informelitoral.com.ar\\\/#organization\"},\"potentialAction\":[{\"@type\":\"SearchAction\",\"target\":{\"@type\":\"EntryPoint\",\"urlTemplate\":\"https:\\\/\\\/informelitoral.com.ar\\\/?s={search_term_string}\"},\"query-input\":{\"@type\":\"PropertyValueSpecification\",\"valueRequired\":true,\"valueName\":\"search_term_string\"}}],\"inLanguage\":\"es\"},{\"@type\":\"Organization\",\"@id\":\"https:\\\/\\\/informelitoral.com.ar\\\/#organization\",\"name\":\"Informe Litoral\",\"url\":\"https:\\\/\\\/informelitoral.com.ar\\\/\",\"logo\":{\"@type\":\"ImageObject\",\"inLanguage\":\"es\",\"@id\":\"https:\\\/\\\/informelitoral.com.ar\\\/#\\\/schema\\\/logo\\\/image\\\/\",\"url\":\"https:\\\/\\\/informelitoral.com.ar\\\/%77%70%2d%63%6f%6e%74%65%6e%74\\\/uploads\\\/2021\\\/01\\\/circulo.png\",\"contentUrl\":\"https:\\\/\\\/informelitoral.com.ar\\\/%77%70%2d%63%6f%6e%74%65%6e%74\\\/uploads\\\/2021\\\/01\\\/circulo.png\",\"width\":723,\"height\":731,\"caption\":\"Informe Litoral\"},\"image\":{\"@id\":\"https:\\\/\\\/informelitoral.com.ar\\\/#\\\/schema\\\/logo\\\/image\\\/\"},\"sameAs\":[\"https:\\\/\\\/www.facebook.com\\\/informelitoral\\\/\",\"https:\\\/\\\/x.com\\\/InformeLitoral\",\"https:\\\/\\\/www.instagram.com\\\/informelitoral\\\/\",\"https:\\\/\\\/www.youtube.com\\\/channel\\\/UCua4Qvz8Icb6MYqhoq9xLXw\"]},{\"@type\":\"Person\",\"@id\":\"https:\\\/\\\/informelitoral.com.ar\\\/#\\\/schema\\\/person\\\/f05f9f461677119578717524b127d6d5\",\"name\":\"Sebastian\",\"image\":{\"@type\":\"ImageObject\",\"inLanguage\":\"es\",\"@id\":\"https:\\\/\\\/secure.gravatar.com\\\/avatar\\\/b71bf7481d447dfb9583c7f2798e7cc64de6efb9067b74633ed8c31059a3bd82?s=96&d=mm&r=g\",\"url\":\"https:\\\/\\\/secure.gravatar.com\\\/avatar\\\/b71bf7481d447dfb9583c7f2798e7cc64de6efb9067b74633ed8c31059a3bd82?s=96&d=mm&r=g\",\"contentUrl\":\"https:\\\/\\\/secure.gravatar.com\\\/avatar\\\/b71bf7481d447dfb9583c7f2798e7cc64de6efb9067b74633ed8c31059a3bd82?s=96&d=mm&r=g\",\"caption\":\"Sebastian\"},\"url\":\"https:\\\/\\\/informelitoral.com.ar\\\/author\\\/sebastian\\\/\"}]}<\/script>","yoast_head_json":{"title":"Las tarifas de luz y gas volver\u00e1n a aumentar en el mes de noviembre - Informe Litoral","robots":{"index":"index","follow":"follow","max-snippet":"max-snippet:-1","max-image-preview":"max-image-preview:large","max-video-preview":"max-video-preview:-1"},"canonical":"https:\/\/informelitoral.com.ar\/202385-2\/","og_locale":"es_ES","og_type":"article","og_title":"Las tarifas de luz y gas volver\u00e1n a aumentar en el mes de noviembre - Informe Litoral","og_description":"El Gobierno defini\u00f3 que las tarifas de luz aumentar\u00e1n 2,5% y las de gas natural por redes 2,7% a partir de noviembre. La pauta fue definida en las \u00faltimas horas por el ministro de Econom\u00eda, Luis Caputo, y ser\u00e1 oficializada este viernes en el Bolet\u00edn Oficial.","og_url":"https:\/\/informelitoral.com.ar\/202385-2\/","og_site_name":"Informe Litoral","article_publisher":"https:\/\/www.facebook.com\/informelitoral\/","article_published_time":"2024-11-01T11:35:03+00:00","article_modified_time":"2024-11-01T11:36:15+00:00","og_image":[{"width":960,"height":640,"url":"https:\/\/informelitoral.com.ar\/%77%70%2d%63%6f%6e%74%65%6e%74\/uploads\/2024\/05\/820053-aumenta-la-luz-y-el-gas-1568688_0.jpeg","type":"image\/jpeg"}],"author":"Sebastian","twitter_card":"summary_large_image","twitter_creator":"@InformeLitoral","twitter_site":"@InformeLitoral","twitter_misc":{"Escrito por":"Sebastian","Tiempo de lectura":"1 minuto"},"schema":{"@context":"https:\/\/schema.org","@graph":[{"@type":"Article","@id":"https:\/\/informelitoral.com.ar\/202385-2\/#article","isPartOf":{"@id":"https:\/\/informelitoral.com.ar\/202385-2\/"},"author":{"name":"Sebastian","@id":"https:\/\/informelitoral.com.ar\/#\/schema\/person\/f05f9f461677119578717524b127d6d5"},"headline":"Las tarifas de luz y gas volver\u00e1n a aumentar en el mes de noviembre","datePublished":"2024-11-01T11:35:03+00:00","dateModified":"2024-11-01T11:36:15+00:00","mainEntityOfPage":{"@id":"https:\/\/informelitoral.com.ar\/202385-2\/"},"wordCount":284,"commentCount":0,"publisher":{"@id":"https:\/\/informelitoral.com.ar\/#organization"},"image":{"@id":"https:\/\/informelitoral.com.ar\/202385-2\/#primaryimage"},"thumbnailUrl":"https:\/\/informelitoral.com.ar\/%77%70%2d%63%6f%6e%74%65%6e%74\/uploads\/2024\/05\/820053-aumenta-la-luz-y-el-gas-1568688_0.jpeg","keywords":["Aumentos","Gas","Tarifa de Luz"],"articleSection":["Econom\u00eda"],"inLanguage":"es","potentialAction":[{"@type":"CommentAction","name":"Comment","target":["https:\/\/informelitoral.com.ar\/202385-2\/#respond"]}]},{"@type":"WebPage","@id":"https:\/\/informelitoral.com.ar\/202385-2\/","url":"https:\/\/informelitoral.com.ar\/202385-2\/","name":"Las tarifas de luz y gas volver\u00e1n a aumentar en el mes de noviembre - Informe Litoral","isPartOf":{"@id":"https:\/\/informelitoral.com.ar\/#website"},"primaryImageOfPage":{"@id":"https:\/\/informelitoral.com.ar\/202385-2\/#primaryimage"},"image":{"@id":"https:\/\/informelitoral.com.ar\/202385-2\/#primaryimage"},"thumbnailUrl":"https:\/\/informelitoral.com.ar\/%77%70%2d%63%6f%6e%74%65%6e%74\/uploads\/2024\/05\/820053-aumenta-la-luz-y-el-gas-1568688_0.jpeg","datePublished":"2024-11-01T11:35:03+00:00","dateModified":"2024-11-01T11:36:15+00:00","breadcrumb":{"@id":"https:\/\/informelitoral.com.ar\/202385-2\/#breadcrumb"},"inLanguage":"es","potentialAction":[{"@type":"ReadAction","target":["https:\/\/informelitoral.com.ar\/202385-2\/"]}]},{"@type":"ImageObject","inLanguage":"es","@id":"https:\/\/informelitoral.com.ar\/202385-2\/#primaryimage","url":"https:\/\/informelitoral.com.ar\/%77%70%2d%63%6f%6e%74%65%6e%74\/uploads\/2024\/05\/820053-aumenta-la-luz-y-el-gas-1568688_0.jpeg","contentUrl":"https:\/\/informelitoral.com.ar\/%77%70%2d%63%6f%6e%74%65%6e%74\/uploads\/2024\/05\/820053-aumenta-la-luz-y-el-gas-1568688_0.jpeg","width":960,"height":640},{"@type":"BreadcrumbList","@id":"https:\/\/informelitoral.com.ar\/202385-2\/#breadcrumb","itemListElement":[{"@type":"ListItem","position":1,"name":"Portada","item":"https:\/\/informelitoral.com.ar\/"},{"@type":"ListItem","position":2,"name":"Las tarifas de luz y gas volver\u00e1n a aumentar en el mes de noviembre"}]},{"@type":"WebSite","@id":"https:\/\/informelitoral.com.ar\/#website","url":"https:\/\/informelitoral.com.ar\/","name":"Informe Litoral","description":"&quot;Nos informamos&quot; ","publisher":{"@id":"https:\/\/informelitoral.com.ar\/#organization"},"potentialAction":[{"@type":"SearchAction","target":{"@type":"EntryPoint","urlTemplate":"https:\/\/informelitoral.com.ar\/?s={search_term_string}"},"query-input":{"@type":"PropertyValueSpecification","valueRequired":true,"valueName":"search_term_string"}}],"inLanguage":"es"},{"@type":"Organization","@id":"https:\/\/informelitoral.com.ar\/#organization","name":"Informe Litoral","url":"https:\/\/informelitoral.com.ar\/","logo":{"@type":"ImageObject","inLanguage":"es","@id":"https:\/\/informelitoral.com.ar\/#\/schema\/logo\/image\/","url":"https:\/\/informelitoral.com.ar\/%77%70%2d%63%6f%6e%74%65%6e%74\/uploads\/2021\/01\/circulo.png","contentUrl":"https:\/\/informelitoral.com.ar\/%77%70%2d%63%6f%6e%74%65%6e%74\/uploads\/2021\/01\/circulo.png","width":723,"height":731,"caption":"Informe Litoral"},"image":{"@id":"https:\/\/informelitoral.com.ar\/#\/schema\/logo\/image\/"},"sameAs":["https:\/\/www.facebook.com\/informelitoral\/","https:\/\/x.com\/InformeLitoral","https:\/\/www.instagram.com\/informelitoral\/","https:\/\/www.youtube.com\/channel\/UCua4Qvz8Icb6MYqhoq9xLXw"]},{"@type":"Person","@id":"https:\/\/informelitoral.com.ar\/#\/schema\/person\/f05f9f461677119578717524b127d6d5","name":"Sebastian","image":{"@type":"ImageObject","inLanguage":"es","@id":"https:\/\/secure.gravatar.com\/avatar\/b71bf7481d447dfb9583c7f2798e7cc64de6efb9067b74633ed8c31059a3bd82?s=96&d=mm&r=g","url":"https:\/\/secure.gravatar.com\/avatar\/b71bf7481d447dfb9583c7f2798e7cc64de6efb9067b74633ed8c31059a3bd82?s=96&d=mm&r=g","contentUrl":"https:\/\/secure.gravatar.com\/avatar\/b71bf7481d447dfb9583c7f2798e7cc64de6efb9067b74633ed8c31059a3bd82?s=96&d=mm&r=g","caption":"Sebastian"},"url":"https:\/\/informelitoral.com.ar\/author\/sebastian\/"}]}},"_links":{"self":[{"href":"https:\/\/informelitoral.com.ar\/%77%70%2d%6a%73%6f%6e\/wp\/v2\/posts\/202385","targetHints":{"allow":["GET"]}}],"collection":[{"href":"https:\/\/informelitoral.com.ar\/%77%70%2d%6a%73%6f%6e\/wp\/v2\/posts"}],"about":[{"href":"https:\/\/informelitoral.com.ar\/%77%70%2d%6a%73%6f%6e\/wp\/v2\/types\/post"}],"author":[{"embeddable":true,"href":"https:\/\/informelitoral.com.ar\/%77%70%2d%6a%73%6f%6e\/wp\/v2\/users\/8"}],"replies":[{"embeddable":true,"href":"https:\/\/informelitoral.com.ar\/%77%70%2d%6a%73%6f%6e\/wp\/v2\/comments?post=202385"}],"version-history":[{"count":0,"href":"https:\/\/informelitoral.com.ar\/%77%70%2d%6a%73%6f%6e\/wp\/v2\/posts\/202385\/revisions"}],"wp:featuredmedia":[{"embeddable":true,"href":"https:\/\/informelitoral.com.ar\/%77%70%2d%6a%73%6f%6e\/wp\/v2\/media\/188013"}],"wp:attachment":[{"href":"https:\/\/informelitoral.com.ar\/%77%70%2d%6a%73%6f%6e\/wp\/v2\/media?parent=202385"}],"wp:term":[{"taxonomy":"category","embeddable":true,"href":"https:\/\/informelitoral.com.ar\/%77%70%2d%6a%73%6f%6e\/wp\/v2\/categories?post=202385"},{"taxonomy":"post_tag","embeddable":true,"href":"https:\/\/informelitoral.com.ar\/%77%70%2d%6a%73%6f%6e\/wp\/v2\/tags?post=202385"}],"curies":[{"name":"wp","href":"https:\/\/api.w.org\/{rel}","templated":true}]}}