{"id":202344,"date":"2024-11-01T06:22:44","date_gmt":"2024-11-01T09:22:44","guid":{"rendered":"https:\/\/www.informelitoral.com.ar\/?p=202344"},"modified":"2024-11-01T06:22:44","modified_gmt":"2024-11-01T09:22:44","slug":"brindaron-una-charla-ante-estudiantes-para-fortalecer-la-seguridad-vial-en-aranguren","status":"publish","type":"post","link":"https:\/\/informelitoral.com.ar\/brindaron-una-charla-ante-estudiantes-para-fortalecer-la-seguridad-vial-en-aranguren\/","title":{"rendered":"Brindaron una charla ante estudiantes para fortalecer la seguridad vial en Aranguren"},"content":{"rendered":"<p>Luego de la charla que se realiz\u00f3 en la Casa del Bicentenario de Aranguren el 16 de octubre sobre \u201cSeguridad vial y prevenci\u00f3n de accidentes\u201d, <strong>Mat\u00edas Algara\u00f1a<\/strong>, coordinador de Tr\u00e1nsito de la Municipalidad y el Oficial Principal <strong>Andr\u00e9s Borghello<\/strong>, uno de los disertantes, brindaron detalles de la jornada.<\/p>\n<p>En la oportunidad, acompa\u00f1aron a Borghello durante la charla, el Suboficial Mayor <strong>Francisco Garay<\/strong> y el Sargento<strong> Santiago Pereyra<\/strong> de la Direcci\u00f3n de Prevenci\u00f3n y Seguridad Vial de la Polic\u00eda de Entre R\u00edos.<\/p>\n<p>Recordemos que la misma fue dirigida para estudiantes de 5\u00b0 y 6\u00b0 a\u00f1o de la Escuela Secundaria N\u00b0 2 Juan H. Vieytes.<\/p>\n<h2><strong>Testimonios:<\/strong><\/h2>\n<p><strong>Mat\u00edas Algara\u00f1a: <\/strong>\u201cLa charla fue planteada porque desde el \u00c1rea de Tr\u00e1nsito de la Municipalidad lo consideramos necesario para tratar de preservar y salvaguardar la vida de peatones, motociclistas y automovilistas en general.<\/p>\n<p>Adem\u00e1s, hace tiempo que estamos trabajando con la concientizaci\u00f3n sobre el uso del caso, fundamentalmente en los motociclistas m\u00e1s j\u00f3venes. La charla se realiz\u00f3 con estudiantes y profesores de la Escuela Secundaria N\u00b0 2 Juan H. Vieytes y en noviembre vamos a concretar una jornada similar con la Escuela T\u00e9cnica N\u00b0 5 14 de Febrero.<\/p>\n<p>Queremos que la poblaci\u00f3n est\u00e9 informada y educar en tr\u00e1nsito y seguridad vial\u201d.<\/p>\n<p><strong>Andr\u00e9s Borghello: <\/strong>\u201cHablamos de seguridad vial en general, preferimos realizar las charlas para j\u00f3venes que van a terminar el colegio secundario, quienes est\u00e1n pr\u00f3ximos a sacar su Licencia para Conducir, para tratar de generar una nueva cultura vial en base a la responsabilidad que tenemos nosotros como estado pero ellos como usuarios de la v\u00eda p\u00fablica. En general hablamos de diferentes cuestiones y aspectos que refieren a la seguridad vial como veh\u00edculos, v\u00eda p\u00fablica, elementos de seguridad y el respeto que debemos tener entre todos, creo que este es el camino que nosotros venimos haciendo hace muchos a\u00f1os pero que no debemos descansar, se debe hacer constantemente, explicar porque es importante utilizar los elementos de seguridad, porque es importante respetar las se\u00f1ales viales, las velocidades, todas estas cuestiones que si no lo hacemos llevan a la conclusi\u00f3n de siniestros viales donde lo que sucede es la ruptura de veh\u00edculos y las consecuencias graves es cuando tenemos lesionados o personas fallecidas\u201d, explic\u00f3 el Oficial Principal Andr\u00e9s Borghello, quien adem\u00e1s puntualiz\u00f3 qu\u00e9: \u201cNo pensemos que no va a pasar nada porque estamos en una ciudad tranquila, con menos volumen de circulaci\u00f3n de tr\u00e1nsito, tenemos que prestar atenci\u00f3n desde que vamos a sacar el veh\u00edculo del garage y usar los elementos de seguridad como el casco en la moto o el cintur\u00f3n de seguridad en los autos, tenemos que hacerlo desde el momento que subimos al veh\u00edculo por seguridad y porque adem\u00e1s son medidas obligatorias\u201d, explic\u00f3 el disertante.<\/p>\n<p>Por \u00faltimo, Borghello ejemplific\u00f3 con una estad\u00edstica: \u201cDe cada 10 siniestros viales que producen la muerte en choques 4 personas son ocupantes de motos, conductor o acompa\u00f1ante, el uso del casco es obligatorio y salva vidas. A su vez, es bueno recordar que no tomar alcohol al momento de conducir es fundamental para evitar siniestros graves\u201d, concluy\u00f3.<\/p>\n<h6><em><strong>Del archivo:\u00a0<a href=\"https:\/\/www.informelitoral.com.ar\/aranguren-obras-dengue-emprendedores-feria-de-alimentos-y-consumo-local\/\" target=\"_blank\" rel=\"noopener\">Aranguren: obras, dengue, emprendedores, feria de alimentos y consumo local<\/a><\/strong><\/em><\/h6>\n","protected":false},"excerpt":{"rendered":"<p>La propuesta estuvo dirigida a alumnos de 5\u00b0 y 6\u00b0 a\u00f1o de la Escuela Secundaria N\u00b0 2, Juan H. Vieytes. Mat\u00edas Algara\u00f1a, coordinador de Tr\u00e1nsito de la Municipalidad y el Oficial Principal Andr\u00e9s Borghello, uno de los disertantes, brindaron detalles de la jornada.<\/p>\n","protected":false},"author":2,"featured_media":202345,"comment_status":"open","ping_status":"open","sticky":false,"template":"","format":"standard","meta":{"fifu_image_url":"","fifu_image_alt":"","footnotes":""},"categories":[4592,6],"tags":[143,111,1580,201,440],"class_list":{"0":"post-202344","1":"post","2":"type-post","3":"status-publish","4":"format-standard","5":"has-post-thumbnail","7":"category-departamento-nogoya","8":"category-entre-rios","9":"tag-aranguren","10":"tag-municipales","11":"tag-municipalidad-de-aranguren","12":"tag-municipios","13":"tag-seguridad-vial"},"yoast_head":"<title>Brindaron una charla ante estudiantes para fortalecer la seguridad vial en Aranguren - Informe Litoral<\/title>\n<meta name=\"robots\" content=\"index, follow, max-snippet:-1, max-image-preview:large, max-video-preview:-1\" \/>\n<link rel=\"canonical\" href=\"https:\/\/informelitoral.com.ar\/brindaron-una-charla-ante-estudiantes-para-fortalecer-la-seguridad-vial-en-aranguren\/\" \/>\n<meta property=\"og:locale\" content=\"es_ES\" \/>\n<meta property=\"og:type\" content=\"article\" \/>\n<meta property=\"og:title\" content=\"Brindaron una charla ante estudiantes para fortalecer la seguridad vial en Aranguren - Informe Litoral\" \/>\n<meta property=\"og:description\" content=\"La propuesta estuvo dirigida a alumnos de 5\u00b0 y 6\u00b0 a\u00f1o de la Escuela Secundaria N\u00b0 2, Juan H. Vieytes. Mat\u00edas Algara\u00f1a, coordinador de Tr\u00e1nsito de la Municipalidad y el Oficial Principal Andr\u00e9s Borghello, uno de los disertantes, brindaron detalles de la jornada.\" \/>\n<meta property=\"og:url\" content=\"https:\/\/informelitoral.com.ar\/brindaron-una-charla-ante-estudiantes-para-fortalecer-la-seguridad-vial-en-aranguren\/\" \/>\n<meta property=\"og:site_name\" content=\"Informe Litoral\" \/>\n<meta property=\"article:publisher\" content=\"https:\/\/www.facebook.com\/informelitoral\/\" \/>\n<meta property=\"article:published_time\" content=\"2024-11-01T09:22:44+00:00\" \/>\n<meta property=\"og:image\" content=\"https:\/\/informelitoral.com.ar\/%77%70%2d%63%6f%6e%74%65%6e%74\/uploads\/2024\/11\/Foto-Seguridad-Vial.jpg\" \/>\n\t<meta property=\"og:image:width\" content=\"2048\" \/>\n\t<meta property=\"og:image:height\" content=\"1365\" \/>\n\t<meta property=\"og:image:type\" content=\"image\/jpeg\" \/>\n<meta name=\"author\" content=\"Gonzalo Schmidt\" \/>\n<meta name=\"twitter:card\" content=\"summary_large_image\" \/>\n<meta name=\"twitter:creator\" content=\"@InformeLitoral\" \/>\n<meta name=\"twitter:site\" content=\"@InformeLitoral\" \/>\n<meta name=\"twitter:label1\" content=\"Escrito por\" \/>\n\t<meta name=\"twitter:data1\" content=\"Gonzalo Schmidt\" \/>\n\t<meta name=\"twitter:label2\" content=\"Tiempo de lectura\" \/>\n\t<meta name=\"twitter:data2\" content=\"3 minutos\" \/>\n<script type=\"application\/ld+json\" class=\"yoast-schema-graph\">{\"@context\":\"https:\\\/\\\/schema.org\",\"@graph\":[{\"@type\":\"Article\",\"@id\":\"https:\\\/\\\/informelitoral.com.ar\\\/brindaron-una-charla-ante-estudiantes-para-fortalecer-la-seguridad-vial-en-aranguren\\\/#article\",\"isPartOf\":{\"@id\":\"https:\\\/\\\/informelitoral.com.ar\\\/brindaron-una-charla-ante-estudiantes-para-fortalecer-la-seguridad-vial-en-aranguren\\\/\"},\"author\":{\"name\":\"Gonzalo Schmidt\",\"@id\":\"https:\\\/\\\/informelitoral.com.ar\\\/#\\\/schema\\\/person\\\/b9d00407c836482871ef1d57bf8e3180\"},\"headline\":\"Brindaron una charla ante estudiantes para fortalecer la seguridad vial en Aranguren\",\"datePublished\":\"2024-11-01T09:22:44+00:00\",\"mainEntityOfPage\":{\"@id\":\"https:\\\/\\\/informelitoral.com.ar\\\/brindaron-una-charla-ante-estudiantes-para-fortalecer-la-seguridad-vial-en-aranguren\\\/\"},\"wordCount\":567,\"commentCount\":0,\"publisher\":{\"@id\":\"https:\\\/\\\/informelitoral.com.ar\\\/#organization\"},\"image\":{\"@id\":\"https:\\\/\\\/informelitoral.com.ar\\\/brindaron-una-charla-ante-estudiantes-para-fortalecer-la-seguridad-vial-en-aranguren\\\/#primaryimage\"},\"thumbnailUrl\":\"https:\\\/\\\/informelitoral.com.ar\\\/%77%70%2d%63%6f%6e%74%65%6e%74\\\/uploads\\\/2024\\\/11\\\/Foto-Seguridad-Vial.jpg\",\"keywords\":[\"Aranguren\",\"Municipales\",\"Municipalidad de Aranguren\",\"Municipios\",\"Seguridad Vial\"],\"articleSection\":[\"Departamento Nogoy\u00e1\",\"Entre R\u00edos\"],\"inLanguage\":\"es\",\"potentialAction\":[{\"@type\":\"CommentAction\",\"name\":\"Comment\",\"target\":[\"https:\\\/\\\/informelitoral.com.ar\\\/brindaron-una-charla-ante-estudiantes-para-fortalecer-la-seguridad-vial-en-aranguren\\\/#respond\"]}]},{\"@type\":\"WebPage\",\"@id\":\"https:\\\/\\\/informelitoral.com.ar\\\/brindaron-una-charla-ante-estudiantes-para-fortalecer-la-seguridad-vial-en-aranguren\\\/\",\"url\":\"https:\\\/\\\/informelitoral.com.ar\\\/brindaron-una-charla-ante-estudiantes-para-fortalecer-la-seguridad-vial-en-aranguren\\\/\",\"name\":\"Brindaron una charla ante estudiantes para fortalecer la seguridad vial en Aranguren - Informe Litoral\",\"isPartOf\":{\"@id\":\"https:\\\/\\\/informelitoral.com.ar\\\/#website\"},\"primaryImageOfPage\":{\"@id\":\"https:\\\/\\\/informelitoral.com.ar\\\/brindaron-una-charla-ante-estudiantes-para-fortalecer-la-seguridad-vial-en-aranguren\\\/#primaryimage\"},\"image\":{\"@id\":\"https:\\\/\\\/informelitoral.com.ar\\\/brindaron-una-charla-ante-estudiantes-para-fortalecer-la-seguridad-vial-en-aranguren\\\/#primaryimage\"},\"thumbnailUrl\":\"https:\\\/\\\/informelitoral.com.ar\\\/%77%70%2d%63%6f%6e%74%65%6e%74\\\/uploads\\\/2024\\\/11\\\/Foto-Seguridad-Vial.jpg\",\"datePublished\":\"2024-11-01T09:22:44+00:00\",\"breadcrumb\":{\"@id\":\"https:\\\/\\\/informelitoral.com.ar\\\/brindaron-una-charla-ante-estudiantes-para-fortalecer-la-seguridad-vial-en-aranguren\\\/#breadcrumb\"},\"inLanguage\":\"es\",\"potentialAction\":[{\"@type\":\"ReadAction\",\"target\":[\"https:\\\/\\\/informelitoral.com.ar\\\/brindaron-una-charla-ante-estudiantes-para-fortalecer-la-seguridad-vial-en-aranguren\\\/\"]}]},{\"@type\":\"ImageObject\",\"inLanguage\":\"es\",\"@id\":\"https:\\\/\\\/informelitoral.com.ar\\\/brindaron-una-charla-ante-estudiantes-para-fortalecer-la-seguridad-vial-en-aranguren\\\/#primaryimage\",\"url\":\"https:\\\/\\\/informelitoral.com.ar\\\/%77%70%2d%63%6f%6e%74%65%6e%74\\\/uploads\\\/2024\\\/11\\\/Foto-Seguridad-Vial.jpg\",\"contentUrl\":\"https:\\\/\\\/informelitoral.com.ar\\\/%77%70%2d%63%6f%6e%74%65%6e%74\\\/uploads\\\/2024\\\/11\\\/Foto-Seguridad-Vial.jpg\",\"width\":2048,\"height\":1365},{\"@type\":\"BreadcrumbList\",\"@id\":\"https:\\\/\\\/informelitoral.com.ar\\\/brindaron-una-charla-ante-estudiantes-para-fortalecer-la-seguridad-vial-en-aranguren\\\/#breadcrumb\",\"itemListElement\":[{\"@type\":\"ListItem\",\"position\":1,\"name\":\"Portada\",\"item\":\"https:\\\/\\\/informelitoral.com.ar\\\/\"},{\"@type\":\"ListItem\",\"position\":2,\"name\":\"Brindaron una charla ante estudiantes para fortalecer la seguridad vial en Aranguren\"}]},{\"@type\":\"WebSite\",\"@id\":\"https:\\\/\\\/informelitoral.com.ar\\\/#website\",\"url\":\"https:\\\/\\\/informelitoral.com.ar\\\/\",\"name\":\"Informe Litoral\",\"description\":\"&quot;Nos informamos&quot; \",\"publisher\":{\"@id\":\"https:\\\/\\\/informelitoral.com.ar\\\/#organization\"},\"potentialAction\":[{\"@type\":\"SearchAction\",\"target\":{\"@type\":\"EntryPoint\",\"urlTemplate\":\"https:\\\/\\\/informelitoral.com.ar\\\/?s={search_term_string}\"},\"query-input\":{\"@type\":\"PropertyValueSpecification\",\"valueRequired\":true,\"valueName\":\"search_term_string\"}}],\"inLanguage\":\"es\"},{\"@type\":\"Organization\",\"@id\":\"https:\\\/\\\/informelitoral.com.ar\\\/#organization\",\"name\":\"Informe Litoral\",\"url\":\"https:\\\/\\\/informelitoral.com.ar\\\/\",\"logo\":{\"@type\":\"ImageObject\",\"inLanguage\":\"es\",\"@id\":\"https:\\\/\\\/informelitoral.com.ar\\\/#\\\/schema\\\/logo\\\/image\\\/\",\"url\":\"https:\\\/\\\/informelitoral.com.ar\\\/%77%70%2d%63%6f%6e%74%65%6e%74\\\/uploads\\\/2021\\\/01\\\/circulo.png\",\"contentUrl\":\"https:\\\/\\\/informelitoral.com.ar\\\/%77%70%2d%63%6f%6e%74%65%6e%74\\\/uploads\\\/2021\\\/01\\\/circulo.png\",\"width\":723,\"height\":731,\"caption\":\"Informe Litoral\"},\"image\":{\"@id\":\"https:\\\/\\\/informelitoral.com.ar\\\/#\\\/schema\\\/logo\\\/image\\\/\"},\"sameAs\":[\"https:\\\/\\\/www.facebook.com\\\/informelitoral\\\/\",\"https:\\\/\\\/x.com\\\/InformeLitoral\",\"https:\\\/\\\/www.instagram.com\\\/informelitoral\\\/\",\"https:\\\/\\\/www.youtube.com\\\/channel\\\/UCua4Qvz8Icb6MYqhoq9xLXw\"]},{\"@type\":\"Person\",\"@id\":\"https:\\\/\\\/informelitoral.com.ar\\\/#\\\/schema\\\/person\\\/b9d00407c836482871ef1d57bf8e3180\",\"name\":\"Gonzalo Schmidt\",\"image\":{\"@type\":\"ImageObject\",\"inLanguage\":\"es\",\"@id\":\"https:\\\/\\\/secure.gravatar.com\\\/avatar\\\/31a1a7b66ff2de83bd0e9fd79d026630d2d99e55e8bfe501287647b4fd9743de?s=96&d=mm&r=g\",\"url\":\"https:\\\/\\\/secure.gravatar.com\\\/avatar\\\/31a1a7b66ff2de83bd0e9fd79d026630d2d99e55e8bfe501287647b4fd9743de?s=96&d=mm&r=g\",\"contentUrl\":\"https:\\\/\\\/secure.gravatar.com\\\/avatar\\\/31a1a7b66ff2de83bd0e9fd79d026630d2d99e55e8bfe501287647b4fd9743de?s=96&d=mm&r=g\",\"caption\":\"Gonzalo Schmidt\"},\"description\":\"Sitio web de noticias de la provincia de Entre R\u00edos, Argentina. Informaci\u00f3n y entretenimiento. Informe Litoral, nos informamos.\",\"sameAs\":[\"http:\\\/\\\/www.isletasnoticias.com.ar\"],\"url\":\"https:\\\/\\\/informelitoral.com.ar\\\/author\\\/gonzalo\\\/\"}]}<\/script>","yoast_head_json":{"title":"Brindaron una charla ante estudiantes para fortalecer la seguridad vial en Aranguren - Informe Litoral","robots":{"index":"index","follow":"follow","max-snippet":"max-snippet:-1","max-image-preview":"max-image-preview:large","max-video-preview":"max-video-preview:-1"},"canonical":"https:\/\/informelitoral.com.ar\/brindaron-una-charla-ante-estudiantes-para-fortalecer-la-seguridad-vial-en-aranguren\/","og_locale":"es_ES","og_type":"article","og_title":"Brindaron una charla ante estudiantes para fortalecer la seguridad vial en Aranguren - Informe Litoral","og_description":"La propuesta estuvo dirigida a alumnos de 5\u00b0 y 6\u00b0 a\u00f1o de la Escuela Secundaria N\u00b0 2, Juan H. Vieytes. Mat\u00edas Algara\u00f1a, coordinador de Tr\u00e1nsito de la Municipalidad y el Oficial Principal Andr\u00e9s Borghello, uno de los disertantes, brindaron detalles de la jornada.","og_url":"https:\/\/informelitoral.com.ar\/brindaron-una-charla-ante-estudiantes-para-fortalecer-la-seguridad-vial-en-aranguren\/","og_site_name":"Informe Litoral","article_publisher":"https:\/\/www.facebook.com\/informelitoral\/","article_published_time":"2024-11-01T09:22:44+00:00","og_image":[{"width":2048,"height":1365,"url":"https:\/\/informelitoral.com.ar\/%77%70%2d%63%6f%6e%74%65%6e%74\/uploads\/2024\/11\/Foto-Seguridad-Vial.jpg","type":"image\/jpeg"}],"author":"Gonzalo Schmidt","twitter_card":"summary_large_image","twitter_creator":"@InformeLitoral","twitter_site":"@InformeLitoral","twitter_misc":{"Escrito por":"Gonzalo Schmidt","Tiempo de lectura":"3 minutos"},"schema":{"@context":"https:\/\/schema.org","@graph":[{"@type":"Article","@id":"https:\/\/informelitoral.com.ar\/brindaron-una-charla-ante-estudiantes-para-fortalecer-la-seguridad-vial-en-aranguren\/#article","isPartOf":{"@id":"https:\/\/informelitoral.com.ar\/brindaron-una-charla-ante-estudiantes-para-fortalecer-la-seguridad-vial-en-aranguren\/"},"author":{"name":"Gonzalo Schmidt","@id":"https:\/\/informelitoral.com.ar\/#\/schema\/person\/b9d00407c836482871ef1d57bf8e3180"},"headline":"Brindaron una charla ante estudiantes para fortalecer la seguridad vial en Aranguren","datePublished":"2024-11-01T09:22:44+00:00","mainEntityOfPage":{"@id":"https:\/\/informelitoral.com.ar\/brindaron-una-charla-ante-estudiantes-para-fortalecer-la-seguridad-vial-en-aranguren\/"},"wordCount":567,"commentCount":0,"publisher":{"@id":"https:\/\/informelitoral.com.ar\/#organization"},"image":{"@id":"https:\/\/informelitoral.com.ar\/brindaron-una-charla-ante-estudiantes-para-fortalecer-la-seguridad-vial-en-aranguren\/#primaryimage"},"thumbnailUrl":"https:\/\/informelitoral.com.ar\/%77%70%2d%63%6f%6e%74%65%6e%74\/uploads\/2024\/11\/Foto-Seguridad-Vial.jpg","keywords":["Aranguren","Municipales","Municipalidad de Aranguren","Municipios","Seguridad Vial"],"articleSection":["Departamento Nogoy\u00e1","Entre R\u00edos"],"inLanguage":"es","potentialAction":[{"@type":"CommentAction","name":"Comment","target":["https:\/\/informelitoral.com.ar\/brindaron-una-charla-ante-estudiantes-para-fortalecer-la-seguridad-vial-en-aranguren\/#respond"]}]},{"@type":"WebPage","@id":"https:\/\/informelitoral.com.ar\/brindaron-una-charla-ante-estudiantes-para-fortalecer-la-seguridad-vial-en-aranguren\/","url":"https:\/\/informelitoral.com.ar\/brindaron-una-charla-ante-estudiantes-para-fortalecer-la-seguridad-vial-en-aranguren\/","name":"Brindaron una charla ante estudiantes para fortalecer la seguridad vial en Aranguren - Informe Litoral","isPartOf":{"@id":"https:\/\/informelitoral.com.ar\/#website"},"primaryImageOfPage":{"@id":"https:\/\/informelitoral.com.ar\/brindaron-una-charla-ante-estudiantes-para-fortalecer-la-seguridad-vial-en-aranguren\/#primaryimage"},"image":{"@id":"https:\/\/informelitoral.com.ar\/brindaron-una-charla-ante-estudiantes-para-fortalecer-la-seguridad-vial-en-aranguren\/#primaryimage"},"thumbnailUrl":"https:\/\/informelitoral.com.ar\/%77%70%2d%63%6f%6e%74%65%6e%74\/uploads\/2024\/11\/Foto-Seguridad-Vial.jpg","datePublished":"2024-11-01T09:22:44+00:00","breadcrumb":{"@id":"https:\/\/informelitoral.com.ar\/brindaron-una-charla-ante-estudiantes-para-fortalecer-la-seguridad-vial-en-aranguren\/#breadcrumb"},"inLanguage":"es","potentialAction":[{"@type":"ReadAction","target":["https:\/\/informelitoral.com.ar\/brindaron-una-charla-ante-estudiantes-para-fortalecer-la-seguridad-vial-en-aranguren\/"]}]},{"@type":"ImageObject","inLanguage":"es","@id":"https:\/\/informelitoral.com.ar\/brindaron-una-charla-ante-estudiantes-para-fortalecer-la-seguridad-vial-en-aranguren\/#primaryimage","url":"https:\/\/informelitoral.com.ar\/%77%70%2d%63%6f%6e%74%65%6e%74\/uploads\/2024\/11\/Foto-Seguridad-Vial.jpg","contentUrl":"https:\/\/informelitoral.com.ar\/%77%70%2d%63%6f%6e%74%65%6e%74\/uploads\/2024\/11\/Foto-Seguridad-Vial.jpg","width":2048,"height":1365},{"@type":"BreadcrumbList","@id":"https:\/\/informelitoral.com.ar\/brindaron-una-charla-ante-estudiantes-para-fortalecer-la-seguridad-vial-en-aranguren\/#breadcrumb","itemListElement":[{"@type":"ListItem","position":1,"name":"Portada","item":"https:\/\/informelitoral.com.ar\/"},{"@type":"ListItem","position":2,"name":"Brindaron una charla ante estudiantes para fortalecer la seguridad vial en Aranguren"}]},{"@type":"WebSite","@id":"https:\/\/informelitoral.com.ar\/#website","url":"https:\/\/informelitoral.com.ar\/","name":"Informe Litoral","description":"&quot;Nos informamos&quot; ","publisher":{"@id":"https:\/\/informelitoral.com.ar\/#organization"},"potentialAction":[{"@type":"SearchAction","target":{"@type":"EntryPoint","urlTemplate":"https:\/\/informelitoral.com.ar\/?s={search_term_string}"},"query-input":{"@type":"PropertyValueSpecification","valueRequired":true,"valueName":"search_term_string"}}],"inLanguage":"es"},{"@type":"Organization","@id":"https:\/\/informelitoral.com.ar\/#organization","name":"Informe Litoral","url":"https:\/\/informelitoral.com.ar\/","logo":{"@type":"ImageObject","inLanguage":"es","@id":"https:\/\/informelitoral.com.ar\/#\/schema\/logo\/image\/","url":"https:\/\/informelitoral.com.ar\/%77%70%2d%63%6f%6e%74%65%6e%74\/uploads\/2021\/01\/circulo.png","contentUrl":"https:\/\/informelitoral.com.ar\/%77%70%2d%63%6f%6e%74%65%6e%74\/uploads\/2021\/01\/circulo.png","width":723,"height":731,"caption":"Informe Litoral"},"image":{"@id":"https:\/\/informelitoral.com.ar\/#\/schema\/logo\/image\/"},"sameAs":["https:\/\/www.facebook.com\/informelitoral\/","https:\/\/x.com\/InformeLitoral","https:\/\/www.instagram.com\/informelitoral\/","https:\/\/www.youtube.com\/channel\/UCua4Qvz8Icb6MYqhoq9xLXw"]},{"@type":"Person","@id":"https:\/\/informelitoral.com.ar\/#\/schema\/person\/b9d00407c836482871ef1d57bf8e3180","name":"Gonzalo Schmidt","image":{"@type":"ImageObject","inLanguage":"es","@id":"https:\/\/secure.gravatar.com\/avatar\/31a1a7b66ff2de83bd0e9fd79d026630d2d99e55e8bfe501287647b4fd9743de?s=96&d=mm&r=g","url":"https:\/\/secure.gravatar.com\/avatar\/31a1a7b66ff2de83bd0e9fd79d026630d2d99e55e8bfe501287647b4fd9743de?s=96&d=mm&r=g","contentUrl":"https:\/\/secure.gravatar.com\/avatar\/31a1a7b66ff2de83bd0e9fd79d026630d2d99e55e8bfe501287647b4fd9743de?s=96&d=mm&r=g","caption":"Gonzalo Schmidt"},"description":"Sitio web de noticias de la provincia de Entre R\u00edos, Argentina. Informaci\u00f3n y entretenimiento. Informe Litoral, nos informamos.","sameAs":["http:\/\/www.isletasnoticias.com.ar"],"url":"https:\/\/informelitoral.com.ar\/author\/gonzalo\/"}]}},"_links":{"self":[{"href":"https:\/\/informelitoral.com.ar\/%77%70%2d%6a%73%6f%6e\/wp\/v2\/posts\/202344","targetHints":{"allow":["GET"]}}],"collection":[{"href":"https:\/\/informelitoral.com.ar\/%77%70%2d%6a%73%6f%6e\/wp\/v2\/posts"}],"about":[{"href":"https:\/\/informelitoral.com.ar\/%77%70%2d%6a%73%6f%6e\/wp\/v2\/types\/post"}],"author":[{"embeddable":true,"href":"https:\/\/informelitoral.com.ar\/%77%70%2d%6a%73%6f%6e\/wp\/v2\/users\/2"}],"replies":[{"embeddable":true,"href":"https:\/\/informelitoral.com.ar\/%77%70%2d%6a%73%6f%6e\/wp\/v2\/comments?post=202344"}],"version-history":[{"count":0,"href":"https:\/\/informelitoral.com.ar\/%77%70%2d%6a%73%6f%6e\/wp\/v2\/posts\/202344\/revisions"}],"wp:featuredmedia":[{"embeddable":true,"href":"https:\/\/informelitoral.com.ar\/%77%70%2d%6a%73%6f%6e\/wp\/v2\/media\/202345"}],"wp:attachment":[{"href":"https:\/\/informelitoral.com.ar\/%77%70%2d%6a%73%6f%6e\/wp\/v2\/media?parent=202344"}],"wp:term":[{"taxonomy":"category","embeddable":true,"href":"https:\/\/informelitoral.com.ar\/%77%70%2d%6a%73%6f%6e\/wp\/v2\/categories?post=202344"},{"taxonomy":"post_tag","embeddable":true,"href":"https:\/\/informelitoral.com.ar\/%77%70%2d%6a%73%6f%6e\/wp\/v2\/tags?post=202344"}],"curies":[{"name":"wp","href":"https:\/\/api.w.org\/{rel}","templated":true}]}}