{"id":201095,"date":"2024-10-18T06:54:19","date_gmt":"2024-10-18T09:54:19","guid":{"rendered":"https:\/\/www.informelitoral.com.ar\/?p=201095"},"modified":"2024-10-18T06:54:19","modified_gmt":"2024-10-18T09:54:19","slug":"roberto-garcia-moritan-hace-reahibilatacion-cerca-de-isletas","status":"publish","type":"post","link":"https:\/\/informelitoral.com.ar\/roberto-garcia-moritan-hace-reahibilatacion-cerca-de-isletas\/","title":{"rendered":"Roberto Garc\u00eda Morit\u00e1n hace reahibilataci\u00f3n cerca de Isletas"},"content":{"rendered":"<p>La imagen de\u00a0<a href=\"https:\/\/es.wikipedia.org\/wiki\/Roberto_Garc%C3%ADa_Morit%C3%A1n_(pol%C3%ADtico)\">Roberto Garc\u00eda Morit\u00e1n<\/a> (49) en el Centro de Vida Saludable de Entre R\u00edos, en Libertador San Mart\u00edn, donde se hab\u00edan internado Diego Maradona y Chano Moreno Charpentier, se filtr\u00f3 poco despu\u00e9s de que se conociera su internaci\u00f3n en la provincia. Majo Martino la comparti\u00f3 en sus redes sociales y brind\u00f3 detalles sobre la situaci\u00f3n del a\u00fan esposo de Pampita. \u201cLo que me cuentan es que estar\u00eda un poco deca\u00eddo\u201d, coment\u00f3 Pochi de Gossipeame al replicar la foto en su cuenta de Instagram.<\/p>\n<p>Luego, la panelista sugiri\u00f3: \u201cPara m\u00ed, todo lo que le ha pasado lo sobrepas\u00f3\u201d. \u201cBusc\u00f3 una forma de aliviar tanto estr\u00e9s\u201d, a\u00f1adi\u00f3 la periodista que dio la primicia.<\/p>\n<p>En cuanto a su estado de salud, <em>Ciudad<\/em>\u00a0ha confirmado que Roberto Garc\u00eda Morit\u00e1n\u00a0se someter\u00e1 a una dieta especial para recuperar algunos kilos. Durante el \u00faltimo mes, en medio del intenso foco medi\u00e1tico y pol\u00edtico, el padre de Ana (3) junto a Pampita habr\u00eda perdido peso debido a los nervios.<\/p>\n<h3 class=\"wp-block-heading\"><strong>\u00bfQu\u00e9 hab\u00eda dicho d\u00edas atr\u00e1s Garc\u00eda Morit\u00e1n?<\/strong><\/h3>\n<p>Roberto Garc\u00eda Morit\u00e1n reapareci\u00f3 p\u00fablicamente en la gala de una fundaci\u00f3n y habl\u00f3 con la prensa sobre su presente tras haberse separado de Carolina \u00abPampita\u00bb Ardohain y haber quedado afuera del Gobierno de la Ciudad de Buenos Aires.<\/p>\n<p>El exfuncionario asegur\u00f3 que est\u00e1 \u00abpele\u00e1ndola\u00bb y que est\u00e1 dispuesto a enfrentar todas las acusaciones que hay en su contra.<\/p>\n<p>\u00abArranca la etapa de la verdad\u00bb, asegur\u00f3 Morit\u00e1n, quien confirm\u00f3 que todo lo que se dijo sobre \u00e9l \u00abfue una operaci\u00f3n pol\u00edtica\u00bb.<\/p>\n<p>El exmarido de Pampita remarc\u00f3 que los periodistas \u00abson operadores tambi\u00e9n\u00bb y no quiso decir mucho m\u00e1s porque sus abogados se est\u00e1n encargando de la situaci\u00f3n.<\/p>\n","protected":false},"excerpt":{"rendered":"<p>El exmarido de Pampita y tambi\u00e9n exfuncionario de Jorge Macri en la Ciudad de Buenos Aires, ahora pasa sus d\u00edas internado en el departamento Diamante. <\/p>\n","protected":false},"author":2,"featured_media":201096,"comment_status":"open","ping_status":"open","sticky":false,"template":"","format":"standard","meta":{"fifu_image_url":"","fifu_image_alt":"","footnotes":""},"categories":[12],"tags":[187],"class_list":{"0":"post-201095","1":"post","2":"type-post","3":"status-publish","4":"format-standard","5":"has-post-thumbnail","7":"category-espectaculos","8":"tag-libertador-san-martin"},"yoast_head":"<title>Roberto Garc\u00eda Morit\u00e1n hace reahibilataci\u00f3n cerca de Isletas - Informe Litoral<\/title>\n<meta name=\"robots\" content=\"index, follow, max-snippet:-1, max-image-preview:large, max-video-preview:-1\" \/>\n<link rel=\"canonical\" href=\"https:\/\/informelitoral.com.ar\/roberto-garcia-moritan-hace-reahibilatacion-cerca-de-isletas\/\" \/>\n<meta property=\"og:locale\" content=\"es_ES\" \/>\n<meta property=\"og:type\" content=\"article\" \/>\n<meta property=\"og:title\" content=\"Roberto Garc\u00eda Morit\u00e1n hace reahibilataci\u00f3n cerca de Isletas - Informe Litoral\" \/>\n<meta property=\"og:description\" content=\"El exmarido de Pampita y tambi\u00e9n exfuncionario de Jorge Macri en la Ciudad de Buenos Aires, ahora pasa sus d\u00edas internado en el departamento Diamante.\" \/>\n<meta property=\"og:url\" content=\"https:\/\/informelitoral.com.ar\/roberto-garcia-moritan-hace-reahibilatacion-cerca-de-isletas\/\" \/>\n<meta property=\"og:site_name\" content=\"Informe Litoral\" \/>\n<meta property=\"article:publisher\" content=\"https:\/\/www.facebook.com\/informelitoral\/\" \/>\n<meta property=\"article:published_time\" content=\"2024-10-18T09:54:19+00:00\" \/>\n<meta property=\"og:image\" content=\"https:\/\/informelitoral.com.ar\/%77%70%2d%63%6f%6e%74%65%6e%74\/uploads\/2024\/10\/roberto-garcia-moritan.jpg\" \/>\n\t<meta property=\"og:image:width\" content=\"770\" \/>\n\t<meta property=\"og:image:height\" content=\"433\" \/>\n\t<meta property=\"og:image:type\" content=\"image\/jpeg\" \/>\n<meta name=\"author\" content=\"Gonzalo Schmidt\" \/>\n<meta name=\"twitter:card\" content=\"summary_large_image\" \/>\n<meta name=\"twitter:creator\" content=\"@InformeLitoral\" \/>\n<meta name=\"twitter:site\" content=\"@InformeLitoral\" \/>\n<meta name=\"twitter:label1\" content=\"Escrito por\" \/>\n\t<meta name=\"twitter:data1\" content=\"Gonzalo Schmidt\" \/>\n\t<meta name=\"twitter:label2\" content=\"Tiempo de lectura\" \/>\n\t<meta name=\"twitter:data2\" content=\"2 minutos\" \/>\n<script type=\"application\/ld+json\" class=\"yoast-schema-graph\">{\"@context\":\"https:\\\/\\\/schema.org\",\"@graph\":[{\"@type\":\"Article\",\"@id\":\"https:\\\/\\\/informelitoral.com.ar\\\/roberto-garcia-moritan-hace-reahibilatacion-cerca-de-isletas\\\/#article\",\"isPartOf\":{\"@id\":\"https:\\\/\\\/informelitoral.com.ar\\\/roberto-garcia-moritan-hace-reahibilatacion-cerca-de-isletas\\\/\"},\"author\":{\"name\":\"Gonzalo Schmidt\",\"@id\":\"https:\\\/\\\/informelitoral.com.ar\\\/#\\\/schema\\\/person\\\/b9d00407c836482871ef1d57bf8e3180\"},\"headline\":\"Roberto Garc\u00eda Morit\u00e1n hace reahibilataci\u00f3n cerca de Isletas\",\"datePublished\":\"2024-10-18T09:54:19+00:00\",\"mainEntityOfPage\":{\"@id\":\"https:\\\/\\\/informelitoral.com.ar\\\/roberto-garcia-moritan-hace-reahibilatacion-cerca-de-isletas\\\/\"},\"wordCount\":321,\"commentCount\":0,\"publisher\":{\"@id\":\"https:\\\/\\\/informelitoral.com.ar\\\/#organization\"},\"image\":{\"@id\":\"https:\\\/\\\/informelitoral.com.ar\\\/roberto-garcia-moritan-hace-reahibilatacion-cerca-de-isletas\\\/#primaryimage\"},\"thumbnailUrl\":\"https:\\\/\\\/informelitoral.com.ar\\\/%77%70%2d%63%6f%6e%74%65%6e%74\\\/uploads\\\/2024\\\/10\\\/roberto-garcia-moritan.jpg\",\"keywords\":[\"Libertador San Mart\u00edn\"],\"articleSection\":[\"Espect\u00e1culos\"],\"inLanguage\":\"es\",\"potentialAction\":[{\"@type\":\"CommentAction\",\"name\":\"Comment\",\"target\":[\"https:\\\/\\\/informelitoral.com.ar\\\/roberto-garcia-moritan-hace-reahibilatacion-cerca-de-isletas\\\/#respond\"]}]},{\"@type\":\"WebPage\",\"@id\":\"https:\\\/\\\/informelitoral.com.ar\\\/roberto-garcia-moritan-hace-reahibilatacion-cerca-de-isletas\\\/\",\"url\":\"https:\\\/\\\/informelitoral.com.ar\\\/roberto-garcia-moritan-hace-reahibilatacion-cerca-de-isletas\\\/\",\"name\":\"Roberto Garc\u00eda Morit\u00e1n hace reahibilataci\u00f3n cerca de Isletas - Informe Litoral\",\"isPartOf\":{\"@id\":\"https:\\\/\\\/informelitoral.com.ar\\\/#website\"},\"primaryImageOfPage\":{\"@id\":\"https:\\\/\\\/informelitoral.com.ar\\\/roberto-garcia-moritan-hace-reahibilatacion-cerca-de-isletas\\\/#primaryimage\"},\"image\":{\"@id\":\"https:\\\/\\\/informelitoral.com.ar\\\/roberto-garcia-moritan-hace-reahibilatacion-cerca-de-isletas\\\/#primaryimage\"},\"thumbnailUrl\":\"https:\\\/\\\/informelitoral.com.ar\\\/%77%70%2d%63%6f%6e%74%65%6e%74\\\/uploads\\\/2024\\\/10\\\/roberto-garcia-moritan.jpg\",\"datePublished\":\"2024-10-18T09:54:19+00:00\",\"breadcrumb\":{\"@id\":\"https:\\\/\\\/informelitoral.com.ar\\\/roberto-garcia-moritan-hace-reahibilatacion-cerca-de-isletas\\\/#breadcrumb\"},\"inLanguage\":\"es\",\"potentialAction\":[{\"@type\":\"ReadAction\",\"target\":[\"https:\\\/\\\/informelitoral.com.ar\\\/roberto-garcia-moritan-hace-reahibilatacion-cerca-de-isletas\\\/\"]}]},{\"@type\":\"ImageObject\",\"inLanguage\":\"es\",\"@id\":\"https:\\\/\\\/informelitoral.com.ar\\\/roberto-garcia-moritan-hace-reahibilatacion-cerca-de-isletas\\\/#primaryimage\",\"url\":\"https:\\\/\\\/informelitoral.com.ar\\\/%77%70%2d%63%6f%6e%74%65%6e%74\\\/uploads\\\/2024\\\/10\\\/roberto-garcia-moritan.jpg\",\"contentUrl\":\"https:\\\/\\\/informelitoral.com.ar\\\/%77%70%2d%63%6f%6e%74%65%6e%74\\\/uploads\\\/2024\\\/10\\\/roberto-garcia-moritan.jpg\",\"width\":770,\"height\":433},{\"@type\":\"BreadcrumbList\",\"@id\":\"https:\\\/\\\/informelitoral.com.ar\\\/roberto-garcia-moritan-hace-reahibilatacion-cerca-de-isletas\\\/#breadcrumb\",\"itemListElement\":[{\"@type\":\"ListItem\",\"position\":1,\"name\":\"Portada\",\"item\":\"https:\\\/\\\/informelitoral.com.ar\\\/\"},{\"@type\":\"ListItem\",\"position\":2,\"name\":\"Roberto Garc\u00eda Morit\u00e1n hace reahibilataci\u00f3n cerca de Isletas\"}]},{\"@type\":\"WebSite\",\"@id\":\"https:\\\/\\\/informelitoral.com.ar\\\/#website\",\"url\":\"https:\\\/\\\/informelitoral.com.ar\\\/\",\"name\":\"Informe Litoral\",\"description\":\"&quot;Nos informamos&quot; \",\"publisher\":{\"@id\":\"https:\\\/\\\/informelitoral.com.ar\\\/#organization\"},\"potentialAction\":[{\"@type\":\"SearchAction\",\"target\":{\"@type\":\"EntryPoint\",\"urlTemplate\":\"https:\\\/\\\/informelitoral.com.ar\\\/?s={search_term_string}\"},\"query-input\":{\"@type\":\"PropertyValueSpecification\",\"valueRequired\":true,\"valueName\":\"search_term_string\"}}],\"inLanguage\":\"es\"},{\"@type\":\"Organization\",\"@id\":\"https:\\\/\\\/informelitoral.com.ar\\\/#organization\",\"name\":\"Informe Litoral\",\"url\":\"https:\\\/\\\/informelitoral.com.ar\\\/\",\"logo\":{\"@type\":\"ImageObject\",\"inLanguage\":\"es\",\"@id\":\"https:\\\/\\\/informelitoral.com.ar\\\/#\\\/schema\\\/logo\\\/image\\\/\",\"url\":\"https:\\\/\\\/informelitoral.com.ar\\\/%77%70%2d%63%6f%6e%74%65%6e%74\\\/uploads\\\/2021\\\/01\\\/circulo.png\",\"contentUrl\":\"https:\\\/\\\/informelitoral.com.ar\\\/%77%70%2d%63%6f%6e%74%65%6e%74\\\/uploads\\\/2021\\\/01\\\/circulo.png\",\"width\":723,\"height\":731,\"caption\":\"Informe Litoral\"},\"image\":{\"@id\":\"https:\\\/\\\/informelitoral.com.ar\\\/#\\\/schema\\\/logo\\\/image\\\/\"},\"sameAs\":[\"https:\\\/\\\/www.facebook.com\\\/informelitoral\\\/\",\"https:\\\/\\\/x.com\\\/InformeLitoral\",\"https:\\\/\\\/www.instagram.com\\\/informelitoral\\\/\",\"https:\\\/\\\/www.youtube.com\\\/channel\\\/UCua4Qvz8Icb6MYqhoq9xLXw\"]},{\"@type\":\"Person\",\"@id\":\"https:\\\/\\\/informelitoral.com.ar\\\/#\\\/schema\\\/person\\\/b9d00407c836482871ef1d57bf8e3180\",\"name\":\"Gonzalo Schmidt\",\"image\":{\"@type\":\"ImageObject\",\"inLanguage\":\"es\",\"@id\":\"https:\\\/\\\/secure.gravatar.com\\\/avatar\\\/31a1a7b66ff2de83bd0e9fd79d026630d2d99e55e8bfe501287647b4fd9743de?s=96&d=mm&r=g\",\"url\":\"https:\\\/\\\/secure.gravatar.com\\\/avatar\\\/31a1a7b66ff2de83bd0e9fd79d026630d2d99e55e8bfe501287647b4fd9743de?s=96&d=mm&r=g\",\"contentUrl\":\"https:\\\/\\\/secure.gravatar.com\\\/avatar\\\/31a1a7b66ff2de83bd0e9fd79d026630d2d99e55e8bfe501287647b4fd9743de?s=96&d=mm&r=g\",\"caption\":\"Gonzalo Schmidt\"},\"description\":\"Sitio web de noticias de la provincia de Entre R\u00edos, Argentina. Informaci\u00f3n y entretenimiento. Informe Litoral, nos informamos.\",\"sameAs\":[\"http:\\\/\\\/www.isletasnoticias.com.ar\"],\"url\":\"https:\\\/\\\/informelitoral.com.ar\\\/author\\\/gonzalo\\\/\"}]}<\/script>","yoast_head_json":{"title":"Roberto Garc\u00eda Morit\u00e1n hace reahibilataci\u00f3n cerca de Isletas - Informe Litoral","robots":{"index":"index","follow":"follow","max-snippet":"max-snippet:-1","max-image-preview":"max-image-preview:large","max-video-preview":"max-video-preview:-1"},"canonical":"https:\/\/informelitoral.com.ar\/roberto-garcia-moritan-hace-reahibilatacion-cerca-de-isletas\/","og_locale":"es_ES","og_type":"article","og_title":"Roberto Garc\u00eda Morit\u00e1n hace reahibilataci\u00f3n cerca de Isletas - Informe Litoral","og_description":"El exmarido de Pampita y tambi\u00e9n exfuncionario de Jorge Macri en la Ciudad de Buenos Aires, ahora pasa sus d\u00edas internado en el departamento Diamante.","og_url":"https:\/\/informelitoral.com.ar\/roberto-garcia-moritan-hace-reahibilatacion-cerca-de-isletas\/","og_site_name":"Informe Litoral","article_publisher":"https:\/\/www.facebook.com\/informelitoral\/","article_published_time":"2024-10-18T09:54:19+00:00","og_image":[{"width":770,"height":433,"url":"https:\/\/informelitoral.com.ar\/%77%70%2d%63%6f%6e%74%65%6e%74\/uploads\/2024\/10\/roberto-garcia-moritan.jpg","type":"image\/jpeg"}],"author":"Gonzalo Schmidt","twitter_card":"summary_large_image","twitter_creator":"@InformeLitoral","twitter_site":"@InformeLitoral","twitter_misc":{"Escrito por":"Gonzalo Schmidt","Tiempo de lectura":"2 minutos"},"schema":{"@context":"https:\/\/schema.org","@graph":[{"@type":"Article","@id":"https:\/\/informelitoral.com.ar\/roberto-garcia-moritan-hace-reahibilatacion-cerca-de-isletas\/#article","isPartOf":{"@id":"https:\/\/informelitoral.com.ar\/roberto-garcia-moritan-hace-reahibilatacion-cerca-de-isletas\/"},"author":{"name":"Gonzalo Schmidt","@id":"https:\/\/informelitoral.com.ar\/#\/schema\/person\/b9d00407c836482871ef1d57bf8e3180"},"headline":"Roberto Garc\u00eda Morit\u00e1n hace reahibilataci\u00f3n cerca de Isletas","datePublished":"2024-10-18T09:54:19+00:00","mainEntityOfPage":{"@id":"https:\/\/informelitoral.com.ar\/roberto-garcia-moritan-hace-reahibilatacion-cerca-de-isletas\/"},"wordCount":321,"commentCount":0,"publisher":{"@id":"https:\/\/informelitoral.com.ar\/#organization"},"image":{"@id":"https:\/\/informelitoral.com.ar\/roberto-garcia-moritan-hace-reahibilatacion-cerca-de-isletas\/#primaryimage"},"thumbnailUrl":"https:\/\/informelitoral.com.ar\/%77%70%2d%63%6f%6e%74%65%6e%74\/uploads\/2024\/10\/roberto-garcia-moritan.jpg","keywords":["Libertador San Mart\u00edn"],"articleSection":["Espect\u00e1culos"],"inLanguage":"es","potentialAction":[{"@type":"CommentAction","name":"Comment","target":["https:\/\/informelitoral.com.ar\/roberto-garcia-moritan-hace-reahibilatacion-cerca-de-isletas\/#respond"]}]},{"@type":"WebPage","@id":"https:\/\/informelitoral.com.ar\/roberto-garcia-moritan-hace-reahibilatacion-cerca-de-isletas\/","url":"https:\/\/informelitoral.com.ar\/roberto-garcia-moritan-hace-reahibilatacion-cerca-de-isletas\/","name":"Roberto Garc\u00eda Morit\u00e1n hace reahibilataci\u00f3n cerca de Isletas - Informe Litoral","isPartOf":{"@id":"https:\/\/informelitoral.com.ar\/#website"},"primaryImageOfPage":{"@id":"https:\/\/informelitoral.com.ar\/roberto-garcia-moritan-hace-reahibilatacion-cerca-de-isletas\/#primaryimage"},"image":{"@id":"https:\/\/informelitoral.com.ar\/roberto-garcia-moritan-hace-reahibilatacion-cerca-de-isletas\/#primaryimage"},"thumbnailUrl":"https:\/\/informelitoral.com.ar\/%77%70%2d%63%6f%6e%74%65%6e%74\/uploads\/2024\/10\/roberto-garcia-moritan.jpg","datePublished":"2024-10-18T09:54:19+00:00","breadcrumb":{"@id":"https:\/\/informelitoral.com.ar\/roberto-garcia-moritan-hace-reahibilatacion-cerca-de-isletas\/#breadcrumb"},"inLanguage":"es","potentialAction":[{"@type":"ReadAction","target":["https:\/\/informelitoral.com.ar\/roberto-garcia-moritan-hace-reahibilatacion-cerca-de-isletas\/"]}]},{"@type":"ImageObject","inLanguage":"es","@id":"https:\/\/informelitoral.com.ar\/roberto-garcia-moritan-hace-reahibilatacion-cerca-de-isletas\/#primaryimage","url":"https:\/\/informelitoral.com.ar\/%77%70%2d%63%6f%6e%74%65%6e%74\/uploads\/2024\/10\/roberto-garcia-moritan.jpg","contentUrl":"https:\/\/informelitoral.com.ar\/%77%70%2d%63%6f%6e%74%65%6e%74\/uploads\/2024\/10\/roberto-garcia-moritan.jpg","width":770,"height":433},{"@type":"BreadcrumbList","@id":"https:\/\/informelitoral.com.ar\/roberto-garcia-moritan-hace-reahibilatacion-cerca-de-isletas\/#breadcrumb","itemListElement":[{"@type":"ListItem","position":1,"name":"Portada","item":"https:\/\/informelitoral.com.ar\/"},{"@type":"ListItem","position":2,"name":"Roberto Garc\u00eda Morit\u00e1n hace reahibilataci\u00f3n cerca de Isletas"}]},{"@type":"WebSite","@id":"https:\/\/informelitoral.com.ar\/#website","url":"https:\/\/informelitoral.com.ar\/","name":"Informe Litoral","description":"&quot;Nos informamos&quot; ","publisher":{"@id":"https:\/\/informelitoral.com.ar\/#organization"},"potentialAction":[{"@type":"SearchAction","target":{"@type":"EntryPoint","urlTemplate":"https:\/\/informelitoral.com.ar\/?s={search_term_string}"},"query-input":{"@type":"PropertyValueSpecification","valueRequired":true,"valueName":"search_term_string"}}],"inLanguage":"es"},{"@type":"Organization","@id":"https:\/\/informelitoral.com.ar\/#organization","name":"Informe Litoral","url":"https:\/\/informelitoral.com.ar\/","logo":{"@type":"ImageObject","inLanguage":"es","@id":"https:\/\/informelitoral.com.ar\/#\/schema\/logo\/image\/","url":"https:\/\/informelitoral.com.ar\/%77%70%2d%63%6f%6e%74%65%6e%74\/uploads\/2021\/01\/circulo.png","contentUrl":"https:\/\/informelitoral.com.ar\/%77%70%2d%63%6f%6e%74%65%6e%74\/uploads\/2021\/01\/circulo.png","width":723,"height":731,"caption":"Informe Litoral"},"image":{"@id":"https:\/\/informelitoral.com.ar\/#\/schema\/logo\/image\/"},"sameAs":["https:\/\/www.facebook.com\/informelitoral\/","https:\/\/x.com\/InformeLitoral","https:\/\/www.instagram.com\/informelitoral\/","https:\/\/www.youtube.com\/channel\/UCua4Qvz8Icb6MYqhoq9xLXw"]},{"@type":"Person","@id":"https:\/\/informelitoral.com.ar\/#\/schema\/person\/b9d00407c836482871ef1d57bf8e3180","name":"Gonzalo Schmidt","image":{"@type":"ImageObject","inLanguage":"es","@id":"https:\/\/secure.gravatar.com\/avatar\/31a1a7b66ff2de83bd0e9fd79d026630d2d99e55e8bfe501287647b4fd9743de?s=96&d=mm&r=g","url":"https:\/\/secure.gravatar.com\/avatar\/31a1a7b66ff2de83bd0e9fd79d026630d2d99e55e8bfe501287647b4fd9743de?s=96&d=mm&r=g","contentUrl":"https:\/\/secure.gravatar.com\/avatar\/31a1a7b66ff2de83bd0e9fd79d026630d2d99e55e8bfe501287647b4fd9743de?s=96&d=mm&r=g","caption":"Gonzalo Schmidt"},"description":"Sitio web de noticias de la provincia de Entre R\u00edos, Argentina. Informaci\u00f3n y entretenimiento. Informe Litoral, nos informamos.","sameAs":["http:\/\/www.isletasnoticias.com.ar"],"url":"https:\/\/informelitoral.com.ar\/author\/gonzalo\/"}]}},"_links":{"self":[{"href":"https:\/\/informelitoral.com.ar\/%77%70%2d%6a%73%6f%6e\/wp\/v2\/posts\/201095","targetHints":{"allow":["GET"]}}],"collection":[{"href":"https:\/\/informelitoral.com.ar\/%77%70%2d%6a%73%6f%6e\/wp\/v2\/posts"}],"about":[{"href":"https:\/\/informelitoral.com.ar\/%77%70%2d%6a%73%6f%6e\/wp\/v2\/types\/post"}],"author":[{"embeddable":true,"href":"https:\/\/informelitoral.com.ar\/%77%70%2d%6a%73%6f%6e\/wp\/v2\/users\/2"}],"replies":[{"embeddable":true,"href":"https:\/\/informelitoral.com.ar\/%77%70%2d%6a%73%6f%6e\/wp\/v2\/comments?post=201095"}],"version-history":[{"count":0,"href":"https:\/\/informelitoral.com.ar\/%77%70%2d%6a%73%6f%6e\/wp\/v2\/posts\/201095\/revisions"}],"wp:featuredmedia":[{"embeddable":true,"href":"https:\/\/informelitoral.com.ar\/%77%70%2d%6a%73%6f%6e\/wp\/v2\/media\/201096"}],"wp:attachment":[{"href":"https:\/\/informelitoral.com.ar\/%77%70%2d%6a%73%6f%6e\/wp\/v2\/media?parent=201095"}],"wp:term":[{"taxonomy":"category","embeddable":true,"href":"https:\/\/informelitoral.com.ar\/%77%70%2d%6a%73%6f%6e\/wp\/v2\/categories?post=201095"},{"taxonomy":"post_tag","embeddable":true,"href":"https:\/\/informelitoral.com.ar\/%77%70%2d%6a%73%6f%6e\/wp\/v2\/tags?post=201095"}],"curies":[{"name":"wp","href":"https:\/\/api.w.org\/{rel}","templated":true}]}}